{"id":85749,"date":"2025-12-10T16:33:50","date_gmt":"2025-12-10T15:33:50","guid":{"rendered":"https:\/\/vosgesinfo.fr\/saintdieinfo\/?p=85749"},"modified":"2025-12-10T16:29:45","modified_gmt":"2025-12-10T15:29:45","slug":"le-jury-du-concours-deodatien-des-decorations-de-noel-en-tournee-devaluation","status":"publish","type":"post","link":"https:\/\/vosgesinfo.fr\/saintdieinfo\/2025\/12\/le-jury-du-concours-deodatien-des-decorations-de-noel-en-tournee-devaluation\/","title":{"rendered":"Le jury du concours d\u00e9odatien des d\u00e9corations de No\u00ebl en tourn\u00e9e d\u2019\u00e9valuation"},"content":{"rendered":"<div id=\"attachment_85752\" style=\"width: 1034px\" class=\"wp-caption alignnone\"><a href=\"https:\/\/vosgesinfo.fr\/app\/uploads\/sites\/4\/2025\/12\/tournee-concours-decorations-noel-sddv-2.jpg\"><img decoding=\"async\" aria-describedby=\"caption-attachment-85752\" class=\"size-large wp-image-85752\" src=\"https:\/\/vosgesinfo.fr\/app\/uploads\/sites\/4\/2025\/12\/tournee-concours-decorations-noel-sddv-2-1024x683.jpg\" alt=\"\" width=\"1024\" height=\"683\" srcset=\"https:\/\/vosgesinfo.fr\/app\/uploads\/sites\/4\/2025\/12\/tournee-concours-decorations-noel-sddv-2-1024x683.jpg 1024w, https:\/\/vosgesinfo.fr\/app\/uploads\/sites\/4\/2025\/12\/tournee-concours-decorations-noel-sddv-2-300x200.jpg 300w, https:\/\/vosgesinfo.fr\/app\/uploads\/sites\/4\/2025\/12\/tournee-concours-decorations-noel-sddv-2-768x512.jpg 768w, https:\/\/vosgesinfo.fr\/app\/uploads\/sites\/4\/2025\/12\/tournee-concours-decorations-noel-sddv-2.jpg 1200w\" sizes=\"(max-width: 1024px) 100vw, 1024px\" \/><\/a><p id=\"caption-attachment-85752\" class=\"wp-caption-text\">(Photographies Marc Fourniquet)<\/p><\/div>\n<h2 data-start=\"455\" data-end=\"677\">La Ville de Saint-Di\u00e9-des-Vosges organise, en cette fin d&rsquo;ann\u00e9e, la <strong data-start=\"523\" data-end=\"580\">quatri\u00e8me \u00e9dition du concours des d\u00e9corations de No\u00ebl<\/strong>. Pour rappel, ce concours a succ\u00e9d\u00e9 \u00e0 celui des illuminations, dans un souci de <strong data-start=\"652\" data-end=\"676\">sobri\u00e9t\u00e9 \u00e9nerg\u00e9tique<\/strong>.<\/h2>\n<p data-start=\"455\" data-end=\"677\"><!--more--><\/p>\n<h3 data-start=\"679\" data-end=\"725\"><strong>Une tourn\u00e9e d&rsquo;\u00e9valuation ce mercredi matin<\/strong><\/h3>\n<p data-start=\"727\" data-end=\"950\">C&rsquo;est ce mercredi matin, au d\u00e9part de l&rsquo;H\u00f4tel de Ville, que le jury a effectu\u00e9 sa <strong data-start=\"809\" data-end=\"833\">tourn\u00e9e d&rsquo;\u00e9valuation<\/strong> pour noter les <strong data-start=\"849\" data-end=\"873\">33 candidats en lice<\/strong>, r\u00e9partis dans les <strong data-start=\"893\" data-end=\"949\">cat\u00e9gories \u00ab Maisons \u00bb, \u00ab Balcons \u00bb et \u00ab Commerces \u00bb<\/strong>.<\/p>\n<h3 data-start=\"952\" data-end=\"997\"><strong>Deux notes sur 10 pour chaque participant<\/strong><\/h3>\n<p data-start=\"999\" data-end=\"1269\">Chacun d&rsquo;entre eux s&rsquo;est vu attribuer <strong data-start=\"1037\" data-end=\"1058\">deux notes sur 10<\/strong>. La premi\u00e8re pour les crit\u00e8res de <strong data-start=\"1093\" data-end=\"1122\">diversit\u00e9 et d&rsquo;esth\u00e9tique<\/strong> ; la deuxi\u00e8me pour la <strong>qualit\u00e9 des d\u00e9corations<\/strong>, tout en valorisant les d\u00e9cors confectionn\u00e9s et non achet\u00e9s, ainsi que la sobri\u00e9t\u00e9 \u00e9nerg\u00e9tique.<\/p>\n<h3 data-start=\"1271\" data-end=\"1309\"><strong>Verdict en d\u00e9but d&rsquo;ann\u00e9e prochaine<\/strong><\/h3>\n<p data-start=\"1311\" data-end=\"1552\"><strong>Verdict en d\u00e9but d&rsquo;ann\u00e9e prochaine<\/strong>, lors de la traditionnelle c\u00e9r\u00e9monie de remise de ch\u00e8ques-cadeaux Cad&rsquo;UDAC aux <strong>3 laur\u00e9ats de chaque cat\u00e9gorie<\/strong>. En sachant que tous les participants se verront offrir une composition florale.<\/p>\n","protected":false},"excerpt":{"rendered":"<p>La Ville de Saint-Di\u00e9-des-Vosges organise, en cette fin d&rsquo;ann\u00e9e, la quatri\u00e8me \u00e9dition du concours des d\u00e9corations de No\u00ebl. Pour rappel, [&hellip;]<\/p>\n","protected":false},"author":46,"featured_media":85752,"comment_status":"open","ping_status":"open","sticky":false,"template":"","format":"standard","meta":{"footnotes":""},"categories":[460,20,167],"tags":[19374,7087,476,19371,5294,19372,693,19373,2881,12636,43],"class_list":["post-85749","post","type-post","status-publish","format-standard","has-post-thumbnail","hentry","category-a-la-une","category-loisirs","category-saint-die-des-vosges","tag-balcons","tag-cadudac","tag-commerces","tag-concours-des-decorations-de-noel","tag-decorations-de-noel","tag-illuminations","tag-jury","tag-maisons","tag-saint-die-des-vosges","tag-sobriete-energetique","tag-vosges"],"acf":[],"yoast_head":"<!-- This site is optimized with the Yoast SEO plugin v22.5 - https:\/\/yoast.com\/wordpress\/plugins\/seo\/ -->\n<title>Le jury du concours d\u00e9odatien des d\u00e9corations de No\u00ebl en tourn\u00e9e d\u2019\u00e9valuation - Saint Die Info<\/title>\n<meta name=\"robots\" content=\"index, follow, max-snippet:-1, max-image-preview:large, max-video-preview:-1\" \/>\n<link rel=\"canonical\" href=\"https:\/\/vosgesinfo.fr\/saintdieinfo\/2025\/12\/le-jury-du-concours-deodatien-des-decorations-de-noel-en-tournee-devaluation\/\" \/>\n<meta name=\"twitter:card\" content=\"summary_large_image\" \/>\n<meta name=\"twitter:title\" content=\"Le jury du concours d\u00e9odatien des d\u00e9corations de No\u00ebl en tourn\u00e9e d\u2019\u00e9valuation - Saint Die Info\" \/>\n<meta name=\"twitter:description\" content=\"La Ville de Saint-Di\u00e9-des-Vosges organise, en cette fin d&rsquo;ann\u00e9e, la quatri\u00e8me \u00e9dition du concours des d\u00e9corations de No\u00ebl. Pour rappel, [&hellip;]\" \/>\n<meta name=\"twitter:image\" content=\"https:\/\/vosgesinfo.fr\/app\/uploads\/sites\/4\/2025\/12\/tournee-concours-decorations-noel-sddv-2.jpg\" \/>\n<meta name=\"twitter:creator\" content=\"@VosgesInfo88\" \/>\n<meta name=\"twitter:site\" content=\"@VosgesInfo88\" \/>\n<meta name=\"twitter:label1\" content=\"\u00c9crit par\" \/>\n\t<meta name=\"twitter:data1\" content=\"J.J.\" \/>\n\t<meta name=\"twitter:label2\" content=\"Dur\u00e9e de lecture estim\u00e9e\" \/>\n\t<meta name=\"twitter:data2\" content=\"1 minute\" \/>\n<script type=\"application\/ld+json\" class=\"yoast-schema-graph\">{\"@context\":\"https:\/\/schema.org\",\"@graph\":[{\"@type\":\"Article\",\"@id\":\"https:\/\/vosgesinfo.fr\/saintdieinfo\/2025\/12\/le-jury-du-concours-deodatien-des-decorations-de-noel-en-tournee-devaluation\/#article\",\"isPartOf\":{\"@id\":\"https:\/\/vosgesinfo.fr\/saintdieinfo\/2025\/12\/le-jury-du-concours-deodatien-des-decorations-de-noel-en-tournee-devaluation\/\"},\"author\":{\"name\":\"J.J.\",\"@id\":\"https:\/\/vosgesinfo.fr\/saintdieinfo\/#\/schema\/person\/fa73e9f726d67bb88f46d5b7943cb572\"},\"headline\":\"Le jury du concours d\u00e9odatien des d\u00e9corations de No\u00ebl en tourn\u00e9e d\u2019\u00e9valuation\",\"datePublished\":\"2025-12-10T15:33:50+00:00\",\"dateModified\":\"2025-12-10T15:29:45+00:00\",\"mainEntityOfPage\":{\"@id\":\"https:\/\/vosgesinfo.fr\/saintdieinfo\/2025\/12\/le-jury-du-concours-deodatien-des-decorations-de-noel-en-tournee-devaluation\/\"},\"wordCount\":224,\"commentCount\":0,\"publisher\":{\"@id\":\"https:\/\/vosgesinfo.fr\/saintdieinfo\/#organization\"},\"image\":{\"@id\":\"https:\/\/vosgesinfo.fr\/saintdieinfo\/2025\/12\/le-jury-du-concours-deodatien-des-decorations-de-noel-en-tournee-devaluation\/#primaryimage\"},\"thumbnailUrl\":\"https:\/\/vosgesinfo.fr\/app\/uploads\/sites\/4\/2025\/12\/tournee-concours-decorations-noel-sddv-2.jpg\",\"keywords\":[\"balcons\",\"Cad'UDAC\",\"commerces\",\"concours des d\u00e9corations de No\u00ebl\",\"D\u00e9corations de No\u00ebl\",\"illuminations\",\"jury\",\"maisons\",\"Saint-Di\u00e9-des-Vosges\",\"Sobri\u00e9t\u00e9 \u00e9nerg\u00e9tique\",\"vosges\"],\"articleSection\":[\"A la Une\",\"Loisirs\",\"Saint-Di\u00e9-des-Vosges\"],\"inLanguage\":\"fr-FR\",\"potentialAction\":[{\"@type\":\"CommentAction\",\"name\":\"Comment\",\"target\":[\"https:\/\/vosgesinfo.fr\/saintdieinfo\/2025\/12\/le-jury-du-concours-deodatien-des-decorations-de-noel-en-tournee-devaluation\/#respond\"]}]},{\"@type\":\"WebPage\",\"@id\":\"https:\/\/vosgesinfo.fr\/saintdieinfo\/2025\/12\/le-jury-du-concours-deodatien-des-decorations-de-noel-en-tournee-devaluation\/\",\"url\":\"https:\/\/vosgesinfo.fr\/saintdieinfo\/2025\/12\/le-jury-du-concours-deodatien-des-decorations-de-noel-en-tournee-devaluation\/\",\"name\":\"Le jury du concours d\u00e9odatien des d\u00e9corations de No\u00ebl en tourn\u00e9e d\u2019\u00e9valuation - Saint Die Info\",\"isPartOf\":{\"@id\":\"https:\/\/vosgesinfo.fr\/saintdieinfo\/#website\"},\"primaryImageOfPage\":{\"@id\":\"https:\/\/vosgesinfo.fr\/saintdieinfo\/2025\/12\/le-jury-du-concours-deodatien-des-decorations-de-noel-en-tournee-devaluation\/#primaryimage\"},\"image\":{\"@id\":\"https:\/\/vosgesinfo.fr\/saintdieinfo\/2025\/12\/le-jury-du-concours-deodatien-des-decorations-de-noel-en-tournee-devaluation\/#primaryimage\"},\"thumbnailUrl\":\"https:\/\/vosgesinfo.fr\/app\/uploads\/sites\/4\/2025\/12\/tournee-concours-decorations-noel-sddv-2.jpg\",\"datePublished\":\"2025-12-10T15:33:50+00:00\",\"dateModified\":\"2025-12-10T15:29:45+00:00\",\"breadcrumb\":{\"@id\":\"https:\/\/vosgesinfo.fr\/saintdieinfo\/2025\/12\/le-jury-du-concours-deodatien-des-decorations-de-noel-en-tournee-devaluation\/#breadcrumb\"},\"inLanguage\":\"fr-FR\",\"potentialAction\":[{\"@type\":\"ReadAction\",\"target\":[\"https:\/\/vosgesinfo.fr\/saintdieinfo\/2025\/12\/le-jury-du-concours-deodatien-des-decorations-de-noel-en-tournee-devaluation\/\"]}]},{\"@type\":\"ImageObject\",\"inLanguage\":\"fr-FR\",\"@id\":\"https:\/\/vosgesinfo.fr\/saintdieinfo\/2025\/12\/le-jury-du-concours-deodatien-des-decorations-de-noel-en-tournee-devaluation\/#primaryimage\",\"url\":\"https:\/\/vosgesinfo.fr\/app\/uploads\/sites\/4\/2025\/12\/tournee-concours-decorations-noel-sddv-2.jpg\",\"contentUrl\":\"https:\/\/vosgesinfo.fr\/app\/uploads\/sites\/4\/2025\/12\/tournee-concours-decorations-noel-sddv-2.jpg\",\"width\":1200,\"height\":800,\"caption\":\"(Photographies Marc Fourniquet)\"},{\"@type\":\"BreadcrumbList\",\"@id\":\"https:\/\/vosgesinfo.fr\/saintdieinfo\/2025\/12\/le-jury-du-concours-deodatien-des-decorations-de-noel-en-tournee-devaluation\/#breadcrumb\",\"itemListElement\":[{\"@type\":\"ListItem\",\"position\":1,\"name\":\"Home\",\"item\":\"https:\/\/vosgesinfo.fr\/saintdieinfo\/\"},{\"@type\":\"ListItem\",\"position\":2,\"name\":\"Le jury du concours d\u00e9odatien des d\u00e9corations de No\u00ebl en tourn\u00e9e d\u2019\u00e9valuation\"}]},{\"@type\":\"WebSite\",\"@id\":\"https:\/\/vosgesinfo.fr\/saintdieinfo\/#website\",\"url\":\"https:\/\/vosgesinfo.fr\/saintdieinfo\/\",\"name\":\"Saint Die Info\",\"description\":\"Toute l&#039;actualit\u00e9 de Saint-Di\u00e9-Des-Vosges\",\"publisher\":{\"@id\":\"https:\/\/vosgesinfo.fr\/saintdieinfo\/#organization\"},\"alternateName\":\"Toute l'actualit\u00e9 de Saint-Di\u00e9-Des-Vosges\",\"potentialAction\":[{\"@type\":\"SearchAction\",\"target\":{\"@type\":\"EntryPoint\",\"urlTemplate\":\"https:\/\/vosgesinfo.fr\/saintdieinfo\/?s={search_term_string}\"},\"query-input\":\"required name=search_term_string\"}],\"inLanguage\":\"fr-FR\"},{\"@type\":\"Organization\",\"@id\":\"https:\/\/vosgesinfo.fr\/saintdieinfo\/#organization\",\"name\":\"Saint Die Info\",\"url\":\"https:\/\/vosgesinfo.fr\/saintdieinfo\/\",\"logo\":{\"@type\":\"ImageObject\",\"inLanguage\":\"fr-FR\",\"@id\":\"https:\/\/vosgesinfo.fr\/saintdieinfo\/#\/schema\/logo\/image\/\",\"url\":\"https:\/\/vosgesinfo.fr\/app\/uploads\/sites\/4\/2024\/02\/logo-sdi.jpg\",\"contentUrl\":\"https:\/\/vosgesinfo.fr\/app\/uploads\/sites\/4\/2024\/02\/logo-sdi.jpg\",\"width\":600,\"height\":600,\"caption\":\"Saint Die Info\"},\"image\":{\"@id\":\"https:\/\/vosgesinfo.fr\/saintdieinfo\/#\/schema\/logo\/image\/\"},\"sameAs\":[\"https:\/\/www.facebook.com\/Saintdieinfofr\",\"https:\/\/x.com\/VosgesInfo88\",\"https:\/\/www.youtube.com\/@vosgesinfo\"]},{\"@type\":\"Person\",\"@id\":\"https:\/\/vosgesinfo.fr\/saintdieinfo\/#\/schema\/person\/fa73e9f726d67bb88f46d5b7943cb572\",\"name\":\"J.J.\",\"image\":{\"@type\":\"ImageObject\",\"inLanguage\":\"fr-FR\",\"@id\":\"https:\/\/vosgesinfo.fr\/saintdieinfo\/#\/schema\/person\/image\/\",\"url\":\"https:\/\/secure.gravatar.com\/avatar\/219e749e47ffbcca018a360ae4add7d4cdf1cdaaf8bc7676b27efade3fe65615?s=96&d=mm&r=g\",\"contentUrl\":\"https:\/\/secure.gravatar.com\/avatar\/219e749e47ffbcca018a360ae4add7d4cdf1cdaaf8bc7676b27efade3fe65615?s=96&d=mm&r=g\",\"caption\":\"J.J.\"},\"url\":\"https:\/\/vosgesinfo.fr\/saintdieinfo\/author\/j-j\/\"}]}<\/script>\n<!-- \/ Yoast SEO plugin. -->","yoast_head_json":{"title":"Le jury du concours d\u00e9odatien des d\u00e9corations de No\u00ebl en tourn\u00e9e d\u2019\u00e9valuation - Saint Die Info","robots":{"index":"index","follow":"follow","max-snippet":"max-snippet:-1","max-image-preview":"max-image-preview:large","max-video-preview":"max-video-preview:-1"},"canonical":"https:\/\/vosgesinfo.fr\/saintdieinfo\/2025\/12\/le-jury-du-concours-deodatien-des-decorations-de-noel-en-tournee-devaluation\/","twitter_card":"summary_large_image","twitter_title":"Le jury du concours d\u00e9odatien des d\u00e9corations de No\u00ebl en tourn\u00e9e d\u2019\u00e9valuation - Saint Die Info","twitter_description":"La Ville de Saint-Di\u00e9-des-Vosges organise, en cette fin d&rsquo;ann\u00e9e, la quatri\u00e8me \u00e9dition du concours des d\u00e9corations de No\u00ebl. Pour rappel, [&hellip;]","twitter_image":"https:\/\/vosgesinfo.fr\/app\/uploads\/sites\/4\/2025\/12\/tournee-concours-decorations-noel-sddv-2.jpg","twitter_creator":"@VosgesInfo88","twitter_site":"@VosgesInfo88","twitter_misc":{"\u00c9crit par":"J.J.","Dur\u00e9e de lecture estim\u00e9e":"1 minute"},"schema":{"@context":"https:\/\/schema.org","@graph":[{"@type":"Article","@id":"https:\/\/vosgesinfo.fr\/saintdieinfo\/2025\/12\/le-jury-du-concours-deodatien-des-decorations-de-noel-en-tournee-devaluation\/#article","isPartOf":{"@id":"https:\/\/vosgesinfo.fr\/saintdieinfo\/2025\/12\/le-jury-du-concours-deodatien-des-decorations-de-noel-en-tournee-devaluation\/"},"author":{"name":"J.J.","@id":"https:\/\/vosgesinfo.fr\/saintdieinfo\/#\/schema\/person\/fa73e9f726d67bb88f46d5b7943cb572"},"headline":"Le jury du concours d\u00e9odatien des d\u00e9corations de No\u00ebl en tourn\u00e9e d\u2019\u00e9valuation","datePublished":"2025-12-10T15:33:50+00:00","dateModified":"2025-12-10T15:29:45+00:00","mainEntityOfPage":{"@id":"https:\/\/vosgesinfo.fr\/saintdieinfo\/2025\/12\/le-jury-du-concours-deodatien-des-decorations-de-noel-en-tournee-devaluation\/"},"wordCount":224,"commentCount":0,"publisher":{"@id":"https:\/\/vosgesinfo.fr\/saintdieinfo\/#organization"},"image":{"@id":"https:\/\/vosgesinfo.fr\/saintdieinfo\/2025\/12\/le-jury-du-concours-deodatien-des-decorations-de-noel-en-tournee-devaluation\/#primaryimage"},"thumbnailUrl":"https:\/\/vosgesinfo.fr\/app\/uploads\/sites\/4\/2025\/12\/tournee-concours-decorations-noel-sddv-2.jpg","keywords":["balcons","Cad'UDAC","commerces","concours des d\u00e9corations de No\u00ebl","D\u00e9corations de No\u00ebl","illuminations","jury","maisons","Saint-Di\u00e9-des-Vosges","Sobri\u00e9t\u00e9 \u00e9nerg\u00e9tique","vosges"],"articleSection":["A la Une","Loisirs","Saint-Di\u00e9-des-Vosges"],"inLanguage":"fr-FR","potentialAction":[{"@type":"CommentAction","name":"Comment","target":["https:\/\/vosgesinfo.fr\/saintdieinfo\/2025\/12\/le-jury-du-concours-deodatien-des-decorations-de-noel-en-tournee-devaluation\/#respond"]}]},{"@type":"WebPage","@id":"https:\/\/vosgesinfo.fr\/saintdieinfo\/2025\/12\/le-jury-du-concours-deodatien-des-decorations-de-noel-en-tournee-devaluation\/","url":"https:\/\/vosgesinfo.fr\/saintdieinfo\/2025\/12\/le-jury-du-concours-deodatien-des-decorations-de-noel-en-tournee-devaluation\/","name":"Le jury du concours d\u00e9odatien des d\u00e9corations de No\u00ebl en tourn\u00e9e d\u2019\u00e9valuation - Saint Die Info","isPartOf":{"@id":"https:\/\/vosgesinfo.fr\/saintdieinfo\/#website"},"primaryImageOfPage":{"@id":"https:\/\/vosgesinfo.fr\/saintdieinfo\/2025\/12\/le-jury-du-concours-deodatien-des-decorations-de-noel-en-tournee-devaluation\/#primaryimage"},"image":{"@id":"https:\/\/vosgesinfo.fr\/saintdieinfo\/2025\/12\/le-jury-du-concours-deodatien-des-decorations-de-noel-en-tournee-devaluation\/#primaryimage"},"thumbnailUrl":"https:\/\/vosgesinfo.fr\/app\/uploads\/sites\/4\/2025\/12\/tournee-concours-decorations-noel-sddv-2.jpg","datePublished":"2025-12-10T15:33:50+00:00","dateModified":"2025-12-10T15:29:45+00:00","breadcrumb":{"@id":"https:\/\/vosgesinfo.fr\/saintdieinfo\/2025\/12\/le-jury-du-concours-deodatien-des-decorations-de-noel-en-tournee-devaluation\/#breadcrumb"},"inLanguage":"fr-FR","potentialAction":[{"@type":"ReadAction","target":["https:\/\/vosgesinfo.fr\/saintdieinfo\/2025\/12\/le-jury-du-concours-deodatien-des-decorations-de-noel-en-tournee-devaluation\/"]}]},{"@type":"ImageObject","inLanguage":"fr-FR","@id":"https:\/\/vosgesinfo.fr\/saintdieinfo\/2025\/12\/le-jury-du-concours-deodatien-des-decorations-de-noel-en-tournee-devaluation\/#primaryimage","url":"https:\/\/vosgesinfo.fr\/app\/uploads\/sites\/4\/2025\/12\/tournee-concours-decorations-noel-sddv-2.jpg","contentUrl":"https:\/\/vosgesinfo.fr\/app\/uploads\/sites\/4\/2025\/12\/tournee-concours-decorations-noel-sddv-2.jpg","width":1200,"height":800,"caption":"(Photographies Marc Fourniquet)"},{"@type":"BreadcrumbList","@id":"https:\/\/vosgesinfo.fr\/saintdieinfo\/2025\/12\/le-jury-du-concours-deodatien-des-decorations-de-noel-en-tournee-devaluation\/#breadcrumb","itemListElement":[{"@type":"ListItem","position":1,"name":"Home","item":"https:\/\/vosgesinfo.fr\/saintdieinfo\/"},{"@type":"ListItem","position":2,"name":"Le jury du concours d\u00e9odatien des d\u00e9corations de No\u00ebl en tourn\u00e9e d\u2019\u00e9valuation"}]},{"@type":"WebSite","@id":"https:\/\/vosgesinfo.fr\/saintdieinfo\/#website","url":"https:\/\/vosgesinfo.fr\/saintdieinfo\/","name":"Saint Die Info","description":"Toute l&#039;actualit\u00e9 de Saint-Di\u00e9-Des-Vosges","publisher":{"@id":"https:\/\/vosgesinfo.fr\/saintdieinfo\/#organization"},"alternateName":"Toute l'actualit\u00e9 de Saint-Di\u00e9-Des-Vosges","potentialAction":[{"@type":"SearchAction","target":{"@type":"EntryPoint","urlTemplate":"https:\/\/vosgesinfo.fr\/saintdieinfo\/?s={search_term_string}"},"query-input":"required name=search_term_string"}],"inLanguage":"fr-FR"},{"@type":"Organization","@id":"https:\/\/vosgesinfo.fr\/saintdieinfo\/#organization","name":"Saint Die Info","url":"https:\/\/vosgesinfo.fr\/saintdieinfo\/","logo":{"@type":"ImageObject","inLanguage":"fr-FR","@id":"https:\/\/vosgesinfo.fr\/saintdieinfo\/#\/schema\/logo\/image\/","url":"https:\/\/vosgesinfo.fr\/app\/uploads\/sites\/4\/2024\/02\/logo-sdi.jpg","contentUrl":"https:\/\/vosgesinfo.fr\/app\/uploads\/sites\/4\/2024\/02\/logo-sdi.jpg","width":600,"height":600,"caption":"Saint Die Info"},"image":{"@id":"https:\/\/vosgesinfo.fr\/saintdieinfo\/#\/schema\/logo\/image\/"},"sameAs":["https:\/\/www.facebook.com\/Saintdieinfofr","https:\/\/x.com\/VosgesInfo88","https:\/\/www.youtube.com\/@vosgesinfo"]},{"@type":"Person","@id":"https:\/\/vosgesinfo.fr\/saintdieinfo\/#\/schema\/person\/fa73e9f726d67bb88f46d5b7943cb572","name":"J.J.","image":{"@type":"ImageObject","inLanguage":"fr-FR","@id":"https:\/\/vosgesinfo.fr\/saintdieinfo\/#\/schema\/person\/image\/","url":"https:\/\/secure.gravatar.com\/avatar\/219e749e47ffbcca018a360ae4add7d4cdf1cdaaf8bc7676b27efade3fe65615?s=96&d=mm&r=g","contentUrl":"https:\/\/secure.gravatar.com\/avatar\/219e749e47ffbcca018a360ae4add7d4cdf1cdaaf8bc7676b27efade3fe65615?s=96&d=mm&r=g","caption":"J.J."},"url":"https:\/\/vosgesinfo.fr\/saintdieinfo\/author\/j-j\/"}]}},"_links":{"self":[{"href":"https:\/\/vosgesinfo.fr\/saintdieinfo\/wp-json\/wp\/v2\/posts\/85749","targetHints":{"allow":["GET"]}}],"collection":[{"href":"https:\/\/vosgesinfo.fr\/saintdieinfo\/wp-json\/wp\/v2\/posts"}],"about":[{"href":"https:\/\/vosgesinfo.fr\/saintdieinfo\/wp-json\/wp\/v2\/types\/post"}],"author":[{"embeddable":true,"href":"https:\/\/vosgesinfo.fr\/saintdieinfo\/wp-json\/wp\/v2\/users\/46"}],"replies":[{"embeddable":true,"href":"https:\/\/vosgesinfo.fr\/saintdieinfo\/wp-json\/wp\/v2\/comments?post=85749"}],"version-history":[{"count":1,"href":"https:\/\/vosgesinfo.fr\/saintdieinfo\/wp-json\/wp\/v2\/posts\/85749\/revisions"}],"predecessor-version":[{"id":85758,"href":"https:\/\/vosgesinfo.fr\/saintdieinfo\/wp-json\/wp\/v2\/posts\/85749\/revisions\/85758"}],"wp:featuredmedia":[{"embeddable":true,"href":"https:\/\/vosgesinfo.fr\/saintdieinfo\/wp-json\/wp\/v2\/media\/85752"}],"wp:attachment":[{"href":"https:\/\/vosgesinfo.fr\/saintdieinfo\/wp-json\/wp\/v2\/media?parent=85749"}],"wp:term":[{"taxonomy":"category","embeddable":true,"href":"https:\/\/vosgesinfo.fr\/saintdieinfo\/wp-json\/wp\/v2\/categories?post=85749"},{"taxonomy":"post_tag","embeddable":true,"href":"https:\/\/vosgesinfo.fr\/saintdieinfo\/wp-json\/wp\/v2\/tags?post=85749"}],"curies":[{"name":"wp","href":"https:\/\/api.w.org\/{rel}","templated":true}]}}