{"id":85759,"date":"2025-12-10T17:22:27","date_gmt":"2025-12-10T16:22:27","guid":{"rendered":"https:\/\/vosgesinfo.fr\/saintdieinfo\/?p=85759"},"modified":"2025-12-10T17:13:19","modified_gmt":"2025-12-10T16:13:19","slug":"almoraima-lorchestre-dharmonie-de-saint-die-des-vosges-au-rythme-de-lespagne","status":"publish","type":"post","link":"https:\/\/vosgesinfo.fr\/saintdieinfo\/2025\/12\/almoraima-lorchestre-dharmonie-de-saint-die-des-vosges-au-rythme-de-lespagne\/","title":{"rendered":"Almoraima : l\u2019Orchestre d\u2019Harmonie de Saint-Di\u00e9-des-Vosges au rythme de l&rsquo;Espagne"},"content":{"rendered":"<div class=\"relative my-1 min-h-6\">\n<div class=\"origin-top-start relative flex flex-col gap-2 overflow-x-clip\">\n<div class=\"max-w-[calc(0.8*var(--thread-content-max-width,40rem))]\">\n<div class=\"flex w-full flex-col gap-1 empty:hidden first:pt-[1px]\">\n<div class=\"markdown prose dark:prose-invert w-full break-words light markdown-new-styling\">\n<h2 data-start=\"0\" data-end=\"335\">L\u2019<strong data-start=\"2\" data-end=\"50\">Orchestre d\u2019Harmonie de Saint-Di\u00e9-des-Vosges<\/strong> pr\u00e9sentera prochainement le projet <strong data-start=\"121\" data-end=\"138\">\u00ab Almoraima \u00bb<\/strong>, \u00e0 travers deux concerts \u00e0 l\u2019<strong data-start=\"77\" data-end=\"102\">Espace Georges-Sadoul <\/strong><strong data-start=\"121\" data-end=\"138\">.<\/strong> Un projet consacr\u00e9 au <strong data-start=\"152\" data-end=\"164\">flamenco<\/strong> et aux musiques traditionnelles et contemporaines espagnoles. Ces rendez-vous musicaux mettront en avant la diversit\u00e9 des r\u00e9pertoires et des pratiques musicales venues d\u2019Espagne.<\/h2>\n<\/div>\n<\/div>\n<\/div>\n<\/div>\n<\/div>\n<p data-start=\"0\" data-end=\"335\"><!--more--><\/p>\n<p data-start=\"0\" data-end=\"335\">Au fil de ces deux concerts, l\u2019esth\u00e9tique de la <strong data-start=\"356\" data-end=\"377\">musique espagnole<\/strong> sera pr\u00e9sent\u00e9e dans toute sa richesse. Et ce en rappelant que le flamenco, dont les origines remontent au <strong data-start=\"477\" data-end=\"491\">XVe si\u00e8cle<\/strong>, s\u2019est d\u00e9velopp\u00e9 au fil des si\u00e8cles au contact de multiples influences, notamment via les mouvements de populations gitanes. Le chant intense, la rythmique soutenue et la danse expressive plongeront le public au c\u0153ur de <strong>l\u2019Andalousie<\/strong>, port\u00e9 par les sonorit\u00e9s de l\u2019orchestre.<\/p>\n<div class=\"min-h-8 text-message relative flex w-full flex-col items-end gap-2 text-start break-words whitespace-normal [.text-message+&amp;]:mt-1\" dir=\"auto\" data-message-author-role=\"assistant\" data-message-id=\"9a47c295-3908-474d-8282-7564e66d0b90\" data-message-model-slug=\"gpt-5-1-thinking\">\n<div class=\"flex w-full flex-col gap-1 empty:hidden first:pt-[1px]\">\n<div class=\"markdown prose dark:prose-invert w-full break-words light markdown-new-styling\">\n<p data-start=\"770\" data-end=\"1165\">En plus de l\u2019aspect traditionnel du flamenco, <strong data-start=\"816\" data-end=\"835\">Anthony Corteel<\/strong> signe une cr\u00e9ation originale pour guitare, arrangements et composition. Il sera rejoint sur sc\u00e8ne par la danseuse <strong data-start=\"950\" data-end=\"970\">Silvia Fernandez<\/strong>, tandis que <strong data-start=\"983\" data-end=\"1001\">Willy Fran\u00e7ois<\/strong> assurera la direction de l\u2019orchestre, dans un programme qui se prolongera avec un r\u00e9pertoire de musiques espagnoles, du paso doble aux pages plus contemporaines.<\/p>\n<p data-start=\"1167\" data-end=\"1409\">Pour la premi\u00e8re fois, l\u2019un des concerts sera propos\u00e9 en <strong data-start=\"1224\" data-end=\"1242\">format cabaret<\/strong>, au plus pr\u00e8s des musiciens et de la danse, avec une <strong data-start=\"1296\" data-end=\"1322\">restauration espagnole<\/strong> et un temps de rencontre avec les artistes, afin de renforcer l\u2019immersion du public.<\/p>\n<p data-start=\"1411\" data-end=\"1774\">Les concerts \u00ab Almoraima \u00bb seront donn\u00e9s le <strong data-start=\"1453\" data-end=\"1482\">samedi 20 d\u00e9cembre \u00e0 20 h<\/strong> et le <strong data-start=\"1489\" data-end=\"1520\">dimanche 21 d\u00e9cembre \u00e0 16 h.<\/strong> Comme pour tous les concerts pr\u00e9sent\u00e9s par <strong>Orchestre+<\/strong>, l\u2019acc\u00e8s est gratuit avec libre participation aux frais, dans la limite des places disponibles. Les r\u00e9servations sont donc <strong>fortement conseill\u00e9es<\/strong> via <a href=\"https:\/\/billetterie.orchestre.plus\/\" target=\"_blank\" rel=\"noopener\">https:\/\/billetterie.orchestre.plus\/<\/a><\/p>\n<div id=\"attachment_85760\" style=\"width: 734px\" class=\"wp-caption alignnone\"><a href=\"https:\/\/vosgesinfo.fr\/app\/uploads\/sites\/4\/2025\/12\/concerts-almoraima-o.jpg\"><img decoding=\"async\" aria-describedby=\"caption-attachment-85760\" class=\"size-large wp-image-85760\" src=\"https:\/\/vosgesinfo.fr\/app\/uploads\/sites\/4\/2025\/12\/concerts-almoraima-o-724x1024.jpg\" alt=\"\" width=\"724\" height=\"1024\" srcset=\"https:\/\/vosgesinfo.fr\/app\/uploads\/sites\/4\/2025\/12\/concerts-almoraima-o-724x1024.jpg 724w, https:\/\/vosgesinfo.fr\/app\/uploads\/sites\/4\/2025\/12\/concerts-almoraima-o-212x300.jpg 212w, https:\/\/vosgesinfo.fr\/app\/uploads\/sites\/4\/2025\/12\/concerts-almoraima-o.jpg 764w\" sizes=\"(max-width: 724px) 100vw, 724px\" \/><\/a><p id=\"caption-attachment-85760\" class=\"wp-caption-text\">(Affiche Orchestre+)<\/p><\/div>\n<\/div>\n<\/div>\n<\/div>\n","protected":false},"excerpt":{"rendered":"<p>L\u2019Orchestre d\u2019Harmonie de Saint-Di\u00e9-des-Vosges pr\u00e9sentera prochainement le projet \u00ab Almoraima \u00bb, \u00e0 travers deux concerts \u00e0 l\u2019Espace Georges-Sadoul . Un [&hellip;]<\/p>\n","protected":false},"author":46,"featured_media":85760,"comment_status":"open","ping_status":"open","sticky":false,"template":"","format":"standard","meta":{"footnotes":""},"categories":[460,8003,167,17],"tags":[19375,19378,19377,1933,1928,3559,15132,19376,5711,3697,2881,19379,6390],"class_list":["post-85759","post","type-post","status-publish","format-standard","has-post-thumbnail","hentry","category-a-la-une","category-concert-culture","category-saint-die-des-vosges","category-vie-associative","tag-almoraima","tag-anthony-corteel","tag-cabaret","tag-concert-gratuit","tag-concerts","tag-espace-georges-sadoul","tag-flamenco","tag-musique-espagnole","tag-orchestre-dharmonie-de-saint-die-des-vosges","tag-orchestre","tag-saint-die-des-vosges","tag-silvia-fernandez","tag-willy-francois"],"acf":[],"yoast_head":"<!-- This site is optimized with the Yoast SEO plugin v22.5 - https:\/\/yoast.com\/wordpress\/plugins\/seo\/ -->\n<title>Almoraima : l\u2019Orchestre d\u2019Harmonie de Saint-Di\u00e9-des-Vosges au rythme de l&#039;Espagne - Saint Die Info<\/title>\n<meta name=\"robots\" content=\"index, follow, max-snippet:-1, max-image-preview:large, max-video-preview:-1\" \/>\n<link rel=\"canonical\" href=\"https:\/\/vosgesinfo.fr\/saintdieinfo\/2025\/12\/almoraima-lorchestre-dharmonie-de-saint-die-des-vosges-au-rythme-de-lespagne\/\" \/>\n<meta name=\"twitter:card\" content=\"summary_large_image\" \/>\n<meta name=\"twitter:title\" content=\"Almoraima : l\u2019Orchestre d\u2019Harmonie de Saint-Di\u00e9-des-Vosges au rythme de l&#039;Espagne - Saint Die Info\" \/>\n<meta name=\"twitter:description\" content=\"L\u2019Orchestre d\u2019Harmonie de Saint-Di\u00e9-des-Vosges pr\u00e9sentera prochainement le projet \u00ab Almoraima \u00bb, \u00e0 travers deux concerts \u00e0 l\u2019Espace Georges-Sadoul . Un [&hellip;]\" \/>\n<meta name=\"twitter:image\" content=\"https:\/\/vosgesinfo.fr\/app\/uploads\/sites\/4\/2025\/12\/concerts-almoraima-o.jpg\" \/>\n<meta name=\"twitter:creator\" content=\"@VosgesInfo88\" \/>\n<meta name=\"twitter:site\" content=\"@VosgesInfo88\" \/>\n<meta name=\"twitter:label1\" content=\"\u00c9crit par\" \/>\n\t<meta name=\"twitter:data1\" content=\"J.J.\" \/>\n\t<meta name=\"twitter:label2\" content=\"Dur\u00e9e de lecture estim\u00e9e\" \/>\n\t<meta name=\"twitter:data2\" content=\"2 minutes\" \/>\n<script type=\"application\/ld+json\" class=\"yoast-schema-graph\">{\"@context\":\"https:\/\/schema.org\",\"@graph\":[{\"@type\":\"Article\",\"@id\":\"https:\/\/vosgesinfo.fr\/saintdieinfo\/2025\/12\/almoraima-lorchestre-dharmonie-de-saint-die-des-vosges-au-rythme-de-lespagne\/#article\",\"isPartOf\":{\"@id\":\"https:\/\/vosgesinfo.fr\/saintdieinfo\/2025\/12\/almoraima-lorchestre-dharmonie-de-saint-die-des-vosges-au-rythme-de-lespagne\/\"},\"author\":{\"name\":\"J.J.\",\"@id\":\"https:\/\/vosgesinfo.fr\/saintdieinfo\/#\/schema\/person\/fa73e9f726d67bb88f46d5b7943cb572\"},\"headline\":\"Almoraima : l\u2019Orchestre d\u2019Harmonie de Saint-Di\u00e9-des-Vosges au rythme de l&rsquo;Espagne\",\"datePublished\":\"2025-12-10T16:22:27+00:00\",\"dateModified\":\"2025-12-10T16:13:19+00:00\",\"mainEntityOfPage\":{\"@id\":\"https:\/\/vosgesinfo.fr\/saintdieinfo\/2025\/12\/almoraima-lorchestre-dharmonie-de-saint-die-des-vosges-au-rythme-de-lespagne\/\"},\"wordCount\":316,\"commentCount\":0,\"publisher\":{\"@id\":\"https:\/\/vosgesinfo.fr\/saintdieinfo\/#organization\"},\"image\":{\"@id\":\"https:\/\/vosgesinfo.fr\/saintdieinfo\/2025\/12\/almoraima-lorchestre-dharmonie-de-saint-die-des-vosges-au-rythme-de-lespagne\/#primaryimage\"},\"thumbnailUrl\":\"https:\/\/vosgesinfo.fr\/app\/uploads\/sites\/4\/2025\/12\/concerts-almoraima-o.jpg\",\"keywords\":[\"Almoraima\",\"Anthony Corteel\",\"cabaret\",\"concert gratuit\",\"concerts\",\"Espace Georges-Sadoul\",\"Flamenco\",\"musique espagnole\",\"Orchestre d'Harmonie de Saint-Di\u00e9-des-Vosges\",\"Orchestre+\",\"Saint-Di\u00e9-des-Vosges\",\"Silvia Fernandez\",\"Willy Fran\u00e7ois\"],\"articleSection\":[\"A la Une\",\"Concert\",\"Saint-Di\u00e9-des-Vosges\",\"Vie Associative\"],\"inLanguage\":\"fr-FR\",\"potentialAction\":[{\"@type\":\"CommentAction\",\"name\":\"Comment\",\"target\":[\"https:\/\/vosgesinfo.fr\/saintdieinfo\/2025\/12\/almoraima-lorchestre-dharmonie-de-saint-die-des-vosges-au-rythme-de-lespagne\/#respond\"]}]},{\"@type\":\"WebPage\",\"@id\":\"https:\/\/vosgesinfo.fr\/saintdieinfo\/2025\/12\/almoraima-lorchestre-dharmonie-de-saint-die-des-vosges-au-rythme-de-lespagne\/\",\"url\":\"https:\/\/vosgesinfo.fr\/saintdieinfo\/2025\/12\/almoraima-lorchestre-dharmonie-de-saint-die-des-vosges-au-rythme-de-lespagne\/\",\"name\":\"Almoraima : l\u2019Orchestre d\u2019Harmonie de Saint-Di\u00e9-des-Vosges au rythme de l'Espagne - Saint Die Info\",\"isPartOf\":{\"@id\":\"https:\/\/vosgesinfo.fr\/saintdieinfo\/#website\"},\"primaryImageOfPage\":{\"@id\":\"https:\/\/vosgesinfo.fr\/saintdieinfo\/2025\/12\/almoraima-lorchestre-dharmonie-de-saint-die-des-vosges-au-rythme-de-lespagne\/#primaryimage\"},\"image\":{\"@id\":\"https:\/\/vosgesinfo.fr\/saintdieinfo\/2025\/12\/almoraima-lorchestre-dharmonie-de-saint-die-des-vosges-au-rythme-de-lespagne\/#primaryimage\"},\"thumbnailUrl\":\"https:\/\/vosgesinfo.fr\/app\/uploads\/sites\/4\/2025\/12\/concerts-almoraima-o.jpg\",\"datePublished\":\"2025-12-10T16:22:27+00:00\",\"dateModified\":\"2025-12-10T16:13:19+00:00\",\"breadcrumb\":{\"@id\":\"https:\/\/vosgesinfo.fr\/saintdieinfo\/2025\/12\/almoraima-lorchestre-dharmonie-de-saint-die-des-vosges-au-rythme-de-lespagne\/#breadcrumb\"},\"inLanguage\":\"fr-FR\",\"potentialAction\":[{\"@type\":\"ReadAction\",\"target\":[\"https:\/\/vosgesinfo.fr\/saintdieinfo\/2025\/12\/almoraima-lorchestre-dharmonie-de-saint-die-des-vosges-au-rythme-de-lespagne\/\"]}]},{\"@type\":\"ImageObject\",\"inLanguage\":\"fr-FR\",\"@id\":\"https:\/\/vosgesinfo.fr\/saintdieinfo\/2025\/12\/almoraima-lorchestre-dharmonie-de-saint-die-des-vosges-au-rythme-de-lespagne\/#primaryimage\",\"url\":\"https:\/\/vosgesinfo.fr\/app\/uploads\/sites\/4\/2025\/12\/concerts-almoraima-o.jpg\",\"contentUrl\":\"https:\/\/vosgesinfo.fr\/app\/uploads\/sites\/4\/2025\/12\/concerts-almoraima-o.jpg\",\"width\":764,\"height\":1080,\"caption\":\"(Affiche Orchestre+)\"},{\"@type\":\"BreadcrumbList\",\"@id\":\"https:\/\/vosgesinfo.fr\/saintdieinfo\/2025\/12\/almoraima-lorchestre-dharmonie-de-saint-die-des-vosges-au-rythme-de-lespagne\/#breadcrumb\",\"itemListElement\":[{\"@type\":\"ListItem\",\"position\":1,\"name\":\"Home\",\"item\":\"https:\/\/vosgesinfo.fr\/saintdieinfo\/\"},{\"@type\":\"ListItem\",\"position\":2,\"name\":\"Almoraima : l\u2019Orchestre d\u2019Harmonie de Saint-Di\u00e9-des-Vosges au rythme de l&rsquo;Espagne\"}]},{\"@type\":\"WebSite\",\"@id\":\"https:\/\/vosgesinfo.fr\/saintdieinfo\/#website\",\"url\":\"https:\/\/vosgesinfo.fr\/saintdieinfo\/\",\"name\":\"Saint Die Info\",\"description\":\"Toute l&#039;actualit\u00e9 de Saint-Di\u00e9-Des-Vosges\",\"publisher\":{\"@id\":\"https:\/\/vosgesinfo.fr\/saintdieinfo\/#organization\"},\"alternateName\":\"Toute l'actualit\u00e9 de Saint-Di\u00e9-Des-Vosges\",\"potentialAction\":[{\"@type\":\"SearchAction\",\"target\":{\"@type\":\"EntryPoint\",\"urlTemplate\":\"https:\/\/vosgesinfo.fr\/saintdieinfo\/?s={search_term_string}\"},\"query-input\":\"required name=search_term_string\"}],\"inLanguage\":\"fr-FR\"},{\"@type\":\"Organization\",\"@id\":\"https:\/\/vosgesinfo.fr\/saintdieinfo\/#organization\",\"name\":\"Saint Die Info\",\"url\":\"https:\/\/vosgesinfo.fr\/saintdieinfo\/\",\"logo\":{\"@type\":\"ImageObject\",\"inLanguage\":\"fr-FR\",\"@id\":\"https:\/\/vosgesinfo.fr\/saintdieinfo\/#\/schema\/logo\/image\/\",\"url\":\"https:\/\/vosgesinfo.fr\/app\/uploads\/sites\/4\/2024\/02\/logo-sdi.jpg\",\"contentUrl\":\"https:\/\/vosgesinfo.fr\/app\/uploads\/sites\/4\/2024\/02\/logo-sdi.jpg\",\"width\":600,\"height\":600,\"caption\":\"Saint Die Info\"},\"image\":{\"@id\":\"https:\/\/vosgesinfo.fr\/saintdieinfo\/#\/schema\/logo\/image\/\"},\"sameAs\":[\"https:\/\/www.facebook.com\/Saintdieinfofr\",\"https:\/\/x.com\/VosgesInfo88\",\"https:\/\/www.youtube.com\/@vosgesinfo\"]},{\"@type\":\"Person\",\"@id\":\"https:\/\/vosgesinfo.fr\/saintdieinfo\/#\/schema\/person\/fa73e9f726d67bb88f46d5b7943cb572\",\"name\":\"J.J.\",\"image\":{\"@type\":\"ImageObject\",\"inLanguage\":\"fr-FR\",\"@id\":\"https:\/\/vosgesinfo.fr\/saintdieinfo\/#\/schema\/person\/image\/\",\"url\":\"https:\/\/secure.gravatar.com\/avatar\/219e749e47ffbcca018a360ae4add7d4cdf1cdaaf8bc7676b27efade3fe65615?s=96&d=mm&r=g\",\"contentUrl\":\"https:\/\/secure.gravatar.com\/avatar\/219e749e47ffbcca018a360ae4add7d4cdf1cdaaf8bc7676b27efade3fe65615?s=96&d=mm&r=g\",\"caption\":\"J.J.\"},\"url\":\"https:\/\/vosgesinfo.fr\/saintdieinfo\/author\/j-j\/\"}]}<\/script>\n<!-- \/ Yoast SEO plugin. -->","yoast_head_json":{"title":"Almoraima : l\u2019Orchestre d\u2019Harmonie de Saint-Di\u00e9-des-Vosges au rythme de l'Espagne - Saint Die Info","robots":{"index":"index","follow":"follow","max-snippet":"max-snippet:-1","max-image-preview":"max-image-preview:large","max-video-preview":"max-video-preview:-1"},"canonical":"https:\/\/vosgesinfo.fr\/saintdieinfo\/2025\/12\/almoraima-lorchestre-dharmonie-de-saint-die-des-vosges-au-rythme-de-lespagne\/","twitter_card":"summary_large_image","twitter_title":"Almoraima : l\u2019Orchestre d\u2019Harmonie de Saint-Di\u00e9-des-Vosges au rythme de l'Espagne - Saint Die Info","twitter_description":"L\u2019Orchestre d\u2019Harmonie de Saint-Di\u00e9-des-Vosges pr\u00e9sentera prochainement le projet \u00ab Almoraima \u00bb, \u00e0 travers deux concerts \u00e0 l\u2019Espace Georges-Sadoul . Un [&hellip;]","twitter_image":"https:\/\/vosgesinfo.fr\/app\/uploads\/sites\/4\/2025\/12\/concerts-almoraima-o.jpg","twitter_creator":"@VosgesInfo88","twitter_site":"@VosgesInfo88","twitter_misc":{"\u00c9crit par":"J.J.","Dur\u00e9e de lecture estim\u00e9e":"2 minutes"},"schema":{"@context":"https:\/\/schema.org","@graph":[{"@type":"Article","@id":"https:\/\/vosgesinfo.fr\/saintdieinfo\/2025\/12\/almoraima-lorchestre-dharmonie-de-saint-die-des-vosges-au-rythme-de-lespagne\/#article","isPartOf":{"@id":"https:\/\/vosgesinfo.fr\/saintdieinfo\/2025\/12\/almoraima-lorchestre-dharmonie-de-saint-die-des-vosges-au-rythme-de-lespagne\/"},"author":{"name":"J.J.","@id":"https:\/\/vosgesinfo.fr\/saintdieinfo\/#\/schema\/person\/fa73e9f726d67bb88f46d5b7943cb572"},"headline":"Almoraima : l\u2019Orchestre d\u2019Harmonie de Saint-Di\u00e9-des-Vosges au rythme de l&rsquo;Espagne","datePublished":"2025-12-10T16:22:27+00:00","dateModified":"2025-12-10T16:13:19+00:00","mainEntityOfPage":{"@id":"https:\/\/vosgesinfo.fr\/saintdieinfo\/2025\/12\/almoraima-lorchestre-dharmonie-de-saint-die-des-vosges-au-rythme-de-lespagne\/"},"wordCount":316,"commentCount":0,"publisher":{"@id":"https:\/\/vosgesinfo.fr\/saintdieinfo\/#organization"},"image":{"@id":"https:\/\/vosgesinfo.fr\/saintdieinfo\/2025\/12\/almoraima-lorchestre-dharmonie-de-saint-die-des-vosges-au-rythme-de-lespagne\/#primaryimage"},"thumbnailUrl":"https:\/\/vosgesinfo.fr\/app\/uploads\/sites\/4\/2025\/12\/concerts-almoraima-o.jpg","keywords":["Almoraima","Anthony Corteel","cabaret","concert gratuit","concerts","Espace Georges-Sadoul","Flamenco","musique espagnole","Orchestre d'Harmonie de Saint-Di\u00e9-des-Vosges","Orchestre+","Saint-Di\u00e9-des-Vosges","Silvia Fernandez","Willy Fran\u00e7ois"],"articleSection":["A la Une","Concert","Saint-Di\u00e9-des-Vosges","Vie Associative"],"inLanguage":"fr-FR","potentialAction":[{"@type":"CommentAction","name":"Comment","target":["https:\/\/vosgesinfo.fr\/saintdieinfo\/2025\/12\/almoraima-lorchestre-dharmonie-de-saint-die-des-vosges-au-rythme-de-lespagne\/#respond"]}]},{"@type":"WebPage","@id":"https:\/\/vosgesinfo.fr\/saintdieinfo\/2025\/12\/almoraima-lorchestre-dharmonie-de-saint-die-des-vosges-au-rythme-de-lespagne\/","url":"https:\/\/vosgesinfo.fr\/saintdieinfo\/2025\/12\/almoraima-lorchestre-dharmonie-de-saint-die-des-vosges-au-rythme-de-lespagne\/","name":"Almoraima : l\u2019Orchestre d\u2019Harmonie de Saint-Di\u00e9-des-Vosges au rythme de l'Espagne - Saint Die Info","isPartOf":{"@id":"https:\/\/vosgesinfo.fr\/saintdieinfo\/#website"},"primaryImageOfPage":{"@id":"https:\/\/vosgesinfo.fr\/saintdieinfo\/2025\/12\/almoraima-lorchestre-dharmonie-de-saint-die-des-vosges-au-rythme-de-lespagne\/#primaryimage"},"image":{"@id":"https:\/\/vosgesinfo.fr\/saintdieinfo\/2025\/12\/almoraima-lorchestre-dharmonie-de-saint-die-des-vosges-au-rythme-de-lespagne\/#primaryimage"},"thumbnailUrl":"https:\/\/vosgesinfo.fr\/app\/uploads\/sites\/4\/2025\/12\/concerts-almoraima-o.jpg","datePublished":"2025-12-10T16:22:27+00:00","dateModified":"2025-12-10T16:13:19+00:00","breadcrumb":{"@id":"https:\/\/vosgesinfo.fr\/saintdieinfo\/2025\/12\/almoraima-lorchestre-dharmonie-de-saint-die-des-vosges-au-rythme-de-lespagne\/#breadcrumb"},"inLanguage":"fr-FR","potentialAction":[{"@type":"ReadAction","target":["https:\/\/vosgesinfo.fr\/saintdieinfo\/2025\/12\/almoraima-lorchestre-dharmonie-de-saint-die-des-vosges-au-rythme-de-lespagne\/"]}]},{"@type":"ImageObject","inLanguage":"fr-FR","@id":"https:\/\/vosgesinfo.fr\/saintdieinfo\/2025\/12\/almoraima-lorchestre-dharmonie-de-saint-die-des-vosges-au-rythme-de-lespagne\/#primaryimage","url":"https:\/\/vosgesinfo.fr\/app\/uploads\/sites\/4\/2025\/12\/concerts-almoraima-o.jpg","contentUrl":"https:\/\/vosgesinfo.fr\/app\/uploads\/sites\/4\/2025\/12\/concerts-almoraima-o.jpg","width":764,"height":1080,"caption":"(Affiche Orchestre+)"},{"@type":"BreadcrumbList","@id":"https:\/\/vosgesinfo.fr\/saintdieinfo\/2025\/12\/almoraima-lorchestre-dharmonie-de-saint-die-des-vosges-au-rythme-de-lespagne\/#breadcrumb","itemListElement":[{"@type":"ListItem","position":1,"name":"Home","item":"https:\/\/vosgesinfo.fr\/saintdieinfo\/"},{"@type":"ListItem","position":2,"name":"Almoraima : l\u2019Orchestre d\u2019Harmonie de Saint-Di\u00e9-des-Vosges au rythme de l&rsquo;Espagne"}]},{"@type":"WebSite","@id":"https:\/\/vosgesinfo.fr\/saintdieinfo\/#website","url":"https:\/\/vosgesinfo.fr\/saintdieinfo\/","name":"Saint Die Info","description":"Toute l&#039;actualit\u00e9 de Saint-Di\u00e9-Des-Vosges","publisher":{"@id":"https:\/\/vosgesinfo.fr\/saintdieinfo\/#organization"},"alternateName":"Toute l'actualit\u00e9 de Saint-Di\u00e9-Des-Vosges","potentialAction":[{"@type":"SearchAction","target":{"@type":"EntryPoint","urlTemplate":"https:\/\/vosgesinfo.fr\/saintdieinfo\/?s={search_term_string}"},"query-input":"required name=search_term_string"}],"inLanguage":"fr-FR"},{"@type":"Organization","@id":"https:\/\/vosgesinfo.fr\/saintdieinfo\/#organization","name":"Saint Die Info","url":"https:\/\/vosgesinfo.fr\/saintdieinfo\/","logo":{"@type":"ImageObject","inLanguage":"fr-FR","@id":"https:\/\/vosgesinfo.fr\/saintdieinfo\/#\/schema\/logo\/image\/","url":"https:\/\/vosgesinfo.fr\/app\/uploads\/sites\/4\/2024\/02\/logo-sdi.jpg","contentUrl":"https:\/\/vosgesinfo.fr\/app\/uploads\/sites\/4\/2024\/02\/logo-sdi.jpg","width":600,"height":600,"caption":"Saint Die Info"},"image":{"@id":"https:\/\/vosgesinfo.fr\/saintdieinfo\/#\/schema\/logo\/image\/"},"sameAs":["https:\/\/www.facebook.com\/Saintdieinfofr","https:\/\/x.com\/VosgesInfo88","https:\/\/www.youtube.com\/@vosgesinfo"]},{"@type":"Person","@id":"https:\/\/vosgesinfo.fr\/saintdieinfo\/#\/schema\/person\/fa73e9f726d67bb88f46d5b7943cb572","name":"J.J.","image":{"@type":"ImageObject","inLanguage":"fr-FR","@id":"https:\/\/vosgesinfo.fr\/saintdieinfo\/#\/schema\/person\/image\/","url":"https:\/\/secure.gravatar.com\/avatar\/219e749e47ffbcca018a360ae4add7d4cdf1cdaaf8bc7676b27efade3fe65615?s=96&d=mm&r=g","contentUrl":"https:\/\/secure.gravatar.com\/avatar\/219e749e47ffbcca018a360ae4add7d4cdf1cdaaf8bc7676b27efade3fe65615?s=96&d=mm&r=g","caption":"J.J."},"url":"https:\/\/vosgesinfo.fr\/saintdieinfo\/author\/j-j\/"}]}},"_links":{"self":[{"href":"https:\/\/vosgesinfo.fr\/saintdieinfo\/wp-json\/wp\/v2\/posts\/85759","targetHints":{"allow":["GET"]}}],"collection":[{"href":"https:\/\/vosgesinfo.fr\/saintdieinfo\/wp-json\/wp\/v2\/posts"}],"about":[{"href":"https:\/\/vosgesinfo.fr\/saintdieinfo\/wp-json\/wp\/v2\/types\/post"}],"author":[{"embeddable":true,"href":"https:\/\/vosgesinfo.fr\/saintdieinfo\/wp-json\/wp\/v2\/users\/46"}],"replies":[{"embeddable":true,"href":"https:\/\/vosgesinfo.fr\/saintdieinfo\/wp-json\/wp\/v2\/comments?post=85759"}],"version-history":[{"count":1,"href":"https:\/\/vosgesinfo.fr\/saintdieinfo\/wp-json\/wp\/v2\/posts\/85759\/revisions"}],"predecessor-version":[{"id":85765,"href":"https:\/\/vosgesinfo.fr\/saintdieinfo\/wp-json\/wp\/v2\/posts\/85759\/revisions\/85765"}],"wp:featuredmedia":[{"embeddable":true,"href":"https:\/\/vosgesinfo.fr\/saintdieinfo\/wp-json\/wp\/v2\/media\/85760"}],"wp:attachment":[{"href":"https:\/\/vosgesinfo.fr\/saintdieinfo\/wp-json\/wp\/v2\/media?parent=85759"}],"wp:term":[{"taxonomy":"category","embeddable":true,"href":"https:\/\/vosgesinfo.fr\/saintdieinfo\/wp-json\/wp\/v2\/categories?post=85759"},{"taxonomy":"post_tag","embeddable":true,"href":"https:\/\/vosgesinfo.fr\/saintdieinfo\/wp-json\/wp\/v2\/tags?post=85759"}],"curies":[{"name":"wp","href":"https:\/\/api.w.org\/{rel}","templated":true}]}}