{"id":85835,"date":"2025-12-12T10:11:34","date_gmt":"2025-12-12T09:11:34","guid":{"rendered":"https:\/\/vosgesinfo.fr\/saintdieinfo\/?p=85835"},"modified":"2025-12-12T10:04:20","modified_gmt":"2025-12-12T09:04:20","slug":"la-societe-des-amis-des-mediatheques-et-du-musee-pierre-noel-presente-ses-feves-de-collection","status":"publish","type":"post","link":"https:\/\/vosgesinfo.fr\/saintdieinfo\/2025\/12\/la-societe-des-amis-des-mediatheques-et-du-musee-pierre-noel-presente-ses-feves-de-collection\/","title":{"rendered":"La Soci\u00e9t\u00e9 des Amis des M\u00e9diath\u00e8ques et du Mus\u00e9e Pierre-No\u00ebl pr\u00e9sente ses f\u00e8ves de collection"},"content":{"rendered":"<div id=\"attachment_85820\" style=\"width: 586px\" class=\"wp-caption alignnone\"><a href=\"https:\/\/vosgesinfo.fr\/app\/uploads\/sites\/4\/2025\/12\/expositionvente-feves-samm-1.jpg\"><img decoding=\"async\" aria-describedby=\"caption-attachment-85820\" class=\"size-full wp-image-85820\" src=\"https:\/\/vosgesinfo.fr\/app\/uploads\/sites\/4\/2025\/12\/expositionvente-feves-samm-1.jpg\" alt=\"\" width=\"576\" height=\"604\" srcset=\"https:\/\/vosgesinfo.fr\/app\/uploads\/sites\/4\/2025\/12\/expositionvente-feves-samm-1.jpg 576w, https:\/\/vosgesinfo.fr\/app\/uploads\/sites\/4\/2025\/12\/expositionvente-feves-samm-1-286x300.jpg 286w\" sizes=\"(max-width: 576px) 100vw, 576px\" \/><\/a><p id=\"caption-attachment-85820\" class=\"wp-caption-text\">(photographies Soci\u00e9t\u00e9 Des Amis Des M\u00e9diath\u00e8ques et du Mus\u00e9e Pierre-No\u00ebl)<\/p><\/div>\n<h2>La <strong>SAMM \u2013 Soci\u00e9t\u00e9 Des Amis Des M\u00e9diath\u00e8ques et du Mus\u00e9e Pierre-No\u00ebl \u2013<\/strong> pr\u00e9sente une <strong>exposition de f\u00e8ves<\/strong> au premier \u00e9tage de <strong>La Boussole<\/strong>, dans la grande vitrine de l\u2019espace consacr\u00e9 aux Arts.<\/h2>\n<p><!--more--><\/p>\n<h3><b>370 f\u00e8ves autour du patrimoine d\u00e9odatien, vosgien et lorrain<\/b><\/h3>\n<p>Au total, <strong>370 f\u00e8ves<\/strong> sont r\u00e9unies, dont une petite moiti\u00e9 \u00e9dit\u00e9e par la <strong>manufacture artisanale NEX<\/strong>, cr\u00e9\u00e9e \u00e0 Domr\u00e9my-la-Pucelle et aujourd\u2019hui active \u00e0 Autreville, dans le m\u00eame secteur du d\u00e9partement des Vosges. Saint Nicolas, Jeanne d\u2019Arc, le patrimoine lorrain et d\u2019autres th\u00e8mes, comme les stades de la Coupe du monde de football 1998, y sont repr\u00e9sent\u00e9s.<\/p>\n<p>La deuxi\u00e8me partie de l\u2019exposition fait appel \u00e0 d\u2019autres fabricants artisanaux et \u00e0 la production industrielle de Prime, dont le si\u00e8ge se situe en Haute-Sa\u00f4ne. L\u00e0 aussi, la s\u00e9lection a privil\u00e9gi\u00e9 la mise en valeur de <strong>Saint-Di\u00e9-des-Vosges<\/strong>, des Vosges et de la Lorraine. L\u2019exposition est visible jusqu\u2019au 7 janvier prochain, aux heures d\u2019ouverture de la m\u00e9diath\u00e8que.<\/p>\n<h3><strong>Vente de f\u00e8ves de collection au mus\u00e9e Pierre-No\u00ebl<\/strong><\/h3>\n<p>La SAMM organise \u00e9galement une vente de f\u00e8ves de collection NEX au <strong>mus\u00e9e Pierre-No\u00ebl<\/strong> le <strong>dimanche 4 janvier 2026<\/strong>. Deux s\u00e9ries sont propos\u00e9es : une s\u00e9rie de <strong>5 f\u00e8ves<\/strong> fa\u00e7on plaques de rues, consacr\u00e9es aux \u00ab grands hommes \u00bb de Saint-Di\u00e9-des-Vosges, et une s\u00e9rie de <strong>14 f\u00e8ves<\/strong> mettant en lumi\u00e8re autant de chapelles dans le d\u00e9partement des Vosges.<\/p>\n\n\t\t<style type=\"text\/css\">\n\t\t\t#gallery-1 {\n\t\t\t\tmargin: auto;\n\t\t\t}\n\t\t\t#gallery-1 .gallery-item {\n\t\t\t\tfloat: left;\n\t\t\t\tmargin-top: 10px;\n\t\t\t\ttext-align: center;\n\t\t\t\twidth: 50%;\n\t\t\t}\n\t\t\t#gallery-1 img {\n\t\t\t\tborder: 2px solid #cfcfcf;\n\t\t\t}\n\t\t\t#gallery-1 .gallery-caption {\n\t\t\t\tmargin-left: 0;\n\t\t\t}\n\t\t\t\/* see gallery_shortcode() in wp-includes\/media.php *\/\n\t\t<\/style>\n\t\t<div id='gallery-1' class='gallery galleryid-85835 gallery-columns-2 gallery-size-thumbnail'><dl class='gallery-item'>\n\t\t\t<dt class='gallery-icon landscape'>\n\t\t\t\t<a href='https:\/\/vosgesinfo.fr\/app\/uploads\/sites\/4\/2025\/12\/expositionvente-feves-samm-2.jpg'><img decoding=\"async\" width=\"150\" height=\"150\" src=\"https:\/\/vosgesinfo.fr\/app\/uploads\/sites\/4\/2025\/12\/expositionvente-feves-samm-2-150x150.jpg\" class=\"attachment-thumbnail size-thumbnail\" alt=\"\" \/><\/a>\n\t\t\t<\/dt><\/dl><dl class='gallery-item'>\n\t\t\t<dt class='gallery-icon landscape'>\n\t\t\t\t<a href='https:\/\/vosgesinfo.fr\/app\/uploads\/sites\/4\/2025\/12\/expositionvente-feves-samm-3.jpg'><img decoding=\"async\" width=\"150\" height=\"150\" src=\"https:\/\/vosgesinfo.fr\/app\/uploads\/sites\/4\/2025\/12\/expositionvente-feves-samm-3-150x150.jpg\" class=\"attachment-thumbnail size-thumbnail\" alt=\"\" \/><\/a>\n\t\t\t<\/dt><\/dl><br style=\"clear: both\" \/>\n\t\t<\/div>\n\n","protected":false},"excerpt":{"rendered":"<p>La SAMM \u2013 Soci\u00e9t\u00e9 Des Amis Des M\u00e9diath\u00e8ques et du Mus\u00e9e Pierre-No\u00ebl \u2013 pr\u00e9sente une exposition de f\u00e8ves au premier [&hellip;]<\/p>\n","protected":false},"author":46,"featured_media":85820,"comment_status":"open","ping_status":"open","sticky":false,"template":"","format":"standard","meta":{"footnotes":""},"categories":[460,7847,167,17],"tags":[3594,8336,3027,19424,19427,3333,19428,2881,2711,19425,19426,43],"class_list":["post-85835","post","type-post","status-publish","format-standard","has-post-thumbnail","hentry","category-a-la-une","category-art-culture","category-saint-die-des-vosges","category-vie-associative","tag-feves-de-collection","tag-jeanne-darc","tag-la-boussole","tag-manufacture-nex","tag-mediatheque","tag-musee-pierre-noel","tag-patrimoine-lorrain","tag-saint-die-des-vosges","tag-saint-nicolas","tag-samm","tag-societe-des-amis-des-mediatheques-et-du-musee-pierre-noel","tag-vosges"],"acf":[],"yoast_head":"<!-- This site is optimized with the Yoast SEO plugin v22.5 - https:\/\/yoast.com\/wordpress\/plugins\/seo\/ -->\n<title>La Soci\u00e9t\u00e9 des Amis des M\u00e9diath\u00e8ques et du Mus\u00e9e Pierre-No\u00ebl pr\u00e9sente ses f\u00e8ves de collection - Saint Die Info<\/title>\n<meta name=\"robots\" content=\"index, follow, max-snippet:-1, max-image-preview:large, max-video-preview:-1\" \/>\n<link rel=\"canonical\" href=\"https:\/\/vosgesinfo.fr\/saintdieinfo\/2025\/12\/la-societe-des-amis-des-mediatheques-et-du-musee-pierre-noel-presente-ses-feves-de-collection\/\" \/>\n<meta name=\"twitter:card\" content=\"summary_large_image\" \/>\n<meta name=\"twitter:title\" content=\"La Soci\u00e9t\u00e9 des Amis des M\u00e9diath\u00e8ques et du Mus\u00e9e Pierre-No\u00ebl pr\u00e9sente ses f\u00e8ves de collection - Saint Die Info\" \/>\n<meta name=\"twitter:description\" content=\"La SAMM \u2013 Soci\u00e9t\u00e9 Des Amis Des M\u00e9diath\u00e8ques et du Mus\u00e9e Pierre-No\u00ebl \u2013 pr\u00e9sente une exposition de f\u00e8ves au premier [&hellip;]\" \/>\n<meta name=\"twitter:image\" content=\"https:\/\/vosgesinfo.fr\/app\/uploads\/sites\/4\/2025\/12\/expositionvente-feves-samm-1.jpg\" \/>\n<meta name=\"twitter:creator\" content=\"@VosgesInfo88\" \/>\n<meta name=\"twitter:site\" content=\"@VosgesInfo88\" \/>\n<meta name=\"twitter:label1\" content=\"\u00c9crit par\" \/>\n\t<meta name=\"twitter:data1\" content=\"J.J.\" \/>\n\t<meta name=\"twitter:label2\" content=\"Dur\u00e9e de lecture estim\u00e9e\" \/>\n\t<meta name=\"twitter:data2\" content=\"1 minute\" \/>\n<script type=\"application\/ld+json\" class=\"yoast-schema-graph\">{\"@context\":\"https:\/\/schema.org\",\"@graph\":[{\"@type\":\"Article\",\"@id\":\"https:\/\/vosgesinfo.fr\/saintdieinfo\/2025\/12\/la-societe-des-amis-des-mediatheques-et-du-musee-pierre-noel-presente-ses-feves-de-collection\/#article\",\"isPartOf\":{\"@id\":\"https:\/\/vosgesinfo.fr\/saintdieinfo\/2025\/12\/la-societe-des-amis-des-mediatheques-et-du-musee-pierre-noel-presente-ses-feves-de-collection\/\"},\"author\":{\"name\":\"J.J.\",\"@id\":\"https:\/\/vosgesinfo.fr\/saintdieinfo\/#\/schema\/person\/fa73e9f726d67bb88f46d5b7943cb572\"},\"headline\":\"La Soci\u00e9t\u00e9 des Amis des M\u00e9diath\u00e8ques et du Mus\u00e9e Pierre-No\u00ebl pr\u00e9sente ses f\u00e8ves de collection\",\"datePublished\":\"2025-12-12T09:11:34+00:00\",\"dateModified\":\"2025-12-12T09:04:20+00:00\",\"mainEntityOfPage\":{\"@id\":\"https:\/\/vosgesinfo.fr\/saintdieinfo\/2025\/12\/la-societe-des-amis-des-mediatheques-et-du-musee-pierre-noel-presente-ses-feves-de-collection\/\"},\"wordCount\":305,\"commentCount\":0,\"publisher\":{\"@id\":\"https:\/\/vosgesinfo.fr\/saintdieinfo\/#organization\"},\"image\":{\"@id\":\"https:\/\/vosgesinfo.fr\/saintdieinfo\/2025\/12\/la-societe-des-amis-des-mediatheques-et-du-musee-pierre-noel-presente-ses-feves-de-collection\/#primaryimage\"},\"thumbnailUrl\":\"https:\/\/vosgesinfo.fr\/app\/uploads\/sites\/4\/2025\/12\/expositionvente-feves-samm-1.jpg\",\"keywords\":[\"F\u00e8ves de collection\",\"Jeanne d'Arc\",\"La Boussole\",\"manufacture NEX\",\"m\u00e9diath\u00e8que\",\"Mus\u00e9e Pierre-No\u00ebl\",\"patrimoine lorrain\",\"Saint-Di\u00e9-des-Vosges\",\"Saint-Nicolas\",\"SAMM\",\"Soci\u00e9t\u00e9 des Amis des M\u00e9diath\u00e8ques et du Mus\u00e9e Pierre-No\u00ebl\",\"vosges\"],\"articleSection\":[\"A la Une\",\"Culture\",\"Saint-Di\u00e9-des-Vosges\",\"Vie Associative\"],\"inLanguage\":\"fr-FR\",\"potentialAction\":[{\"@type\":\"CommentAction\",\"name\":\"Comment\",\"target\":[\"https:\/\/vosgesinfo.fr\/saintdieinfo\/2025\/12\/la-societe-des-amis-des-mediatheques-et-du-musee-pierre-noel-presente-ses-feves-de-collection\/#respond\"]}]},{\"@type\":\"WebPage\",\"@id\":\"https:\/\/vosgesinfo.fr\/saintdieinfo\/2025\/12\/la-societe-des-amis-des-mediatheques-et-du-musee-pierre-noel-presente-ses-feves-de-collection\/\",\"url\":\"https:\/\/vosgesinfo.fr\/saintdieinfo\/2025\/12\/la-societe-des-amis-des-mediatheques-et-du-musee-pierre-noel-presente-ses-feves-de-collection\/\",\"name\":\"La Soci\u00e9t\u00e9 des Amis des M\u00e9diath\u00e8ques et du Mus\u00e9e Pierre-No\u00ebl pr\u00e9sente ses f\u00e8ves de collection - Saint Die Info\",\"isPartOf\":{\"@id\":\"https:\/\/vosgesinfo.fr\/saintdieinfo\/#website\"},\"primaryImageOfPage\":{\"@id\":\"https:\/\/vosgesinfo.fr\/saintdieinfo\/2025\/12\/la-societe-des-amis-des-mediatheques-et-du-musee-pierre-noel-presente-ses-feves-de-collection\/#primaryimage\"},\"image\":{\"@id\":\"https:\/\/vosgesinfo.fr\/saintdieinfo\/2025\/12\/la-societe-des-amis-des-mediatheques-et-du-musee-pierre-noel-presente-ses-feves-de-collection\/#primaryimage\"},\"thumbnailUrl\":\"https:\/\/vosgesinfo.fr\/app\/uploads\/sites\/4\/2025\/12\/expositionvente-feves-samm-1.jpg\",\"datePublished\":\"2025-12-12T09:11:34+00:00\",\"dateModified\":\"2025-12-12T09:04:20+00:00\",\"breadcrumb\":{\"@id\":\"https:\/\/vosgesinfo.fr\/saintdieinfo\/2025\/12\/la-societe-des-amis-des-mediatheques-et-du-musee-pierre-noel-presente-ses-feves-de-collection\/#breadcrumb\"},\"inLanguage\":\"fr-FR\",\"potentialAction\":[{\"@type\":\"ReadAction\",\"target\":[\"https:\/\/vosgesinfo.fr\/saintdieinfo\/2025\/12\/la-societe-des-amis-des-mediatheques-et-du-musee-pierre-noel-presente-ses-feves-de-collection\/\"]}]},{\"@type\":\"ImageObject\",\"inLanguage\":\"fr-FR\",\"@id\":\"https:\/\/vosgesinfo.fr\/saintdieinfo\/2025\/12\/la-societe-des-amis-des-mediatheques-et-du-musee-pierre-noel-presente-ses-feves-de-collection\/#primaryimage\",\"url\":\"https:\/\/vosgesinfo.fr\/app\/uploads\/sites\/4\/2025\/12\/expositionvente-feves-samm-1.jpg\",\"contentUrl\":\"https:\/\/vosgesinfo.fr\/app\/uploads\/sites\/4\/2025\/12\/expositionvente-feves-samm-1.jpg\",\"width\":576,\"height\":604,\"caption\":\"(photographies Soci\u00e9t\u00e9 Des Amis Des M\u00e9diath\u00e8ques et du Mus\u00e9e Pierre-No\u00ebl)\"},{\"@type\":\"BreadcrumbList\",\"@id\":\"https:\/\/vosgesinfo.fr\/saintdieinfo\/2025\/12\/la-societe-des-amis-des-mediatheques-et-du-musee-pierre-noel-presente-ses-feves-de-collection\/#breadcrumb\",\"itemListElement\":[{\"@type\":\"ListItem\",\"position\":1,\"name\":\"Home\",\"item\":\"https:\/\/vosgesinfo.fr\/saintdieinfo\/\"},{\"@type\":\"ListItem\",\"position\":2,\"name\":\"La Soci\u00e9t\u00e9 des Amis des M\u00e9diath\u00e8ques et du Mus\u00e9e Pierre-No\u00ebl pr\u00e9sente ses f\u00e8ves de collection\"}]},{\"@type\":\"WebSite\",\"@id\":\"https:\/\/vosgesinfo.fr\/saintdieinfo\/#website\",\"url\":\"https:\/\/vosgesinfo.fr\/saintdieinfo\/\",\"name\":\"Saint Die Info\",\"description\":\"Toute l&#039;actualit\u00e9 de Saint-Di\u00e9-Des-Vosges\",\"publisher\":{\"@id\":\"https:\/\/vosgesinfo.fr\/saintdieinfo\/#organization\"},\"alternateName\":\"Toute l'actualit\u00e9 de Saint-Di\u00e9-Des-Vosges\",\"potentialAction\":[{\"@type\":\"SearchAction\",\"target\":{\"@type\":\"EntryPoint\",\"urlTemplate\":\"https:\/\/vosgesinfo.fr\/saintdieinfo\/?s={search_term_string}\"},\"query-input\":\"required name=search_term_string\"}],\"inLanguage\":\"fr-FR\"},{\"@type\":\"Organization\",\"@id\":\"https:\/\/vosgesinfo.fr\/saintdieinfo\/#organization\",\"name\":\"Saint Die Info\",\"url\":\"https:\/\/vosgesinfo.fr\/saintdieinfo\/\",\"logo\":{\"@type\":\"ImageObject\",\"inLanguage\":\"fr-FR\",\"@id\":\"https:\/\/vosgesinfo.fr\/saintdieinfo\/#\/schema\/logo\/image\/\",\"url\":\"https:\/\/vosgesinfo.fr\/app\/uploads\/sites\/4\/2024\/02\/logo-sdi.jpg\",\"contentUrl\":\"https:\/\/vosgesinfo.fr\/app\/uploads\/sites\/4\/2024\/02\/logo-sdi.jpg\",\"width\":600,\"height\":600,\"caption\":\"Saint Die Info\"},\"image\":{\"@id\":\"https:\/\/vosgesinfo.fr\/saintdieinfo\/#\/schema\/logo\/image\/\"},\"sameAs\":[\"https:\/\/www.facebook.com\/Saintdieinfofr\",\"https:\/\/x.com\/VosgesInfo88\",\"https:\/\/www.youtube.com\/@vosgesinfo\"]},{\"@type\":\"Person\",\"@id\":\"https:\/\/vosgesinfo.fr\/saintdieinfo\/#\/schema\/person\/fa73e9f726d67bb88f46d5b7943cb572\",\"name\":\"J.J.\",\"image\":{\"@type\":\"ImageObject\",\"inLanguage\":\"fr-FR\",\"@id\":\"https:\/\/vosgesinfo.fr\/saintdieinfo\/#\/schema\/person\/image\/\",\"url\":\"https:\/\/secure.gravatar.com\/avatar\/219e749e47ffbcca018a360ae4add7d4cdf1cdaaf8bc7676b27efade3fe65615?s=96&d=mm&r=g\",\"contentUrl\":\"https:\/\/secure.gravatar.com\/avatar\/219e749e47ffbcca018a360ae4add7d4cdf1cdaaf8bc7676b27efade3fe65615?s=96&d=mm&r=g\",\"caption\":\"J.J.\"},\"url\":\"https:\/\/vosgesinfo.fr\/saintdieinfo\/author\/j-j\/\"}]}<\/script>\n<!-- \/ Yoast SEO plugin. -->","yoast_head_json":{"title":"La Soci\u00e9t\u00e9 des Amis des M\u00e9diath\u00e8ques et du Mus\u00e9e Pierre-No\u00ebl pr\u00e9sente ses f\u00e8ves de collection - Saint Die Info","robots":{"index":"index","follow":"follow","max-snippet":"max-snippet:-1","max-image-preview":"max-image-preview:large","max-video-preview":"max-video-preview:-1"},"canonical":"https:\/\/vosgesinfo.fr\/saintdieinfo\/2025\/12\/la-societe-des-amis-des-mediatheques-et-du-musee-pierre-noel-presente-ses-feves-de-collection\/","twitter_card":"summary_large_image","twitter_title":"La Soci\u00e9t\u00e9 des Amis des M\u00e9diath\u00e8ques et du Mus\u00e9e Pierre-No\u00ebl pr\u00e9sente ses f\u00e8ves de collection - Saint Die Info","twitter_description":"La SAMM \u2013 Soci\u00e9t\u00e9 Des Amis Des M\u00e9diath\u00e8ques et du Mus\u00e9e Pierre-No\u00ebl \u2013 pr\u00e9sente une exposition de f\u00e8ves au premier [&hellip;]","twitter_image":"https:\/\/vosgesinfo.fr\/app\/uploads\/sites\/4\/2025\/12\/expositionvente-feves-samm-1.jpg","twitter_creator":"@VosgesInfo88","twitter_site":"@VosgesInfo88","twitter_misc":{"\u00c9crit par":"J.J.","Dur\u00e9e de lecture estim\u00e9e":"1 minute"},"schema":{"@context":"https:\/\/schema.org","@graph":[{"@type":"Article","@id":"https:\/\/vosgesinfo.fr\/saintdieinfo\/2025\/12\/la-societe-des-amis-des-mediatheques-et-du-musee-pierre-noel-presente-ses-feves-de-collection\/#article","isPartOf":{"@id":"https:\/\/vosgesinfo.fr\/saintdieinfo\/2025\/12\/la-societe-des-amis-des-mediatheques-et-du-musee-pierre-noel-presente-ses-feves-de-collection\/"},"author":{"name":"J.J.","@id":"https:\/\/vosgesinfo.fr\/saintdieinfo\/#\/schema\/person\/fa73e9f726d67bb88f46d5b7943cb572"},"headline":"La Soci\u00e9t\u00e9 des Amis des M\u00e9diath\u00e8ques et du Mus\u00e9e Pierre-No\u00ebl pr\u00e9sente ses f\u00e8ves de collection","datePublished":"2025-12-12T09:11:34+00:00","dateModified":"2025-12-12T09:04:20+00:00","mainEntityOfPage":{"@id":"https:\/\/vosgesinfo.fr\/saintdieinfo\/2025\/12\/la-societe-des-amis-des-mediatheques-et-du-musee-pierre-noel-presente-ses-feves-de-collection\/"},"wordCount":305,"commentCount":0,"publisher":{"@id":"https:\/\/vosgesinfo.fr\/saintdieinfo\/#organization"},"image":{"@id":"https:\/\/vosgesinfo.fr\/saintdieinfo\/2025\/12\/la-societe-des-amis-des-mediatheques-et-du-musee-pierre-noel-presente-ses-feves-de-collection\/#primaryimage"},"thumbnailUrl":"https:\/\/vosgesinfo.fr\/app\/uploads\/sites\/4\/2025\/12\/expositionvente-feves-samm-1.jpg","keywords":["F\u00e8ves de collection","Jeanne d'Arc","La Boussole","manufacture NEX","m\u00e9diath\u00e8que","Mus\u00e9e Pierre-No\u00ebl","patrimoine lorrain","Saint-Di\u00e9-des-Vosges","Saint-Nicolas","SAMM","Soci\u00e9t\u00e9 des Amis des M\u00e9diath\u00e8ques et du Mus\u00e9e Pierre-No\u00ebl","vosges"],"articleSection":["A la Une","Culture","Saint-Di\u00e9-des-Vosges","Vie Associative"],"inLanguage":"fr-FR","potentialAction":[{"@type":"CommentAction","name":"Comment","target":["https:\/\/vosgesinfo.fr\/saintdieinfo\/2025\/12\/la-societe-des-amis-des-mediatheques-et-du-musee-pierre-noel-presente-ses-feves-de-collection\/#respond"]}]},{"@type":"WebPage","@id":"https:\/\/vosgesinfo.fr\/saintdieinfo\/2025\/12\/la-societe-des-amis-des-mediatheques-et-du-musee-pierre-noel-presente-ses-feves-de-collection\/","url":"https:\/\/vosgesinfo.fr\/saintdieinfo\/2025\/12\/la-societe-des-amis-des-mediatheques-et-du-musee-pierre-noel-presente-ses-feves-de-collection\/","name":"La Soci\u00e9t\u00e9 des Amis des M\u00e9diath\u00e8ques et du Mus\u00e9e Pierre-No\u00ebl pr\u00e9sente ses f\u00e8ves de collection - Saint Die Info","isPartOf":{"@id":"https:\/\/vosgesinfo.fr\/saintdieinfo\/#website"},"primaryImageOfPage":{"@id":"https:\/\/vosgesinfo.fr\/saintdieinfo\/2025\/12\/la-societe-des-amis-des-mediatheques-et-du-musee-pierre-noel-presente-ses-feves-de-collection\/#primaryimage"},"image":{"@id":"https:\/\/vosgesinfo.fr\/saintdieinfo\/2025\/12\/la-societe-des-amis-des-mediatheques-et-du-musee-pierre-noel-presente-ses-feves-de-collection\/#primaryimage"},"thumbnailUrl":"https:\/\/vosgesinfo.fr\/app\/uploads\/sites\/4\/2025\/12\/expositionvente-feves-samm-1.jpg","datePublished":"2025-12-12T09:11:34+00:00","dateModified":"2025-12-12T09:04:20+00:00","breadcrumb":{"@id":"https:\/\/vosgesinfo.fr\/saintdieinfo\/2025\/12\/la-societe-des-amis-des-mediatheques-et-du-musee-pierre-noel-presente-ses-feves-de-collection\/#breadcrumb"},"inLanguage":"fr-FR","potentialAction":[{"@type":"ReadAction","target":["https:\/\/vosgesinfo.fr\/saintdieinfo\/2025\/12\/la-societe-des-amis-des-mediatheques-et-du-musee-pierre-noel-presente-ses-feves-de-collection\/"]}]},{"@type":"ImageObject","inLanguage":"fr-FR","@id":"https:\/\/vosgesinfo.fr\/saintdieinfo\/2025\/12\/la-societe-des-amis-des-mediatheques-et-du-musee-pierre-noel-presente-ses-feves-de-collection\/#primaryimage","url":"https:\/\/vosgesinfo.fr\/app\/uploads\/sites\/4\/2025\/12\/expositionvente-feves-samm-1.jpg","contentUrl":"https:\/\/vosgesinfo.fr\/app\/uploads\/sites\/4\/2025\/12\/expositionvente-feves-samm-1.jpg","width":576,"height":604,"caption":"(photographies Soci\u00e9t\u00e9 Des Amis Des M\u00e9diath\u00e8ques et du Mus\u00e9e Pierre-No\u00ebl)"},{"@type":"BreadcrumbList","@id":"https:\/\/vosgesinfo.fr\/saintdieinfo\/2025\/12\/la-societe-des-amis-des-mediatheques-et-du-musee-pierre-noel-presente-ses-feves-de-collection\/#breadcrumb","itemListElement":[{"@type":"ListItem","position":1,"name":"Home","item":"https:\/\/vosgesinfo.fr\/saintdieinfo\/"},{"@type":"ListItem","position":2,"name":"La Soci\u00e9t\u00e9 des Amis des M\u00e9diath\u00e8ques et du Mus\u00e9e Pierre-No\u00ebl pr\u00e9sente ses f\u00e8ves de collection"}]},{"@type":"WebSite","@id":"https:\/\/vosgesinfo.fr\/saintdieinfo\/#website","url":"https:\/\/vosgesinfo.fr\/saintdieinfo\/","name":"Saint Die Info","description":"Toute l&#039;actualit\u00e9 de Saint-Di\u00e9-Des-Vosges","publisher":{"@id":"https:\/\/vosgesinfo.fr\/saintdieinfo\/#organization"},"alternateName":"Toute l'actualit\u00e9 de Saint-Di\u00e9-Des-Vosges","potentialAction":[{"@type":"SearchAction","target":{"@type":"EntryPoint","urlTemplate":"https:\/\/vosgesinfo.fr\/saintdieinfo\/?s={search_term_string}"},"query-input":"required name=search_term_string"}],"inLanguage":"fr-FR"},{"@type":"Organization","@id":"https:\/\/vosgesinfo.fr\/saintdieinfo\/#organization","name":"Saint Die Info","url":"https:\/\/vosgesinfo.fr\/saintdieinfo\/","logo":{"@type":"ImageObject","inLanguage":"fr-FR","@id":"https:\/\/vosgesinfo.fr\/saintdieinfo\/#\/schema\/logo\/image\/","url":"https:\/\/vosgesinfo.fr\/app\/uploads\/sites\/4\/2024\/02\/logo-sdi.jpg","contentUrl":"https:\/\/vosgesinfo.fr\/app\/uploads\/sites\/4\/2024\/02\/logo-sdi.jpg","width":600,"height":600,"caption":"Saint Die Info"},"image":{"@id":"https:\/\/vosgesinfo.fr\/saintdieinfo\/#\/schema\/logo\/image\/"},"sameAs":["https:\/\/www.facebook.com\/Saintdieinfofr","https:\/\/x.com\/VosgesInfo88","https:\/\/www.youtube.com\/@vosgesinfo"]},{"@type":"Person","@id":"https:\/\/vosgesinfo.fr\/saintdieinfo\/#\/schema\/person\/fa73e9f726d67bb88f46d5b7943cb572","name":"J.J.","image":{"@type":"ImageObject","inLanguage":"fr-FR","@id":"https:\/\/vosgesinfo.fr\/saintdieinfo\/#\/schema\/person\/image\/","url":"https:\/\/secure.gravatar.com\/avatar\/219e749e47ffbcca018a360ae4add7d4cdf1cdaaf8bc7676b27efade3fe65615?s=96&d=mm&r=g","contentUrl":"https:\/\/secure.gravatar.com\/avatar\/219e749e47ffbcca018a360ae4add7d4cdf1cdaaf8bc7676b27efade3fe65615?s=96&d=mm&r=g","caption":"J.J."},"url":"https:\/\/vosgesinfo.fr\/saintdieinfo\/author\/j-j\/"}]}},"_links":{"self":[{"href":"https:\/\/vosgesinfo.fr\/saintdieinfo\/wp-json\/wp\/v2\/posts\/85835","targetHints":{"allow":["GET"]}}],"collection":[{"href":"https:\/\/vosgesinfo.fr\/saintdieinfo\/wp-json\/wp\/v2\/posts"}],"about":[{"href":"https:\/\/vosgesinfo.fr\/saintdieinfo\/wp-json\/wp\/v2\/types\/post"}],"author":[{"embeddable":true,"href":"https:\/\/vosgesinfo.fr\/saintdieinfo\/wp-json\/wp\/v2\/users\/46"}],"replies":[{"embeddable":true,"href":"https:\/\/vosgesinfo.fr\/saintdieinfo\/wp-json\/wp\/v2\/comments?post=85835"}],"version-history":[{"count":1,"href":"https:\/\/vosgesinfo.fr\/saintdieinfo\/wp-json\/wp\/v2\/posts\/85835\/revisions"}],"predecessor-version":[{"id":85836,"href":"https:\/\/vosgesinfo.fr\/saintdieinfo\/wp-json\/wp\/v2\/posts\/85835\/revisions\/85836"}],"wp:featuredmedia":[{"embeddable":true,"href":"https:\/\/vosgesinfo.fr\/saintdieinfo\/wp-json\/wp\/v2\/media\/85820"}],"wp:attachment":[{"href":"https:\/\/vosgesinfo.fr\/saintdieinfo\/wp-json\/wp\/v2\/media?parent=85835"}],"wp:term":[{"taxonomy":"category","embeddable":true,"href":"https:\/\/vosgesinfo.fr\/saintdieinfo\/wp-json\/wp\/v2\/categories?post=85835"},{"taxonomy":"post_tag","embeddable":true,"href":"https:\/\/vosgesinfo.fr\/saintdieinfo\/wp-json\/wp\/v2\/tags?post=85835"}],"curies":[{"name":"wp","href":"https:\/\/api.w.org\/{rel}","templated":true}]}}