{"id":85837,"date":"2025-12-12T11:12:29","date_gmt":"2025-12-12T10:12:29","guid":{"rendered":"https:\/\/vosgesinfo.fr\/saintdieinfo\/?p=85837"},"modified":"2025-12-12T11:01:04","modified_gmt":"2025-12-12T10:01:04","slug":"12e-edition-pour-le-don-du-livre-de-lapist-saint-die","status":"publish","type":"post","link":"https:\/\/vosgesinfo.fr\/saintdieinfo\/2025\/12\/12e-edition-pour-le-don-du-livre-de-lapist-saint-die\/","title":{"rendered":"12e \u00e9dition pour le Don du Livre de l&rsquo;APIST Saint-Di\u00e9"},"content":{"rendered":"<div id=\"attachment_72971\" style=\"width: 1034px\" class=\"wp-caption alignnone\"><a href=\"https:\/\/vosgesinfo.fr\/app\/uploads\/sites\/4\/2025\/01\/11e-don-du-livre-apist-10-scaled.jpg\"><img decoding=\"async\" aria-describedby=\"caption-attachment-72971\" class=\"size-large wp-image-72971\" src=\"https:\/\/vosgesinfo.fr\/app\/uploads\/sites\/4\/2025\/01\/11e-don-du-livre-apist-10-1024x771.jpg\" alt=\"\" width=\"1024\" height=\"771\" srcset=\"https:\/\/vosgesinfo.fr\/app\/uploads\/sites\/4\/2025\/01\/11e-don-du-livre-apist-10-1024x771.jpg 1024w, https:\/\/vosgesinfo.fr\/app\/uploads\/sites\/4\/2025\/01\/11e-don-du-livre-apist-10-300x226.jpg 300w, https:\/\/vosgesinfo.fr\/app\/uploads\/sites\/4\/2025\/01\/11e-don-du-livre-apist-10-768x578.jpg 768w, https:\/\/vosgesinfo.fr\/app\/uploads\/sites\/4\/2025\/01\/11e-don-du-livre-apist-10-1536x1157.jpg 1536w, https:\/\/vosgesinfo.fr\/app\/uploads\/sites\/4\/2025\/01\/11e-don-du-livre-apist-10-2048x1542.jpg 2048w\" sizes=\"(max-width: 1024px) 100vw, 1024px\" \/><\/a><p id=\"caption-attachment-72971\" class=\"wp-caption-text\">(Archive)<\/p><\/div>\n<h2>En janvier 2026, l\u2019Association Pour l\u2019Int\u00e9gration Sociale des Personnes avec une Trisomie 21 \u2013\u00a0<strong>APIST Saint-Di\u00e9<\/strong> \u2013 organise la 12e \u00e9dition de son <strong>Don du Livre<\/strong> \u00e0 l\u2019<strong>Espace Fran\u00e7ois-Mitterrand<\/strong>. Pendant trois jours, ce rendez-vous mettra \u00e0 nouveau en avant le partage, la lecture et la solidarit\u00e9 autour du livre.<\/h2>\n<p><!--more--><\/p>\n<h3 class=\"western\"><strong>Horaires d\u2019ouverture et d\u00e9p\u00f4t des ouvrages<\/strong><\/h3>\n<p>Le principe est simple : chacun est invit\u00e9 \u00e0 apporter les ouvrages qu\u2019il ne lit plus, \u00e0 l\u2019exception des revues et encyclop\u00e9dies, \u00e0 choisir de nouveaux titres et \u00e0 laisser un don libre selon ses moyens.<\/p>\n<p>L\u2019accueil du public se fera le <strong>vendredi 16 janvier<\/strong><strong>, de 14 h 30 \u00e0 18 h<\/strong>, le <strong>samedi 17 janvier<\/strong><strong>, de 10 h \u00e0 18 h<\/strong>, et le <strong>dimanche 18 janvier<\/strong><strong>, de 10 h \u00e0 17 h<\/strong>. Les personnes souhaitant d\u00e9poser des livres pourront le faire en amont, le <strong>jeudi 15 janvier<\/strong><strong><b>, de 11 h \u00e0 18 h<\/b><\/strong><b>, pui<\/b>s le <b>vendredi 16 janvier<\/b>, de 11 h \u00e0 13 h 30.<\/p>\n<h3 class=\"western\"><strong>Appel \u00e0 b\u00e9n\u00e9voles<\/strong><\/h3>\n<p>L\u2019association lance \u00e9galement un <strong>appel \u00e0 b\u00e9n\u00e9voles<\/strong> pour l\u2019installation et le tri des livres, l\u2019accueil du public et la diffusion de l\u2019information. Les personnes int\u00e9ress\u00e9es peuvent se manifester par courriel \u00e0 <a href=\"mailto:apist.saintdie@gmail.com\" target=\"_blank\" rel=\"noopener\">apist.saintdie@gmail.com<\/a>, ou par t\u00e9l\u00e9phone au <strong>07-45-25-98-64.<\/strong><\/p>\n<h3 class=\"western\"><strong>Soutenir les actions de l&rsquo;association<\/strong><\/h3>\n<p>Les dons r\u00e9colt\u00e9s lors de cette 12e \u00e9dition permettront, comme les pr\u00e9c\u00e9dentes, de soutenir les actions d\u2019APIST Saint-Di\u00e9 en faveur des personnes ayant une <strong>trisomie 21<\/strong>.<\/p>\n<p><a href=\"https:\/\/vosgesinfo.fr\/app\/uploads\/sites\/4\/2025\/12\/annonce-don-du-livre-apist.jpg\"><img decoding=\"async\" class=\"alignnone size-large wp-image-85838\" src=\"https:\/\/vosgesinfo.fr\/app\/uploads\/sites\/4\/2025\/12\/annonce-don-du-livre-apist-723x1024.jpg\" alt=\"\" width=\"723\" height=\"1024\" srcset=\"https:\/\/vosgesinfo.fr\/app\/uploads\/sites\/4\/2025\/12\/annonce-don-du-livre-apist-723x1024.jpg 723w, https:\/\/vosgesinfo.fr\/app\/uploads\/sites\/4\/2025\/12\/annonce-don-du-livre-apist-212x300.jpg 212w, https:\/\/vosgesinfo.fr\/app\/uploads\/sites\/4\/2025\/12\/annonce-don-du-livre-apist.jpg 763w\" sizes=\"(max-width: 723px) 100vw, 723px\" \/><\/a><\/p>\n","protected":false},"excerpt":{"rendered":"<p>En janvier 2026, l\u2019Association Pour l\u2019Int\u00e9gration Sociale des Personnes avec une Trisomie 21 \u2013\u00a0APIST Saint-Di\u00e9 \u2013 organise la 12e \u00e9dition [&hellip;]<\/p>\n","protected":false},"author":46,"featured_media":72971,"comment_status":"open","ping_status":"open","sticky":false,"template":"","format":"standard","meta":{"footnotes":""},"categories":[460,167,29,17],"tags":[3743,877,7550,7563,3744,3089,2881,401,19429,43],"class_list":["post-85837","post","type-post","status-publish","format-standard","has-post-thumbnail","hentry","category-a-la-une","category-saint-die-des-vosges","category-solidarite","category-vie-associative","tag-apist-saint-die","tag-association","tag-collecte-de-livres","tag-don-de-livres","tag-don-du-livre","tag-espace-francois-mitterrand","tag-saint-die-des-vosges","tag-solidarite","tag-trisomie-21","tag-vosges"],"acf":[],"yoast_head":"<!-- This site is optimized with the Yoast SEO plugin v22.5 - https:\/\/yoast.com\/wordpress\/plugins\/seo\/ -->\n<title>12e \u00e9dition pour le Don du Livre de l&#039;APIST Saint-Di\u00e9 - Saint Die Info<\/title>\n<meta name=\"robots\" content=\"index, follow, max-snippet:-1, max-image-preview:large, max-video-preview:-1\" \/>\n<link rel=\"canonical\" href=\"https:\/\/vosgesinfo.fr\/saintdieinfo\/2025\/12\/12e-edition-pour-le-don-du-livre-de-lapist-saint-die\/\" \/>\n<meta name=\"twitter:card\" content=\"summary_large_image\" \/>\n<meta name=\"twitter:title\" content=\"12e \u00e9dition pour le Don du Livre de l&#039;APIST Saint-Di\u00e9 - Saint Die Info\" \/>\n<meta name=\"twitter:description\" content=\"En janvier 2026, l\u2019Association Pour l\u2019Int\u00e9gration Sociale des Personnes avec une Trisomie 21 \u2013\u00a0APIST Saint-Di\u00e9 \u2013 organise la 12e \u00e9dition [&hellip;]\" \/>\n<meta name=\"twitter:image\" content=\"https:\/\/vosgesinfo.fr\/app\/uploads\/sites\/4\/2025\/01\/11e-don-du-livre-apist-10-scaled.jpg\" \/>\n<meta name=\"twitter:creator\" content=\"@VosgesInfo88\" \/>\n<meta name=\"twitter:site\" content=\"@VosgesInfo88\" \/>\n<meta name=\"twitter:label1\" content=\"\u00c9crit par\" \/>\n\t<meta name=\"twitter:data1\" content=\"J.J.\" \/>\n\t<meta name=\"twitter:label2\" content=\"Dur\u00e9e de lecture estim\u00e9e\" \/>\n\t<meta name=\"twitter:data2\" content=\"1 minute\" \/>\n<script type=\"application\/ld+json\" class=\"yoast-schema-graph\">{\"@context\":\"https:\/\/schema.org\",\"@graph\":[{\"@type\":\"Article\",\"@id\":\"https:\/\/vosgesinfo.fr\/saintdieinfo\/2025\/12\/12e-edition-pour-le-don-du-livre-de-lapist-saint-die\/#article\",\"isPartOf\":{\"@id\":\"https:\/\/vosgesinfo.fr\/saintdieinfo\/2025\/12\/12e-edition-pour-le-don-du-livre-de-lapist-saint-die\/\"},\"author\":{\"name\":\"J.J.\",\"@id\":\"https:\/\/vosgesinfo.fr\/saintdieinfo\/#\/schema\/person\/fa73e9f726d67bb88f46d5b7943cb572\"},\"headline\":\"12e \u00e9dition pour le Don du Livre de l&rsquo;APIST Saint-Di\u00e9\",\"datePublished\":\"2025-12-12T10:12:29+00:00\",\"dateModified\":\"2025-12-12T10:01:04+00:00\",\"mainEntityOfPage\":{\"@id\":\"https:\/\/vosgesinfo.fr\/saintdieinfo\/2025\/12\/12e-edition-pour-le-don-du-livre-de-lapist-saint-die\/\"},\"wordCount\":251,\"commentCount\":0,\"publisher\":{\"@id\":\"https:\/\/vosgesinfo.fr\/saintdieinfo\/#organization\"},\"image\":{\"@id\":\"https:\/\/vosgesinfo.fr\/saintdieinfo\/2025\/12\/12e-edition-pour-le-don-du-livre-de-lapist-saint-die\/#primaryimage\"},\"thumbnailUrl\":\"https:\/\/vosgesinfo.fr\/app\/uploads\/sites\/4\/2025\/01\/11e-don-du-livre-apist-10-scaled.jpg\",\"keywords\":[\"APIST Saint-Di\u00e9\",\"association\",\"Collecte de livres\",\"Don de livres\",\"Don du livre\",\"Espace Fran\u00e7ois-Mitterrand\",\"Saint-Di\u00e9-des-Vosges\",\"solidarit\u00e9\",\"trisomie 21\",\"vosges\"],\"articleSection\":[\"A la Une\",\"Saint-Di\u00e9-des-Vosges\",\"Solidarit\u00e9\",\"Vie Associative\"],\"inLanguage\":\"fr-FR\",\"potentialAction\":[{\"@type\":\"CommentAction\",\"name\":\"Comment\",\"target\":[\"https:\/\/vosgesinfo.fr\/saintdieinfo\/2025\/12\/12e-edition-pour-le-don-du-livre-de-lapist-saint-die\/#respond\"]}]},{\"@type\":\"WebPage\",\"@id\":\"https:\/\/vosgesinfo.fr\/saintdieinfo\/2025\/12\/12e-edition-pour-le-don-du-livre-de-lapist-saint-die\/\",\"url\":\"https:\/\/vosgesinfo.fr\/saintdieinfo\/2025\/12\/12e-edition-pour-le-don-du-livre-de-lapist-saint-die\/\",\"name\":\"12e \u00e9dition pour le Don du Livre de l'APIST Saint-Di\u00e9 - Saint Die Info\",\"isPartOf\":{\"@id\":\"https:\/\/vosgesinfo.fr\/saintdieinfo\/#website\"},\"primaryImageOfPage\":{\"@id\":\"https:\/\/vosgesinfo.fr\/saintdieinfo\/2025\/12\/12e-edition-pour-le-don-du-livre-de-lapist-saint-die\/#primaryimage\"},\"image\":{\"@id\":\"https:\/\/vosgesinfo.fr\/saintdieinfo\/2025\/12\/12e-edition-pour-le-don-du-livre-de-lapist-saint-die\/#primaryimage\"},\"thumbnailUrl\":\"https:\/\/vosgesinfo.fr\/app\/uploads\/sites\/4\/2025\/01\/11e-don-du-livre-apist-10-scaled.jpg\",\"datePublished\":\"2025-12-12T10:12:29+00:00\",\"dateModified\":\"2025-12-12T10:01:04+00:00\",\"breadcrumb\":{\"@id\":\"https:\/\/vosgesinfo.fr\/saintdieinfo\/2025\/12\/12e-edition-pour-le-don-du-livre-de-lapist-saint-die\/#breadcrumb\"},\"inLanguage\":\"fr-FR\",\"potentialAction\":[{\"@type\":\"ReadAction\",\"target\":[\"https:\/\/vosgesinfo.fr\/saintdieinfo\/2025\/12\/12e-edition-pour-le-don-du-livre-de-lapist-saint-die\/\"]}]},{\"@type\":\"ImageObject\",\"inLanguage\":\"fr-FR\",\"@id\":\"https:\/\/vosgesinfo.fr\/saintdieinfo\/2025\/12\/12e-edition-pour-le-don-du-livre-de-lapist-saint-die\/#primaryimage\",\"url\":\"https:\/\/vosgesinfo.fr\/app\/uploads\/sites\/4\/2025\/01\/11e-don-du-livre-apist-10-scaled.jpg\",\"contentUrl\":\"https:\/\/vosgesinfo.fr\/app\/uploads\/sites\/4\/2025\/01\/11e-don-du-livre-apist-10-scaled.jpg\",\"width\":2560,\"height\":1928,\"caption\":\"(Archive)\"},{\"@type\":\"BreadcrumbList\",\"@id\":\"https:\/\/vosgesinfo.fr\/saintdieinfo\/2025\/12\/12e-edition-pour-le-don-du-livre-de-lapist-saint-die\/#breadcrumb\",\"itemListElement\":[{\"@type\":\"ListItem\",\"position\":1,\"name\":\"Home\",\"item\":\"https:\/\/vosgesinfo.fr\/saintdieinfo\/\"},{\"@type\":\"ListItem\",\"position\":2,\"name\":\"12e \u00e9dition pour le Don du Livre de l&rsquo;APIST Saint-Di\u00e9\"}]},{\"@type\":\"WebSite\",\"@id\":\"https:\/\/vosgesinfo.fr\/saintdieinfo\/#website\",\"url\":\"https:\/\/vosgesinfo.fr\/saintdieinfo\/\",\"name\":\"Saint Die Info\",\"description\":\"Toute l&#039;actualit\u00e9 de Saint-Di\u00e9-Des-Vosges\",\"publisher\":{\"@id\":\"https:\/\/vosgesinfo.fr\/saintdieinfo\/#organization\"},\"alternateName\":\"Toute l'actualit\u00e9 de Saint-Di\u00e9-Des-Vosges\",\"potentialAction\":[{\"@type\":\"SearchAction\",\"target\":{\"@type\":\"EntryPoint\",\"urlTemplate\":\"https:\/\/vosgesinfo.fr\/saintdieinfo\/?s={search_term_string}\"},\"query-input\":\"required name=search_term_string\"}],\"inLanguage\":\"fr-FR\"},{\"@type\":\"Organization\",\"@id\":\"https:\/\/vosgesinfo.fr\/saintdieinfo\/#organization\",\"name\":\"Saint Die Info\",\"url\":\"https:\/\/vosgesinfo.fr\/saintdieinfo\/\",\"logo\":{\"@type\":\"ImageObject\",\"inLanguage\":\"fr-FR\",\"@id\":\"https:\/\/vosgesinfo.fr\/saintdieinfo\/#\/schema\/logo\/image\/\",\"url\":\"https:\/\/vosgesinfo.fr\/app\/uploads\/sites\/4\/2024\/02\/logo-sdi.jpg\",\"contentUrl\":\"https:\/\/vosgesinfo.fr\/app\/uploads\/sites\/4\/2024\/02\/logo-sdi.jpg\",\"width\":600,\"height\":600,\"caption\":\"Saint Die Info\"},\"image\":{\"@id\":\"https:\/\/vosgesinfo.fr\/saintdieinfo\/#\/schema\/logo\/image\/\"},\"sameAs\":[\"https:\/\/www.facebook.com\/Saintdieinfofr\",\"https:\/\/x.com\/VosgesInfo88\",\"https:\/\/www.youtube.com\/@vosgesinfo\"]},{\"@type\":\"Person\",\"@id\":\"https:\/\/vosgesinfo.fr\/saintdieinfo\/#\/schema\/person\/fa73e9f726d67bb88f46d5b7943cb572\",\"name\":\"J.J.\",\"image\":{\"@type\":\"ImageObject\",\"inLanguage\":\"fr-FR\",\"@id\":\"https:\/\/vosgesinfo.fr\/saintdieinfo\/#\/schema\/person\/image\/\",\"url\":\"https:\/\/secure.gravatar.com\/avatar\/219e749e47ffbcca018a360ae4add7d4cdf1cdaaf8bc7676b27efade3fe65615?s=96&d=mm&r=g\",\"contentUrl\":\"https:\/\/secure.gravatar.com\/avatar\/219e749e47ffbcca018a360ae4add7d4cdf1cdaaf8bc7676b27efade3fe65615?s=96&d=mm&r=g\",\"caption\":\"J.J.\"},\"url\":\"https:\/\/vosgesinfo.fr\/saintdieinfo\/author\/j-j\/\"}]}<\/script>\n<!-- \/ Yoast SEO plugin. -->","yoast_head_json":{"title":"12e \u00e9dition pour le Don du Livre de l'APIST Saint-Di\u00e9 - Saint Die Info","robots":{"index":"index","follow":"follow","max-snippet":"max-snippet:-1","max-image-preview":"max-image-preview:large","max-video-preview":"max-video-preview:-1"},"canonical":"https:\/\/vosgesinfo.fr\/saintdieinfo\/2025\/12\/12e-edition-pour-le-don-du-livre-de-lapist-saint-die\/","twitter_card":"summary_large_image","twitter_title":"12e \u00e9dition pour le Don du Livre de l'APIST Saint-Di\u00e9 - Saint Die Info","twitter_description":"En janvier 2026, l\u2019Association Pour l\u2019Int\u00e9gration Sociale des Personnes avec une Trisomie 21 \u2013\u00a0APIST Saint-Di\u00e9 \u2013 organise la 12e \u00e9dition [&hellip;]","twitter_image":"https:\/\/vosgesinfo.fr\/app\/uploads\/sites\/4\/2025\/01\/11e-don-du-livre-apist-10-scaled.jpg","twitter_creator":"@VosgesInfo88","twitter_site":"@VosgesInfo88","twitter_misc":{"\u00c9crit par":"J.J.","Dur\u00e9e de lecture estim\u00e9e":"1 minute"},"schema":{"@context":"https:\/\/schema.org","@graph":[{"@type":"Article","@id":"https:\/\/vosgesinfo.fr\/saintdieinfo\/2025\/12\/12e-edition-pour-le-don-du-livre-de-lapist-saint-die\/#article","isPartOf":{"@id":"https:\/\/vosgesinfo.fr\/saintdieinfo\/2025\/12\/12e-edition-pour-le-don-du-livre-de-lapist-saint-die\/"},"author":{"name":"J.J.","@id":"https:\/\/vosgesinfo.fr\/saintdieinfo\/#\/schema\/person\/fa73e9f726d67bb88f46d5b7943cb572"},"headline":"12e \u00e9dition pour le Don du Livre de l&rsquo;APIST Saint-Di\u00e9","datePublished":"2025-12-12T10:12:29+00:00","dateModified":"2025-12-12T10:01:04+00:00","mainEntityOfPage":{"@id":"https:\/\/vosgesinfo.fr\/saintdieinfo\/2025\/12\/12e-edition-pour-le-don-du-livre-de-lapist-saint-die\/"},"wordCount":251,"commentCount":0,"publisher":{"@id":"https:\/\/vosgesinfo.fr\/saintdieinfo\/#organization"},"image":{"@id":"https:\/\/vosgesinfo.fr\/saintdieinfo\/2025\/12\/12e-edition-pour-le-don-du-livre-de-lapist-saint-die\/#primaryimage"},"thumbnailUrl":"https:\/\/vosgesinfo.fr\/app\/uploads\/sites\/4\/2025\/01\/11e-don-du-livre-apist-10-scaled.jpg","keywords":["APIST Saint-Di\u00e9","association","Collecte de livres","Don de livres","Don du livre","Espace Fran\u00e7ois-Mitterrand","Saint-Di\u00e9-des-Vosges","solidarit\u00e9","trisomie 21","vosges"],"articleSection":["A la Une","Saint-Di\u00e9-des-Vosges","Solidarit\u00e9","Vie Associative"],"inLanguage":"fr-FR","potentialAction":[{"@type":"CommentAction","name":"Comment","target":["https:\/\/vosgesinfo.fr\/saintdieinfo\/2025\/12\/12e-edition-pour-le-don-du-livre-de-lapist-saint-die\/#respond"]}]},{"@type":"WebPage","@id":"https:\/\/vosgesinfo.fr\/saintdieinfo\/2025\/12\/12e-edition-pour-le-don-du-livre-de-lapist-saint-die\/","url":"https:\/\/vosgesinfo.fr\/saintdieinfo\/2025\/12\/12e-edition-pour-le-don-du-livre-de-lapist-saint-die\/","name":"12e \u00e9dition pour le Don du Livre de l'APIST Saint-Di\u00e9 - Saint Die Info","isPartOf":{"@id":"https:\/\/vosgesinfo.fr\/saintdieinfo\/#website"},"primaryImageOfPage":{"@id":"https:\/\/vosgesinfo.fr\/saintdieinfo\/2025\/12\/12e-edition-pour-le-don-du-livre-de-lapist-saint-die\/#primaryimage"},"image":{"@id":"https:\/\/vosgesinfo.fr\/saintdieinfo\/2025\/12\/12e-edition-pour-le-don-du-livre-de-lapist-saint-die\/#primaryimage"},"thumbnailUrl":"https:\/\/vosgesinfo.fr\/app\/uploads\/sites\/4\/2025\/01\/11e-don-du-livre-apist-10-scaled.jpg","datePublished":"2025-12-12T10:12:29+00:00","dateModified":"2025-12-12T10:01:04+00:00","breadcrumb":{"@id":"https:\/\/vosgesinfo.fr\/saintdieinfo\/2025\/12\/12e-edition-pour-le-don-du-livre-de-lapist-saint-die\/#breadcrumb"},"inLanguage":"fr-FR","potentialAction":[{"@type":"ReadAction","target":["https:\/\/vosgesinfo.fr\/saintdieinfo\/2025\/12\/12e-edition-pour-le-don-du-livre-de-lapist-saint-die\/"]}]},{"@type":"ImageObject","inLanguage":"fr-FR","@id":"https:\/\/vosgesinfo.fr\/saintdieinfo\/2025\/12\/12e-edition-pour-le-don-du-livre-de-lapist-saint-die\/#primaryimage","url":"https:\/\/vosgesinfo.fr\/app\/uploads\/sites\/4\/2025\/01\/11e-don-du-livre-apist-10-scaled.jpg","contentUrl":"https:\/\/vosgesinfo.fr\/app\/uploads\/sites\/4\/2025\/01\/11e-don-du-livre-apist-10-scaled.jpg","width":2560,"height":1928,"caption":"(Archive)"},{"@type":"BreadcrumbList","@id":"https:\/\/vosgesinfo.fr\/saintdieinfo\/2025\/12\/12e-edition-pour-le-don-du-livre-de-lapist-saint-die\/#breadcrumb","itemListElement":[{"@type":"ListItem","position":1,"name":"Home","item":"https:\/\/vosgesinfo.fr\/saintdieinfo\/"},{"@type":"ListItem","position":2,"name":"12e \u00e9dition pour le Don du Livre de l&rsquo;APIST Saint-Di\u00e9"}]},{"@type":"WebSite","@id":"https:\/\/vosgesinfo.fr\/saintdieinfo\/#website","url":"https:\/\/vosgesinfo.fr\/saintdieinfo\/","name":"Saint Die Info","description":"Toute l&#039;actualit\u00e9 de Saint-Di\u00e9-Des-Vosges","publisher":{"@id":"https:\/\/vosgesinfo.fr\/saintdieinfo\/#organization"},"alternateName":"Toute l'actualit\u00e9 de Saint-Di\u00e9-Des-Vosges","potentialAction":[{"@type":"SearchAction","target":{"@type":"EntryPoint","urlTemplate":"https:\/\/vosgesinfo.fr\/saintdieinfo\/?s={search_term_string}"},"query-input":"required name=search_term_string"}],"inLanguage":"fr-FR"},{"@type":"Organization","@id":"https:\/\/vosgesinfo.fr\/saintdieinfo\/#organization","name":"Saint Die Info","url":"https:\/\/vosgesinfo.fr\/saintdieinfo\/","logo":{"@type":"ImageObject","inLanguage":"fr-FR","@id":"https:\/\/vosgesinfo.fr\/saintdieinfo\/#\/schema\/logo\/image\/","url":"https:\/\/vosgesinfo.fr\/app\/uploads\/sites\/4\/2024\/02\/logo-sdi.jpg","contentUrl":"https:\/\/vosgesinfo.fr\/app\/uploads\/sites\/4\/2024\/02\/logo-sdi.jpg","width":600,"height":600,"caption":"Saint Die Info"},"image":{"@id":"https:\/\/vosgesinfo.fr\/saintdieinfo\/#\/schema\/logo\/image\/"},"sameAs":["https:\/\/www.facebook.com\/Saintdieinfofr","https:\/\/x.com\/VosgesInfo88","https:\/\/www.youtube.com\/@vosgesinfo"]},{"@type":"Person","@id":"https:\/\/vosgesinfo.fr\/saintdieinfo\/#\/schema\/person\/fa73e9f726d67bb88f46d5b7943cb572","name":"J.J.","image":{"@type":"ImageObject","inLanguage":"fr-FR","@id":"https:\/\/vosgesinfo.fr\/saintdieinfo\/#\/schema\/person\/image\/","url":"https:\/\/secure.gravatar.com\/avatar\/219e749e47ffbcca018a360ae4add7d4cdf1cdaaf8bc7676b27efade3fe65615?s=96&d=mm&r=g","contentUrl":"https:\/\/secure.gravatar.com\/avatar\/219e749e47ffbcca018a360ae4add7d4cdf1cdaaf8bc7676b27efade3fe65615?s=96&d=mm&r=g","caption":"J.J."},"url":"https:\/\/vosgesinfo.fr\/saintdieinfo\/author\/j-j\/"}]}},"_links":{"self":[{"href":"https:\/\/vosgesinfo.fr\/saintdieinfo\/wp-json\/wp\/v2\/posts\/85837","targetHints":{"allow":["GET"]}}],"collection":[{"href":"https:\/\/vosgesinfo.fr\/saintdieinfo\/wp-json\/wp\/v2\/posts"}],"about":[{"href":"https:\/\/vosgesinfo.fr\/saintdieinfo\/wp-json\/wp\/v2\/types\/post"}],"author":[{"embeddable":true,"href":"https:\/\/vosgesinfo.fr\/saintdieinfo\/wp-json\/wp\/v2\/users\/46"}],"replies":[{"embeddable":true,"href":"https:\/\/vosgesinfo.fr\/saintdieinfo\/wp-json\/wp\/v2\/comments?post=85837"}],"version-history":[{"count":1,"href":"https:\/\/vosgesinfo.fr\/saintdieinfo\/wp-json\/wp\/v2\/posts\/85837\/revisions"}],"predecessor-version":[{"id":85839,"href":"https:\/\/vosgesinfo.fr\/saintdieinfo\/wp-json\/wp\/v2\/posts\/85837\/revisions\/85839"}],"wp:featuredmedia":[{"embeddable":true,"href":"https:\/\/vosgesinfo.fr\/saintdieinfo\/wp-json\/wp\/v2\/media\/72971"}],"wp:attachment":[{"href":"https:\/\/vosgesinfo.fr\/saintdieinfo\/wp-json\/wp\/v2\/media?parent=85837"}],"wp:term":[{"taxonomy":"category","embeddable":true,"href":"https:\/\/vosgesinfo.fr\/saintdieinfo\/wp-json\/wp\/v2\/categories?post=85837"},{"taxonomy":"post_tag","embeddable":true,"href":"https:\/\/vosgesinfo.fr\/saintdieinfo\/wp-json\/wp\/v2\/tags?post=85837"}],"curies":[{"name":"wp","href":"https:\/\/api.w.org\/{rel}","templated":true}]}}