{"id":85840,"date":"2025-12-12T12:03:16","date_gmt":"2025-12-12T11:03:16","guid":{"rendered":"https:\/\/vosgesinfo.fr\/saintdieinfo\/?p=85840"},"modified":"2025-12-12T11:53:16","modified_gmt":"2025-12-12T10:53:16","slug":"trail-la-traque-au-darou-bientot-lancee-dans-le-kemberg","status":"publish","type":"post","link":"https:\/\/vosgesinfo.fr\/saintdieinfo\/2025\/12\/trail-la-traque-au-darou-bientot-lancee-dans-le-kemberg\/","title":{"rendered":"Trail : la Traque au Darou bient\u00f4t lanc\u00e9e dans le Kemberg"},"content":{"rendered":"<h2>Le trail hivernal <strong>La Traque au Darou<\/strong> aura lieu <strong>samedi 10 janvier prochain<\/strong>\u00a0\u00e0 <strong>Saint-Di\u00e9-des-Vosges<\/strong>. Le d\u00e9part est fix\u00e9 \u00e0 <strong>13 h 30<\/strong> depuis le <strong>parking des Trois Fauteuils du Kemberg.<\/strong><\/h2>\n<p><!--more--><\/p>\n<h3><strong>Deux formats, en individuel ou en \u00e9quipe<\/strong><\/h3>\n<p>Deux formats sont propos\u00e9s : <strong>La P\u2019tite Traque<\/strong> sur une boucle de 3 km (100 D+) et <strong>La Grande Traque<\/strong> sur une boucle de 6 km (300 D+). Les distances globales sont pr\u00e9sent\u00e9es sur quatre tours, soit respectivement 12 km (400 D+) et 24 km (1 200 D+), avec des classements individuels et par \u00e9quipe. Les tarifs sont de <strong data-start=\"19\" data-end=\"27\">14 \u20ac<\/strong> pour <strong data-start=\"33\" data-end=\"53\">La P\u2019tite Traque<\/strong>, <strong data-start=\"55\" data-end=\"63\">19 \u20ac<\/strong> pour <strong data-start=\"69\" data-end=\"89\">La Grande Traque<\/strong>.<\/p>\n<h3><strong>\u00c9preuves \u00e0 chaque tour et poursuite finale<\/strong><\/h3>\n<p>Le principe repose sur un chrono lanc\u00e9 \u00e0 13 h 30 et des \u00e9preuves \u00e0 l\u2019issue de chaque tour. En cas d\u2019\u00e9chec, les coureurs passent par la <strong>mont\u00e9e du Ch\u00e2teau<\/strong> avant de repartir. Jusqu\u2019\u00e0 <strong>17 h<\/strong>, l\u2019objectif est de r\u00e9aliser au maximum trois tours. \u00c0 17 h, les 10 \u00e0 25 premiers (selon le nombre d\u2019inscrits) s\u2019\u00e9lancent, puis tous les autres partent \u00e0 leur poursuite.<\/p>\n<h3><strong>Inscriptions et contact<\/strong><\/h3>\n<p>Les inscriptions se font sur <a href=\"https:\/\/traildarou.fr\" target=\"_blank\" rel=\"noopener\"><strong>traildarou.fr<\/strong><\/a>. Renseignements compl\u00e9mentaires par t\u00e9l\u00e9phone, au <strong>06-38-03-22-10,<\/strong> ou par courriel via <a href=\"mailto:lapoursuiteaudarou@gmail.com\" target=\"_blank\" rel=\"noopener\"><strong>lapoursuiteaudarou@gmail.com<\/strong><\/a>.<\/p>\n<p><a href=\"https:\/\/vosgesinfo.fr\/app\/uploads\/sites\/4\/2025\/12\/la-traque-au-darou.jpg\"><img decoding=\"async\" class=\"alignnone size-large wp-image-85841\" src=\"https:\/\/vosgesinfo.fr\/app\/uploads\/sites\/4\/2025\/12\/la-traque-au-darou-812x1024.jpg\" alt=\"\" width=\"812\" height=\"1024\" srcset=\"https:\/\/vosgesinfo.fr\/app\/uploads\/sites\/4\/2025\/12\/la-traque-au-darou-812x1024.jpg 812w, https:\/\/vosgesinfo.fr\/app\/uploads\/sites\/4\/2025\/12\/la-traque-au-darou-238x300.jpg 238w, https:\/\/vosgesinfo.fr\/app\/uploads\/sites\/4\/2025\/12\/la-traque-au-darou-768x969.jpg 768w, https:\/\/vosgesinfo.fr\/app\/uploads\/sites\/4\/2025\/12\/la-traque-au-darou.jpg 856w\" sizes=\"(max-width: 812px) 100vw, 812px\" \/><\/a><\/p>\n","protected":false},"excerpt":{"rendered":"<p>Le trail hivernal La Traque au Darou aura lieu samedi 10 janvier prochain\u00a0\u00e0 Saint-Di\u00e9-des-Vosges. Le d\u00e9part est fix\u00e9 \u00e0 13 [&hellip;]<\/p>\n","protected":false},"author":46,"featured_media":85842,"comment_status":"open","ping_status":"open","sticky":false,"template":"","format":"standard","meta":{"footnotes":""},"categories":[460,167,14],"tags":[19435,18777,19430,19433,19434,19436,2881,2031,19431,19437,19432,43],"class_list":["post-85840","post","type-post","status-publish","format-standard","has-post-thumbnail","hentry","category-a-la-une","category-saint-die-des-vosges","category-sport","tag-grande-traque","tag-kemberg","tag-la-traque-au-darou","tag-montee-du-chateau","tag-ptite-traque","tag-poursuite","tag-saint-die-des-vosges","tag-trail","tag-trail-hivernal","tag-traildarou-fr","tag-trois-fauteuils","tag-vosges"],"acf":[],"yoast_head":"<!-- This site is optimized with the Yoast SEO plugin v22.5 - https:\/\/yoast.com\/wordpress\/plugins\/seo\/ -->\n<title>Trail : la Traque au Darou bient\u00f4t lanc\u00e9e dans le Kemberg - Saint Die Info<\/title>\n<meta name=\"robots\" content=\"index, follow, max-snippet:-1, max-image-preview:large, max-video-preview:-1\" \/>\n<link rel=\"canonical\" href=\"https:\/\/vosgesinfo.fr\/saintdieinfo\/2025\/12\/trail-la-traque-au-darou-bientot-lancee-dans-le-kemberg\/\" \/>\n<meta name=\"twitter:card\" content=\"summary_large_image\" \/>\n<meta name=\"twitter:title\" content=\"Trail : la Traque au Darou bient\u00f4t lanc\u00e9e dans le Kemberg - Saint Die Info\" \/>\n<meta name=\"twitter:description\" content=\"Le trail hivernal La Traque au Darou aura lieu samedi 10 janvier prochain\u00a0\u00e0 Saint-Di\u00e9-des-Vosges. Le d\u00e9part est fix\u00e9 \u00e0 13 [&hellip;]\" \/>\n<meta name=\"twitter:image\" content=\"https:\/\/vosgesinfo.fr\/app\/uploads\/sites\/4\/2025\/12\/la-traque-au-darou-1.jpg\" \/>\n<meta name=\"twitter:creator\" content=\"@VosgesInfo88\" \/>\n<meta name=\"twitter:site\" content=\"@VosgesInfo88\" \/>\n<meta name=\"twitter:label1\" content=\"\u00c9crit par\" \/>\n\t<meta name=\"twitter:data1\" content=\"J.J.\" \/>\n\t<meta name=\"twitter:label2\" content=\"Dur\u00e9e de lecture estim\u00e9e\" \/>\n\t<meta name=\"twitter:data2\" content=\"1 minute\" \/>\n<script type=\"application\/ld+json\" class=\"yoast-schema-graph\">{\"@context\":\"https:\/\/schema.org\",\"@graph\":[{\"@type\":\"Article\",\"@id\":\"https:\/\/vosgesinfo.fr\/saintdieinfo\/2025\/12\/trail-la-traque-au-darou-bientot-lancee-dans-le-kemberg\/#article\",\"isPartOf\":{\"@id\":\"https:\/\/vosgesinfo.fr\/saintdieinfo\/2025\/12\/trail-la-traque-au-darou-bientot-lancee-dans-le-kemberg\/\"},\"author\":{\"name\":\"J.J.\",\"@id\":\"https:\/\/vosgesinfo.fr\/saintdieinfo\/#\/schema\/person\/fa73e9f726d67bb88f46d5b7943cb572\"},\"headline\":\"Trail : la Traque au Darou bient\u00f4t lanc\u00e9e dans le Kemberg\",\"datePublished\":\"2025-12-12T11:03:16+00:00\",\"dateModified\":\"2025-12-12T10:53:16+00:00\",\"mainEntityOfPage\":{\"@id\":\"https:\/\/vosgesinfo.fr\/saintdieinfo\/2025\/12\/trail-la-traque-au-darou-bientot-lancee-dans-le-kemberg\/\"},\"wordCount\":206,\"commentCount\":0,\"publisher\":{\"@id\":\"https:\/\/vosgesinfo.fr\/saintdieinfo\/#organization\"},\"image\":{\"@id\":\"https:\/\/vosgesinfo.fr\/saintdieinfo\/2025\/12\/trail-la-traque-au-darou-bientot-lancee-dans-le-kemberg\/#primaryimage\"},\"thumbnailUrl\":\"https:\/\/vosgesinfo.fr\/app\/uploads\/sites\/4\/2025\/12\/la-traque-au-darou-1.jpg\",\"keywords\":[\"Grande Traque\",\"Kemberg\",\"La Traque au Darou\",\"mont\u00e9e du Ch\u00e2teau\",\"P\u2019tite Traque\",\"poursuite\",\"Saint-Di\u00e9-des-Vosges\",\"trail\",\"trail hivernal\",\"traildarou fr\",\"Trois Fauteuils\",\"vosges\"],\"articleSection\":[\"A la Une\",\"Saint-Di\u00e9-des-Vosges\",\"Sport\"],\"inLanguage\":\"fr-FR\",\"potentialAction\":[{\"@type\":\"CommentAction\",\"name\":\"Comment\",\"target\":[\"https:\/\/vosgesinfo.fr\/saintdieinfo\/2025\/12\/trail-la-traque-au-darou-bientot-lancee-dans-le-kemberg\/#respond\"]}]},{\"@type\":\"WebPage\",\"@id\":\"https:\/\/vosgesinfo.fr\/saintdieinfo\/2025\/12\/trail-la-traque-au-darou-bientot-lancee-dans-le-kemberg\/\",\"url\":\"https:\/\/vosgesinfo.fr\/saintdieinfo\/2025\/12\/trail-la-traque-au-darou-bientot-lancee-dans-le-kemberg\/\",\"name\":\"Trail : la Traque au Darou bient\u00f4t lanc\u00e9e dans le Kemberg - Saint Die Info\",\"isPartOf\":{\"@id\":\"https:\/\/vosgesinfo.fr\/saintdieinfo\/#website\"},\"primaryImageOfPage\":{\"@id\":\"https:\/\/vosgesinfo.fr\/saintdieinfo\/2025\/12\/trail-la-traque-au-darou-bientot-lancee-dans-le-kemberg\/#primaryimage\"},\"image\":{\"@id\":\"https:\/\/vosgesinfo.fr\/saintdieinfo\/2025\/12\/trail-la-traque-au-darou-bientot-lancee-dans-le-kemberg\/#primaryimage\"},\"thumbnailUrl\":\"https:\/\/vosgesinfo.fr\/app\/uploads\/sites\/4\/2025\/12\/la-traque-au-darou-1.jpg\",\"datePublished\":\"2025-12-12T11:03:16+00:00\",\"dateModified\":\"2025-12-12T10:53:16+00:00\",\"breadcrumb\":{\"@id\":\"https:\/\/vosgesinfo.fr\/saintdieinfo\/2025\/12\/trail-la-traque-au-darou-bientot-lancee-dans-le-kemberg\/#breadcrumb\"},\"inLanguage\":\"fr-FR\",\"potentialAction\":[{\"@type\":\"ReadAction\",\"target\":[\"https:\/\/vosgesinfo.fr\/saintdieinfo\/2025\/12\/trail-la-traque-au-darou-bientot-lancee-dans-le-kemberg\/\"]}]},{\"@type\":\"ImageObject\",\"inLanguage\":\"fr-FR\",\"@id\":\"https:\/\/vosgesinfo.fr\/saintdieinfo\/2025\/12\/trail-la-traque-au-darou-bientot-lancee-dans-le-kemberg\/#primaryimage\",\"url\":\"https:\/\/vosgesinfo.fr\/app\/uploads\/sites\/4\/2025\/12\/la-traque-au-darou-1.jpg\",\"contentUrl\":\"https:\/\/vosgesinfo.fr\/app\/uploads\/sites\/4\/2025\/12\/la-traque-au-darou-1.jpg\",\"width\":1357,\"height\":1080},{\"@type\":\"BreadcrumbList\",\"@id\":\"https:\/\/vosgesinfo.fr\/saintdieinfo\/2025\/12\/trail-la-traque-au-darou-bientot-lancee-dans-le-kemberg\/#breadcrumb\",\"itemListElement\":[{\"@type\":\"ListItem\",\"position\":1,\"name\":\"Home\",\"item\":\"https:\/\/vosgesinfo.fr\/saintdieinfo\/\"},{\"@type\":\"ListItem\",\"position\":2,\"name\":\"Trail : la Traque au Darou bient\u00f4t lanc\u00e9e dans le Kemberg\"}]},{\"@type\":\"WebSite\",\"@id\":\"https:\/\/vosgesinfo.fr\/saintdieinfo\/#website\",\"url\":\"https:\/\/vosgesinfo.fr\/saintdieinfo\/\",\"name\":\"Saint Die Info\",\"description\":\"Toute l&#039;actualit\u00e9 de Saint-Di\u00e9-Des-Vosges\",\"publisher\":{\"@id\":\"https:\/\/vosgesinfo.fr\/saintdieinfo\/#organization\"},\"alternateName\":\"Toute l'actualit\u00e9 de Saint-Di\u00e9-Des-Vosges\",\"potentialAction\":[{\"@type\":\"SearchAction\",\"target\":{\"@type\":\"EntryPoint\",\"urlTemplate\":\"https:\/\/vosgesinfo.fr\/saintdieinfo\/?s={search_term_string}\"},\"query-input\":\"required name=search_term_string\"}],\"inLanguage\":\"fr-FR\"},{\"@type\":\"Organization\",\"@id\":\"https:\/\/vosgesinfo.fr\/saintdieinfo\/#organization\",\"name\":\"Saint Die Info\",\"url\":\"https:\/\/vosgesinfo.fr\/saintdieinfo\/\",\"logo\":{\"@type\":\"ImageObject\",\"inLanguage\":\"fr-FR\",\"@id\":\"https:\/\/vosgesinfo.fr\/saintdieinfo\/#\/schema\/logo\/image\/\",\"url\":\"https:\/\/vosgesinfo.fr\/app\/uploads\/sites\/4\/2024\/02\/logo-sdi.jpg\",\"contentUrl\":\"https:\/\/vosgesinfo.fr\/app\/uploads\/sites\/4\/2024\/02\/logo-sdi.jpg\",\"width\":600,\"height\":600,\"caption\":\"Saint Die Info\"},\"image\":{\"@id\":\"https:\/\/vosgesinfo.fr\/saintdieinfo\/#\/schema\/logo\/image\/\"},\"sameAs\":[\"https:\/\/www.facebook.com\/Saintdieinfofr\",\"https:\/\/x.com\/VosgesInfo88\",\"https:\/\/www.youtube.com\/@vosgesinfo\"]},{\"@type\":\"Person\",\"@id\":\"https:\/\/vosgesinfo.fr\/saintdieinfo\/#\/schema\/person\/fa73e9f726d67bb88f46d5b7943cb572\",\"name\":\"J.J.\",\"image\":{\"@type\":\"ImageObject\",\"inLanguage\":\"fr-FR\",\"@id\":\"https:\/\/vosgesinfo.fr\/saintdieinfo\/#\/schema\/person\/image\/\",\"url\":\"https:\/\/secure.gravatar.com\/avatar\/219e749e47ffbcca018a360ae4add7d4cdf1cdaaf8bc7676b27efade3fe65615?s=96&d=mm&r=g\",\"contentUrl\":\"https:\/\/secure.gravatar.com\/avatar\/219e749e47ffbcca018a360ae4add7d4cdf1cdaaf8bc7676b27efade3fe65615?s=96&d=mm&r=g\",\"caption\":\"J.J.\"},\"url\":\"https:\/\/vosgesinfo.fr\/saintdieinfo\/author\/j-j\/\"}]}<\/script>\n<!-- \/ Yoast SEO plugin. -->","yoast_head_json":{"title":"Trail : la Traque au Darou bient\u00f4t lanc\u00e9e dans le Kemberg - Saint Die Info","robots":{"index":"index","follow":"follow","max-snippet":"max-snippet:-1","max-image-preview":"max-image-preview:large","max-video-preview":"max-video-preview:-1"},"canonical":"https:\/\/vosgesinfo.fr\/saintdieinfo\/2025\/12\/trail-la-traque-au-darou-bientot-lancee-dans-le-kemberg\/","twitter_card":"summary_large_image","twitter_title":"Trail : la Traque au Darou bient\u00f4t lanc\u00e9e dans le Kemberg - Saint Die Info","twitter_description":"Le trail hivernal La Traque au Darou aura lieu samedi 10 janvier prochain\u00a0\u00e0 Saint-Di\u00e9-des-Vosges. Le d\u00e9part est fix\u00e9 \u00e0 13 [&hellip;]","twitter_image":"https:\/\/vosgesinfo.fr\/app\/uploads\/sites\/4\/2025\/12\/la-traque-au-darou-1.jpg","twitter_creator":"@VosgesInfo88","twitter_site":"@VosgesInfo88","twitter_misc":{"\u00c9crit par":"J.J.","Dur\u00e9e de lecture estim\u00e9e":"1 minute"},"schema":{"@context":"https:\/\/schema.org","@graph":[{"@type":"Article","@id":"https:\/\/vosgesinfo.fr\/saintdieinfo\/2025\/12\/trail-la-traque-au-darou-bientot-lancee-dans-le-kemberg\/#article","isPartOf":{"@id":"https:\/\/vosgesinfo.fr\/saintdieinfo\/2025\/12\/trail-la-traque-au-darou-bientot-lancee-dans-le-kemberg\/"},"author":{"name":"J.J.","@id":"https:\/\/vosgesinfo.fr\/saintdieinfo\/#\/schema\/person\/fa73e9f726d67bb88f46d5b7943cb572"},"headline":"Trail : la Traque au Darou bient\u00f4t lanc\u00e9e dans le Kemberg","datePublished":"2025-12-12T11:03:16+00:00","dateModified":"2025-12-12T10:53:16+00:00","mainEntityOfPage":{"@id":"https:\/\/vosgesinfo.fr\/saintdieinfo\/2025\/12\/trail-la-traque-au-darou-bientot-lancee-dans-le-kemberg\/"},"wordCount":206,"commentCount":0,"publisher":{"@id":"https:\/\/vosgesinfo.fr\/saintdieinfo\/#organization"},"image":{"@id":"https:\/\/vosgesinfo.fr\/saintdieinfo\/2025\/12\/trail-la-traque-au-darou-bientot-lancee-dans-le-kemberg\/#primaryimage"},"thumbnailUrl":"https:\/\/vosgesinfo.fr\/app\/uploads\/sites\/4\/2025\/12\/la-traque-au-darou-1.jpg","keywords":["Grande Traque","Kemberg","La Traque au Darou","mont\u00e9e du Ch\u00e2teau","P\u2019tite Traque","poursuite","Saint-Di\u00e9-des-Vosges","trail","trail hivernal","traildarou fr","Trois Fauteuils","vosges"],"articleSection":["A la Une","Saint-Di\u00e9-des-Vosges","Sport"],"inLanguage":"fr-FR","potentialAction":[{"@type":"CommentAction","name":"Comment","target":["https:\/\/vosgesinfo.fr\/saintdieinfo\/2025\/12\/trail-la-traque-au-darou-bientot-lancee-dans-le-kemberg\/#respond"]}]},{"@type":"WebPage","@id":"https:\/\/vosgesinfo.fr\/saintdieinfo\/2025\/12\/trail-la-traque-au-darou-bientot-lancee-dans-le-kemberg\/","url":"https:\/\/vosgesinfo.fr\/saintdieinfo\/2025\/12\/trail-la-traque-au-darou-bientot-lancee-dans-le-kemberg\/","name":"Trail : la Traque au Darou bient\u00f4t lanc\u00e9e dans le Kemberg - Saint Die Info","isPartOf":{"@id":"https:\/\/vosgesinfo.fr\/saintdieinfo\/#website"},"primaryImageOfPage":{"@id":"https:\/\/vosgesinfo.fr\/saintdieinfo\/2025\/12\/trail-la-traque-au-darou-bientot-lancee-dans-le-kemberg\/#primaryimage"},"image":{"@id":"https:\/\/vosgesinfo.fr\/saintdieinfo\/2025\/12\/trail-la-traque-au-darou-bientot-lancee-dans-le-kemberg\/#primaryimage"},"thumbnailUrl":"https:\/\/vosgesinfo.fr\/app\/uploads\/sites\/4\/2025\/12\/la-traque-au-darou-1.jpg","datePublished":"2025-12-12T11:03:16+00:00","dateModified":"2025-12-12T10:53:16+00:00","breadcrumb":{"@id":"https:\/\/vosgesinfo.fr\/saintdieinfo\/2025\/12\/trail-la-traque-au-darou-bientot-lancee-dans-le-kemberg\/#breadcrumb"},"inLanguage":"fr-FR","potentialAction":[{"@type":"ReadAction","target":["https:\/\/vosgesinfo.fr\/saintdieinfo\/2025\/12\/trail-la-traque-au-darou-bientot-lancee-dans-le-kemberg\/"]}]},{"@type":"ImageObject","inLanguage":"fr-FR","@id":"https:\/\/vosgesinfo.fr\/saintdieinfo\/2025\/12\/trail-la-traque-au-darou-bientot-lancee-dans-le-kemberg\/#primaryimage","url":"https:\/\/vosgesinfo.fr\/app\/uploads\/sites\/4\/2025\/12\/la-traque-au-darou-1.jpg","contentUrl":"https:\/\/vosgesinfo.fr\/app\/uploads\/sites\/4\/2025\/12\/la-traque-au-darou-1.jpg","width":1357,"height":1080},{"@type":"BreadcrumbList","@id":"https:\/\/vosgesinfo.fr\/saintdieinfo\/2025\/12\/trail-la-traque-au-darou-bientot-lancee-dans-le-kemberg\/#breadcrumb","itemListElement":[{"@type":"ListItem","position":1,"name":"Home","item":"https:\/\/vosgesinfo.fr\/saintdieinfo\/"},{"@type":"ListItem","position":2,"name":"Trail : la Traque au Darou bient\u00f4t lanc\u00e9e dans le Kemberg"}]},{"@type":"WebSite","@id":"https:\/\/vosgesinfo.fr\/saintdieinfo\/#website","url":"https:\/\/vosgesinfo.fr\/saintdieinfo\/","name":"Saint Die Info","description":"Toute l&#039;actualit\u00e9 de Saint-Di\u00e9-Des-Vosges","publisher":{"@id":"https:\/\/vosgesinfo.fr\/saintdieinfo\/#organization"},"alternateName":"Toute l'actualit\u00e9 de Saint-Di\u00e9-Des-Vosges","potentialAction":[{"@type":"SearchAction","target":{"@type":"EntryPoint","urlTemplate":"https:\/\/vosgesinfo.fr\/saintdieinfo\/?s={search_term_string}"},"query-input":"required name=search_term_string"}],"inLanguage":"fr-FR"},{"@type":"Organization","@id":"https:\/\/vosgesinfo.fr\/saintdieinfo\/#organization","name":"Saint Die Info","url":"https:\/\/vosgesinfo.fr\/saintdieinfo\/","logo":{"@type":"ImageObject","inLanguage":"fr-FR","@id":"https:\/\/vosgesinfo.fr\/saintdieinfo\/#\/schema\/logo\/image\/","url":"https:\/\/vosgesinfo.fr\/app\/uploads\/sites\/4\/2024\/02\/logo-sdi.jpg","contentUrl":"https:\/\/vosgesinfo.fr\/app\/uploads\/sites\/4\/2024\/02\/logo-sdi.jpg","width":600,"height":600,"caption":"Saint Die Info"},"image":{"@id":"https:\/\/vosgesinfo.fr\/saintdieinfo\/#\/schema\/logo\/image\/"},"sameAs":["https:\/\/www.facebook.com\/Saintdieinfofr","https:\/\/x.com\/VosgesInfo88","https:\/\/www.youtube.com\/@vosgesinfo"]},{"@type":"Person","@id":"https:\/\/vosgesinfo.fr\/saintdieinfo\/#\/schema\/person\/fa73e9f726d67bb88f46d5b7943cb572","name":"J.J.","image":{"@type":"ImageObject","inLanguage":"fr-FR","@id":"https:\/\/vosgesinfo.fr\/saintdieinfo\/#\/schema\/person\/image\/","url":"https:\/\/secure.gravatar.com\/avatar\/219e749e47ffbcca018a360ae4add7d4cdf1cdaaf8bc7676b27efade3fe65615?s=96&d=mm&r=g","contentUrl":"https:\/\/secure.gravatar.com\/avatar\/219e749e47ffbcca018a360ae4add7d4cdf1cdaaf8bc7676b27efade3fe65615?s=96&d=mm&r=g","caption":"J.J."},"url":"https:\/\/vosgesinfo.fr\/saintdieinfo\/author\/j-j\/"}]}},"_links":{"self":[{"href":"https:\/\/vosgesinfo.fr\/saintdieinfo\/wp-json\/wp\/v2\/posts\/85840","targetHints":{"allow":["GET"]}}],"collection":[{"href":"https:\/\/vosgesinfo.fr\/saintdieinfo\/wp-json\/wp\/v2\/posts"}],"about":[{"href":"https:\/\/vosgesinfo.fr\/saintdieinfo\/wp-json\/wp\/v2\/types\/post"}],"author":[{"embeddable":true,"href":"https:\/\/vosgesinfo.fr\/saintdieinfo\/wp-json\/wp\/v2\/users\/46"}],"replies":[{"embeddable":true,"href":"https:\/\/vosgesinfo.fr\/saintdieinfo\/wp-json\/wp\/v2\/comments?post=85840"}],"version-history":[{"count":1,"href":"https:\/\/vosgesinfo.fr\/saintdieinfo\/wp-json\/wp\/v2\/posts\/85840\/revisions"}],"predecessor-version":[{"id":85843,"href":"https:\/\/vosgesinfo.fr\/saintdieinfo\/wp-json\/wp\/v2\/posts\/85840\/revisions\/85843"}],"wp:featuredmedia":[{"embeddable":true,"href":"https:\/\/vosgesinfo.fr\/saintdieinfo\/wp-json\/wp\/v2\/media\/85842"}],"wp:attachment":[{"href":"https:\/\/vosgesinfo.fr\/saintdieinfo\/wp-json\/wp\/v2\/media?parent=85840"}],"wp:term":[{"taxonomy":"category","embeddable":true,"href":"https:\/\/vosgesinfo.fr\/saintdieinfo\/wp-json\/wp\/v2\/categories?post=85840"},{"taxonomy":"post_tag","embeddable":true,"href":"https:\/\/vosgesinfo.fr\/saintdieinfo\/wp-json\/wp\/v2\/tags?post=85840"}],"curies":[{"name":"wp","href":"https:\/\/api.w.org\/{rel}","templated":true}]}}