{"id":85844,"date":"2025-12-12T13:43:35","date_gmt":"2025-12-12T12:43:35","guid":{"rendered":"https:\/\/vosgesinfo.fr\/saintdieinfo\/?p=85844"},"modified":"2025-12-12T13:35:36","modified_gmt":"2025-12-12T12:35:36","slug":"la-region-grand-est-met-en-service-des-navettes-hivernales-vers-le-markstein","status":"publish","type":"post","link":"https:\/\/vosgesinfo.fr\/saintdieinfo\/2025\/12\/la-region-grand-est-met-en-service-des-navettes-hivernales-vers-le-markstein\/","title":{"rendered":"La R\u00e9gion Grand Est met en service des navettes hivernales vers le Markstein"},"content":{"rendered":"<div id=\"attachment_85845\" style=\"width: 736px\" class=\"wp-caption alignnone\"><a href=\"https:\/\/vosgesinfo.fr\/app\/uploads\/sites\/4\/2025\/12\/markstein.jpg\"><img decoding=\"async\" aria-describedby=\"caption-attachment-85845\" class=\"size-full wp-image-85845\" src=\"https:\/\/vosgesinfo.fr\/app\/uploads\/sites\/4\/2025\/12\/markstein.jpg\" alt=\"\" width=\"726\" height=\"366\" srcset=\"https:\/\/vosgesinfo.fr\/app\/uploads\/sites\/4\/2025\/12\/markstein.jpg 726w, https:\/\/vosgesinfo.fr\/app\/uploads\/sites\/4\/2025\/12\/markstein-300x151.jpg 300w\" sizes=\"(max-width: 726px) 100vw, 726px\" \/><\/a><p id=\"caption-attachment-85845\" class=\"wp-caption-text\">(Illustration. Photographie Syndicat Mixte Markstein Grand-Ballon)<\/p><\/div>\n<h2>La <strong>R\u00e9gion Grand Est<\/strong> met en place ses <strong>Navettes hivernales du Markstein<\/strong> du <strong>20 d\u00e9cembre<\/strong> au <strong>29 mars<\/strong>. Pens\u00e9es pour simplifier l\u2019acc\u00e8s \u00e0 un site embl\u00e9matique du Massif des Vosges, ces liaisons, initialement port\u00e9es par les Communaut\u00e9s de Communes de la R\u00e9gion de Guebwiller et de Thann-Cernay, renforcent la desserte touristique et visent \u00e0 ouvrir la montagne \u00e0 tous.<\/h2>\n<p><!--more--><\/p>\n<h3><strong>Des d\u00e9parts depuis cinq communes<\/strong><\/h3>\n<p>Au d\u00e9part de Bollwiller, Cernay, Soultz, Guebwiller et Thann, les navettes permettent de rejoindre le Markstein pour profiter d\u2019activit\u00e9s sportives, touristiques et de plein air.<\/p>\n<h3><strong>Circulation pendant les vacances, week-ends et jours f\u00e9ri\u00e9s<\/strong><\/h3>\n<p>Les navettes circulent tous les jours pendant les vacances scolaires de la zone B, ainsi que les week-ends et jours f\u00e9ri\u00e9s hors vacances, <strong>quel que soit l\u2019enneigement<\/strong>.<\/p>\n<h3><strong>Des correspondances et des horaires adapt\u00e9s<\/strong><\/h3>\n<p>Des correspondances avec les <strong>TER<\/strong> sont pr\u00e9vues en gares de <strong>Mulhouse<\/strong> et de <strong>Colmar<\/strong>. Les horaires sont align\u00e9s avec les cours de l\u2019\u00c9cole Fran\u00e7aise de Ski et avec les horaires d\u2019ouverture de la station. Un temps est pr\u00e9vu pour la location et la restitution du mat\u00e9riel. Le suivi des cars en temps r\u00e9el est possible via <strong>Pyzae<\/strong>.<\/p>\n<h3><strong>R\u00e9servation obligatoire<\/strong><\/h3>\n<p>La r\u00e9servation est obligatoire, par t\u00e9l\u00e9phone, au <strong>03-89-32-11-21<\/strong> pour Cernay \u2192 Markstein (ligne 68R096), et au <strong>03-89-76-67-00<\/strong> pour Bollwiller \u2192 Markstein (ligne 68R097). Elle doit \u00eatre effectu\u00e9e au plus tard la veille du d\u00e9placement avant 19h, jours f\u00e9ri\u00e9s inclus. Il est aussi possible de r\u00e9server via la boutique en ligne ou directement \u00e0 bord des cars, en pr\u00e9voyant l\u2019appoint.<\/p>\n","protected":false},"excerpt":{"rendered":"<p>La R\u00e9gion Grand Est met en place ses Navettes hivernales du Markstein du 20 d\u00e9cembre au 29 mars. Pens\u00e9es pour [&hellip;]<\/p>\n","protected":false},"author":46,"featured_media":85845,"comment_status":"open","ping_status":"open","sticky":false,"template":"","format":"standard","meta":{"footnotes":""},"categories":[460,3628,15104,18],"tags":[19439,19440,19442,88,1867,19438,852,19441,19444,19443,11109,1905],"class_list":["post-85844","post","type-post","status-publish","format-standard","has-post-thumbnail","hentry","category-a-la-une","category-region-grand-est","category-tourisme","category-vosges","tag-bollwiller","tag-cernay","tag-guebwiller","tag-markstein","tag-massif-des-vosges","tag-navettes-hivernales-du-markstein","tag-region-grand-est","tag-soultz","tag-ter-colmar","tag-ter-mulhouse","tag-thann","tag-transport"],"acf":[],"yoast_head":"<!-- This site is optimized with the Yoast SEO plugin v22.5 - https:\/\/yoast.com\/wordpress\/plugins\/seo\/ -->\n<title>La R\u00e9gion Grand Est met en service des navettes hivernales vers le Markstein - Saint Die Info<\/title>\n<meta name=\"robots\" content=\"index, follow, max-snippet:-1, max-image-preview:large, max-video-preview:-1\" \/>\n<link rel=\"canonical\" href=\"https:\/\/vosgesinfo.fr\/saintdieinfo\/2025\/12\/la-region-grand-est-met-en-service-des-navettes-hivernales-vers-le-markstein\/\" \/>\n<meta name=\"twitter:card\" content=\"summary_large_image\" \/>\n<meta name=\"twitter:title\" content=\"La R\u00e9gion Grand Est met en service des navettes hivernales vers le Markstein - Saint Die Info\" \/>\n<meta name=\"twitter:description\" content=\"La R\u00e9gion Grand Est met en place ses Navettes hivernales du Markstein du 20 d\u00e9cembre au 29 mars. Pens\u00e9es pour [&hellip;]\" \/>\n<meta name=\"twitter:image\" content=\"https:\/\/vosgesinfo.fr\/app\/uploads\/sites\/4\/2025\/12\/markstein.jpg\" \/>\n<meta name=\"twitter:creator\" content=\"@VosgesInfo88\" \/>\n<meta name=\"twitter:site\" content=\"@VosgesInfo88\" \/>\n<meta name=\"twitter:label1\" content=\"\u00c9crit par\" \/>\n\t<meta name=\"twitter:data1\" content=\"J.J.\" \/>\n\t<meta name=\"twitter:label2\" content=\"Dur\u00e9e de lecture estim\u00e9e\" \/>\n\t<meta name=\"twitter:data2\" content=\"1 minute\" \/>\n<script type=\"application\/ld+json\" class=\"yoast-schema-graph\">{\"@context\":\"https:\/\/schema.org\",\"@graph\":[{\"@type\":\"Article\",\"@id\":\"https:\/\/vosgesinfo.fr\/saintdieinfo\/2025\/12\/la-region-grand-est-met-en-service-des-navettes-hivernales-vers-le-markstein\/#article\",\"isPartOf\":{\"@id\":\"https:\/\/vosgesinfo.fr\/saintdieinfo\/2025\/12\/la-region-grand-est-met-en-service-des-navettes-hivernales-vers-le-markstein\/\"},\"author\":{\"name\":\"J.J.\",\"@id\":\"https:\/\/vosgesinfo.fr\/saintdieinfo\/#\/schema\/person\/fa73e9f726d67bb88f46d5b7943cb572\"},\"headline\":\"La R\u00e9gion Grand Est met en service des navettes hivernales vers le Markstein\",\"datePublished\":\"2025-12-12T12:43:35+00:00\",\"dateModified\":\"2025-12-12T12:35:36+00:00\",\"mainEntityOfPage\":{\"@id\":\"https:\/\/vosgesinfo.fr\/saintdieinfo\/2025\/12\/la-region-grand-est-met-en-service-des-navettes-hivernales-vers-le-markstein\/\"},\"wordCount\":311,\"commentCount\":0,\"publisher\":{\"@id\":\"https:\/\/vosgesinfo.fr\/saintdieinfo\/#organization\"},\"image\":{\"@id\":\"https:\/\/vosgesinfo.fr\/saintdieinfo\/2025\/12\/la-region-grand-est-met-en-service-des-navettes-hivernales-vers-le-markstein\/#primaryimage\"},\"thumbnailUrl\":\"https:\/\/vosgesinfo.fr\/app\/uploads\/sites\/4\/2025\/12\/markstein.jpg\",\"keywords\":[\"Bollwiller\",\"Cernay\",\"Guebwiller\",\"Markstein\",\"massif des vosges\",\"navettes hivernales du Markstein\",\"R\u00e9gion Grand Est\",\"Soultz\",\"TER Colmar\",\"TER Mulhouse\",\"Thann\",\"transport\"],\"articleSection\":[\"A la Une\",\"R\u00e9gion Grand Est\",\"Tourisme\",\"Vosges\"],\"inLanguage\":\"fr-FR\",\"potentialAction\":[{\"@type\":\"CommentAction\",\"name\":\"Comment\",\"target\":[\"https:\/\/vosgesinfo.fr\/saintdieinfo\/2025\/12\/la-region-grand-est-met-en-service-des-navettes-hivernales-vers-le-markstein\/#respond\"]}]},{\"@type\":\"WebPage\",\"@id\":\"https:\/\/vosgesinfo.fr\/saintdieinfo\/2025\/12\/la-region-grand-est-met-en-service-des-navettes-hivernales-vers-le-markstein\/\",\"url\":\"https:\/\/vosgesinfo.fr\/saintdieinfo\/2025\/12\/la-region-grand-est-met-en-service-des-navettes-hivernales-vers-le-markstein\/\",\"name\":\"La R\u00e9gion Grand Est met en service des navettes hivernales vers le Markstein - Saint Die Info\",\"isPartOf\":{\"@id\":\"https:\/\/vosgesinfo.fr\/saintdieinfo\/#website\"},\"primaryImageOfPage\":{\"@id\":\"https:\/\/vosgesinfo.fr\/saintdieinfo\/2025\/12\/la-region-grand-est-met-en-service-des-navettes-hivernales-vers-le-markstein\/#primaryimage\"},\"image\":{\"@id\":\"https:\/\/vosgesinfo.fr\/saintdieinfo\/2025\/12\/la-region-grand-est-met-en-service-des-navettes-hivernales-vers-le-markstein\/#primaryimage\"},\"thumbnailUrl\":\"https:\/\/vosgesinfo.fr\/app\/uploads\/sites\/4\/2025\/12\/markstein.jpg\",\"datePublished\":\"2025-12-12T12:43:35+00:00\",\"dateModified\":\"2025-12-12T12:35:36+00:00\",\"breadcrumb\":{\"@id\":\"https:\/\/vosgesinfo.fr\/saintdieinfo\/2025\/12\/la-region-grand-est-met-en-service-des-navettes-hivernales-vers-le-markstein\/#breadcrumb\"},\"inLanguage\":\"fr-FR\",\"potentialAction\":[{\"@type\":\"ReadAction\",\"target\":[\"https:\/\/vosgesinfo.fr\/saintdieinfo\/2025\/12\/la-region-grand-est-met-en-service-des-navettes-hivernales-vers-le-markstein\/\"]}]},{\"@type\":\"ImageObject\",\"inLanguage\":\"fr-FR\",\"@id\":\"https:\/\/vosgesinfo.fr\/saintdieinfo\/2025\/12\/la-region-grand-est-met-en-service-des-navettes-hivernales-vers-le-markstein\/#primaryimage\",\"url\":\"https:\/\/vosgesinfo.fr\/app\/uploads\/sites\/4\/2025\/12\/markstein.jpg\",\"contentUrl\":\"https:\/\/vosgesinfo.fr\/app\/uploads\/sites\/4\/2025\/12\/markstein.jpg\",\"width\":726,\"height\":366,\"caption\":\"(Illustration. Photographie Syndicat Mixte Markstein Grand-Ballon)\"},{\"@type\":\"BreadcrumbList\",\"@id\":\"https:\/\/vosgesinfo.fr\/saintdieinfo\/2025\/12\/la-region-grand-est-met-en-service-des-navettes-hivernales-vers-le-markstein\/#breadcrumb\",\"itemListElement\":[{\"@type\":\"ListItem\",\"position\":1,\"name\":\"Home\",\"item\":\"https:\/\/vosgesinfo.fr\/saintdieinfo\/\"},{\"@type\":\"ListItem\",\"position\":2,\"name\":\"La R\u00e9gion Grand Est met en service des navettes hivernales vers le Markstein\"}]},{\"@type\":\"WebSite\",\"@id\":\"https:\/\/vosgesinfo.fr\/saintdieinfo\/#website\",\"url\":\"https:\/\/vosgesinfo.fr\/saintdieinfo\/\",\"name\":\"Saint Die Info\",\"description\":\"Toute l&#039;actualit\u00e9 de Saint-Di\u00e9-Des-Vosges\",\"publisher\":{\"@id\":\"https:\/\/vosgesinfo.fr\/saintdieinfo\/#organization\"},\"alternateName\":\"Toute l'actualit\u00e9 de Saint-Di\u00e9-Des-Vosges\",\"potentialAction\":[{\"@type\":\"SearchAction\",\"target\":{\"@type\":\"EntryPoint\",\"urlTemplate\":\"https:\/\/vosgesinfo.fr\/saintdieinfo\/?s={search_term_string}\"},\"query-input\":\"required name=search_term_string\"}],\"inLanguage\":\"fr-FR\"},{\"@type\":\"Organization\",\"@id\":\"https:\/\/vosgesinfo.fr\/saintdieinfo\/#organization\",\"name\":\"Saint Die Info\",\"url\":\"https:\/\/vosgesinfo.fr\/saintdieinfo\/\",\"logo\":{\"@type\":\"ImageObject\",\"inLanguage\":\"fr-FR\",\"@id\":\"https:\/\/vosgesinfo.fr\/saintdieinfo\/#\/schema\/logo\/image\/\",\"url\":\"https:\/\/vosgesinfo.fr\/app\/uploads\/sites\/4\/2024\/02\/logo-sdi.jpg\",\"contentUrl\":\"https:\/\/vosgesinfo.fr\/app\/uploads\/sites\/4\/2024\/02\/logo-sdi.jpg\",\"width\":600,\"height\":600,\"caption\":\"Saint Die Info\"},\"image\":{\"@id\":\"https:\/\/vosgesinfo.fr\/saintdieinfo\/#\/schema\/logo\/image\/\"},\"sameAs\":[\"https:\/\/www.facebook.com\/Saintdieinfofr\",\"https:\/\/x.com\/VosgesInfo88\",\"https:\/\/www.youtube.com\/@vosgesinfo\"]},{\"@type\":\"Person\",\"@id\":\"https:\/\/vosgesinfo.fr\/saintdieinfo\/#\/schema\/person\/fa73e9f726d67bb88f46d5b7943cb572\",\"name\":\"J.J.\",\"image\":{\"@type\":\"ImageObject\",\"inLanguage\":\"fr-FR\",\"@id\":\"https:\/\/vosgesinfo.fr\/saintdieinfo\/#\/schema\/person\/image\/\",\"url\":\"https:\/\/secure.gravatar.com\/avatar\/219e749e47ffbcca018a360ae4add7d4cdf1cdaaf8bc7676b27efade3fe65615?s=96&d=mm&r=g\",\"contentUrl\":\"https:\/\/secure.gravatar.com\/avatar\/219e749e47ffbcca018a360ae4add7d4cdf1cdaaf8bc7676b27efade3fe65615?s=96&d=mm&r=g\",\"caption\":\"J.J.\"},\"url\":\"https:\/\/vosgesinfo.fr\/saintdieinfo\/author\/j-j\/\"}]}<\/script>\n<!-- \/ Yoast SEO plugin. -->","yoast_head_json":{"title":"La R\u00e9gion Grand Est met en service des navettes hivernales vers le Markstein - Saint Die Info","robots":{"index":"index","follow":"follow","max-snippet":"max-snippet:-1","max-image-preview":"max-image-preview:large","max-video-preview":"max-video-preview:-1"},"canonical":"https:\/\/vosgesinfo.fr\/saintdieinfo\/2025\/12\/la-region-grand-est-met-en-service-des-navettes-hivernales-vers-le-markstein\/","twitter_card":"summary_large_image","twitter_title":"La R\u00e9gion Grand Est met en service des navettes hivernales vers le Markstein - Saint Die Info","twitter_description":"La R\u00e9gion Grand Est met en place ses Navettes hivernales du Markstein du 20 d\u00e9cembre au 29 mars. Pens\u00e9es pour [&hellip;]","twitter_image":"https:\/\/vosgesinfo.fr\/app\/uploads\/sites\/4\/2025\/12\/markstein.jpg","twitter_creator":"@VosgesInfo88","twitter_site":"@VosgesInfo88","twitter_misc":{"\u00c9crit par":"J.J.","Dur\u00e9e de lecture estim\u00e9e":"1 minute"},"schema":{"@context":"https:\/\/schema.org","@graph":[{"@type":"Article","@id":"https:\/\/vosgesinfo.fr\/saintdieinfo\/2025\/12\/la-region-grand-est-met-en-service-des-navettes-hivernales-vers-le-markstein\/#article","isPartOf":{"@id":"https:\/\/vosgesinfo.fr\/saintdieinfo\/2025\/12\/la-region-grand-est-met-en-service-des-navettes-hivernales-vers-le-markstein\/"},"author":{"name":"J.J.","@id":"https:\/\/vosgesinfo.fr\/saintdieinfo\/#\/schema\/person\/fa73e9f726d67bb88f46d5b7943cb572"},"headline":"La R\u00e9gion Grand Est met en service des navettes hivernales vers le Markstein","datePublished":"2025-12-12T12:43:35+00:00","dateModified":"2025-12-12T12:35:36+00:00","mainEntityOfPage":{"@id":"https:\/\/vosgesinfo.fr\/saintdieinfo\/2025\/12\/la-region-grand-est-met-en-service-des-navettes-hivernales-vers-le-markstein\/"},"wordCount":311,"commentCount":0,"publisher":{"@id":"https:\/\/vosgesinfo.fr\/saintdieinfo\/#organization"},"image":{"@id":"https:\/\/vosgesinfo.fr\/saintdieinfo\/2025\/12\/la-region-grand-est-met-en-service-des-navettes-hivernales-vers-le-markstein\/#primaryimage"},"thumbnailUrl":"https:\/\/vosgesinfo.fr\/app\/uploads\/sites\/4\/2025\/12\/markstein.jpg","keywords":["Bollwiller","Cernay","Guebwiller","Markstein","massif des vosges","navettes hivernales du Markstein","R\u00e9gion Grand Est","Soultz","TER Colmar","TER Mulhouse","Thann","transport"],"articleSection":["A la Une","R\u00e9gion Grand Est","Tourisme","Vosges"],"inLanguage":"fr-FR","potentialAction":[{"@type":"CommentAction","name":"Comment","target":["https:\/\/vosgesinfo.fr\/saintdieinfo\/2025\/12\/la-region-grand-est-met-en-service-des-navettes-hivernales-vers-le-markstein\/#respond"]}]},{"@type":"WebPage","@id":"https:\/\/vosgesinfo.fr\/saintdieinfo\/2025\/12\/la-region-grand-est-met-en-service-des-navettes-hivernales-vers-le-markstein\/","url":"https:\/\/vosgesinfo.fr\/saintdieinfo\/2025\/12\/la-region-grand-est-met-en-service-des-navettes-hivernales-vers-le-markstein\/","name":"La R\u00e9gion Grand Est met en service des navettes hivernales vers le Markstein - Saint Die Info","isPartOf":{"@id":"https:\/\/vosgesinfo.fr\/saintdieinfo\/#website"},"primaryImageOfPage":{"@id":"https:\/\/vosgesinfo.fr\/saintdieinfo\/2025\/12\/la-region-grand-est-met-en-service-des-navettes-hivernales-vers-le-markstein\/#primaryimage"},"image":{"@id":"https:\/\/vosgesinfo.fr\/saintdieinfo\/2025\/12\/la-region-grand-est-met-en-service-des-navettes-hivernales-vers-le-markstein\/#primaryimage"},"thumbnailUrl":"https:\/\/vosgesinfo.fr\/app\/uploads\/sites\/4\/2025\/12\/markstein.jpg","datePublished":"2025-12-12T12:43:35+00:00","dateModified":"2025-12-12T12:35:36+00:00","breadcrumb":{"@id":"https:\/\/vosgesinfo.fr\/saintdieinfo\/2025\/12\/la-region-grand-est-met-en-service-des-navettes-hivernales-vers-le-markstein\/#breadcrumb"},"inLanguage":"fr-FR","potentialAction":[{"@type":"ReadAction","target":["https:\/\/vosgesinfo.fr\/saintdieinfo\/2025\/12\/la-region-grand-est-met-en-service-des-navettes-hivernales-vers-le-markstein\/"]}]},{"@type":"ImageObject","inLanguage":"fr-FR","@id":"https:\/\/vosgesinfo.fr\/saintdieinfo\/2025\/12\/la-region-grand-est-met-en-service-des-navettes-hivernales-vers-le-markstein\/#primaryimage","url":"https:\/\/vosgesinfo.fr\/app\/uploads\/sites\/4\/2025\/12\/markstein.jpg","contentUrl":"https:\/\/vosgesinfo.fr\/app\/uploads\/sites\/4\/2025\/12\/markstein.jpg","width":726,"height":366,"caption":"(Illustration. Photographie Syndicat Mixte Markstein Grand-Ballon)"},{"@type":"BreadcrumbList","@id":"https:\/\/vosgesinfo.fr\/saintdieinfo\/2025\/12\/la-region-grand-est-met-en-service-des-navettes-hivernales-vers-le-markstein\/#breadcrumb","itemListElement":[{"@type":"ListItem","position":1,"name":"Home","item":"https:\/\/vosgesinfo.fr\/saintdieinfo\/"},{"@type":"ListItem","position":2,"name":"La R\u00e9gion Grand Est met en service des navettes hivernales vers le Markstein"}]},{"@type":"WebSite","@id":"https:\/\/vosgesinfo.fr\/saintdieinfo\/#website","url":"https:\/\/vosgesinfo.fr\/saintdieinfo\/","name":"Saint Die Info","description":"Toute l&#039;actualit\u00e9 de Saint-Di\u00e9-Des-Vosges","publisher":{"@id":"https:\/\/vosgesinfo.fr\/saintdieinfo\/#organization"},"alternateName":"Toute l'actualit\u00e9 de Saint-Di\u00e9-Des-Vosges","potentialAction":[{"@type":"SearchAction","target":{"@type":"EntryPoint","urlTemplate":"https:\/\/vosgesinfo.fr\/saintdieinfo\/?s={search_term_string}"},"query-input":"required name=search_term_string"}],"inLanguage":"fr-FR"},{"@type":"Organization","@id":"https:\/\/vosgesinfo.fr\/saintdieinfo\/#organization","name":"Saint Die Info","url":"https:\/\/vosgesinfo.fr\/saintdieinfo\/","logo":{"@type":"ImageObject","inLanguage":"fr-FR","@id":"https:\/\/vosgesinfo.fr\/saintdieinfo\/#\/schema\/logo\/image\/","url":"https:\/\/vosgesinfo.fr\/app\/uploads\/sites\/4\/2024\/02\/logo-sdi.jpg","contentUrl":"https:\/\/vosgesinfo.fr\/app\/uploads\/sites\/4\/2024\/02\/logo-sdi.jpg","width":600,"height":600,"caption":"Saint Die Info"},"image":{"@id":"https:\/\/vosgesinfo.fr\/saintdieinfo\/#\/schema\/logo\/image\/"},"sameAs":["https:\/\/www.facebook.com\/Saintdieinfofr","https:\/\/x.com\/VosgesInfo88","https:\/\/www.youtube.com\/@vosgesinfo"]},{"@type":"Person","@id":"https:\/\/vosgesinfo.fr\/saintdieinfo\/#\/schema\/person\/fa73e9f726d67bb88f46d5b7943cb572","name":"J.J.","image":{"@type":"ImageObject","inLanguage":"fr-FR","@id":"https:\/\/vosgesinfo.fr\/saintdieinfo\/#\/schema\/person\/image\/","url":"https:\/\/secure.gravatar.com\/avatar\/219e749e47ffbcca018a360ae4add7d4cdf1cdaaf8bc7676b27efade3fe65615?s=96&d=mm&r=g","contentUrl":"https:\/\/secure.gravatar.com\/avatar\/219e749e47ffbcca018a360ae4add7d4cdf1cdaaf8bc7676b27efade3fe65615?s=96&d=mm&r=g","caption":"J.J."},"url":"https:\/\/vosgesinfo.fr\/saintdieinfo\/author\/j-j\/"}]}},"_links":{"self":[{"href":"https:\/\/vosgesinfo.fr\/saintdieinfo\/wp-json\/wp\/v2\/posts\/85844","targetHints":{"allow":["GET"]}}],"collection":[{"href":"https:\/\/vosgesinfo.fr\/saintdieinfo\/wp-json\/wp\/v2\/posts"}],"about":[{"href":"https:\/\/vosgesinfo.fr\/saintdieinfo\/wp-json\/wp\/v2\/types\/post"}],"author":[{"embeddable":true,"href":"https:\/\/vosgesinfo.fr\/saintdieinfo\/wp-json\/wp\/v2\/users\/46"}],"replies":[{"embeddable":true,"href":"https:\/\/vosgesinfo.fr\/saintdieinfo\/wp-json\/wp\/v2\/comments?post=85844"}],"version-history":[{"count":1,"href":"https:\/\/vosgesinfo.fr\/saintdieinfo\/wp-json\/wp\/v2\/posts\/85844\/revisions"}],"predecessor-version":[{"id":85846,"href":"https:\/\/vosgesinfo.fr\/saintdieinfo\/wp-json\/wp\/v2\/posts\/85844\/revisions\/85846"}],"wp:featuredmedia":[{"embeddable":true,"href":"https:\/\/vosgesinfo.fr\/saintdieinfo\/wp-json\/wp\/v2\/media\/85845"}],"wp:attachment":[{"href":"https:\/\/vosgesinfo.fr\/saintdieinfo\/wp-json\/wp\/v2\/media?parent=85844"}],"wp:term":[{"taxonomy":"category","embeddable":true,"href":"https:\/\/vosgesinfo.fr\/saintdieinfo\/wp-json\/wp\/v2\/categories?post=85844"},{"taxonomy":"post_tag","embeddable":true,"href":"https:\/\/vosgesinfo.fr\/saintdieinfo\/wp-json\/wp\/v2\/tags?post=85844"}],"curies":[{"name":"wp","href":"https:\/\/api.w.org\/{rel}","templated":true}]}}