{"id":85847,"date":"2025-12-12T15:52:48","date_gmt":"2025-12-12T14:52:48","guid":{"rendered":"https:\/\/vosgesinfo.fr\/saintdieinfo\/?p=85847"},"modified":"2025-12-12T15:45:40","modified_gmt":"2025-12-12T14:45:40","slug":"la-vente-du-batiment-de-lancienne-banque-de-france-est-actee","status":"publish","type":"post","link":"https:\/\/vosgesinfo.fr\/saintdieinfo\/2025\/12\/la-vente-du-batiment-de-lancienne-banque-de-france-est-actee\/","title":{"rendered":"La vente du b\u00e2timent de l&rsquo;ancienne Banque de France est act\u00e9e"},"content":{"rendered":"<div id=\"attachment_78401\" style=\"width: 1034px\" class=\"wp-caption alignnone\"><a href=\"https:\/\/vosgesinfo.fr\/app\/uploads\/sites\/4\/2025\/05\/ancienne-banque-de-france-sddv-scaled.jpg\"><img decoding=\"async\" aria-describedby=\"caption-attachment-78401\" class=\"size-large wp-image-78401\" src=\"https:\/\/vosgesinfo.fr\/app\/uploads\/sites\/4\/2025\/05\/ancienne-banque-de-france-sddv-1024x661.jpg\" alt=\"\" width=\"1024\" height=\"661\" srcset=\"https:\/\/vosgesinfo.fr\/app\/uploads\/sites\/4\/2025\/05\/ancienne-banque-de-france-sddv-1024x661.jpg 1024w, https:\/\/vosgesinfo.fr\/app\/uploads\/sites\/4\/2025\/05\/ancienne-banque-de-france-sddv-300x194.jpg 300w, https:\/\/vosgesinfo.fr\/app\/uploads\/sites\/4\/2025\/05\/ancienne-banque-de-france-sddv-768x496.jpg 768w, https:\/\/vosgesinfo.fr\/app\/uploads\/sites\/4\/2025\/05\/ancienne-banque-de-france-sddv-1536x992.jpg 1536w, https:\/\/vosgesinfo.fr\/app\/uploads\/sites\/4\/2025\/05\/ancienne-banque-de-france-sddv-2048x1322.jpg 2048w\" sizes=\"(max-width: 1024px) 100vw, 1024px\" \/><\/a><p id=\"caption-attachment-78401\" class=\"wp-caption-text\">(Capture d&rsquo;\u00e9cran Google Maps)<\/p><\/div>\n<h2 data-start=\"55\" data-end=\"424\">C&rsquo;est un feuilleton avec de nombreux rebondissements&#8230; qui trouve un d\u00e9nouement en cette fin d&rsquo;ann\u00e9e 2025. <a href=\"https:\/\/vosgesinfo.fr\/saintdieinfo\/2025\/05\/le-batiment-de-lancienne-banque-de-france-a-trouve-de-nouveaux-acquereurs\/\" target=\"_blank\" rel=\"noopener\">Au printemps dernier, nous vous avions annonc\u00e9 que le <strong data-start=\"217\" data-end=\"284\">b\u00e2timent de l&rsquo;ancienne Banque de France de Saint-Di\u00e9-des-Vosges<\/strong> avait trouv\u00e9 de \u2013 discrets \u2013 nouveaux acqu\u00e9reurs.<\/a> La <strong data-start=\"338\" data-end=\"367\">vente est d\u00e9sormais act\u00e9e<\/strong>, comme vient de l&rsquo;annoncer le maire <strong data-start=\"404\" data-end=\"423\">Bruno Toussaint<\/strong>.<\/h2>\n<p data-start=\"55\" data-end=\"424\"><!--more--><\/p>\n<p data-start=\"465\" data-end=\"1083\">\u00ab Je viens d\u2019\u00eatre appel\u00e9 par les <strong data-start=\"498\" data-end=\"528\">familles Isra\u00ebl et Bensa\u00efd<\/strong>, propri\u00e9taires du b\u00e2timent de la Banque de France, pour m\u2019informer de la <strong data-start=\"602\" data-end=\"634\">signature de l\u2019acte de vente<\/strong>. J\u2019ai re\u00e7u au cours des deux derni\u00e8res ann\u00e9es les anciens propri\u00e9taires \u00e0 de nombreuses reprises pour faire avancer la vente et leur pr\u00e9senter diff\u00e9rents acheteurs. Je suis rest\u00e9 discret sur le projet et suis aujourd\u2019hui tr\u00e8s heureux de vous l\u2019annoncer. Je laisserai bien s\u00fbr \u00e0 l\u2019<strong data-start=\"915\" data-end=\"933\">acheteur local<\/strong> le soin de se d\u00e9voiler et de pr\u00e9senter son projet. \u00bb a d\u00e9clar\u00e9 Bruno Toussaint ce vendredi sur sa page Facebook. Affaire \u00e0 suivre tr\u00e8s prochainement.<\/p>\n","protected":false},"excerpt":{"rendered":"<p>C&rsquo;est un feuilleton avec de nombreux rebondissements&#8230; qui trouve un d\u00e9nouement en cette fin d&rsquo;ann\u00e9e 2025. Au printemps dernier, nous [&hellip;]<\/p>\n","protected":false},"author":46,"featured_media":78401,"comment_status":"open","ping_status":"open","sticky":false,"template":"","format":"standard","meta":{"footnotes":""},"categories":[460,167],"tags":[19449,19448,19445,19446,11587,3415,2881,19447,43],"class_list":["post-85847","post","type-post","status-publish","format-standard","has-post-thumbnail","hentry","category-a-la-une","category-saint-die-des-vosges","tag-acquereurs","tag-acte-de-vente","tag-ancienne-banque-de-france","tag-banque-de-france-saint-die-des-vosges","tag-batiment","tag-bruno-toussaint","tag-saint-die-des-vosges","tag-vente","tag-vosges"],"acf":[],"yoast_head":"<!-- This site is optimized with the Yoast SEO plugin v22.5 - https:\/\/yoast.com\/wordpress\/plugins\/seo\/ -->\n<title>La vente du b\u00e2timent de l&#039;ancienne Banque de France est act\u00e9e - Saint Die Info<\/title>\n<meta name=\"robots\" content=\"index, follow, max-snippet:-1, max-image-preview:large, max-video-preview:-1\" \/>\n<link rel=\"canonical\" href=\"https:\/\/vosgesinfo.fr\/saintdieinfo\/2025\/12\/la-vente-du-batiment-de-lancienne-banque-de-france-est-actee\/\" \/>\n<meta name=\"twitter:card\" content=\"summary_large_image\" \/>\n<meta name=\"twitter:title\" content=\"La vente du b\u00e2timent de l&#039;ancienne Banque de France est act\u00e9e - Saint Die Info\" \/>\n<meta name=\"twitter:description\" content=\"C&rsquo;est un feuilleton avec de nombreux rebondissements&#8230; qui trouve un d\u00e9nouement en cette fin d&rsquo;ann\u00e9e 2025. Au printemps dernier, nous [&hellip;]\" \/>\n<meta name=\"twitter:image\" content=\"https:\/\/vosgesinfo.fr\/app\/uploads\/sites\/4\/2025\/05\/ancienne-banque-de-france-sddv-scaled.jpg\" \/>\n<meta name=\"twitter:creator\" content=\"@VosgesInfo88\" \/>\n<meta name=\"twitter:site\" content=\"@VosgesInfo88\" \/>\n<meta name=\"twitter:label1\" content=\"\u00c9crit par\" \/>\n\t<meta name=\"twitter:data1\" content=\"J.J.\" \/>\n\t<meta name=\"twitter:label2\" content=\"Dur\u00e9e de lecture estim\u00e9e\" \/>\n\t<meta name=\"twitter:data2\" content=\"1 minute\" \/>\n<script type=\"application\/ld+json\" class=\"yoast-schema-graph\">{\"@context\":\"https:\/\/schema.org\",\"@graph\":[{\"@type\":\"Article\",\"@id\":\"https:\/\/vosgesinfo.fr\/saintdieinfo\/2025\/12\/la-vente-du-batiment-de-lancienne-banque-de-france-est-actee\/#article\",\"isPartOf\":{\"@id\":\"https:\/\/vosgesinfo.fr\/saintdieinfo\/2025\/12\/la-vente-du-batiment-de-lancienne-banque-de-france-est-actee\/\"},\"author\":{\"name\":\"J.J.\",\"@id\":\"https:\/\/vosgesinfo.fr\/saintdieinfo\/#\/schema\/person\/fa73e9f726d67bb88f46d5b7943cb572\"},\"headline\":\"La vente du b\u00e2timent de l&rsquo;ancienne Banque de France est act\u00e9e\",\"datePublished\":\"2025-12-12T14:52:48+00:00\",\"dateModified\":\"2025-12-12T14:45:40+00:00\",\"mainEntityOfPage\":{\"@id\":\"https:\/\/vosgesinfo.fr\/saintdieinfo\/2025\/12\/la-vente-du-batiment-de-lancienne-banque-de-france-est-actee\/\"},\"wordCount\":207,\"commentCount\":3,\"publisher\":{\"@id\":\"https:\/\/vosgesinfo.fr\/saintdieinfo\/#organization\"},\"image\":{\"@id\":\"https:\/\/vosgesinfo.fr\/saintdieinfo\/2025\/12\/la-vente-du-batiment-de-lancienne-banque-de-france-est-actee\/#primaryimage\"},\"thumbnailUrl\":\"https:\/\/vosgesinfo.fr\/app\/uploads\/sites\/4\/2025\/05\/ancienne-banque-de-france-sddv-scaled.jpg\",\"keywords\":[\"acqu\u00e9reurs\",\"acte de vente\",\"ancienne Banque de France\",\"Banque de France Saint-Di\u00e9-des-Vosges\",\"B\u00e2timent\",\"Bruno Toussaint\",\"Saint-Di\u00e9-des-Vosges\",\"vente\",\"vosges\"],\"articleSection\":[\"A la Une\",\"Saint-Di\u00e9-des-Vosges\"],\"inLanguage\":\"fr-FR\",\"potentialAction\":[{\"@type\":\"CommentAction\",\"name\":\"Comment\",\"target\":[\"https:\/\/vosgesinfo.fr\/saintdieinfo\/2025\/12\/la-vente-du-batiment-de-lancienne-banque-de-france-est-actee\/#respond\"]}]},{\"@type\":\"WebPage\",\"@id\":\"https:\/\/vosgesinfo.fr\/saintdieinfo\/2025\/12\/la-vente-du-batiment-de-lancienne-banque-de-france-est-actee\/\",\"url\":\"https:\/\/vosgesinfo.fr\/saintdieinfo\/2025\/12\/la-vente-du-batiment-de-lancienne-banque-de-france-est-actee\/\",\"name\":\"La vente du b\u00e2timent de l'ancienne Banque de France est act\u00e9e - Saint Die Info\",\"isPartOf\":{\"@id\":\"https:\/\/vosgesinfo.fr\/saintdieinfo\/#website\"},\"primaryImageOfPage\":{\"@id\":\"https:\/\/vosgesinfo.fr\/saintdieinfo\/2025\/12\/la-vente-du-batiment-de-lancienne-banque-de-france-est-actee\/#primaryimage\"},\"image\":{\"@id\":\"https:\/\/vosgesinfo.fr\/saintdieinfo\/2025\/12\/la-vente-du-batiment-de-lancienne-banque-de-france-est-actee\/#primaryimage\"},\"thumbnailUrl\":\"https:\/\/vosgesinfo.fr\/app\/uploads\/sites\/4\/2025\/05\/ancienne-banque-de-france-sddv-scaled.jpg\",\"datePublished\":\"2025-12-12T14:52:48+00:00\",\"dateModified\":\"2025-12-12T14:45:40+00:00\",\"breadcrumb\":{\"@id\":\"https:\/\/vosgesinfo.fr\/saintdieinfo\/2025\/12\/la-vente-du-batiment-de-lancienne-banque-de-france-est-actee\/#breadcrumb\"},\"inLanguage\":\"fr-FR\",\"potentialAction\":[{\"@type\":\"ReadAction\",\"target\":[\"https:\/\/vosgesinfo.fr\/saintdieinfo\/2025\/12\/la-vente-du-batiment-de-lancienne-banque-de-france-est-actee\/\"]}]},{\"@type\":\"ImageObject\",\"inLanguage\":\"fr-FR\",\"@id\":\"https:\/\/vosgesinfo.fr\/saintdieinfo\/2025\/12\/la-vente-du-batiment-de-lancienne-banque-de-france-est-actee\/#primaryimage\",\"url\":\"https:\/\/vosgesinfo.fr\/app\/uploads\/sites\/4\/2025\/05\/ancienne-banque-de-france-sddv-scaled.jpg\",\"contentUrl\":\"https:\/\/vosgesinfo.fr\/app\/uploads\/sites\/4\/2025\/05\/ancienne-banque-de-france-sddv-scaled.jpg\",\"width\":2560,\"height\":1653,\"caption\":\"(Capture d'\u00e9cran Google Maps)\"},{\"@type\":\"BreadcrumbList\",\"@id\":\"https:\/\/vosgesinfo.fr\/saintdieinfo\/2025\/12\/la-vente-du-batiment-de-lancienne-banque-de-france-est-actee\/#breadcrumb\",\"itemListElement\":[{\"@type\":\"ListItem\",\"position\":1,\"name\":\"Home\",\"item\":\"https:\/\/vosgesinfo.fr\/saintdieinfo\/\"},{\"@type\":\"ListItem\",\"position\":2,\"name\":\"La vente du b\u00e2timent de l&rsquo;ancienne Banque de France est act\u00e9e\"}]},{\"@type\":\"WebSite\",\"@id\":\"https:\/\/vosgesinfo.fr\/saintdieinfo\/#website\",\"url\":\"https:\/\/vosgesinfo.fr\/saintdieinfo\/\",\"name\":\"Saint Die Info\",\"description\":\"Toute l&#039;actualit\u00e9 de Saint-Di\u00e9-Des-Vosges\",\"publisher\":{\"@id\":\"https:\/\/vosgesinfo.fr\/saintdieinfo\/#organization\"},\"alternateName\":\"Toute l'actualit\u00e9 de Saint-Di\u00e9-Des-Vosges\",\"potentialAction\":[{\"@type\":\"SearchAction\",\"target\":{\"@type\":\"EntryPoint\",\"urlTemplate\":\"https:\/\/vosgesinfo.fr\/saintdieinfo\/?s={search_term_string}\"},\"query-input\":\"required name=search_term_string\"}],\"inLanguage\":\"fr-FR\"},{\"@type\":\"Organization\",\"@id\":\"https:\/\/vosgesinfo.fr\/saintdieinfo\/#organization\",\"name\":\"Saint Die Info\",\"url\":\"https:\/\/vosgesinfo.fr\/saintdieinfo\/\",\"logo\":{\"@type\":\"ImageObject\",\"inLanguage\":\"fr-FR\",\"@id\":\"https:\/\/vosgesinfo.fr\/saintdieinfo\/#\/schema\/logo\/image\/\",\"url\":\"https:\/\/vosgesinfo.fr\/app\/uploads\/sites\/4\/2024\/02\/logo-sdi.jpg\",\"contentUrl\":\"https:\/\/vosgesinfo.fr\/app\/uploads\/sites\/4\/2024\/02\/logo-sdi.jpg\",\"width\":600,\"height\":600,\"caption\":\"Saint Die Info\"},\"image\":{\"@id\":\"https:\/\/vosgesinfo.fr\/saintdieinfo\/#\/schema\/logo\/image\/\"},\"sameAs\":[\"https:\/\/www.facebook.com\/Saintdieinfofr\",\"https:\/\/x.com\/VosgesInfo88\",\"https:\/\/www.youtube.com\/@vosgesinfo\"]},{\"@type\":\"Person\",\"@id\":\"https:\/\/vosgesinfo.fr\/saintdieinfo\/#\/schema\/person\/fa73e9f726d67bb88f46d5b7943cb572\",\"name\":\"J.J.\",\"image\":{\"@type\":\"ImageObject\",\"inLanguage\":\"fr-FR\",\"@id\":\"https:\/\/vosgesinfo.fr\/saintdieinfo\/#\/schema\/person\/image\/\",\"url\":\"https:\/\/secure.gravatar.com\/avatar\/219e749e47ffbcca018a360ae4add7d4cdf1cdaaf8bc7676b27efade3fe65615?s=96&d=mm&r=g\",\"contentUrl\":\"https:\/\/secure.gravatar.com\/avatar\/219e749e47ffbcca018a360ae4add7d4cdf1cdaaf8bc7676b27efade3fe65615?s=96&d=mm&r=g\",\"caption\":\"J.J.\"},\"url\":\"https:\/\/vosgesinfo.fr\/saintdieinfo\/author\/j-j\/\"}]}<\/script>\n<!-- \/ Yoast SEO plugin. -->","yoast_head_json":{"title":"La vente du b\u00e2timent de l'ancienne Banque de France est act\u00e9e - Saint Die Info","robots":{"index":"index","follow":"follow","max-snippet":"max-snippet:-1","max-image-preview":"max-image-preview:large","max-video-preview":"max-video-preview:-1"},"canonical":"https:\/\/vosgesinfo.fr\/saintdieinfo\/2025\/12\/la-vente-du-batiment-de-lancienne-banque-de-france-est-actee\/","twitter_card":"summary_large_image","twitter_title":"La vente du b\u00e2timent de l'ancienne Banque de France est act\u00e9e - Saint Die Info","twitter_description":"C&rsquo;est un feuilleton avec de nombreux rebondissements&#8230; qui trouve un d\u00e9nouement en cette fin d&rsquo;ann\u00e9e 2025. Au printemps dernier, nous [&hellip;]","twitter_image":"https:\/\/vosgesinfo.fr\/app\/uploads\/sites\/4\/2025\/05\/ancienne-banque-de-france-sddv-scaled.jpg","twitter_creator":"@VosgesInfo88","twitter_site":"@VosgesInfo88","twitter_misc":{"\u00c9crit par":"J.J.","Dur\u00e9e de lecture estim\u00e9e":"1 minute"},"schema":{"@context":"https:\/\/schema.org","@graph":[{"@type":"Article","@id":"https:\/\/vosgesinfo.fr\/saintdieinfo\/2025\/12\/la-vente-du-batiment-de-lancienne-banque-de-france-est-actee\/#article","isPartOf":{"@id":"https:\/\/vosgesinfo.fr\/saintdieinfo\/2025\/12\/la-vente-du-batiment-de-lancienne-banque-de-france-est-actee\/"},"author":{"name":"J.J.","@id":"https:\/\/vosgesinfo.fr\/saintdieinfo\/#\/schema\/person\/fa73e9f726d67bb88f46d5b7943cb572"},"headline":"La vente du b\u00e2timent de l&rsquo;ancienne Banque de France est act\u00e9e","datePublished":"2025-12-12T14:52:48+00:00","dateModified":"2025-12-12T14:45:40+00:00","mainEntityOfPage":{"@id":"https:\/\/vosgesinfo.fr\/saintdieinfo\/2025\/12\/la-vente-du-batiment-de-lancienne-banque-de-france-est-actee\/"},"wordCount":207,"commentCount":3,"publisher":{"@id":"https:\/\/vosgesinfo.fr\/saintdieinfo\/#organization"},"image":{"@id":"https:\/\/vosgesinfo.fr\/saintdieinfo\/2025\/12\/la-vente-du-batiment-de-lancienne-banque-de-france-est-actee\/#primaryimage"},"thumbnailUrl":"https:\/\/vosgesinfo.fr\/app\/uploads\/sites\/4\/2025\/05\/ancienne-banque-de-france-sddv-scaled.jpg","keywords":["acqu\u00e9reurs","acte de vente","ancienne Banque de France","Banque de France Saint-Di\u00e9-des-Vosges","B\u00e2timent","Bruno Toussaint","Saint-Di\u00e9-des-Vosges","vente","vosges"],"articleSection":["A la Une","Saint-Di\u00e9-des-Vosges"],"inLanguage":"fr-FR","potentialAction":[{"@type":"CommentAction","name":"Comment","target":["https:\/\/vosgesinfo.fr\/saintdieinfo\/2025\/12\/la-vente-du-batiment-de-lancienne-banque-de-france-est-actee\/#respond"]}]},{"@type":"WebPage","@id":"https:\/\/vosgesinfo.fr\/saintdieinfo\/2025\/12\/la-vente-du-batiment-de-lancienne-banque-de-france-est-actee\/","url":"https:\/\/vosgesinfo.fr\/saintdieinfo\/2025\/12\/la-vente-du-batiment-de-lancienne-banque-de-france-est-actee\/","name":"La vente du b\u00e2timent de l'ancienne Banque de France est act\u00e9e - Saint Die Info","isPartOf":{"@id":"https:\/\/vosgesinfo.fr\/saintdieinfo\/#website"},"primaryImageOfPage":{"@id":"https:\/\/vosgesinfo.fr\/saintdieinfo\/2025\/12\/la-vente-du-batiment-de-lancienne-banque-de-france-est-actee\/#primaryimage"},"image":{"@id":"https:\/\/vosgesinfo.fr\/saintdieinfo\/2025\/12\/la-vente-du-batiment-de-lancienne-banque-de-france-est-actee\/#primaryimage"},"thumbnailUrl":"https:\/\/vosgesinfo.fr\/app\/uploads\/sites\/4\/2025\/05\/ancienne-banque-de-france-sddv-scaled.jpg","datePublished":"2025-12-12T14:52:48+00:00","dateModified":"2025-12-12T14:45:40+00:00","breadcrumb":{"@id":"https:\/\/vosgesinfo.fr\/saintdieinfo\/2025\/12\/la-vente-du-batiment-de-lancienne-banque-de-france-est-actee\/#breadcrumb"},"inLanguage":"fr-FR","potentialAction":[{"@type":"ReadAction","target":["https:\/\/vosgesinfo.fr\/saintdieinfo\/2025\/12\/la-vente-du-batiment-de-lancienne-banque-de-france-est-actee\/"]}]},{"@type":"ImageObject","inLanguage":"fr-FR","@id":"https:\/\/vosgesinfo.fr\/saintdieinfo\/2025\/12\/la-vente-du-batiment-de-lancienne-banque-de-france-est-actee\/#primaryimage","url":"https:\/\/vosgesinfo.fr\/app\/uploads\/sites\/4\/2025\/05\/ancienne-banque-de-france-sddv-scaled.jpg","contentUrl":"https:\/\/vosgesinfo.fr\/app\/uploads\/sites\/4\/2025\/05\/ancienne-banque-de-france-sddv-scaled.jpg","width":2560,"height":1653,"caption":"(Capture d'\u00e9cran Google Maps)"},{"@type":"BreadcrumbList","@id":"https:\/\/vosgesinfo.fr\/saintdieinfo\/2025\/12\/la-vente-du-batiment-de-lancienne-banque-de-france-est-actee\/#breadcrumb","itemListElement":[{"@type":"ListItem","position":1,"name":"Home","item":"https:\/\/vosgesinfo.fr\/saintdieinfo\/"},{"@type":"ListItem","position":2,"name":"La vente du b\u00e2timent de l&rsquo;ancienne Banque de France est act\u00e9e"}]},{"@type":"WebSite","@id":"https:\/\/vosgesinfo.fr\/saintdieinfo\/#website","url":"https:\/\/vosgesinfo.fr\/saintdieinfo\/","name":"Saint Die Info","description":"Toute l&#039;actualit\u00e9 de Saint-Di\u00e9-Des-Vosges","publisher":{"@id":"https:\/\/vosgesinfo.fr\/saintdieinfo\/#organization"},"alternateName":"Toute l'actualit\u00e9 de Saint-Di\u00e9-Des-Vosges","potentialAction":[{"@type":"SearchAction","target":{"@type":"EntryPoint","urlTemplate":"https:\/\/vosgesinfo.fr\/saintdieinfo\/?s={search_term_string}"},"query-input":"required name=search_term_string"}],"inLanguage":"fr-FR"},{"@type":"Organization","@id":"https:\/\/vosgesinfo.fr\/saintdieinfo\/#organization","name":"Saint Die Info","url":"https:\/\/vosgesinfo.fr\/saintdieinfo\/","logo":{"@type":"ImageObject","inLanguage":"fr-FR","@id":"https:\/\/vosgesinfo.fr\/saintdieinfo\/#\/schema\/logo\/image\/","url":"https:\/\/vosgesinfo.fr\/app\/uploads\/sites\/4\/2024\/02\/logo-sdi.jpg","contentUrl":"https:\/\/vosgesinfo.fr\/app\/uploads\/sites\/4\/2024\/02\/logo-sdi.jpg","width":600,"height":600,"caption":"Saint Die Info"},"image":{"@id":"https:\/\/vosgesinfo.fr\/saintdieinfo\/#\/schema\/logo\/image\/"},"sameAs":["https:\/\/www.facebook.com\/Saintdieinfofr","https:\/\/x.com\/VosgesInfo88","https:\/\/www.youtube.com\/@vosgesinfo"]},{"@type":"Person","@id":"https:\/\/vosgesinfo.fr\/saintdieinfo\/#\/schema\/person\/fa73e9f726d67bb88f46d5b7943cb572","name":"J.J.","image":{"@type":"ImageObject","inLanguage":"fr-FR","@id":"https:\/\/vosgesinfo.fr\/saintdieinfo\/#\/schema\/person\/image\/","url":"https:\/\/secure.gravatar.com\/avatar\/219e749e47ffbcca018a360ae4add7d4cdf1cdaaf8bc7676b27efade3fe65615?s=96&d=mm&r=g","contentUrl":"https:\/\/secure.gravatar.com\/avatar\/219e749e47ffbcca018a360ae4add7d4cdf1cdaaf8bc7676b27efade3fe65615?s=96&d=mm&r=g","caption":"J.J."},"url":"https:\/\/vosgesinfo.fr\/saintdieinfo\/author\/j-j\/"}]}},"_links":{"self":[{"href":"https:\/\/vosgesinfo.fr\/saintdieinfo\/wp-json\/wp\/v2\/posts\/85847","targetHints":{"allow":["GET"]}}],"collection":[{"href":"https:\/\/vosgesinfo.fr\/saintdieinfo\/wp-json\/wp\/v2\/posts"}],"about":[{"href":"https:\/\/vosgesinfo.fr\/saintdieinfo\/wp-json\/wp\/v2\/types\/post"}],"author":[{"embeddable":true,"href":"https:\/\/vosgesinfo.fr\/saintdieinfo\/wp-json\/wp\/v2\/users\/46"}],"replies":[{"embeddable":true,"href":"https:\/\/vosgesinfo.fr\/saintdieinfo\/wp-json\/wp\/v2\/comments?post=85847"}],"version-history":[{"count":1,"href":"https:\/\/vosgesinfo.fr\/saintdieinfo\/wp-json\/wp\/v2\/posts\/85847\/revisions"}],"predecessor-version":[{"id":85848,"href":"https:\/\/vosgesinfo.fr\/saintdieinfo\/wp-json\/wp\/v2\/posts\/85847\/revisions\/85848"}],"wp:featuredmedia":[{"embeddable":true,"href":"https:\/\/vosgesinfo.fr\/saintdieinfo\/wp-json\/wp\/v2\/media\/78401"}],"wp:attachment":[{"href":"https:\/\/vosgesinfo.fr\/saintdieinfo\/wp-json\/wp\/v2\/media?parent=85847"}],"wp:term":[{"taxonomy":"category","embeddable":true,"href":"https:\/\/vosgesinfo.fr\/saintdieinfo\/wp-json\/wp\/v2\/categories?post=85847"},{"taxonomy":"post_tag","embeddable":true,"href":"https:\/\/vosgesinfo.fr\/saintdieinfo\/wp-json\/wp\/v2\/tags?post=85847"}],"curies":[{"name":"wp","href":"https:\/\/api.w.org\/{rel}","templated":true}]}}