{"id":85849,"date":"2025-12-13T07:32:07","date_gmt":"2025-12-13T06:32:07","guid":{"rendered":"https:\/\/vosgesinfo.fr\/saintdieinfo\/?p=85849"},"modified":"2025-12-12T18:30:17","modified_gmt":"2025-12-12T17:30:17","slug":"lavenue-jean-prouve-fait-peau-neuve","status":"publish","type":"post","link":"https:\/\/vosgesinfo.fr\/saintdieinfo\/2025\/12\/lavenue-jean-prouve-fait-peau-neuve\/","title":{"rendered":"L&rsquo;avenue Jean-Prouv\u00e9 fait peau neuve"},"content":{"rendered":"<p data-start=\"38\" data-end=\"434\"><a href=\"https:\/\/vosgesinfo.fr\/app\/uploads\/sites\/4\/2025\/12\/travaux-avenue-jean-prouve-5.jpg\"><img decoding=\"async\" class=\"alignnone size-large wp-image-85855\" src=\"https:\/\/vosgesinfo.fr\/app\/uploads\/sites\/4\/2025\/12\/travaux-avenue-jean-prouve-5-1024x771.jpg\" alt=\"\" width=\"1024\" height=\"771\" srcset=\"https:\/\/vosgesinfo.fr\/app\/uploads\/sites\/4\/2025\/12\/travaux-avenue-jean-prouve-5-1024x771.jpg 1024w, https:\/\/vosgesinfo.fr\/app\/uploads\/sites\/4\/2025\/12\/travaux-avenue-jean-prouve-5-300x226.jpg 300w, https:\/\/vosgesinfo.fr\/app\/uploads\/sites\/4\/2025\/12\/travaux-avenue-jean-prouve-5-768x578.jpg 768w, https:\/\/vosgesinfo.fr\/app\/uploads\/sites\/4\/2025\/12\/travaux-avenue-jean-prouve-5.jpg 1434w\" sizes=\"(max-width: 1024px) 100vw, 1024px\" \/><\/a><\/p>\n<h2 data-start=\"38\" data-end=\"434\">L&rsquo;avenue Jean-Prouv\u00e9 est l&rsquo;une des rues de <strong data-start=\"81\" data-end=\"105\">Saint-Di\u00e9-des-Vosges<\/strong> qui avait bien besoin de travaux de r\u00e9fection. C&rsquo;est d\u00e9sormais chose faite. Car le chantier est lanc\u00e9 depuis un peu plus d&rsquo;une semaine. C&rsquo;est ce vendredi apr\u00e8s-midi que le point a \u00e9t\u00e9 fait sur ces travaux, \u00e0 l&rsquo;initiative du <strong data-start=\"334\" data-end=\"370\">Conseil D\u00e9partemental des Vosges<\/strong> et de la <strong data-start=\"378\" data-end=\"411\">Ville de Saint-Di\u00e9-des-Vosges<\/strong>.<\/h2>\n<p data-start=\"38\" data-end=\"434\"><!--more--><\/p>\n<h3 data-start=\"436\" data-end=\"469\"><strong>Un dossier qui remonte \u00e0 2022<\/strong><\/h3>\n<p data-start=\"644\" data-end=\"1146\">La gen\u00e8se de ce dossier remonte \u00e0 <strong data-start=\"678\" data-end=\"686\">2022<\/strong>. Il aura fallu attendre <strong data-start=\"711\" data-end=\"728\">plus de 3 ans<\/strong> pour que les travaux de r\u00e9fection de l\u2019avenue Jean-Prouv\u00e9 entrent dans leur phase op\u00e9rationnelle. \u00c0 la suite des d\u00e9lib\u00e9rations du Conseil D\u00e9partemental des Vosges du 16 d\u00e9cembre 2024 et du Conseil Municipal de Saint-Di\u00e9-des-Vosges du 16 janvier 2025, la Ville et le D\u00e9partement ont valid\u00e9 un <strong data-start=\"1060\" data-end=\"1081\">\u00e9change de voirie<\/strong> et un <strong data-start=\"1088\" data-end=\"1115\">groupement de commandes<\/strong> pour mener ce chantier commun. Le D\u00e9partement devenant ainsi propri\u00e9taire de la <strong data-start=\"1022\" data-end=\"1032\">RD82B, qui est l&rsquo;avenue Jean-Prouv\u00e9.<\/strong><\/p>\n<h3 data-start=\"1148\" data-end=\"1202\"><strong>Un projet partag\u00e9 entre le D\u00e9partement et la Ville<\/strong><\/h3>\n<p data-start=\"1204\" data-end=\"1858\">Concr\u00e8tement, le D\u00e9partement prend en charge la <strong data-start=\"1252\" data-end=\"1277\">structure de chauss\u00e9e<\/strong>, avec la r\u00e9alisation de <strong data-start=\"1302\" data-end=\"1321\">poutres de rive<\/strong> et des diff\u00e9rentes couches de forme, d\u2019assise et de roulement. La Ville de Saint-Di\u00e9-des-Vosges intervient de son c\u00f4t\u00e9 pour les am\u00e9nagements de s\u00e9curit\u00e9 des trottoirs, la cr\u00e9ation d\u2019une <strong data-start=\"1496\" data-end=\"1514\">piste cyclable<\/strong>, la r\u00e9habilitation du r\u00e9seau d\u2019\u00e9clairage public \u2013 avec <strong data-start=\"1570\" data-end=\"1599\">enfouissement des r\u00e9seaux<\/strong> et <strong data-start=\"1603\" data-end=\"1635\">remplacement des cand\u00e9labres<\/strong> \u2013 ainsi que la remise \u00e0 niveau du <strong data-start=\"1670\" data-end=\"1697\">r\u00e9seau d\u2019eaux pluviales<\/strong>. La ma\u00eetrise d\u2019\u0153uvre est assur\u00e9e par le D\u00e9partement pour sa partie et par le <strong data-start=\"1776\" data-end=\"1805\">bureau d\u2019\u00e9tudes mutualis\u00e9<\/strong> de la Ville\/Agglom\u00e9ration pour la partie municipale.<\/p>\n<h3 data-start=\"1860\" data-end=\"1902\"><strong>3 mois et demi de dur\u00e9e pr\u00e9visionnelle<\/strong><\/h3>\n<p data-start=\"1904\" data-end=\"2334\">La dur\u00e9e pr\u00e9visionnelle du chantier est de <strong data-start=\"1947\" data-end=\"1959\">3,5 mois,<\/strong> hors intemp\u00e9ries, pour une livraison avant l&rsquo;\u00e9t\u00e9 prochain. Dans un premier temps, les travaux portent sur <strong>les r\u00e9seaux secs, les trottoirs et les bordures.<\/strong> Pendant cette phase, un <strong data-start=\"2150\" data-end=\"2180\">sens unique de circulation<\/strong> sera maintenu depuis le carrefour avec la RD 82 en direction de la <strong data-start=\"2248\" data-end=\"2257\">RN 59<\/strong>, l\u2019autre sens \u00e9tant <strong data-start=\"2278\" data-end=\"2287\">d\u00e9vi\u00e9<\/strong> sur un itin\u00e9raire mis en place par la Commune.<\/p>\n<h3 data-start=\"2336\" data-end=\"2374\"><strong>Un budget total de plus de 800 000 euros<\/strong><\/h3>\n<p data-start=\"2376\" data-end=\"2702\">L\u2019entreprise <strong data-start=\"2389\" data-end=\"2398\">COLAS<\/strong> a \u00e9t\u00e9 retenue pour la r\u00e9alisation de l\u2019ensemble des travaux, dont le co\u00fbt pr\u00e9visionnel s\u2019\u00e9l\u00e8ve \u00e0 <strong data-start=\"2496\" data-end=\"2519\">230 029,50 euros HT<\/strong> pour la part d\u00e9partementale, soit <strong data-start=\"2554\" data-end=\"2575\">276 000 euros TTC<\/strong>, et \u00e0 <strong data-start=\"2582\" data-end=\"2602\">449 669 euros HT<\/strong> pour la part communale, soit <strong data-start=\"2632\" data-end=\"2653\">539 000 euros TTC<\/strong> \u00e0 la charge de la Ville de Saint-Di\u00e9-des-Vosges.<\/p>\n\n\t\t<style type=\"text\/css\">\n\t\t\t#gallery-1 {\n\t\t\t\tmargin: auto;\n\t\t\t}\n\t\t\t#gallery-1 .gallery-item {\n\t\t\t\tfloat: left;\n\t\t\t\tmargin-top: 10px;\n\t\t\t\ttext-align: center;\n\t\t\t\twidth: 50%;\n\t\t\t}\n\t\t\t#gallery-1 img {\n\t\t\t\tborder: 2px solid #cfcfcf;\n\t\t\t}\n\t\t\t#gallery-1 .gallery-caption {\n\t\t\t\tmargin-left: 0;\n\t\t\t}\n\t\t\t\/* see gallery_shortcode() in wp-includes\/media.php *\/\n\t\t<\/style>\n\t\t<div id='gallery-1' class='gallery galleryid-85849 gallery-columns-2 gallery-size-thumbnail'><dl class='gallery-item'>\n\t\t\t<dt class='gallery-icon landscape'>\n\t\t\t\t<a href='https:\/\/vosgesinfo.fr\/app\/uploads\/sites\/4\/2025\/12\/travaux-avenue-jean-prouve-3.jpg'><img decoding=\"async\" width=\"150\" height=\"150\" src=\"https:\/\/vosgesinfo.fr\/app\/uploads\/sites\/4\/2025\/12\/travaux-avenue-jean-prouve-3-150x150.jpg\" class=\"attachment-thumbnail size-thumbnail\" alt=\"\" \/><\/a>\n\t\t\t<\/dt><\/dl><dl class='gallery-item'>\n\t\t\t<dt class='gallery-icon landscape'>\n\t\t\t\t<a href='https:\/\/vosgesinfo.fr\/app\/uploads\/sites\/4\/2025\/12\/travaux-avenue-jean-prouve-4.jpg'><img decoding=\"async\" width=\"150\" height=\"150\" src=\"https:\/\/vosgesinfo.fr\/app\/uploads\/sites\/4\/2025\/12\/travaux-avenue-jean-prouve-4-150x150.jpg\" class=\"attachment-thumbnail size-thumbnail\" alt=\"\" \/><\/a>\n\t\t\t<\/dt><\/dl><br style=\"clear: both\" \/><dl class='gallery-item'>\n\t\t\t<dt class='gallery-icon landscape'>\n\t\t\t\t<a href='https:\/\/vosgesinfo.fr\/app\/uploads\/sites\/4\/2025\/12\/travaux-avenue-jean-prouve-6.jpg'><img decoding=\"async\" width=\"150\" height=\"150\" src=\"https:\/\/vosgesinfo.fr\/app\/uploads\/sites\/4\/2025\/12\/travaux-avenue-jean-prouve-6-150x150.jpg\" class=\"attachment-thumbnail size-thumbnail\" alt=\"\" \/><\/a>\n\t\t\t<\/dt><\/dl><dl class='gallery-item'>\n\t\t\t<dt class='gallery-icon landscape'>\n\t\t\t\t<a href='https:\/\/vosgesinfo.fr\/app\/uploads\/sites\/4\/2025\/12\/travaux-avenue-jean-prouve-7.jpg'><img decoding=\"async\" width=\"150\" height=\"150\" src=\"https:\/\/vosgesinfo.fr\/app\/uploads\/sites\/4\/2025\/12\/travaux-avenue-jean-prouve-7-150x150.jpg\" class=\"attachment-thumbnail size-thumbnail\" alt=\"\" \/><\/a>\n\t\t\t<\/dt><\/dl><br style=\"clear: both\" \/><dl class='gallery-item'>\n\t\t\t<dt class='gallery-icon landscape'>\n\t\t\t\t<a href='https:\/\/vosgesinfo.fr\/app\/uploads\/sites\/4\/2025\/12\/travaux-avenue-jean-prouve-8.jpg'><img decoding=\"async\" width=\"150\" height=\"150\" src=\"https:\/\/vosgesinfo.fr\/app\/uploads\/sites\/4\/2025\/12\/travaux-avenue-jean-prouve-8-150x150.jpg\" class=\"attachment-thumbnail size-thumbnail\" alt=\"\" \/><\/a>\n\t\t\t<\/dt><\/dl><dl class='gallery-item'>\n\t\t\t<dt class='gallery-icon landscape'>\n\t\t\t\t<a href='https:\/\/vosgesinfo.fr\/app\/uploads\/sites\/4\/2025\/12\/travaux-avenue-jean-prouve-9.jpg'><img decoding=\"async\" width=\"150\" height=\"150\" src=\"https:\/\/vosgesinfo.fr\/app\/uploads\/sites\/4\/2025\/12\/travaux-avenue-jean-prouve-9-150x150.jpg\" class=\"attachment-thumbnail size-thumbnail\" alt=\"\" aria-describedby=\"gallery-1-85859\" \/><\/a>\n\t\t\t<\/dt>\n\t\t\t\t<dd class='wp-caption-text gallery-caption' id='gallery-1-85859'>\n\t\t\t\t(Archive)\n\t\t\t\t<\/dd><\/dl><br style=\"clear: both\" \/><dl class='gallery-item'>\n\t\t\t<dt class='gallery-icon landscape'>\n\t\t\t\t<a href='https:\/\/vosgesinfo.fr\/app\/uploads\/sites\/4\/2025\/12\/travaux-avenue-jean-prouve-1.jpg'><img decoding=\"async\" width=\"150\" height=\"150\" src=\"https:\/\/vosgesinfo.fr\/app\/uploads\/sites\/4\/2025\/12\/travaux-avenue-jean-prouve-1-150x150.jpg\" class=\"attachment-thumbnail size-thumbnail\" alt=\"\" \/><\/a>\n\t\t\t<\/dt><\/dl><dl class='gallery-item'>\n\t\t\t<dt class='gallery-icon landscape'>\n\t\t\t\t<a href='https:\/\/vosgesinfo.fr\/app\/uploads\/sites\/4\/2025\/12\/travaux-avenue-jean-prouve-2.jpg'><img decoding=\"async\" width=\"150\" height=\"150\" src=\"https:\/\/vosgesinfo.fr\/app\/uploads\/sites\/4\/2025\/12\/travaux-avenue-jean-prouve-2-150x150.jpg\" class=\"attachment-thumbnail size-thumbnail\" alt=\"\" \/><\/a>\n\t\t\t<\/dt><\/dl><br style=\"clear: both\" \/>\n\t\t<\/div>\n\n","protected":false},"excerpt":{"rendered":"<p>L&rsquo;avenue Jean-Prouv\u00e9 est l&rsquo;une des rues de Saint-Di\u00e9-des-Vosges qui avait bien besoin de travaux de r\u00e9fection. C&rsquo;est d\u00e9sormais chose faite. [&hellip;]<\/p>\n","protected":false},"author":46,"featured_media":85855,"comment_status":"open","ping_status":"open","sticky":false,"template":"","format":"standard","meta":{"footnotes":""},"categories":[460,167],"tags":[15787,19453,529,4879,19452,19450,19451,2881,8510,19454],"class_list":["post-85849","post","type-post","status-publish","format-standard","has-post-thumbnail","hentry","category-a-la-une","category-saint-die-des-vosges","tag-avenue-jean-prouve","tag-colas","tag-conseil-departemental-des-vosges","tag-eclairage-public","tag-piste-cyclable","tag-rd-82b","tag-rn-59","tag-saint-die-des-vosges","tag-travaux-de-refection","tag-voirie"],"acf":[],"yoast_head":"<!-- This site is optimized with the Yoast SEO plugin v22.5 - https:\/\/yoast.com\/wordpress\/plugins\/seo\/ -->\n<title>L&#039;avenue Jean-Prouv\u00e9 fait peau neuve - Saint Die Info<\/title>\n<meta name=\"robots\" content=\"index, follow, max-snippet:-1, max-image-preview:large, max-video-preview:-1\" \/>\n<link rel=\"canonical\" href=\"https:\/\/vosgesinfo.fr\/saintdieinfo\/2025\/12\/lavenue-jean-prouve-fait-peau-neuve\/\" \/>\n<meta name=\"twitter:card\" content=\"summary_large_image\" \/>\n<meta name=\"twitter:title\" content=\"L&#039;avenue Jean-Prouv\u00e9 fait peau neuve - Saint Die Info\" \/>\n<meta name=\"twitter:description\" content=\"L&rsquo;avenue Jean-Prouv\u00e9 est l&rsquo;une des rues de Saint-Di\u00e9-des-Vosges qui avait bien besoin de travaux de r\u00e9fection. C&rsquo;est d\u00e9sormais chose faite. [&hellip;]\" \/>\n<meta name=\"twitter:image\" content=\"https:\/\/vosgesinfo.fr\/app\/uploads\/sites\/4\/2025\/12\/travaux-avenue-jean-prouve-5.jpg\" \/>\n<meta name=\"twitter:creator\" content=\"@VosgesInfo88\" \/>\n<meta name=\"twitter:site\" content=\"@VosgesInfo88\" \/>\n<meta name=\"twitter:label1\" content=\"\u00c9crit par\" \/>\n\t<meta name=\"twitter:data1\" content=\"J.J.\" \/>\n\t<meta name=\"twitter:label2\" content=\"Dur\u00e9e de lecture estim\u00e9e\" \/>\n\t<meta name=\"twitter:data2\" content=\"3 minutes\" \/>\n<script type=\"application\/ld+json\" class=\"yoast-schema-graph\">{\"@context\":\"https:\/\/schema.org\",\"@graph\":[{\"@type\":\"Article\",\"@id\":\"https:\/\/vosgesinfo.fr\/saintdieinfo\/2025\/12\/lavenue-jean-prouve-fait-peau-neuve\/#article\",\"isPartOf\":{\"@id\":\"https:\/\/vosgesinfo.fr\/saintdieinfo\/2025\/12\/lavenue-jean-prouve-fait-peau-neuve\/\"},\"author\":{\"name\":\"J.J.\",\"@id\":\"https:\/\/vosgesinfo.fr\/saintdieinfo\/#\/schema\/person\/fa73e9f726d67bb88f46d5b7943cb572\"},\"headline\":\"L&rsquo;avenue Jean-Prouv\u00e9 fait peau neuve\",\"datePublished\":\"2025-12-13T06:32:07+00:00\",\"dateModified\":\"2025-12-12T17:30:17+00:00\",\"mainEntityOfPage\":{\"@id\":\"https:\/\/vosgesinfo.fr\/saintdieinfo\/2025\/12\/lavenue-jean-prouve-fait-peau-neuve\/\"},\"wordCount\":447,\"commentCount\":2,\"publisher\":{\"@id\":\"https:\/\/vosgesinfo.fr\/saintdieinfo\/#organization\"},\"image\":{\"@id\":\"https:\/\/vosgesinfo.fr\/saintdieinfo\/2025\/12\/lavenue-jean-prouve-fait-peau-neuve\/#primaryimage\"},\"thumbnailUrl\":\"https:\/\/vosgesinfo.fr\/app\/uploads\/sites\/4\/2025\/12\/travaux-avenue-jean-prouve-5.jpg\",\"keywords\":[\"Avenue Jean-Prouv\u00e9\",\"COLAS\",\"Conseil d\u00e9partemental des Vosges\",\"Eclairage public\",\"piste cyclable\",\"RD 82B\",\"RN 59\",\"Saint-Di\u00e9-des-Vosges\",\"Travaux de r\u00e9fection\",\"voirie\"],\"articleSection\":[\"A la Une\",\"Saint-Di\u00e9-des-Vosges\"],\"inLanguage\":\"fr-FR\",\"potentialAction\":[{\"@type\":\"CommentAction\",\"name\":\"Comment\",\"target\":[\"https:\/\/vosgesinfo.fr\/saintdieinfo\/2025\/12\/lavenue-jean-prouve-fait-peau-neuve\/#respond\"]}]},{\"@type\":\"WebPage\",\"@id\":\"https:\/\/vosgesinfo.fr\/saintdieinfo\/2025\/12\/lavenue-jean-prouve-fait-peau-neuve\/\",\"url\":\"https:\/\/vosgesinfo.fr\/saintdieinfo\/2025\/12\/lavenue-jean-prouve-fait-peau-neuve\/\",\"name\":\"L'avenue Jean-Prouv\u00e9 fait peau neuve - Saint Die Info\",\"isPartOf\":{\"@id\":\"https:\/\/vosgesinfo.fr\/saintdieinfo\/#website\"},\"primaryImageOfPage\":{\"@id\":\"https:\/\/vosgesinfo.fr\/saintdieinfo\/2025\/12\/lavenue-jean-prouve-fait-peau-neuve\/#primaryimage\"},\"image\":{\"@id\":\"https:\/\/vosgesinfo.fr\/saintdieinfo\/2025\/12\/lavenue-jean-prouve-fait-peau-neuve\/#primaryimage\"},\"thumbnailUrl\":\"https:\/\/vosgesinfo.fr\/app\/uploads\/sites\/4\/2025\/12\/travaux-avenue-jean-prouve-5.jpg\",\"datePublished\":\"2025-12-13T06:32:07+00:00\",\"dateModified\":\"2025-12-12T17:30:17+00:00\",\"breadcrumb\":{\"@id\":\"https:\/\/vosgesinfo.fr\/saintdieinfo\/2025\/12\/lavenue-jean-prouve-fait-peau-neuve\/#breadcrumb\"},\"inLanguage\":\"fr-FR\",\"potentialAction\":[{\"@type\":\"ReadAction\",\"target\":[\"https:\/\/vosgesinfo.fr\/saintdieinfo\/2025\/12\/lavenue-jean-prouve-fait-peau-neuve\/\"]}]},{\"@type\":\"ImageObject\",\"inLanguage\":\"fr-FR\",\"@id\":\"https:\/\/vosgesinfo.fr\/saintdieinfo\/2025\/12\/lavenue-jean-prouve-fait-peau-neuve\/#primaryimage\",\"url\":\"https:\/\/vosgesinfo.fr\/app\/uploads\/sites\/4\/2025\/12\/travaux-avenue-jean-prouve-5.jpg\",\"contentUrl\":\"https:\/\/vosgesinfo.fr\/app\/uploads\/sites\/4\/2025\/12\/travaux-avenue-jean-prouve-5.jpg\",\"width\":1434,\"height\":1080,\"caption\":\"(Archive)\"},{\"@type\":\"BreadcrumbList\",\"@id\":\"https:\/\/vosgesinfo.fr\/saintdieinfo\/2025\/12\/lavenue-jean-prouve-fait-peau-neuve\/#breadcrumb\",\"itemListElement\":[{\"@type\":\"ListItem\",\"position\":1,\"name\":\"Home\",\"item\":\"https:\/\/vosgesinfo.fr\/saintdieinfo\/\"},{\"@type\":\"ListItem\",\"position\":2,\"name\":\"L&rsquo;avenue Jean-Prouv\u00e9 fait peau neuve\"}]},{\"@type\":\"WebSite\",\"@id\":\"https:\/\/vosgesinfo.fr\/saintdieinfo\/#website\",\"url\":\"https:\/\/vosgesinfo.fr\/saintdieinfo\/\",\"name\":\"Saint Die Info\",\"description\":\"Toute l&#039;actualit\u00e9 de Saint-Di\u00e9-Des-Vosges\",\"publisher\":{\"@id\":\"https:\/\/vosgesinfo.fr\/saintdieinfo\/#organization\"},\"alternateName\":\"Toute l'actualit\u00e9 de Saint-Di\u00e9-Des-Vosges\",\"potentialAction\":[{\"@type\":\"SearchAction\",\"target\":{\"@type\":\"EntryPoint\",\"urlTemplate\":\"https:\/\/vosgesinfo.fr\/saintdieinfo\/?s={search_term_string}\"},\"query-input\":\"required name=search_term_string\"}],\"inLanguage\":\"fr-FR\"},{\"@type\":\"Organization\",\"@id\":\"https:\/\/vosgesinfo.fr\/saintdieinfo\/#organization\",\"name\":\"Saint Die Info\",\"url\":\"https:\/\/vosgesinfo.fr\/saintdieinfo\/\",\"logo\":{\"@type\":\"ImageObject\",\"inLanguage\":\"fr-FR\",\"@id\":\"https:\/\/vosgesinfo.fr\/saintdieinfo\/#\/schema\/logo\/image\/\",\"url\":\"https:\/\/vosgesinfo.fr\/app\/uploads\/sites\/4\/2024\/02\/logo-sdi.jpg\",\"contentUrl\":\"https:\/\/vosgesinfo.fr\/app\/uploads\/sites\/4\/2024\/02\/logo-sdi.jpg\",\"width\":600,\"height\":600,\"caption\":\"Saint Die Info\"},\"image\":{\"@id\":\"https:\/\/vosgesinfo.fr\/saintdieinfo\/#\/schema\/logo\/image\/\"},\"sameAs\":[\"https:\/\/www.facebook.com\/Saintdieinfofr\",\"https:\/\/x.com\/VosgesInfo88\",\"https:\/\/www.youtube.com\/@vosgesinfo\"]},{\"@type\":\"Person\",\"@id\":\"https:\/\/vosgesinfo.fr\/saintdieinfo\/#\/schema\/person\/fa73e9f726d67bb88f46d5b7943cb572\",\"name\":\"J.J.\",\"image\":{\"@type\":\"ImageObject\",\"inLanguage\":\"fr-FR\",\"@id\":\"https:\/\/vosgesinfo.fr\/saintdieinfo\/#\/schema\/person\/image\/\",\"url\":\"https:\/\/secure.gravatar.com\/avatar\/219e749e47ffbcca018a360ae4add7d4cdf1cdaaf8bc7676b27efade3fe65615?s=96&d=mm&r=g\",\"contentUrl\":\"https:\/\/secure.gravatar.com\/avatar\/219e749e47ffbcca018a360ae4add7d4cdf1cdaaf8bc7676b27efade3fe65615?s=96&d=mm&r=g\",\"caption\":\"J.J.\"},\"url\":\"https:\/\/vosgesinfo.fr\/saintdieinfo\/author\/j-j\/\"}]}<\/script>\n<!-- \/ Yoast SEO plugin. -->","yoast_head_json":{"title":"L'avenue Jean-Prouv\u00e9 fait peau neuve - Saint Die Info","robots":{"index":"index","follow":"follow","max-snippet":"max-snippet:-1","max-image-preview":"max-image-preview:large","max-video-preview":"max-video-preview:-1"},"canonical":"https:\/\/vosgesinfo.fr\/saintdieinfo\/2025\/12\/lavenue-jean-prouve-fait-peau-neuve\/","twitter_card":"summary_large_image","twitter_title":"L'avenue Jean-Prouv\u00e9 fait peau neuve - Saint Die Info","twitter_description":"L&rsquo;avenue Jean-Prouv\u00e9 est l&rsquo;une des rues de Saint-Di\u00e9-des-Vosges qui avait bien besoin de travaux de r\u00e9fection. C&rsquo;est d\u00e9sormais chose faite. [&hellip;]","twitter_image":"https:\/\/vosgesinfo.fr\/app\/uploads\/sites\/4\/2025\/12\/travaux-avenue-jean-prouve-5.jpg","twitter_creator":"@VosgesInfo88","twitter_site":"@VosgesInfo88","twitter_misc":{"\u00c9crit par":"J.J.","Dur\u00e9e de lecture estim\u00e9e":"3 minutes"},"schema":{"@context":"https:\/\/schema.org","@graph":[{"@type":"Article","@id":"https:\/\/vosgesinfo.fr\/saintdieinfo\/2025\/12\/lavenue-jean-prouve-fait-peau-neuve\/#article","isPartOf":{"@id":"https:\/\/vosgesinfo.fr\/saintdieinfo\/2025\/12\/lavenue-jean-prouve-fait-peau-neuve\/"},"author":{"name":"J.J.","@id":"https:\/\/vosgesinfo.fr\/saintdieinfo\/#\/schema\/person\/fa73e9f726d67bb88f46d5b7943cb572"},"headline":"L&rsquo;avenue Jean-Prouv\u00e9 fait peau neuve","datePublished":"2025-12-13T06:32:07+00:00","dateModified":"2025-12-12T17:30:17+00:00","mainEntityOfPage":{"@id":"https:\/\/vosgesinfo.fr\/saintdieinfo\/2025\/12\/lavenue-jean-prouve-fait-peau-neuve\/"},"wordCount":447,"commentCount":2,"publisher":{"@id":"https:\/\/vosgesinfo.fr\/saintdieinfo\/#organization"},"image":{"@id":"https:\/\/vosgesinfo.fr\/saintdieinfo\/2025\/12\/lavenue-jean-prouve-fait-peau-neuve\/#primaryimage"},"thumbnailUrl":"https:\/\/vosgesinfo.fr\/app\/uploads\/sites\/4\/2025\/12\/travaux-avenue-jean-prouve-5.jpg","keywords":["Avenue Jean-Prouv\u00e9","COLAS","Conseil d\u00e9partemental des Vosges","Eclairage public","piste cyclable","RD 82B","RN 59","Saint-Di\u00e9-des-Vosges","Travaux de r\u00e9fection","voirie"],"articleSection":["A la Une","Saint-Di\u00e9-des-Vosges"],"inLanguage":"fr-FR","potentialAction":[{"@type":"CommentAction","name":"Comment","target":["https:\/\/vosgesinfo.fr\/saintdieinfo\/2025\/12\/lavenue-jean-prouve-fait-peau-neuve\/#respond"]}]},{"@type":"WebPage","@id":"https:\/\/vosgesinfo.fr\/saintdieinfo\/2025\/12\/lavenue-jean-prouve-fait-peau-neuve\/","url":"https:\/\/vosgesinfo.fr\/saintdieinfo\/2025\/12\/lavenue-jean-prouve-fait-peau-neuve\/","name":"L'avenue Jean-Prouv\u00e9 fait peau neuve - Saint Die Info","isPartOf":{"@id":"https:\/\/vosgesinfo.fr\/saintdieinfo\/#website"},"primaryImageOfPage":{"@id":"https:\/\/vosgesinfo.fr\/saintdieinfo\/2025\/12\/lavenue-jean-prouve-fait-peau-neuve\/#primaryimage"},"image":{"@id":"https:\/\/vosgesinfo.fr\/saintdieinfo\/2025\/12\/lavenue-jean-prouve-fait-peau-neuve\/#primaryimage"},"thumbnailUrl":"https:\/\/vosgesinfo.fr\/app\/uploads\/sites\/4\/2025\/12\/travaux-avenue-jean-prouve-5.jpg","datePublished":"2025-12-13T06:32:07+00:00","dateModified":"2025-12-12T17:30:17+00:00","breadcrumb":{"@id":"https:\/\/vosgesinfo.fr\/saintdieinfo\/2025\/12\/lavenue-jean-prouve-fait-peau-neuve\/#breadcrumb"},"inLanguage":"fr-FR","potentialAction":[{"@type":"ReadAction","target":["https:\/\/vosgesinfo.fr\/saintdieinfo\/2025\/12\/lavenue-jean-prouve-fait-peau-neuve\/"]}]},{"@type":"ImageObject","inLanguage":"fr-FR","@id":"https:\/\/vosgesinfo.fr\/saintdieinfo\/2025\/12\/lavenue-jean-prouve-fait-peau-neuve\/#primaryimage","url":"https:\/\/vosgesinfo.fr\/app\/uploads\/sites\/4\/2025\/12\/travaux-avenue-jean-prouve-5.jpg","contentUrl":"https:\/\/vosgesinfo.fr\/app\/uploads\/sites\/4\/2025\/12\/travaux-avenue-jean-prouve-5.jpg","width":1434,"height":1080,"caption":"(Archive)"},{"@type":"BreadcrumbList","@id":"https:\/\/vosgesinfo.fr\/saintdieinfo\/2025\/12\/lavenue-jean-prouve-fait-peau-neuve\/#breadcrumb","itemListElement":[{"@type":"ListItem","position":1,"name":"Home","item":"https:\/\/vosgesinfo.fr\/saintdieinfo\/"},{"@type":"ListItem","position":2,"name":"L&rsquo;avenue Jean-Prouv\u00e9 fait peau neuve"}]},{"@type":"WebSite","@id":"https:\/\/vosgesinfo.fr\/saintdieinfo\/#website","url":"https:\/\/vosgesinfo.fr\/saintdieinfo\/","name":"Saint Die Info","description":"Toute l&#039;actualit\u00e9 de Saint-Di\u00e9-Des-Vosges","publisher":{"@id":"https:\/\/vosgesinfo.fr\/saintdieinfo\/#organization"},"alternateName":"Toute l'actualit\u00e9 de Saint-Di\u00e9-Des-Vosges","potentialAction":[{"@type":"SearchAction","target":{"@type":"EntryPoint","urlTemplate":"https:\/\/vosgesinfo.fr\/saintdieinfo\/?s={search_term_string}"},"query-input":"required name=search_term_string"}],"inLanguage":"fr-FR"},{"@type":"Organization","@id":"https:\/\/vosgesinfo.fr\/saintdieinfo\/#organization","name":"Saint Die Info","url":"https:\/\/vosgesinfo.fr\/saintdieinfo\/","logo":{"@type":"ImageObject","inLanguage":"fr-FR","@id":"https:\/\/vosgesinfo.fr\/saintdieinfo\/#\/schema\/logo\/image\/","url":"https:\/\/vosgesinfo.fr\/app\/uploads\/sites\/4\/2024\/02\/logo-sdi.jpg","contentUrl":"https:\/\/vosgesinfo.fr\/app\/uploads\/sites\/4\/2024\/02\/logo-sdi.jpg","width":600,"height":600,"caption":"Saint Die Info"},"image":{"@id":"https:\/\/vosgesinfo.fr\/saintdieinfo\/#\/schema\/logo\/image\/"},"sameAs":["https:\/\/www.facebook.com\/Saintdieinfofr","https:\/\/x.com\/VosgesInfo88","https:\/\/www.youtube.com\/@vosgesinfo"]},{"@type":"Person","@id":"https:\/\/vosgesinfo.fr\/saintdieinfo\/#\/schema\/person\/fa73e9f726d67bb88f46d5b7943cb572","name":"J.J.","image":{"@type":"ImageObject","inLanguage":"fr-FR","@id":"https:\/\/vosgesinfo.fr\/saintdieinfo\/#\/schema\/person\/image\/","url":"https:\/\/secure.gravatar.com\/avatar\/219e749e47ffbcca018a360ae4add7d4cdf1cdaaf8bc7676b27efade3fe65615?s=96&d=mm&r=g","contentUrl":"https:\/\/secure.gravatar.com\/avatar\/219e749e47ffbcca018a360ae4add7d4cdf1cdaaf8bc7676b27efade3fe65615?s=96&d=mm&r=g","caption":"J.J."},"url":"https:\/\/vosgesinfo.fr\/saintdieinfo\/author\/j-j\/"}]}},"_links":{"self":[{"href":"https:\/\/vosgesinfo.fr\/saintdieinfo\/wp-json\/wp\/v2\/posts\/85849","targetHints":{"allow":["GET"]}}],"collection":[{"href":"https:\/\/vosgesinfo.fr\/saintdieinfo\/wp-json\/wp\/v2\/posts"}],"about":[{"href":"https:\/\/vosgesinfo.fr\/saintdieinfo\/wp-json\/wp\/v2\/types\/post"}],"author":[{"embeddable":true,"href":"https:\/\/vosgesinfo.fr\/saintdieinfo\/wp-json\/wp\/v2\/users\/46"}],"replies":[{"embeddable":true,"href":"https:\/\/vosgesinfo.fr\/saintdieinfo\/wp-json\/wp\/v2\/comments?post=85849"}],"version-history":[{"count":2,"href":"https:\/\/vosgesinfo.fr\/saintdieinfo\/wp-json\/wp\/v2\/posts\/85849\/revisions"}],"predecessor-version":[{"id":85860,"href":"https:\/\/vosgesinfo.fr\/saintdieinfo\/wp-json\/wp\/v2\/posts\/85849\/revisions\/85860"}],"wp:featuredmedia":[{"embeddable":true,"href":"https:\/\/vosgesinfo.fr\/saintdieinfo\/wp-json\/wp\/v2\/media\/85855"}],"wp:attachment":[{"href":"https:\/\/vosgesinfo.fr\/saintdieinfo\/wp-json\/wp\/v2\/media?parent=85849"}],"wp:term":[{"taxonomy":"category","embeddable":true,"href":"https:\/\/vosgesinfo.fr\/saintdieinfo\/wp-json\/wp\/v2\/categories?post=85849"},{"taxonomy":"post_tag","embeddable":true,"href":"https:\/\/vosgesinfo.fr\/saintdieinfo\/wp-json\/wp\/v2\/tags?post=85849"}],"curies":[{"name":"wp","href":"https:\/\/api.w.org\/{rel}","templated":true}]}}