{"id":85871,"date":"2025-12-14T10:33:34","date_gmt":"2025-12-14T09:33:34","guid":{"rendered":"https:\/\/vosgesinfo.fr\/saintdieinfo\/?p=85871"},"modified":"2025-12-14T10:27:13","modified_gmt":"2025-12-14T09:27:13","slug":"sainte-marguerite-l214-mene-une-action-confettis-devant-carrefour","status":"publish","type":"post","link":"https:\/\/vosgesinfo.fr\/saintdieinfo\/2025\/12\/sainte-marguerite-l214-mene-une-action-confettis-devant-carrefour\/","title":{"rendered":"Sainte-Marguerite \u2013 L214 m\u00e8ne une action \u00ab\u00a0confettis\u00a0\u00bb devant Carrefour"},"content":{"rendered":"<div id=\"attachment_85867\" style=\"width: 1034px\" class=\"wp-caption alignnone\"><a href=\"https:\/\/vosgesinfo.fr\/app\/uploads\/sites\/4\/2025\/12\/sainte-marguerite-action-l214-noel-carrefour-1.jpg\"><img decoding=\"async\" aria-describedby=\"caption-attachment-85867\" class=\"size-large wp-image-85867\" src=\"https:\/\/vosgesinfo.fr\/app\/uploads\/sites\/4\/2025\/12\/sainte-marguerite-action-l214-noel-carrefour-1-1024x683.jpg\" alt=\"\" width=\"1024\" height=\"683\" srcset=\"https:\/\/vosgesinfo.fr\/app\/uploads\/sites\/4\/2025\/12\/sainte-marguerite-action-l214-noel-carrefour-1-1024x683.jpg 1024w, https:\/\/vosgesinfo.fr\/app\/uploads\/sites\/4\/2025\/12\/sainte-marguerite-action-l214-noel-carrefour-1-300x200.jpg 300w, https:\/\/vosgesinfo.fr\/app\/uploads\/sites\/4\/2025\/12\/sainte-marguerite-action-l214-noel-carrefour-1-768x512.jpg 768w, https:\/\/vosgesinfo.fr\/app\/uploads\/sites\/4\/2025\/12\/sainte-marguerite-action-l214-noel-carrefour-1.jpg 1200w\" sizes=\"(max-width: 1024px) 100vw, 1024px\" \/><\/a><p id=\"caption-attachment-85867\" class=\"wp-caption-text\">(Photographies Marc Fourniquet)<\/p><\/div>\n<h2>Ce samedi apr\u00e8s-midi, les militants de <strong>L214<\/strong> ont men\u00e9 une <strong>action symbolique<\/strong> devant le magasin <strong>Carrefour de Sainte-Marguerite<\/strong>. Munis d\u2019enveloppes de <strong>confettis de No\u00ebl<\/strong>, ils ont appel\u00e9 l\u2019enseigne \u00e0 <strong>r\u00e9duire de moiti\u00e9 le nombre d\u2019animaux tu\u00e9s<\/strong> pour ses rayons, dans le cadre d\u2019une mobilisation organis\u00e9e simultan\u00e9ment dans <strong>37 villes en France<\/strong>.<\/h2>\n<p><!--more--><\/p>\n<h3 class=\"western\"><strong>Un message chiffr\u00e9 pour interpeller la client\u00e8le<\/strong><\/h3>\n<p>Coiff\u00e9s de bonnets de No\u00ebl, les b\u00e9n\u00e9voles ont d\u00e9ploy\u00e9 une banderole portant le message \u00ab <strong>Le seul cadeau qu\u2019on veut : -50 % d\u2019animaux tu\u00e9s<\/strong> \u00bb. Ils ont rappel\u00e9 que, selon l\u2019association, <strong>plus de 10 millions d\u2019animaux<\/strong> sont tu\u00e9s pour Carrefour sur le seul <strong>mois de d\u00e9cembre<\/strong>. \u00c0 travers cette action, L214 entendait sensibiliser les clients du magasin aux cons\u00e9quences de <strong>l\u2019\u00e9levage intensif<\/strong> et aux volumes d\u2019animaux concern\u00e9s par <strong>l\u2019approvisionnement de la grande distribution<\/strong>.<\/p>\n<h3 class=\"western\"><strong>Confettis militants et p\u00e9tition en ligne<\/strong><\/h3>\n<p>Les b\u00e9n\u00e9voles ont \u00e9galement distribu\u00e9 aux clients des <strong>enveloppes de confettis illustr\u00e9s<\/strong> de flocons, de cadeaux et d\u2019animaux, pr\u00e9sent\u00e9s comme une mani\u00e8re de symboliser les <strong>millions d\u2019animaux abattus<\/strong> pendant les f\u00eates. Ces confettis renvoyaient \u00e9galement \u00e0 une <a href=\"https:\/\/www.l214.com\/stop-cruaute\/carrefour-noel\/\" target=\"_blank\" rel=\"noopener\"><strong>p\u00e9tition en ligne<\/strong> invitant Carrefour \u00e0 revoir sa <strong>politique d\u2019approvisionnement<\/strong>.<\/a> L214 souhaite que cette action de confettis et de sensibilisation se poursuive durant <strong>toute la p\u00e9riode des f\u00eates<\/strong>, en associant l\u2019image de No\u00ebl \u00e0 la question du <strong>sort r\u00e9serv\u00e9 aux animaux d\u2019\u00e9levage<\/strong>.<\/p>\n<h3 class=\"western\"><strong>L214 d\u00e9nonce l\u2019\u00e9levage intensif de Carrefour<\/strong><\/h3>\n<p>Selon L214, Carrefour recourt massivement \u00e0 <strong>l\u2019\u00e9levage intensif<\/strong>, avec des animaux entass\u00e9s dans des b\u00e2timents ferm\u00e9s ou maintenus en cages, soumis \u00e0 des <strong>mutilations<\/strong> et \u00e0 une <strong>s\u00e9lection g\u00e9n\u00e9tique pouss\u00e9e<\/strong>. L\u2019association s\u2019appuie notamment sur une enqu\u00eate diffus\u00e9e le 27 novembre dans deux \u00e9levages bretons de cochons fournissant la <strong>\u00ab Fili\u00e8re Qualit\u00e9 Carrefour \u00bb<\/strong>, o\u00f9 elle affirme avoir constat\u00e9 des pratiques qu\u2019elle juge inacceptables. \u00c0 la suite de cette enqu\u00eate, L214 a indiqu\u00e9 avoir d\u00e9pos\u00e9 une <strong>plainte pour pratiques commerciales trompeuses<\/strong> aupr\u00e8s du <strong>tribunal judiciaire de Saint-Malo<\/strong>.<\/p>\n<h3 class=\"western\"><strong>Le Plant Protein Pact comme cap demand\u00e9 \u00e0 Carrefour<\/strong><\/h3>\n<p>Au-del\u00e0 de cette action locale, L214 demande \u00e0 Carrefour de s\u2019engager dans le <a href=\"https:\/\/www.l214.com\/wp-content\/uploads\/2025\/05\/plant-protein-pact.pdf\" target=\"_blank\" rel=\"noopener\"><strong>Plant Protein Pact<\/strong><\/a>, un cadre qui propose aux enseignes de r\u00e9duire de moiti\u00e9 la part des <strong>produits d\u2019origine animale<\/strong> pour que les <strong>prot\u00e9ines v\u00e9g\u00e9tales<\/strong> repr\u00e9sentent <strong>au moins 60 % des ventes<\/strong> d\u2019ici 2030.<\/p>\n<p>Le pacte invite notamment la grande distribution \u00e0 <strong>diminuer la place des produits issus de l\u2019\u00e9levage intensif<\/strong>, \u00e0 en stopper les promotions et publicit\u00e9s et \u00e0 mettre en avant des <strong>alternatives v\u00e9g\u00e9tales<\/strong>, avec au moins une option moins ch\u00e8re que son \u00e9quivalent animal.<\/p>\n\n\t\t<style type=\"text\/css\">\n\t\t\t#gallery-1 {\n\t\t\t\tmargin: auto;\n\t\t\t}\n\t\t\t#gallery-1 .gallery-item {\n\t\t\t\tfloat: left;\n\t\t\t\tmargin-top: 10px;\n\t\t\t\ttext-align: center;\n\t\t\t\twidth: 33%;\n\t\t\t}\n\t\t\t#gallery-1 img {\n\t\t\t\tborder: 2px solid #cfcfcf;\n\t\t\t}\n\t\t\t#gallery-1 .gallery-caption {\n\t\t\t\tmargin-left: 0;\n\t\t\t}\n\t\t\t\/* see gallery_shortcode() in wp-includes\/media.php *\/\n\t\t<\/style>\n\t\t<div id='gallery-1' class='gallery galleryid-85871 gallery-columns-3 gallery-size-thumbnail'><dl class='gallery-item'>\n\t\t\t<dt class='gallery-icon landscape'>\n\t\t\t\t<a href='https:\/\/vosgesinfo.fr\/app\/uploads\/sites\/4\/2025\/12\/sainte-marguerite-action-l214-noel-carrefour-4.jpg'><img decoding=\"async\" width=\"150\" height=\"150\" src=\"https:\/\/vosgesinfo.fr\/app\/uploads\/sites\/4\/2025\/12\/sainte-marguerite-action-l214-noel-carrefour-4-150x150.jpg\" class=\"attachment-thumbnail size-thumbnail\" alt=\"\" \/><\/a>\n\t\t\t<\/dt><\/dl><dl class='gallery-item'>\n\t\t\t<dt class='gallery-icon landscape'>\n\t\t\t\t<a href='https:\/\/vosgesinfo.fr\/app\/uploads\/sites\/4\/2025\/12\/sainte-marguerite-action-l214-noel-carrefour-3.jpg'><img decoding=\"async\" width=\"150\" height=\"150\" src=\"https:\/\/vosgesinfo.fr\/app\/uploads\/sites\/4\/2025\/12\/sainte-marguerite-action-l214-noel-carrefour-3-150x150.jpg\" class=\"attachment-thumbnail size-thumbnail\" alt=\"\" \/><\/a>\n\t\t\t<\/dt><\/dl><dl class='gallery-item'>\n\t\t\t<dt class='gallery-icon landscape'>\n\t\t\t\t<a href='https:\/\/vosgesinfo.fr\/app\/uploads\/sites\/4\/2025\/12\/sainte-marguerite-action-l214-noel-carrefour-2.jpg'><img decoding=\"async\" width=\"150\" height=\"150\" src=\"https:\/\/vosgesinfo.fr\/app\/uploads\/sites\/4\/2025\/12\/sainte-marguerite-action-l214-noel-carrefour-2-150x150.jpg\" class=\"attachment-thumbnail size-thumbnail\" alt=\"\" \/><\/a>\n\t\t\t<\/dt><\/dl><br style=\"clear: both\" \/>\n\t\t<\/div>\n\n","protected":false},"excerpt":{"rendered":"<p>Ce samedi apr\u00e8s-midi, les militants de L214 ont men\u00e9 une action symbolique devant le magasin Carrefour de Sainte-Marguerite. Munis d\u2019enveloppes [&hellip;]<\/p>\n","protected":false},"author":46,"featured_media":85867,"comment_status":"open","ping_status":"open","sticky":false,"template":"","format":"standard","meta":{"footnotes":""},"categories":[460,3903,13,17],"tags":[19459,7260,2900,19456,19457,19458,9950,5020,19460,19461,3092,43],"class_list":["post-85871","post","type-post","status-publish","format-standard","has-post-thumbnail","hentry","category-a-la-une","category-deodatie","category-societe","category-vie-associative","tag-10-millions-danimaux","tag-bien-etre-animal","tag-carrefour","tag-carrefour-sainte-marguerite","tag-confettis-de-noel","tag-elevage-intensif","tag-grande-distribution","tag-l214","tag-plant-protein-pact","tag-proteines-vegetales","tag-sainte-marguerite","tag-vosges"],"acf":[],"yoast_head":"<!-- This site is optimized with the Yoast SEO plugin v22.5 - https:\/\/yoast.com\/wordpress\/plugins\/seo\/ -->\n<title>Sainte-Marguerite \u2013 L214 m\u00e8ne une action \u00ab\u00a0confettis\u00a0\u00bb devant Carrefour - Saint Die Info<\/title>\n<meta name=\"robots\" content=\"index, follow, max-snippet:-1, max-image-preview:large, max-video-preview:-1\" \/>\n<link rel=\"canonical\" href=\"https:\/\/vosgesinfo.fr\/saintdieinfo\/2025\/12\/sainte-marguerite-l214-mene-une-action-confettis-devant-carrefour\/\" \/>\n<meta name=\"twitter:card\" content=\"summary_large_image\" \/>\n<meta name=\"twitter:title\" content=\"Sainte-Marguerite \u2013 L214 m\u00e8ne une action \u00ab\u00a0confettis\u00a0\u00bb devant Carrefour - Saint Die Info\" \/>\n<meta name=\"twitter:description\" content=\"Ce samedi apr\u00e8s-midi, les militants de L214 ont men\u00e9 une action symbolique devant le magasin Carrefour de Sainte-Marguerite. Munis d\u2019enveloppes [&hellip;]\" \/>\n<meta name=\"twitter:image\" content=\"https:\/\/vosgesinfo.fr\/app\/uploads\/sites\/4\/2025\/12\/sainte-marguerite-action-l214-noel-carrefour-1.jpg\" \/>\n<meta name=\"twitter:creator\" content=\"@VosgesInfo88\" \/>\n<meta name=\"twitter:site\" content=\"@VosgesInfo88\" \/>\n<meta name=\"twitter:label1\" content=\"\u00c9crit par\" \/>\n\t<meta name=\"twitter:data1\" content=\"J.J.\" \/>\n\t<meta name=\"twitter:label2\" content=\"Dur\u00e9e de lecture estim\u00e9e\" \/>\n\t<meta name=\"twitter:data2\" content=\"2 minutes\" \/>\n<script type=\"application\/ld+json\" class=\"yoast-schema-graph\">{\"@context\":\"https:\/\/schema.org\",\"@graph\":[{\"@type\":\"Article\",\"@id\":\"https:\/\/vosgesinfo.fr\/saintdieinfo\/2025\/12\/sainte-marguerite-l214-mene-une-action-confettis-devant-carrefour\/#article\",\"isPartOf\":{\"@id\":\"https:\/\/vosgesinfo.fr\/saintdieinfo\/2025\/12\/sainte-marguerite-l214-mene-une-action-confettis-devant-carrefour\/\"},\"author\":{\"name\":\"J.J.\",\"@id\":\"https:\/\/vosgesinfo.fr\/saintdieinfo\/#\/schema\/person\/fa73e9f726d67bb88f46d5b7943cb572\"},\"headline\":\"Sainte-Marguerite \u2013 L214 m\u00e8ne une action \u00ab\u00a0confettis\u00a0\u00bb devant Carrefour\",\"datePublished\":\"2025-12-14T09:33:34+00:00\",\"dateModified\":\"2025-12-14T09:27:13+00:00\",\"mainEntityOfPage\":{\"@id\":\"https:\/\/vosgesinfo.fr\/saintdieinfo\/2025\/12\/sainte-marguerite-l214-mene-une-action-confettis-devant-carrefour\/\"},\"wordCount\":482,\"commentCount\":8,\"publisher\":{\"@id\":\"https:\/\/vosgesinfo.fr\/saintdieinfo\/#organization\"},\"image\":{\"@id\":\"https:\/\/vosgesinfo.fr\/saintdieinfo\/2025\/12\/sainte-marguerite-l214-mene-une-action-confettis-devant-carrefour\/#primaryimage\"},\"thumbnailUrl\":\"https:\/\/vosgesinfo.fr\/app\/uploads\/sites\/4\/2025\/12\/sainte-marguerite-action-l214-noel-carrefour-1.jpg\",\"keywords\":[\"10 millions d\u2019animaux\",\"Bien \u00eatre animal\",\"Carrefour\",\"Carrefour Sainte-Marguerite\",\"confettis de No\u00ebl\",\"\u00e9levage intensif\",\"Grande distribution\",\"L214\",\"Plant Protein Pact\",\"prot\u00e9ines v\u00e9g\u00e9tales\",\"Sainte-Marguerite\",\"vosges\"],\"articleSection\":[\"A la Une\",\"D\u00e9odatie\",\"Soci\u00e9t\u00e9\",\"Vie Associative\"],\"inLanguage\":\"fr-FR\",\"potentialAction\":[{\"@type\":\"CommentAction\",\"name\":\"Comment\",\"target\":[\"https:\/\/vosgesinfo.fr\/saintdieinfo\/2025\/12\/sainte-marguerite-l214-mene-une-action-confettis-devant-carrefour\/#respond\"]}]},{\"@type\":\"WebPage\",\"@id\":\"https:\/\/vosgesinfo.fr\/saintdieinfo\/2025\/12\/sainte-marguerite-l214-mene-une-action-confettis-devant-carrefour\/\",\"url\":\"https:\/\/vosgesinfo.fr\/saintdieinfo\/2025\/12\/sainte-marguerite-l214-mene-une-action-confettis-devant-carrefour\/\",\"name\":\"Sainte-Marguerite \u2013 L214 m\u00e8ne une action \u00ab\u00a0confettis\u00a0\u00bb devant Carrefour - Saint Die Info\",\"isPartOf\":{\"@id\":\"https:\/\/vosgesinfo.fr\/saintdieinfo\/#website\"},\"primaryImageOfPage\":{\"@id\":\"https:\/\/vosgesinfo.fr\/saintdieinfo\/2025\/12\/sainte-marguerite-l214-mene-une-action-confettis-devant-carrefour\/#primaryimage\"},\"image\":{\"@id\":\"https:\/\/vosgesinfo.fr\/saintdieinfo\/2025\/12\/sainte-marguerite-l214-mene-une-action-confettis-devant-carrefour\/#primaryimage\"},\"thumbnailUrl\":\"https:\/\/vosgesinfo.fr\/app\/uploads\/sites\/4\/2025\/12\/sainte-marguerite-action-l214-noel-carrefour-1.jpg\",\"datePublished\":\"2025-12-14T09:33:34+00:00\",\"dateModified\":\"2025-12-14T09:27:13+00:00\",\"breadcrumb\":{\"@id\":\"https:\/\/vosgesinfo.fr\/saintdieinfo\/2025\/12\/sainte-marguerite-l214-mene-une-action-confettis-devant-carrefour\/#breadcrumb\"},\"inLanguage\":\"fr-FR\",\"potentialAction\":[{\"@type\":\"ReadAction\",\"target\":[\"https:\/\/vosgesinfo.fr\/saintdieinfo\/2025\/12\/sainte-marguerite-l214-mene-une-action-confettis-devant-carrefour\/\"]}]},{\"@type\":\"ImageObject\",\"inLanguage\":\"fr-FR\",\"@id\":\"https:\/\/vosgesinfo.fr\/saintdieinfo\/2025\/12\/sainte-marguerite-l214-mene-une-action-confettis-devant-carrefour\/#primaryimage\",\"url\":\"https:\/\/vosgesinfo.fr\/app\/uploads\/sites\/4\/2025\/12\/sainte-marguerite-action-l214-noel-carrefour-1.jpg\",\"contentUrl\":\"https:\/\/vosgesinfo.fr\/app\/uploads\/sites\/4\/2025\/12\/sainte-marguerite-action-l214-noel-carrefour-1.jpg\",\"width\":1200,\"height\":800,\"caption\":\"(Photographies Marc Fourniquet)\"},{\"@type\":\"BreadcrumbList\",\"@id\":\"https:\/\/vosgesinfo.fr\/saintdieinfo\/2025\/12\/sainte-marguerite-l214-mene-une-action-confettis-devant-carrefour\/#breadcrumb\",\"itemListElement\":[{\"@type\":\"ListItem\",\"position\":1,\"name\":\"Home\",\"item\":\"https:\/\/vosgesinfo.fr\/saintdieinfo\/\"},{\"@type\":\"ListItem\",\"position\":2,\"name\":\"Sainte-Marguerite \u2013 L214 m\u00e8ne une action \u00ab\u00a0confettis\u00a0\u00bb devant Carrefour\"}]},{\"@type\":\"WebSite\",\"@id\":\"https:\/\/vosgesinfo.fr\/saintdieinfo\/#website\",\"url\":\"https:\/\/vosgesinfo.fr\/saintdieinfo\/\",\"name\":\"Saint Die Info\",\"description\":\"Toute l&#039;actualit\u00e9 de Saint-Di\u00e9-Des-Vosges\",\"publisher\":{\"@id\":\"https:\/\/vosgesinfo.fr\/saintdieinfo\/#organization\"},\"alternateName\":\"Toute l'actualit\u00e9 de Saint-Di\u00e9-Des-Vosges\",\"potentialAction\":[{\"@type\":\"SearchAction\",\"target\":{\"@type\":\"EntryPoint\",\"urlTemplate\":\"https:\/\/vosgesinfo.fr\/saintdieinfo\/?s={search_term_string}\"},\"query-input\":\"required name=search_term_string\"}],\"inLanguage\":\"fr-FR\"},{\"@type\":\"Organization\",\"@id\":\"https:\/\/vosgesinfo.fr\/saintdieinfo\/#organization\",\"name\":\"Saint Die Info\",\"url\":\"https:\/\/vosgesinfo.fr\/saintdieinfo\/\",\"logo\":{\"@type\":\"ImageObject\",\"inLanguage\":\"fr-FR\",\"@id\":\"https:\/\/vosgesinfo.fr\/saintdieinfo\/#\/schema\/logo\/image\/\",\"url\":\"https:\/\/vosgesinfo.fr\/app\/uploads\/sites\/4\/2024\/02\/logo-sdi.jpg\",\"contentUrl\":\"https:\/\/vosgesinfo.fr\/app\/uploads\/sites\/4\/2024\/02\/logo-sdi.jpg\",\"width\":600,\"height\":600,\"caption\":\"Saint Die Info\"},\"image\":{\"@id\":\"https:\/\/vosgesinfo.fr\/saintdieinfo\/#\/schema\/logo\/image\/\"},\"sameAs\":[\"https:\/\/www.facebook.com\/Saintdieinfofr\",\"https:\/\/x.com\/VosgesInfo88\",\"https:\/\/www.youtube.com\/@vosgesinfo\"]},{\"@type\":\"Person\",\"@id\":\"https:\/\/vosgesinfo.fr\/saintdieinfo\/#\/schema\/person\/fa73e9f726d67bb88f46d5b7943cb572\",\"name\":\"J.J.\",\"image\":{\"@type\":\"ImageObject\",\"inLanguage\":\"fr-FR\",\"@id\":\"https:\/\/vosgesinfo.fr\/saintdieinfo\/#\/schema\/person\/image\/\",\"url\":\"https:\/\/secure.gravatar.com\/avatar\/219e749e47ffbcca018a360ae4add7d4cdf1cdaaf8bc7676b27efade3fe65615?s=96&d=mm&r=g\",\"contentUrl\":\"https:\/\/secure.gravatar.com\/avatar\/219e749e47ffbcca018a360ae4add7d4cdf1cdaaf8bc7676b27efade3fe65615?s=96&d=mm&r=g\",\"caption\":\"J.J.\"},\"url\":\"https:\/\/vosgesinfo.fr\/saintdieinfo\/author\/j-j\/\"}]}<\/script>\n<!-- \/ Yoast SEO plugin. -->","yoast_head_json":{"title":"Sainte-Marguerite \u2013 L214 m\u00e8ne une action \u00ab\u00a0confettis\u00a0\u00bb devant Carrefour - Saint Die Info","robots":{"index":"index","follow":"follow","max-snippet":"max-snippet:-1","max-image-preview":"max-image-preview:large","max-video-preview":"max-video-preview:-1"},"canonical":"https:\/\/vosgesinfo.fr\/saintdieinfo\/2025\/12\/sainte-marguerite-l214-mene-une-action-confettis-devant-carrefour\/","twitter_card":"summary_large_image","twitter_title":"Sainte-Marguerite \u2013 L214 m\u00e8ne une action \u00ab\u00a0confettis\u00a0\u00bb devant Carrefour - Saint Die Info","twitter_description":"Ce samedi apr\u00e8s-midi, les militants de L214 ont men\u00e9 une action symbolique devant le magasin Carrefour de Sainte-Marguerite. Munis d\u2019enveloppes [&hellip;]","twitter_image":"https:\/\/vosgesinfo.fr\/app\/uploads\/sites\/4\/2025\/12\/sainte-marguerite-action-l214-noel-carrefour-1.jpg","twitter_creator":"@VosgesInfo88","twitter_site":"@VosgesInfo88","twitter_misc":{"\u00c9crit par":"J.J.","Dur\u00e9e de lecture estim\u00e9e":"2 minutes"},"schema":{"@context":"https:\/\/schema.org","@graph":[{"@type":"Article","@id":"https:\/\/vosgesinfo.fr\/saintdieinfo\/2025\/12\/sainte-marguerite-l214-mene-une-action-confettis-devant-carrefour\/#article","isPartOf":{"@id":"https:\/\/vosgesinfo.fr\/saintdieinfo\/2025\/12\/sainte-marguerite-l214-mene-une-action-confettis-devant-carrefour\/"},"author":{"name":"J.J.","@id":"https:\/\/vosgesinfo.fr\/saintdieinfo\/#\/schema\/person\/fa73e9f726d67bb88f46d5b7943cb572"},"headline":"Sainte-Marguerite \u2013 L214 m\u00e8ne une action \u00ab\u00a0confettis\u00a0\u00bb devant Carrefour","datePublished":"2025-12-14T09:33:34+00:00","dateModified":"2025-12-14T09:27:13+00:00","mainEntityOfPage":{"@id":"https:\/\/vosgesinfo.fr\/saintdieinfo\/2025\/12\/sainte-marguerite-l214-mene-une-action-confettis-devant-carrefour\/"},"wordCount":482,"commentCount":8,"publisher":{"@id":"https:\/\/vosgesinfo.fr\/saintdieinfo\/#organization"},"image":{"@id":"https:\/\/vosgesinfo.fr\/saintdieinfo\/2025\/12\/sainte-marguerite-l214-mene-une-action-confettis-devant-carrefour\/#primaryimage"},"thumbnailUrl":"https:\/\/vosgesinfo.fr\/app\/uploads\/sites\/4\/2025\/12\/sainte-marguerite-action-l214-noel-carrefour-1.jpg","keywords":["10 millions d\u2019animaux","Bien \u00eatre animal","Carrefour","Carrefour Sainte-Marguerite","confettis de No\u00ebl","\u00e9levage intensif","Grande distribution","L214","Plant Protein Pact","prot\u00e9ines v\u00e9g\u00e9tales","Sainte-Marguerite","vosges"],"articleSection":["A la Une","D\u00e9odatie","Soci\u00e9t\u00e9","Vie Associative"],"inLanguage":"fr-FR","potentialAction":[{"@type":"CommentAction","name":"Comment","target":["https:\/\/vosgesinfo.fr\/saintdieinfo\/2025\/12\/sainte-marguerite-l214-mene-une-action-confettis-devant-carrefour\/#respond"]}]},{"@type":"WebPage","@id":"https:\/\/vosgesinfo.fr\/saintdieinfo\/2025\/12\/sainte-marguerite-l214-mene-une-action-confettis-devant-carrefour\/","url":"https:\/\/vosgesinfo.fr\/saintdieinfo\/2025\/12\/sainte-marguerite-l214-mene-une-action-confettis-devant-carrefour\/","name":"Sainte-Marguerite \u2013 L214 m\u00e8ne une action \u00ab\u00a0confettis\u00a0\u00bb devant Carrefour - Saint Die Info","isPartOf":{"@id":"https:\/\/vosgesinfo.fr\/saintdieinfo\/#website"},"primaryImageOfPage":{"@id":"https:\/\/vosgesinfo.fr\/saintdieinfo\/2025\/12\/sainte-marguerite-l214-mene-une-action-confettis-devant-carrefour\/#primaryimage"},"image":{"@id":"https:\/\/vosgesinfo.fr\/saintdieinfo\/2025\/12\/sainte-marguerite-l214-mene-une-action-confettis-devant-carrefour\/#primaryimage"},"thumbnailUrl":"https:\/\/vosgesinfo.fr\/app\/uploads\/sites\/4\/2025\/12\/sainte-marguerite-action-l214-noel-carrefour-1.jpg","datePublished":"2025-12-14T09:33:34+00:00","dateModified":"2025-12-14T09:27:13+00:00","breadcrumb":{"@id":"https:\/\/vosgesinfo.fr\/saintdieinfo\/2025\/12\/sainte-marguerite-l214-mene-une-action-confettis-devant-carrefour\/#breadcrumb"},"inLanguage":"fr-FR","potentialAction":[{"@type":"ReadAction","target":["https:\/\/vosgesinfo.fr\/saintdieinfo\/2025\/12\/sainte-marguerite-l214-mene-une-action-confettis-devant-carrefour\/"]}]},{"@type":"ImageObject","inLanguage":"fr-FR","@id":"https:\/\/vosgesinfo.fr\/saintdieinfo\/2025\/12\/sainte-marguerite-l214-mene-une-action-confettis-devant-carrefour\/#primaryimage","url":"https:\/\/vosgesinfo.fr\/app\/uploads\/sites\/4\/2025\/12\/sainte-marguerite-action-l214-noel-carrefour-1.jpg","contentUrl":"https:\/\/vosgesinfo.fr\/app\/uploads\/sites\/4\/2025\/12\/sainte-marguerite-action-l214-noel-carrefour-1.jpg","width":1200,"height":800,"caption":"(Photographies Marc Fourniquet)"},{"@type":"BreadcrumbList","@id":"https:\/\/vosgesinfo.fr\/saintdieinfo\/2025\/12\/sainte-marguerite-l214-mene-une-action-confettis-devant-carrefour\/#breadcrumb","itemListElement":[{"@type":"ListItem","position":1,"name":"Home","item":"https:\/\/vosgesinfo.fr\/saintdieinfo\/"},{"@type":"ListItem","position":2,"name":"Sainte-Marguerite \u2013 L214 m\u00e8ne une action \u00ab\u00a0confettis\u00a0\u00bb devant Carrefour"}]},{"@type":"WebSite","@id":"https:\/\/vosgesinfo.fr\/saintdieinfo\/#website","url":"https:\/\/vosgesinfo.fr\/saintdieinfo\/","name":"Saint Die Info","description":"Toute l&#039;actualit\u00e9 de Saint-Di\u00e9-Des-Vosges","publisher":{"@id":"https:\/\/vosgesinfo.fr\/saintdieinfo\/#organization"},"alternateName":"Toute l'actualit\u00e9 de Saint-Di\u00e9-Des-Vosges","potentialAction":[{"@type":"SearchAction","target":{"@type":"EntryPoint","urlTemplate":"https:\/\/vosgesinfo.fr\/saintdieinfo\/?s={search_term_string}"},"query-input":"required name=search_term_string"}],"inLanguage":"fr-FR"},{"@type":"Organization","@id":"https:\/\/vosgesinfo.fr\/saintdieinfo\/#organization","name":"Saint Die Info","url":"https:\/\/vosgesinfo.fr\/saintdieinfo\/","logo":{"@type":"ImageObject","inLanguage":"fr-FR","@id":"https:\/\/vosgesinfo.fr\/saintdieinfo\/#\/schema\/logo\/image\/","url":"https:\/\/vosgesinfo.fr\/app\/uploads\/sites\/4\/2024\/02\/logo-sdi.jpg","contentUrl":"https:\/\/vosgesinfo.fr\/app\/uploads\/sites\/4\/2024\/02\/logo-sdi.jpg","width":600,"height":600,"caption":"Saint Die Info"},"image":{"@id":"https:\/\/vosgesinfo.fr\/saintdieinfo\/#\/schema\/logo\/image\/"},"sameAs":["https:\/\/www.facebook.com\/Saintdieinfofr","https:\/\/x.com\/VosgesInfo88","https:\/\/www.youtube.com\/@vosgesinfo"]},{"@type":"Person","@id":"https:\/\/vosgesinfo.fr\/saintdieinfo\/#\/schema\/person\/fa73e9f726d67bb88f46d5b7943cb572","name":"J.J.","image":{"@type":"ImageObject","inLanguage":"fr-FR","@id":"https:\/\/vosgesinfo.fr\/saintdieinfo\/#\/schema\/person\/image\/","url":"https:\/\/secure.gravatar.com\/avatar\/219e749e47ffbcca018a360ae4add7d4cdf1cdaaf8bc7676b27efade3fe65615?s=96&d=mm&r=g","contentUrl":"https:\/\/secure.gravatar.com\/avatar\/219e749e47ffbcca018a360ae4add7d4cdf1cdaaf8bc7676b27efade3fe65615?s=96&d=mm&r=g","caption":"J.J."},"url":"https:\/\/vosgesinfo.fr\/saintdieinfo\/author\/j-j\/"}]}},"_links":{"self":[{"href":"https:\/\/vosgesinfo.fr\/saintdieinfo\/wp-json\/wp\/v2\/posts\/85871","targetHints":{"allow":["GET"]}}],"collection":[{"href":"https:\/\/vosgesinfo.fr\/saintdieinfo\/wp-json\/wp\/v2\/posts"}],"about":[{"href":"https:\/\/vosgesinfo.fr\/saintdieinfo\/wp-json\/wp\/v2\/types\/post"}],"author":[{"embeddable":true,"href":"https:\/\/vosgesinfo.fr\/saintdieinfo\/wp-json\/wp\/v2\/users\/46"}],"replies":[{"embeddable":true,"href":"https:\/\/vosgesinfo.fr\/saintdieinfo\/wp-json\/wp\/v2\/comments?post=85871"}],"version-history":[{"count":1,"href":"https:\/\/vosgesinfo.fr\/saintdieinfo\/wp-json\/wp\/v2\/posts\/85871\/revisions"}],"predecessor-version":[{"id":85872,"href":"https:\/\/vosgesinfo.fr\/saintdieinfo\/wp-json\/wp\/v2\/posts\/85871\/revisions\/85872"}],"wp:featuredmedia":[{"embeddable":true,"href":"https:\/\/vosgesinfo.fr\/saintdieinfo\/wp-json\/wp\/v2\/media\/85867"}],"wp:attachment":[{"href":"https:\/\/vosgesinfo.fr\/saintdieinfo\/wp-json\/wp\/v2\/media?parent=85871"}],"wp:term":[{"taxonomy":"category","embeddable":true,"href":"https:\/\/vosgesinfo.fr\/saintdieinfo\/wp-json\/wp\/v2\/categories?post=85871"},{"taxonomy":"post_tag","embeddable":true,"href":"https:\/\/vosgesinfo.fr\/saintdieinfo\/wp-json\/wp\/v2\/tags?post=85871"}],"curies":[{"name":"wp","href":"https:\/\/api.w.org\/{rel}","templated":true}]}}