{"id":86981,"date":"2026-01-21T09:33:42","date_gmt":"2026-01-21T08:33:42","guid":{"rendered":"https:\/\/vosgesinfo.fr\/saintdieinfo\/?p=86981"},"modified":"2026-01-21T09:29:00","modified_gmt":"2026-01-21T08:29:00","slug":"semaine-de-priere-pour-lunite-des-chretiens-trois-celebrations-oecumeniques-a-saint-die-des-vosges","status":"publish","type":"post","link":"https:\/\/vosgesinfo.fr\/saintdieinfo\/2026\/01\/semaine-de-priere-pour-lunite-des-chretiens-trois-celebrations-oecumeniques-a-saint-die-des-vosges\/","title":{"rendered":"Semaine de Pri\u00e8re pour l&rsquo;Unit\u00e9 des Chr\u00e9tiens : trois c\u00e9l\u00e9brations \u0153cum\u00e9niques \u00e0 Saint-Di\u00e9-des-Vosges"},"content":{"rendered":"<h2 data-start=\"0\" data-end=\"245\">Du 18 au 25 janvier, la <strong data-start=\"28\" data-end=\"76\">Semaine de Pri\u00e8re pour l\u2019Unit\u00e9 des Chr\u00e9tiens<\/strong> rassemble catholiques et protestants \u00e0 <strong data-start=\"116\" data-end=\"140\">Saint-Di\u00e9-des-Vosges<\/strong>. Trois c\u00e9l\u00e9brations communes sont propos\u00e9es au <strong data-start=\"192\" data-end=\"244\">temple protestant et \u00e0 la cath\u00e9drale d\u00e9odatienne<\/strong>.<\/h2>\n<p data-start=\"0\" data-end=\"245\"><!--more--><\/p>\n<h3 data-start=\"247\" data-end=\"276\"><strong>Une semaine de pri\u00e8re commune<\/strong><\/h3>\n<p data-start=\"278\" data-end=\"498\">Les paroisses catholique et protestante vivent un <strong data-start=\"50\" data-end=\"71\">\u00e9change de chaire<\/strong> : le <strong data-start=\"77\" data-end=\"108\">Pasteur Jean-Fran\u00e7ois Gu\u00e9ry<\/strong> pr\u00eache en la <strong data-start=\"122\" data-end=\"148\">cath\u00e9drale d\u00e9odatienne<\/strong>, tandis que le <strong data-start=\"164\" data-end=\"185\">P\u00e8re Arnaud Meyer<\/strong> est invit\u00e9 \u00e0 pr\u00eacher au <strong data-start=\"210\" data-end=\"231\">temple protestant<\/strong>.<\/p>\n<h3 data-start=\"500\" data-end=\"521\"><strong>Les dates des c\u00e9l\u00e9brations<\/strong><\/h3>\n<p data-start=\"9\" data-end=\"106\"><strong data-start=\"9\" data-end=\"32\">Vendredi 23 janvier<\/strong>, une <strong data-start=\"38\" data-end=\"64\">c\u00e9l\u00e9bration \u0153cum\u00e9nique<\/strong> a lieu \u00e0 20 h au <strong data-start=\"82\" data-end=\"103\">temple protestant<\/strong>.<\/p>\n<p data-start=\"108\" data-end=\"275\"><strong data-start=\"108\" data-end=\"131\">Dimanche 25 janvier<\/strong>, un <strong data-start=\"136\" data-end=\"145\">culte<\/strong> est c\u00e9l\u00e9br\u00e9 \u00e0 10 h 30 en la <strong data-start=\"174\" data-end=\"188\">cath\u00e9drale<\/strong> avec le <strong data-start=\"197\" data-end=\"228\" data-is-only-node=\"\">Pasteur Jean-Fran\u00e7ois Gu\u00e9ry<\/strong>. Il n\u2019y a pas de culte ce jour-l\u00e0 au temple.<\/p>\n<p data-start=\"277\" data-end=\"380\" data-is-last-node=\"\" data-is-only-node=\"\"><strong data-start=\"277\" data-end=\"299\">Dimanche 8 f\u00e9vrier<\/strong>, un <strong data-start=\"304\" data-end=\"313\">culte<\/strong> est c\u00e9l\u00e9br\u00e9 \u00e0 10 h 30 au <strong data-start=\"339\" data-end=\"349\">temple<\/strong> avec le <strong data-start=\"358\" data-end=\"379\" data-is-only-node=\"\">P\u00e8re Arnaud Meyer<\/strong>.<\/p>\n<p data-start=\"277\" data-end=\"380\" data-is-last-node=\"\" data-is-only-node=\"\"><a href=\"https:\/\/vosgesinfo.fr\/app\/uploads\/sites\/4\/2026\/01\/semaine-priere-unite-chretiens.jpg\"><img decoding=\"async\" class=\"alignnone size-large wp-image-86982\" src=\"https:\/\/vosgesinfo.fr\/app\/uploads\/sites\/4\/2026\/01\/semaine-priere-unite-chretiens-694x1024.jpg\" alt=\"\" width=\"694\" height=\"1024\" srcset=\"https:\/\/vosgesinfo.fr\/app\/uploads\/sites\/4\/2026\/01\/semaine-priere-unite-chretiens-694x1024.jpg 694w, https:\/\/vosgesinfo.fr\/app\/uploads\/sites\/4\/2026\/01\/semaine-priere-unite-chretiens-203x300.jpg 203w, https:\/\/vosgesinfo.fr\/app\/uploads\/sites\/4\/2026\/01\/semaine-priere-unite-chretiens.jpg 732w\" sizes=\"(max-width: 694px) 100vw, 694px\" \/><\/a><\/p>\n","protected":false},"excerpt":{"rendered":"<p>Du 18 au 25 janvier, la Semaine de Pri\u00e8re pour l\u2019Unit\u00e9 des Chr\u00e9tiens rassemble catholiques et protestants \u00e0 Saint-Di\u00e9-des-Vosges. Trois [&hellip;]<\/p>\n","protected":false},"author":46,"featured_media":86982,"comment_status":"open","ping_status":"open","sticky":false,"template":"","format":"standard","meta":{"footnotes":""},"categories":[460,2979],"tags":[19860,19861,14647,2881,15890,6925],"class_list":["post-86981","post","type-post","status-publish","format-standard","has-post-thumbnail","hentry","category-a-la-une","category-religion","tag-cathedrale-deodatienne","tag-pasteur-jean-francois-guery","tag-pere-arnaud-meyer","tag-saint-die-des-vosges","tag-semaine-de-priere-pour-lunite-des-chretiens","tag-temple-protestant"],"acf":[],"yoast_head":"<!-- This site is optimized with the Yoast SEO plugin v22.5 - https:\/\/yoast.com\/wordpress\/plugins\/seo\/ -->\n<title>Semaine de Pri\u00e8re pour l&#039;Unit\u00e9 des Chr\u00e9tiens : trois c\u00e9l\u00e9brations \u0153cum\u00e9niques \u00e0 Saint-Di\u00e9-des-Vosges - Saint Die Info<\/title>\n<meta name=\"robots\" content=\"index, follow, max-snippet:-1, max-image-preview:large, max-video-preview:-1\" \/>\n<link rel=\"canonical\" href=\"https:\/\/vosgesinfo.fr\/saintdieinfo\/2026\/01\/semaine-de-priere-pour-lunite-des-chretiens-trois-celebrations-oecumeniques-a-saint-die-des-vosges\/\" \/>\n<meta name=\"twitter:card\" content=\"summary_large_image\" \/>\n<meta name=\"twitter:title\" content=\"Semaine de Pri\u00e8re pour l&#039;Unit\u00e9 des Chr\u00e9tiens : trois c\u00e9l\u00e9brations \u0153cum\u00e9niques \u00e0 Saint-Di\u00e9-des-Vosges - Saint Die Info\" \/>\n<meta name=\"twitter:description\" content=\"Du 18 au 25 janvier, la Semaine de Pri\u00e8re pour l\u2019Unit\u00e9 des Chr\u00e9tiens rassemble catholiques et protestants \u00e0 Saint-Di\u00e9-des-Vosges. Trois [&hellip;]\" \/>\n<meta name=\"twitter:image\" content=\"https:\/\/vosgesinfo.fr\/app\/uploads\/sites\/4\/2026\/01\/semaine-priere-unite-chretiens.jpg\" \/>\n<meta name=\"twitter:creator\" content=\"@VosgesInfo88\" \/>\n<meta name=\"twitter:site\" content=\"@VosgesInfo88\" \/>\n<meta name=\"twitter:label1\" content=\"\u00c9crit par\" \/>\n\t<meta name=\"twitter:data1\" content=\"J.J.\" \/>\n\t<meta name=\"twitter:label2\" content=\"Dur\u00e9e de lecture estim\u00e9e\" \/>\n\t<meta name=\"twitter:data2\" content=\"1 minute\" \/>\n<script type=\"application\/ld+json\" class=\"yoast-schema-graph\">{\"@context\":\"https:\/\/schema.org\",\"@graph\":[{\"@type\":\"Article\",\"@id\":\"https:\/\/vosgesinfo.fr\/saintdieinfo\/2026\/01\/semaine-de-priere-pour-lunite-des-chretiens-trois-celebrations-oecumeniques-a-saint-die-des-vosges\/#article\",\"isPartOf\":{\"@id\":\"https:\/\/vosgesinfo.fr\/saintdieinfo\/2026\/01\/semaine-de-priere-pour-lunite-des-chretiens-trois-celebrations-oecumeniques-a-saint-die-des-vosges\/\"},\"author\":{\"name\":\"J.J.\",\"@id\":\"https:\/\/vosgesinfo.fr\/saintdieinfo\/#\/schema\/person\/fa73e9f726d67bb88f46d5b7943cb572\"},\"headline\":\"Semaine de Pri\u00e8re pour l&rsquo;Unit\u00e9 des Chr\u00e9tiens : trois c\u00e9l\u00e9brations \u0153cum\u00e9niques \u00e0 Saint-Di\u00e9-des-Vosges\",\"datePublished\":\"2026-01-21T08:33:42+00:00\",\"dateModified\":\"2026-01-21T08:29:00+00:00\",\"mainEntityOfPage\":{\"@id\":\"https:\/\/vosgesinfo.fr\/saintdieinfo\/2026\/01\/semaine-de-priere-pour-lunite-des-chretiens-trois-celebrations-oecumeniques-a-saint-die-des-vosges\/\"},\"wordCount\":168,\"commentCount\":0,\"publisher\":{\"@id\":\"https:\/\/vosgesinfo.fr\/saintdieinfo\/#organization\"},\"image\":{\"@id\":\"https:\/\/vosgesinfo.fr\/saintdieinfo\/2026\/01\/semaine-de-priere-pour-lunite-des-chretiens-trois-celebrations-oecumeniques-a-saint-die-des-vosges\/#primaryimage\"},\"thumbnailUrl\":\"https:\/\/vosgesinfo.fr\/app\/uploads\/sites\/4\/2026\/01\/semaine-priere-unite-chretiens.jpg\",\"keywords\":[\"cath\u00e9drale d\u00e9odatienne\",\"Pasteur Jean-Fran\u00e7ois Gu\u00e9ry\",\"P\u00e8re Arnaud Meyer\",\"Saint-Di\u00e9-des-Vosges\",\"Semaine de pri\u00e8re pour l'unit\u00e9 des Chr\u00e9tiens\",\"Temple protestant\"],\"articleSection\":[\"A la Une\",\"Religion\"],\"inLanguage\":\"fr-FR\",\"potentialAction\":[{\"@type\":\"CommentAction\",\"name\":\"Comment\",\"target\":[\"https:\/\/vosgesinfo.fr\/saintdieinfo\/2026\/01\/semaine-de-priere-pour-lunite-des-chretiens-trois-celebrations-oecumeniques-a-saint-die-des-vosges\/#respond\"]}]},{\"@type\":\"WebPage\",\"@id\":\"https:\/\/vosgesinfo.fr\/saintdieinfo\/2026\/01\/semaine-de-priere-pour-lunite-des-chretiens-trois-celebrations-oecumeniques-a-saint-die-des-vosges\/\",\"url\":\"https:\/\/vosgesinfo.fr\/saintdieinfo\/2026\/01\/semaine-de-priere-pour-lunite-des-chretiens-trois-celebrations-oecumeniques-a-saint-die-des-vosges\/\",\"name\":\"Semaine de Pri\u00e8re pour l'Unit\u00e9 des Chr\u00e9tiens : trois c\u00e9l\u00e9brations \u0153cum\u00e9niques \u00e0 Saint-Di\u00e9-des-Vosges - Saint Die Info\",\"isPartOf\":{\"@id\":\"https:\/\/vosgesinfo.fr\/saintdieinfo\/#website\"},\"primaryImageOfPage\":{\"@id\":\"https:\/\/vosgesinfo.fr\/saintdieinfo\/2026\/01\/semaine-de-priere-pour-lunite-des-chretiens-trois-celebrations-oecumeniques-a-saint-die-des-vosges\/#primaryimage\"},\"image\":{\"@id\":\"https:\/\/vosgesinfo.fr\/saintdieinfo\/2026\/01\/semaine-de-priere-pour-lunite-des-chretiens-trois-celebrations-oecumeniques-a-saint-die-des-vosges\/#primaryimage\"},\"thumbnailUrl\":\"https:\/\/vosgesinfo.fr\/app\/uploads\/sites\/4\/2026\/01\/semaine-priere-unite-chretiens.jpg\",\"datePublished\":\"2026-01-21T08:33:42+00:00\",\"dateModified\":\"2026-01-21T08:29:00+00:00\",\"breadcrumb\":{\"@id\":\"https:\/\/vosgesinfo.fr\/saintdieinfo\/2026\/01\/semaine-de-priere-pour-lunite-des-chretiens-trois-celebrations-oecumeniques-a-saint-die-des-vosges\/#breadcrumb\"},\"inLanguage\":\"fr-FR\",\"potentialAction\":[{\"@type\":\"ReadAction\",\"target\":[\"https:\/\/vosgesinfo.fr\/saintdieinfo\/2026\/01\/semaine-de-priere-pour-lunite-des-chretiens-trois-celebrations-oecumeniques-a-saint-die-des-vosges\/\"]}]},{\"@type\":\"ImageObject\",\"inLanguage\":\"fr-FR\",\"@id\":\"https:\/\/vosgesinfo.fr\/saintdieinfo\/2026\/01\/semaine-de-priere-pour-lunite-des-chretiens-trois-celebrations-oecumeniques-a-saint-die-des-vosges\/#primaryimage\",\"url\":\"https:\/\/vosgesinfo.fr\/app\/uploads\/sites\/4\/2026\/01\/semaine-priere-unite-chretiens.jpg\",\"contentUrl\":\"https:\/\/vosgesinfo.fr\/app\/uploads\/sites\/4\/2026\/01\/semaine-priere-unite-chretiens.jpg\",\"width\":732,\"height\":1080},{\"@type\":\"BreadcrumbList\",\"@id\":\"https:\/\/vosgesinfo.fr\/saintdieinfo\/2026\/01\/semaine-de-priere-pour-lunite-des-chretiens-trois-celebrations-oecumeniques-a-saint-die-des-vosges\/#breadcrumb\",\"itemListElement\":[{\"@type\":\"ListItem\",\"position\":1,\"name\":\"Home\",\"item\":\"https:\/\/vosgesinfo.fr\/saintdieinfo\/\"},{\"@type\":\"ListItem\",\"position\":2,\"name\":\"Semaine de Pri\u00e8re pour l&rsquo;Unit\u00e9 des Chr\u00e9tiens : trois c\u00e9l\u00e9brations \u0153cum\u00e9niques \u00e0 Saint-Di\u00e9-des-Vosges\"}]},{\"@type\":\"WebSite\",\"@id\":\"https:\/\/vosgesinfo.fr\/saintdieinfo\/#website\",\"url\":\"https:\/\/vosgesinfo.fr\/saintdieinfo\/\",\"name\":\"Saint Die Info\",\"description\":\"Toute l&#039;actualit\u00e9 de Saint-Di\u00e9-Des-Vosges\",\"publisher\":{\"@id\":\"https:\/\/vosgesinfo.fr\/saintdieinfo\/#organization\"},\"alternateName\":\"Toute l'actualit\u00e9 de Saint-Di\u00e9-Des-Vosges\",\"potentialAction\":[{\"@type\":\"SearchAction\",\"target\":{\"@type\":\"EntryPoint\",\"urlTemplate\":\"https:\/\/vosgesinfo.fr\/saintdieinfo\/?s={search_term_string}\"},\"query-input\":\"required name=search_term_string\"}],\"inLanguage\":\"fr-FR\"},{\"@type\":\"Organization\",\"@id\":\"https:\/\/vosgesinfo.fr\/saintdieinfo\/#organization\",\"name\":\"Saint Die Info\",\"url\":\"https:\/\/vosgesinfo.fr\/saintdieinfo\/\",\"logo\":{\"@type\":\"ImageObject\",\"inLanguage\":\"fr-FR\",\"@id\":\"https:\/\/vosgesinfo.fr\/saintdieinfo\/#\/schema\/logo\/image\/\",\"url\":\"https:\/\/vosgesinfo.fr\/app\/uploads\/sites\/4\/2024\/02\/logo-sdi.jpg\",\"contentUrl\":\"https:\/\/vosgesinfo.fr\/app\/uploads\/sites\/4\/2024\/02\/logo-sdi.jpg\",\"width\":600,\"height\":600,\"caption\":\"Saint Die Info\"},\"image\":{\"@id\":\"https:\/\/vosgesinfo.fr\/saintdieinfo\/#\/schema\/logo\/image\/\"},\"sameAs\":[\"https:\/\/www.facebook.com\/Saintdieinfofr\",\"https:\/\/x.com\/VosgesInfo88\",\"https:\/\/www.youtube.com\/@vosgesinfo\"]},{\"@type\":\"Person\",\"@id\":\"https:\/\/vosgesinfo.fr\/saintdieinfo\/#\/schema\/person\/fa73e9f726d67bb88f46d5b7943cb572\",\"name\":\"J.J.\",\"image\":{\"@type\":\"ImageObject\",\"inLanguage\":\"fr-FR\",\"@id\":\"https:\/\/vosgesinfo.fr\/saintdieinfo\/#\/schema\/person\/image\/\",\"url\":\"https:\/\/secure.gravatar.com\/avatar\/219e749e47ffbcca018a360ae4add7d4cdf1cdaaf8bc7676b27efade3fe65615?s=96&d=mm&r=g\",\"contentUrl\":\"https:\/\/secure.gravatar.com\/avatar\/219e749e47ffbcca018a360ae4add7d4cdf1cdaaf8bc7676b27efade3fe65615?s=96&d=mm&r=g\",\"caption\":\"J.J.\"},\"url\":\"https:\/\/vosgesinfo.fr\/saintdieinfo\/author\/j-j\/\"}]}<\/script>\n<!-- \/ Yoast SEO plugin. -->","yoast_head_json":{"title":"Semaine de Pri\u00e8re pour l'Unit\u00e9 des Chr\u00e9tiens : trois c\u00e9l\u00e9brations \u0153cum\u00e9niques \u00e0 Saint-Di\u00e9-des-Vosges - Saint Die Info","robots":{"index":"index","follow":"follow","max-snippet":"max-snippet:-1","max-image-preview":"max-image-preview:large","max-video-preview":"max-video-preview:-1"},"canonical":"https:\/\/vosgesinfo.fr\/saintdieinfo\/2026\/01\/semaine-de-priere-pour-lunite-des-chretiens-trois-celebrations-oecumeniques-a-saint-die-des-vosges\/","twitter_card":"summary_large_image","twitter_title":"Semaine de Pri\u00e8re pour l'Unit\u00e9 des Chr\u00e9tiens : trois c\u00e9l\u00e9brations \u0153cum\u00e9niques \u00e0 Saint-Di\u00e9-des-Vosges - Saint Die Info","twitter_description":"Du 18 au 25 janvier, la Semaine de Pri\u00e8re pour l\u2019Unit\u00e9 des Chr\u00e9tiens rassemble catholiques et protestants \u00e0 Saint-Di\u00e9-des-Vosges. Trois [&hellip;]","twitter_image":"https:\/\/vosgesinfo.fr\/app\/uploads\/sites\/4\/2026\/01\/semaine-priere-unite-chretiens.jpg","twitter_creator":"@VosgesInfo88","twitter_site":"@VosgesInfo88","twitter_misc":{"\u00c9crit par":"J.J.","Dur\u00e9e de lecture estim\u00e9e":"1 minute"},"schema":{"@context":"https:\/\/schema.org","@graph":[{"@type":"Article","@id":"https:\/\/vosgesinfo.fr\/saintdieinfo\/2026\/01\/semaine-de-priere-pour-lunite-des-chretiens-trois-celebrations-oecumeniques-a-saint-die-des-vosges\/#article","isPartOf":{"@id":"https:\/\/vosgesinfo.fr\/saintdieinfo\/2026\/01\/semaine-de-priere-pour-lunite-des-chretiens-trois-celebrations-oecumeniques-a-saint-die-des-vosges\/"},"author":{"name":"J.J.","@id":"https:\/\/vosgesinfo.fr\/saintdieinfo\/#\/schema\/person\/fa73e9f726d67bb88f46d5b7943cb572"},"headline":"Semaine de Pri\u00e8re pour l&rsquo;Unit\u00e9 des Chr\u00e9tiens : trois c\u00e9l\u00e9brations \u0153cum\u00e9niques \u00e0 Saint-Di\u00e9-des-Vosges","datePublished":"2026-01-21T08:33:42+00:00","dateModified":"2026-01-21T08:29:00+00:00","mainEntityOfPage":{"@id":"https:\/\/vosgesinfo.fr\/saintdieinfo\/2026\/01\/semaine-de-priere-pour-lunite-des-chretiens-trois-celebrations-oecumeniques-a-saint-die-des-vosges\/"},"wordCount":168,"commentCount":0,"publisher":{"@id":"https:\/\/vosgesinfo.fr\/saintdieinfo\/#organization"},"image":{"@id":"https:\/\/vosgesinfo.fr\/saintdieinfo\/2026\/01\/semaine-de-priere-pour-lunite-des-chretiens-trois-celebrations-oecumeniques-a-saint-die-des-vosges\/#primaryimage"},"thumbnailUrl":"https:\/\/vosgesinfo.fr\/app\/uploads\/sites\/4\/2026\/01\/semaine-priere-unite-chretiens.jpg","keywords":["cath\u00e9drale d\u00e9odatienne","Pasteur Jean-Fran\u00e7ois Gu\u00e9ry","P\u00e8re Arnaud Meyer","Saint-Di\u00e9-des-Vosges","Semaine de pri\u00e8re pour l'unit\u00e9 des Chr\u00e9tiens","Temple protestant"],"articleSection":["A la Une","Religion"],"inLanguage":"fr-FR","potentialAction":[{"@type":"CommentAction","name":"Comment","target":["https:\/\/vosgesinfo.fr\/saintdieinfo\/2026\/01\/semaine-de-priere-pour-lunite-des-chretiens-trois-celebrations-oecumeniques-a-saint-die-des-vosges\/#respond"]}]},{"@type":"WebPage","@id":"https:\/\/vosgesinfo.fr\/saintdieinfo\/2026\/01\/semaine-de-priere-pour-lunite-des-chretiens-trois-celebrations-oecumeniques-a-saint-die-des-vosges\/","url":"https:\/\/vosgesinfo.fr\/saintdieinfo\/2026\/01\/semaine-de-priere-pour-lunite-des-chretiens-trois-celebrations-oecumeniques-a-saint-die-des-vosges\/","name":"Semaine de Pri\u00e8re pour l'Unit\u00e9 des Chr\u00e9tiens : trois c\u00e9l\u00e9brations \u0153cum\u00e9niques \u00e0 Saint-Di\u00e9-des-Vosges - Saint Die Info","isPartOf":{"@id":"https:\/\/vosgesinfo.fr\/saintdieinfo\/#website"},"primaryImageOfPage":{"@id":"https:\/\/vosgesinfo.fr\/saintdieinfo\/2026\/01\/semaine-de-priere-pour-lunite-des-chretiens-trois-celebrations-oecumeniques-a-saint-die-des-vosges\/#primaryimage"},"image":{"@id":"https:\/\/vosgesinfo.fr\/saintdieinfo\/2026\/01\/semaine-de-priere-pour-lunite-des-chretiens-trois-celebrations-oecumeniques-a-saint-die-des-vosges\/#primaryimage"},"thumbnailUrl":"https:\/\/vosgesinfo.fr\/app\/uploads\/sites\/4\/2026\/01\/semaine-priere-unite-chretiens.jpg","datePublished":"2026-01-21T08:33:42+00:00","dateModified":"2026-01-21T08:29:00+00:00","breadcrumb":{"@id":"https:\/\/vosgesinfo.fr\/saintdieinfo\/2026\/01\/semaine-de-priere-pour-lunite-des-chretiens-trois-celebrations-oecumeniques-a-saint-die-des-vosges\/#breadcrumb"},"inLanguage":"fr-FR","potentialAction":[{"@type":"ReadAction","target":["https:\/\/vosgesinfo.fr\/saintdieinfo\/2026\/01\/semaine-de-priere-pour-lunite-des-chretiens-trois-celebrations-oecumeniques-a-saint-die-des-vosges\/"]}]},{"@type":"ImageObject","inLanguage":"fr-FR","@id":"https:\/\/vosgesinfo.fr\/saintdieinfo\/2026\/01\/semaine-de-priere-pour-lunite-des-chretiens-trois-celebrations-oecumeniques-a-saint-die-des-vosges\/#primaryimage","url":"https:\/\/vosgesinfo.fr\/app\/uploads\/sites\/4\/2026\/01\/semaine-priere-unite-chretiens.jpg","contentUrl":"https:\/\/vosgesinfo.fr\/app\/uploads\/sites\/4\/2026\/01\/semaine-priere-unite-chretiens.jpg","width":732,"height":1080},{"@type":"BreadcrumbList","@id":"https:\/\/vosgesinfo.fr\/saintdieinfo\/2026\/01\/semaine-de-priere-pour-lunite-des-chretiens-trois-celebrations-oecumeniques-a-saint-die-des-vosges\/#breadcrumb","itemListElement":[{"@type":"ListItem","position":1,"name":"Home","item":"https:\/\/vosgesinfo.fr\/saintdieinfo\/"},{"@type":"ListItem","position":2,"name":"Semaine de Pri\u00e8re pour l&rsquo;Unit\u00e9 des Chr\u00e9tiens : trois c\u00e9l\u00e9brations \u0153cum\u00e9niques \u00e0 Saint-Di\u00e9-des-Vosges"}]},{"@type":"WebSite","@id":"https:\/\/vosgesinfo.fr\/saintdieinfo\/#website","url":"https:\/\/vosgesinfo.fr\/saintdieinfo\/","name":"Saint Die Info","description":"Toute l&#039;actualit\u00e9 de Saint-Di\u00e9-Des-Vosges","publisher":{"@id":"https:\/\/vosgesinfo.fr\/saintdieinfo\/#organization"},"alternateName":"Toute l'actualit\u00e9 de Saint-Di\u00e9-Des-Vosges","potentialAction":[{"@type":"SearchAction","target":{"@type":"EntryPoint","urlTemplate":"https:\/\/vosgesinfo.fr\/saintdieinfo\/?s={search_term_string}"},"query-input":"required name=search_term_string"}],"inLanguage":"fr-FR"},{"@type":"Organization","@id":"https:\/\/vosgesinfo.fr\/saintdieinfo\/#organization","name":"Saint Die Info","url":"https:\/\/vosgesinfo.fr\/saintdieinfo\/","logo":{"@type":"ImageObject","inLanguage":"fr-FR","@id":"https:\/\/vosgesinfo.fr\/saintdieinfo\/#\/schema\/logo\/image\/","url":"https:\/\/vosgesinfo.fr\/app\/uploads\/sites\/4\/2024\/02\/logo-sdi.jpg","contentUrl":"https:\/\/vosgesinfo.fr\/app\/uploads\/sites\/4\/2024\/02\/logo-sdi.jpg","width":600,"height":600,"caption":"Saint Die Info"},"image":{"@id":"https:\/\/vosgesinfo.fr\/saintdieinfo\/#\/schema\/logo\/image\/"},"sameAs":["https:\/\/www.facebook.com\/Saintdieinfofr","https:\/\/x.com\/VosgesInfo88","https:\/\/www.youtube.com\/@vosgesinfo"]},{"@type":"Person","@id":"https:\/\/vosgesinfo.fr\/saintdieinfo\/#\/schema\/person\/fa73e9f726d67bb88f46d5b7943cb572","name":"J.J.","image":{"@type":"ImageObject","inLanguage":"fr-FR","@id":"https:\/\/vosgesinfo.fr\/saintdieinfo\/#\/schema\/person\/image\/","url":"https:\/\/secure.gravatar.com\/avatar\/219e749e47ffbcca018a360ae4add7d4cdf1cdaaf8bc7676b27efade3fe65615?s=96&d=mm&r=g","contentUrl":"https:\/\/secure.gravatar.com\/avatar\/219e749e47ffbcca018a360ae4add7d4cdf1cdaaf8bc7676b27efade3fe65615?s=96&d=mm&r=g","caption":"J.J."},"url":"https:\/\/vosgesinfo.fr\/saintdieinfo\/author\/j-j\/"}]}},"_links":{"self":[{"href":"https:\/\/vosgesinfo.fr\/saintdieinfo\/wp-json\/wp\/v2\/posts\/86981","targetHints":{"allow":["GET"]}}],"collection":[{"href":"https:\/\/vosgesinfo.fr\/saintdieinfo\/wp-json\/wp\/v2\/posts"}],"about":[{"href":"https:\/\/vosgesinfo.fr\/saintdieinfo\/wp-json\/wp\/v2\/types\/post"}],"author":[{"embeddable":true,"href":"https:\/\/vosgesinfo.fr\/saintdieinfo\/wp-json\/wp\/v2\/users\/46"}],"replies":[{"embeddable":true,"href":"https:\/\/vosgesinfo.fr\/saintdieinfo\/wp-json\/wp\/v2\/comments?post=86981"}],"version-history":[{"count":1,"href":"https:\/\/vosgesinfo.fr\/saintdieinfo\/wp-json\/wp\/v2\/posts\/86981\/revisions"}],"predecessor-version":[{"id":86983,"href":"https:\/\/vosgesinfo.fr\/saintdieinfo\/wp-json\/wp\/v2\/posts\/86981\/revisions\/86983"}],"wp:featuredmedia":[{"embeddable":true,"href":"https:\/\/vosgesinfo.fr\/saintdieinfo\/wp-json\/wp\/v2\/media\/86982"}],"wp:attachment":[{"href":"https:\/\/vosgesinfo.fr\/saintdieinfo\/wp-json\/wp\/v2\/media?parent=86981"}],"wp:term":[{"taxonomy":"category","embeddable":true,"href":"https:\/\/vosgesinfo.fr\/saintdieinfo\/wp-json\/wp\/v2\/categories?post=86981"},{"taxonomy":"post_tag","embeddable":true,"href":"https:\/\/vosgesinfo.fr\/saintdieinfo\/wp-json\/wp\/v2\/tags?post=86981"}],"curies":[{"name":"wp","href":"https:\/\/api.w.org\/{rel}","templated":true}]}}