{"id":86984,"date":"2026-01-21T09:53:36","date_gmt":"2026-01-21T08:53:36","guid":{"rendered":"https:\/\/vosgesinfo.fr\/saintdieinfo\/?p=86984"},"modified":"2026-01-21T09:43:39","modified_gmt":"2026-01-21T08:43:39","slug":"anould-43450-euros-pour-la-recherche-contre-la-maladie-de-parkinson","status":"publish","type":"post","link":"https:\/\/vosgesinfo.fr\/saintdieinfo\/2026\/01\/anould-43450-euros-pour-la-recherche-contre-la-maladie-de-parkinson\/","title":{"rendered":"Anould \u2013 434,50 euros pour la recherche contre la maladie de Parkinson"},"content":{"rendered":"<div id=\"attachment_86985\" style=\"width: 1034px\" class=\"wp-caption alignnone\"><a href=\"https:\/\/vosgesinfo.fr\/app\/uploads\/sites\/4\/2026\/01\/anould-remise-cheque-88-miles-heure.jpg\"><img decoding=\"async\" aria-describedby=\"caption-attachment-86985\" class=\"size-large wp-image-86985\" src=\"https:\/\/vosgesinfo.fr\/app\/uploads\/sites\/4\/2026\/01\/anould-remise-cheque-88-miles-heure-1024x768.jpg\" alt=\"\" width=\"1024\" height=\"768\" srcset=\"https:\/\/vosgesinfo.fr\/app\/uploads\/sites\/4\/2026\/01\/anould-remise-cheque-88-miles-heure-1024x768.jpg 1024w, https:\/\/vosgesinfo.fr\/app\/uploads\/sites\/4\/2026\/01\/anould-remise-cheque-88-miles-heure-300x225.jpg 300w, https:\/\/vosgesinfo.fr\/app\/uploads\/sites\/4\/2026\/01\/anould-remise-cheque-88-miles-heure-768x576.jpg 768w, https:\/\/vosgesinfo.fr\/app\/uploads\/sites\/4\/2026\/01\/anould-remise-cheque-88-miles-heure.jpg 1440w\" sizes=\"(max-width: 1024px) 100vw, 1024px\" \/><\/a><p id=\"caption-attachment-86985\" class=\"wp-caption-text\">(Photographie association 88 Miles \u00e0 l&rsquo;Heure)<\/p><\/div>\n<h2 data-start=\"250\" data-end=\"495\">En septembre dernier, l\u2019<strong data-start=\"274\" data-end=\"308\">association 88 Miles \u00e0 l\u2019Heure<\/strong> a particip\u00e9 \u00e0 un <a href=\"https:\/\/vosgesinfo.fr\/saintdieinfo\/2025\/09\/anould-remonte-le-temps-pour-les-40-ans-de-retour-vers-le-futur\/\" target=\"_blank\" rel=\"noopener\">week-end <strong data-start=\"335\" data-end=\"363\">\u00ab Retour vers le Futur \u00bb<\/strong> organis\u00e9 au <strong data-start=\"376\" data-end=\"401\">camping Les Deux Pins<\/strong><\/a>\u00a0\u00e0 <strong data-start=\"404\" data-end=\"414\">Anould<\/strong>, l\u2019occasion de rencontrer de nombreux passionn\u00e9s et le <strong data-start=\"470\" data-end=\"494\">maire Jacques Hestin<\/strong>.<\/h2>\n<p data-start=\"250\" data-end=\"495\"><!--more--><\/p>\n<h3 data-start=\"497\" data-end=\"538\"><strong>Une promesse au profit de la Team Fox<\/strong><\/h3>\n<p data-start=\"540\" data-end=\"778\">Au cours de ce week-end, <strong data-start=\"565\" data-end=\"583\">Jacques Hestin<\/strong> a manifest\u00e9 son int\u00e9r\u00eat pour la cause port\u00e9e par <strong data-start=\"633\" data-end=\"655\">88 Miles \u00e0 l\u2019Heure<\/strong> et s\u2019est engag\u00e9 \u00e0 reverser \u00e0 la <strong data-start=\"688\" data-end=\"700\">Team Fox<\/strong> l\u2019int\u00e9gralit\u00e9 des b\u00e9n\u00e9fices du <strong data-start=\"732\" data-end=\"750\">march\u00e9 de No\u00ebl<\/strong> de la <strong data-start=\"757\" data-end=\"777\">commune d\u2019Anould<\/strong>.<\/p>\n<h3 data-start=\"780\" data-end=\"809\"><strong>Un ch\u00e8que remis en mairie<\/strong><\/h3>\n<p data-start=\"811\" data-end=\"1043\"><strong data-start=\"811\" data-end=\"829\">Promesse tenue<\/strong>, puisqu\u2019au d\u00e9but de ce mois de janvier, le pr\u00e9sident de <strong data-start=\"886\" data-end=\"908\">88 Miles \u00e0 l\u2019Heure<\/strong> <strong data-start=\"909\" data-end=\"922\">Luk Moyen<\/strong> s\u2019est rendu en mairie d\u2019Anould pour recevoir des mains de Jacques Hestin un ch\u00e8que d\u2019un montant de <strong data-start=\"1026\" data-end=\"1042\">434,50 euros<\/strong>.<\/p>\n<h3 data-start=\"1045\" data-end=\"1075\"><strong>Un geste pour la recherche<\/strong><\/h3>\n<p data-start=\"1077\" data-end=\"1277\">L\u2019<strong data-start=\"1079\" data-end=\"1113\">association 88 Miles \u00e0 l\u2019Heure<\/strong> adresse ses remerciements \u00e0 la <strong data-start=\"1147\" data-end=\"1167\">commune d\u2019Anould<\/strong> et \u00e0 son <strong data-start=\"1177\" data-end=\"1186\">maire<\/strong> pour ce <strong data-start=\"1195\" data-end=\"1215\">geste de soutien<\/strong> en faveur de la <strong data-start=\"1232\" data-end=\"1276\">recherche contre la maladie de Parkinson<\/strong>.<\/p>\n","protected":false},"excerpt":{"rendered":"<p>En septembre dernier, l\u2019association 88 Miles \u00e0 l\u2019Heure a particip\u00e9 \u00e0 un week-end \u00ab Retour vers le Futur \u00bb organis\u00e9 [&hellip;]<\/p>\n","protected":false},"author":46,"featured_media":86985,"comment_status":"open","ping_status":"open","sticky":false,"template":"","format":"standard","meta":{"footnotes":""},"categories":[460,3903,29,17],"tags":[19862,3927,13906,19864,19865,2709,19863],"class_list":["post-86984","post","type-post","status-publish","format-standard","has-post-thumbnail","hentry","category-a-la-une","category-deodatie","category-solidarite","category-vie-associative","tag-88-miles-a-lheure","tag-anould","tag-jacques-hestin","tag-luk-moyen","tag-maladie-de-parkinson","tag-marche-de-noel","tag-team-fox"],"acf":[],"yoast_head":"<!-- This site is optimized with the Yoast SEO plugin v22.5 - https:\/\/yoast.com\/wordpress\/plugins\/seo\/ -->\n<title>Anould \u2013 434,50 euros pour la recherche contre la maladie de Parkinson - Saint Die Info<\/title>\n<meta name=\"robots\" content=\"index, follow, max-snippet:-1, max-image-preview:large, max-video-preview:-1\" \/>\n<link rel=\"canonical\" href=\"https:\/\/vosgesinfo.fr\/saintdieinfo\/2026\/01\/anould-43450-euros-pour-la-recherche-contre-la-maladie-de-parkinson\/\" \/>\n<meta name=\"twitter:card\" content=\"summary_large_image\" \/>\n<meta name=\"twitter:title\" content=\"Anould \u2013 434,50 euros pour la recherche contre la maladie de Parkinson - Saint Die Info\" \/>\n<meta name=\"twitter:description\" content=\"En septembre dernier, l\u2019association 88 Miles \u00e0 l\u2019Heure a particip\u00e9 \u00e0 un week-end \u00ab Retour vers le Futur \u00bb organis\u00e9 [&hellip;]\" \/>\n<meta name=\"twitter:image\" content=\"https:\/\/vosgesinfo.fr\/app\/uploads\/sites\/4\/2026\/01\/anould-remise-cheque-88-miles-heure.jpg\" \/>\n<meta name=\"twitter:creator\" content=\"@VosgesInfo88\" \/>\n<meta name=\"twitter:site\" content=\"@VosgesInfo88\" \/>\n<meta name=\"twitter:label1\" content=\"\u00c9crit par\" \/>\n\t<meta name=\"twitter:data1\" content=\"J.J.\" \/>\n\t<meta name=\"twitter:label2\" content=\"Dur\u00e9e de lecture estim\u00e9e\" \/>\n\t<meta name=\"twitter:data2\" content=\"1 minute\" \/>\n<script type=\"application\/ld+json\" class=\"yoast-schema-graph\">{\"@context\":\"https:\/\/schema.org\",\"@graph\":[{\"@type\":\"Article\",\"@id\":\"https:\/\/vosgesinfo.fr\/saintdieinfo\/2026\/01\/anould-43450-euros-pour-la-recherche-contre-la-maladie-de-parkinson\/#article\",\"isPartOf\":{\"@id\":\"https:\/\/vosgesinfo.fr\/saintdieinfo\/2026\/01\/anould-43450-euros-pour-la-recherche-contre-la-maladie-de-parkinson\/\"},\"author\":{\"name\":\"J.J.\",\"@id\":\"https:\/\/vosgesinfo.fr\/saintdieinfo\/#\/schema\/person\/fa73e9f726d67bb88f46d5b7943cb572\"},\"headline\":\"Anould \u2013 434,50 euros pour la recherche contre la maladie de Parkinson\",\"datePublished\":\"2026-01-21T08:53:36+00:00\",\"dateModified\":\"2026-01-21T08:43:39+00:00\",\"mainEntityOfPage\":{\"@id\":\"https:\/\/vosgesinfo.fr\/saintdieinfo\/2026\/01\/anould-43450-euros-pour-la-recherche-contre-la-maladie-de-parkinson\/\"},\"wordCount\":196,\"commentCount\":0,\"publisher\":{\"@id\":\"https:\/\/vosgesinfo.fr\/saintdieinfo\/#organization\"},\"image\":{\"@id\":\"https:\/\/vosgesinfo.fr\/saintdieinfo\/2026\/01\/anould-43450-euros-pour-la-recherche-contre-la-maladie-de-parkinson\/#primaryimage\"},\"thumbnailUrl\":\"https:\/\/vosgesinfo.fr\/app\/uploads\/sites\/4\/2026\/01\/anould-remise-cheque-88-miles-heure.jpg\",\"keywords\":[\"88 Miles \u00e0 l\u2019Heure\",\"Anould\",\"Jacques Hestin\",\"Luk Moyen\",\"maladie de Parkinson\",\"march\u00e9 de No\u00ebl\",\"Team Fox\"],\"articleSection\":[\"A la Une\",\"D\u00e9odatie\",\"Solidarit\u00e9\",\"Vie Associative\"],\"inLanguage\":\"fr-FR\",\"potentialAction\":[{\"@type\":\"CommentAction\",\"name\":\"Comment\",\"target\":[\"https:\/\/vosgesinfo.fr\/saintdieinfo\/2026\/01\/anould-43450-euros-pour-la-recherche-contre-la-maladie-de-parkinson\/#respond\"]}]},{\"@type\":\"WebPage\",\"@id\":\"https:\/\/vosgesinfo.fr\/saintdieinfo\/2026\/01\/anould-43450-euros-pour-la-recherche-contre-la-maladie-de-parkinson\/\",\"url\":\"https:\/\/vosgesinfo.fr\/saintdieinfo\/2026\/01\/anould-43450-euros-pour-la-recherche-contre-la-maladie-de-parkinson\/\",\"name\":\"Anould \u2013 434,50 euros pour la recherche contre la maladie de Parkinson - Saint Die Info\",\"isPartOf\":{\"@id\":\"https:\/\/vosgesinfo.fr\/saintdieinfo\/#website\"},\"primaryImageOfPage\":{\"@id\":\"https:\/\/vosgesinfo.fr\/saintdieinfo\/2026\/01\/anould-43450-euros-pour-la-recherche-contre-la-maladie-de-parkinson\/#primaryimage\"},\"image\":{\"@id\":\"https:\/\/vosgesinfo.fr\/saintdieinfo\/2026\/01\/anould-43450-euros-pour-la-recherche-contre-la-maladie-de-parkinson\/#primaryimage\"},\"thumbnailUrl\":\"https:\/\/vosgesinfo.fr\/app\/uploads\/sites\/4\/2026\/01\/anould-remise-cheque-88-miles-heure.jpg\",\"datePublished\":\"2026-01-21T08:53:36+00:00\",\"dateModified\":\"2026-01-21T08:43:39+00:00\",\"breadcrumb\":{\"@id\":\"https:\/\/vosgesinfo.fr\/saintdieinfo\/2026\/01\/anould-43450-euros-pour-la-recherche-contre-la-maladie-de-parkinson\/#breadcrumb\"},\"inLanguage\":\"fr-FR\",\"potentialAction\":[{\"@type\":\"ReadAction\",\"target\":[\"https:\/\/vosgesinfo.fr\/saintdieinfo\/2026\/01\/anould-43450-euros-pour-la-recherche-contre-la-maladie-de-parkinson\/\"]}]},{\"@type\":\"ImageObject\",\"inLanguage\":\"fr-FR\",\"@id\":\"https:\/\/vosgesinfo.fr\/saintdieinfo\/2026\/01\/anould-43450-euros-pour-la-recherche-contre-la-maladie-de-parkinson\/#primaryimage\",\"url\":\"https:\/\/vosgesinfo.fr\/app\/uploads\/sites\/4\/2026\/01\/anould-remise-cheque-88-miles-heure.jpg\",\"contentUrl\":\"https:\/\/vosgesinfo.fr\/app\/uploads\/sites\/4\/2026\/01\/anould-remise-cheque-88-miles-heure.jpg\",\"width\":1440,\"height\":1080,\"caption\":\"(Photographie association 88 Miles \u00e0 l'Heure)\"},{\"@type\":\"BreadcrumbList\",\"@id\":\"https:\/\/vosgesinfo.fr\/saintdieinfo\/2026\/01\/anould-43450-euros-pour-la-recherche-contre-la-maladie-de-parkinson\/#breadcrumb\",\"itemListElement\":[{\"@type\":\"ListItem\",\"position\":1,\"name\":\"Home\",\"item\":\"https:\/\/vosgesinfo.fr\/saintdieinfo\/\"},{\"@type\":\"ListItem\",\"position\":2,\"name\":\"Anould \u2013 434,50 euros pour la recherche contre la maladie de Parkinson\"}]},{\"@type\":\"WebSite\",\"@id\":\"https:\/\/vosgesinfo.fr\/saintdieinfo\/#website\",\"url\":\"https:\/\/vosgesinfo.fr\/saintdieinfo\/\",\"name\":\"Saint Die Info\",\"description\":\"Toute l&#039;actualit\u00e9 de Saint-Di\u00e9-Des-Vosges\",\"publisher\":{\"@id\":\"https:\/\/vosgesinfo.fr\/saintdieinfo\/#organization\"},\"alternateName\":\"Toute l'actualit\u00e9 de Saint-Di\u00e9-Des-Vosges\",\"potentialAction\":[{\"@type\":\"SearchAction\",\"target\":{\"@type\":\"EntryPoint\",\"urlTemplate\":\"https:\/\/vosgesinfo.fr\/saintdieinfo\/?s={search_term_string}\"},\"query-input\":\"required name=search_term_string\"}],\"inLanguage\":\"fr-FR\"},{\"@type\":\"Organization\",\"@id\":\"https:\/\/vosgesinfo.fr\/saintdieinfo\/#organization\",\"name\":\"Saint Die Info\",\"url\":\"https:\/\/vosgesinfo.fr\/saintdieinfo\/\",\"logo\":{\"@type\":\"ImageObject\",\"inLanguage\":\"fr-FR\",\"@id\":\"https:\/\/vosgesinfo.fr\/saintdieinfo\/#\/schema\/logo\/image\/\",\"url\":\"https:\/\/vosgesinfo.fr\/app\/uploads\/sites\/4\/2024\/02\/logo-sdi.jpg\",\"contentUrl\":\"https:\/\/vosgesinfo.fr\/app\/uploads\/sites\/4\/2024\/02\/logo-sdi.jpg\",\"width\":600,\"height\":600,\"caption\":\"Saint Die Info\"},\"image\":{\"@id\":\"https:\/\/vosgesinfo.fr\/saintdieinfo\/#\/schema\/logo\/image\/\"},\"sameAs\":[\"https:\/\/www.facebook.com\/Saintdieinfofr\",\"https:\/\/x.com\/VosgesInfo88\",\"https:\/\/www.youtube.com\/@vosgesinfo\"]},{\"@type\":\"Person\",\"@id\":\"https:\/\/vosgesinfo.fr\/saintdieinfo\/#\/schema\/person\/fa73e9f726d67bb88f46d5b7943cb572\",\"name\":\"J.J.\",\"image\":{\"@type\":\"ImageObject\",\"inLanguage\":\"fr-FR\",\"@id\":\"https:\/\/vosgesinfo.fr\/saintdieinfo\/#\/schema\/person\/image\/\",\"url\":\"https:\/\/secure.gravatar.com\/avatar\/219e749e47ffbcca018a360ae4add7d4cdf1cdaaf8bc7676b27efade3fe65615?s=96&d=mm&r=g\",\"contentUrl\":\"https:\/\/secure.gravatar.com\/avatar\/219e749e47ffbcca018a360ae4add7d4cdf1cdaaf8bc7676b27efade3fe65615?s=96&d=mm&r=g\",\"caption\":\"J.J.\"},\"url\":\"https:\/\/vosgesinfo.fr\/saintdieinfo\/author\/j-j\/\"}]}<\/script>\n<!-- \/ Yoast SEO plugin. -->","yoast_head_json":{"title":"Anould \u2013 434,50 euros pour la recherche contre la maladie de Parkinson - Saint Die Info","robots":{"index":"index","follow":"follow","max-snippet":"max-snippet:-1","max-image-preview":"max-image-preview:large","max-video-preview":"max-video-preview:-1"},"canonical":"https:\/\/vosgesinfo.fr\/saintdieinfo\/2026\/01\/anould-43450-euros-pour-la-recherche-contre-la-maladie-de-parkinson\/","twitter_card":"summary_large_image","twitter_title":"Anould \u2013 434,50 euros pour la recherche contre la maladie de Parkinson - Saint Die Info","twitter_description":"En septembre dernier, l\u2019association 88 Miles \u00e0 l\u2019Heure a particip\u00e9 \u00e0 un week-end \u00ab Retour vers le Futur \u00bb organis\u00e9 [&hellip;]","twitter_image":"https:\/\/vosgesinfo.fr\/app\/uploads\/sites\/4\/2026\/01\/anould-remise-cheque-88-miles-heure.jpg","twitter_creator":"@VosgesInfo88","twitter_site":"@VosgesInfo88","twitter_misc":{"\u00c9crit par":"J.J.","Dur\u00e9e de lecture estim\u00e9e":"1 minute"},"schema":{"@context":"https:\/\/schema.org","@graph":[{"@type":"Article","@id":"https:\/\/vosgesinfo.fr\/saintdieinfo\/2026\/01\/anould-43450-euros-pour-la-recherche-contre-la-maladie-de-parkinson\/#article","isPartOf":{"@id":"https:\/\/vosgesinfo.fr\/saintdieinfo\/2026\/01\/anould-43450-euros-pour-la-recherche-contre-la-maladie-de-parkinson\/"},"author":{"name":"J.J.","@id":"https:\/\/vosgesinfo.fr\/saintdieinfo\/#\/schema\/person\/fa73e9f726d67bb88f46d5b7943cb572"},"headline":"Anould \u2013 434,50 euros pour la recherche contre la maladie de Parkinson","datePublished":"2026-01-21T08:53:36+00:00","dateModified":"2026-01-21T08:43:39+00:00","mainEntityOfPage":{"@id":"https:\/\/vosgesinfo.fr\/saintdieinfo\/2026\/01\/anould-43450-euros-pour-la-recherche-contre-la-maladie-de-parkinson\/"},"wordCount":196,"commentCount":0,"publisher":{"@id":"https:\/\/vosgesinfo.fr\/saintdieinfo\/#organization"},"image":{"@id":"https:\/\/vosgesinfo.fr\/saintdieinfo\/2026\/01\/anould-43450-euros-pour-la-recherche-contre-la-maladie-de-parkinson\/#primaryimage"},"thumbnailUrl":"https:\/\/vosgesinfo.fr\/app\/uploads\/sites\/4\/2026\/01\/anould-remise-cheque-88-miles-heure.jpg","keywords":["88 Miles \u00e0 l\u2019Heure","Anould","Jacques Hestin","Luk Moyen","maladie de Parkinson","march\u00e9 de No\u00ebl","Team Fox"],"articleSection":["A la Une","D\u00e9odatie","Solidarit\u00e9","Vie Associative"],"inLanguage":"fr-FR","potentialAction":[{"@type":"CommentAction","name":"Comment","target":["https:\/\/vosgesinfo.fr\/saintdieinfo\/2026\/01\/anould-43450-euros-pour-la-recherche-contre-la-maladie-de-parkinson\/#respond"]}]},{"@type":"WebPage","@id":"https:\/\/vosgesinfo.fr\/saintdieinfo\/2026\/01\/anould-43450-euros-pour-la-recherche-contre-la-maladie-de-parkinson\/","url":"https:\/\/vosgesinfo.fr\/saintdieinfo\/2026\/01\/anould-43450-euros-pour-la-recherche-contre-la-maladie-de-parkinson\/","name":"Anould \u2013 434,50 euros pour la recherche contre la maladie de Parkinson - Saint Die Info","isPartOf":{"@id":"https:\/\/vosgesinfo.fr\/saintdieinfo\/#website"},"primaryImageOfPage":{"@id":"https:\/\/vosgesinfo.fr\/saintdieinfo\/2026\/01\/anould-43450-euros-pour-la-recherche-contre-la-maladie-de-parkinson\/#primaryimage"},"image":{"@id":"https:\/\/vosgesinfo.fr\/saintdieinfo\/2026\/01\/anould-43450-euros-pour-la-recherche-contre-la-maladie-de-parkinson\/#primaryimage"},"thumbnailUrl":"https:\/\/vosgesinfo.fr\/app\/uploads\/sites\/4\/2026\/01\/anould-remise-cheque-88-miles-heure.jpg","datePublished":"2026-01-21T08:53:36+00:00","dateModified":"2026-01-21T08:43:39+00:00","breadcrumb":{"@id":"https:\/\/vosgesinfo.fr\/saintdieinfo\/2026\/01\/anould-43450-euros-pour-la-recherche-contre-la-maladie-de-parkinson\/#breadcrumb"},"inLanguage":"fr-FR","potentialAction":[{"@type":"ReadAction","target":["https:\/\/vosgesinfo.fr\/saintdieinfo\/2026\/01\/anould-43450-euros-pour-la-recherche-contre-la-maladie-de-parkinson\/"]}]},{"@type":"ImageObject","inLanguage":"fr-FR","@id":"https:\/\/vosgesinfo.fr\/saintdieinfo\/2026\/01\/anould-43450-euros-pour-la-recherche-contre-la-maladie-de-parkinson\/#primaryimage","url":"https:\/\/vosgesinfo.fr\/app\/uploads\/sites\/4\/2026\/01\/anould-remise-cheque-88-miles-heure.jpg","contentUrl":"https:\/\/vosgesinfo.fr\/app\/uploads\/sites\/4\/2026\/01\/anould-remise-cheque-88-miles-heure.jpg","width":1440,"height":1080,"caption":"(Photographie association 88 Miles \u00e0 l'Heure)"},{"@type":"BreadcrumbList","@id":"https:\/\/vosgesinfo.fr\/saintdieinfo\/2026\/01\/anould-43450-euros-pour-la-recherche-contre-la-maladie-de-parkinson\/#breadcrumb","itemListElement":[{"@type":"ListItem","position":1,"name":"Home","item":"https:\/\/vosgesinfo.fr\/saintdieinfo\/"},{"@type":"ListItem","position":2,"name":"Anould \u2013 434,50 euros pour la recherche contre la maladie de Parkinson"}]},{"@type":"WebSite","@id":"https:\/\/vosgesinfo.fr\/saintdieinfo\/#website","url":"https:\/\/vosgesinfo.fr\/saintdieinfo\/","name":"Saint Die Info","description":"Toute l&#039;actualit\u00e9 de Saint-Di\u00e9-Des-Vosges","publisher":{"@id":"https:\/\/vosgesinfo.fr\/saintdieinfo\/#organization"},"alternateName":"Toute l'actualit\u00e9 de Saint-Di\u00e9-Des-Vosges","potentialAction":[{"@type":"SearchAction","target":{"@type":"EntryPoint","urlTemplate":"https:\/\/vosgesinfo.fr\/saintdieinfo\/?s={search_term_string}"},"query-input":"required name=search_term_string"}],"inLanguage":"fr-FR"},{"@type":"Organization","@id":"https:\/\/vosgesinfo.fr\/saintdieinfo\/#organization","name":"Saint Die Info","url":"https:\/\/vosgesinfo.fr\/saintdieinfo\/","logo":{"@type":"ImageObject","inLanguage":"fr-FR","@id":"https:\/\/vosgesinfo.fr\/saintdieinfo\/#\/schema\/logo\/image\/","url":"https:\/\/vosgesinfo.fr\/app\/uploads\/sites\/4\/2024\/02\/logo-sdi.jpg","contentUrl":"https:\/\/vosgesinfo.fr\/app\/uploads\/sites\/4\/2024\/02\/logo-sdi.jpg","width":600,"height":600,"caption":"Saint Die Info"},"image":{"@id":"https:\/\/vosgesinfo.fr\/saintdieinfo\/#\/schema\/logo\/image\/"},"sameAs":["https:\/\/www.facebook.com\/Saintdieinfofr","https:\/\/x.com\/VosgesInfo88","https:\/\/www.youtube.com\/@vosgesinfo"]},{"@type":"Person","@id":"https:\/\/vosgesinfo.fr\/saintdieinfo\/#\/schema\/person\/fa73e9f726d67bb88f46d5b7943cb572","name":"J.J.","image":{"@type":"ImageObject","inLanguage":"fr-FR","@id":"https:\/\/vosgesinfo.fr\/saintdieinfo\/#\/schema\/person\/image\/","url":"https:\/\/secure.gravatar.com\/avatar\/219e749e47ffbcca018a360ae4add7d4cdf1cdaaf8bc7676b27efade3fe65615?s=96&d=mm&r=g","contentUrl":"https:\/\/secure.gravatar.com\/avatar\/219e749e47ffbcca018a360ae4add7d4cdf1cdaaf8bc7676b27efade3fe65615?s=96&d=mm&r=g","caption":"J.J."},"url":"https:\/\/vosgesinfo.fr\/saintdieinfo\/author\/j-j\/"}]}},"_links":{"self":[{"href":"https:\/\/vosgesinfo.fr\/saintdieinfo\/wp-json\/wp\/v2\/posts\/86984","targetHints":{"allow":["GET"]}}],"collection":[{"href":"https:\/\/vosgesinfo.fr\/saintdieinfo\/wp-json\/wp\/v2\/posts"}],"about":[{"href":"https:\/\/vosgesinfo.fr\/saintdieinfo\/wp-json\/wp\/v2\/types\/post"}],"author":[{"embeddable":true,"href":"https:\/\/vosgesinfo.fr\/saintdieinfo\/wp-json\/wp\/v2\/users\/46"}],"replies":[{"embeddable":true,"href":"https:\/\/vosgesinfo.fr\/saintdieinfo\/wp-json\/wp\/v2\/comments?post=86984"}],"version-history":[{"count":1,"href":"https:\/\/vosgesinfo.fr\/saintdieinfo\/wp-json\/wp\/v2\/posts\/86984\/revisions"}],"predecessor-version":[{"id":86986,"href":"https:\/\/vosgesinfo.fr\/saintdieinfo\/wp-json\/wp\/v2\/posts\/86984\/revisions\/86986"}],"wp:featuredmedia":[{"embeddable":true,"href":"https:\/\/vosgesinfo.fr\/saintdieinfo\/wp-json\/wp\/v2\/media\/86985"}],"wp:attachment":[{"href":"https:\/\/vosgesinfo.fr\/saintdieinfo\/wp-json\/wp\/v2\/media?parent=86984"}],"wp:term":[{"taxonomy":"category","embeddable":true,"href":"https:\/\/vosgesinfo.fr\/saintdieinfo\/wp-json\/wp\/v2\/categories?post=86984"},{"taxonomy":"post_tag","embeddable":true,"href":"https:\/\/vosgesinfo.fr\/saintdieinfo\/wp-json\/wp\/v2\/tags?post=86984"}],"curies":[{"name":"wp","href":"https:\/\/api.w.org\/{rel}","templated":true}]}}