{"id":86996,"date":"2026-01-21T11:32:19","date_gmt":"2026-01-21T10:32:19","guid":{"rendered":"https:\/\/vosgesinfo.fr\/saintdieinfo\/?p=86996"},"modified":"2026-01-21T11:20:18","modified_gmt":"2026-01-21T10:20:18","slug":"agression-sexuelle-presumee-au-centre-hospitalier-de-saint-die-des-vosges-la-direction-sexprime","status":"publish","type":"post","link":"https:\/\/vosgesinfo.fr\/saintdieinfo\/2026\/01\/agression-sexuelle-presumee-au-centre-hospitalier-de-saint-die-des-vosges-la-direction-sexprime\/","title":{"rendered":"Agression sexuelle pr\u00e9sum\u00e9e au Centre Hospitalier de Saint-Di\u00e9-des-Vosges : la Direction s&rsquo;exprime"},"content":{"rendered":"<div id=\"attachment_62694\" style=\"width: 1034px\" class=\"wp-caption alignnone\"><a href=\"https:\/\/vosgesinfo.fr\/app\/uploads\/sites\/4\/2024\/08\/201710centre-hospitalier-saint-charles-31.jpg\"><img decoding=\"async\" aria-describedby=\"caption-attachment-62694\" class=\"size-large wp-image-62694\" src=\"https:\/\/vosgesinfo.fr\/app\/uploads\/sites\/4\/2024\/08\/201710centre-hospitalier-saint-charles-31-1024x486.jpg\" alt=\"\" width=\"1024\" height=\"486\" srcset=\"https:\/\/vosgesinfo.fr\/app\/uploads\/sites\/4\/2024\/08\/201710centre-hospitalier-saint-charles-31-1024x486.jpg 1024w, https:\/\/vosgesinfo.fr\/app\/uploads\/sites\/4\/2024\/08\/201710centre-hospitalier-saint-charles-31-300x143.jpg 300w, https:\/\/vosgesinfo.fr\/app\/uploads\/sites\/4\/2024\/08\/201710centre-hospitalier-saint-charles-31-768x365.jpg 768w, https:\/\/vosgesinfo.fr\/app\/uploads\/sites\/4\/2024\/08\/201710centre-hospitalier-saint-charles-31-1536x730.jpg 1536w, https:\/\/vosgesinfo.fr\/app\/uploads\/sites\/4\/2024\/08\/201710centre-hospitalier-saint-charles-31-2048x973.jpg 2048w\" sizes=\"(max-width: 1024px) 100vw, 1024px\" \/><\/a><p id=\"caption-attachment-62694\" class=\"wp-caption-text\">(Capture d&rsquo;\u00e9cran Google Maps)<\/p><\/div>\n<h2 data-start=\"374\" data-end=\"721\">Dans un communiqu\u00e9, la <strong data-start=\"429\" data-end=\"451\">Direction G\u00e9n\u00e9rale<\/strong> du <strong data-start=\"455\" data-end=\"529\">Centre Hospitalier Intercommunal H\u00f4pitaux du Massif des Vosges \u2013 CHI HMV \u2013<\/strong> s&rsquo;exprime suite \u00e0 l&rsquo;<strong data-start=\"546\" data-end=\"577\">agression sexuelle pr\u00e9sum\u00e9e<\/strong> survenue dans un <strong data-start=\"595\" data-end=\"642\">service de soins du Centre Hospitalier de Saint-Di\u00e9-des-Vosges<\/strong>, le 28 d\u00e9cembre, et d\u00e9taille les mesures prises depuis le signalement des faits.<\/h2>\n<p data-start=\"374\" data-end=\"721\"><!--more--><\/p>\n<h3 data-start=\"723\" data-end=\"760\"><strong>Les faits signal\u00e9s le 28 d\u00e9cembre<\/strong><\/h3>\n<p data-start=\"762\" data-end=\"952\">Le <strong data-start=\"765\" data-end=\"780\">28 d\u00e9cembre<\/strong>, la Direction a \u00e9t\u00e9 saisie en fin d\u2019apr\u00e8s-midi par son <strong data-start=\"836\" data-end=\"858\">directeur de garde<\/strong>, alert\u00e9 vers <strong data-start=\"872\" data-end=\"883\">16 h 30<\/strong> par l\u2019<strong data-start=\"890\" data-end=\"918\">encadrement de proximit\u00e9<\/strong> du <strong data-start=\"922\" data-end=\"951\">service de soins concern\u00e9<\/strong>.<\/p>\n<p data-start=\"1016\" data-end=\"1310\">Dans la foul\u00e9e, le service a fait l\u2019objet d\u2019une <strong data-start=\"1064\" data-end=\"1099\">surveillance continue et accrue<\/strong> du <strong data-start=\"1103\" data-end=\"1132\">patient pr\u00e9sum\u00e9 agresseur<\/strong> ainsi que de l\u2019ensemble des <strong data-start=\"1161\" data-end=\"1186\">patients hospitalis\u00e9s<\/strong>, tandis que la <strong data-start=\"1202\" data-end=\"1232\">patiente pr\u00e9sum\u00e9e agress\u00e9e<\/strong> b\u00e9n\u00e9ficiait d\u2019examens imm\u00e9diats sur les plans <strong data-start=\"1279\" data-end=\"1309\">somatique et psychologique<\/strong>.<\/p>\n<h3 data-start=\"1312\" data-end=\"1351\"><strong>Soutien aux \u00e9quipes et \u00e0 la famille<\/strong><\/h3>\n<p data-start=\"1353\" data-end=\"1631\">Des recommandations de conduites \u00e0 tenir ont \u00e9t\u00e9 adress\u00e9es aux <strong data-start=\"1416\" data-end=\"1438\">\u00e9quipes soignantes<\/strong>, avec la possibilit\u00e9 d\u2019un <strong data-start=\"1465\" data-end=\"1490\">soutien psychologique<\/strong>, tandis qu\u2019un <strong data-start=\"1505\" data-end=\"1518\">entretien<\/strong> \u00e9tait men\u00e9 entre la <strong data-start=\"1539\" data-end=\"1559\">cadre du service<\/strong> et la <strong data-start=\"1566\" data-end=\"1577\">famille<\/strong> de la patiente en vue d\u2019un \u00e9ventuel d\u00e9p\u00f4t de plainte.<\/p>\n<h3 data-start=\"1633\" data-end=\"1685\"><strong>Signalement aux autorit\u00e9s<\/strong><\/h3>\n<p data-start=\"1687\" data-end=\"2080\">Sur le plan r\u00e9glementaire, l\u2019\u00e9v\u00e9nement a \u00e9t\u00e9 signal\u00e9 au <strong data-start=\"1743\" data-end=\"1777\">point focal de l\u2019ARS Grand Est<\/strong>, d\u00e9clar\u00e9 comme <strong data-start=\"1793\" data-end=\"1832\">\u00c9v\u00e9nement Ind\u00e9sirable Grave \u2013 EIG \u2013<\/strong> conform\u00e9ment \u00e0 la proc\u00e9dure, puis transmis au <strong data-start=\"1879\" data-end=\"1909\">Procureur de la R\u00e9publique<\/strong>. La Direction a \u00e9galement d\u00e9cid\u00e9 de r\u00e9unir un <strong data-start=\"1956\" data-end=\"1998\">Comit\u00e9 de Retour d\u2019Exp\u00e9rience \u2013 CREX \u2013<\/strong> afin d\u2019<strong data-start=\"2006\" data-end=\"2032\">analyser en profondeur<\/strong> les circonstances de cet \u00e9v\u00e9nement ind\u00e9sirable.<\/p>\n<h3 data-start=\"2082\" data-end=\"2117\"><strong>Une enqu\u00eate judiciaire en cours<\/strong><\/h3>\n<p data-start=\"2119\" data-end=\"2334\">Une <strong data-start=\"2123\" data-end=\"2145\">enqu\u00eate judiciaire<\/strong> est actuellement en cours et l\u2019<strong data-start=\"2177\" data-end=\"2194\">\u00e9tablissement<\/strong> apporte son enti\u00e8re <strong data-start=\"2215\" data-end=\"2244\">coop\u00e9ration aux autorit\u00e9s<\/strong> afin que les faits puissent \u00eatre <strong data-start=\"2278\" data-end=\"2304\">\u00e9tablis avec pr\u00e9cision<\/strong> dans le <strong data-start=\"2313\" data-end=\"2331\">cadre du droit<\/strong>.<\/p>\n<p data-start=\"2336\" data-end=\"2545\">La <strong data-start=\"2339\" data-end=\"2352\">Direction<\/strong> exprime son <strong data-start=\"2365\" data-end=\"2382\">soutien total<\/strong> \u00e0 la <strong data-start=\"2388\" data-end=\"2410\">patiente concern\u00e9e<\/strong> et \u00e0 sa <strong data-start=\"2419\" data-end=\"2430\">famille<\/strong>, et rappelle qu\u2019aucun commentaire ne sera apport\u00e9 \u00e0 ce stade pour ne pas entraver le travail des <strong data-start=\"2528\" data-end=\"2542\">enqu\u00eateurs<\/strong>.<\/p>\n<p data-start=\"2547\" data-end=\"2777\">Le <strong data-start=\"2550\" data-end=\"2624\">CHI HMV <\/strong>souligne enfin que la <strong data-start=\"2647\" data-end=\"2659\">s\u00e9curit\u00e9<\/strong>, la <strong data-start=\"2664\" data-end=\"2678\">protection<\/strong> et le <strong data-start=\"2685\" data-end=\"2696\">respect<\/strong> de toutes les personnes prises en charge constituent l\u2019une de ses <strong data-start=\"2763\" data-end=\"2776\">priorit\u00e9s<\/strong>.<\/p>\n","protected":false},"excerpt":{"rendered":"<p>Dans un communiqu\u00e9, la Direction G\u00e9n\u00e9rale du Centre Hospitalier Intercommunal H\u00f4pitaux du Massif des Vosges \u2013 CHI HMV \u2013 s&rsquo;exprime [&hellip;]<\/p>\n","protected":false},"author":46,"featured_media":62694,"comment_status":"open","ping_status":"open","sticky":false,"template":"","format":"standard","meta":{"footnotes":""},"categories":[460,25,167,4152],"tags":[19869,19867,19871,19870,3666,19868,3146],"class_list":["post-86996","post","type-post","status-publish","format-standard","has-post-thumbnail","hentry","category-a-la-une","category-justice","category-saint-die-des-vosges","category-sante","tag-agression-sexuelle-presumee","tag-centre-hospitalier-intercommunal","tag-crex","tag-enquete-judiciaire","tag-hmv","tag-hopital-saint-charles","tag-hopitaux-du-massif-des-vosges"],"acf":[],"yoast_head":"<!-- This site is optimized with the Yoast SEO plugin v22.5 - https:\/\/yoast.com\/wordpress\/plugins\/seo\/ -->\n<title>Agression sexuelle pr\u00e9sum\u00e9e au Centre Hospitalier de Saint-Di\u00e9-des-Vosges : la Direction s&#039;exprime - Saint Die Info<\/title>\n<meta name=\"robots\" content=\"index, follow, max-snippet:-1, max-image-preview:large, max-video-preview:-1\" \/>\n<link rel=\"canonical\" href=\"https:\/\/vosgesinfo.fr\/saintdieinfo\/2026\/01\/agression-sexuelle-presumee-au-centre-hospitalier-de-saint-die-des-vosges-la-direction-sexprime\/\" \/>\n<meta name=\"twitter:card\" content=\"summary_large_image\" \/>\n<meta name=\"twitter:title\" content=\"Agression sexuelle pr\u00e9sum\u00e9e au Centre Hospitalier de Saint-Di\u00e9-des-Vosges : la Direction s&#039;exprime - Saint Die Info\" \/>\n<meta name=\"twitter:description\" content=\"Dans un communiqu\u00e9, la Direction G\u00e9n\u00e9rale du Centre Hospitalier Intercommunal H\u00f4pitaux du Massif des Vosges \u2013 CHI HMV \u2013 s&rsquo;exprime [&hellip;]\" \/>\n<meta name=\"twitter:image\" content=\"https:\/\/vosgesinfo.fr\/app\/uploads\/sites\/4\/2024\/08\/201710centre-hospitalier-saint-charles-31.jpg\" \/>\n<meta name=\"twitter:creator\" content=\"@VosgesInfo88\" \/>\n<meta name=\"twitter:site\" content=\"@VosgesInfo88\" \/>\n<meta name=\"twitter:label1\" content=\"\u00c9crit par\" \/>\n\t<meta name=\"twitter:data1\" content=\"J.J.\" \/>\n\t<meta name=\"twitter:label2\" content=\"Dur\u00e9e de lecture estim\u00e9e\" \/>\n\t<meta name=\"twitter:data2\" content=\"2 minutes\" \/>\n<script type=\"application\/ld+json\" class=\"yoast-schema-graph\">{\"@context\":\"https:\/\/schema.org\",\"@graph\":[{\"@type\":\"Article\",\"@id\":\"https:\/\/vosgesinfo.fr\/saintdieinfo\/2026\/01\/agression-sexuelle-presumee-au-centre-hospitalier-de-saint-die-des-vosges-la-direction-sexprime\/#article\",\"isPartOf\":{\"@id\":\"https:\/\/vosgesinfo.fr\/saintdieinfo\/2026\/01\/agression-sexuelle-presumee-au-centre-hospitalier-de-saint-die-des-vosges-la-direction-sexprime\/\"},\"author\":{\"name\":\"J.J.\",\"@id\":\"https:\/\/vosgesinfo.fr\/saintdieinfo\/#\/schema\/person\/fa73e9f726d67bb88f46d5b7943cb572\"},\"headline\":\"Agression sexuelle pr\u00e9sum\u00e9e au Centre Hospitalier de Saint-Di\u00e9-des-Vosges : la Direction s&rsquo;exprime\",\"datePublished\":\"2026-01-21T10:32:19+00:00\",\"dateModified\":\"2026-01-21T10:20:18+00:00\",\"mainEntityOfPage\":{\"@id\":\"https:\/\/vosgesinfo.fr\/saintdieinfo\/2026\/01\/agression-sexuelle-presumee-au-centre-hospitalier-de-saint-die-des-vosges-la-direction-sexprime\/\"},\"wordCount\":400,\"commentCount\":4,\"publisher\":{\"@id\":\"https:\/\/vosgesinfo.fr\/saintdieinfo\/#organization\"},\"image\":{\"@id\":\"https:\/\/vosgesinfo.fr\/saintdieinfo\/2026\/01\/agression-sexuelle-presumee-au-centre-hospitalier-de-saint-die-des-vosges-la-direction-sexprime\/#primaryimage\"},\"thumbnailUrl\":\"https:\/\/vosgesinfo.fr\/app\/uploads\/sites\/4\/2024\/08\/201710centre-hospitalier-saint-charles-31.jpg\",\"keywords\":[\"agression sexuelle pr\u00e9sum\u00e9e\",\"Centre Hospitalier Intercommunal\",\"CREX\",\"enqu\u00eate judiciaire\",\"HMV\",\"h\u00f4pital Saint-Charles\",\"H\u00f4pitaux du Massif des Vosges\"],\"articleSection\":[\"A la Une\",\"Justice\",\"Saint-Di\u00e9-des-Vosges\",\"Sant\u00e9\"],\"inLanguage\":\"fr-FR\",\"potentialAction\":[{\"@type\":\"CommentAction\",\"name\":\"Comment\",\"target\":[\"https:\/\/vosgesinfo.fr\/saintdieinfo\/2026\/01\/agression-sexuelle-presumee-au-centre-hospitalier-de-saint-die-des-vosges-la-direction-sexprime\/#respond\"]}]},{\"@type\":\"WebPage\",\"@id\":\"https:\/\/vosgesinfo.fr\/saintdieinfo\/2026\/01\/agression-sexuelle-presumee-au-centre-hospitalier-de-saint-die-des-vosges-la-direction-sexprime\/\",\"url\":\"https:\/\/vosgesinfo.fr\/saintdieinfo\/2026\/01\/agression-sexuelle-presumee-au-centre-hospitalier-de-saint-die-des-vosges-la-direction-sexprime\/\",\"name\":\"Agression sexuelle pr\u00e9sum\u00e9e au Centre Hospitalier de Saint-Di\u00e9-des-Vosges : la Direction s'exprime - Saint Die Info\",\"isPartOf\":{\"@id\":\"https:\/\/vosgesinfo.fr\/saintdieinfo\/#website\"},\"primaryImageOfPage\":{\"@id\":\"https:\/\/vosgesinfo.fr\/saintdieinfo\/2026\/01\/agression-sexuelle-presumee-au-centre-hospitalier-de-saint-die-des-vosges-la-direction-sexprime\/#primaryimage\"},\"image\":{\"@id\":\"https:\/\/vosgesinfo.fr\/saintdieinfo\/2026\/01\/agression-sexuelle-presumee-au-centre-hospitalier-de-saint-die-des-vosges-la-direction-sexprime\/#primaryimage\"},\"thumbnailUrl\":\"https:\/\/vosgesinfo.fr\/app\/uploads\/sites\/4\/2024\/08\/201710centre-hospitalier-saint-charles-31.jpg\",\"datePublished\":\"2026-01-21T10:32:19+00:00\",\"dateModified\":\"2026-01-21T10:20:18+00:00\",\"breadcrumb\":{\"@id\":\"https:\/\/vosgesinfo.fr\/saintdieinfo\/2026\/01\/agression-sexuelle-presumee-au-centre-hospitalier-de-saint-die-des-vosges-la-direction-sexprime\/#breadcrumb\"},\"inLanguage\":\"fr-FR\",\"potentialAction\":[{\"@type\":\"ReadAction\",\"target\":[\"https:\/\/vosgesinfo.fr\/saintdieinfo\/2026\/01\/agression-sexuelle-presumee-au-centre-hospitalier-de-saint-die-des-vosges-la-direction-sexprime\/\"]}]},{\"@type\":\"ImageObject\",\"inLanguage\":\"fr-FR\",\"@id\":\"https:\/\/vosgesinfo.fr\/saintdieinfo\/2026\/01\/agression-sexuelle-presumee-au-centre-hospitalier-de-saint-die-des-vosges-la-direction-sexprime\/#primaryimage\",\"url\":\"https:\/\/vosgesinfo.fr\/app\/uploads\/sites\/4\/2024\/08\/201710centre-hospitalier-saint-charles-31.jpg\",\"contentUrl\":\"https:\/\/vosgesinfo.fr\/app\/uploads\/sites\/4\/2024\/08\/201710centre-hospitalier-saint-charles-31.jpg\",\"width\":2126,\"height\":1010,\"caption\":\"(Capture d'\u00e9cran Google Maps)\"},{\"@type\":\"BreadcrumbList\",\"@id\":\"https:\/\/vosgesinfo.fr\/saintdieinfo\/2026\/01\/agression-sexuelle-presumee-au-centre-hospitalier-de-saint-die-des-vosges-la-direction-sexprime\/#breadcrumb\",\"itemListElement\":[{\"@type\":\"ListItem\",\"position\":1,\"name\":\"Home\",\"item\":\"https:\/\/vosgesinfo.fr\/saintdieinfo\/\"},{\"@type\":\"ListItem\",\"position\":2,\"name\":\"Agression sexuelle pr\u00e9sum\u00e9e au Centre Hospitalier de Saint-Di\u00e9-des-Vosges : la Direction s&rsquo;exprime\"}]},{\"@type\":\"WebSite\",\"@id\":\"https:\/\/vosgesinfo.fr\/saintdieinfo\/#website\",\"url\":\"https:\/\/vosgesinfo.fr\/saintdieinfo\/\",\"name\":\"Saint Die Info\",\"description\":\"Toute l&#039;actualit\u00e9 de Saint-Di\u00e9-Des-Vosges\",\"publisher\":{\"@id\":\"https:\/\/vosgesinfo.fr\/saintdieinfo\/#organization\"},\"alternateName\":\"Toute l'actualit\u00e9 de Saint-Di\u00e9-Des-Vosges\",\"potentialAction\":[{\"@type\":\"SearchAction\",\"target\":{\"@type\":\"EntryPoint\",\"urlTemplate\":\"https:\/\/vosgesinfo.fr\/saintdieinfo\/?s={search_term_string}\"},\"query-input\":\"required name=search_term_string\"}],\"inLanguage\":\"fr-FR\"},{\"@type\":\"Organization\",\"@id\":\"https:\/\/vosgesinfo.fr\/saintdieinfo\/#organization\",\"name\":\"Saint Die Info\",\"url\":\"https:\/\/vosgesinfo.fr\/saintdieinfo\/\",\"logo\":{\"@type\":\"ImageObject\",\"inLanguage\":\"fr-FR\",\"@id\":\"https:\/\/vosgesinfo.fr\/saintdieinfo\/#\/schema\/logo\/image\/\",\"url\":\"https:\/\/vosgesinfo.fr\/app\/uploads\/sites\/4\/2024\/02\/logo-sdi.jpg\",\"contentUrl\":\"https:\/\/vosgesinfo.fr\/app\/uploads\/sites\/4\/2024\/02\/logo-sdi.jpg\",\"width\":600,\"height\":600,\"caption\":\"Saint Die Info\"},\"image\":{\"@id\":\"https:\/\/vosgesinfo.fr\/saintdieinfo\/#\/schema\/logo\/image\/\"},\"sameAs\":[\"https:\/\/www.facebook.com\/Saintdieinfofr\",\"https:\/\/x.com\/VosgesInfo88\",\"https:\/\/www.youtube.com\/@vosgesinfo\"]},{\"@type\":\"Person\",\"@id\":\"https:\/\/vosgesinfo.fr\/saintdieinfo\/#\/schema\/person\/fa73e9f726d67bb88f46d5b7943cb572\",\"name\":\"J.J.\",\"image\":{\"@type\":\"ImageObject\",\"inLanguage\":\"fr-FR\",\"@id\":\"https:\/\/vosgesinfo.fr\/saintdieinfo\/#\/schema\/person\/image\/\",\"url\":\"https:\/\/secure.gravatar.com\/avatar\/219e749e47ffbcca018a360ae4add7d4cdf1cdaaf8bc7676b27efade3fe65615?s=96&d=mm&r=g\",\"contentUrl\":\"https:\/\/secure.gravatar.com\/avatar\/219e749e47ffbcca018a360ae4add7d4cdf1cdaaf8bc7676b27efade3fe65615?s=96&d=mm&r=g\",\"caption\":\"J.J.\"},\"url\":\"https:\/\/vosgesinfo.fr\/saintdieinfo\/author\/j-j\/\"}]}<\/script>\n<!-- \/ Yoast SEO plugin. -->","yoast_head_json":{"title":"Agression sexuelle pr\u00e9sum\u00e9e au Centre Hospitalier de Saint-Di\u00e9-des-Vosges : la Direction s'exprime - Saint Die Info","robots":{"index":"index","follow":"follow","max-snippet":"max-snippet:-1","max-image-preview":"max-image-preview:large","max-video-preview":"max-video-preview:-1"},"canonical":"https:\/\/vosgesinfo.fr\/saintdieinfo\/2026\/01\/agression-sexuelle-presumee-au-centre-hospitalier-de-saint-die-des-vosges-la-direction-sexprime\/","twitter_card":"summary_large_image","twitter_title":"Agression sexuelle pr\u00e9sum\u00e9e au Centre Hospitalier de Saint-Di\u00e9-des-Vosges : la Direction s'exprime - Saint Die Info","twitter_description":"Dans un communiqu\u00e9, la Direction G\u00e9n\u00e9rale du Centre Hospitalier Intercommunal H\u00f4pitaux du Massif des Vosges \u2013 CHI HMV \u2013 s&rsquo;exprime [&hellip;]","twitter_image":"https:\/\/vosgesinfo.fr\/app\/uploads\/sites\/4\/2024\/08\/201710centre-hospitalier-saint-charles-31.jpg","twitter_creator":"@VosgesInfo88","twitter_site":"@VosgesInfo88","twitter_misc":{"\u00c9crit par":"J.J.","Dur\u00e9e de lecture estim\u00e9e":"2 minutes"},"schema":{"@context":"https:\/\/schema.org","@graph":[{"@type":"Article","@id":"https:\/\/vosgesinfo.fr\/saintdieinfo\/2026\/01\/agression-sexuelle-presumee-au-centre-hospitalier-de-saint-die-des-vosges-la-direction-sexprime\/#article","isPartOf":{"@id":"https:\/\/vosgesinfo.fr\/saintdieinfo\/2026\/01\/agression-sexuelle-presumee-au-centre-hospitalier-de-saint-die-des-vosges-la-direction-sexprime\/"},"author":{"name":"J.J.","@id":"https:\/\/vosgesinfo.fr\/saintdieinfo\/#\/schema\/person\/fa73e9f726d67bb88f46d5b7943cb572"},"headline":"Agression sexuelle pr\u00e9sum\u00e9e au Centre Hospitalier de Saint-Di\u00e9-des-Vosges : la Direction s&rsquo;exprime","datePublished":"2026-01-21T10:32:19+00:00","dateModified":"2026-01-21T10:20:18+00:00","mainEntityOfPage":{"@id":"https:\/\/vosgesinfo.fr\/saintdieinfo\/2026\/01\/agression-sexuelle-presumee-au-centre-hospitalier-de-saint-die-des-vosges-la-direction-sexprime\/"},"wordCount":400,"commentCount":4,"publisher":{"@id":"https:\/\/vosgesinfo.fr\/saintdieinfo\/#organization"},"image":{"@id":"https:\/\/vosgesinfo.fr\/saintdieinfo\/2026\/01\/agression-sexuelle-presumee-au-centre-hospitalier-de-saint-die-des-vosges-la-direction-sexprime\/#primaryimage"},"thumbnailUrl":"https:\/\/vosgesinfo.fr\/app\/uploads\/sites\/4\/2024\/08\/201710centre-hospitalier-saint-charles-31.jpg","keywords":["agression sexuelle pr\u00e9sum\u00e9e","Centre Hospitalier Intercommunal","CREX","enqu\u00eate judiciaire","HMV","h\u00f4pital Saint-Charles","H\u00f4pitaux du Massif des Vosges"],"articleSection":["A la Une","Justice","Saint-Di\u00e9-des-Vosges","Sant\u00e9"],"inLanguage":"fr-FR","potentialAction":[{"@type":"CommentAction","name":"Comment","target":["https:\/\/vosgesinfo.fr\/saintdieinfo\/2026\/01\/agression-sexuelle-presumee-au-centre-hospitalier-de-saint-die-des-vosges-la-direction-sexprime\/#respond"]}]},{"@type":"WebPage","@id":"https:\/\/vosgesinfo.fr\/saintdieinfo\/2026\/01\/agression-sexuelle-presumee-au-centre-hospitalier-de-saint-die-des-vosges-la-direction-sexprime\/","url":"https:\/\/vosgesinfo.fr\/saintdieinfo\/2026\/01\/agression-sexuelle-presumee-au-centre-hospitalier-de-saint-die-des-vosges-la-direction-sexprime\/","name":"Agression sexuelle pr\u00e9sum\u00e9e au Centre Hospitalier de Saint-Di\u00e9-des-Vosges : la Direction s'exprime - Saint Die Info","isPartOf":{"@id":"https:\/\/vosgesinfo.fr\/saintdieinfo\/#website"},"primaryImageOfPage":{"@id":"https:\/\/vosgesinfo.fr\/saintdieinfo\/2026\/01\/agression-sexuelle-presumee-au-centre-hospitalier-de-saint-die-des-vosges-la-direction-sexprime\/#primaryimage"},"image":{"@id":"https:\/\/vosgesinfo.fr\/saintdieinfo\/2026\/01\/agression-sexuelle-presumee-au-centre-hospitalier-de-saint-die-des-vosges-la-direction-sexprime\/#primaryimage"},"thumbnailUrl":"https:\/\/vosgesinfo.fr\/app\/uploads\/sites\/4\/2024\/08\/201710centre-hospitalier-saint-charles-31.jpg","datePublished":"2026-01-21T10:32:19+00:00","dateModified":"2026-01-21T10:20:18+00:00","breadcrumb":{"@id":"https:\/\/vosgesinfo.fr\/saintdieinfo\/2026\/01\/agression-sexuelle-presumee-au-centre-hospitalier-de-saint-die-des-vosges-la-direction-sexprime\/#breadcrumb"},"inLanguage":"fr-FR","potentialAction":[{"@type":"ReadAction","target":["https:\/\/vosgesinfo.fr\/saintdieinfo\/2026\/01\/agression-sexuelle-presumee-au-centre-hospitalier-de-saint-die-des-vosges-la-direction-sexprime\/"]}]},{"@type":"ImageObject","inLanguage":"fr-FR","@id":"https:\/\/vosgesinfo.fr\/saintdieinfo\/2026\/01\/agression-sexuelle-presumee-au-centre-hospitalier-de-saint-die-des-vosges-la-direction-sexprime\/#primaryimage","url":"https:\/\/vosgesinfo.fr\/app\/uploads\/sites\/4\/2024\/08\/201710centre-hospitalier-saint-charles-31.jpg","contentUrl":"https:\/\/vosgesinfo.fr\/app\/uploads\/sites\/4\/2024\/08\/201710centre-hospitalier-saint-charles-31.jpg","width":2126,"height":1010,"caption":"(Capture d'\u00e9cran Google Maps)"},{"@type":"BreadcrumbList","@id":"https:\/\/vosgesinfo.fr\/saintdieinfo\/2026\/01\/agression-sexuelle-presumee-au-centre-hospitalier-de-saint-die-des-vosges-la-direction-sexprime\/#breadcrumb","itemListElement":[{"@type":"ListItem","position":1,"name":"Home","item":"https:\/\/vosgesinfo.fr\/saintdieinfo\/"},{"@type":"ListItem","position":2,"name":"Agression sexuelle pr\u00e9sum\u00e9e au Centre Hospitalier de Saint-Di\u00e9-des-Vosges : la Direction s&rsquo;exprime"}]},{"@type":"WebSite","@id":"https:\/\/vosgesinfo.fr\/saintdieinfo\/#website","url":"https:\/\/vosgesinfo.fr\/saintdieinfo\/","name":"Saint Die Info","description":"Toute l&#039;actualit\u00e9 de Saint-Di\u00e9-Des-Vosges","publisher":{"@id":"https:\/\/vosgesinfo.fr\/saintdieinfo\/#organization"},"alternateName":"Toute l'actualit\u00e9 de Saint-Di\u00e9-Des-Vosges","potentialAction":[{"@type":"SearchAction","target":{"@type":"EntryPoint","urlTemplate":"https:\/\/vosgesinfo.fr\/saintdieinfo\/?s={search_term_string}"},"query-input":"required name=search_term_string"}],"inLanguage":"fr-FR"},{"@type":"Organization","@id":"https:\/\/vosgesinfo.fr\/saintdieinfo\/#organization","name":"Saint Die Info","url":"https:\/\/vosgesinfo.fr\/saintdieinfo\/","logo":{"@type":"ImageObject","inLanguage":"fr-FR","@id":"https:\/\/vosgesinfo.fr\/saintdieinfo\/#\/schema\/logo\/image\/","url":"https:\/\/vosgesinfo.fr\/app\/uploads\/sites\/4\/2024\/02\/logo-sdi.jpg","contentUrl":"https:\/\/vosgesinfo.fr\/app\/uploads\/sites\/4\/2024\/02\/logo-sdi.jpg","width":600,"height":600,"caption":"Saint Die Info"},"image":{"@id":"https:\/\/vosgesinfo.fr\/saintdieinfo\/#\/schema\/logo\/image\/"},"sameAs":["https:\/\/www.facebook.com\/Saintdieinfofr","https:\/\/x.com\/VosgesInfo88","https:\/\/www.youtube.com\/@vosgesinfo"]},{"@type":"Person","@id":"https:\/\/vosgesinfo.fr\/saintdieinfo\/#\/schema\/person\/fa73e9f726d67bb88f46d5b7943cb572","name":"J.J.","image":{"@type":"ImageObject","inLanguage":"fr-FR","@id":"https:\/\/vosgesinfo.fr\/saintdieinfo\/#\/schema\/person\/image\/","url":"https:\/\/secure.gravatar.com\/avatar\/219e749e47ffbcca018a360ae4add7d4cdf1cdaaf8bc7676b27efade3fe65615?s=96&d=mm&r=g","contentUrl":"https:\/\/secure.gravatar.com\/avatar\/219e749e47ffbcca018a360ae4add7d4cdf1cdaaf8bc7676b27efade3fe65615?s=96&d=mm&r=g","caption":"J.J."},"url":"https:\/\/vosgesinfo.fr\/saintdieinfo\/author\/j-j\/"}]}},"_links":{"self":[{"href":"https:\/\/vosgesinfo.fr\/saintdieinfo\/wp-json\/wp\/v2\/posts\/86996","targetHints":{"allow":["GET"]}}],"collection":[{"href":"https:\/\/vosgesinfo.fr\/saintdieinfo\/wp-json\/wp\/v2\/posts"}],"about":[{"href":"https:\/\/vosgesinfo.fr\/saintdieinfo\/wp-json\/wp\/v2\/types\/post"}],"author":[{"embeddable":true,"href":"https:\/\/vosgesinfo.fr\/saintdieinfo\/wp-json\/wp\/v2\/users\/46"}],"replies":[{"embeddable":true,"href":"https:\/\/vosgesinfo.fr\/saintdieinfo\/wp-json\/wp\/v2\/comments?post=86996"}],"version-history":[{"count":1,"href":"https:\/\/vosgesinfo.fr\/saintdieinfo\/wp-json\/wp\/v2\/posts\/86996\/revisions"}],"predecessor-version":[{"id":86997,"href":"https:\/\/vosgesinfo.fr\/saintdieinfo\/wp-json\/wp\/v2\/posts\/86996\/revisions\/86997"}],"wp:featuredmedia":[{"embeddable":true,"href":"https:\/\/vosgesinfo.fr\/saintdieinfo\/wp-json\/wp\/v2\/media\/62694"}],"wp:attachment":[{"href":"https:\/\/vosgesinfo.fr\/saintdieinfo\/wp-json\/wp\/v2\/media?parent=86996"}],"wp:term":[{"taxonomy":"category","embeddable":true,"href":"https:\/\/vosgesinfo.fr\/saintdieinfo\/wp-json\/wp\/v2\/categories?post=86996"},{"taxonomy":"post_tag","embeddable":true,"href":"https:\/\/vosgesinfo.fr\/saintdieinfo\/wp-json\/wp\/v2\/tags?post=86996"}],"curies":[{"name":"wp","href":"https:\/\/api.w.org\/{rel}","templated":true}]}}