{"id":87002,"date":"2026-01-21T13:53:47","date_gmt":"2026-01-21T12:53:47","guid":{"rendered":"https:\/\/vosgesinfo.fr\/saintdieinfo\/?p=87002"},"modified":"2026-01-21T13:42:33","modified_gmt":"2026-01-21T12:42:33","slug":"premier-semestre-prometteur-pour-le-campus-connecte-de-saint-die-des-vosges","status":"publish","type":"post","link":"https:\/\/vosgesinfo.fr\/saintdieinfo\/2026\/01\/premier-semestre-prometteur-pour-le-campus-connecte-de-saint-die-des-vosges\/","title":{"rendered":"Premier semestre prometteur pour le Campus Connect\u00e9 de Saint-Di\u00e9-des-Vosges"},"content":{"rendered":"<p><a href=\"https:\/\/vosgesinfo.fr\/app\/uploads\/sites\/4\/2026\/01\/portes-ouvertes-campus-connecte-sddv.jpg\"><img decoding=\"async\" class=\"alignnone size-large wp-image-87003\" src=\"https:\/\/vosgesinfo.fr\/app\/uploads\/sites\/4\/2026\/01\/portes-ouvertes-campus-connecte-sddv-1024x768.jpg\" alt=\"\" width=\"1024\" height=\"768\" srcset=\"https:\/\/vosgesinfo.fr\/app\/uploads\/sites\/4\/2026\/01\/portes-ouvertes-campus-connecte-sddv-1024x768.jpg 1024w, https:\/\/vosgesinfo.fr\/app\/uploads\/sites\/4\/2026\/01\/portes-ouvertes-campus-connecte-sddv-300x225.jpg 300w, https:\/\/vosgesinfo.fr\/app\/uploads\/sites\/4\/2026\/01\/portes-ouvertes-campus-connecte-sddv-768x576.jpg 768w, https:\/\/vosgesinfo.fr\/app\/uploads\/sites\/4\/2026\/01\/portes-ouvertes-campus-connecte-sddv.jpg 1080w\" sizes=\"(max-width: 1024px) 100vw, 1024px\" \/><\/a><\/p>\n<h2>Ce <strong data-start=\"3\" data-end=\"21\">mercredi matin<\/strong>, le <a href=\"https:\/\/vosgesinfo.fr\/saintdieinfo\/2025\/09\/saint-die-des-vosges-inaugure-son-campus-connecte\/\" target=\"_blank\" rel=\"noopener\"><strong data-start=\"26\" data-end=\"69\">Campus Connect\u00e9 de Saint-Di\u00e9-des-Vosges<\/strong><\/a> organisait ses <strong data-start=\"85\" data-end=\"114\">premi\u00e8res portes ouvertes.<\/strong> L\u2019occasion de pr\u00e9senter au public une nouvelle mani\u00e8re d\u2019aborder les <strong data-start=\"187\" data-end=\"209\">\u00e9tudes sup\u00e9rieures<\/strong>\u00a0<strong>en D\u00e9odatie.<\/strong><\/h2>\n<p><!--more--><\/p>\n<h3 data-start=\"726\" data-end=\"762\"><strong>Un dispositif national labellis\u00e9<\/strong><\/h3>\n<p data-start=\"764\" data-end=\"1026\">Lanc\u00e9 en <strong data-start=\"897\" data-end=\"905\">2019, ce dispositif national<\/strong> est labellis\u00e9 par le <strong data-start=\"781\" data-end=\"858\">minist\u00e8re de l\u2019Enseignement sup\u00e9rieur, de la Recherche et de l\u2019Innovation<\/strong>. Concr\u00e8tement, il permet de suivre des <strong data-start=\"928\" data-end=\"961\">\u00e9tudes sup\u00e9rieures \u00e0 distance,<\/strong> tout en b\u00e9n\u00e9ficiant d\u2019un <strong data-start=\"987\" data-end=\"1025\">accompagnement humain de proximit\u00e9<\/strong>.<\/p>\n<h3 data-start=\"1028\" data-end=\"1081\"><strong>Un campus install\u00e9 \u00e0 la cit\u00e9 scolaire Jules-Ferry<\/strong><\/h3>\n<p data-start=\"1083\" data-end=\"1319\">Le <strong data-start=\"3\" data-end=\"22\">Campus Connect\u00e9<\/strong> est install\u00e9 dans les locaux mis \u00e0 disposition par la <strong data-start=\"77\" data-end=\"97\">R\u00e9gion Grand Est<\/strong>, au sein de l\u2019<strong data-start=\"112\" data-end=\"156\">internat de la cit\u00e9 scolaire Jules-Ferry<\/strong>. Il offre aux \u00e9tudiants un <strong data-start=\"184\" data-end=\"229\">environnement de travail moderne et calme<\/strong>, <strong data-start=\"231\" data-end=\"254\">enti\u00e8rement gratuit<\/strong>.<\/p>\n<h3 data-start=\"1321\" data-end=\"1360\"><strong>Dix-huit \u00e9tudiants d\u00e9j\u00e0 accompagn\u00e9s<\/strong><\/h3>\n<p data-start=\"1362\" data-end=\"1538\">Depuis la premi\u00e8re rentr\u00e9e en <strong data-start=\"1392\" data-end=\"1405\">septembre<\/strong>, le dispositif affiche un <strong data-start=\"1432\" data-end=\"1454\">bilan positif<\/strong> : <strong data-start=\"1457\" data-end=\"1473\">18 \u00e9tudiants<\/strong> \u00e2g\u00e9s de <strong data-start=\"1482\" data-end=\"1497\">19 \u00e0 41 ans<\/strong> ont d\u00e9j\u00e0 rejoint le <strong data-start=\"1518\" data-end=\"1537\">Campus Connect\u00e9<\/strong>. Un succ\u00e8s salu\u00e9 ce matin par <strong data-start=\"1620\" data-end=\"1636\">Romy Cossuta<\/strong>, coordinatrice du <strong data-start=\"1655\" data-end=\"1674\">Campus Connect\u00e9<\/strong> au sein de l&rsquo;<strong>Agglom\u00e9ration de Saint-Di\u00e9-des-Vosges<\/strong>, et <strong data-start=\"1748\" data-end=\"1770\">Christian Bataille<\/strong>, d\u00e9l\u00e9gu\u00e9 territorial Vosges du <strong data-start=\"1802\" data-end=\"1810\">CNAM \u2013 Conservatoire National des Arts et M\u00e9tiers.<\/strong>\u00a0Tous deux soulignent la diversit\u00e9 des profils accueillis et l\u2019importance de l\u2019accompagnement personnalis\u00e9 propos\u00e9 tout au long de l\u2019ann\u00e9e.<\/p>\n<h3 data-start=\"1952\" data-end=\"1986\"><strong>Ne pas \u00e9tudier seul \u00e0 distance<\/strong><\/h3>\n<p data-start=\"1988\" data-end=\"2327\"><strong data-start=\"2011\" data-end=\"2027\">Romy Cossuta<\/strong> est au c\u0153ur du dispositif, puisqu&rsquo;elle\u00a0accompagne chaque <strong data-start=\"136\" data-end=\"148\">\u00e9tudiant<\/strong> dans l\u2019organisation du travail, les d\u00e9marches administratives, les r\u00e9visions et les choix d\u2019orientation.\u00a0Le <strong data-start=\"3\" data-end=\"22\">Campus Connect\u00e9<\/strong> entretient aussi le <strong data-start=\"43\" data-end=\"58\">lien social<\/strong> et une <strong data-start=\"66\" data-end=\"90\">dynamique collective<\/strong>, deux leviers essentiels pour la <strong data-start=\"124\" data-end=\"136\">r\u00e9ussite<\/strong>.<\/p>\n<h3 data-start=\"2329\" data-end=\"2367\"><strong>Jusqu\u2019\u00e0 750 formations accessibles<\/strong><\/h3>\n<p data-start=\"2369\" data-end=\"2720\">En lien avec le <strong data-start=\"16\" data-end=\"71\">CNAM<\/strong>, le Campus Connect\u00e9 donne acc\u00e8s \u00e0 pr\u00e8s de <strong data-start=\"114\" data-end=\"144\">750 formations dipl\u00f4mantes<\/strong>, du <strong data-start=\"149\" data-end=\"170\">post-bac au Bac+5<\/strong>, dans de nombreux domaines. Les apprenants peuvent aussi s\u2019appuyer sur l\u2019<strong data-start=\"243\" data-end=\"269\">Universit\u00e9 de Lorraine<\/strong> pour des <strong>ressources compl\u00e9mentaires<\/strong>, comme la biblioth\u00e8que universitaire, le service de sant\u00e9 \u00e9tudiante ou les dispositifs d\u2019inclusion.<\/p>\n<h3 data-start=\"2722\" data-end=\"2761\"><strong>Pour tous les \u00e2ges et tous les parcours<\/strong><\/h3>\n<p data-start=\"2763\" data-end=\"2981\">Le <strong data-start=\"3\" data-end=\"22\">Campus Connect\u00e9<\/strong> est tourn\u00e9 vers des publics tr\u00e8s vari\u00e9s : <strong data-start=\"59\" data-end=\"80\">jeunes bacheliers<\/strong>, <strong data-start=\"82\" data-end=\"111\">personnes en reconversion<\/strong>, <strong data-start=\"113\" data-end=\"123\">actifs<\/strong> ou encore habitants dont la <strong data-start=\"152\" data-end=\"176\">mobilit\u00e9 est limit\u00e9e<\/strong>. Et ce quels que soient leur \u00e2ge et leur parcours.<\/p>\n<h3 data-start=\"3092\" data-end=\"3111\"><strong>Renseignements compl\u00e9mentaires<\/strong><\/h3>\n<p data-start=\"3113\" data-end=\"3358\">Pour tous renseignements : par t\u00e9l\u00e9phone au <strong data-start=\"3277\" data-end=\"3295\">06-80-20-79-33<\/strong>, ou par courriel via <a href=\"mailto:campus-connecte@saint-die-des-vosges.fr\" target=\"_blank\" rel=\"noopener\"><strong data-start=\"3314\" data-end=\"3357\">campus-connecte@saint-die-des-vosges.fr<\/strong><\/a>.<\/p>\n","protected":false},"excerpt":{"rendered":"<p>Ce mercredi matin, le Campus Connect\u00e9 de Saint-Di\u00e9-des-Vosges organisait ses premi\u00e8res portes ouvertes. L\u2019occasion de pr\u00e9senter au public une nouvelle [&hellip;]<\/p>\n","protected":false},"author":46,"featured_media":87003,"comment_status":"open","ping_status":"open","sticky":false,"template":"","format":"standard","meta":{"footnotes":""},"categories":[460,6,167,2915],"tags":[18225,3352,1178,3282,19874,2881,2879],"class_list":["post-87002","post","type-post","status-publish","format-standard","has-post-thumbnail","hentry","category-a-la-une","category-education","category-saint-die-des-vosges","category-saint-die-son-canton","tag-campus-connecte","tag-cite-scolaire-jules-ferry","tag-cnam","tag-communaute-dagglomeration-de-saint-die-des-vosges","tag-etudes-superieures-a-distance","tag-saint-die-des-vosges","tag-universite-de-lorraine"],"acf":[],"yoast_head":"<!-- This site is optimized with the Yoast SEO plugin v22.5 - https:\/\/yoast.com\/wordpress\/plugins\/seo\/ -->\n<title>Premier semestre prometteur pour le Campus Connect\u00e9 de Saint-Di\u00e9-des-Vosges - Saint Die Info<\/title>\n<meta name=\"robots\" content=\"index, follow, max-snippet:-1, max-image-preview:large, max-video-preview:-1\" \/>\n<link rel=\"canonical\" href=\"https:\/\/vosgesinfo.fr\/saintdieinfo\/2026\/01\/premier-semestre-prometteur-pour-le-campus-connecte-de-saint-die-des-vosges\/\" \/>\n<meta name=\"twitter:card\" content=\"summary_large_image\" \/>\n<meta name=\"twitter:title\" content=\"Premier semestre prometteur pour le Campus Connect\u00e9 de Saint-Di\u00e9-des-Vosges - Saint Die Info\" \/>\n<meta name=\"twitter:description\" content=\"Ce mercredi matin, le Campus Connect\u00e9 de Saint-Di\u00e9-des-Vosges organisait ses premi\u00e8res portes ouvertes. L\u2019occasion de pr\u00e9senter au public une nouvelle [&hellip;]\" \/>\n<meta name=\"twitter:image\" content=\"https:\/\/vosgesinfo.fr\/app\/uploads\/sites\/4\/2026\/01\/portes-ouvertes-campus-connecte-sddv.jpg\" \/>\n<meta name=\"twitter:creator\" content=\"@VosgesInfo88\" \/>\n<meta name=\"twitter:site\" content=\"@VosgesInfo88\" \/>\n<meta name=\"twitter:label1\" content=\"\u00c9crit par\" \/>\n\t<meta name=\"twitter:data1\" content=\"J.J.\" \/>\n\t<meta name=\"twitter:label2\" content=\"Dur\u00e9e de lecture estim\u00e9e\" \/>\n\t<meta name=\"twitter:data2\" content=\"3 minutes\" \/>\n<script type=\"application\/ld+json\" class=\"yoast-schema-graph\">{\"@context\":\"https:\/\/schema.org\",\"@graph\":[{\"@type\":\"Article\",\"@id\":\"https:\/\/vosgesinfo.fr\/saintdieinfo\/2026\/01\/premier-semestre-prometteur-pour-le-campus-connecte-de-saint-die-des-vosges\/#article\",\"isPartOf\":{\"@id\":\"https:\/\/vosgesinfo.fr\/saintdieinfo\/2026\/01\/premier-semestre-prometteur-pour-le-campus-connecte-de-saint-die-des-vosges\/\"},\"author\":{\"name\":\"J.J.\",\"@id\":\"https:\/\/vosgesinfo.fr\/saintdieinfo\/#\/schema\/person\/fa73e9f726d67bb88f46d5b7943cb572\"},\"headline\":\"Premier semestre prometteur pour le Campus Connect\u00e9 de Saint-Di\u00e9-des-Vosges\",\"datePublished\":\"2026-01-21T12:53:47+00:00\",\"dateModified\":\"2026-01-21T12:42:33+00:00\",\"mainEntityOfPage\":{\"@id\":\"https:\/\/vosgesinfo.fr\/saintdieinfo\/2026\/01\/premier-semestre-prometteur-pour-le-campus-connecte-de-saint-die-des-vosges\/\"},\"wordCount\":415,\"commentCount\":0,\"publisher\":{\"@id\":\"https:\/\/vosgesinfo.fr\/saintdieinfo\/#organization\"},\"image\":{\"@id\":\"https:\/\/vosgesinfo.fr\/saintdieinfo\/2026\/01\/premier-semestre-prometteur-pour-le-campus-connecte-de-saint-die-des-vosges\/#primaryimage\"},\"thumbnailUrl\":\"https:\/\/vosgesinfo.fr\/app\/uploads\/sites\/4\/2026\/01\/portes-ouvertes-campus-connecte-sddv.jpg\",\"keywords\":[\"Campus Connect\u00e9\",\"Cit\u00e9 scolaire Jules-Ferry\",\"CNAM\",\"Communaut\u00e9 d'Agglom\u00e9ration de Saint-Di\u00e9-des-Vosges\",\"\u00e9tudes sup\u00e9rieures \u00e0 distance\",\"Saint-Di\u00e9-des-Vosges\",\"Universit\u00e9 de Lorraine\"],\"articleSection\":[\"A la Une\",\"\u00c9ducation\",\"Saint-Di\u00e9-des-Vosges\",\"Saint-Di\u00e9-des-Vosges et son Agglom\u00e9ration\"],\"inLanguage\":\"fr-FR\",\"potentialAction\":[{\"@type\":\"CommentAction\",\"name\":\"Comment\",\"target\":[\"https:\/\/vosgesinfo.fr\/saintdieinfo\/2026\/01\/premier-semestre-prometteur-pour-le-campus-connecte-de-saint-die-des-vosges\/#respond\"]}]},{\"@type\":\"WebPage\",\"@id\":\"https:\/\/vosgesinfo.fr\/saintdieinfo\/2026\/01\/premier-semestre-prometteur-pour-le-campus-connecte-de-saint-die-des-vosges\/\",\"url\":\"https:\/\/vosgesinfo.fr\/saintdieinfo\/2026\/01\/premier-semestre-prometteur-pour-le-campus-connecte-de-saint-die-des-vosges\/\",\"name\":\"Premier semestre prometteur pour le Campus Connect\u00e9 de Saint-Di\u00e9-des-Vosges - Saint Die Info\",\"isPartOf\":{\"@id\":\"https:\/\/vosgesinfo.fr\/saintdieinfo\/#website\"},\"primaryImageOfPage\":{\"@id\":\"https:\/\/vosgesinfo.fr\/saintdieinfo\/2026\/01\/premier-semestre-prometteur-pour-le-campus-connecte-de-saint-die-des-vosges\/#primaryimage\"},\"image\":{\"@id\":\"https:\/\/vosgesinfo.fr\/saintdieinfo\/2026\/01\/premier-semestre-prometteur-pour-le-campus-connecte-de-saint-die-des-vosges\/#primaryimage\"},\"thumbnailUrl\":\"https:\/\/vosgesinfo.fr\/app\/uploads\/sites\/4\/2026\/01\/portes-ouvertes-campus-connecte-sddv.jpg\",\"datePublished\":\"2026-01-21T12:53:47+00:00\",\"dateModified\":\"2026-01-21T12:42:33+00:00\",\"breadcrumb\":{\"@id\":\"https:\/\/vosgesinfo.fr\/saintdieinfo\/2026\/01\/premier-semestre-prometteur-pour-le-campus-connecte-de-saint-die-des-vosges\/#breadcrumb\"},\"inLanguage\":\"fr-FR\",\"potentialAction\":[{\"@type\":\"ReadAction\",\"target\":[\"https:\/\/vosgesinfo.fr\/saintdieinfo\/2026\/01\/premier-semestre-prometteur-pour-le-campus-connecte-de-saint-die-des-vosges\/\"]}]},{\"@type\":\"ImageObject\",\"inLanguage\":\"fr-FR\",\"@id\":\"https:\/\/vosgesinfo.fr\/saintdieinfo\/2026\/01\/premier-semestre-prometteur-pour-le-campus-connecte-de-saint-die-des-vosges\/#primaryimage\",\"url\":\"https:\/\/vosgesinfo.fr\/app\/uploads\/sites\/4\/2026\/01\/portes-ouvertes-campus-connecte-sddv.jpg\",\"contentUrl\":\"https:\/\/vosgesinfo.fr\/app\/uploads\/sites\/4\/2026\/01\/portes-ouvertes-campus-connecte-sddv.jpg\",\"width\":1080,\"height\":810},{\"@type\":\"BreadcrumbList\",\"@id\":\"https:\/\/vosgesinfo.fr\/saintdieinfo\/2026\/01\/premier-semestre-prometteur-pour-le-campus-connecte-de-saint-die-des-vosges\/#breadcrumb\",\"itemListElement\":[{\"@type\":\"ListItem\",\"position\":1,\"name\":\"Home\",\"item\":\"https:\/\/vosgesinfo.fr\/saintdieinfo\/\"},{\"@type\":\"ListItem\",\"position\":2,\"name\":\"Premier semestre prometteur pour le Campus Connect\u00e9 de Saint-Di\u00e9-des-Vosges\"}]},{\"@type\":\"WebSite\",\"@id\":\"https:\/\/vosgesinfo.fr\/saintdieinfo\/#website\",\"url\":\"https:\/\/vosgesinfo.fr\/saintdieinfo\/\",\"name\":\"Saint Die Info\",\"description\":\"Toute l&#039;actualit\u00e9 de Saint-Di\u00e9-Des-Vosges\",\"publisher\":{\"@id\":\"https:\/\/vosgesinfo.fr\/saintdieinfo\/#organization\"},\"alternateName\":\"Toute l'actualit\u00e9 de Saint-Di\u00e9-Des-Vosges\",\"potentialAction\":[{\"@type\":\"SearchAction\",\"target\":{\"@type\":\"EntryPoint\",\"urlTemplate\":\"https:\/\/vosgesinfo.fr\/saintdieinfo\/?s={search_term_string}\"},\"query-input\":\"required name=search_term_string\"}],\"inLanguage\":\"fr-FR\"},{\"@type\":\"Organization\",\"@id\":\"https:\/\/vosgesinfo.fr\/saintdieinfo\/#organization\",\"name\":\"Saint Die Info\",\"url\":\"https:\/\/vosgesinfo.fr\/saintdieinfo\/\",\"logo\":{\"@type\":\"ImageObject\",\"inLanguage\":\"fr-FR\",\"@id\":\"https:\/\/vosgesinfo.fr\/saintdieinfo\/#\/schema\/logo\/image\/\",\"url\":\"https:\/\/vosgesinfo.fr\/app\/uploads\/sites\/4\/2024\/02\/logo-sdi.jpg\",\"contentUrl\":\"https:\/\/vosgesinfo.fr\/app\/uploads\/sites\/4\/2024\/02\/logo-sdi.jpg\",\"width\":600,\"height\":600,\"caption\":\"Saint Die Info\"},\"image\":{\"@id\":\"https:\/\/vosgesinfo.fr\/saintdieinfo\/#\/schema\/logo\/image\/\"},\"sameAs\":[\"https:\/\/www.facebook.com\/Saintdieinfofr\",\"https:\/\/x.com\/VosgesInfo88\",\"https:\/\/www.youtube.com\/@vosgesinfo\"]},{\"@type\":\"Person\",\"@id\":\"https:\/\/vosgesinfo.fr\/saintdieinfo\/#\/schema\/person\/fa73e9f726d67bb88f46d5b7943cb572\",\"name\":\"J.J.\",\"image\":{\"@type\":\"ImageObject\",\"inLanguage\":\"fr-FR\",\"@id\":\"https:\/\/vosgesinfo.fr\/saintdieinfo\/#\/schema\/person\/image\/\",\"url\":\"https:\/\/secure.gravatar.com\/avatar\/219e749e47ffbcca018a360ae4add7d4cdf1cdaaf8bc7676b27efade3fe65615?s=96&d=mm&r=g\",\"contentUrl\":\"https:\/\/secure.gravatar.com\/avatar\/219e749e47ffbcca018a360ae4add7d4cdf1cdaaf8bc7676b27efade3fe65615?s=96&d=mm&r=g\",\"caption\":\"J.J.\"},\"url\":\"https:\/\/vosgesinfo.fr\/saintdieinfo\/author\/j-j\/\"}]}<\/script>\n<!-- \/ Yoast SEO plugin. -->","yoast_head_json":{"title":"Premier semestre prometteur pour le Campus Connect\u00e9 de Saint-Di\u00e9-des-Vosges - Saint Die Info","robots":{"index":"index","follow":"follow","max-snippet":"max-snippet:-1","max-image-preview":"max-image-preview:large","max-video-preview":"max-video-preview:-1"},"canonical":"https:\/\/vosgesinfo.fr\/saintdieinfo\/2026\/01\/premier-semestre-prometteur-pour-le-campus-connecte-de-saint-die-des-vosges\/","twitter_card":"summary_large_image","twitter_title":"Premier semestre prometteur pour le Campus Connect\u00e9 de Saint-Di\u00e9-des-Vosges - Saint Die Info","twitter_description":"Ce mercredi matin, le Campus Connect\u00e9 de Saint-Di\u00e9-des-Vosges organisait ses premi\u00e8res portes ouvertes. L\u2019occasion de pr\u00e9senter au public une nouvelle [&hellip;]","twitter_image":"https:\/\/vosgesinfo.fr\/app\/uploads\/sites\/4\/2026\/01\/portes-ouvertes-campus-connecte-sddv.jpg","twitter_creator":"@VosgesInfo88","twitter_site":"@VosgesInfo88","twitter_misc":{"\u00c9crit par":"J.J.","Dur\u00e9e de lecture estim\u00e9e":"3 minutes"},"schema":{"@context":"https:\/\/schema.org","@graph":[{"@type":"Article","@id":"https:\/\/vosgesinfo.fr\/saintdieinfo\/2026\/01\/premier-semestre-prometteur-pour-le-campus-connecte-de-saint-die-des-vosges\/#article","isPartOf":{"@id":"https:\/\/vosgesinfo.fr\/saintdieinfo\/2026\/01\/premier-semestre-prometteur-pour-le-campus-connecte-de-saint-die-des-vosges\/"},"author":{"name":"J.J.","@id":"https:\/\/vosgesinfo.fr\/saintdieinfo\/#\/schema\/person\/fa73e9f726d67bb88f46d5b7943cb572"},"headline":"Premier semestre prometteur pour le Campus Connect\u00e9 de Saint-Di\u00e9-des-Vosges","datePublished":"2026-01-21T12:53:47+00:00","dateModified":"2026-01-21T12:42:33+00:00","mainEntityOfPage":{"@id":"https:\/\/vosgesinfo.fr\/saintdieinfo\/2026\/01\/premier-semestre-prometteur-pour-le-campus-connecte-de-saint-die-des-vosges\/"},"wordCount":415,"commentCount":0,"publisher":{"@id":"https:\/\/vosgesinfo.fr\/saintdieinfo\/#organization"},"image":{"@id":"https:\/\/vosgesinfo.fr\/saintdieinfo\/2026\/01\/premier-semestre-prometteur-pour-le-campus-connecte-de-saint-die-des-vosges\/#primaryimage"},"thumbnailUrl":"https:\/\/vosgesinfo.fr\/app\/uploads\/sites\/4\/2026\/01\/portes-ouvertes-campus-connecte-sddv.jpg","keywords":["Campus Connect\u00e9","Cit\u00e9 scolaire Jules-Ferry","CNAM","Communaut\u00e9 d'Agglom\u00e9ration de Saint-Di\u00e9-des-Vosges","\u00e9tudes sup\u00e9rieures \u00e0 distance","Saint-Di\u00e9-des-Vosges","Universit\u00e9 de Lorraine"],"articleSection":["A la Une","\u00c9ducation","Saint-Di\u00e9-des-Vosges","Saint-Di\u00e9-des-Vosges et son Agglom\u00e9ration"],"inLanguage":"fr-FR","potentialAction":[{"@type":"CommentAction","name":"Comment","target":["https:\/\/vosgesinfo.fr\/saintdieinfo\/2026\/01\/premier-semestre-prometteur-pour-le-campus-connecte-de-saint-die-des-vosges\/#respond"]}]},{"@type":"WebPage","@id":"https:\/\/vosgesinfo.fr\/saintdieinfo\/2026\/01\/premier-semestre-prometteur-pour-le-campus-connecte-de-saint-die-des-vosges\/","url":"https:\/\/vosgesinfo.fr\/saintdieinfo\/2026\/01\/premier-semestre-prometteur-pour-le-campus-connecte-de-saint-die-des-vosges\/","name":"Premier semestre prometteur pour le Campus Connect\u00e9 de Saint-Di\u00e9-des-Vosges - Saint Die Info","isPartOf":{"@id":"https:\/\/vosgesinfo.fr\/saintdieinfo\/#website"},"primaryImageOfPage":{"@id":"https:\/\/vosgesinfo.fr\/saintdieinfo\/2026\/01\/premier-semestre-prometteur-pour-le-campus-connecte-de-saint-die-des-vosges\/#primaryimage"},"image":{"@id":"https:\/\/vosgesinfo.fr\/saintdieinfo\/2026\/01\/premier-semestre-prometteur-pour-le-campus-connecte-de-saint-die-des-vosges\/#primaryimage"},"thumbnailUrl":"https:\/\/vosgesinfo.fr\/app\/uploads\/sites\/4\/2026\/01\/portes-ouvertes-campus-connecte-sddv.jpg","datePublished":"2026-01-21T12:53:47+00:00","dateModified":"2026-01-21T12:42:33+00:00","breadcrumb":{"@id":"https:\/\/vosgesinfo.fr\/saintdieinfo\/2026\/01\/premier-semestre-prometteur-pour-le-campus-connecte-de-saint-die-des-vosges\/#breadcrumb"},"inLanguage":"fr-FR","potentialAction":[{"@type":"ReadAction","target":["https:\/\/vosgesinfo.fr\/saintdieinfo\/2026\/01\/premier-semestre-prometteur-pour-le-campus-connecte-de-saint-die-des-vosges\/"]}]},{"@type":"ImageObject","inLanguage":"fr-FR","@id":"https:\/\/vosgesinfo.fr\/saintdieinfo\/2026\/01\/premier-semestre-prometteur-pour-le-campus-connecte-de-saint-die-des-vosges\/#primaryimage","url":"https:\/\/vosgesinfo.fr\/app\/uploads\/sites\/4\/2026\/01\/portes-ouvertes-campus-connecte-sddv.jpg","contentUrl":"https:\/\/vosgesinfo.fr\/app\/uploads\/sites\/4\/2026\/01\/portes-ouvertes-campus-connecte-sddv.jpg","width":1080,"height":810},{"@type":"BreadcrumbList","@id":"https:\/\/vosgesinfo.fr\/saintdieinfo\/2026\/01\/premier-semestre-prometteur-pour-le-campus-connecte-de-saint-die-des-vosges\/#breadcrumb","itemListElement":[{"@type":"ListItem","position":1,"name":"Home","item":"https:\/\/vosgesinfo.fr\/saintdieinfo\/"},{"@type":"ListItem","position":2,"name":"Premier semestre prometteur pour le Campus Connect\u00e9 de Saint-Di\u00e9-des-Vosges"}]},{"@type":"WebSite","@id":"https:\/\/vosgesinfo.fr\/saintdieinfo\/#website","url":"https:\/\/vosgesinfo.fr\/saintdieinfo\/","name":"Saint Die Info","description":"Toute l&#039;actualit\u00e9 de Saint-Di\u00e9-Des-Vosges","publisher":{"@id":"https:\/\/vosgesinfo.fr\/saintdieinfo\/#organization"},"alternateName":"Toute l'actualit\u00e9 de Saint-Di\u00e9-Des-Vosges","potentialAction":[{"@type":"SearchAction","target":{"@type":"EntryPoint","urlTemplate":"https:\/\/vosgesinfo.fr\/saintdieinfo\/?s={search_term_string}"},"query-input":"required name=search_term_string"}],"inLanguage":"fr-FR"},{"@type":"Organization","@id":"https:\/\/vosgesinfo.fr\/saintdieinfo\/#organization","name":"Saint Die Info","url":"https:\/\/vosgesinfo.fr\/saintdieinfo\/","logo":{"@type":"ImageObject","inLanguage":"fr-FR","@id":"https:\/\/vosgesinfo.fr\/saintdieinfo\/#\/schema\/logo\/image\/","url":"https:\/\/vosgesinfo.fr\/app\/uploads\/sites\/4\/2024\/02\/logo-sdi.jpg","contentUrl":"https:\/\/vosgesinfo.fr\/app\/uploads\/sites\/4\/2024\/02\/logo-sdi.jpg","width":600,"height":600,"caption":"Saint Die Info"},"image":{"@id":"https:\/\/vosgesinfo.fr\/saintdieinfo\/#\/schema\/logo\/image\/"},"sameAs":["https:\/\/www.facebook.com\/Saintdieinfofr","https:\/\/x.com\/VosgesInfo88","https:\/\/www.youtube.com\/@vosgesinfo"]},{"@type":"Person","@id":"https:\/\/vosgesinfo.fr\/saintdieinfo\/#\/schema\/person\/fa73e9f726d67bb88f46d5b7943cb572","name":"J.J.","image":{"@type":"ImageObject","inLanguage":"fr-FR","@id":"https:\/\/vosgesinfo.fr\/saintdieinfo\/#\/schema\/person\/image\/","url":"https:\/\/secure.gravatar.com\/avatar\/219e749e47ffbcca018a360ae4add7d4cdf1cdaaf8bc7676b27efade3fe65615?s=96&d=mm&r=g","contentUrl":"https:\/\/secure.gravatar.com\/avatar\/219e749e47ffbcca018a360ae4add7d4cdf1cdaaf8bc7676b27efade3fe65615?s=96&d=mm&r=g","caption":"J.J."},"url":"https:\/\/vosgesinfo.fr\/saintdieinfo\/author\/j-j\/"}]}},"_links":{"self":[{"href":"https:\/\/vosgesinfo.fr\/saintdieinfo\/wp-json\/wp\/v2\/posts\/87002","targetHints":{"allow":["GET"]}}],"collection":[{"href":"https:\/\/vosgesinfo.fr\/saintdieinfo\/wp-json\/wp\/v2\/posts"}],"about":[{"href":"https:\/\/vosgesinfo.fr\/saintdieinfo\/wp-json\/wp\/v2\/types\/post"}],"author":[{"embeddable":true,"href":"https:\/\/vosgesinfo.fr\/saintdieinfo\/wp-json\/wp\/v2\/users\/46"}],"replies":[{"embeddable":true,"href":"https:\/\/vosgesinfo.fr\/saintdieinfo\/wp-json\/wp\/v2\/comments?post=87002"}],"version-history":[{"count":4,"href":"https:\/\/vosgesinfo.fr\/saintdieinfo\/wp-json\/wp\/v2\/posts\/87002\/revisions"}],"predecessor-version":[{"id":87007,"href":"https:\/\/vosgesinfo.fr\/saintdieinfo\/wp-json\/wp\/v2\/posts\/87002\/revisions\/87007"}],"wp:featuredmedia":[{"embeddable":true,"href":"https:\/\/vosgesinfo.fr\/saintdieinfo\/wp-json\/wp\/v2\/media\/87003"}],"wp:attachment":[{"href":"https:\/\/vosgesinfo.fr\/saintdieinfo\/wp-json\/wp\/v2\/media?parent=87002"}],"wp:term":[{"taxonomy":"category","embeddable":true,"href":"https:\/\/vosgesinfo.fr\/saintdieinfo\/wp-json\/wp\/v2\/categories?post=87002"},{"taxonomy":"post_tag","embeddable":true,"href":"https:\/\/vosgesinfo.fr\/saintdieinfo\/wp-json\/wp\/v2\/tags?post=87002"}],"curies":[{"name":"wp","href":"https:\/\/api.w.org\/{rel}","templated":true}]}}