{"id":87008,"date":"2026-01-21T15:53:41","date_gmt":"2026-01-21T14:53:41","guid":{"rendered":"https:\/\/vosgesinfo.fr\/saintdieinfo\/?p=87008"},"modified":"2026-01-21T17:14:32","modified_gmt":"2026-01-21T16:14:32","slug":"municipales-2026-jan-verdonk-lance-sa-campagne-au-cafe-thiers","status":"publish","type":"post","link":"https:\/\/vosgesinfo.fr\/saintdieinfo\/2026\/01\/municipales-2026-jan-verdonk-lance-sa-campagne-au-cafe-thiers\/","title":{"rendered":"Municipales 2026\u00a0: Jan Verdonk lance sa campagne au caf\u00e9 Thiers"},"content":{"rendered":"<p data-start=\"385\" data-end=\"689\"><a href=\"https:\/\/vosgesinfo.fr\/app\/uploads\/sites\/4\/2026\/01\/municipales-2026-lancement-campagne-jan-verdonk.jpg\"><img decoding=\"async\" class=\"alignnone size-large wp-image-87009\" src=\"https:\/\/vosgesinfo.fr\/app\/uploads\/sites\/4\/2026\/01\/municipales-2026-lancement-campagne-jan-verdonk-1024x771.jpg\" alt=\"\" width=\"1024\" height=\"771\" srcset=\"https:\/\/vosgesinfo.fr\/app\/uploads\/sites\/4\/2026\/01\/municipales-2026-lancement-campagne-jan-verdonk-1024x771.jpg 1024w, https:\/\/vosgesinfo.fr\/app\/uploads\/sites\/4\/2026\/01\/municipales-2026-lancement-campagne-jan-verdonk-300x226.jpg 300w, https:\/\/vosgesinfo.fr\/app\/uploads\/sites\/4\/2026\/01\/municipales-2026-lancement-campagne-jan-verdonk-768x578.jpg 768w, https:\/\/vosgesinfo.fr\/app\/uploads\/sites\/4\/2026\/01\/municipales-2026-lancement-campagne-jan-verdonk.jpg 1434w\" sizes=\"(max-width: 1024px) 100vw, 1024px\" \/><\/a><\/p>\n<h2 data-start=\"385\" data-end=\"689\">D\u00e9but d\u00e9cembre, <a href=\"https:\/\/vosgesinfo.fr\/saintdieinfo\/2025\/12\/municipales-2026-jan-verdonk-officiellement-candidat-a-saint-die-des-vosges\/\" target=\"_blank\" rel=\"noopener\"><strong>Jan Verdonk<\/strong> s&rsquo;est d\u00e9clar\u00e9 candidat pour briguer le mandat de <strong data-start=\"470\" data-end=\"503\">maire de Saint-Di\u00e9-des-Vosges<\/strong>, lors des <strong data-start=\"514\" data-end=\"557\">\u00e9lections municipales des 15 et 22 mars<\/strong> prochains.<\/a> Un mois et demi plus tard, ce mardi soir, il a officiellement donn\u00e9 le coup d&rsquo;envoi de sa campagne au <strong data-start=\"671\" data-end=\"686\">caf\u00e9 Thiers<\/strong>.<\/h2>\n<p data-start=\"385\" data-end=\"689\"><!--more--><\/p>\n<p data-start=\"691\" data-end=\"1159\">\u00ab J\u2019ai choisi de lancer ma campagne dans un bar, <strong data-start=\"740\" data-end=\"754\">rue Thiers<\/strong>, un lieu embl\u00e9matique du <strong data-start=\"780\" data-end=\"796\">centre-ville<\/strong>, pour deux raisons : soutenir les <strong data-start=\"831\" data-end=\"859\">commer\u00e7ants de proximit\u00e9<\/strong>, qui font vivre Saint-Di\u00e9-des-Vosges, et affirmer ma volont\u00e9 de faire du centre-ville un c\u0153ur anim\u00e9, vivant et attractif. J\u2019ai des <strong data-start=\"995\" data-end=\"1015\">projets concrets<\/strong> que je pr\u00e9senterai tout au long de cette campagne \u00bb a d\u00e9clar\u00e9 le candidat, avant d&rsquo;expliquer son choix de revenir vivre dans sa ville natale.<\/p>\n<p data-start=\"1161\" data-end=\"1491\">\u00ab Beaucoup de jeunes partent faute de perspectives. Moi, j\u2019ai fait le choix inverse. <strong data-start=\"1250\" data-end=\"1282\">J&rsquo;avais une carri\u00e8re \u00e0 Paris<\/strong> et je reviens m\u2019installer ici, pour y fonder une famille et me battre pour ma ville. Je suis n\u00e9 et j&rsquo;ai grandi ici. Saint-Di\u00e9-des-Vosges a des <strong data-start=\"1434\" data-end=\"1453\">atouts immenses<\/strong>, nous devons mieux les exploiter. \u00bb<\/p>\n<p data-start=\"1493\" data-end=\"1809\"><strong data-start=\"1553\" data-end=\"1568\">Jan Verdonk<\/strong> a insist\u00e9 hier soir sur le fait que sa <strong data-start=\"1608\" data-end=\"1662\">candidature aux \u00e9lections municipales d\u00e9odatiennes<\/strong> n&rsquo;\u00e9tait soutenue par <strong data-start=\"1684\" data-end=\"1709\">aucun parti politique<\/strong>. \u00ab Je ne suis pas le pion d&rsquo;un parti, ni un parachut\u00e9. Je suis un homme libre et d\u00e9termin\u00e9. \u00bb Il a par ailleurs d\u00e9missionn\u00e9 du <strong>Bureau national des Jeunes Radicaux.<\/strong><\/p>\n<p data-start=\"1811\" data-end=\"2305\"><strong data-start=\"1811\" data-end=\"1838\">La sant\u00e9 et la s\u00e9curit\u00e9<\/strong> figurent parmi les priorit\u00e9s du candidat.\u00a0\u00ab \u00c0 Saint-Di\u00e9-des-Vosges, il n\u2019est plus normal d\u2019attendre <strong data-start=\"1950\" data-end=\"1962\">six mois<\/strong> pour un rendez-vous chez un ophtalmologue ou de parcourir <strong data-start=\"2021\" data-end=\"2030\">60 km<\/strong> pour consulter un p\u00e9diatre. Ce n\u2019est pas une fatalit\u00e9. En tant que maire, je m\u00e8nerai une politique offensive pour attirer des <strong data-start=\"2157\" data-end=\"2184\">professionnels de sant\u00e9<\/strong>. Quant \u00e0 la s\u00e9curit\u00e9, ce n\u2019est pas harceler les habitants pour du stationnement ou des zones de circulation mal construites. \u00bb<\/p>\n<p data-start=\"2307\" data-end=\"2665\">Son programme s&rsquo;articule autour de <strong data-start=\"2346\" data-end=\"2363\">9 grands axes<\/strong>, qui seront d\u00e9taill\u00e9s lors de la <strong data-start=\"2397\" data-end=\"2421\">soir\u00e9e du 17 f\u00e9vrier<\/strong> en m\u00eame temps que la pr\u00e9sentation de ses <strong data-start=\"2463\" data-end=\"2477\">colistiers<\/strong>. Hier soir, Jan Verdonk a d\u00e9voil\u00e9 2 de ces axes : <strong data-start=\"2528\" data-end=\"2585\">\u00ab mieux vivre \u00e0 Saint-Di\u00e9-des-Vosges, tout de suite \u00bb<\/strong> et<strong> \u00ab pr\u00e9parer l&rsquo;avenir de Saint-Di\u00e9-des-Vosges, avec une vision sur 20 ans \u00bb.<\/strong><\/p>\n<p data-start=\"2667\" data-end=\"2905\">Parmi ses ambitions s&rsquo;il est \u00e9lu maire, le candidat veut cr\u00e9er <strong data-start=\"2729\" data-end=\"2745\">2000 emplois<\/strong> sur la ville, am\u00e9nager les <strong data-start=\"2773\" data-end=\"2796\">rives de la Meurthe<\/strong>, cr\u00e9er un <strong data-start=\"2807\" data-end=\"2825\">march\u00e9 couvert<\/strong> ou <strong data-start=\"2856\" data-end=\"2902\">\u00ab reprendre les r\u00eanes de l&rsquo;Agglom\u00e9ration \u00bb<\/strong>. Jan Verdonk ouvrira prochainement son <strong data-start=\"2949\" data-end=\"2970\">local de campagne<\/strong> <strong data-start=\"2971\" data-end=\"2985\">rue Thiers<\/strong>.<\/p>\n","protected":false},"excerpt":{"rendered":"<p>D\u00e9but d\u00e9cembre, Jan Verdonk s&rsquo;est d\u00e9clar\u00e9 candidat pour briguer le mandat de maire de Saint-Di\u00e9-des-Vosges, lors des \u00e9lections municipales des [&hellip;]<\/p>\n","protected":false},"author":46,"featured_media":87009,"comment_status":"open","ping_status":"open","sticky":false,"template":"","format":"standard","meta":{"footnotes":""},"categories":[460,10,167],"tags":[18460,19876,19875,19604,19244,2881,629,100],"class_list":["post-87008","post","type-post","status-publish","format-standard","has-post-thumbnail","hentry","category-a-la-une","category-politique","category-saint-die-des-vosges","tag-agglomeration-de-saint-die-des-vosges","tag-campagne","tag-candidat","tag-elections-municipales","tag-jan-verdonk","tag-saint-die-des-vosges","tag-sante","tag-securite"],"acf":[],"yoast_head":"<!-- This site is optimized with the Yoast SEO plugin v22.5 - https:\/\/yoast.com\/wordpress\/plugins\/seo\/ -->\n<title>Municipales 2026\u00a0: Jan Verdonk lance sa campagne au caf\u00e9 Thiers - Saint Die Info<\/title>\n<meta name=\"robots\" content=\"index, follow, max-snippet:-1, max-image-preview:large, max-video-preview:-1\" \/>\n<link rel=\"canonical\" href=\"https:\/\/vosgesinfo.fr\/saintdieinfo\/2026\/01\/municipales-2026-jan-verdonk-lance-sa-campagne-au-cafe-thiers\/\" \/>\n<meta name=\"twitter:card\" content=\"summary_large_image\" \/>\n<meta name=\"twitter:title\" content=\"Municipales 2026\u00a0: Jan Verdonk lance sa campagne au caf\u00e9 Thiers - Saint Die Info\" \/>\n<meta name=\"twitter:description\" content=\"D\u00e9but d\u00e9cembre, Jan Verdonk s&rsquo;est d\u00e9clar\u00e9 candidat pour briguer le mandat de maire de Saint-Di\u00e9-des-Vosges, lors des \u00e9lections municipales des [&hellip;]\" \/>\n<meta name=\"twitter:image\" content=\"https:\/\/vosgesinfo.fr\/app\/uploads\/sites\/4\/2026\/01\/municipales-2026-lancement-campagne-jan-verdonk.jpg\" \/>\n<meta name=\"twitter:creator\" content=\"@VosgesInfo88\" \/>\n<meta name=\"twitter:site\" content=\"@VosgesInfo88\" \/>\n<meta name=\"twitter:label1\" content=\"\u00c9crit par\" \/>\n\t<meta name=\"twitter:data1\" content=\"J.J.\" \/>\n\t<meta name=\"twitter:label2\" content=\"Dur\u00e9e de lecture estim\u00e9e\" \/>\n\t<meta name=\"twitter:data2\" content=\"3 minutes\" \/>\n<script type=\"application\/ld+json\" class=\"yoast-schema-graph\">{\"@context\":\"https:\/\/schema.org\",\"@graph\":[{\"@type\":\"Article\",\"@id\":\"https:\/\/vosgesinfo.fr\/saintdieinfo\/2026\/01\/municipales-2026-jan-verdonk-lance-sa-campagne-au-cafe-thiers\/#article\",\"isPartOf\":{\"@id\":\"https:\/\/vosgesinfo.fr\/saintdieinfo\/2026\/01\/municipales-2026-jan-verdonk-lance-sa-campagne-au-cafe-thiers\/\"},\"author\":{\"name\":\"J.J.\",\"@id\":\"https:\/\/vosgesinfo.fr\/saintdieinfo\/#\/schema\/person\/fa73e9f726d67bb88f46d5b7943cb572\"},\"headline\":\"Municipales 2026\u00a0: Jan Verdonk lance sa campagne au caf\u00e9 Thiers\",\"datePublished\":\"2026-01-21T14:53:41+00:00\",\"dateModified\":\"2026-01-21T16:14:32+00:00\",\"mainEntityOfPage\":{\"@id\":\"https:\/\/vosgesinfo.fr\/saintdieinfo\/2026\/01\/municipales-2026-jan-verdonk-lance-sa-campagne-au-cafe-thiers\/\"},\"wordCount\":443,\"commentCount\":3,\"publisher\":{\"@id\":\"https:\/\/vosgesinfo.fr\/saintdieinfo\/#organization\"},\"image\":{\"@id\":\"https:\/\/vosgesinfo.fr\/saintdieinfo\/2026\/01\/municipales-2026-jan-verdonk-lance-sa-campagne-au-cafe-thiers\/#primaryimage\"},\"thumbnailUrl\":\"https:\/\/vosgesinfo.fr\/app\/uploads\/sites\/4\/2026\/01\/municipales-2026-lancement-campagne-jan-verdonk.jpg\",\"keywords\":[\"Agglom\u00e9ration de Saint-Di\u00e9-des-Vosges\",\"campagne\",\"candidat\",\"\u00e9lections municipales\",\"Jan Verdonk\",\"Saint-Di\u00e9-des-Vosges\",\"sant\u00e9\",\"s\u00e9curit\u00e9\"],\"articleSection\":[\"A la Une\",\"Politique\",\"Saint-Di\u00e9-des-Vosges\"],\"inLanguage\":\"fr-FR\",\"potentialAction\":[{\"@type\":\"CommentAction\",\"name\":\"Comment\",\"target\":[\"https:\/\/vosgesinfo.fr\/saintdieinfo\/2026\/01\/municipales-2026-jan-verdonk-lance-sa-campagne-au-cafe-thiers\/#respond\"]}]},{\"@type\":\"WebPage\",\"@id\":\"https:\/\/vosgesinfo.fr\/saintdieinfo\/2026\/01\/municipales-2026-jan-verdonk-lance-sa-campagne-au-cafe-thiers\/\",\"url\":\"https:\/\/vosgesinfo.fr\/saintdieinfo\/2026\/01\/municipales-2026-jan-verdonk-lance-sa-campagne-au-cafe-thiers\/\",\"name\":\"Municipales 2026\u00a0: Jan Verdonk lance sa campagne au caf\u00e9 Thiers - Saint Die Info\",\"isPartOf\":{\"@id\":\"https:\/\/vosgesinfo.fr\/saintdieinfo\/#website\"},\"primaryImageOfPage\":{\"@id\":\"https:\/\/vosgesinfo.fr\/saintdieinfo\/2026\/01\/municipales-2026-jan-verdonk-lance-sa-campagne-au-cafe-thiers\/#primaryimage\"},\"image\":{\"@id\":\"https:\/\/vosgesinfo.fr\/saintdieinfo\/2026\/01\/municipales-2026-jan-verdonk-lance-sa-campagne-au-cafe-thiers\/#primaryimage\"},\"thumbnailUrl\":\"https:\/\/vosgesinfo.fr\/app\/uploads\/sites\/4\/2026\/01\/municipales-2026-lancement-campagne-jan-verdonk.jpg\",\"datePublished\":\"2026-01-21T14:53:41+00:00\",\"dateModified\":\"2026-01-21T16:14:32+00:00\",\"breadcrumb\":{\"@id\":\"https:\/\/vosgesinfo.fr\/saintdieinfo\/2026\/01\/municipales-2026-jan-verdonk-lance-sa-campagne-au-cafe-thiers\/#breadcrumb\"},\"inLanguage\":\"fr-FR\",\"potentialAction\":[{\"@type\":\"ReadAction\",\"target\":[\"https:\/\/vosgesinfo.fr\/saintdieinfo\/2026\/01\/municipales-2026-jan-verdonk-lance-sa-campagne-au-cafe-thiers\/\"]}]},{\"@type\":\"ImageObject\",\"inLanguage\":\"fr-FR\",\"@id\":\"https:\/\/vosgesinfo.fr\/saintdieinfo\/2026\/01\/municipales-2026-jan-verdonk-lance-sa-campagne-au-cafe-thiers\/#primaryimage\",\"url\":\"https:\/\/vosgesinfo.fr\/app\/uploads\/sites\/4\/2026\/01\/municipales-2026-lancement-campagne-jan-verdonk.jpg\",\"contentUrl\":\"https:\/\/vosgesinfo.fr\/app\/uploads\/sites\/4\/2026\/01\/municipales-2026-lancement-campagne-jan-verdonk.jpg\",\"width\":1434,\"height\":1080,\"caption\":\"(Archive)\"},{\"@type\":\"BreadcrumbList\",\"@id\":\"https:\/\/vosgesinfo.fr\/saintdieinfo\/2026\/01\/municipales-2026-jan-verdonk-lance-sa-campagne-au-cafe-thiers\/#breadcrumb\",\"itemListElement\":[{\"@type\":\"ListItem\",\"position\":1,\"name\":\"Home\",\"item\":\"https:\/\/vosgesinfo.fr\/saintdieinfo\/\"},{\"@type\":\"ListItem\",\"position\":2,\"name\":\"Municipales 2026\u00a0: Jan Verdonk lance sa campagne au caf\u00e9 Thiers\"}]},{\"@type\":\"WebSite\",\"@id\":\"https:\/\/vosgesinfo.fr\/saintdieinfo\/#website\",\"url\":\"https:\/\/vosgesinfo.fr\/saintdieinfo\/\",\"name\":\"Saint Die Info\",\"description\":\"Toute l&#039;actualit\u00e9 de Saint-Di\u00e9-Des-Vosges\",\"publisher\":{\"@id\":\"https:\/\/vosgesinfo.fr\/saintdieinfo\/#organization\"},\"alternateName\":\"Toute l'actualit\u00e9 de Saint-Di\u00e9-Des-Vosges\",\"potentialAction\":[{\"@type\":\"SearchAction\",\"target\":{\"@type\":\"EntryPoint\",\"urlTemplate\":\"https:\/\/vosgesinfo.fr\/saintdieinfo\/?s={search_term_string}\"},\"query-input\":\"required name=search_term_string\"}],\"inLanguage\":\"fr-FR\"},{\"@type\":\"Organization\",\"@id\":\"https:\/\/vosgesinfo.fr\/saintdieinfo\/#organization\",\"name\":\"Saint Die Info\",\"url\":\"https:\/\/vosgesinfo.fr\/saintdieinfo\/\",\"logo\":{\"@type\":\"ImageObject\",\"inLanguage\":\"fr-FR\",\"@id\":\"https:\/\/vosgesinfo.fr\/saintdieinfo\/#\/schema\/logo\/image\/\",\"url\":\"https:\/\/vosgesinfo.fr\/app\/uploads\/sites\/4\/2024\/02\/logo-sdi.jpg\",\"contentUrl\":\"https:\/\/vosgesinfo.fr\/app\/uploads\/sites\/4\/2024\/02\/logo-sdi.jpg\",\"width\":600,\"height\":600,\"caption\":\"Saint Die Info\"},\"image\":{\"@id\":\"https:\/\/vosgesinfo.fr\/saintdieinfo\/#\/schema\/logo\/image\/\"},\"sameAs\":[\"https:\/\/www.facebook.com\/Saintdieinfofr\",\"https:\/\/x.com\/VosgesInfo88\",\"https:\/\/www.youtube.com\/@vosgesinfo\"]},{\"@type\":\"Person\",\"@id\":\"https:\/\/vosgesinfo.fr\/saintdieinfo\/#\/schema\/person\/fa73e9f726d67bb88f46d5b7943cb572\",\"name\":\"J.J.\",\"image\":{\"@type\":\"ImageObject\",\"inLanguage\":\"fr-FR\",\"@id\":\"https:\/\/vosgesinfo.fr\/saintdieinfo\/#\/schema\/person\/image\/\",\"url\":\"https:\/\/secure.gravatar.com\/avatar\/219e749e47ffbcca018a360ae4add7d4cdf1cdaaf8bc7676b27efade3fe65615?s=96&d=mm&r=g\",\"contentUrl\":\"https:\/\/secure.gravatar.com\/avatar\/219e749e47ffbcca018a360ae4add7d4cdf1cdaaf8bc7676b27efade3fe65615?s=96&d=mm&r=g\",\"caption\":\"J.J.\"},\"url\":\"https:\/\/vosgesinfo.fr\/saintdieinfo\/author\/j-j\/\"}]}<\/script>\n<!-- \/ Yoast SEO plugin. -->","yoast_head_json":{"title":"Municipales 2026\u00a0: Jan Verdonk lance sa campagne au caf\u00e9 Thiers - Saint Die Info","robots":{"index":"index","follow":"follow","max-snippet":"max-snippet:-1","max-image-preview":"max-image-preview:large","max-video-preview":"max-video-preview:-1"},"canonical":"https:\/\/vosgesinfo.fr\/saintdieinfo\/2026\/01\/municipales-2026-jan-verdonk-lance-sa-campagne-au-cafe-thiers\/","twitter_card":"summary_large_image","twitter_title":"Municipales 2026\u00a0: Jan Verdonk lance sa campagne au caf\u00e9 Thiers - Saint Die Info","twitter_description":"D\u00e9but d\u00e9cembre, Jan Verdonk s&rsquo;est d\u00e9clar\u00e9 candidat pour briguer le mandat de maire de Saint-Di\u00e9-des-Vosges, lors des \u00e9lections municipales des [&hellip;]","twitter_image":"https:\/\/vosgesinfo.fr\/app\/uploads\/sites\/4\/2026\/01\/municipales-2026-lancement-campagne-jan-verdonk.jpg","twitter_creator":"@VosgesInfo88","twitter_site":"@VosgesInfo88","twitter_misc":{"\u00c9crit par":"J.J.","Dur\u00e9e de lecture estim\u00e9e":"3 minutes"},"schema":{"@context":"https:\/\/schema.org","@graph":[{"@type":"Article","@id":"https:\/\/vosgesinfo.fr\/saintdieinfo\/2026\/01\/municipales-2026-jan-verdonk-lance-sa-campagne-au-cafe-thiers\/#article","isPartOf":{"@id":"https:\/\/vosgesinfo.fr\/saintdieinfo\/2026\/01\/municipales-2026-jan-verdonk-lance-sa-campagne-au-cafe-thiers\/"},"author":{"name":"J.J.","@id":"https:\/\/vosgesinfo.fr\/saintdieinfo\/#\/schema\/person\/fa73e9f726d67bb88f46d5b7943cb572"},"headline":"Municipales 2026\u00a0: Jan Verdonk lance sa campagne au caf\u00e9 Thiers","datePublished":"2026-01-21T14:53:41+00:00","dateModified":"2026-01-21T16:14:32+00:00","mainEntityOfPage":{"@id":"https:\/\/vosgesinfo.fr\/saintdieinfo\/2026\/01\/municipales-2026-jan-verdonk-lance-sa-campagne-au-cafe-thiers\/"},"wordCount":443,"commentCount":3,"publisher":{"@id":"https:\/\/vosgesinfo.fr\/saintdieinfo\/#organization"},"image":{"@id":"https:\/\/vosgesinfo.fr\/saintdieinfo\/2026\/01\/municipales-2026-jan-verdonk-lance-sa-campagne-au-cafe-thiers\/#primaryimage"},"thumbnailUrl":"https:\/\/vosgesinfo.fr\/app\/uploads\/sites\/4\/2026\/01\/municipales-2026-lancement-campagne-jan-verdonk.jpg","keywords":["Agglom\u00e9ration de Saint-Di\u00e9-des-Vosges","campagne","candidat","\u00e9lections municipales","Jan Verdonk","Saint-Di\u00e9-des-Vosges","sant\u00e9","s\u00e9curit\u00e9"],"articleSection":["A la Une","Politique","Saint-Di\u00e9-des-Vosges"],"inLanguage":"fr-FR","potentialAction":[{"@type":"CommentAction","name":"Comment","target":["https:\/\/vosgesinfo.fr\/saintdieinfo\/2026\/01\/municipales-2026-jan-verdonk-lance-sa-campagne-au-cafe-thiers\/#respond"]}]},{"@type":"WebPage","@id":"https:\/\/vosgesinfo.fr\/saintdieinfo\/2026\/01\/municipales-2026-jan-verdonk-lance-sa-campagne-au-cafe-thiers\/","url":"https:\/\/vosgesinfo.fr\/saintdieinfo\/2026\/01\/municipales-2026-jan-verdonk-lance-sa-campagne-au-cafe-thiers\/","name":"Municipales 2026\u00a0: Jan Verdonk lance sa campagne au caf\u00e9 Thiers - Saint Die Info","isPartOf":{"@id":"https:\/\/vosgesinfo.fr\/saintdieinfo\/#website"},"primaryImageOfPage":{"@id":"https:\/\/vosgesinfo.fr\/saintdieinfo\/2026\/01\/municipales-2026-jan-verdonk-lance-sa-campagne-au-cafe-thiers\/#primaryimage"},"image":{"@id":"https:\/\/vosgesinfo.fr\/saintdieinfo\/2026\/01\/municipales-2026-jan-verdonk-lance-sa-campagne-au-cafe-thiers\/#primaryimage"},"thumbnailUrl":"https:\/\/vosgesinfo.fr\/app\/uploads\/sites\/4\/2026\/01\/municipales-2026-lancement-campagne-jan-verdonk.jpg","datePublished":"2026-01-21T14:53:41+00:00","dateModified":"2026-01-21T16:14:32+00:00","breadcrumb":{"@id":"https:\/\/vosgesinfo.fr\/saintdieinfo\/2026\/01\/municipales-2026-jan-verdonk-lance-sa-campagne-au-cafe-thiers\/#breadcrumb"},"inLanguage":"fr-FR","potentialAction":[{"@type":"ReadAction","target":["https:\/\/vosgesinfo.fr\/saintdieinfo\/2026\/01\/municipales-2026-jan-verdonk-lance-sa-campagne-au-cafe-thiers\/"]}]},{"@type":"ImageObject","inLanguage":"fr-FR","@id":"https:\/\/vosgesinfo.fr\/saintdieinfo\/2026\/01\/municipales-2026-jan-verdonk-lance-sa-campagne-au-cafe-thiers\/#primaryimage","url":"https:\/\/vosgesinfo.fr\/app\/uploads\/sites\/4\/2026\/01\/municipales-2026-lancement-campagne-jan-verdonk.jpg","contentUrl":"https:\/\/vosgesinfo.fr\/app\/uploads\/sites\/4\/2026\/01\/municipales-2026-lancement-campagne-jan-verdonk.jpg","width":1434,"height":1080,"caption":"(Archive)"},{"@type":"BreadcrumbList","@id":"https:\/\/vosgesinfo.fr\/saintdieinfo\/2026\/01\/municipales-2026-jan-verdonk-lance-sa-campagne-au-cafe-thiers\/#breadcrumb","itemListElement":[{"@type":"ListItem","position":1,"name":"Home","item":"https:\/\/vosgesinfo.fr\/saintdieinfo\/"},{"@type":"ListItem","position":2,"name":"Municipales 2026\u00a0: Jan Verdonk lance sa campagne au caf\u00e9 Thiers"}]},{"@type":"WebSite","@id":"https:\/\/vosgesinfo.fr\/saintdieinfo\/#website","url":"https:\/\/vosgesinfo.fr\/saintdieinfo\/","name":"Saint Die Info","description":"Toute l&#039;actualit\u00e9 de Saint-Di\u00e9-Des-Vosges","publisher":{"@id":"https:\/\/vosgesinfo.fr\/saintdieinfo\/#organization"},"alternateName":"Toute l'actualit\u00e9 de Saint-Di\u00e9-Des-Vosges","potentialAction":[{"@type":"SearchAction","target":{"@type":"EntryPoint","urlTemplate":"https:\/\/vosgesinfo.fr\/saintdieinfo\/?s={search_term_string}"},"query-input":"required name=search_term_string"}],"inLanguage":"fr-FR"},{"@type":"Organization","@id":"https:\/\/vosgesinfo.fr\/saintdieinfo\/#organization","name":"Saint Die Info","url":"https:\/\/vosgesinfo.fr\/saintdieinfo\/","logo":{"@type":"ImageObject","inLanguage":"fr-FR","@id":"https:\/\/vosgesinfo.fr\/saintdieinfo\/#\/schema\/logo\/image\/","url":"https:\/\/vosgesinfo.fr\/app\/uploads\/sites\/4\/2024\/02\/logo-sdi.jpg","contentUrl":"https:\/\/vosgesinfo.fr\/app\/uploads\/sites\/4\/2024\/02\/logo-sdi.jpg","width":600,"height":600,"caption":"Saint Die Info"},"image":{"@id":"https:\/\/vosgesinfo.fr\/saintdieinfo\/#\/schema\/logo\/image\/"},"sameAs":["https:\/\/www.facebook.com\/Saintdieinfofr","https:\/\/x.com\/VosgesInfo88","https:\/\/www.youtube.com\/@vosgesinfo"]},{"@type":"Person","@id":"https:\/\/vosgesinfo.fr\/saintdieinfo\/#\/schema\/person\/fa73e9f726d67bb88f46d5b7943cb572","name":"J.J.","image":{"@type":"ImageObject","inLanguage":"fr-FR","@id":"https:\/\/vosgesinfo.fr\/saintdieinfo\/#\/schema\/person\/image\/","url":"https:\/\/secure.gravatar.com\/avatar\/219e749e47ffbcca018a360ae4add7d4cdf1cdaaf8bc7676b27efade3fe65615?s=96&d=mm&r=g","contentUrl":"https:\/\/secure.gravatar.com\/avatar\/219e749e47ffbcca018a360ae4add7d4cdf1cdaaf8bc7676b27efade3fe65615?s=96&d=mm&r=g","caption":"J.J."},"url":"https:\/\/vosgesinfo.fr\/saintdieinfo\/author\/j-j\/"}]}},"_links":{"self":[{"href":"https:\/\/vosgesinfo.fr\/saintdieinfo\/wp-json\/wp\/v2\/posts\/87008","targetHints":{"allow":["GET"]}}],"collection":[{"href":"https:\/\/vosgesinfo.fr\/saintdieinfo\/wp-json\/wp\/v2\/posts"}],"about":[{"href":"https:\/\/vosgesinfo.fr\/saintdieinfo\/wp-json\/wp\/v2\/types\/post"}],"author":[{"embeddable":true,"href":"https:\/\/vosgesinfo.fr\/saintdieinfo\/wp-json\/wp\/v2\/users\/46"}],"replies":[{"embeddable":true,"href":"https:\/\/vosgesinfo.fr\/saintdieinfo\/wp-json\/wp\/v2\/comments?post=87008"}],"version-history":[{"count":5,"href":"https:\/\/vosgesinfo.fr\/saintdieinfo\/wp-json\/wp\/v2\/posts\/87008\/revisions"}],"predecessor-version":[{"id":87019,"href":"https:\/\/vosgesinfo.fr\/saintdieinfo\/wp-json\/wp\/v2\/posts\/87008\/revisions\/87019"}],"wp:featuredmedia":[{"embeddable":true,"href":"https:\/\/vosgesinfo.fr\/saintdieinfo\/wp-json\/wp\/v2\/media\/87009"}],"wp:attachment":[{"href":"https:\/\/vosgesinfo.fr\/saintdieinfo\/wp-json\/wp\/v2\/media?parent=87008"}],"wp:term":[{"taxonomy":"category","embeddable":true,"href":"https:\/\/vosgesinfo.fr\/saintdieinfo\/wp-json\/wp\/v2\/categories?post=87008"},{"taxonomy":"post_tag","embeddable":true,"href":"https:\/\/vosgesinfo.fr\/saintdieinfo\/wp-json\/wp\/v2\/tags?post=87008"}],"curies":[{"name":"wp","href":"https:\/\/api.w.org\/{rel}","templated":true}]}}