{"id":87012,"date":"2026-01-21T16:22:36","date_gmt":"2026-01-21T15:22:36","guid":{"rendered":"https:\/\/vosgesinfo.fr\/saintdieinfo\/?p=87012"},"modified":"2026-01-21T16:09:38","modified_gmt":"2026-01-21T15:09:38","slug":"a-lordre-du-jour-du-conseil-municipal-de-saint-die-des-vosges-13","status":"publish","type":"post","link":"https:\/\/vosgesinfo.fr\/saintdieinfo\/2026\/01\/a-lordre-du-jour-du-conseil-municipal-de-saint-die-des-vosges-13\/","title":{"rendered":"\u00c0 l\u2019ordre du jour du Conseil Municipal de Saint-Di\u00e9-des-Vosges"},"content":{"rendered":"<div id=\"attachment_84465\" style=\"width: 1034px\" class=\"wp-caption alignnone\"><a href=\"https:\/\/vosgesinfo.fr\/app\/uploads\/sites\/4\/2025\/11\/cr-cm-06112025-2.jpg\"><img decoding=\"async\" aria-describedby=\"caption-attachment-84465\" class=\"size-large wp-image-84465\" src=\"https:\/\/vosgesinfo.fr\/app\/uploads\/sites\/4\/2025\/11\/cr-cm-06112025-2-1024x771.jpg\" alt=\"\" width=\"1024\" height=\"771\" srcset=\"https:\/\/vosgesinfo.fr\/app\/uploads\/sites\/4\/2025\/11\/cr-cm-06112025-2-1024x771.jpg 1024w, https:\/\/vosgesinfo.fr\/app\/uploads\/sites\/4\/2025\/11\/cr-cm-06112025-2-300x226.jpg 300w, https:\/\/vosgesinfo.fr\/app\/uploads\/sites\/4\/2025\/11\/cr-cm-06112025-2-768x578.jpg 768w, https:\/\/vosgesinfo.fr\/app\/uploads\/sites\/4\/2025\/11\/cr-cm-06112025-2.jpg 1434w\" sizes=\"(max-width: 1024px) 100vw, 1024px\" \/><\/a><p id=\"caption-attachment-84465\" class=\"wp-caption-text\">(Archive)<\/p><\/div>\n<h2>Le <strong data-start=\"132\" data-end=\"177\">Conseil Municipal de Saint-Di\u00e9-des-Vosges<\/strong> se r\u00e9unira <strong data-start=\"189\" data-end=\"223\">demain jeudi 21 janvier, \u00e0 17h<\/strong> au Grand Salon de l\u2019H\u00f4tel de Ville. Pour cette premi\u00e8re s\u00e9ance de l\u2019ann\u00e9e 2026, les \u00e9lus d\u00e9odatiens se pencheront sur les 5 points suivants \u00e0 l\u2019ordre du jour :<\/h2>\n<p><!--more--><\/p>\n<p data-start=\"146\" data-end=\"173\"><strong data-start=\"146\" data-end=\"171\">Points d\u2019informations<\/strong><\/p>\n<ol data-start=\"175\" data-end=\"709\">\n<li data-start=\"175\" data-end=\"262\">\n<p data-start=\"178\" data-end=\"262\">Adoption du <strong data-start=\"190\" data-end=\"220\">proc\u00e8s-verbal de la s\u00e9ance<\/strong> du Conseil municipal du 4 d\u00e9cembre 2025<\/p>\n<\/li>\n<li data-start=\"263\" data-end=\"429\">\n<p data-start=\"266\" data-end=\"429\"><strong data-start=\"266\" data-end=\"283\">Avenant n\u00b0 05<\/strong> \u00e0 la convention de d\u00e9l\u00e9gation de production et de distribution de chaleur conclue avec la soci\u00e9t\u00e9 DALKIA France \u2013 Cr\u00e9ation d\u2019une soci\u00e9t\u00e9 d\u00e9di\u00e9e<\/p>\n<\/li>\n<li data-start=\"430\" data-end=\"516\">\n<p data-start=\"433\" data-end=\"516\">Augmentation du capital social de la <strong data-start=\"470\" data-end=\"514\">Soci\u00e9t\u00e9 Publique Locale SLIM Territoires<\/strong><\/p>\n<\/li>\n<li data-start=\"517\" data-end=\"662\">\n<p data-start=\"520\" data-end=\"662\">Mise \u00e0 jour du <strong data-start=\"535\" data-end=\"558\">r\u00e9gime indemnitaire<\/strong> tenant compte des fonctions, des suj\u00e9tions, de l\u2019expertise et de l\u2019engagement professionnel (RIFSEEP)<\/p>\n<\/li>\n<li data-start=\"663\" data-end=\"709\">\n<p data-start=\"666\" data-end=\"709\">Modification du <strong data-start=\"682\" data-end=\"707\">tableau des effectifs<\/strong><\/p>\n<\/li>\n<\/ol>\n<p>&#8211;<\/p>\n<p data-start=\"711\" data-end=\"775\">Compte-rendu des d\u00e9cisions du Maire et des march\u00e9s publics<\/p>\n<p data-start=\"711\" data-end=\"775\">Questions diverses<\/p>\n","protected":false},"excerpt":{"rendered":"<p>Le Conseil Municipal de Saint-Di\u00e9-des-Vosges se r\u00e9unira demain jeudi 21 janvier, \u00e0 17h au Grand Salon de l\u2019H\u00f4tel de Ville. [&hellip;]<\/p>\n","protected":false},"author":46,"featured_media":84465,"comment_status":"open","ping_status":"open","sticky":false,"template":"","format":"standard","meta":{"footnotes":""},"categories":[460,10,167],"tags":[7916,19877,18794,19879,2881,19878],"class_list":["post-87012","post","type-post","status-publish","format-standard","has-post-thumbnail","hentry","category-a-la-une","category-politique","category-saint-die-des-vosges","tag-conseil-municipal","tag-dalkia-france","tag-ordre-du-jour","tag-rifseep","tag-saint-die-des-vosges","tag-slim-territoires"],"acf":[],"yoast_head":"<!-- This site is optimized with the Yoast SEO plugin v22.5 - https:\/\/yoast.com\/wordpress\/plugins\/seo\/ -->\n<title>\u00c0 l\u2019ordre du jour du Conseil Municipal de Saint-Di\u00e9-des-Vosges - Saint Die Info<\/title>\n<meta name=\"robots\" content=\"index, follow, max-snippet:-1, max-image-preview:large, max-video-preview:-1\" \/>\n<link rel=\"canonical\" href=\"https:\/\/vosgesinfo.fr\/saintdieinfo\/2026\/01\/a-lordre-du-jour-du-conseil-municipal-de-saint-die-des-vosges-13\/\" \/>\n<meta name=\"twitter:card\" content=\"summary_large_image\" \/>\n<meta name=\"twitter:title\" content=\"\u00c0 l\u2019ordre du jour du Conseil Municipal de Saint-Di\u00e9-des-Vosges - Saint Die Info\" \/>\n<meta name=\"twitter:description\" content=\"Le Conseil Municipal de Saint-Di\u00e9-des-Vosges se r\u00e9unira demain jeudi 21 janvier, \u00e0 17h au Grand Salon de l\u2019H\u00f4tel de Ville. [&hellip;]\" \/>\n<meta name=\"twitter:image\" content=\"https:\/\/vosgesinfo.fr\/app\/uploads\/sites\/4\/2025\/11\/cr-cm-06112025-2.jpg\" \/>\n<meta name=\"twitter:creator\" content=\"@VosgesInfo88\" \/>\n<meta name=\"twitter:site\" content=\"@VosgesInfo88\" \/>\n<meta name=\"twitter:label1\" content=\"\u00c9crit par\" \/>\n\t<meta name=\"twitter:data1\" content=\"J.J.\" \/>\n\t<meta name=\"twitter:label2\" content=\"Dur\u00e9e de lecture estim\u00e9e\" \/>\n\t<meta name=\"twitter:data2\" content=\"2 minutes\" \/>\n<script type=\"application\/ld+json\" class=\"yoast-schema-graph\">{\"@context\":\"https:\/\/schema.org\",\"@graph\":[{\"@type\":\"Article\",\"@id\":\"https:\/\/vosgesinfo.fr\/saintdieinfo\/2026\/01\/a-lordre-du-jour-du-conseil-municipal-de-saint-die-des-vosges-13\/#article\",\"isPartOf\":{\"@id\":\"https:\/\/vosgesinfo.fr\/saintdieinfo\/2026\/01\/a-lordre-du-jour-du-conseil-municipal-de-saint-die-des-vosges-13\/\"},\"author\":{\"name\":\"J.J.\",\"@id\":\"https:\/\/vosgesinfo.fr\/saintdieinfo\/#\/schema\/person\/fa73e9f726d67bb88f46d5b7943cb572\"},\"headline\":\"\u00c0 l\u2019ordre du jour du Conseil Municipal de Saint-Di\u00e9-des-Vosges\",\"datePublished\":\"2026-01-21T15:22:36+00:00\",\"dateModified\":\"2026-01-21T15:09:38+00:00\",\"mainEntityOfPage\":{\"@id\":\"https:\/\/vosgesinfo.fr\/saintdieinfo\/2026\/01\/a-lordre-du-jour-du-conseil-municipal-de-saint-die-des-vosges-13\/\"},\"wordCount\":165,\"commentCount\":1,\"publisher\":{\"@id\":\"https:\/\/vosgesinfo.fr\/saintdieinfo\/#organization\"},\"image\":{\"@id\":\"https:\/\/vosgesinfo.fr\/saintdieinfo\/2026\/01\/a-lordre-du-jour-du-conseil-municipal-de-saint-die-des-vosges-13\/#primaryimage\"},\"thumbnailUrl\":\"https:\/\/vosgesinfo.fr\/app\/uploads\/sites\/4\/2025\/11\/cr-cm-06112025-2.jpg\",\"keywords\":[\"Conseil Municipal\",\"DALKIA France\",\"Ordre du jour\",\"RIFSEEP\",\"Saint-Di\u00e9-des-Vosges\",\"SLIM Territoires\"],\"articleSection\":[\"A la Une\",\"Politique\",\"Saint-Di\u00e9-des-Vosges\"],\"inLanguage\":\"fr-FR\",\"potentialAction\":[{\"@type\":\"CommentAction\",\"name\":\"Comment\",\"target\":[\"https:\/\/vosgesinfo.fr\/saintdieinfo\/2026\/01\/a-lordre-du-jour-du-conseil-municipal-de-saint-die-des-vosges-13\/#respond\"]}]},{\"@type\":\"WebPage\",\"@id\":\"https:\/\/vosgesinfo.fr\/saintdieinfo\/2026\/01\/a-lordre-du-jour-du-conseil-municipal-de-saint-die-des-vosges-13\/\",\"url\":\"https:\/\/vosgesinfo.fr\/saintdieinfo\/2026\/01\/a-lordre-du-jour-du-conseil-municipal-de-saint-die-des-vosges-13\/\",\"name\":\"\u00c0 l\u2019ordre du jour du Conseil Municipal de Saint-Di\u00e9-des-Vosges - Saint Die Info\",\"isPartOf\":{\"@id\":\"https:\/\/vosgesinfo.fr\/saintdieinfo\/#website\"},\"primaryImageOfPage\":{\"@id\":\"https:\/\/vosgesinfo.fr\/saintdieinfo\/2026\/01\/a-lordre-du-jour-du-conseil-municipal-de-saint-die-des-vosges-13\/#primaryimage\"},\"image\":{\"@id\":\"https:\/\/vosgesinfo.fr\/saintdieinfo\/2026\/01\/a-lordre-du-jour-du-conseil-municipal-de-saint-die-des-vosges-13\/#primaryimage\"},\"thumbnailUrl\":\"https:\/\/vosgesinfo.fr\/app\/uploads\/sites\/4\/2025\/11\/cr-cm-06112025-2.jpg\",\"datePublished\":\"2026-01-21T15:22:36+00:00\",\"dateModified\":\"2026-01-21T15:09:38+00:00\",\"breadcrumb\":{\"@id\":\"https:\/\/vosgesinfo.fr\/saintdieinfo\/2026\/01\/a-lordre-du-jour-du-conseil-municipal-de-saint-die-des-vosges-13\/#breadcrumb\"},\"inLanguage\":\"fr-FR\",\"potentialAction\":[{\"@type\":\"ReadAction\",\"target\":[\"https:\/\/vosgesinfo.fr\/saintdieinfo\/2026\/01\/a-lordre-du-jour-du-conseil-municipal-de-saint-die-des-vosges-13\/\"]}]},{\"@type\":\"ImageObject\",\"inLanguage\":\"fr-FR\",\"@id\":\"https:\/\/vosgesinfo.fr\/saintdieinfo\/2026\/01\/a-lordre-du-jour-du-conseil-municipal-de-saint-die-des-vosges-13\/#primaryimage\",\"url\":\"https:\/\/vosgesinfo.fr\/app\/uploads\/sites\/4\/2025\/11\/cr-cm-06112025-2.jpg\",\"contentUrl\":\"https:\/\/vosgesinfo.fr\/app\/uploads\/sites\/4\/2025\/11\/cr-cm-06112025-2.jpg\",\"width\":1434,\"height\":1080,\"caption\":\"(Archive)\"},{\"@type\":\"BreadcrumbList\",\"@id\":\"https:\/\/vosgesinfo.fr\/saintdieinfo\/2026\/01\/a-lordre-du-jour-du-conseil-municipal-de-saint-die-des-vosges-13\/#breadcrumb\",\"itemListElement\":[{\"@type\":\"ListItem\",\"position\":1,\"name\":\"Home\",\"item\":\"https:\/\/vosgesinfo.fr\/saintdieinfo\/\"},{\"@type\":\"ListItem\",\"position\":2,\"name\":\"\u00c0 l\u2019ordre du jour du Conseil Municipal de Saint-Di\u00e9-des-Vosges\"}]},{\"@type\":\"WebSite\",\"@id\":\"https:\/\/vosgesinfo.fr\/saintdieinfo\/#website\",\"url\":\"https:\/\/vosgesinfo.fr\/saintdieinfo\/\",\"name\":\"Saint Die Info\",\"description\":\"Toute l&#039;actualit\u00e9 de Saint-Di\u00e9-Des-Vosges\",\"publisher\":{\"@id\":\"https:\/\/vosgesinfo.fr\/saintdieinfo\/#organization\"},\"alternateName\":\"Toute l'actualit\u00e9 de Saint-Di\u00e9-Des-Vosges\",\"potentialAction\":[{\"@type\":\"SearchAction\",\"target\":{\"@type\":\"EntryPoint\",\"urlTemplate\":\"https:\/\/vosgesinfo.fr\/saintdieinfo\/?s={search_term_string}\"},\"query-input\":\"required name=search_term_string\"}],\"inLanguage\":\"fr-FR\"},{\"@type\":\"Organization\",\"@id\":\"https:\/\/vosgesinfo.fr\/saintdieinfo\/#organization\",\"name\":\"Saint Die Info\",\"url\":\"https:\/\/vosgesinfo.fr\/saintdieinfo\/\",\"logo\":{\"@type\":\"ImageObject\",\"inLanguage\":\"fr-FR\",\"@id\":\"https:\/\/vosgesinfo.fr\/saintdieinfo\/#\/schema\/logo\/image\/\",\"url\":\"https:\/\/vosgesinfo.fr\/app\/uploads\/sites\/4\/2024\/02\/logo-sdi.jpg\",\"contentUrl\":\"https:\/\/vosgesinfo.fr\/app\/uploads\/sites\/4\/2024\/02\/logo-sdi.jpg\",\"width\":600,\"height\":600,\"caption\":\"Saint Die Info\"},\"image\":{\"@id\":\"https:\/\/vosgesinfo.fr\/saintdieinfo\/#\/schema\/logo\/image\/\"},\"sameAs\":[\"https:\/\/www.facebook.com\/Saintdieinfofr\",\"https:\/\/x.com\/VosgesInfo88\",\"https:\/\/www.youtube.com\/@vosgesinfo\"]},{\"@type\":\"Person\",\"@id\":\"https:\/\/vosgesinfo.fr\/saintdieinfo\/#\/schema\/person\/fa73e9f726d67bb88f46d5b7943cb572\",\"name\":\"J.J.\",\"image\":{\"@type\":\"ImageObject\",\"inLanguage\":\"fr-FR\",\"@id\":\"https:\/\/vosgesinfo.fr\/saintdieinfo\/#\/schema\/person\/image\/\",\"url\":\"https:\/\/secure.gravatar.com\/avatar\/219e749e47ffbcca018a360ae4add7d4cdf1cdaaf8bc7676b27efade3fe65615?s=96&d=mm&r=g\",\"contentUrl\":\"https:\/\/secure.gravatar.com\/avatar\/219e749e47ffbcca018a360ae4add7d4cdf1cdaaf8bc7676b27efade3fe65615?s=96&d=mm&r=g\",\"caption\":\"J.J.\"},\"url\":\"https:\/\/vosgesinfo.fr\/saintdieinfo\/author\/j-j\/\"}]}<\/script>\n<!-- \/ Yoast SEO plugin. -->","yoast_head_json":{"title":"\u00c0 l\u2019ordre du jour du Conseil Municipal de Saint-Di\u00e9-des-Vosges - Saint Die Info","robots":{"index":"index","follow":"follow","max-snippet":"max-snippet:-1","max-image-preview":"max-image-preview:large","max-video-preview":"max-video-preview:-1"},"canonical":"https:\/\/vosgesinfo.fr\/saintdieinfo\/2026\/01\/a-lordre-du-jour-du-conseil-municipal-de-saint-die-des-vosges-13\/","twitter_card":"summary_large_image","twitter_title":"\u00c0 l\u2019ordre du jour du Conseil Municipal de Saint-Di\u00e9-des-Vosges - Saint Die Info","twitter_description":"Le Conseil Municipal de Saint-Di\u00e9-des-Vosges se r\u00e9unira demain jeudi 21 janvier, \u00e0 17h au Grand Salon de l\u2019H\u00f4tel de Ville. [&hellip;]","twitter_image":"https:\/\/vosgesinfo.fr\/app\/uploads\/sites\/4\/2025\/11\/cr-cm-06112025-2.jpg","twitter_creator":"@VosgesInfo88","twitter_site":"@VosgesInfo88","twitter_misc":{"\u00c9crit par":"J.J.","Dur\u00e9e de lecture estim\u00e9e":"2 minutes"},"schema":{"@context":"https:\/\/schema.org","@graph":[{"@type":"Article","@id":"https:\/\/vosgesinfo.fr\/saintdieinfo\/2026\/01\/a-lordre-du-jour-du-conseil-municipal-de-saint-die-des-vosges-13\/#article","isPartOf":{"@id":"https:\/\/vosgesinfo.fr\/saintdieinfo\/2026\/01\/a-lordre-du-jour-du-conseil-municipal-de-saint-die-des-vosges-13\/"},"author":{"name":"J.J.","@id":"https:\/\/vosgesinfo.fr\/saintdieinfo\/#\/schema\/person\/fa73e9f726d67bb88f46d5b7943cb572"},"headline":"\u00c0 l\u2019ordre du jour du Conseil Municipal de Saint-Di\u00e9-des-Vosges","datePublished":"2026-01-21T15:22:36+00:00","dateModified":"2026-01-21T15:09:38+00:00","mainEntityOfPage":{"@id":"https:\/\/vosgesinfo.fr\/saintdieinfo\/2026\/01\/a-lordre-du-jour-du-conseil-municipal-de-saint-die-des-vosges-13\/"},"wordCount":165,"commentCount":1,"publisher":{"@id":"https:\/\/vosgesinfo.fr\/saintdieinfo\/#organization"},"image":{"@id":"https:\/\/vosgesinfo.fr\/saintdieinfo\/2026\/01\/a-lordre-du-jour-du-conseil-municipal-de-saint-die-des-vosges-13\/#primaryimage"},"thumbnailUrl":"https:\/\/vosgesinfo.fr\/app\/uploads\/sites\/4\/2025\/11\/cr-cm-06112025-2.jpg","keywords":["Conseil Municipal","DALKIA France","Ordre du jour","RIFSEEP","Saint-Di\u00e9-des-Vosges","SLIM Territoires"],"articleSection":["A la Une","Politique","Saint-Di\u00e9-des-Vosges"],"inLanguage":"fr-FR","potentialAction":[{"@type":"CommentAction","name":"Comment","target":["https:\/\/vosgesinfo.fr\/saintdieinfo\/2026\/01\/a-lordre-du-jour-du-conseil-municipal-de-saint-die-des-vosges-13\/#respond"]}]},{"@type":"WebPage","@id":"https:\/\/vosgesinfo.fr\/saintdieinfo\/2026\/01\/a-lordre-du-jour-du-conseil-municipal-de-saint-die-des-vosges-13\/","url":"https:\/\/vosgesinfo.fr\/saintdieinfo\/2026\/01\/a-lordre-du-jour-du-conseil-municipal-de-saint-die-des-vosges-13\/","name":"\u00c0 l\u2019ordre du jour du Conseil Municipal de Saint-Di\u00e9-des-Vosges - Saint Die Info","isPartOf":{"@id":"https:\/\/vosgesinfo.fr\/saintdieinfo\/#website"},"primaryImageOfPage":{"@id":"https:\/\/vosgesinfo.fr\/saintdieinfo\/2026\/01\/a-lordre-du-jour-du-conseil-municipal-de-saint-die-des-vosges-13\/#primaryimage"},"image":{"@id":"https:\/\/vosgesinfo.fr\/saintdieinfo\/2026\/01\/a-lordre-du-jour-du-conseil-municipal-de-saint-die-des-vosges-13\/#primaryimage"},"thumbnailUrl":"https:\/\/vosgesinfo.fr\/app\/uploads\/sites\/4\/2025\/11\/cr-cm-06112025-2.jpg","datePublished":"2026-01-21T15:22:36+00:00","dateModified":"2026-01-21T15:09:38+00:00","breadcrumb":{"@id":"https:\/\/vosgesinfo.fr\/saintdieinfo\/2026\/01\/a-lordre-du-jour-du-conseil-municipal-de-saint-die-des-vosges-13\/#breadcrumb"},"inLanguage":"fr-FR","potentialAction":[{"@type":"ReadAction","target":["https:\/\/vosgesinfo.fr\/saintdieinfo\/2026\/01\/a-lordre-du-jour-du-conseil-municipal-de-saint-die-des-vosges-13\/"]}]},{"@type":"ImageObject","inLanguage":"fr-FR","@id":"https:\/\/vosgesinfo.fr\/saintdieinfo\/2026\/01\/a-lordre-du-jour-du-conseil-municipal-de-saint-die-des-vosges-13\/#primaryimage","url":"https:\/\/vosgesinfo.fr\/app\/uploads\/sites\/4\/2025\/11\/cr-cm-06112025-2.jpg","contentUrl":"https:\/\/vosgesinfo.fr\/app\/uploads\/sites\/4\/2025\/11\/cr-cm-06112025-2.jpg","width":1434,"height":1080,"caption":"(Archive)"},{"@type":"BreadcrumbList","@id":"https:\/\/vosgesinfo.fr\/saintdieinfo\/2026\/01\/a-lordre-du-jour-du-conseil-municipal-de-saint-die-des-vosges-13\/#breadcrumb","itemListElement":[{"@type":"ListItem","position":1,"name":"Home","item":"https:\/\/vosgesinfo.fr\/saintdieinfo\/"},{"@type":"ListItem","position":2,"name":"\u00c0 l\u2019ordre du jour du Conseil Municipal de Saint-Di\u00e9-des-Vosges"}]},{"@type":"WebSite","@id":"https:\/\/vosgesinfo.fr\/saintdieinfo\/#website","url":"https:\/\/vosgesinfo.fr\/saintdieinfo\/","name":"Saint Die Info","description":"Toute l&#039;actualit\u00e9 de Saint-Di\u00e9-Des-Vosges","publisher":{"@id":"https:\/\/vosgesinfo.fr\/saintdieinfo\/#organization"},"alternateName":"Toute l'actualit\u00e9 de Saint-Di\u00e9-Des-Vosges","potentialAction":[{"@type":"SearchAction","target":{"@type":"EntryPoint","urlTemplate":"https:\/\/vosgesinfo.fr\/saintdieinfo\/?s={search_term_string}"},"query-input":"required name=search_term_string"}],"inLanguage":"fr-FR"},{"@type":"Organization","@id":"https:\/\/vosgesinfo.fr\/saintdieinfo\/#organization","name":"Saint Die Info","url":"https:\/\/vosgesinfo.fr\/saintdieinfo\/","logo":{"@type":"ImageObject","inLanguage":"fr-FR","@id":"https:\/\/vosgesinfo.fr\/saintdieinfo\/#\/schema\/logo\/image\/","url":"https:\/\/vosgesinfo.fr\/app\/uploads\/sites\/4\/2024\/02\/logo-sdi.jpg","contentUrl":"https:\/\/vosgesinfo.fr\/app\/uploads\/sites\/4\/2024\/02\/logo-sdi.jpg","width":600,"height":600,"caption":"Saint Die Info"},"image":{"@id":"https:\/\/vosgesinfo.fr\/saintdieinfo\/#\/schema\/logo\/image\/"},"sameAs":["https:\/\/www.facebook.com\/Saintdieinfofr","https:\/\/x.com\/VosgesInfo88","https:\/\/www.youtube.com\/@vosgesinfo"]},{"@type":"Person","@id":"https:\/\/vosgesinfo.fr\/saintdieinfo\/#\/schema\/person\/fa73e9f726d67bb88f46d5b7943cb572","name":"J.J.","image":{"@type":"ImageObject","inLanguage":"fr-FR","@id":"https:\/\/vosgesinfo.fr\/saintdieinfo\/#\/schema\/person\/image\/","url":"https:\/\/secure.gravatar.com\/avatar\/219e749e47ffbcca018a360ae4add7d4cdf1cdaaf8bc7676b27efade3fe65615?s=96&d=mm&r=g","contentUrl":"https:\/\/secure.gravatar.com\/avatar\/219e749e47ffbcca018a360ae4add7d4cdf1cdaaf8bc7676b27efade3fe65615?s=96&d=mm&r=g","caption":"J.J."},"url":"https:\/\/vosgesinfo.fr\/saintdieinfo\/author\/j-j\/"}]}},"_links":{"self":[{"href":"https:\/\/vosgesinfo.fr\/saintdieinfo\/wp-json\/wp\/v2\/posts\/87012","targetHints":{"allow":["GET"]}}],"collection":[{"href":"https:\/\/vosgesinfo.fr\/saintdieinfo\/wp-json\/wp\/v2\/posts"}],"about":[{"href":"https:\/\/vosgesinfo.fr\/saintdieinfo\/wp-json\/wp\/v2\/types\/post"}],"author":[{"embeddable":true,"href":"https:\/\/vosgesinfo.fr\/saintdieinfo\/wp-json\/wp\/v2\/users\/46"}],"replies":[{"embeddable":true,"href":"https:\/\/vosgesinfo.fr\/saintdieinfo\/wp-json\/wp\/v2\/comments?post=87012"}],"version-history":[{"count":2,"href":"https:\/\/vosgesinfo.fr\/saintdieinfo\/wp-json\/wp\/v2\/posts\/87012\/revisions"}],"predecessor-version":[{"id":87014,"href":"https:\/\/vosgesinfo.fr\/saintdieinfo\/wp-json\/wp\/v2\/posts\/87012\/revisions\/87014"}],"wp:featuredmedia":[{"embeddable":true,"href":"https:\/\/vosgesinfo.fr\/saintdieinfo\/wp-json\/wp\/v2\/media\/84465"}],"wp:attachment":[{"href":"https:\/\/vosgesinfo.fr\/saintdieinfo\/wp-json\/wp\/v2\/media?parent=87012"}],"wp:term":[{"taxonomy":"category","embeddable":true,"href":"https:\/\/vosgesinfo.fr\/saintdieinfo\/wp-json\/wp\/v2\/categories?post=87012"},{"taxonomy":"post_tag","embeddable":true,"href":"https:\/\/vosgesinfo.fr\/saintdieinfo\/wp-json\/wp\/v2\/tags?post=87012"}],"curies":[{"name":"wp","href":"https:\/\/api.w.org\/{rel}","templated":true}]}}