{"id":87028,"date":"2026-01-22T09:22:02","date_gmt":"2026-01-22T08:22:02","guid":{"rendered":"https:\/\/vosgesinfo.fr\/saintdieinfo\/?p=87028"},"modified":"2026-01-22T09:10:15","modified_gmt":"2026-01-22T08:10:15","slug":"deces-du-10-au-20-janvier-2026","status":"publish","type":"post","link":"https:\/\/vosgesinfo.fr\/saintdieinfo\/2026\/01\/deces-du-10-au-20-janvier-2026\/","title":{"rendered":"D\u00e9c\u00e8s du 10 au 20 janvier 2026"},"content":{"rendered":"<ul>\n<li>10 janvier \u2013 <strong data-start=\"431\" data-end=\"468\">Barbara DESCHAMPS \u00e9pouse CHR\u00c9TIEN<\/strong>, <strong data-start=\"470\" data-end=\"480\">68 ans<\/strong>, domicili\u00e9(e) \u00e0 <strong data-start=\"497\" data-end=\"521\">Saint-Di\u00e9-des-Vosges<\/strong>.<\/li>\n<li>10 janvier \u2013 <strong data-start=\"538\" data-end=\"569\">Yasmina SA\u00cfDANI \u00e9pouse PICO<\/strong>, <strong data-start=\"571\" data-end=\"581\">61 ans<\/strong>, domicili\u00e9(e) \u00e0 <strong data-start=\"598\" data-end=\"622\">Saint-Di\u00e9-des-Vosges<\/strong>.<\/li>\n<li>13 janvier \u2013 <strong data-start=\"639\" data-end=\"672\">Maurice LATASSE \u00e9poux BOTALLA<\/strong>, <strong data-start=\"674\" data-end=\"684\">76 ans<\/strong>, domicili\u00e9(e) \u00e0 <strong data-start=\"701\" data-end=\"717\">Moyenmoutier<\/strong>.<\/li>\n<li>14 janvier \u2013 <strong data-start=\"734\" data-end=\"751\">R\u00e9mi GIORDANI<\/strong>, <strong data-start=\"753\" data-end=\"763\">72 ans<\/strong>, domicili\u00e9(e) \u00e0 <strong data-start=\"780\" data-end=\"792\">Gerb\u00e9pal<\/strong>.<\/li>\n<li>14 janvier \u2013 <strong data-start=\"809\" data-end=\"844\">Sabine OERTEL \u00e9pouse SOBOLEWSKI<\/strong>, <strong data-start=\"846\" data-end=\"856\">72 ans<\/strong>, domicili\u00e9(e) \u00e0 <strong data-start=\"873\" data-end=\"886\">Le Beulay<\/strong>.<\/li>\n<li>14 janvier \u2013 <strong data-start=\"903\" data-end=\"921\">Jacques POTIER<\/strong>, <strong data-start=\"923\" data-end=\"933\">88 ans<\/strong>, domicili\u00e9(e) \u00e0 <strong data-start=\"950\" data-end=\"974\">Saint-Di\u00e9-des-Vosges<\/strong>.<\/li>\n<li>15 janvier \u2013 <strong data-start=\"991\" data-end=\"1007\">Claude BEAUX<\/strong>, <strong data-start=\"1009\" data-end=\"1019\">90 ans<\/strong>, domicili\u00e9(e) \u00e0 <strong data-start=\"1036\" data-end=\"1058\">La Croix-aux-Mines<\/strong>.<\/li>\n<li>15 janvier \u2013 <strong data-start=\"1075\" data-end=\"1092\">Jean BLUNTZER<\/strong>, <strong data-start=\"1094\" data-end=\"1104\">81 ans<\/strong>, domicili\u00e9(e) \u00e0 <strong data-start=\"1121\" data-end=\"1134\">La Voivre<\/strong>.<\/li>\n<li>15 janvier \u2013 <strong data-start=\"1151\" data-end=\"1188\">Gilberte MARCHAL divorc\u00e9e LODWITZ<\/strong>, <strong data-start=\"1190\" data-end=\"1200\">88 ans<\/strong>, domicili\u00e9(e) \u00e0 <strong data-start=\"1217\" data-end=\"1233\">Raon l\u2019\u00c9tape<\/strong>.<\/li>\n<li>15 janvier \u2013 <strong data-start=\"1250\" data-end=\"1271\">Jean-Pierre MOREL<\/strong>, <strong data-start=\"1273\" data-end=\"1283\">69 ans<\/strong>, domicili\u00e9(e) \u00e0 <strong data-start=\"1300\" data-end=\"1316\">La Houssi\u00e8re<\/strong>.<\/li>\n<li>16 janvier \u2013 <strong data-start=\"1333\" data-end=\"1364\">Simone GUILLAUME veuve VOGT<\/strong>, <strong data-start=\"1366\" data-end=\"1376\">88 ans<\/strong>, domicili\u00e9(e) \u00e0 <strong data-start=\"1393\" data-end=\"1417\">Saint-Di\u00e9-des-Vosges<\/strong>.<\/li>\n<li>16 janvier \u2013 <strong data-start=\"1434\" data-end=\"1451\">Romano FURLAN<\/strong>, <strong data-start=\"1453\" data-end=\"1463\">84 ans<\/strong>, domicili\u00e9(e) \u00e0 <strong data-start=\"1480\" data-end=\"1504\">Saint-Di\u00e9-des-Vosges<\/strong>.<\/li>\n<li>17 janvier \u2013 <strong data-start=\"1521\" data-end=\"1556\">Arlette FALEYEUX veuve HILPIPRE<\/strong>, <strong data-start=\"1558\" data-end=\"1568\">88 ans<\/strong>, domicili\u00e9(e) \u00e0 <strong data-start=\"1585\" data-end=\"1606\">Sainte-Marguerite<\/strong>.<\/li>\n<li>17 janvier \u2013 <strong data-start=\"1623\" data-end=\"1644\">Michel HOUSSEMAND<\/strong>, <strong data-start=\"1646\" data-end=\"1656\">91 ans<\/strong>, domicili\u00e9(e) \u00e0 <strong data-start=\"1673\" data-end=\"1697\">Saint-Di\u00e9-des-Vosges<\/strong>.<\/li>\n<li>18 janvier \u2013 <strong data-start=\"1714\" data-end=\"1747\">Rosaria GENTILE veuve CHALLAL<\/strong>, <strong data-start=\"1749\" data-end=\"1759\">92 ans<\/strong>, domicili\u00e9(e) \u00e0 <strong data-start=\"1776\" data-end=\"1800\">Saint-Di\u00e9-des-Vosges<\/strong>.<\/li>\n<li>18 janvier \u2013 <strong data-start=\"1817\" data-end=\"1835\">Bernard HOSLIN<\/strong>, <strong data-start=\"1837\" data-end=\"1847\">75 ans<\/strong>, domicili\u00e9(e) \u00e0 <strong data-start=\"1864\" data-end=\"1876\">Mortagne<\/strong>.<\/li>\n<li>19 janvier \u2013 <strong data-start=\"1893\" data-end=\"1925\">Marcelle ANDRE \u00e9pouse RITTRE<\/strong>, <strong data-start=\"1927\" data-end=\"1937\">87 ans<\/strong>, domicili\u00e9(e) \u00e0 <strong data-start=\"1954\" data-end=\"1978\">Saint-Di\u00e9-des-Vosges<\/strong>.<\/li>\n<li>19 janvier \u2013 <strong data-start=\"1995\" data-end=\"2026\">Annie BLAISE veuve HOCQUAUX<\/strong>, <strong data-start=\"2028\" data-end=\"2038\">83 ans<\/strong>, domicili\u00e9(e) \u00e0 <strong data-start=\"2055\" data-end=\"2079\">Saint-Di\u00e9-des-Vosges<\/strong>.<\/li>\n<li>19 janvier \u2013 <strong data-start=\"2096\" data-end=\"2130\">Madeleine PERRIN veuve LAURAIN<\/strong>, <strong data-start=\"2132\" data-end=\"2142\">83 ans<\/strong>, domicili\u00e9(e) \u00e0 <strong data-start=\"2159\" data-end=\"2183\">Saint-Di\u00e9-des-Vosges<\/strong>.<\/li>\n<li>19 janvier \u2013 <strong data-start=\"2200\" data-end=\"2220\">Bernard ROUILLON<\/strong>, <strong data-start=\"2222\" data-end=\"2232\">77 ans<\/strong>, domicili\u00e9(e) \u00e0 <strong data-start=\"2249\" data-end=\"2274\">\u00c9tival-Clairefontaine<\/strong>.<\/li>\n<li>20 janvier \u2013 <strong data-start=\"2291\" data-end=\"2306\">Michel MARX<\/strong>, <strong data-start=\"2308\" data-end=\"2318\">78 ans<\/strong>, domicili\u00e9(e) \u00e0 <strong data-start=\"2335\" data-end=\"2346\">Senones<\/strong>.<\/li>\n<li>20 janvier \u2013 <strong data-start=\"2363\" data-end=\"2394\">Laure SIMON veuve TOUSSAINT<\/strong>, <strong data-start=\"2396\" data-end=\"2406\">93 ans<\/strong>, domicili\u00e9(e) \u00e0 <strong data-start=\"2423\" data-end=\"2435\">Baccarat<\/strong>.<\/li>\n<\/ul>\n","protected":false},"excerpt":{"rendered":"<p>10 janvier \u2013 Barbara DESCHAMPS \u00e9pouse CHR\u00c9TIEN, 68 ans, domicili\u00e9(e) \u00e0 Saint-Di\u00e9-des-Vosges. 10 janvier \u2013 Yasmina SA\u00cfDANI \u00e9pouse PICO, 61 [&hellip;]<\/p>\n","protected":false},"author":46,"featured_media":22022,"comment_status":"open","ping_status":"open","sticky":false,"template":"","format":"standard","meta":{"footnotes":""},"categories":[2949,5424,2915],"tags":[420,411],"class_list":["post-87028","post","type-post","status-publish","format-standard","has-post-thumbnail","hentry","category-avis-de-deces-carnet","category-etat-civil","category-saint-die-son-canton","tag-deces","tag-etat-civil"],"acf":[],"yoast_head":"<!-- This site is optimized with the Yoast SEO plugin v22.5 - https:\/\/yoast.com\/wordpress\/plugins\/seo\/ -->\n<title>D\u00e9c\u00e8s du 10 au 20 janvier 2026 - Saint Die Info<\/title>\n<meta name=\"robots\" content=\"index, follow, max-snippet:-1, max-image-preview:large, max-video-preview:-1\" \/>\n<link rel=\"canonical\" href=\"https:\/\/vosgesinfo.fr\/saintdieinfo\/2026\/01\/deces-du-10-au-20-janvier-2026\/\" \/>\n<meta name=\"twitter:card\" content=\"summary_large_image\" \/>\n<meta name=\"twitter:title\" content=\"D\u00e9c\u00e8s du 10 au 20 janvier 2026 - Saint Die Info\" \/>\n<meta name=\"twitter:description\" content=\"10 janvier \u2013 Barbara DESCHAMPS \u00e9pouse CHR\u00c9TIEN, 68 ans, domicili\u00e9(e) \u00e0 Saint-Di\u00e9-des-Vosges. 10 janvier \u2013 Yasmina SA\u00cfDANI \u00e9pouse PICO, 61 [&hellip;]\" \/>\n<meta name=\"twitter:image\" content=\"https:\/\/vosgesinfo.fr\/app\/uploads\/sites\/4\/2022\/01\/etat-civil.jpg\" \/>\n<meta name=\"twitter:creator\" content=\"@VosgesInfo88\" \/>\n<meta name=\"twitter:site\" content=\"@VosgesInfo88\" \/>\n<meta name=\"twitter:label1\" content=\"\u00c9crit par\" \/>\n\t<meta name=\"twitter:data1\" content=\"J.J.\" \/>\n\t<meta name=\"twitter:label2\" content=\"Dur\u00e9e de lecture estim\u00e9e\" \/>\n\t<meta name=\"twitter:data2\" content=\"1 minute\" \/>\n<script type=\"application\/ld+json\" class=\"yoast-schema-graph\">{\"@context\":\"https:\/\/schema.org\",\"@graph\":[{\"@type\":\"Article\",\"@id\":\"https:\/\/vosgesinfo.fr\/saintdieinfo\/2026\/01\/deces-du-10-au-20-janvier-2026\/#article\",\"isPartOf\":{\"@id\":\"https:\/\/vosgesinfo.fr\/saintdieinfo\/2026\/01\/deces-du-10-au-20-janvier-2026\/\"},\"author\":{\"name\":\"J.J.\",\"@id\":\"https:\/\/vosgesinfo.fr\/saintdieinfo\/#\/schema\/person\/fa73e9f726d67bb88f46d5b7943cb572\"},\"headline\":\"D\u00e9c\u00e8s du 10 au 20 janvier 2026\",\"datePublished\":\"2026-01-22T08:22:02+00:00\",\"dateModified\":\"2026-01-22T08:10:15+00:00\",\"mainEntityOfPage\":{\"@id\":\"https:\/\/vosgesinfo.fr\/saintdieinfo\/2026\/01\/deces-du-10-au-20-janvier-2026\/\"},\"wordCount\":206,\"commentCount\":1,\"publisher\":{\"@id\":\"https:\/\/vosgesinfo.fr\/saintdieinfo\/#organization\"},\"image\":{\"@id\":\"https:\/\/vosgesinfo.fr\/saintdieinfo\/2026\/01\/deces-du-10-au-20-janvier-2026\/#primaryimage\"},\"thumbnailUrl\":\"https:\/\/vosgesinfo.fr\/app\/uploads\/sites\/4\/2022\/01\/etat-civil.jpg\",\"keywords\":[\"D\u00e9c\u00e8s\",\"\u00e9tat civil\"],\"articleSection\":[\"Avis de d\u00e9c\u00e8s\",\"Etat-Civil\",\"Saint-Di\u00e9-des-Vosges et son Agglom\u00e9ration\"],\"inLanguage\":\"fr-FR\",\"potentialAction\":[{\"@type\":\"CommentAction\",\"name\":\"Comment\",\"target\":[\"https:\/\/vosgesinfo.fr\/saintdieinfo\/2026\/01\/deces-du-10-au-20-janvier-2026\/#respond\"]}]},{\"@type\":\"WebPage\",\"@id\":\"https:\/\/vosgesinfo.fr\/saintdieinfo\/2026\/01\/deces-du-10-au-20-janvier-2026\/\",\"url\":\"https:\/\/vosgesinfo.fr\/saintdieinfo\/2026\/01\/deces-du-10-au-20-janvier-2026\/\",\"name\":\"D\u00e9c\u00e8s du 10 au 20 janvier 2026 - Saint Die Info\",\"isPartOf\":{\"@id\":\"https:\/\/vosgesinfo.fr\/saintdieinfo\/#website\"},\"primaryImageOfPage\":{\"@id\":\"https:\/\/vosgesinfo.fr\/saintdieinfo\/2026\/01\/deces-du-10-au-20-janvier-2026\/#primaryimage\"},\"image\":{\"@id\":\"https:\/\/vosgesinfo.fr\/saintdieinfo\/2026\/01\/deces-du-10-au-20-janvier-2026\/#primaryimage\"},\"thumbnailUrl\":\"https:\/\/vosgesinfo.fr\/app\/uploads\/sites\/4\/2022\/01\/etat-civil.jpg\",\"datePublished\":\"2026-01-22T08:22:02+00:00\",\"dateModified\":\"2026-01-22T08:10:15+00:00\",\"breadcrumb\":{\"@id\":\"https:\/\/vosgesinfo.fr\/saintdieinfo\/2026\/01\/deces-du-10-au-20-janvier-2026\/#breadcrumb\"},\"inLanguage\":\"fr-FR\",\"potentialAction\":[{\"@type\":\"ReadAction\",\"target\":[\"https:\/\/vosgesinfo.fr\/saintdieinfo\/2026\/01\/deces-du-10-au-20-janvier-2026\/\"]}]},{\"@type\":\"ImageObject\",\"inLanguage\":\"fr-FR\",\"@id\":\"https:\/\/vosgesinfo.fr\/saintdieinfo\/2026\/01\/deces-du-10-au-20-janvier-2026\/#primaryimage\",\"url\":\"https:\/\/vosgesinfo.fr\/app\/uploads\/sites\/4\/2022\/01\/etat-civil.jpg\",\"contentUrl\":\"https:\/\/vosgesinfo.fr\/app\/uploads\/sites\/4\/2022\/01\/etat-civil.jpg\",\"width\":1200,\"height\":600},{\"@type\":\"BreadcrumbList\",\"@id\":\"https:\/\/vosgesinfo.fr\/saintdieinfo\/2026\/01\/deces-du-10-au-20-janvier-2026\/#breadcrumb\",\"itemListElement\":[{\"@type\":\"ListItem\",\"position\":1,\"name\":\"Home\",\"item\":\"https:\/\/vosgesinfo.fr\/saintdieinfo\/\"},{\"@type\":\"ListItem\",\"position\":2,\"name\":\"D\u00e9c\u00e8s du 10 au 20 janvier 2026\"}]},{\"@type\":\"WebSite\",\"@id\":\"https:\/\/vosgesinfo.fr\/saintdieinfo\/#website\",\"url\":\"https:\/\/vosgesinfo.fr\/saintdieinfo\/\",\"name\":\"Saint Die Info\",\"description\":\"Toute l&#039;actualit\u00e9 de Saint-Di\u00e9-Des-Vosges\",\"publisher\":{\"@id\":\"https:\/\/vosgesinfo.fr\/saintdieinfo\/#organization\"},\"alternateName\":\"Toute l'actualit\u00e9 de Saint-Di\u00e9-Des-Vosges\",\"potentialAction\":[{\"@type\":\"SearchAction\",\"target\":{\"@type\":\"EntryPoint\",\"urlTemplate\":\"https:\/\/vosgesinfo.fr\/saintdieinfo\/?s={search_term_string}\"},\"query-input\":\"required name=search_term_string\"}],\"inLanguage\":\"fr-FR\"},{\"@type\":\"Organization\",\"@id\":\"https:\/\/vosgesinfo.fr\/saintdieinfo\/#organization\",\"name\":\"Saint Die Info\",\"url\":\"https:\/\/vosgesinfo.fr\/saintdieinfo\/\",\"logo\":{\"@type\":\"ImageObject\",\"inLanguage\":\"fr-FR\",\"@id\":\"https:\/\/vosgesinfo.fr\/saintdieinfo\/#\/schema\/logo\/image\/\",\"url\":\"https:\/\/vosgesinfo.fr\/app\/uploads\/sites\/4\/2024\/02\/logo-sdi.jpg\",\"contentUrl\":\"https:\/\/vosgesinfo.fr\/app\/uploads\/sites\/4\/2024\/02\/logo-sdi.jpg\",\"width\":600,\"height\":600,\"caption\":\"Saint Die Info\"},\"image\":{\"@id\":\"https:\/\/vosgesinfo.fr\/saintdieinfo\/#\/schema\/logo\/image\/\"},\"sameAs\":[\"https:\/\/www.facebook.com\/Saintdieinfofr\",\"https:\/\/x.com\/VosgesInfo88\",\"https:\/\/www.youtube.com\/@vosgesinfo\"]},{\"@type\":\"Person\",\"@id\":\"https:\/\/vosgesinfo.fr\/saintdieinfo\/#\/schema\/person\/fa73e9f726d67bb88f46d5b7943cb572\",\"name\":\"J.J.\",\"image\":{\"@type\":\"ImageObject\",\"inLanguage\":\"fr-FR\",\"@id\":\"https:\/\/vosgesinfo.fr\/saintdieinfo\/#\/schema\/person\/image\/\",\"url\":\"https:\/\/secure.gravatar.com\/avatar\/219e749e47ffbcca018a360ae4add7d4cdf1cdaaf8bc7676b27efade3fe65615?s=96&d=mm&r=g\",\"contentUrl\":\"https:\/\/secure.gravatar.com\/avatar\/219e749e47ffbcca018a360ae4add7d4cdf1cdaaf8bc7676b27efade3fe65615?s=96&d=mm&r=g\",\"caption\":\"J.J.\"},\"url\":\"https:\/\/vosgesinfo.fr\/saintdieinfo\/author\/j-j\/\"}]}<\/script>\n<!-- \/ Yoast SEO plugin. -->","yoast_head_json":{"title":"D\u00e9c\u00e8s du 10 au 20 janvier 2026 - Saint Die Info","robots":{"index":"index","follow":"follow","max-snippet":"max-snippet:-1","max-image-preview":"max-image-preview:large","max-video-preview":"max-video-preview:-1"},"canonical":"https:\/\/vosgesinfo.fr\/saintdieinfo\/2026\/01\/deces-du-10-au-20-janvier-2026\/","twitter_card":"summary_large_image","twitter_title":"D\u00e9c\u00e8s du 10 au 20 janvier 2026 - Saint Die Info","twitter_description":"10 janvier \u2013 Barbara DESCHAMPS \u00e9pouse CHR\u00c9TIEN, 68 ans, domicili\u00e9(e) \u00e0 Saint-Di\u00e9-des-Vosges. 10 janvier \u2013 Yasmina SA\u00cfDANI \u00e9pouse PICO, 61 [&hellip;]","twitter_image":"https:\/\/vosgesinfo.fr\/app\/uploads\/sites\/4\/2022\/01\/etat-civil.jpg","twitter_creator":"@VosgesInfo88","twitter_site":"@VosgesInfo88","twitter_misc":{"\u00c9crit par":"J.J.","Dur\u00e9e de lecture estim\u00e9e":"1 minute"},"schema":{"@context":"https:\/\/schema.org","@graph":[{"@type":"Article","@id":"https:\/\/vosgesinfo.fr\/saintdieinfo\/2026\/01\/deces-du-10-au-20-janvier-2026\/#article","isPartOf":{"@id":"https:\/\/vosgesinfo.fr\/saintdieinfo\/2026\/01\/deces-du-10-au-20-janvier-2026\/"},"author":{"name":"J.J.","@id":"https:\/\/vosgesinfo.fr\/saintdieinfo\/#\/schema\/person\/fa73e9f726d67bb88f46d5b7943cb572"},"headline":"D\u00e9c\u00e8s du 10 au 20 janvier 2026","datePublished":"2026-01-22T08:22:02+00:00","dateModified":"2026-01-22T08:10:15+00:00","mainEntityOfPage":{"@id":"https:\/\/vosgesinfo.fr\/saintdieinfo\/2026\/01\/deces-du-10-au-20-janvier-2026\/"},"wordCount":206,"commentCount":1,"publisher":{"@id":"https:\/\/vosgesinfo.fr\/saintdieinfo\/#organization"},"image":{"@id":"https:\/\/vosgesinfo.fr\/saintdieinfo\/2026\/01\/deces-du-10-au-20-janvier-2026\/#primaryimage"},"thumbnailUrl":"https:\/\/vosgesinfo.fr\/app\/uploads\/sites\/4\/2022\/01\/etat-civil.jpg","keywords":["D\u00e9c\u00e8s","\u00e9tat civil"],"articleSection":["Avis de d\u00e9c\u00e8s","Etat-Civil","Saint-Di\u00e9-des-Vosges et son Agglom\u00e9ration"],"inLanguage":"fr-FR","potentialAction":[{"@type":"CommentAction","name":"Comment","target":["https:\/\/vosgesinfo.fr\/saintdieinfo\/2026\/01\/deces-du-10-au-20-janvier-2026\/#respond"]}]},{"@type":"WebPage","@id":"https:\/\/vosgesinfo.fr\/saintdieinfo\/2026\/01\/deces-du-10-au-20-janvier-2026\/","url":"https:\/\/vosgesinfo.fr\/saintdieinfo\/2026\/01\/deces-du-10-au-20-janvier-2026\/","name":"D\u00e9c\u00e8s du 10 au 20 janvier 2026 - Saint Die Info","isPartOf":{"@id":"https:\/\/vosgesinfo.fr\/saintdieinfo\/#website"},"primaryImageOfPage":{"@id":"https:\/\/vosgesinfo.fr\/saintdieinfo\/2026\/01\/deces-du-10-au-20-janvier-2026\/#primaryimage"},"image":{"@id":"https:\/\/vosgesinfo.fr\/saintdieinfo\/2026\/01\/deces-du-10-au-20-janvier-2026\/#primaryimage"},"thumbnailUrl":"https:\/\/vosgesinfo.fr\/app\/uploads\/sites\/4\/2022\/01\/etat-civil.jpg","datePublished":"2026-01-22T08:22:02+00:00","dateModified":"2026-01-22T08:10:15+00:00","breadcrumb":{"@id":"https:\/\/vosgesinfo.fr\/saintdieinfo\/2026\/01\/deces-du-10-au-20-janvier-2026\/#breadcrumb"},"inLanguage":"fr-FR","potentialAction":[{"@type":"ReadAction","target":["https:\/\/vosgesinfo.fr\/saintdieinfo\/2026\/01\/deces-du-10-au-20-janvier-2026\/"]}]},{"@type":"ImageObject","inLanguage":"fr-FR","@id":"https:\/\/vosgesinfo.fr\/saintdieinfo\/2026\/01\/deces-du-10-au-20-janvier-2026\/#primaryimage","url":"https:\/\/vosgesinfo.fr\/app\/uploads\/sites\/4\/2022\/01\/etat-civil.jpg","contentUrl":"https:\/\/vosgesinfo.fr\/app\/uploads\/sites\/4\/2022\/01\/etat-civil.jpg","width":1200,"height":600},{"@type":"BreadcrumbList","@id":"https:\/\/vosgesinfo.fr\/saintdieinfo\/2026\/01\/deces-du-10-au-20-janvier-2026\/#breadcrumb","itemListElement":[{"@type":"ListItem","position":1,"name":"Home","item":"https:\/\/vosgesinfo.fr\/saintdieinfo\/"},{"@type":"ListItem","position":2,"name":"D\u00e9c\u00e8s du 10 au 20 janvier 2026"}]},{"@type":"WebSite","@id":"https:\/\/vosgesinfo.fr\/saintdieinfo\/#website","url":"https:\/\/vosgesinfo.fr\/saintdieinfo\/","name":"Saint Die Info","description":"Toute l&#039;actualit\u00e9 de Saint-Di\u00e9-Des-Vosges","publisher":{"@id":"https:\/\/vosgesinfo.fr\/saintdieinfo\/#organization"},"alternateName":"Toute l'actualit\u00e9 de Saint-Di\u00e9-Des-Vosges","potentialAction":[{"@type":"SearchAction","target":{"@type":"EntryPoint","urlTemplate":"https:\/\/vosgesinfo.fr\/saintdieinfo\/?s={search_term_string}"},"query-input":"required name=search_term_string"}],"inLanguage":"fr-FR"},{"@type":"Organization","@id":"https:\/\/vosgesinfo.fr\/saintdieinfo\/#organization","name":"Saint Die Info","url":"https:\/\/vosgesinfo.fr\/saintdieinfo\/","logo":{"@type":"ImageObject","inLanguage":"fr-FR","@id":"https:\/\/vosgesinfo.fr\/saintdieinfo\/#\/schema\/logo\/image\/","url":"https:\/\/vosgesinfo.fr\/app\/uploads\/sites\/4\/2024\/02\/logo-sdi.jpg","contentUrl":"https:\/\/vosgesinfo.fr\/app\/uploads\/sites\/4\/2024\/02\/logo-sdi.jpg","width":600,"height":600,"caption":"Saint Die Info"},"image":{"@id":"https:\/\/vosgesinfo.fr\/saintdieinfo\/#\/schema\/logo\/image\/"},"sameAs":["https:\/\/www.facebook.com\/Saintdieinfofr","https:\/\/x.com\/VosgesInfo88","https:\/\/www.youtube.com\/@vosgesinfo"]},{"@type":"Person","@id":"https:\/\/vosgesinfo.fr\/saintdieinfo\/#\/schema\/person\/fa73e9f726d67bb88f46d5b7943cb572","name":"J.J.","image":{"@type":"ImageObject","inLanguage":"fr-FR","@id":"https:\/\/vosgesinfo.fr\/saintdieinfo\/#\/schema\/person\/image\/","url":"https:\/\/secure.gravatar.com\/avatar\/219e749e47ffbcca018a360ae4add7d4cdf1cdaaf8bc7676b27efade3fe65615?s=96&d=mm&r=g","contentUrl":"https:\/\/secure.gravatar.com\/avatar\/219e749e47ffbcca018a360ae4add7d4cdf1cdaaf8bc7676b27efade3fe65615?s=96&d=mm&r=g","caption":"J.J."},"url":"https:\/\/vosgesinfo.fr\/saintdieinfo\/author\/j-j\/"}]}},"_links":{"self":[{"href":"https:\/\/vosgesinfo.fr\/saintdieinfo\/wp-json\/wp\/v2\/posts\/87028","targetHints":{"allow":["GET"]}}],"collection":[{"href":"https:\/\/vosgesinfo.fr\/saintdieinfo\/wp-json\/wp\/v2\/posts"}],"about":[{"href":"https:\/\/vosgesinfo.fr\/saintdieinfo\/wp-json\/wp\/v2\/types\/post"}],"author":[{"embeddable":true,"href":"https:\/\/vosgesinfo.fr\/saintdieinfo\/wp-json\/wp\/v2\/users\/46"}],"replies":[{"embeddable":true,"href":"https:\/\/vosgesinfo.fr\/saintdieinfo\/wp-json\/wp\/v2\/comments?post=87028"}],"version-history":[{"count":1,"href":"https:\/\/vosgesinfo.fr\/saintdieinfo\/wp-json\/wp\/v2\/posts\/87028\/revisions"}],"predecessor-version":[{"id":87029,"href":"https:\/\/vosgesinfo.fr\/saintdieinfo\/wp-json\/wp\/v2\/posts\/87028\/revisions\/87029"}],"wp:featuredmedia":[{"embeddable":true,"href":"https:\/\/vosgesinfo.fr\/saintdieinfo\/wp-json\/wp\/v2\/media\/22022"}],"wp:attachment":[{"href":"https:\/\/vosgesinfo.fr\/saintdieinfo\/wp-json\/wp\/v2\/media?parent=87028"}],"wp:term":[{"taxonomy":"category","embeddable":true,"href":"https:\/\/vosgesinfo.fr\/saintdieinfo\/wp-json\/wp\/v2\/categories?post=87028"},{"taxonomy":"post_tag","embeddable":true,"href":"https:\/\/vosgesinfo.fr\/saintdieinfo\/wp-json\/wp\/v2\/tags?post=87028"}],"curies":[{"name":"wp","href":"https:\/\/api.w.org\/{rel}","templated":true}]}}