{"id":87030,"date":"2026-01-22T09:43:36","date_gmt":"2026-01-22T08:43:36","guid":{"rendered":"https:\/\/vosgesinfo.fr\/saintdieinfo\/?p=87030"},"modified":"2026-01-22T09:38:15","modified_gmt":"2026-01-22T08:38:15","slug":"afm-telethon-un-beau-cheque-grace-a-la-mobilisation-deodatienne","status":"publish","type":"post","link":"https:\/\/vosgesinfo.fr\/saintdieinfo\/2026\/01\/afm-telethon-un-beau-cheque-grace-a-la-mobilisation-deodatienne\/","title":{"rendered":"AFM-T\u00e9l\u00e9thon : un beau ch\u00e8que gr\u00e2ce \u00e0 la mobilisation d\u00e9odatienne"},"content":{"rendered":"<div id=\"attachment_87031\" style=\"width: 1034px\" class=\"wp-caption alignnone\"><a href=\"https:\/\/vosgesinfo.fr\/app\/uploads\/sites\/4\/2026\/01\/remise-cheque-telethon-3.jpg\"><img decoding=\"async\" aria-describedby=\"caption-attachment-87031\" class=\"size-large wp-image-87031\" src=\"https:\/\/vosgesinfo.fr\/app\/uploads\/sites\/4\/2026\/01\/remise-cheque-telethon-3-1024x683.jpg\" alt=\"\" width=\"1024\" height=\"683\" srcset=\"https:\/\/vosgesinfo.fr\/app\/uploads\/sites\/4\/2026\/01\/remise-cheque-telethon-3-1024x683.jpg 1024w, https:\/\/vosgesinfo.fr\/app\/uploads\/sites\/4\/2026\/01\/remise-cheque-telethon-3-300x200.jpg 300w, https:\/\/vosgesinfo.fr\/app\/uploads\/sites\/4\/2026\/01\/remise-cheque-telethon-3-768x512.jpg 768w, https:\/\/vosgesinfo.fr\/app\/uploads\/sites\/4\/2026\/01\/remise-cheque-telethon-3.jpg 1200w\" sizes=\"(max-width: 1024px) 100vw, 1024px\" \/><\/a><p id=\"caption-attachment-87031\" class=\"wp-caption-text\">(Photographies Marc Fourniquet)<\/p><\/div>\n<h2>En fin d&rsquo;ann\u00e9e derni\u00e8re et en tout d\u00e9but d&rsquo;ann\u00e9e, la <strong>solidarit\u00e9 d\u00e9odatienne<\/strong> s&rsquo;est mobilis\u00e9e en faveur du <a href=\"https:\/\/vosgesinfo.fr\/saintdieinfo\/2025\/11\/saint-die-des-vosges-se-met-en-action-pour-le-39e-telethon\/\" target=\"_blank\" rel=\"noopener\"><strong>39e T\u00e9l\u00e9thon<\/strong>, avec de nombreuses animations et temps forts<\/a>. Une mobilisation qui a permis de r\u00e9colter la coquette somme de <strong>5422,52 euros<\/strong>, qui a \u00e9t\u00e9 remise symboliquement \u00e0 l&rsquo;<strong>AFM-T\u00e9l\u00e9thon<\/strong> ce mercredi soir au <strong>Grand Salon de l&rsquo;H\u00f4tel de Ville<\/strong>.<\/h2>\n<p><!--more--><\/p>\n\n\t\t<style type=\"text\/css\">\n\t\t\t#gallery-1 {\n\t\t\t\tmargin: auto;\n\t\t\t}\n\t\t\t#gallery-1 .gallery-item {\n\t\t\t\tfloat: left;\n\t\t\t\tmargin-top: 10px;\n\t\t\t\ttext-align: center;\n\t\t\t\twidth: 50%;\n\t\t\t}\n\t\t\t#gallery-1 img {\n\t\t\t\tborder: 2px solid #cfcfcf;\n\t\t\t}\n\t\t\t#gallery-1 .gallery-caption {\n\t\t\t\tmargin-left: 0;\n\t\t\t}\n\t\t\t\/* see gallery_shortcode() in wp-includes\/media.php *\/\n\t\t<\/style>\n\t\t<div id='gallery-1' class='gallery galleryid-87030 gallery-columns-2 gallery-size-thumbnail'><dl class='gallery-item'>\n\t\t\t<dt class='gallery-icon landscape'>\n\t\t\t\t<a href='https:\/\/vosgesinfo.fr\/app\/uploads\/sites\/4\/2026\/01\/remise-cheque-telethon-2.jpg'><img decoding=\"async\" width=\"150\" height=\"150\" src=\"https:\/\/vosgesinfo.fr\/app\/uploads\/sites\/4\/2026\/01\/remise-cheque-telethon-2-150x150.jpg\" class=\"attachment-thumbnail size-thumbnail\" alt=\"\" \/><\/a>\n\t\t\t<\/dt><\/dl><dl class='gallery-item'>\n\t\t\t<dt class='gallery-icon landscape'>\n\t\t\t\t<a href='https:\/\/vosgesinfo.fr\/app\/uploads\/sites\/4\/2026\/01\/remise-cheque-telethon-1.jpg'><img decoding=\"async\" width=\"150\" height=\"150\" src=\"https:\/\/vosgesinfo.fr\/app\/uploads\/sites\/4\/2026\/01\/remise-cheque-telethon-1-150x150.jpg\" class=\"attachment-thumbnail size-thumbnail\" alt=\"\" \/><\/a>\n\t\t\t<\/dt><\/dl><br style=\"clear: both\" \/>\n\t\t<\/div>\n\n","protected":false},"excerpt":{"rendered":"<p>En fin d&rsquo;ann\u00e9e derni\u00e8re et en tout d\u00e9but d&rsquo;ann\u00e9e, la solidarit\u00e9 d\u00e9odatienne s&rsquo;est mobilis\u00e9e en faveur du 39e T\u00e9l\u00e9thon, avec [&hellip;]<\/p>\n","protected":false},"author":46,"featured_media":87031,"comment_status":"open","ping_status":"open","sticky":false,"template":"","format":"standard","meta":{"footnotes":""},"categories":[460,167,29],"tags":[5186,3318,2881,13616,2706],"class_list":["post-87030","post","type-post","status-publish","format-standard","has-post-thumbnail","hentry","category-a-la-une","category-saint-die-des-vosges","category-solidarite","tag-afm-telethon","tag-grand-salon-de-lhotel-de-ville","tag-saint-die-des-vosges","tag-solidarite-deodatienne","tag-telethon"],"acf":[],"yoast_head":"<!-- This site is optimized with the Yoast SEO plugin v22.5 - https:\/\/yoast.com\/wordpress\/plugins\/seo\/ -->\n<title>AFM-T\u00e9l\u00e9thon : un beau ch\u00e8que gr\u00e2ce \u00e0 la mobilisation d\u00e9odatienne - Saint Die Info<\/title>\n<meta name=\"robots\" content=\"index, follow, max-snippet:-1, max-image-preview:large, max-video-preview:-1\" \/>\n<link rel=\"canonical\" href=\"https:\/\/vosgesinfo.fr\/saintdieinfo\/2026\/01\/afm-telethon-un-beau-cheque-grace-a-la-mobilisation-deodatienne\/\" \/>\n<meta name=\"twitter:card\" content=\"summary_large_image\" \/>\n<meta name=\"twitter:title\" content=\"AFM-T\u00e9l\u00e9thon : un beau ch\u00e8que gr\u00e2ce \u00e0 la mobilisation d\u00e9odatienne - Saint Die Info\" \/>\n<meta name=\"twitter:description\" content=\"En fin d&rsquo;ann\u00e9e derni\u00e8re et en tout d\u00e9but d&rsquo;ann\u00e9e, la solidarit\u00e9 d\u00e9odatienne s&rsquo;est mobilis\u00e9e en faveur du 39e T\u00e9l\u00e9thon, avec [&hellip;]\" \/>\n<meta name=\"twitter:image\" content=\"https:\/\/vosgesinfo.fr\/app\/uploads\/sites\/4\/2026\/01\/remise-cheque-telethon-3.jpg\" \/>\n<meta name=\"twitter:creator\" content=\"@VosgesInfo88\" \/>\n<meta name=\"twitter:site\" content=\"@VosgesInfo88\" \/>\n<meta name=\"twitter:label1\" content=\"\u00c9crit par\" \/>\n\t<meta name=\"twitter:data1\" content=\"J.J.\" \/>\n<script type=\"application\/ld+json\" class=\"yoast-schema-graph\">{\"@context\":\"https:\/\/schema.org\",\"@graph\":[{\"@type\":\"Article\",\"@id\":\"https:\/\/vosgesinfo.fr\/saintdieinfo\/2026\/01\/afm-telethon-un-beau-cheque-grace-a-la-mobilisation-deodatienne\/#article\",\"isPartOf\":{\"@id\":\"https:\/\/vosgesinfo.fr\/saintdieinfo\/2026\/01\/afm-telethon-un-beau-cheque-grace-a-la-mobilisation-deodatienne\/\"},\"author\":{\"name\":\"J.J.\",\"@id\":\"https:\/\/vosgesinfo.fr\/saintdieinfo\/#\/schema\/person\/fa73e9f726d67bb88f46d5b7943cb572\"},\"headline\":\"AFM-T\u00e9l\u00e9thon : un beau ch\u00e8que gr\u00e2ce \u00e0 la mobilisation d\u00e9odatienne\",\"datePublished\":\"2026-01-22T08:43:36+00:00\",\"dateModified\":\"2026-01-22T08:38:15+00:00\",\"mainEntityOfPage\":{\"@id\":\"https:\/\/vosgesinfo.fr\/saintdieinfo\/2026\/01\/afm-telethon-un-beau-cheque-grace-a-la-mobilisation-deodatienne\/\"},\"wordCount\":99,\"commentCount\":0,\"publisher\":{\"@id\":\"https:\/\/vosgesinfo.fr\/saintdieinfo\/#organization\"},\"image\":{\"@id\":\"https:\/\/vosgesinfo.fr\/saintdieinfo\/2026\/01\/afm-telethon-un-beau-cheque-grace-a-la-mobilisation-deodatienne\/#primaryimage\"},\"thumbnailUrl\":\"https:\/\/vosgesinfo.fr\/app\/uploads\/sites\/4\/2026\/01\/remise-cheque-telethon-3.jpg\",\"keywords\":[\"AFM T\u00e9l\u00e9thon\",\"Grand Salon de l'H\u00f4tel de Ville\",\"Saint-Di\u00e9-des-Vosges\",\"Solidarit\u00e9 D\u00e9odatienne\",\"T\u00e9l\u00e9thon\"],\"articleSection\":[\"A la Une\",\"Saint-Di\u00e9-des-Vosges\",\"Solidarit\u00e9\"],\"inLanguage\":\"fr-FR\",\"potentialAction\":[{\"@type\":\"CommentAction\",\"name\":\"Comment\",\"target\":[\"https:\/\/vosgesinfo.fr\/saintdieinfo\/2026\/01\/afm-telethon-un-beau-cheque-grace-a-la-mobilisation-deodatienne\/#respond\"]}]},{\"@type\":\"WebPage\",\"@id\":\"https:\/\/vosgesinfo.fr\/saintdieinfo\/2026\/01\/afm-telethon-un-beau-cheque-grace-a-la-mobilisation-deodatienne\/\",\"url\":\"https:\/\/vosgesinfo.fr\/saintdieinfo\/2026\/01\/afm-telethon-un-beau-cheque-grace-a-la-mobilisation-deodatienne\/\",\"name\":\"AFM-T\u00e9l\u00e9thon : un beau ch\u00e8que gr\u00e2ce \u00e0 la mobilisation d\u00e9odatienne - Saint Die Info\",\"isPartOf\":{\"@id\":\"https:\/\/vosgesinfo.fr\/saintdieinfo\/#website\"},\"primaryImageOfPage\":{\"@id\":\"https:\/\/vosgesinfo.fr\/saintdieinfo\/2026\/01\/afm-telethon-un-beau-cheque-grace-a-la-mobilisation-deodatienne\/#primaryimage\"},\"image\":{\"@id\":\"https:\/\/vosgesinfo.fr\/saintdieinfo\/2026\/01\/afm-telethon-un-beau-cheque-grace-a-la-mobilisation-deodatienne\/#primaryimage\"},\"thumbnailUrl\":\"https:\/\/vosgesinfo.fr\/app\/uploads\/sites\/4\/2026\/01\/remise-cheque-telethon-3.jpg\",\"datePublished\":\"2026-01-22T08:43:36+00:00\",\"dateModified\":\"2026-01-22T08:38:15+00:00\",\"breadcrumb\":{\"@id\":\"https:\/\/vosgesinfo.fr\/saintdieinfo\/2026\/01\/afm-telethon-un-beau-cheque-grace-a-la-mobilisation-deodatienne\/#breadcrumb\"},\"inLanguage\":\"fr-FR\",\"potentialAction\":[{\"@type\":\"ReadAction\",\"target\":[\"https:\/\/vosgesinfo.fr\/saintdieinfo\/2026\/01\/afm-telethon-un-beau-cheque-grace-a-la-mobilisation-deodatienne\/\"]}]},{\"@type\":\"ImageObject\",\"inLanguage\":\"fr-FR\",\"@id\":\"https:\/\/vosgesinfo.fr\/saintdieinfo\/2026\/01\/afm-telethon-un-beau-cheque-grace-a-la-mobilisation-deodatienne\/#primaryimage\",\"url\":\"https:\/\/vosgesinfo.fr\/app\/uploads\/sites\/4\/2026\/01\/remise-cheque-telethon-3.jpg\",\"contentUrl\":\"https:\/\/vosgesinfo.fr\/app\/uploads\/sites\/4\/2026\/01\/remise-cheque-telethon-3.jpg\",\"width\":1200,\"height\":800,\"caption\":\"(Photographies Marc Fourniquet)\"},{\"@type\":\"BreadcrumbList\",\"@id\":\"https:\/\/vosgesinfo.fr\/saintdieinfo\/2026\/01\/afm-telethon-un-beau-cheque-grace-a-la-mobilisation-deodatienne\/#breadcrumb\",\"itemListElement\":[{\"@type\":\"ListItem\",\"position\":1,\"name\":\"Home\",\"item\":\"https:\/\/vosgesinfo.fr\/saintdieinfo\/\"},{\"@type\":\"ListItem\",\"position\":2,\"name\":\"AFM-T\u00e9l\u00e9thon : un beau ch\u00e8que gr\u00e2ce \u00e0 la mobilisation d\u00e9odatienne\"}]},{\"@type\":\"WebSite\",\"@id\":\"https:\/\/vosgesinfo.fr\/saintdieinfo\/#website\",\"url\":\"https:\/\/vosgesinfo.fr\/saintdieinfo\/\",\"name\":\"Saint Die Info\",\"description\":\"Toute l&#039;actualit\u00e9 de Saint-Di\u00e9-Des-Vosges\",\"publisher\":{\"@id\":\"https:\/\/vosgesinfo.fr\/saintdieinfo\/#organization\"},\"alternateName\":\"Toute l'actualit\u00e9 de Saint-Di\u00e9-Des-Vosges\",\"potentialAction\":[{\"@type\":\"SearchAction\",\"target\":{\"@type\":\"EntryPoint\",\"urlTemplate\":\"https:\/\/vosgesinfo.fr\/saintdieinfo\/?s={search_term_string}\"},\"query-input\":\"required name=search_term_string\"}],\"inLanguage\":\"fr-FR\"},{\"@type\":\"Organization\",\"@id\":\"https:\/\/vosgesinfo.fr\/saintdieinfo\/#organization\",\"name\":\"Saint Die Info\",\"url\":\"https:\/\/vosgesinfo.fr\/saintdieinfo\/\",\"logo\":{\"@type\":\"ImageObject\",\"inLanguage\":\"fr-FR\",\"@id\":\"https:\/\/vosgesinfo.fr\/saintdieinfo\/#\/schema\/logo\/image\/\",\"url\":\"https:\/\/vosgesinfo.fr\/app\/uploads\/sites\/4\/2024\/02\/logo-sdi.jpg\",\"contentUrl\":\"https:\/\/vosgesinfo.fr\/app\/uploads\/sites\/4\/2024\/02\/logo-sdi.jpg\",\"width\":600,\"height\":600,\"caption\":\"Saint Die Info\"},\"image\":{\"@id\":\"https:\/\/vosgesinfo.fr\/saintdieinfo\/#\/schema\/logo\/image\/\"},\"sameAs\":[\"https:\/\/www.facebook.com\/Saintdieinfofr\",\"https:\/\/x.com\/VosgesInfo88\",\"https:\/\/www.youtube.com\/@vosgesinfo\"]},{\"@type\":\"Person\",\"@id\":\"https:\/\/vosgesinfo.fr\/saintdieinfo\/#\/schema\/person\/fa73e9f726d67bb88f46d5b7943cb572\",\"name\":\"J.J.\",\"image\":{\"@type\":\"ImageObject\",\"inLanguage\":\"fr-FR\",\"@id\":\"https:\/\/vosgesinfo.fr\/saintdieinfo\/#\/schema\/person\/image\/\",\"url\":\"https:\/\/secure.gravatar.com\/avatar\/219e749e47ffbcca018a360ae4add7d4cdf1cdaaf8bc7676b27efade3fe65615?s=96&d=mm&r=g\",\"contentUrl\":\"https:\/\/secure.gravatar.com\/avatar\/219e749e47ffbcca018a360ae4add7d4cdf1cdaaf8bc7676b27efade3fe65615?s=96&d=mm&r=g\",\"caption\":\"J.J.\"},\"url\":\"https:\/\/vosgesinfo.fr\/saintdieinfo\/author\/j-j\/\"}]}<\/script>\n<!-- \/ Yoast SEO plugin. -->","yoast_head_json":{"title":"AFM-T\u00e9l\u00e9thon : un beau ch\u00e8que gr\u00e2ce \u00e0 la mobilisation d\u00e9odatienne - Saint Die Info","robots":{"index":"index","follow":"follow","max-snippet":"max-snippet:-1","max-image-preview":"max-image-preview:large","max-video-preview":"max-video-preview:-1"},"canonical":"https:\/\/vosgesinfo.fr\/saintdieinfo\/2026\/01\/afm-telethon-un-beau-cheque-grace-a-la-mobilisation-deodatienne\/","twitter_card":"summary_large_image","twitter_title":"AFM-T\u00e9l\u00e9thon : un beau ch\u00e8que gr\u00e2ce \u00e0 la mobilisation d\u00e9odatienne - Saint Die Info","twitter_description":"En fin d&rsquo;ann\u00e9e derni\u00e8re et en tout d\u00e9but d&rsquo;ann\u00e9e, la solidarit\u00e9 d\u00e9odatienne s&rsquo;est mobilis\u00e9e en faveur du 39e T\u00e9l\u00e9thon, avec [&hellip;]","twitter_image":"https:\/\/vosgesinfo.fr\/app\/uploads\/sites\/4\/2026\/01\/remise-cheque-telethon-3.jpg","twitter_creator":"@VosgesInfo88","twitter_site":"@VosgesInfo88","twitter_misc":{"\u00c9crit par":"J.J."},"schema":{"@context":"https:\/\/schema.org","@graph":[{"@type":"Article","@id":"https:\/\/vosgesinfo.fr\/saintdieinfo\/2026\/01\/afm-telethon-un-beau-cheque-grace-a-la-mobilisation-deodatienne\/#article","isPartOf":{"@id":"https:\/\/vosgesinfo.fr\/saintdieinfo\/2026\/01\/afm-telethon-un-beau-cheque-grace-a-la-mobilisation-deodatienne\/"},"author":{"name":"J.J.","@id":"https:\/\/vosgesinfo.fr\/saintdieinfo\/#\/schema\/person\/fa73e9f726d67bb88f46d5b7943cb572"},"headline":"AFM-T\u00e9l\u00e9thon : un beau ch\u00e8que gr\u00e2ce \u00e0 la mobilisation d\u00e9odatienne","datePublished":"2026-01-22T08:43:36+00:00","dateModified":"2026-01-22T08:38:15+00:00","mainEntityOfPage":{"@id":"https:\/\/vosgesinfo.fr\/saintdieinfo\/2026\/01\/afm-telethon-un-beau-cheque-grace-a-la-mobilisation-deodatienne\/"},"wordCount":99,"commentCount":0,"publisher":{"@id":"https:\/\/vosgesinfo.fr\/saintdieinfo\/#organization"},"image":{"@id":"https:\/\/vosgesinfo.fr\/saintdieinfo\/2026\/01\/afm-telethon-un-beau-cheque-grace-a-la-mobilisation-deodatienne\/#primaryimage"},"thumbnailUrl":"https:\/\/vosgesinfo.fr\/app\/uploads\/sites\/4\/2026\/01\/remise-cheque-telethon-3.jpg","keywords":["AFM T\u00e9l\u00e9thon","Grand Salon de l'H\u00f4tel de Ville","Saint-Di\u00e9-des-Vosges","Solidarit\u00e9 D\u00e9odatienne","T\u00e9l\u00e9thon"],"articleSection":["A la Une","Saint-Di\u00e9-des-Vosges","Solidarit\u00e9"],"inLanguage":"fr-FR","potentialAction":[{"@type":"CommentAction","name":"Comment","target":["https:\/\/vosgesinfo.fr\/saintdieinfo\/2026\/01\/afm-telethon-un-beau-cheque-grace-a-la-mobilisation-deodatienne\/#respond"]}]},{"@type":"WebPage","@id":"https:\/\/vosgesinfo.fr\/saintdieinfo\/2026\/01\/afm-telethon-un-beau-cheque-grace-a-la-mobilisation-deodatienne\/","url":"https:\/\/vosgesinfo.fr\/saintdieinfo\/2026\/01\/afm-telethon-un-beau-cheque-grace-a-la-mobilisation-deodatienne\/","name":"AFM-T\u00e9l\u00e9thon : un beau ch\u00e8que gr\u00e2ce \u00e0 la mobilisation d\u00e9odatienne - Saint Die Info","isPartOf":{"@id":"https:\/\/vosgesinfo.fr\/saintdieinfo\/#website"},"primaryImageOfPage":{"@id":"https:\/\/vosgesinfo.fr\/saintdieinfo\/2026\/01\/afm-telethon-un-beau-cheque-grace-a-la-mobilisation-deodatienne\/#primaryimage"},"image":{"@id":"https:\/\/vosgesinfo.fr\/saintdieinfo\/2026\/01\/afm-telethon-un-beau-cheque-grace-a-la-mobilisation-deodatienne\/#primaryimage"},"thumbnailUrl":"https:\/\/vosgesinfo.fr\/app\/uploads\/sites\/4\/2026\/01\/remise-cheque-telethon-3.jpg","datePublished":"2026-01-22T08:43:36+00:00","dateModified":"2026-01-22T08:38:15+00:00","breadcrumb":{"@id":"https:\/\/vosgesinfo.fr\/saintdieinfo\/2026\/01\/afm-telethon-un-beau-cheque-grace-a-la-mobilisation-deodatienne\/#breadcrumb"},"inLanguage":"fr-FR","potentialAction":[{"@type":"ReadAction","target":["https:\/\/vosgesinfo.fr\/saintdieinfo\/2026\/01\/afm-telethon-un-beau-cheque-grace-a-la-mobilisation-deodatienne\/"]}]},{"@type":"ImageObject","inLanguage":"fr-FR","@id":"https:\/\/vosgesinfo.fr\/saintdieinfo\/2026\/01\/afm-telethon-un-beau-cheque-grace-a-la-mobilisation-deodatienne\/#primaryimage","url":"https:\/\/vosgesinfo.fr\/app\/uploads\/sites\/4\/2026\/01\/remise-cheque-telethon-3.jpg","contentUrl":"https:\/\/vosgesinfo.fr\/app\/uploads\/sites\/4\/2026\/01\/remise-cheque-telethon-3.jpg","width":1200,"height":800,"caption":"(Photographies Marc Fourniquet)"},{"@type":"BreadcrumbList","@id":"https:\/\/vosgesinfo.fr\/saintdieinfo\/2026\/01\/afm-telethon-un-beau-cheque-grace-a-la-mobilisation-deodatienne\/#breadcrumb","itemListElement":[{"@type":"ListItem","position":1,"name":"Home","item":"https:\/\/vosgesinfo.fr\/saintdieinfo\/"},{"@type":"ListItem","position":2,"name":"AFM-T\u00e9l\u00e9thon : un beau ch\u00e8que gr\u00e2ce \u00e0 la mobilisation d\u00e9odatienne"}]},{"@type":"WebSite","@id":"https:\/\/vosgesinfo.fr\/saintdieinfo\/#website","url":"https:\/\/vosgesinfo.fr\/saintdieinfo\/","name":"Saint Die Info","description":"Toute l&#039;actualit\u00e9 de Saint-Di\u00e9-Des-Vosges","publisher":{"@id":"https:\/\/vosgesinfo.fr\/saintdieinfo\/#organization"},"alternateName":"Toute l'actualit\u00e9 de Saint-Di\u00e9-Des-Vosges","potentialAction":[{"@type":"SearchAction","target":{"@type":"EntryPoint","urlTemplate":"https:\/\/vosgesinfo.fr\/saintdieinfo\/?s={search_term_string}"},"query-input":"required name=search_term_string"}],"inLanguage":"fr-FR"},{"@type":"Organization","@id":"https:\/\/vosgesinfo.fr\/saintdieinfo\/#organization","name":"Saint Die Info","url":"https:\/\/vosgesinfo.fr\/saintdieinfo\/","logo":{"@type":"ImageObject","inLanguage":"fr-FR","@id":"https:\/\/vosgesinfo.fr\/saintdieinfo\/#\/schema\/logo\/image\/","url":"https:\/\/vosgesinfo.fr\/app\/uploads\/sites\/4\/2024\/02\/logo-sdi.jpg","contentUrl":"https:\/\/vosgesinfo.fr\/app\/uploads\/sites\/4\/2024\/02\/logo-sdi.jpg","width":600,"height":600,"caption":"Saint Die Info"},"image":{"@id":"https:\/\/vosgesinfo.fr\/saintdieinfo\/#\/schema\/logo\/image\/"},"sameAs":["https:\/\/www.facebook.com\/Saintdieinfofr","https:\/\/x.com\/VosgesInfo88","https:\/\/www.youtube.com\/@vosgesinfo"]},{"@type":"Person","@id":"https:\/\/vosgesinfo.fr\/saintdieinfo\/#\/schema\/person\/fa73e9f726d67bb88f46d5b7943cb572","name":"J.J.","image":{"@type":"ImageObject","inLanguage":"fr-FR","@id":"https:\/\/vosgesinfo.fr\/saintdieinfo\/#\/schema\/person\/image\/","url":"https:\/\/secure.gravatar.com\/avatar\/219e749e47ffbcca018a360ae4add7d4cdf1cdaaf8bc7676b27efade3fe65615?s=96&d=mm&r=g","contentUrl":"https:\/\/secure.gravatar.com\/avatar\/219e749e47ffbcca018a360ae4add7d4cdf1cdaaf8bc7676b27efade3fe65615?s=96&d=mm&r=g","caption":"J.J."},"url":"https:\/\/vosgesinfo.fr\/saintdieinfo\/author\/j-j\/"}]}},"_links":{"self":[{"href":"https:\/\/vosgesinfo.fr\/saintdieinfo\/wp-json\/wp\/v2\/posts\/87030","targetHints":{"allow":["GET"]}}],"collection":[{"href":"https:\/\/vosgesinfo.fr\/saintdieinfo\/wp-json\/wp\/v2\/posts"}],"about":[{"href":"https:\/\/vosgesinfo.fr\/saintdieinfo\/wp-json\/wp\/v2\/types\/post"}],"author":[{"embeddable":true,"href":"https:\/\/vosgesinfo.fr\/saintdieinfo\/wp-json\/wp\/v2\/users\/46"}],"replies":[{"embeddable":true,"href":"https:\/\/vosgesinfo.fr\/saintdieinfo\/wp-json\/wp\/v2\/comments?post=87030"}],"version-history":[{"count":1,"href":"https:\/\/vosgesinfo.fr\/saintdieinfo\/wp-json\/wp\/v2\/posts\/87030\/revisions"}],"predecessor-version":[{"id":87034,"href":"https:\/\/vosgesinfo.fr\/saintdieinfo\/wp-json\/wp\/v2\/posts\/87030\/revisions\/87034"}],"wp:featuredmedia":[{"embeddable":true,"href":"https:\/\/vosgesinfo.fr\/saintdieinfo\/wp-json\/wp\/v2\/media\/87031"}],"wp:attachment":[{"href":"https:\/\/vosgesinfo.fr\/saintdieinfo\/wp-json\/wp\/v2\/media?parent=87030"}],"wp:term":[{"taxonomy":"category","embeddable":true,"href":"https:\/\/vosgesinfo.fr\/saintdieinfo\/wp-json\/wp\/v2\/categories?post=87030"},{"taxonomy":"post_tag","embeddable":true,"href":"https:\/\/vosgesinfo.fr\/saintdieinfo\/wp-json\/wp\/v2\/tags?post=87030"}],"curies":[{"name":"wp","href":"https:\/\/api.w.org\/{rel}","templated":true}]}}