{"id":87038,"date":"2026-01-22T11:12:09","date_gmt":"2026-01-22T10:12:09","guid":{"rendered":"https:\/\/vosgesinfo.fr\/saintdieinfo\/?p=87038"},"modified":"2026-01-22T11:05:28","modified_gmt":"2026-01-22T10:05:28","slug":"enfants-et-aines-deodatiens-reunis-autour-de-cartes-de-voeux-intergenerationnelles","status":"publish","type":"post","link":"https:\/\/vosgesinfo.fr\/saintdieinfo\/2026\/01\/enfants-et-aines-deodatiens-reunis-autour-de-cartes-de-voeux-intergenerationnelles\/","title":{"rendered":"Enfants et a\u00een\u00e9s d\u00e9odatiens r\u00e9unis autour de cartes de v\u0153ux interg\u00e9n\u00e9rationnelles"},"content":{"rendered":"<div id=\"attachment_87040\" style=\"width: 1034px\" class=\"wp-caption alignnone\"><a href=\"https:\/\/vosgesinfo.fr\/app\/uploads\/sites\/4\/2026\/01\/remise-cartes-voeux-residents-ehpad-sddv-2.jpg\"><img decoding=\"async\" aria-describedby=\"caption-attachment-87040\" class=\"size-large wp-image-87040\" src=\"https:\/\/vosgesinfo.fr\/app\/uploads\/sites\/4\/2026\/01\/remise-cartes-voeux-residents-ehpad-sddv-2-1024x768.jpg\" alt=\"\" width=\"1024\" height=\"768\" srcset=\"https:\/\/vosgesinfo.fr\/app\/uploads\/sites\/4\/2026\/01\/remise-cartes-voeux-residents-ehpad-sddv-2-1024x768.jpg 1024w, https:\/\/vosgesinfo.fr\/app\/uploads\/sites\/4\/2026\/01\/remise-cartes-voeux-residents-ehpad-sddv-2-300x225.jpg 300w, https:\/\/vosgesinfo.fr\/app\/uploads\/sites\/4\/2026\/01\/remise-cartes-voeux-residents-ehpad-sddv-2-768x576.jpg 768w, https:\/\/vosgesinfo.fr\/app\/uploads\/sites\/4\/2026\/01\/remise-cartes-voeux-residents-ehpad-sddv-2.jpg 1131w\" sizes=\"(max-width: 1024px) 100vw, 1024px\" \/><\/a><p id=\"caption-attachment-87040\" class=\"wp-caption-text\">(Photographies Roselyne Froment)<\/p><\/div>\n<h2 data-start=\"0\" data-end=\"369\">Tout au long de <strong data-start=\"16\" data-end=\"38\">ce mois de janvier<\/strong>, une nouvelle <strong data-start=\"53\" data-end=\"84\">action interg\u00e9n\u00e9rationnelle<\/strong> se d\u00e9roule \u00e0 <strong data-start=\"98\" data-end=\"122\">Saint-Di\u00e9-des-Vosges<\/strong> \u00e0 l\u2019initiative de la conseill\u00e8re municipale d\u00e9l\u00e9gu\u00e9e <strong data-start=\"176\" data-end=\"196\">Roselyne Froment<\/strong>. L\u2019id\u00e9e est de faire parvenir des <strong data-start=\"231\" data-end=\"264\">cartes de v\u0153ux personnalis\u00e9es<\/strong> aux a\u00een\u00e9s des \u00e9tablissements pour personnes \u00e2g\u00e9es de la ville, avec la participation active des enfants.<\/h2>\n<p data-start=\"0\" data-end=\"369\"><!--more--><\/p>\n<h3 data-start=\"371\" data-end=\"405\"><strong>Des cartes pr\u00e9par\u00e9es avec soin<\/strong><\/h3>\n<p data-start=\"407\" data-end=\"799\">Pour r\u00e9aliser ces cartes, des <strong data-start=\"437\" data-end=\"459\">consignes pr\u00e9cises<\/strong> ont \u00e9t\u00e9 donn\u00e9es au pr\u00e9alable aux <strong data-start=\"493\" data-end=\"504\">enfants<\/strong>. Ces derniers pouvaient utiliser des crayons de papier, des crayons de couleur, des crayons de cire, des pastels, mais aussi des stickers et des collages. Au verso, chaque \u00e9l\u00e8ve a \u00e9crit un <strong data-start=\"694\" data-end=\"714\">petit mot gentil<\/strong>, en veillant \u00e0 soigner la <strong data-start=\"741\" data-end=\"757\">pr\u00e9sentation<\/strong> et \u00e0 \u00e9viter les <strong data-start=\"774\" data-end=\"798\">fautes d\u2019orthographe<\/strong>.<\/p>\n<h3 data-start=\"801\" data-end=\"849\"><strong>Pr\u00e8s de 250 cartes r\u00e9alis\u00e9es par les enfants<\/strong><\/h3>\n<p data-start=\"851\" data-end=\"1182\">Au total, ce sont <strong data-start=\"869\" data-end=\"899\">pr\u00e8s de 250 cartes de v\u0153ux<\/strong> qui ont \u00e9t\u00e9 r\u00e9alis\u00e9es dans le cadre de cette action. Les cartes ont \u00e9t\u00e9 confectionn\u00e9es par des \u00e9l\u00e8ves fr\u00e9quentant les <strong data-start=\"1018\" data-end=\"1044\">accueils p\u00e9riscolaires<\/strong> des \u00e9coles de la ville de Saint-Di\u00e9-des-Vosges, par des enfants de <strong data-start=\"1112\" data-end=\"1135\">l\u2019association SELIA<\/strong> et par ceux du <strong data-start=\"1151\" data-end=\"1181\">Centre social Lucie-Aubrac<\/strong>.<\/p>\n<h3 data-start=\"1184\" data-end=\"1231\"><strong>Des distributions dans les EHPAD d\u00e9odatiens<\/strong><\/h3>\n<p data-start=\"1233\" data-end=\"1762\">Les cartes de voeux sont distribu\u00e9es par les <strong data-start=\"1278\" data-end=\"1299\">enfants eux-m\u00eames<\/strong> dans l\u2019ensemble des <strong data-start=\"1320\" data-end=\"1406\">EHPAD \u2013 \u00c9tablissements d\u2019h\u00e9bergement pour personnes \u00e2g\u00e9es d\u00e9pendantes \u2013 d\u00e9odatiens<\/strong>, ainsi que dans les <strong data-start=\"1427\" data-end=\"1459\">R\u00e9sidences Alsace et du Parc<\/strong>. Hier mercredi, une distribution s&rsquo;est tenue \u00e0 l\u2019<strong data-start=\"1509\" data-end=\"1532\">EHPAD de Foucharupt<\/strong>. Certains r\u00e9sidents se sont montr\u00e9s tr\u00e8s \u00e9mus en recevant personnellement une <strong data-start=\"1611\" data-end=\"1633\">carte de v\u0153ux 2026<\/strong> pr\u00e9par\u00e9e pour eux. \u00c0 noter que chaque soignant de l\u2019\u00e9tablissement a \u00e9galement re\u00e7u une carte, en signe d\u2019attention particuli\u00e8re.<\/p>\n<h3 data-start=\"1764\" data-end=\"1811\"><strong>Prochain rendez-vous \u00e0 l\u2019EHPAD Saint-D\u00e9odat<\/strong><\/h3>\n<p data-start=\"1813\" data-end=\"2057\">La distribution va se poursuivre ces prochains jours. <strong data-start=\"1867\" data-end=\"1897\">Mercredi dans l\u2019apr\u00e8s-midi<\/strong>, ce sera au tour des <strong data-start=\"1919\" data-end=\"1956\">r\u00e9sidents de l\u2019EHPAD Saint-D\u00e9odat<\/strong> de se voir remettre leurs <strong data-start=\"1983\" data-end=\"2002\">cartes de voeux<\/strong>, des mains de <strong data-start=\"2017\" data-end=\"2033\">cinq enfants<\/strong> de l\u2019association SELIA.<\/p>\n\n\t\t<style type=\"text\/css\">\n\t\t\t#gallery-1 {\n\t\t\t\tmargin: auto;\n\t\t\t}\n\t\t\t#gallery-1 .gallery-item {\n\t\t\t\tfloat: left;\n\t\t\t\tmargin-top: 10px;\n\t\t\t\ttext-align: center;\n\t\t\t\twidth: 33%;\n\t\t\t}\n\t\t\t#gallery-1 img {\n\t\t\t\tborder: 2px solid #cfcfcf;\n\t\t\t}\n\t\t\t#gallery-1 .gallery-caption {\n\t\t\t\tmargin-left: 0;\n\t\t\t}\n\t\t\t\/* see gallery_shortcode() in wp-includes\/media.php *\/\n\t\t<\/style>\n\t\t<div id='gallery-1' class='gallery galleryid-87038 gallery-columns-3 gallery-size-thumbnail'><dl class='gallery-item'>\n\t\t\t<dt class='gallery-icon landscape'>\n\t\t\t\t<a href='https:\/\/vosgesinfo.fr\/app\/uploads\/sites\/4\/2026\/01\/remise-cartes-voeux-residents-ehpad-sddv-1.jpg'><img decoding=\"async\" width=\"150\" height=\"150\" src=\"https:\/\/vosgesinfo.fr\/app\/uploads\/sites\/4\/2026\/01\/remise-cartes-voeux-residents-ehpad-sddv-1-150x150.jpg\" class=\"attachment-thumbnail size-thumbnail\" alt=\"\" \/><\/a>\n\t\t\t<\/dt><\/dl><dl class='gallery-item'>\n\t\t\t<dt class='gallery-icon landscape'>\n\t\t\t\t<a href='https:\/\/vosgesinfo.fr\/app\/uploads\/sites\/4\/2026\/01\/remise-cartes-voeux-residents-ehpad-sddv-3.jpg'><img decoding=\"async\" width=\"150\" height=\"150\" src=\"https:\/\/vosgesinfo.fr\/app\/uploads\/sites\/4\/2026\/01\/remise-cartes-voeux-residents-ehpad-sddv-3-150x150.jpg\" class=\"attachment-thumbnail size-thumbnail\" alt=\"\" \/><\/a>\n\t\t\t<\/dt><\/dl><dl class='gallery-item'>\n\t\t\t<dt class='gallery-icon landscape'>\n\t\t\t\t<a href='https:\/\/vosgesinfo.fr\/app\/uploads\/sites\/4\/2026\/01\/remise-cartes-voeux-residents-ehpad-sddv-4.jpg'><img decoding=\"async\" width=\"150\" height=\"150\" src=\"https:\/\/vosgesinfo.fr\/app\/uploads\/sites\/4\/2026\/01\/remise-cartes-voeux-residents-ehpad-sddv-4-150x150.jpg\" class=\"attachment-thumbnail size-thumbnail\" alt=\"\" aria-describedby=\"gallery-1-87042\" \/><\/a>\n\t\t\t<\/dt>\n\t\t\t\t<dd class='wp-caption-text gallery-caption' id='gallery-1-87042'>\n\t\t\t\t(Photographies Roselyne Froment)\n\t\t\t\t<\/dd><\/dl><br style=\"clear: both\" \/><dl class='gallery-item'>\n\t\t\t<dt class='gallery-icon landscape'>\n\t\t\t\t<a href='https:\/\/vosgesinfo.fr\/app\/uploads\/sites\/4\/2026\/01\/remise-cartes-voeux-residents-ehpad-sddv-5.jpg'><img decoding=\"async\" width=\"150\" height=\"150\" src=\"https:\/\/vosgesinfo.fr\/app\/uploads\/sites\/4\/2026\/01\/remise-cartes-voeux-residents-ehpad-sddv-5-150x150.jpg\" class=\"attachment-thumbnail size-thumbnail\" alt=\"\" \/><\/a>\n\t\t\t<\/dt><\/dl><dl class='gallery-item'>\n\t\t\t<dt class='gallery-icon landscape'>\n\t\t\t\t<a href='https:\/\/vosgesinfo.fr\/app\/uploads\/sites\/4\/2026\/01\/remise-cartes-voeux-residents-ehpad-sddv-7.jpg'><img decoding=\"async\" width=\"150\" height=\"150\" src=\"https:\/\/vosgesinfo.fr\/app\/uploads\/sites\/4\/2026\/01\/remise-cartes-voeux-residents-ehpad-sddv-7-150x150.jpg\" class=\"attachment-thumbnail size-thumbnail\" alt=\"\" \/><\/a>\n\t\t\t<\/dt><\/dl><dl class='gallery-item'>\n\t\t\t<dt class='gallery-icon landscape'>\n\t\t\t\t<a href='https:\/\/vosgesinfo.fr\/app\/uploads\/sites\/4\/2026\/01\/remise-cartes-voeux-residents-ehpad-sddv-8.jpg'><img decoding=\"async\" width=\"150\" height=\"150\" src=\"https:\/\/vosgesinfo.fr\/app\/uploads\/sites\/4\/2026\/01\/remise-cartes-voeux-residents-ehpad-sddv-8-150x150.jpg\" class=\"attachment-thumbnail size-thumbnail\" alt=\"\" \/><\/a>\n\t\t\t<\/dt><\/dl><br style=\"clear: both\" \/><dl class='gallery-item'>\n\t\t\t<dt class='gallery-icon landscape'>\n\t\t\t\t<a href='https:\/\/vosgesinfo.fr\/app\/uploads\/sites\/4\/2026\/01\/remise-cartes-voeux-residents-ehpad-sddv-6.jpg'><img decoding=\"async\" width=\"150\" height=\"150\" src=\"https:\/\/vosgesinfo.fr\/app\/uploads\/sites\/4\/2026\/01\/remise-cartes-voeux-residents-ehpad-sddv-6-150x150.jpg\" class=\"attachment-thumbnail size-thumbnail\" alt=\"\" \/><\/a>\n\t\t\t<\/dt><\/dl>\n\t\t\t<br style='clear: both' \/>\n\t\t<\/div>\n\n","protected":false},"excerpt":{"rendered":"<p>Tout au long de ce mois de janvier, une nouvelle action interg\u00e9n\u00e9rationnelle se d\u00e9roule \u00e0 Saint-Di\u00e9-des-Vosges \u00e0 l\u2019initiative de la [&hellip;]<\/p>\n","protected":false},"author":46,"featured_media":87042,"comment_status":"open","ping_status":"open","sticky":false,"template":"","format":"standard","meta":{"footnotes":""},"categories":[460,3532,167],"tags":[17091,13640,4177,3752,5781,5559,2881,3791],"class_list":["post-87038","post","type-post","status-publish","format-standard","has-post-thumbnail","hentry","category-a-la-une","category-enfants","category-saint-die-des-vosges","tag-action-intergenerationnelle","tag-cartes-de-voeux","tag-centre-social-lucie-aubrac","tag-ehpad-de-foucharupt","tag-ehpad-saint-deodat","tag-roselyne-froment","tag-saint-die-des-vosges","tag-selia"],"acf":[],"yoast_head":"<!-- This site is optimized with the Yoast SEO plugin v22.5 - https:\/\/yoast.com\/wordpress\/plugins\/seo\/ -->\n<title>Enfants et a\u00een\u00e9s d\u00e9odatiens r\u00e9unis autour de cartes de v\u0153ux interg\u00e9n\u00e9rationnelles - Saint Die Info<\/title>\n<meta name=\"robots\" content=\"index, follow, max-snippet:-1, max-image-preview:large, max-video-preview:-1\" \/>\n<link rel=\"canonical\" href=\"https:\/\/vosgesinfo.fr\/saintdieinfo\/2026\/01\/enfants-et-aines-deodatiens-reunis-autour-de-cartes-de-voeux-intergenerationnelles\/\" \/>\n<meta name=\"twitter:card\" content=\"summary_large_image\" \/>\n<meta name=\"twitter:title\" content=\"Enfants et a\u00een\u00e9s d\u00e9odatiens r\u00e9unis autour de cartes de v\u0153ux interg\u00e9n\u00e9rationnelles - Saint Die Info\" \/>\n<meta name=\"twitter:description\" content=\"Tout au long de ce mois de janvier, une nouvelle action interg\u00e9n\u00e9rationnelle se d\u00e9roule \u00e0 Saint-Di\u00e9-des-Vosges \u00e0 l\u2019initiative de la [&hellip;]\" \/>\n<meta name=\"twitter:image\" content=\"https:\/\/vosgesinfo.fr\/app\/uploads\/sites\/4\/2026\/01\/remise-cartes-voeux-residents-ehpad-sddv-4.jpg\" \/>\n<meta name=\"twitter:creator\" content=\"@VosgesInfo88\" \/>\n<meta name=\"twitter:site\" content=\"@VosgesInfo88\" \/>\n<meta name=\"twitter:label1\" content=\"\u00c9crit par\" \/>\n\t<meta name=\"twitter:data1\" content=\"J.J.\" \/>\n\t<meta name=\"twitter:label2\" content=\"Dur\u00e9e de lecture estim\u00e9e\" \/>\n\t<meta name=\"twitter:data2\" content=\"2 minutes\" \/>\n<script type=\"application\/ld+json\" class=\"yoast-schema-graph\">{\"@context\":\"https:\/\/schema.org\",\"@graph\":[{\"@type\":\"Article\",\"@id\":\"https:\/\/vosgesinfo.fr\/saintdieinfo\/2026\/01\/enfants-et-aines-deodatiens-reunis-autour-de-cartes-de-voeux-intergenerationnelles\/#article\",\"isPartOf\":{\"@id\":\"https:\/\/vosgesinfo.fr\/saintdieinfo\/2026\/01\/enfants-et-aines-deodatiens-reunis-autour-de-cartes-de-voeux-intergenerationnelles\/\"},\"author\":{\"name\":\"J.J.\",\"@id\":\"https:\/\/vosgesinfo.fr\/saintdieinfo\/#\/schema\/person\/fa73e9f726d67bb88f46d5b7943cb572\"},\"headline\":\"Enfants et a\u00een\u00e9s d\u00e9odatiens r\u00e9unis autour de cartes de v\u0153ux interg\u00e9n\u00e9rationnelles\",\"datePublished\":\"2026-01-22T10:12:09+00:00\",\"dateModified\":\"2026-01-22T10:05:28+00:00\",\"mainEntityOfPage\":{\"@id\":\"https:\/\/vosgesinfo.fr\/saintdieinfo\/2026\/01\/enfants-et-aines-deodatiens-reunis-autour-de-cartes-de-voeux-intergenerationnelles\/\"},\"wordCount\":388,\"commentCount\":0,\"publisher\":{\"@id\":\"https:\/\/vosgesinfo.fr\/saintdieinfo\/#organization\"},\"image\":{\"@id\":\"https:\/\/vosgesinfo.fr\/saintdieinfo\/2026\/01\/enfants-et-aines-deodatiens-reunis-autour-de-cartes-de-voeux-intergenerationnelles\/#primaryimage\"},\"thumbnailUrl\":\"https:\/\/vosgesinfo.fr\/app\/uploads\/sites\/4\/2026\/01\/remise-cartes-voeux-residents-ehpad-sddv-4.jpg\",\"keywords\":[\"Action interg\u00e9n\u00e9rationnelle\",\"Cartes de voeux\",\"Centre-Social Lucie Aubrac\",\"EHPAD de Foucharupt\",\"EHPAD Saint-D\u00e9odat\",\"Roselyne Froment\",\"Saint-Di\u00e9-des-Vosges\",\"SELIA\"],\"articleSection\":[\"A la Une\",\"Enfants\",\"Saint-Di\u00e9-des-Vosges\"],\"inLanguage\":\"fr-FR\",\"potentialAction\":[{\"@type\":\"CommentAction\",\"name\":\"Comment\",\"target\":[\"https:\/\/vosgesinfo.fr\/saintdieinfo\/2026\/01\/enfants-et-aines-deodatiens-reunis-autour-de-cartes-de-voeux-intergenerationnelles\/#respond\"]}]},{\"@type\":\"WebPage\",\"@id\":\"https:\/\/vosgesinfo.fr\/saintdieinfo\/2026\/01\/enfants-et-aines-deodatiens-reunis-autour-de-cartes-de-voeux-intergenerationnelles\/\",\"url\":\"https:\/\/vosgesinfo.fr\/saintdieinfo\/2026\/01\/enfants-et-aines-deodatiens-reunis-autour-de-cartes-de-voeux-intergenerationnelles\/\",\"name\":\"Enfants et a\u00een\u00e9s d\u00e9odatiens r\u00e9unis autour de cartes de v\u0153ux interg\u00e9n\u00e9rationnelles - Saint Die Info\",\"isPartOf\":{\"@id\":\"https:\/\/vosgesinfo.fr\/saintdieinfo\/#website\"},\"primaryImageOfPage\":{\"@id\":\"https:\/\/vosgesinfo.fr\/saintdieinfo\/2026\/01\/enfants-et-aines-deodatiens-reunis-autour-de-cartes-de-voeux-intergenerationnelles\/#primaryimage\"},\"image\":{\"@id\":\"https:\/\/vosgesinfo.fr\/saintdieinfo\/2026\/01\/enfants-et-aines-deodatiens-reunis-autour-de-cartes-de-voeux-intergenerationnelles\/#primaryimage\"},\"thumbnailUrl\":\"https:\/\/vosgesinfo.fr\/app\/uploads\/sites\/4\/2026\/01\/remise-cartes-voeux-residents-ehpad-sddv-4.jpg\",\"datePublished\":\"2026-01-22T10:12:09+00:00\",\"dateModified\":\"2026-01-22T10:05:28+00:00\",\"breadcrumb\":{\"@id\":\"https:\/\/vosgesinfo.fr\/saintdieinfo\/2026\/01\/enfants-et-aines-deodatiens-reunis-autour-de-cartes-de-voeux-intergenerationnelles\/#breadcrumb\"},\"inLanguage\":\"fr-FR\",\"potentialAction\":[{\"@type\":\"ReadAction\",\"target\":[\"https:\/\/vosgesinfo.fr\/saintdieinfo\/2026\/01\/enfants-et-aines-deodatiens-reunis-autour-de-cartes-de-voeux-intergenerationnelles\/\"]}]},{\"@type\":\"ImageObject\",\"inLanguage\":\"fr-FR\",\"@id\":\"https:\/\/vosgesinfo.fr\/saintdieinfo\/2026\/01\/enfants-et-aines-deodatiens-reunis-autour-de-cartes-de-voeux-intergenerationnelles\/#primaryimage\",\"url\":\"https:\/\/vosgesinfo.fr\/app\/uploads\/sites\/4\/2026\/01\/remise-cartes-voeux-residents-ehpad-sddv-4.jpg\",\"contentUrl\":\"https:\/\/vosgesinfo.fr\/app\/uploads\/sites\/4\/2026\/01\/remise-cartes-voeux-residents-ehpad-sddv-4.jpg\",\"width\":1131,\"height\":848,\"caption\":\"(Photographies Roselyne Froment)\"},{\"@type\":\"BreadcrumbList\",\"@id\":\"https:\/\/vosgesinfo.fr\/saintdieinfo\/2026\/01\/enfants-et-aines-deodatiens-reunis-autour-de-cartes-de-voeux-intergenerationnelles\/#breadcrumb\",\"itemListElement\":[{\"@type\":\"ListItem\",\"position\":1,\"name\":\"Home\",\"item\":\"https:\/\/vosgesinfo.fr\/saintdieinfo\/\"},{\"@type\":\"ListItem\",\"position\":2,\"name\":\"Enfants et a\u00een\u00e9s d\u00e9odatiens r\u00e9unis autour de cartes de v\u0153ux interg\u00e9n\u00e9rationnelles\"}]},{\"@type\":\"WebSite\",\"@id\":\"https:\/\/vosgesinfo.fr\/saintdieinfo\/#website\",\"url\":\"https:\/\/vosgesinfo.fr\/saintdieinfo\/\",\"name\":\"Saint Die Info\",\"description\":\"Toute l&#039;actualit\u00e9 de Saint-Di\u00e9-Des-Vosges\",\"publisher\":{\"@id\":\"https:\/\/vosgesinfo.fr\/saintdieinfo\/#organization\"},\"alternateName\":\"Toute l'actualit\u00e9 de Saint-Di\u00e9-Des-Vosges\",\"potentialAction\":[{\"@type\":\"SearchAction\",\"target\":{\"@type\":\"EntryPoint\",\"urlTemplate\":\"https:\/\/vosgesinfo.fr\/saintdieinfo\/?s={search_term_string}\"},\"query-input\":\"required name=search_term_string\"}],\"inLanguage\":\"fr-FR\"},{\"@type\":\"Organization\",\"@id\":\"https:\/\/vosgesinfo.fr\/saintdieinfo\/#organization\",\"name\":\"Saint Die Info\",\"url\":\"https:\/\/vosgesinfo.fr\/saintdieinfo\/\",\"logo\":{\"@type\":\"ImageObject\",\"inLanguage\":\"fr-FR\",\"@id\":\"https:\/\/vosgesinfo.fr\/saintdieinfo\/#\/schema\/logo\/image\/\",\"url\":\"https:\/\/vosgesinfo.fr\/app\/uploads\/sites\/4\/2024\/02\/logo-sdi.jpg\",\"contentUrl\":\"https:\/\/vosgesinfo.fr\/app\/uploads\/sites\/4\/2024\/02\/logo-sdi.jpg\",\"width\":600,\"height\":600,\"caption\":\"Saint Die Info\"},\"image\":{\"@id\":\"https:\/\/vosgesinfo.fr\/saintdieinfo\/#\/schema\/logo\/image\/\"},\"sameAs\":[\"https:\/\/www.facebook.com\/Saintdieinfofr\",\"https:\/\/x.com\/VosgesInfo88\",\"https:\/\/www.youtube.com\/@vosgesinfo\"]},{\"@type\":\"Person\",\"@id\":\"https:\/\/vosgesinfo.fr\/saintdieinfo\/#\/schema\/person\/fa73e9f726d67bb88f46d5b7943cb572\",\"name\":\"J.J.\",\"image\":{\"@type\":\"ImageObject\",\"inLanguage\":\"fr-FR\",\"@id\":\"https:\/\/vosgesinfo.fr\/saintdieinfo\/#\/schema\/person\/image\/\",\"url\":\"https:\/\/secure.gravatar.com\/avatar\/219e749e47ffbcca018a360ae4add7d4cdf1cdaaf8bc7676b27efade3fe65615?s=96&d=mm&r=g\",\"contentUrl\":\"https:\/\/secure.gravatar.com\/avatar\/219e749e47ffbcca018a360ae4add7d4cdf1cdaaf8bc7676b27efade3fe65615?s=96&d=mm&r=g\",\"caption\":\"J.J.\"},\"url\":\"https:\/\/vosgesinfo.fr\/saintdieinfo\/author\/j-j\/\"}]}<\/script>\n<!-- \/ Yoast SEO plugin. -->","yoast_head_json":{"title":"Enfants et a\u00een\u00e9s d\u00e9odatiens r\u00e9unis autour de cartes de v\u0153ux interg\u00e9n\u00e9rationnelles - Saint Die Info","robots":{"index":"index","follow":"follow","max-snippet":"max-snippet:-1","max-image-preview":"max-image-preview:large","max-video-preview":"max-video-preview:-1"},"canonical":"https:\/\/vosgesinfo.fr\/saintdieinfo\/2026\/01\/enfants-et-aines-deodatiens-reunis-autour-de-cartes-de-voeux-intergenerationnelles\/","twitter_card":"summary_large_image","twitter_title":"Enfants et a\u00een\u00e9s d\u00e9odatiens r\u00e9unis autour de cartes de v\u0153ux interg\u00e9n\u00e9rationnelles - Saint Die Info","twitter_description":"Tout au long de ce mois de janvier, une nouvelle action interg\u00e9n\u00e9rationnelle se d\u00e9roule \u00e0 Saint-Di\u00e9-des-Vosges \u00e0 l\u2019initiative de la [&hellip;]","twitter_image":"https:\/\/vosgesinfo.fr\/app\/uploads\/sites\/4\/2026\/01\/remise-cartes-voeux-residents-ehpad-sddv-4.jpg","twitter_creator":"@VosgesInfo88","twitter_site":"@VosgesInfo88","twitter_misc":{"\u00c9crit par":"J.J.","Dur\u00e9e de lecture estim\u00e9e":"2 minutes"},"schema":{"@context":"https:\/\/schema.org","@graph":[{"@type":"Article","@id":"https:\/\/vosgesinfo.fr\/saintdieinfo\/2026\/01\/enfants-et-aines-deodatiens-reunis-autour-de-cartes-de-voeux-intergenerationnelles\/#article","isPartOf":{"@id":"https:\/\/vosgesinfo.fr\/saintdieinfo\/2026\/01\/enfants-et-aines-deodatiens-reunis-autour-de-cartes-de-voeux-intergenerationnelles\/"},"author":{"name":"J.J.","@id":"https:\/\/vosgesinfo.fr\/saintdieinfo\/#\/schema\/person\/fa73e9f726d67bb88f46d5b7943cb572"},"headline":"Enfants et a\u00een\u00e9s d\u00e9odatiens r\u00e9unis autour de cartes de v\u0153ux interg\u00e9n\u00e9rationnelles","datePublished":"2026-01-22T10:12:09+00:00","dateModified":"2026-01-22T10:05:28+00:00","mainEntityOfPage":{"@id":"https:\/\/vosgesinfo.fr\/saintdieinfo\/2026\/01\/enfants-et-aines-deodatiens-reunis-autour-de-cartes-de-voeux-intergenerationnelles\/"},"wordCount":388,"commentCount":0,"publisher":{"@id":"https:\/\/vosgesinfo.fr\/saintdieinfo\/#organization"},"image":{"@id":"https:\/\/vosgesinfo.fr\/saintdieinfo\/2026\/01\/enfants-et-aines-deodatiens-reunis-autour-de-cartes-de-voeux-intergenerationnelles\/#primaryimage"},"thumbnailUrl":"https:\/\/vosgesinfo.fr\/app\/uploads\/sites\/4\/2026\/01\/remise-cartes-voeux-residents-ehpad-sddv-4.jpg","keywords":["Action interg\u00e9n\u00e9rationnelle","Cartes de voeux","Centre-Social Lucie Aubrac","EHPAD de Foucharupt","EHPAD Saint-D\u00e9odat","Roselyne Froment","Saint-Di\u00e9-des-Vosges","SELIA"],"articleSection":["A la Une","Enfants","Saint-Di\u00e9-des-Vosges"],"inLanguage":"fr-FR","potentialAction":[{"@type":"CommentAction","name":"Comment","target":["https:\/\/vosgesinfo.fr\/saintdieinfo\/2026\/01\/enfants-et-aines-deodatiens-reunis-autour-de-cartes-de-voeux-intergenerationnelles\/#respond"]}]},{"@type":"WebPage","@id":"https:\/\/vosgesinfo.fr\/saintdieinfo\/2026\/01\/enfants-et-aines-deodatiens-reunis-autour-de-cartes-de-voeux-intergenerationnelles\/","url":"https:\/\/vosgesinfo.fr\/saintdieinfo\/2026\/01\/enfants-et-aines-deodatiens-reunis-autour-de-cartes-de-voeux-intergenerationnelles\/","name":"Enfants et a\u00een\u00e9s d\u00e9odatiens r\u00e9unis autour de cartes de v\u0153ux interg\u00e9n\u00e9rationnelles - Saint Die Info","isPartOf":{"@id":"https:\/\/vosgesinfo.fr\/saintdieinfo\/#website"},"primaryImageOfPage":{"@id":"https:\/\/vosgesinfo.fr\/saintdieinfo\/2026\/01\/enfants-et-aines-deodatiens-reunis-autour-de-cartes-de-voeux-intergenerationnelles\/#primaryimage"},"image":{"@id":"https:\/\/vosgesinfo.fr\/saintdieinfo\/2026\/01\/enfants-et-aines-deodatiens-reunis-autour-de-cartes-de-voeux-intergenerationnelles\/#primaryimage"},"thumbnailUrl":"https:\/\/vosgesinfo.fr\/app\/uploads\/sites\/4\/2026\/01\/remise-cartes-voeux-residents-ehpad-sddv-4.jpg","datePublished":"2026-01-22T10:12:09+00:00","dateModified":"2026-01-22T10:05:28+00:00","breadcrumb":{"@id":"https:\/\/vosgesinfo.fr\/saintdieinfo\/2026\/01\/enfants-et-aines-deodatiens-reunis-autour-de-cartes-de-voeux-intergenerationnelles\/#breadcrumb"},"inLanguage":"fr-FR","potentialAction":[{"@type":"ReadAction","target":["https:\/\/vosgesinfo.fr\/saintdieinfo\/2026\/01\/enfants-et-aines-deodatiens-reunis-autour-de-cartes-de-voeux-intergenerationnelles\/"]}]},{"@type":"ImageObject","inLanguage":"fr-FR","@id":"https:\/\/vosgesinfo.fr\/saintdieinfo\/2026\/01\/enfants-et-aines-deodatiens-reunis-autour-de-cartes-de-voeux-intergenerationnelles\/#primaryimage","url":"https:\/\/vosgesinfo.fr\/app\/uploads\/sites\/4\/2026\/01\/remise-cartes-voeux-residents-ehpad-sddv-4.jpg","contentUrl":"https:\/\/vosgesinfo.fr\/app\/uploads\/sites\/4\/2026\/01\/remise-cartes-voeux-residents-ehpad-sddv-4.jpg","width":1131,"height":848,"caption":"(Photographies Roselyne Froment)"},{"@type":"BreadcrumbList","@id":"https:\/\/vosgesinfo.fr\/saintdieinfo\/2026\/01\/enfants-et-aines-deodatiens-reunis-autour-de-cartes-de-voeux-intergenerationnelles\/#breadcrumb","itemListElement":[{"@type":"ListItem","position":1,"name":"Home","item":"https:\/\/vosgesinfo.fr\/saintdieinfo\/"},{"@type":"ListItem","position":2,"name":"Enfants et a\u00een\u00e9s d\u00e9odatiens r\u00e9unis autour de cartes de v\u0153ux interg\u00e9n\u00e9rationnelles"}]},{"@type":"WebSite","@id":"https:\/\/vosgesinfo.fr\/saintdieinfo\/#website","url":"https:\/\/vosgesinfo.fr\/saintdieinfo\/","name":"Saint Die Info","description":"Toute l&#039;actualit\u00e9 de Saint-Di\u00e9-Des-Vosges","publisher":{"@id":"https:\/\/vosgesinfo.fr\/saintdieinfo\/#organization"},"alternateName":"Toute l'actualit\u00e9 de Saint-Di\u00e9-Des-Vosges","potentialAction":[{"@type":"SearchAction","target":{"@type":"EntryPoint","urlTemplate":"https:\/\/vosgesinfo.fr\/saintdieinfo\/?s={search_term_string}"},"query-input":"required name=search_term_string"}],"inLanguage":"fr-FR"},{"@type":"Organization","@id":"https:\/\/vosgesinfo.fr\/saintdieinfo\/#organization","name":"Saint Die Info","url":"https:\/\/vosgesinfo.fr\/saintdieinfo\/","logo":{"@type":"ImageObject","inLanguage":"fr-FR","@id":"https:\/\/vosgesinfo.fr\/saintdieinfo\/#\/schema\/logo\/image\/","url":"https:\/\/vosgesinfo.fr\/app\/uploads\/sites\/4\/2024\/02\/logo-sdi.jpg","contentUrl":"https:\/\/vosgesinfo.fr\/app\/uploads\/sites\/4\/2024\/02\/logo-sdi.jpg","width":600,"height":600,"caption":"Saint Die Info"},"image":{"@id":"https:\/\/vosgesinfo.fr\/saintdieinfo\/#\/schema\/logo\/image\/"},"sameAs":["https:\/\/www.facebook.com\/Saintdieinfofr","https:\/\/x.com\/VosgesInfo88","https:\/\/www.youtube.com\/@vosgesinfo"]},{"@type":"Person","@id":"https:\/\/vosgesinfo.fr\/saintdieinfo\/#\/schema\/person\/fa73e9f726d67bb88f46d5b7943cb572","name":"J.J.","image":{"@type":"ImageObject","inLanguage":"fr-FR","@id":"https:\/\/vosgesinfo.fr\/saintdieinfo\/#\/schema\/person\/image\/","url":"https:\/\/secure.gravatar.com\/avatar\/219e749e47ffbcca018a360ae4add7d4cdf1cdaaf8bc7676b27efade3fe65615?s=96&d=mm&r=g","contentUrl":"https:\/\/secure.gravatar.com\/avatar\/219e749e47ffbcca018a360ae4add7d4cdf1cdaaf8bc7676b27efade3fe65615?s=96&d=mm&r=g","caption":"J.J."},"url":"https:\/\/vosgesinfo.fr\/saintdieinfo\/author\/j-j\/"}]}},"_links":{"self":[{"href":"https:\/\/vosgesinfo.fr\/saintdieinfo\/wp-json\/wp\/v2\/posts\/87038","targetHints":{"allow":["GET"]}}],"collection":[{"href":"https:\/\/vosgesinfo.fr\/saintdieinfo\/wp-json\/wp\/v2\/posts"}],"about":[{"href":"https:\/\/vosgesinfo.fr\/saintdieinfo\/wp-json\/wp\/v2\/types\/post"}],"author":[{"embeddable":true,"href":"https:\/\/vosgesinfo.fr\/saintdieinfo\/wp-json\/wp\/v2\/users\/46"}],"replies":[{"embeddable":true,"href":"https:\/\/vosgesinfo.fr\/saintdieinfo\/wp-json\/wp\/v2\/comments?post=87038"}],"version-history":[{"count":1,"href":"https:\/\/vosgesinfo.fr\/saintdieinfo\/wp-json\/wp\/v2\/posts\/87038\/revisions"}],"predecessor-version":[{"id":87047,"href":"https:\/\/vosgesinfo.fr\/saintdieinfo\/wp-json\/wp\/v2\/posts\/87038\/revisions\/87047"}],"wp:featuredmedia":[{"embeddable":true,"href":"https:\/\/vosgesinfo.fr\/saintdieinfo\/wp-json\/wp\/v2\/media\/87042"}],"wp:attachment":[{"href":"https:\/\/vosgesinfo.fr\/saintdieinfo\/wp-json\/wp\/v2\/media?parent=87038"}],"wp:term":[{"taxonomy":"category","embeddable":true,"href":"https:\/\/vosgesinfo.fr\/saintdieinfo\/wp-json\/wp\/v2\/categories?post=87038"},{"taxonomy":"post_tag","embeddable":true,"href":"https:\/\/vosgesinfo.fr\/saintdieinfo\/wp-json\/wp\/v2\/tags?post=87038"}],"curies":[{"name":"wp","href":"https:\/\/api.w.org\/{rel}","templated":true}]}}