{"id":87048,"date":"2026-01-22T12:52:00","date_gmt":"2026-01-22T11:52:00","guid":{"rendered":"https:\/\/vosgesinfo.fr\/saintdieinfo\/?p=87048"},"modified":"2026-01-22T12:46:39","modified_gmt":"2026-01-22T11:46:39","slug":"bruyeres-lademat-h-salue-louverture-dun-dispositif-daccueil-et-dorientation-pour-les-enfants","status":"publish","type":"post","link":"https:\/\/vosgesinfo.fr\/saintdieinfo\/2026\/01\/bruyeres-lademat-h-salue-louverture-dun-dispositif-daccueil-et-dorientation-pour-les-enfants\/","title":{"rendered":"Bruy\u00e8res \u2013 L&rsquo;Ademat-H salue l\u2019ouverture d\u2019un dispositif d\u2019accueil et d\u2019orientation pour les enfants"},"content":{"rendered":"<h2>\u00c0 compter du <strong data-start=\"13\" data-end=\"38\">lundi 2 mars prochain<\/strong>, le <strong data-start=\"43\" data-end=\"76\">Centre Hospitalier de Ravenel<\/strong> met en place un <strong data-start=\"93\" data-end=\"142\">nouveau dispositif d\u2019accueil et d\u2019orientation<\/strong> en direction des <strong data-start=\"160\" data-end=\"194\">enfants du secteur de Bruy\u00e8res<\/strong>. Un dispositif dont se f\u00e9licite <strong>l&rsquo;Ademat-H.<\/strong><\/h2>\n<p><!--more--><\/p>\n<h3 data-start=\"133\" data-end=\"700\"><strong>Des consultations avec un infirmier psychiatrique<\/strong><\/h3>\n<p data-start=\"133\" data-end=\"700\">Une consultation avec un <strong data-start=\"369\" data-end=\"410\">infirmier psychiatrique \u00e0 temps plein<\/strong> sera assur\u00e9e les <strong data-start=\"428\" data-end=\"448\">lundis et mardis<\/strong>. L\u2019infirmier accueillera les enfants, les orientera et coordonnera les prises en charge sous la supervision d\u2019un m\u00e9decin psychiatre. Ce dernier ne pourra pas \u00eatre pr\u00e9sent sur place, en raison du tr\u00e8s faible nombre de psychiatres dans le d\u00e9partement.<\/p>\n<h3 data-start=\"702\" data-end=\"755\"><strong>Huit ans de mobilisations autour du CMP enfants<\/strong><\/h3>\n<p data-start=\"757\" data-end=\"1025\">Ce dispositif intervient apr\u00e8s <strong data-start=\"788\" data-end=\"820\">huit ann\u00e9es de d\u00e9terminatio<\/strong>n des \u00e9lus du secteur, de la population, des usagers et des syndicats de l\u2019h\u00f4pital de Ravenel, pour mettre un terme \u00e0 la <strong data-start=\"944\" data-end=\"977\">fermeture temporaire<\/strong>\u00a0de cette <strong data-start=\"987\" data-end=\"1022\">structure de soins de proximit\u00e9<\/strong>. Le sous-pr\u00e9fet de Saint-Di\u00e9-des-Vosges <strong>Antoine Planquette<\/strong> et la directrice du Centre Hospitalier de Ravenel<strong> Cl\u00e9mentine Roth<\/strong> sont \u00e9galement intervenus, en lien avec l\u2019<strong data-start=\"1166\" data-end=\"1201\">ARS \u2013 Agence r\u00e9gionale de sant\u00e9<\/strong>.<\/p>\n<h3 data-start=\"1206\" data-end=\"1265\"><strong>Un contexte de p\u00e9nurie de psychiatres dans les Vosges<\/strong><\/h3>\n<p data-start=\"1267\" data-end=\"1722\">Dans les Vosges, <strong data-start=\"1284\" data-end=\"1321\">huit m\u00e9decins psychiatres publics<\/strong> exercent actuellement, pour l\u2019\u00e9quivalent de <strong data-start=\"1366\" data-end=\"1385\">2,5 temps plein<\/strong>. Le <strong data-start=\"1390\" data-end=\"1441\">CMP \u2013 centre m\u00e9dico-psychologique \u2013 de Bruy\u00e8res<\/strong> suit 290 adultes. Avant la mise en place du nouveau dispositif, <strong data-start=\"1506\" data-end=\"1544\">113 enfants du secteur de Bruy\u00e8res<\/strong> devaient se rendre \u00e0 \u00c9pinal, Rambervillers, Saint-Di\u00e9-des-Vosges ou G\u00e9rardmer pour b\u00e9n\u00e9ficier d\u2019un suivi.<\/p>\n<h3 data-start=\"1724\" data-end=\"1761\"><strong>Une avanc\u00e9e salu\u00e9e par Ademat-H<\/strong><\/h3>\n<p data-start=\"1763\" data-end=\"2221\">L\u2019<strong data-start=\"1765\" data-end=\"1789\">association Ademat-H<\/strong> salue une <strong data-start=\"1800\" data-end=\"1824\">avanc\u00e9e consid\u00e9rable<\/strong> pour la <strong data-start=\"1833\" data-end=\"1885\">jeunesse et la population du secteur de Bruy\u00e8res<\/strong>, tout en rappelant que la <strong data-start=\"1912\" data-end=\"1933\">situation de 2018<\/strong> n\u2019est pas retrouv\u00e9e. Pour Ademat-H, cette \u00e9tape montre qu\u2019il n\u2019y a pas de fatalit\u00e9 et que l\u2019action unie demeure d\u00e9terminante. L\u2019association invite citoyens, usagers, \u00e9lus et professionnels de sant\u00e9 \u00e0 continuer d\u2019agir pour l\u2019<strong data-start=\"2158\" data-end=\"2187\">acc\u00e8s aux soins pour tous<\/strong>, au plus pr\u00e8s de la population.<\/p>\n","protected":false},"excerpt":{"rendered":"<p>\u00c0 compter du lundi 2 mars prochain, le Centre Hospitalier de Ravenel met en place un nouveau dispositif d\u2019accueil et [&hellip;]<\/p>\n","protected":false},"author":46,"featured_media":87050,"comment_status":"open","ping_status":"open","sticky":false,"template":"","format":"standard","meta":{"footnotes":""},"categories":[460,5392,4152,17,18],"tags":[14973,19886,632,13419,19884,19883,906,19887,19888,19885,43],"class_list":["post-87048","post","type-post","status-publish","format-standard","has-post-thumbnail","hentry","category-a-la-une","category-epinal","category-sante","category-vie-associative","category-vosges","tag-ademat-h","tag-ars-agence-regionale-de-sante","tag-bruyeres","tag-centre-hospitalier-de-ravenel","tag-centre-medico-psychologique","tag-cmp-de-bruyeres","tag-enfants","tag-psychiatrie","tag-soins-de-proximite","tag-sous-prefet-de-saint-die-des-vosges","tag-vosges"],"acf":[],"yoast_head":"<!-- This site is optimized with the Yoast SEO plugin v22.5 - https:\/\/yoast.com\/wordpress\/plugins\/seo\/ -->\n<title>Bruy\u00e8res \u2013 L&#039;Ademat-H salue l\u2019ouverture d\u2019un dispositif d\u2019accueil et d\u2019orientation pour les enfants - Saint Die Info<\/title>\n<meta name=\"robots\" content=\"index, follow, max-snippet:-1, max-image-preview:large, max-video-preview:-1\" \/>\n<link rel=\"canonical\" href=\"https:\/\/vosgesinfo.fr\/saintdieinfo\/2026\/01\/bruyeres-lademat-h-salue-louverture-dun-dispositif-daccueil-et-dorientation-pour-les-enfants\/\" \/>\n<meta name=\"twitter:card\" content=\"summary_large_image\" \/>\n<meta name=\"twitter:title\" content=\"Bruy\u00e8res \u2013 L&#039;Ademat-H salue l\u2019ouverture d\u2019un dispositif d\u2019accueil et d\u2019orientation pour les enfants - Saint Die Info\" \/>\n<meta name=\"twitter:description\" content=\"\u00c0 compter du lundi 2 mars prochain, le Centre Hospitalier de Ravenel met en place un nouveau dispositif d\u2019accueil et [&hellip;]\" \/>\n<meta name=\"twitter:image\" content=\"https:\/\/vosgesinfo.fr\/app\/uploads\/sites\/4\/2026\/01\/ademat-h-logo-ok.png\" \/>\n<meta name=\"twitter:creator\" content=\"@VosgesInfo88\" \/>\n<meta name=\"twitter:site\" content=\"@VosgesInfo88\" \/>\n<meta name=\"twitter:label1\" content=\"\u00c9crit par\" \/>\n\t<meta name=\"twitter:data1\" content=\"J.J.\" \/>\n\t<meta name=\"twitter:label2\" content=\"Dur\u00e9e de lecture estim\u00e9e\" \/>\n\t<meta name=\"twitter:data2\" content=\"2 minutes\" \/>\n<script type=\"application\/ld+json\" class=\"yoast-schema-graph\">{\"@context\":\"https:\/\/schema.org\",\"@graph\":[{\"@type\":\"Article\",\"@id\":\"https:\/\/vosgesinfo.fr\/saintdieinfo\/2026\/01\/bruyeres-lademat-h-salue-louverture-dun-dispositif-daccueil-et-dorientation-pour-les-enfants\/#article\",\"isPartOf\":{\"@id\":\"https:\/\/vosgesinfo.fr\/saintdieinfo\/2026\/01\/bruyeres-lademat-h-salue-louverture-dun-dispositif-daccueil-et-dorientation-pour-les-enfants\/\"},\"author\":{\"name\":\"J.J.\",\"@id\":\"https:\/\/vosgesinfo.fr\/saintdieinfo\/#\/schema\/person\/fa73e9f726d67bb88f46d5b7943cb572\"},\"headline\":\"Bruy\u00e8res \u2013 L&rsquo;Ademat-H salue l\u2019ouverture d\u2019un dispositif d\u2019accueil et d\u2019orientation pour les enfants\",\"datePublished\":\"2026-01-22T11:52:00+00:00\",\"dateModified\":\"2026-01-22T11:46:39+00:00\",\"mainEntityOfPage\":{\"@id\":\"https:\/\/vosgesinfo.fr\/saintdieinfo\/2026\/01\/bruyeres-lademat-h-salue-louverture-dun-dispositif-daccueil-et-dorientation-pour-les-enfants\/\"},\"wordCount\":359,\"commentCount\":0,\"publisher\":{\"@id\":\"https:\/\/vosgesinfo.fr\/saintdieinfo\/#organization\"},\"image\":{\"@id\":\"https:\/\/vosgesinfo.fr\/saintdieinfo\/2026\/01\/bruyeres-lademat-h-salue-louverture-dun-dispositif-daccueil-et-dorientation-pour-les-enfants\/#primaryimage\"},\"thumbnailUrl\":\"https:\/\/vosgesinfo.fr\/app\/uploads\/sites\/4\/2026\/01\/ademat-h-logo-ok.png\",\"keywords\":[\"ademat-h\",\"ARS \u2013 Agence r\u00e9gionale de sant\u00e9\",\"Bruy\u00e8res\",\"Centre Hospitalier de Ravenel\",\"centre m\u00e9dico-psychologique\",\"CMP de Bruy\u00e8res\",\"enfants\",\"psychiatrie\",\"soins de proximit\u00e9\",\"sous-pr\u00e9fet de Saint-Di\u00e9-des-Vosges\",\"vosges\"],\"articleSection\":[\"A la Une\",\"Epinal\",\"Sant\u00e9\",\"Vie Associative\",\"Vosges\"],\"inLanguage\":\"fr-FR\",\"potentialAction\":[{\"@type\":\"CommentAction\",\"name\":\"Comment\",\"target\":[\"https:\/\/vosgesinfo.fr\/saintdieinfo\/2026\/01\/bruyeres-lademat-h-salue-louverture-dun-dispositif-daccueil-et-dorientation-pour-les-enfants\/#respond\"]}]},{\"@type\":\"WebPage\",\"@id\":\"https:\/\/vosgesinfo.fr\/saintdieinfo\/2026\/01\/bruyeres-lademat-h-salue-louverture-dun-dispositif-daccueil-et-dorientation-pour-les-enfants\/\",\"url\":\"https:\/\/vosgesinfo.fr\/saintdieinfo\/2026\/01\/bruyeres-lademat-h-salue-louverture-dun-dispositif-daccueil-et-dorientation-pour-les-enfants\/\",\"name\":\"Bruy\u00e8res \u2013 L'Ademat-H salue l\u2019ouverture d\u2019un dispositif d\u2019accueil et d\u2019orientation pour les enfants - Saint Die Info\",\"isPartOf\":{\"@id\":\"https:\/\/vosgesinfo.fr\/saintdieinfo\/#website\"},\"primaryImageOfPage\":{\"@id\":\"https:\/\/vosgesinfo.fr\/saintdieinfo\/2026\/01\/bruyeres-lademat-h-salue-louverture-dun-dispositif-daccueil-et-dorientation-pour-les-enfants\/#primaryimage\"},\"image\":{\"@id\":\"https:\/\/vosgesinfo.fr\/saintdieinfo\/2026\/01\/bruyeres-lademat-h-salue-louverture-dun-dispositif-daccueil-et-dorientation-pour-les-enfants\/#primaryimage\"},\"thumbnailUrl\":\"https:\/\/vosgesinfo.fr\/app\/uploads\/sites\/4\/2026\/01\/ademat-h-logo-ok.png\",\"datePublished\":\"2026-01-22T11:52:00+00:00\",\"dateModified\":\"2026-01-22T11:46:39+00:00\",\"breadcrumb\":{\"@id\":\"https:\/\/vosgesinfo.fr\/saintdieinfo\/2026\/01\/bruyeres-lademat-h-salue-louverture-dun-dispositif-daccueil-et-dorientation-pour-les-enfants\/#breadcrumb\"},\"inLanguage\":\"fr-FR\",\"potentialAction\":[{\"@type\":\"ReadAction\",\"target\":[\"https:\/\/vosgesinfo.fr\/saintdieinfo\/2026\/01\/bruyeres-lademat-h-salue-louverture-dun-dispositif-daccueil-et-dorientation-pour-les-enfants\/\"]}]},{\"@type\":\"ImageObject\",\"inLanguage\":\"fr-FR\",\"@id\":\"https:\/\/vosgesinfo.fr\/saintdieinfo\/2026\/01\/bruyeres-lademat-h-salue-louverture-dun-dispositif-daccueil-et-dorientation-pour-les-enfants\/#primaryimage\",\"url\":\"https:\/\/vosgesinfo.fr\/app\/uploads\/sites\/4\/2026\/01\/ademat-h-logo-ok.png\",\"contentUrl\":\"https:\/\/vosgesinfo.fr\/app\/uploads\/sites\/4\/2026\/01\/ademat-h-logo-ok.png\",\"width\":400,\"height\":278},{\"@type\":\"BreadcrumbList\",\"@id\":\"https:\/\/vosgesinfo.fr\/saintdieinfo\/2026\/01\/bruyeres-lademat-h-salue-louverture-dun-dispositif-daccueil-et-dorientation-pour-les-enfants\/#breadcrumb\",\"itemListElement\":[{\"@type\":\"ListItem\",\"position\":1,\"name\":\"Home\",\"item\":\"https:\/\/vosgesinfo.fr\/saintdieinfo\/\"},{\"@type\":\"ListItem\",\"position\":2,\"name\":\"Bruy\u00e8res \u2013 L&rsquo;Ademat-H salue l\u2019ouverture d\u2019un dispositif d\u2019accueil et d\u2019orientation pour les enfants\"}]},{\"@type\":\"WebSite\",\"@id\":\"https:\/\/vosgesinfo.fr\/saintdieinfo\/#website\",\"url\":\"https:\/\/vosgesinfo.fr\/saintdieinfo\/\",\"name\":\"Saint Die Info\",\"description\":\"Toute l&#039;actualit\u00e9 de Saint-Di\u00e9-Des-Vosges\",\"publisher\":{\"@id\":\"https:\/\/vosgesinfo.fr\/saintdieinfo\/#organization\"},\"alternateName\":\"Toute l'actualit\u00e9 de Saint-Di\u00e9-Des-Vosges\",\"potentialAction\":[{\"@type\":\"SearchAction\",\"target\":{\"@type\":\"EntryPoint\",\"urlTemplate\":\"https:\/\/vosgesinfo.fr\/saintdieinfo\/?s={search_term_string}\"},\"query-input\":\"required name=search_term_string\"}],\"inLanguage\":\"fr-FR\"},{\"@type\":\"Organization\",\"@id\":\"https:\/\/vosgesinfo.fr\/saintdieinfo\/#organization\",\"name\":\"Saint Die Info\",\"url\":\"https:\/\/vosgesinfo.fr\/saintdieinfo\/\",\"logo\":{\"@type\":\"ImageObject\",\"inLanguage\":\"fr-FR\",\"@id\":\"https:\/\/vosgesinfo.fr\/saintdieinfo\/#\/schema\/logo\/image\/\",\"url\":\"https:\/\/vosgesinfo.fr\/app\/uploads\/sites\/4\/2024\/02\/logo-sdi.jpg\",\"contentUrl\":\"https:\/\/vosgesinfo.fr\/app\/uploads\/sites\/4\/2024\/02\/logo-sdi.jpg\",\"width\":600,\"height\":600,\"caption\":\"Saint Die Info\"},\"image\":{\"@id\":\"https:\/\/vosgesinfo.fr\/saintdieinfo\/#\/schema\/logo\/image\/\"},\"sameAs\":[\"https:\/\/www.facebook.com\/Saintdieinfofr\",\"https:\/\/x.com\/VosgesInfo88\",\"https:\/\/www.youtube.com\/@vosgesinfo\"]},{\"@type\":\"Person\",\"@id\":\"https:\/\/vosgesinfo.fr\/saintdieinfo\/#\/schema\/person\/fa73e9f726d67bb88f46d5b7943cb572\",\"name\":\"J.J.\",\"image\":{\"@type\":\"ImageObject\",\"inLanguage\":\"fr-FR\",\"@id\":\"https:\/\/vosgesinfo.fr\/saintdieinfo\/#\/schema\/person\/image\/\",\"url\":\"https:\/\/secure.gravatar.com\/avatar\/219e749e47ffbcca018a360ae4add7d4cdf1cdaaf8bc7676b27efade3fe65615?s=96&d=mm&r=g\",\"contentUrl\":\"https:\/\/secure.gravatar.com\/avatar\/219e749e47ffbcca018a360ae4add7d4cdf1cdaaf8bc7676b27efade3fe65615?s=96&d=mm&r=g\",\"caption\":\"J.J.\"},\"url\":\"https:\/\/vosgesinfo.fr\/saintdieinfo\/author\/j-j\/\"}]}<\/script>\n<!-- \/ Yoast SEO plugin. -->","yoast_head_json":{"title":"Bruy\u00e8res \u2013 L'Ademat-H salue l\u2019ouverture d\u2019un dispositif d\u2019accueil et d\u2019orientation pour les enfants - Saint Die Info","robots":{"index":"index","follow":"follow","max-snippet":"max-snippet:-1","max-image-preview":"max-image-preview:large","max-video-preview":"max-video-preview:-1"},"canonical":"https:\/\/vosgesinfo.fr\/saintdieinfo\/2026\/01\/bruyeres-lademat-h-salue-louverture-dun-dispositif-daccueil-et-dorientation-pour-les-enfants\/","twitter_card":"summary_large_image","twitter_title":"Bruy\u00e8res \u2013 L'Ademat-H salue l\u2019ouverture d\u2019un dispositif d\u2019accueil et d\u2019orientation pour les enfants - Saint Die Info","twitter_description":"\u00c0 compter du lundi 2 mars prochain, le Centre Hospitalier de Ravenel met en place un nouveau dispositif d\u2019accueil et [&hellip;]","twitter_image":"https:\/\/vosgesinfo.fr\/app\/uploads\/sites\/4\/2026\/01\/ademat-h-logo-ok.png","twitter_creator":"@VosgesInfo88","twitter_site":"@VosgesInfo88","twitter_misc":{"\u00c9crit par":"J.J.","Dur\u00e9e de lecture estim\u00e9e":"2 minutes"},"schema":{"@context":"https:\/\/schema.org","@graph":[{"@type":"Article","@id":"https:\/\/vosgesinfo.fr\/saintdieinfo\/2026\/01\/bruyeres-lademat-h-salue-louverture-dun-dispositif-daccueil-et-dorientation-pour-les-enfants\/#article","isPartOf":{"@id":"https:\/\/vosgesinfo.fr\/saintdieinfo\/2026\/01\/bruyeres-lademat-h-salue-louverture-dun-dispositif-daccueil-et-dorientation-pour-les-enfants\/"},"author":{"name":"J.J.","@id":"https:\/\/vosgesinfo.fr\/saintdieinfo\/#\/schema\/person\/fa73e9f726d67bb88f46d5b7943cb572"},"headline":"Bruy\u00e8res \u2013 L&rsquo;Ademat-H salue l\u2019ouverture d\u2019un dispositif d\u2019accueil et d\u2019orientation pour les enfants","datePublished":"2026-01-22T11:52:00+00:00","dateModified":"2026-01-22T11:46:39+00:00","mainEntityOfPage":{"@id":"https:\/\/vosgesinfo.fr\/saintdieinfo\/2026\/01\/bruyeres-lademat-h-salue-louverture-dun-dispositif-daccueil-et-dorientation-pour-les-enfants\/"},"wordCount":359,"commentCount":0,"publisher":{"@id":"https:\/\/vosgesinfo.fr\/saintdieinfo\/#organization"},"image":{"@id":"https:\/\/vosgesinfo.fr\/saintdieinfo\/2026\/01\/bruyeres-lademat-h-salue-louverture-dun-dispositif-daccueil-et-dorientation-pour-les-enfants\/#primaryimage"},"thumbnailUrl":"https:\/\/vosgesinfo.fr\/app\/uploads\/sites\/4\/2026\/01\/ademat-h-logo-ok.png","keywords":["ademat-h","ARS \u2013 Agence r\u00e9gionale de sant\u00e9","Bruy\u00e8res","Centre Hospitalier de Ravenel","centre m\u00e9dico-psychologique","CMP de Bruy\u00e8res","enfants","psychiatrie","soins de proximit\u00e9","sous-pr\u00e9fet de Saint-Di\u00e9-des-Vosges","vosges"],"articleSection":["A la Une","Epinal","Sant\u00e9","Vie Associative","Vosges"],"inLanguage":"fr-FR","potentialAction":[{"@type":"CommentAction","name":"Comment","target":["https:\/\/vosgesinfo.fr\/saintdieinfo\/2026\/01\/bruyeres-lademat-h-salue-louverture-dun-dispositif-daccueil-et-dorientation-pour-les-enfants\/#respond"]}]},{"@type":"WebPage","@id":"https:\/\/vosgesinfo.fr\/saintdieinfo\/2026\/01\/bruyeres-lademat-h-salue-louverture-dun-dispositif-daccueil-et-dorientation-pour-les-enfants\/","url":"https:\/\/vosgesinfo.fr\/saintdieinfo\/2026\/01\/bruyeres-lademat-h-salue-louverture-dun-dispositif-daccueil-et-dorientation-pour-les-enfants\/","name":"Bruy\u00e8res \u2013 L'Ademat-H salue l\u2019ouverture d\u2019un dispositif d\u2019accueil et d\u2019orientation pour les enfants - Saint Die Info","isPartOf":{"@id":"https:\/\/vosgesinfo.fr\/saintdieinfo\/#website"},"primaryImageOfPage":{"@id":"https:\/\/vosgesinfo.fr\/saintdieinfo\/2026\/01\/bruyeres-lademat-h-salue-louverture-dun-dispositif-daccueil-et-dorientation-pour-les-enfants\/#primaryimage"},"image":{"@id":"https:\/\/vosgesinfo.fr\/saintdieinfo\/2026\/01\/bruyeres-lademat-h-salue-louverture-dun-dispositif-daccueil-et-dorientation-pour-les-enfants\/#primaryimage"},"thumbnailUrl":"https:\/\/vosgesinfo.fr\/app\/uploads\/sites\/4\/2026\/01\/ademat-h-logo-ok.png","datePublished":"2026-01-22T11:52:00+00:00","dateModified":"2026-01-22T11:46:39+00:00","breadcrumb":{"@id":"https:\/\/vosgesinfo.fr\/saintdieinfo\/2026\/01\/bruyeres-lademat-h-salue-louverture-dun-dispositif-daccueil-et-dorientation-pour-les-enfants\/#breadcrumb"},"inLanguage":"fr-FR","potentialAction":[{"@type":"ReadAction","target":["https:\/\/vosgesinfo.fr\/saintdieinfo\/2026\/01\/bruyeres-lademat-h-salue-louverture-dun-dispositif-daccueil-et-dorientation-pour-les-enfants\/"]}]},{"@type":"ImageObject","inLanguage":"fr-FR","@id":"https:\/\/vosgesinfo.fr\/saintdieinfo\/2026\/01\/bruyeres-lademat-h-salue-louverture-dun-dispositif-daccueil-et-dorientation-pour-les-enfants\/#primaryimage","url":"https:\/\/vosgesinfo.fr\/app\/uploads\/sites\/4\/2026\/01\/ademat-h-logo-ok.png","contentUrl":"https:\/\/vosgesinfo.fr\/app\/uploads\/sites\/4\/2026\/01\/ademat-h-logo-ok.png","width":400,"height":278},{"@type":"BreadcrumbList","@id":"https:\/\/vosgesinfo.fr\/saintdieinfo\/2026\/01\/bruyeres-lademat-h-salue-louverture-dun-dispositif-daccueil-et-dorientation-pour-les-enfants\/#breadcrumb","itemListElement":[{"@type":"ListItem","position":1,"name":"Home","item":"https:\/\/vosgesinfo.fr\/saintdieinfo\/"},{"@type":"ListItem","position":2,"name":"Bruy\u00e8res \u2013 L&rsquo;Ademat-H salue l\u2019ouverture d\u2019un dispositif d\u2019accueil et d\u2019orientation pour les enfants"}]},{"@type":"WebSite","@id":"https:\/\/vosgesinfo.fr\/saintdieinfo\/#website","url":"https:\/\/vosgesinfo.fr\/saintdieinfo\/","name":"Saint Die Info","description":"Toute l&#039;actualit\u00e9 de Saint-Di\u00e9-Des-Vosges","publisher":{"@id":"https:\/\/vosgesinfo.fr\/saintdieinfo\/#organization"},"alternateName":"Toute l'actualit\u00e9 de Saint-Di\u00e9-Des-Vosges","potentialAction":[{"@type":"SearchAction","target":{"@type":"EntryPoint","urlTemplate":"https:\/\/vosgesinfo.fr\/saintdieinfo\/?s={search_term_string}"},"query-input":"required name=search_term_string"}],"inLanguage":"fr-FR"},{"@type":"Organization","@id":"https:\/\/vosgesinfo.fr\/saintdieinfo\/#organization","name":"Saint Die Info","url":"https:\/\/vosgesinfo.fr\/saintdieinfo\/","logo":{"@type":"ImageObject","inLanguage":"fr-FR","@id":"https:\/\/vosgesinfo.fr\/saintdieinfo\/#\/schema\/logo\/image\/","url":"https:\/\/vosgesinfo.fr\/app\/uploads\/sites\/4\/2024\/02\/logo-sdi.jpg","contentUrl":"https:\/\/vosgesinfo.fr\/app\/uploads\/sites\/4\/2024\/02\/logo-sdi.jpg","width":600,"height":600,"caption":"Saint Die Info"},"image":{"@id":"https:\/\/vosgesinfo.fr\/saintdieinfo\/#\/schema\/logo\/image\/"},"sameAs":["https:\/\/www.facebook.com\/Saintdieinfofr","https:\/\/x.com\/VosgesInfo88","https:\/\/www.youtube.com\/@vosgesinfo"]},{"@type":"Person","@id":"https:\/\/vosgesinfo.fr\/saintdieinfo\/#\/schema\/person\/fa73e9f726d67bb88f46d5b7943cb572","name":"J.J.","image":{"@type":"ImageObject","inLanguage":"fr-FR","@id":"https:\/\/vosgesinfo.fr\/saintdieinfo\/#\/schema\/person\/image\/","url":"https:\/\/secure.gravatar.com\/avatar\/219e749e47ffbcca018a360ae4add7d4cdf1cdaaf8bc7676b27efade3fe65615?s=96&d=mm&r=g","contentUrl":"https:\/\/secure.gravatar.com\/avatar\/219e749e47ffbcca018a360ae4add7d4cdf1cdaaf8bc7676b27efade3fe65615?s=96&d=mm&r=g","caption":"J.J."},"url":"https:\/\/vosgesinfo.fr\/saintdieinfo\/author\/j-j\/"}]}},"_links":{"self":[{"href":"https:\/\/vosgesinfo.fr\/saintdieinfo\/wp-json\/wp\/v2\/posts\/87048","targetHints":{"allow":["GET"]}}],"collection":[{"href":"https:\/\/vosgesinfo.fr\/saintdieinfo\/wp-json\/wp\/v2\/posts"}],"about":[{"href":"https:\/\/vosgesinfo.fr\/saintdieinfo\/wp-json\/wp\/v2\/types\/post"}],"author":[{"embeddable":true,"href":"https:\/\/vosgesinfo.fr\/saintdieinfo\/wp-json\/wp\/v2\/users\/46"}],"replies":[{"embeddable":true,"href":"https:\/\/vosgesinfo.fr\/saintdieinfo\/wp-json\/wp\/v2\/comments?post=87048"}],"version-history":[{"count":2,"href":"https:\/\/vosgesinfo.fr\/saintdieinfo\/wp-json\/wp\/v2\/posts\/87048\/revisions"}],"predecessor-version":[{"id":87052,"href":"https:\/\/vosgesinfo.fr\/saintdieinfo\/wp-json\/wp\/v2\/posts\/87048\/revisions\/87052"}],"wp:featuredmedia":[{"embeddable":true,"href":"https:\/\/vosgesinfo.fr\/saintdieinfo\/wp-json\/wp\/v2\/media\/87050"}],"wp:attachment":[{"href":"https:\/\/vosgesinfo.fr\/saintdieinfo\/wp-json\/wp\/v2\/media?parent=87048"}],"wp:term":[{"taxonomy":"category","embeddable":true,"href":"https:\/\/vosgesinfo.fr\/saintdieinfo\/wp-json\/wp\/v2\/categories?post=87048"},{"taxonomy":"post_tag","embeddable":true,"href":"https:\/\/vosgesinfo.fr\/saintdieinfo\/wp-json\/wp\/v2\/tags?post=87048"}],"curies":[{"name":"wp","href":"https:\/\/api.w.org\/{rel}","templated":true}]}}