{"id":87060,"date":"2026-01-23T08:42:44","date_gmt":"2026-01-23T07:42:44","guid":{"rendered":"https:\/\/vosgesinfo.fr\/saintdieinfo\/?p=87060"},"modified":"2026-01-23T08:36:31","modified_gmt":"2026-01-23T07:36:31","slug":"reseau-de-chaleur-creation-de-la-filiale-saint-die-des-vosges-energie","status":"publish","type":"post","link":"https:\/\/vosgesinfo.fr\/saintdieinfo\/2026\/01\/reseau-de-chaleur-creation-de-la-filiale-saint-die-des-vosges-energie\/","title":{"rendered":"R\u00e9seau de chaleur : cr\u00e9ation de la filiale \u00ab Saint-Di\u00e9-des-Vosges \u00c9nergie \u00bb"},"content":{"rendered":"<p data-start=\"92\" data-end=\"509\"><a href=\"https:\/\/vosgesinfo.fr\/app\/uploads\/sites\/4\/2026\/01\/chaufferie-dalkia.jpg\"><img decoding=\"async\" class=\"alignnone size-large wp-image-87062\" src=\"https:\/\/vosgesinfo.fr\/app\/uploads\/sites\/4\/2026\/01\/chaufferie-dalkia-1024x771.jpg\" alt=\"\" width=\"1024\" height=\"771\" srcset=\"https:\/\/vosgesinfo.fr\/app\/uploads\/sites\/4\/2026\/01\/chaufferie-dalkia-1024x771.jpg 1024w, https:\/\/vosgesinfo.fr\/app\/uploads\/sites\/4\/2026\/01\/chaufferie-dalkia-300x226.jpg 300w, https:\/\/vosgesinfo.fr\/app\/uploads\/sites\/4\/2026\/01\/chaufferie-dalkia-768x578.jpg 768w, https:\/\/vosgesinfo.fr\/app\/uploads\/sites\/4\/2026\/01\/chaufferie-dalkia.jpg 1434w\" sizes=\"(max-width: 1024px) 100vw, 1024px\" \/><\/a><\/p>\n<h2 data-start=\"92\" data-end=\"509\">Une courte r\u00e9union du <strong data-start=\"114\" data-end=\"159\">conseil municipal de Saint-Di\u00e9-des-Vosges<\/strong> s\u2019est tenue au <strong data-start=\"175\" data-end=\"210\">Grand Salon de l\u2019H\u00f4tel de Ville<\/strong> ce <strong data-start=\"214\" data-end=\"230\">jeudi \u00e0 17 h<\/strong>. L\u2019ordre du jour de la s\u00e9ance, <a href=\"https:\/\/vosgesinfo.fr\/saintdieinfo\/2026\/01\/a-lordre-du-jour-du-conseil-municipal-de-saint-die-des-vosges-13\/\" target=\"_blank\" rel=\"noopener\">qui comportait seulement cinq points<\/a>, avait pour principal objectif de valider la cr\u00e9ation d\u2019une soci\u00e9t\u00e9 d\u00e9di\u00e9e \u00e0 la <strong data-start=\"366\" data-end=\"441\">d\u00e9l\u00e9gation de gestion de la production et de la distribution de chaleur<\/strong> attribu\u00e9e \u00e0 <strong data-start=\"454\" data-end=\"506\">DALKIA France : \u00ab\u00a0Saint-Di\u00e9-des-Vosges \u00c9nergie \u00ab\u00a0<\/strong>.<\/h2>\n<p data-start=\"92\" data-end=\"509\"><!--more--><\/p>\n<h3 data-start=\"511\" data-end=\"563\"><strong>Des d\u00e9lib\u00e9rations techniques \u00e0 l\u2019ordre du jour<\/strong><\/h3>\n<p data-start=\"565\" data-end=\"932\">Parmi les points examin\u00e9s, les \u00e9lus d\u00e9odatiens ont adopt\u00e9 le <strong data-start=\"626\" data-end=\"675\">proc\u00e8s-verbal de la s\u00e9ance du 4 d\u00e9cembre 2025<\/strong>. Ils ont \u00e9galement vot\u00e9 une <strong data-start=\"704\" data-end=\"731\">augmentation du capital<\/strong> de la <strong data-start=\"738\" data-end=\"782\">Soci\u00e9t\u00e9 Publique Locale SLIM Territoires<\/strong>, la mise \u00e0 jour du <strong data-start=\"802\" data-end=\"833\">r\u00e9gime indemnitaire RIFSEEP<\/strong> et une modification du tableau des effectifs, avec notamment la cr\u00e9ation d\u2019un <strong data-start=\"912\" data-end=\"929\">poste d\u2019ATSEM<\/strong>.<\/p>\n<h3 data-start=\"934\" data-end=\"992\"><strong>Cr\u00e9ation de Saint-Di\u00e9-des-Vosges \u00c9nergie<\/strong><\/h3>\n<p data-start=\"994\" data-end=\"1390\">Le point majeur de cette s\u00e9ance portait sur le deuxi\u00e8me dossier inscrit \u00e0 l\u2019ordre du jour : l\u2019<strong data-start=\"1098\" data-end=\"1149\">avenant n\u00b0 5 \u00e0 la convention avec DALKIA France<\/strong>. En s\u2019appuyant sur les recommandations de la <strong data-start=\"1195\" data-end=\"1228\">Chambre r\u00e9gionale des comptes<\/strong>, la Ville a act\u00e9 la cr\u00e9ation de \u00ab\u00a0Saint-Di\u00e9-des-Vosges \u00c9nergie\u00a0\u00bb, une filiale de DALKIA charg\u00e9e de clarifier la <strong data-start=\"1341\" data-end=\"1387\">gestion de la d\u00e9l\u00e9gation de service public<\/strong>.<\/p>\n<p data-start=\"1392\" data-end=\"1746\">\u00ab Si cela n\u2019\u00e9tait pas act\u00e9 ce soir en Conseil Municipal, nous n\u2019aurions pas pu, par exemple, acqu\u00e9rir les <strong data-start=\"1498\" data-end=\"1520\">pi\u00e8ces n\u00e9cessaires<\/strong> en cas de <strong data-start=\"1531\" data-end=\"1556\">panne de la chaudi\u00e8re<\/strong>. Cette soci\u00e9t\u00e9 reste une filiale de DALKIA. Elle s\u00e9pare clairement les <strong data-start=\"1628\" data-end=\"1688\">responsabilit\u00e9s et les moyens de DALKIA et de la Commune<\/strong> \u00bb a pr\u00e9cis\u00e9 <strong data-start=\"1701\" data-end=\"1743\">Patrick Zanchetta, adjoint aux travaux<\/strong>.<\/p>\n<h3 data-start=\"1748\" data-end=\"1793\"><strong>Derni\u00e8re s\u00e9ance de la mandature<\/strong><\/h3>\n<p data-start=\"1795\" data-end=\"1962\">Sauf raison particuli\u00e8re, cette courte r\u00e9union du <strong data-start=\"1845\" data-end=\"1876\">Conseil Municipal d\u00e9odatien<\/strong> \u00e9tait la <strong data-start=\"1899\" data-end=\"1918\">derni\u00e8re s\u00e9ance<\/strong> du Conseil Municipal de la <strong data-start=\"1946\" data-end=\"1959\">mandature<\/strong>.<\/p>\n","protected":false},"excerpt":{"rendered":"<p>Une courte r\u00e9union du conseil municipal de Saint-Di\u00e9-des-Vosges s\u2019est tenue au Grand Salon de l\u2019H\u00f4tel de Ville ce jeudi \u00e0 [&hellip;]<\/p>\n","protected":false},"author":46,"featured_media":87062,"comment_status":"open","ping_status":"open","sticky":false,"template":"","format":"standard","meta":{"footnotes":""},"categories":[460,10,167],"tags":[19892,7916,19877,19890,19893,19891,19879,2881,19889,19878],"class_list":["post-87060","post","type-post","status-publish","format-standard","has-post-thumbnail","hentry","category-a-la-une","category-politique","category-saint-die-des-vosges","tag-atsem","tag-conseil-municipal","tag-dalkia-france","tag-delegation-de-service-public","tag-patrick-zanchetta","tag-production-et-distribution-de-chaleur","tag-rifseep","tag-saint-die-des-vosges","tag-saint-die-des-vosges-energie","tag-slim-territoires"],"acf":[],"yoast_head":"<!-- This site is optimized with the Yoast SEO plugin v22.5 - https:\/\/yoast.com\/wordpress\/plugins\/seo\/ -->\n<title>R\u00e9seau de chaleur : cr\u00e9ation de la filiale \u00ab Saint-Di\u00e9-des-Vosges \u00c9nergie \u00bb - Saint Die Info<\/title>\n<meta name=\"robots\" content=\"index, follow, max-snippet:-1, max-image-preview:large, max-video-preview:-1\" \/>\n<link rel=\"canonical\" href=\"https:\/\/vosgesinfo.fr\/saintdieinfo\/2026\/01\/reseau-de-chaleur-creation-de-la-filiale-saint-die-des-vosges-energie\/\" \/>\n<meta name=\"twitter:card\" content=\"summary_large_image\" \/>\n<meta name=\"twitter:title\" content=\"R\u00e9seau de chaleur : cr\u00e9ation de la filiale \u00ab Saint-Di\u00e9-des-Vosges \u00c9nergie \u00bb - Saint Die Info\" \/>\n<meta name=\"twitter:description\" content=\"Une courte r\u00e9union du conseil municipal de Saint-Di\u00e9-des-Vosges s\u2019est tenue au Grand Salon de l\u2019H\u00f4tel de Ville ce jeudi \u00e0 [&hellip;]\" \/>\n<meta name=\"twitter:image\" content=\"https:\/\/vosgesinfo.fr\/app\/uploads\/sites\/4\/2026\/01\/chaufferie-dalkia.jpg\" \/>\n<meta name=\"twitter:creator\" content=\"@VosgesInfo88\" \/>\n<meta name=\"twitter:site\" content=\"@VosgesInfo88\" \/>\n<meta name=\"twitter:label1\" content=\"\u00c9crit par\" \/>\n\t<meta name=\"twitter:data1\" content=\"J.J.\" \/>\n\t<meta name=\"twitter:label2\" content=\"Dur\u00e9e de lecture estim\u00e9e\" \/>\n\t<meta name=\"twitter:data2\" content=\"2 minutes\" \/>\n<script type=\"application\/ld+json\" class=\"yoast-schema-graph\">{\"@context\":\"https:\/\/schema.org\",\"@graph\":[{\"@type\":\"Article\",\"@id\":\"https:\/\/vosgesinfo.fr\/saintdieinfo\/2026\/01\/reseau-de-chaleur-creation-de-la-filiale-saint-die-des-vosges-energie\/#article\",\"isPartOf\":{\"@id\":\"https:\/\/vosgesinfo.fr\/saintdieinfo\/2026\/01\/reseau-de-chaleur-creation-de-la-filiale-saint-die-des-vosges-energie\/\"},\"author\":{\"name\":\"J.J.\",\"@id\":\"https:\/\/vosgesinfo.fr\/saintdieinfo\/#\/schema\/person\/fa73e9f726d67bb88f46d5b7943cb572\"},\"headline\":\"R\u00e9seau de chaleur : cr\u00e9ation de la filiale \u00ab Saint-Di\u00e9-des-Vosges \u00c9nergie \u00bb\",\"datePublished\":\"2026-01-23T07:42:44+00:00\",\"dateModified\":\"2026-01-23T07:36:31+00:00\",\"mainEntityOfPage\":{\"@id\":\"https:\/\/vosgesinfo.fr\/saintdieinfo\/2026\/01\/reseau-de-chaleur-creation-de-la-filiale-saint-die-des-vosges-energie\/\"},\"wordCount\":330,\"commentCount\":0,\"publisher\":{\"@id\":\"https:\/\/vosgesinfo.fr\/saintdieinfo\/#organization\"},\"image\":{\"@id\":\"https:\/\/vosgesinfo.fr\/saintdieinfo\/2026\/01\/reseau-de-chaleur-creation-de-la-filiale-saint-die-des-vosges-energie\/#primaryimage\"},\"thumbnailUrl\":\"https:\/\/vosgesinfo.fr\/app\/uploads\/sites\/4\/2026\/01\/chaufferie-dalkia.jpg\",\"keywords\":[\"ATSEM\",\"Conseil Municipal\",\"DALKIA France\",\"d\u00e9l\u00e9gation de service public\",\"Patrick Zanchetta\",\"production et distribution de chaleur\",\"RIFSEEP\",\"Saint-Di\u00e9-des-Vosges\",\"Saint-Di\u00e9-des-Vosges \u00c9nergie\",\"SLIM Territoires\"],\"articleSection\":[\"A la Une\",\"Politique\",\"Saint-Di\u00e9-des-Vosges\"],\"inLanguage\":\"fr-FR\",\"potentialAction\":[{\"@type\":\"CommentAction\",\"name\":\"Comment\",\"target\":[\"https:\/\/vosgesinfo.fr\/saintdieinfo\/2026\/01\/reseau-de-chaleur-creation-de-la-filiale-saint-die-des-vosges-energie\/#respond\"]}]},{\"@type\":\"WebPage\",\"@id\":\"https:\/\/vosgesinfo.fr\/saintdieinfo\/2026\/01\/reseau-de-chaleur-creation-de-la-filiale-saint-die-des-vosges-energie\/\",\"url\":\"https:\/\/vosgesinfo.fr\/saintdieinfo\/2026\/01\/reseau-de-chaleur-creation-de-la-filiale-saint-die-des-vosges-energie\/\",\"name\":\"R\u00e9seau de chaleur : cr\u00e9ation de la filiale \u00ab Saint-Di\u00e9-des-Vosges \u00c9nergie \u00bb - Saint Die Info\",\"isPartOf\":{\"@id\":\"https:\/\/vosgesinfo.fr\/saintdieinfo\/#website\"},\"primaryImageOfPage\":{\"@id\":\"https:\/\/vosgesinfo.fr\/saintdieinfo\/2026\/01\/reseau-de-chaleur-creation-de-la-filiale-saint-die-des-vosges-energie\/#primaryimage\"},\"image\":{\"@id\":\"https:\/\/vosgesinfo.fr\/saintdieinfo\/2026\/01\/reseau-de-chaleur-creation-de-la-filiale-saint-die-des-vosges-energie\/#primaryimage\"},\"thumbnailUrl\":\"https:\/\/vosgesinfo.fr\/app\/uploads\/sites\/4\/2026\/01\/chaufferie-dalkia.jpg\",\"datePublished\":\"2026-01-23T07:42:44+00:00\",\"dateModified\":\"2026-01-23T07:36:31+00:00\",\"breadcrumb\":{\"@id\":\"https:\/\/vosgesinfo.fr\/saintdieinfo\/2026\/01\/reseau-de-chaleur-creation-de-la-filiale-saint-die-des-vosges-energie\/#breadcrumb\"},\"inLanguage\":\"fr-FR\",\"potentialAction\":[{\"@type\":\"ReadAction\",\"target\":[\"https:\/\/vosgesinfo.fr\/saintdieinfo\/2026\/01\/reseau-de-chaleur-creation-de-la-filiale-saint-die-des-vosges-energie\/\"]}]},{\"@type\":\"ImageObject\",\"inLanguage\":\"fr-FR\",\"@id\":\"https:\/\/vosgesinfo.fr\/saintdieinfo\/2026\/01\/reseau-de-chaleur-creation-de-la-filiale-saint-die-des-vosges-energie\/#primaryimage\",\"url\":\"https:\/\/vosgesinfo.fr\/app\/uploads\/sites\/4\/2026\/01\/chaufferie-dalkia.jpg\",\"contentUrl\":\"https:\/\/vosgesinfo.fr\/app\/uploads\/sites\/4\/2026\/01\/chaufferie-dalkia.jpg\",\"width\":1434,\"height\":1080},{\"@type\":\"BreadcrumbList\",\"@id\":\"https:\/\/vosgesinfo.fr\/saintdieinfo\/2026\/01\/reseau-de-chaleur-creation-de-la-filiale-saint-die-des-vosges-energie\/#breadcrumb\",\"itemListElement\":[{\"@type\":\"ListItem\",\"position\":1,\"name\":\"Home\",\"item\":\"https:\/\/vosgesinfo.fr\/saintdieinfo\/\"},{\"@type\":\"ListItem\",\"position\":2,\"name\":\"R\u00e9seau de chaleur : cr\u00e9ation de la filiale \u00ab Saint-Di\u00e9-des-Vosges \u00c9nergie \u00bb\"}]},{\"@type\":\"WebSite\",\"@id\":\"https:\/\/vosgesinfo.fr\/saintdieinfo\/#website\",\"url\":\"https:\/\/vosgesinfo.fr\/saintdieinfo\/\",\"name\":\"Saint Die Info\",\"description\":\"Toute l&#039;actualit\u00e9 de Saint-Di\u00e9-Des-Vosges\",\"publisher\":{\"@id\":\"https:\/\/vosgesinfo.fr\/saintdieinfo\/#organization\"},\"alternateName\":\"Toute l'actualit\u00e9 de Saint-Di\u00e9-Des-Vosges\",\"potentialAction\":[{\"@type\":\"SearchAction\",\"target\":{\"@type\":\"EntryPoint\",\"urlTemplate\":\"https:\/\/vosgesinfo.fr\/saintdieinfo\/?s={search_term_string}\"},\"query-input\":\"required name=search_term_string\"}],\"inLanguage\":\"fr-FR\"},{\"@type\":\"Organization\",\"@id\":\"https:\/\/vosgesinfo.fr\/saintdieinfo\/#organization\",\"name\":\"Saint Die Info\",\"url\":\"https:\/\/vosgesinfo.fr\/saintdieinfo\/\",\"logo\":{\"@type\":\"ImageObject\",\"inLanguage\":\"fr-FR\",\"@id\":\"https:\/\/vosgesinfo.fr\/saintdieinfo\/#\/schema\/logo\/image\/\",\"url\":\"https:\/\/vosgesinfo.fr\/app\/uploads\/sites\/4\/2024\/02\/logo-sdi.jpg\",\"contentUrl\":\"https:\/\/vosgesinfo.fr\/app\/uploads\/sites\/4\/2024\/02\/logo-sdi.jpg\",\"width\":600,\"height\":600,\"caption\":\"Saint Die Info\"},\"image\":{\"@id\":\"https:\/\/vosgesinfo.fr\/saintdieinfo\/#\/schema\/logo\/image\/\"},\"sameAs\":[\"https:\/\/www.facebook.com\/Saintdieinfofr\",\"https:\/\/x.com\/VosgesInfo88\",\"https:\/\/www.youtube.com\/@vosgesinfo\"]},{\"@type\":\"Person\",\"@id\":\"https:\/\/vosgesinfo.fr\/saintdieinfo\/#\/schema\/person\/fa73e9f726d67bb88f46d5b7943cb572\",\"name\":\"J.J.\",\"image\":{\"@type\":\"ImageObject\",\"inLanguage\":\"fr-FR\",\"@id\":\"https:\/\/vosgesinfo.fr\/saintdieinfo\/#\/schema\/person\/image\/\",\"url\":\"https:\/\/secure.gravatar.com\/avatar\/219e749e47ffbcca018a360ae4add7d4cdf1cdaaf8bc7676b27efade3fe65615?s=96&d=mm&r=g\",\"contentUrl\":\"https:\/\/secure.gravatar.com\/avatar\/219e749e47ffbcca018a360ae4add7d4cdf1cdaaf8bc7676b27efade3fe65615?s=96&d=mm&r=g\",\"caption\":\"J.J.\"},\"url\":\"https:\/\/vosgesinfo.fr\/saintdieinfo\/author\/j-j\/\"}]}<\/script>\n<!-- \/ Yoast SEO plugin. -->","yoast_head_json":{"title":"R\u00e9seau de chaleur : cr\u00e9ation de la filiale \u00ab Saint-Di\u00e9-des-Vosges \u00c9nergie \u00bb - Saint Die Info","robots":{"index":"index","follow":"follow","max-snippet":"max-snippet:-1","max-image-preview":"max-image-preview:large","max-video-preview":"max-video-preview:-1"},"canonical":"https:\/\/vosgesinfo.fr\/saintdieinfo\/2026\/01\/reseau-de-chaleur-creation-de-la-filiale-saint-die-des-vosges-energie\/","twitter_card":"summary_large_image","twitter_title":"R\u00e9seau de chaleur : cr\u00e9ation de la filiale \u00ab Saint-Di\u00e9-des-Vosges \u00c9nergie \u00bb - Saint Die Info","twitter_description":"Une courte r\u00e9union du conseil municipal de Saint-Di\u00e9-des-Vosges s\u2019est tenue au Grand Salon de l\u2019H\u00f4tel de Ville ce jeudi \u00e0 [&hellip;]","twitter_image":"https:\/\/vosgesinfo.fr\/app\/uploads\/sites\/4\/2026\/01\/chaufferie-dalkia.jpg","twitter_creator":"@VosgesInfo88","twitter_site":"@VosgesInfo88","twitter_misc":{"\u00c9crit par":"J.J.","Dur\u00e9e de lecture estim\u00e9e":"2 minutes"},"schema":{"@context":"https:\/\/schema.org","@graph":[{"@type":"Article","@id":"https:\/\/vosgesinfo.fr\/saintdieinfo\/2026\/01\/reseau-de-chaleur-creation-de-la-filiale-saint-die-des-vosges-energie\/#article","isPartOf":{"@id":"https:\/\/vosgesinfo.fr\/saintdieinfo\/2026\/01\/reseau-de-chaleur-creation-de-la-filiale-saint-die-des-vosges-energie\/"},"author":{"name":"J.J.","@id":"https:\/\/vosgesinfo.fr\/saintdieinfo\/#\/schema\/person\/fa73e9f726d67bb88f46d5b7943cb572"},"headline":"R\u00e9seau de chaleur : cr\u00e9ation de la filiale \u00ab Saint-Di\u00e9-des-Vosges \u00c9nergie \u00bb","datePublished":"2026-01-23T07:42:44+00:00","dateModified":"2026-01-23T07:36:31+00:00","mainEntityOfPage":{"@id":"https:\/\/vosgesinfo.fr\/saintdieinfo\/2026\/01\/reseau-de-chaleur-creation-de-la-filiale-saint-die-des-vosges-energie\/"},"wordCount":330,"commentCount":0,"publisher":{"@id":"https:\/\/vosgesinfo.fr\/saintdieinfo\/#organization"},"image":{"@id":"https:\/\/vosgesinfo.fr\/saintdieinfo\/2026\/01\/reseau-de-chaleur-creation-de-la-filiale-saint-die-des-vosges-energie\/#primaryimage"},"thumbnailUrl":"https:\/\/vosgesinfo.fr\/app\/uploads\/sites\/4\/2026\/01\/chaufferie-dalkia.jpg","keywords":["ATSEM","Conseil Municipal","DALKIA France","d\u00e9l\u00e9gation de service public","Patrick Zanchetta","production et distribution de chaleur","RIFSEEP","Saint-Di\u00e9-des-Vosges","Saint-Di\u00e9-des-Vosges \u00c9nergie","SLIM Territoires"],"articleSection":["A la Une","Politique","Saint-Di\u00e9-des-Vosges"],"inLanguage":"fr-FR","potentialAction":[{"@type":"CommentAction","name":"Comment","target":["https:\/\/vosgesinfo.fr\/saintdieinfo\/2026\/01\/reseau-de-chaleur-creation-de-la-filiale-saint-die-des-vosges-energie\/#respond"]}]},{"@type":"WebPage","@id":"https:\/\/vosgesinfo.fr\/saintdieinfo\/2026\/01\/reseau-de-chaleur-creation-de-la-filiale-saint-die-des-vosges-energie\/","url":"https:\/\/vosgesinfo.fr\/saintdieinfo\/2026\/01\/reseau-de-chaleur-creation-de-la-filiale-saint-die-des-vosges-energie\/","name":"R\u00e9seau de chaleur : cr\u00e9ation de la filiale \u00ab Saint-Di\u00e9-des-Vosges \u00c9nergie \u00bb - Saint Die Info","isPartOf":{"@id":"https:\/\/vosgesinfo.fr\/saintdieinfo\/#website"},"primaryImageOfPage":{"@id":"https:\/\/vosgesinfo.fr\/saintdieinfo\/2026\/01\/reseau-de-chaleur-creation-de-la-filiale-saint-die-des-vosges-energie\/#primaryimage"},"image":{"@id":"https:\/\/vosgesinfo.fr\/saintdieinfo\/2026\/01\/reseau-de-chaleur-creation-de-la-filiale-saint-die-des-vosges-energie\/#primaryimage"},"thumbnailUrl":"https:\/\/vosgesinfo.fr\/app\/uploads\/sites\/4\/2026\/01\/chaufferie-dalkia.jpg","datePublished":"2026-01-23T07:42:44+00:00","dateModified":"2026-01-23T07:36:31+00:00","breadcrumb":{"@id":"https:\/\/vosgesinfo.fr\/saintdieinfo\/2026\/01\/reseau-de-chaleur-creation-de-la-filiale-saint-die-des-vosges-energie\/#breadcrumb"},"inLanguage":"fr-FR","potentialAction":[{"@type":"ReadAction","target":["https:\/\/vosgesinfo.fr\/saintdieinfo\/2026\/01\/reseau-de-chaleur-creation-de-la-filiale-saint-die-des-vosges-energie\/"]}]},{"@type":"ImageObject","inLanguage":"fr-FR","@id":"https:\/\/vosgesinfo.fr\/saintdieinfo\/2026\/01\/reseau-de-chaleur-creation-de-la-filiale-saint-die-des-vosges-energie\/#primaryimage","url":"https:\/\/vosgesinfo.fr\/app\/uploads\/sites\/4\/2026\/01\/chaufferie-dalkia.jpg","contentUrl":"https:\/\/vosgesinfo.fr\/app\/uploads\/sites\/4\/2026\/01\/chaufferie-dalkia.jpg","width":1434,"height":1080},{"@type":"BreadcrumbList","@id":"https:\/\/vosgesinfo.fr\/saintdieinfo\/2026\/01\/reseau-de-chaleur-creation-de-la-filiale-saint-die-des-vosges-energie\/#breadcrumb","itemListElement":[{"@type":"ListItem","position":1,"name":"Home","item":"https:\/\/vosgesinfo.fr\/saintdieinfo\/"},{"@type":"ListItem","position":2,"name":"R\u00e9seau de chaleur : cr\u00e9ation de la filiale \u00ab Saint-Di\u00e9-des-Vosges \u00c9nergie \u00bb"}]},{"@type":"WebSite","@id":"https:\/\/vosgesinfo.fr\/saintdieinfo\/#website","url":"https:\/\/vosgesinfo.fr\/saintdieinfo\/","name":"Saint Die Info","description":"Toute l&#039;actualit\u00e9 de Saint-Di\u00e9-Des-Vosges","publisher":{"@id":"https:\/\/vosgesinfo.fr\/saintdieinfo\/#organization"},"alternateName":"Toute l'actualit\u00e9 de Saint-Di\u00e9-Des-Vosges","potentialAction":[{"@type":"SearchAction","target":{"@type":"EntryPoint","urlTemplate":"https:\/\/vosgesinfo.fr\/saintdieinfo\/?s={search_term_string}"},"query-input":"required name=search_term_string"}],"inLanguage":"fr-FR"},{"@type":"Organization","@id":"https:\/\/vosgesinfo.fr\/saintdieinfo\/#organization","name":"Saint Die Info","url":"https:\/\/vosgesinfo.fr\/saintdieinfo\/","logo":{"@type":"ImageObject","inLanguage":"fr-FR","@id":"https:\/\/vosgesinfo.fr\/saintdieinfo\/#\/schema\/logo\/image\/","url":"https:\/\/vosgesinfo.fr\/app\/uploads\/sites\/4\/2024\/02\/logo-sdi.jpg","contentUrl":"https:\/\/vosgesinfo.fr\/app\/uploads\/sites\/4\/2024\/02\/logo-sdi.jpg","width":600,"height":600,"caption":"Saint Die Info"},"image":{"@id":"https:\/\/vosgesinfo.fr\/saintdieinfo\/#\/schema\/logo\/image\/"},"sameAs":["https:\/\/www.facebook.com\/Saintdieinfofr","https:\/\/x.com\/VosgesInfo88","https:\/\/www.youtube.com\/@vosgesinfo"]},{"@type":"Person","@id":"https:\/\/vosgesinfo.fr\/saintdieinfo\/#\/schema\/person\/fa73e9f726d67bb88f46d5b7943cb572","name":"J.J.","image":{"@type":"ImageObject","inLanguage":"fr-FR","@id":"https:\/\/vosgesinfo.fr\/saintdieinfo\/#\/schema\/person\/image\/","url":"https:\/\/secure.gravatar.com\/avatar\/219e749e47ffbcca018a360ae4add7d4cdf1cdaaf8bc7676b27efade3fe65615?s=96&d=mm&r=g","contentUrl":"https:\/\/secure.gravatar.com\/avatar\/219e749e47ffbcca018a360ae4add7d4cdf1cdaaf8bc7676b27efade3fe65615?s=96&d=mm&r=g","caption":"J.J."},"url":"https:\/\/vosgesinfo.fr\/saintdieinfo\/author\/j-j\/"}]}},"_links":{"self":[{"href":"https:\/\/vosgesinfo.fr\/saintdieinfo\/wp-json\/wp\/v2\/posts\/87060","targetHints":{"allow":["GET"]}}],"collection":[{"href":"https:\/\/vosgesinfo.fr\/saintdieinfo\/wp-json\/wp\/v2\/posts"}],"about":[{"href":"https:\/\/vosgesinfo.fr\/saintdieinfo\/wp-json\/wp\/v2\/types\/post"}],"author":[{"embeddable":true,"href":"https:\/\/vosgesinfo.fr\/saintdieinfo\/wp-json\/wp\/v2\/users\/46"}],"replies":[{"embeddable":true,"href":"https:\/\/vosgesinfo.fr\/saintdieinfo\/wp-json\/wp\/v2\/comments?post=87060"}],"version-history":[{"count":3,"href":"https:\/\/vosgesinfo.fr\/saintdieinfo\/wp-json\/wp\/v2\/posts\/87060\/revisions"}],"predecessor-version":[{"id":87071,"href":"https:\/\/vosgesinfo.fr\/saintdieinfo\/wp-json\/wp\/v2\/posts\/87060\/revisions\/87071"}],"wp:featuredmedia":[{"embeddable":true,"href":"https:\/\/vosgesinfo.fr\/saintdieinfo\/wp-json\/wp\/v2\/media\/87062"}],"wp:attachment":[{"href":"https:\/\/vosgesinfo.fr\/saintdieinfo\/wp-json\/wp\/v2\/media?parent=87060"}],"wp:term":[{"taxonomy":"category","embeddable":true,"href":"https:\/\/vosgesinfo.fr\/saintdieinfo\/wp-json\/wp\/v2\/categories?post=87060"},{"taxonomy":"post_tag","embeddable":true,"href":"https:\/\/vosgesinfo.fr\/saintdieinfo\/wp-json\/wp\/v2\/tags?post=87060"}],"curies":[{"name":"wp","href":"https:\/\/api.w.org\/{rel}","templated":true}]}}