{"id":87064,"date":"2026-01-22T16:33:13","date_gmt":"2026-01-22T15:33:13","guid":{"rendered":"https:\/\/vosgesinfo.fr\/saintdieinfo\/?p=87064"},"modified":"2026-01-22T16:25:57","modified_gmt":"2026-01-22T15:25:57","slug":"joseline-cultivatrice-de-joie-en-causerie-a-la-librairie-le-neuf","status":"publish","type":"post","link":"https:\/\/vosgesinfo.fr\/saintdieinfo\/2026\/01\/joseline-cultivatrice-de-joie-en-causerie-a-la-librairie-le-neuf\/","title":{"rendered":"Joseline, \u00ab cultivatrice de joie \u00bb, en causerie \u00e0 la Librairie Le Neuf"},"content":{"rendered":"<p data-start=\"0\" data-end=\"229\"><a href=\"https:\/\/vosgesinfo.fr\/app\/uploads\/sites\/4\/2026\/01\/joseline-librairie-le-neuf-2.jpg\"><img decoding=\"async\" class=\"alignnone size-full wp-image-87066\" src=\"https:\/\/vosgesinfo.fr\/app\/uploads\/sites\/4\/2026\/01\/joseline-librairie-le-neuf-2.jpg\" alt=\"\" width=\"921\" height=\"691\" srcset=\"https:\/\/vosgesinfo.fr\/app\/uploads\/sites\/4\/2026\/01\/joseline-librairie-le-neuf-2.jpg 921w, https:\/\/vosgesinfo.fr\/app\/uploads\/sites\/4\/2026\/01\/joseline-librairie-le-neuf-2-300x225.jpg 300w, https:\/\/vosgesinfo.fr\/app\/uploads\/sites\/4\/2026\/01\/joseline-librairie-le-neuf-2-768x576.jpg 768w\" sizes=\"(max-width: 921px) 100vw, 921px\" \/><\/a><\/p>\n<h2 data-start=\"0\" data-end=\"229\">Dans le cadre des <strong data-start=\"18\" data-end=\"33\">RDV du Neuf<\/strong>, la <strong data-start=\"38\" data-end=\"63\">librairie d\u00e9odatienne<\/strong> propose une causerie avec <strong data-start=\"90\" data-end=\"102\">Joseline<\/strong>, ex-paysanne devenue \u00ab cultivatrice de joie \u00bb. Cette rencontre se tiendra <strong data-start=\"177\" data-end=\"206\">samedi 31 janvier \u00e0 14h30<\/strong>, au premier \u00e9tage.<\/h2>\n<p data-start=\"0\" data-end=\"229\"><!--more--><\/p>\n<h3 data-start=\"231\" data-end=\"271\"><strong>De paysanne \u00e0 cultivatrice de joie<\/strong><\/h3>\n<p data-start=\"272\" data-end=\"881\">Apr\u00e8s avoir cultiv\u00e9 la terre et la relation avec ses animaux, Joseline a appris, \u00e0 la suite d\u2019un <strong data-start=\"369\" data-end=\"381\">burn-out<\/strong>, \u00e0 cultiver son <strong data-start=\"398\" data-end=\"418\">jardin int\u00e9rieur<\/strong>. Aujourd\u2019hui, elle se pr\u00e9sente comme <strong data-start=\"456\" data-end=\"472\">coach de vie<\/strong>, facilitatrice, accompagnante \u00e9nerg\u00e9ticienne et auteure. Ballot\u00e9e par choix sur un parcours de formations et d\u2019exp\u00e9riences en France, en Belgique, en \u00c9cosse et en \u00c9quateur, elle apprend petit \u00e0 petit \u00e0 mieux se conna\u00eetre. Elle a choisi la voie de la <strong data-start=\"723\" data-end=\"744\">sobri\u00e9t\u00e9 heureuse<\/strong> en vivant dans une <strong data-start=\"764\" data-end=\"778\">tiny house<\/strong> et cultive la joie au quotidien, explorant ces th\u00e8mes avec profondeur et authenticit\u00e9 dans ses \u00e9crits.<\/p>\n<h3 data-start=\"883\" data-end=\"920\"><strong>Un roman et deux jeux<\/strong><\/h3>\n<p data-start=\"921\" data-end=\"1321\">Joseline est l\u2019auteure du roman <strong data-start=\"953\" data-end=\"974\">L\u2019Histoire d\u2019Abel<\/strong>, qui montre qu\u2019une autre philosophie de vie est possible. Elle a aussi cr\u00e9\u00e9 deux jeux : <strong data-start=\"1063\" data-end=\"1101\">Aujourd\u2019hui, invitation \u00e0 ralentir<\/strong> (jeu n\u00b01, <strong data-start=\"1112\" data-end=\"1128\">\u00e9dition 2023<\/strong>) et <strong data-start=\"1133\" data-end=\"1180\">\u00c0 partir d\u2019aujourd\u2019hui, je change de regard<\/strong> (jeu n\u00b02, <strong data-start=\"1191\" data-end=\"1207\">\u00e9dition 2025<\/strong>). Le premier se veut une invitation \u00e0 ralentir, le second \u00e0 changer de regard sur soi, les relations et le monde.<\/p>\n<p data-start=\"921\" data-end=\"1321\"><a href=\"https:\/\/vosgesinfo.fr\/app\/uploads\/sites\/4\/2026\/01\/joseline-librairie-le-neuf-1.jpg\"><img decoding=\"async\" class=\"alignnone size-full wp-image-87065\" src=\"https:\/\/vosgesinfo.fr\/app\/uploads\/sites\/4\/2026\/01\/joseline-librairie-le-neuf-1.jpg\" alt=\"\" width=\"290\" height=\"410\" srcset=\"https:\/\/vosgesinfo.fr\/app\/uploads\/sites\/4\/2026\/01\/joseline-librairie-le-neuf-1.jpg 290w, https:\/\/vosgesinfo.fr\/app\/uploads\/sites\/4\/2026\/01\/joseline-librairie-le-neuf-1-212x300.jpg 212w\" sizes=\"(max-width: 290px) 100vw, 290px\" \/><\/a><\/p>\n","protected":false},"excerpt":{"rendered":"<p>Dans le cadre des RDV du Neuf, la librairie d\u00e9odatienne propose une causerie avec Joseline, ex-paysanne devenue \u00ab cultivatrice de [&hellip;]<\/p>\n","protected":false},"author":46,"featured_media":87066,"comment_status":"open","ping_status":"open","sticky":false,"template":"","format":"standard","meta":{"footnotes":""},"categories":[3900,8090,167],"tags":[19333,12738,19898,19896,19895,17026,3192,19894,19897,9044],"class_list":["post-87064","post","type-post","status-publish","format-standard","has-post-thumbnail","hentry","category-breves","category-litterature","category-saint-die-des-vosges","tag-burn-out","tag-causerie","tag-coach-de-vie","tag-cultivatrice-de-joie","tag-joseline","tag-lhistoire-dabel","tag-librairie-le-neuf","tag-rdv-du-neuf","tag-sobriete-heureuse","tag-tiny-house"],"acf":[],"yoast_head":"<!-- This site is optimized with the Yoast SEO plugin v22.5 - https:\/\/yoast.com\/wordpress\/plugins\/seo\/ -->\n<title>Joseline, \u00ab cultivatrice de joie \u00bb, en causerie \u00e0 la Librairie Le Neuf - Saint Die Info<\/title>\n<meta name=\"robots\" content=\"index, follow, max-snippet:-1, max-image-preview:large, max-video-preview:-1\" \/>\n<link rel=\"canonical\" href=\"https:\/\/vosgesinfo.fr\/saintdieinfo\/2026\/01\/joseline-cultivatrice-de-joie-en-causerie-a-la-librairie-le-neuf\/\" \/>\n<meta name=\"twitter:card\" content=\"summary_large_image\" \/>\n<meta name=\"twitter:title\" content=\"Joseline, \u00ab cultivatrice de joie \u00bb, en causerie \u00e0 la Librairie Le Neuf - Saint Die Info\" \/>\n<meta name=\"twitter:description\" content=\"Dans le cadre des RDV du Neuf, la librairie d\u00e9odatienne propose une causerie avec Joseline, ex-paysanne devenue \u00ab cultivatrice de [&hellip;]\" \/>\n<meta name=\"twitter:image\" content=\"https:\/\/vosgesinfo.fr\/app\/uploads\/sites\/4\/2026\/01\/joseline-librairie-le-neuf-2.jpg\" \/>\n<meta name=\"twitter:creator\" content=\"@VosgesInfo88\" \/>\n<meta name=\"twitter:site\" content=\"@VosgesInfo88\" \/>\n<meta name=\"twitter:label1\" content=\"\u00c9crit par\" \/>\n\t<meta name=\"twitter:data1\" content=\"J.J.\" \/>\n\t<meta name=\"twitter:label2\" content=\"Dur\u00e9e de lecture estim\u00e9e\" \/>\n\t<meta name=\"twitter:data2\" content=\"1 minute\" \/>\n<script type=\"application\/ld+json\" class=\"yoast-schema-graph\">{\"@context\":\"https:\/\/schema.org\",\"@graph\":[{\"@type\":\"Article\",\"@id\":\"https:\/\/vosgesinfo.fr\/saintdieinfo\/2026\/01\/joseline-cultivatrice-de-joie-en-causerie-a-la-librairie-le-neuf\/#article\",\"isPartOf\":{\"@id\":\"https:\/\/vosgesinfo.fr\/saintdieinfo\/2026\/01\/joseline-cultivatrice-de-joie-en-causerie-a-la-librairie-le-neuf\/\"},\"author\":{\"name\":\"J.J.\",\"@id\":\"https:\/\/vosgesinfo.fr\/saintdieinfo\/#\/schema\/person\/fa73e9f726d67bb88f46d5b7943cb572\"},\"headline\":\"Joseline, \u00ab cultivatrice de joie \u00bb, en causerie \u00e0 la Librairie Le Neuf\",\"datePublished\":\"2026-01-22T15:33:13+00:00\",\"dateModified\":\"2026-01-22T15:25:57+00:00\",\"mainEntityOfPage\":{\"@id\":\"https:\/\/vosgesinfo.fr\/saintdieinfo\/2026\/01\/joseline-cultivatrice-de-joie-en-causerie-a-la-librairie-le-neuf\/\"},\"wordCount\":219,\"commentCount\":0,\"publisher\":{\"@id\":\"https:\/\/vosgesinfo.fr\/saintdieinfo\/#organization\"},\"image\":{\"@id\":\"https:\/\/vosgesinfo.fr\/saintdieinfo\/2026\/01\/joseline-cultivatrice-de-joie-en-causerie-a-la-librairie-le-neuf\/#primaryimage\"},\"thumbnailUrl\":\"https:\/\/vosgesinfo.fr\/app\/uploads\/sites\/4\/2026\/01\/joseline-librairie-le-neuf-2.jpg\",\"keywords\":[\"burn out\",\"Causerie\",\"coach de vie\",\"cultivatrice de joie\",\"Joseline\",\"L'histoire d'Abel\",\"Librairie Le Neuf\",\"RDV du Neuf\",\"sobri\u00e9t\u00e9 heureuse\",\"Tiny-house\"],\"articleSection\":[\"Br\u00e8ves\",\"Litt\u00e9rature\",\"Saint-Di\u00e9-des-Vosges\"],\"inLanguage\":\"fr-FR\",\"potentialAction\":[{\"@type\":\"CommentAction\",\"name\":\"Comment\",\"target\":[\"https:\/\/vosgesinfo.fr\/saintdieinfo\/2026\/01\/joseline-cultivatrice-de-joie-en-causerie-a-la-librairie-le-neuf\/#respond\"]}]},{\"@type\":\"WebPage\",\"@id\":\"https:\/\/vosgesinfo.fr\/saintdieinfo\/2026\/01\/joseline-cultivatrice-de-joie-en-causerie-a-la-librairie-le-neuf\/\",\"url\":\"https:\/\/vosgesinfo.fr\/saintdieinfo\/2026\/01\/joseline-cultivatrice-de-joie-en-causerie-a-la-librairie-le-neuf\/\",\"name\":\"Joseline, \u00ab cultivatrice de joie \u00bb, en causerie \u00e0 la Librairie Le Neuf - Saint Die Info\",\"isPartOf\":{\"@id\":\"https:\/\/vosgesinfo.fr\/saintdieinfo\/#website\"},\"primaryImageOfPage\":{\"@id\":\"https:\/\/vosgesinfo.fr\/saintdieinfo\/2026\/01\/joseline-cultivatrice-de-joie-en-causerie-a-la-librairie-le-neuf\/#primaryimage\"},\"image\":{\"@id\":\"https:\/\/vosgesinfo.fr\/saintdieinfo\/2026\/01\/joseline-cultivatrice-de-joie-en-causerie-a-la-librairie-le-neuf\/#primaryimage\"},\"thumbnailUrl\":\"https:\/\/vosgesinfo.fr\/app\/uploads\/sites\/4\/2026\/01\/joseline-librairie-le-neuf-2.jpg\",\"datePublished\":\"2026-01-22T15:33:13+00:00\",\"dateModified\":\"2026-01-22T15:25:57+00:00\",\"breadcrumb\":{\"@id\":\"https:\/\/vosgesinfo.fr\/saintdieinfo\/2026\/01\/joseline-cultivatrice-de-joie-en-causerie-a-la-librairie-le-neuf\/#breadcrumb\"},\"inLanguage\":\"fr-FR\",\"potentialAction\":[{\"@type\":\"ReadAction\",\"target\":[\"https:\/\/vosgesinfo.fr\/saintdieinfo\/2026\/01\/joseline-cultivatrice-de-joie-en-causerie-a-la-librairie-le-neuf\/\"]}]},{\"@type\":\"ImageObject\",\"inLanguage\":\"fr-FR\",\"@id\":\"https:\/\/vosgesinfo.fr\/saintdieinfo\/2026\/01\/joseline-cultivatrice-de-joie-en-causerie-a-la-librairie-le-neuf\/#primaryimage\",\"url\":\"https:\/\/vosgesinfo.fr\/app\/uploads\/sites\/4\/2026\/01\/joseline-librairie-le-neuf-2.jpg\",\"contentUrl\":\"https:\/\/vosgesinfo.fr\/app\/uploads\/sites\/4\/2026\/01\/joseline-librairie-le-neuf-2.jpg\",\"width\":921,\"height\":691},{\"@type\":\"BreadcrumbList\",\"@id\":\"https:\/\/vosgesinfo.fr\/saintdieinfo\/2026\/01\/joseline-cultivatrice-de-joie-en-causerie-a-la-librairie-le-neuf\/#breadcrumb\",\"itemListElement\":[{\"@type\":\"ListItem\",\"position\":1,\"name\":\"Home\",\"item\":\"https:\/\/vosgesinfo.fr\/saintdieinfo\/\"},{\"@type\":\"ListItem\",\"position\":2,\"name\":\"Joseline, \u00ab cultivatrice de joie \u00bb, en causerie \u00e0 la Librairie Le Neuf\"}]},{\"@type\":\"WebSite\",\"@id\":\"https:\/\/vosgesinfo.fr\/saintdieinfo\/#website\",\"url\":\"https:\/\/vosgesinfo.fr\/saintdieinfo\/\",\"name\":\"Saint Die Info\",\"description\":\"Toute l&#039;actualit\u00e9 de Saint-Di\u00e9-Des-Vosges\",\"publisher\":{\"@id\":\"https:\/\/vosgesinfo.fr\/saintdieinfo\/#organization\"},\"alternateName\":\"Toute l'actualit\u00e9 de Saint-Di\u00e9-Des-Vosges\",\"potentialAction\":[{\"@type\":\"SearchAction\",\"target\":{\"@type\":\"EntryPoint\",\"urlTemplate\":\"https:\/\/vosgesinfo.fr\/saintdieinfo\/?s={search_term_string}\"},\"query-input\":\"required name=search_term_string\"}],\"inLanguage\":\"fr-FR\"},{\"@type\":\"Organization\",\"@id\":\"https:\/\/vosgesinfo.fr\/saintdieinfo\/#organization\",\"name\":\"Saint Die Info\",\"url\":\"https:\/\/vosgesinfo.fr\/saintdieinfo\/\",\"logo\":{\"@type\":\"ImageObject\",\"inLanguage\":\"fr-FR\",\"@id\":\"https:\/\/vosgesinfo.fr\/saintdieinfo\/#\/schema\/logo\/image\/\",\"url\":\"https:\/\/vosgesinfo.fr\/app\/uploads\/sites\/4\/2024\/02\/logo-sdi.jpg\",\"contentUrl\":\"https:\/\/vosgesinfo.fr\/app\/uploads\/sites\/4\/2024\/02\/logo-sdi.jpg\",\"width\":600,\"height\":600,\"caption\":\"Saint Die Info\"},\"image\":{\"@id\":\"https:\/\/vosgesinfo.fr\/saintdieinfo\/#\/schema\/logo\/image\/\"},\"sameAs\":[\"https:\/\/www.facebook.com\/Saintdieinfofr\",\"https:\/\/x.com\/VosgesInfo88\",\"https:\/\/www.youtube.com\/@vosgesinfo\"]},{\"@type\":\"Person\",\"@id\":\"https:\/\/vosgesinfo.fr\/saintdieinfo\/#\/schema\/person\/fa73e9f726d67bb88f46d5b7943cb572\",\"name\":\"J.J.\",\"image\":{\"@type\":\"ImageObject\",\"inLanguage\":\"fr-FR\",\"@id\":\"https:\/\/vosgesinfo.fr\/saintdieinfo\/#\/schema\/person\/image\/\",\"url\":\"https:\/\/secure.gravatar.com\/avatar\/219e749e47ffbcca018a360ae4add7d4cdf1cdaaf8bc7676b27efade3fe65615?s=96&d=mm&r=g\",\"contentUrl\":\"https:\/\/secure.gravatar.com\/avatar\/219e749e47ffbcca018a360ae4add7d4cdf1cdaaf8bc7676b27efade3fe65615?s=96&d=mm&r=g\",\"caption\":\"J.J.\"},\"url\":\"https:\/\/vosgesinfo.fr\/saintdieinfo\/author\/j-j\/\"}]}<\/script>\n<!-- \/ Yoast SEO plugin. -->","yoast_head_json":{"title":"Joseline, \u00ab cultivatrice de joie \u00bb, en causerie \u00e0 la Librairie Le Neuf - Saint Die Info","robots":{"index":"index","follow":"follow","max-snippet":"max-snippet:-1","max-image-preview":"max-image-preview:large","max-video-preview":"max-video-preview:-1"},"canonical":"https:\/\/vosgesinfo.fr\/saintdieinfo\/2026\/01\/joseline-cultivatrice-de-joie-en-causerie-a-la-librairie-le-neuf\/","twitter_card":"summary_large_image","twitter_title":"Joseline, \u00ab cultivatrice de joie \u00bb, en causerie \u00e0 la Librairie Le Neuf - Saint Die Info","twitter_description":"Dans le cadre des RDV du Neuf, la librairie d\u00e9odatienne propose une causerie avec Joseline, ex-paysanne devenue \u00ab cultivatrice de [&hellip;]","twitter_image":"https:\/\/vosgesinfo.fr\/app\/uploads\/sites\/4\/2026\/01\/joseline-librairie-le-neuf-2.jpg","twitter_creator":"@VosgesInfo88","twitter_site":"@VosgesInfo88","twitter_misc":{"\u00c9crit par":"J.J.","Dur\u00e9e de lecture estim\u00e9e":"1 minute"},"schema":{"@context":"https:\/\/schema.org","@graph":[{"@type":"Article","@id":"https:\/\/vosgesinfo.fr\/saintdieinfo\/2026\/01\/joseline-cultivatrice-de-joie-en-causerie-a-la-librairie-le-neuf\/#article","isPartOf":{"@id":"https:\/\/vosgesinfo.fr\/saintdieinfo\/2026\/01\/joseline-cultivatrice-de-joie-en-causerie-a-la-librairie-le-neuf\/"},"author":{"name":"J.J.","@id":"https:\/\/vosgesinfo.fr\/saintdieinfo\/#\/schema\/person\/fa73e9f726d67bb88f46d5b7943cb572"},"headline":"Joseline, \u00ab cultivatrice de joie \u00bb, en causerie \u00e0 la Librairie Le Neuf","datePublished":"2026-01-22T15:33:13+00:00","dateModified":"2026-01-22T15:25:57+00:00","mainEntityOfPage":{"@id":"https:\/\/vosgesinfo.fr\/saintdieinfo\/2026\/01\/joseline-cultivatrice-de-joie-en-causerie-a-la-librairie-le-neuf\/"},"wordCount":219,"commentCount":0,"publisher":{"@id":"https:\/\/vosgesinfo.fr\/saintdieinfo\/#organization"},"image":{"@id":"https:\/\/vosgesinfo.fr\/saintdieinfo\/2026\/01\/joseline-cultivatrice-de-joie-en-causerie-a-la-librairie-le-neuf\/#primaryimage"},"thumbnailUrl":"https:\/\/vosgesinfo.fr\/app\/uploads\/sites\/4\/2026\/01\/joseline-librairie-le-neuf-2.jpg","keywords":["burn out","Causerie","coach de vie","cultivatrice de joie","Joseline","L'histoire d'Abel","Librairie Le Neuf","RDV du Neuf","sobri\u00e9t\u00e9 heureuse","Tiny-house"],"articleSection":["Br\u00e8ves","Litt\u00e9rature","Saint-Di\u00e9-des-Vosges"],"inLanguage":"fr-FR","potentialAction":[{"@type":"CommentAction","name":"Comment","target":["https:\/\/vosgesinfo.fr\/saintdieinfo\/2026\/01\/joseline-cultivatrice-de-joie-en-causerie-a-la-librairie-le-neuf\/#respond"]}]},{"@type":"WebPage","@id":"https:\/\/vosgesinfo.fr\/saintdieinfo\/2026\/01\/joseline-cultivatrice-de-joie-en-causerie-a-la-librairie-le-neuf\/","url":"https:\/\/vosgesinfo.fr\/saintdieinfo\/2026\/01\/joseline-cultivatrice-de-joie-en-causerie-a-la-librairie-le-neuf\/","name":"Joseline, \u00ab cultivatrice de joie \u00bb, en causerie \u00e0 la Librairie Le Neuf - Saint Die Info","isPartOf":{"@id":"https:\/\/vosgesinfo.fr\/saintdieinfo\/#website"},"primaryImageOfPage":{"@id":"https:\/\/vosgesinfo.fr\/saintdieinfo\/2026\/01\/joseline-cultivatrice-de-joie-en-causerie-a-la-librairie-le-neuf\/#primaryimage"},"image":{"@id":"https:\/\/vosgesinfo.fr\/saintdieinfo\/2026\/01\/joseline-cultivatrice-de-joie-en-causerie-a-la-librairie-le-neuf\/#primaryimage"},"thumbnailUrl":"https:\/\/vosgesinfo.fr\/app\/uploads\/sites\/4\/2026\/01\/joseline-librairie-le-neuf-2.jpg","datePublished":"2026-01-22T15:33:13+00:00","dateModified":"2026-01-22T15:25:57+00:00","breadcrumb":{"@id":"https:\/\/vosgesinfo.fr\/saintdieinfo\/2026\/01\/joseline-cultivatrice-de-joie-en-causerie-a-la-librairie-le-neuf\/#breadcrumb"},"inLanguage":"fr-FR","potentialAction":[{"@type":"ReadAction","target":["https:\/\/vosgesinfo.fr\/saintdieinfo\/2026\/01\/joseline-cultivatrice-de-joie-en-causerie-a-la-librairie-le-neuf\/"]}]},{"@type":"ImageObject","inLanguage":"fr-FR","@id":"https:\/\/vosgesinfo.fr\/saintdieinfo\/2026\/01\/joseline-cultivatrice-de-joie-en-causerie-a-la-librairie-le-neuf\/#primaryimage","url":"https:\/\/vosgesinfo.fr\/app\/uploads\/sites\/4\/2026\/01\/joseline-librairie-le-neuf-2.jpg","contentUrl":"https:\/\/vosgesinfo.fr\/app\/uploads\/sites\/4\/2026\/01\/joseline-librairie-le-neuf-2.jpg","width":921,"height":691},{"@type":"BreadcrumbList","@id":"https:\/\/vosgesinfo.fr\/saintdieinfo\/2026\/01\/joseline-cultivatrice-de-joie-en-causerie-a-la-librairie-le-neuf\/#breadcrumb","itemListElement":[{"@type":"ListItem","position":1,"name":"Home","item":"https:\/\/vosgesinfo.fr\/saintdieinfo\/"},{"@type":"ListItem","position":2,"name":"Joseline, \u00ab cultivatrice de joie \u00bb, en causerie \u00e0 la Librairie Le Neuf"}]},{"@type":"WebSite","@id":"https:\/\/vosgesinfo.fr\/saintdieinfo\/#website","url":"https:\/\/vosgesinfo.fr\/saintdieinfo\/","name":"Saint Die Info","description":"Toute l&#039;actualit\u00e9 de Saint-Di\u00e9-Des-Vosges","publisher":{"@id":"https:\/\/vosgesinfo.fr\/saintdieinfo\/#organization"},"alternateName":"Toute l'actualit\u00e9 de Saint-Di\u00e9-Des-Vosges","potentialAction":[{"@type":"SearchAction","target":{"@type":"EntryPoint","urlTemplate":"https:\/\/vosgesinfo.fr\/saintdieinfo\/?s={search_term_string}"},"query-input":"required name=search_term_string"}],"inLanguage":"fr-FR"},{"@type":"Organization","@id":"https:\/\/vosgesinfo.fr\/saintdieinfo\/#organization","name":"Saint Die Info","url":"https:\/\/vosgesinfo.fr\/saintdieinfo\/","logo":{"@type":"ImageObject","inLanguage":"fr-FR","@id":"https:\/\/vosgesinfo.fr\/saintdieinfo\/#\/schema\/logo\/image\/","url":"https:\/\/vosgesinfo.fr\/app\/uploads\/sites\/4\/2024\/02\/logo-sdi.jpg","contentUrl":"https:\/\/vosgesinfo.fr\/app\/uploads\/sites\/4\/2024\/02\/logo-sdi.jpg","width":600,"height":600,"caption":"Saint Die Info"},"image":{"@id":"https:\/\/vosgesinfo.fr\/saintdieinfo\/#\/schema\/logo\/image\/"},"sameAs":["https:\/\/www.facebook.com\/Saintdieinfofr","https:\/\/x.com\/VosgesInfo88","https:\/\/www.youtube.com\/@vosgesinfo"]},{"@type":"Person","@id":"https:\/\/vosgesinfo.fr\/saintdieinfo\/#\/schema\/person\/fa73e9f726d67bb88f46d5b7943cb572","name":"J.J.","image":{"@type":"ImageObject","inLanguage":"fr-FR","@id":"https:\/\/vosgesinfo.fr\/saintdieinfo\/#\/schema\/person\/image\/","url":"https:\/\/secure.gravatar.com\/avatar\/219e749e47ffbcca018a360ae4add7d4cdf1cdaaf8bc7676b27efade3fe65615?s=96&d=mm&r=g","contentUrl":"https:\/\/secure.gravatar.com\/avatar\/219e749e47ffbcca018a360ae4add7d4cdf1cdaaf8bc7676b27efade3fe65615?s=96&d=mm&r=g","caption":"J.J."},"url":"https:\/\/vosgesinfo.fr\/saintdieinfo\/author\/j-j\/"}]}},"_links":{"self":[{"href":"https:\/\/vosgesinfo.fr\/saintdieinfo\/wp-json\/wp\/v2\/posts\/87064","targetHints":{"allow":["GET"]}}],"collection":[{"href":"https:\/\/vosgesinfo.fr\/saintdieinfo\/wp-json\/wp\/v2\/posts"}],"about":[{"href":"https:\/\/vosgesinfo.fr\/saintdieinfo\/wp-json\/wp\/v2\/types\/post"}],"author":[{"embeddable":true,"href":"https:\/\/vosgesinfo.fr\/saintdieinfo\/wp-json\/wp\/v2\/users\/46"}],"replies":[{"embeddable":true,"href":"https:\/\/vosgesinfo.fr\/saintdieinfo\/wp-json\/wp\/v2\/comments?post=87064"}],"version-history":[{"count":1,"href":"https:\/\/vosgesinfo.fr\/saintdieinfo\/wp-json\/wp\/v2\/posts\/87064\/revisions"}],"predecessor-version":[{"id":87067,"href":"https:\/\/vosgesinfo.fr\/saintdieinfo\/wp-json\/wp\/v2\/posts\/87064\/revisions\/87067"}],"wp:featuredmedia":[{"embeddable":true,"href":"https:\/\/vosgesinfo.fr\/saintdieinfo\/wp-json\/wp\/v2\/media\/87066"}],"wp:attachment":[{"href":"https:\/\/vosgesinfo.fr\/saintdieinfo\/wp-json\/wp\/v2\/media?parent=87064"}],"wp:term":[{"taxonomy":"category","embeddable":true,"href":"https:\/\/vosgesinfo.fr\/saintdieinfo\/wp-json\/wp\/v2\/categories?post=87064"},{"taxonomy":"post_tag","embeddable":true,"href":"https:\/\/vosgesinfo.fr\/saintdieinfo\/wp-json\/wp\/v2\/tags?post=87064"}],"curies":[{"name":"wp","href":"https:\/\/api.w.org\/{rel}","templated":true}]}}