{"id":87072,"date":"2026-01-23T10:12:12","date_gmt":"2026-01-23T09:12:12","guid":{"rendered":"https:\/\/vosgesinfo.fr\/saintdieinfo\/?p=87072"},"modified":"2026-01-23T10:06:24","modified_gmt":"2026-01-23T09:06:24","slug":"etival-clairefontaine-la-confrerie-des-petits-crus-fait-son-loto-de-la-saint-valentin","status":"publish","type":"post","link":"https:\/\/vosgesinfo.fr\/saintdieinfo\/2026\/01\/etival-clairefontaine-la-confrerie-des-petits-crus-fait-son-loto-de-la-saint-valentin\/","title":{"rendered":"\u00c9tival-Clairefontaine \u2013 La Confr\u00e9rie des Petits Crus fait son loto de la Saint-Valentin"},"content":{"rendered":"<article class=\"text-token-text-primary w-full focus:outline-none [--shadow-height:45px] has-data-writing-block:pointer-events-none has-data-writing-block:-mt-(--shadow-height) has-data-writing-block:pt-(--shadow-height) [&amp;:has([data-writing-block])&gt;*]:pointer-events-auto scroll-mt-(--header-height)\" dir=\"auto\" tabindex=\"-1\" data-turn-id=\"574f2099-1698-40b0-b94c-5968c0012988\" data-testid=\"conversation-turn-23\" data-scroll-anchor=\"false\" data-turn=\"user\">\n<div class=\"text-base my-auto mx-auto pt-12 [--thread-content-margin:--spacing(4)] @w-sm\/main:[--thread-content-margin:--spacing(6)] @w-lg\/main:[--thread-content-margin:--spacing(16)] px-(--thread-content-margin)\">\n<div class=\"[--thread-content-max-width:40rem] @w-lg\/main:[--thread-content-max-width:48rem] mx-auto max-w-(--thread-content-max-width) flex-1 group\/turn-messages focus-visible:outline-hidden relative flex w-full min-w-0 flex-col\" tabindex=\"-1\">\n<div class=\"z-0 flex justify-end\">\n<div id=\"attachment_70249\" style=\"width: 1034px\" class=\"wp-caption alignnone\"><a href=\"https:\/\/vosgesinfo.fr\/app\/uploads\/sites\/4\/2024\/11\/super-loto-sdv-handball-5.jpg\"><img decoding=\"async\" aria-describedby=\"caption-attachment-70249\" class=\"size-large wp-image-70249\" src=\"https:\/\/vosgesinfo.fr\/app\/uploads\/sites\/4\/2024\/11\/super-loto-sdv-handball-5-1024x683.jpg\" alt=\"\" width=\"1024\" height=\"683\" srcset=\"https:\/\/vosgesinfo.fr\/app\/uploads\/sites\/4\/2024\/11\/super-loto-sdv-handball-5-1024x683.jpg 1024w, https:\/\/vosgesinfo.fr\/app\/uploads\/sites\/4\/2024\/11\/super-loto-sdv-handball-5-300x200.jpg 300w, https:\/\/vosgesinfo.fr\/app\/uploads\/sites\/4\/2024\/11\/super-loto-sdv-handball-5-768x512.jpg 768w, https:\/\/vosgesinfo.fr\/app\/uploads\/sites\/4\/2024\/11\/super-loto-sdv-handball-5.jpg 1200w\" sizes=\"(max-width: 1024px) 100vw, 1024px\" \/><\/a><p id=\"caption-attachment-70249\" class=\"wp-caption-text\">(Illustration)<\/p><\/div>\n<\/div>\n<\/div>\n<\/div>\n<\/article>\n<article class=\"text-token-text-primary w-full focus:outline-none [--shadow-height:45px] has-data-writing-block:pointer-events-none has-data-writing-block:-mt-(--shadow-height) has-data-writing-block:pt-(--shadow-height) [&amp;:has([data-writing-block])&gt;*]:pointer-events-auto scroll-mt-[calc(var(--header-height)+min(200px,max(70px,20svh)))]\" dir=\"auto\" tabindex=\"-1\" data-turn-id=\"request-WEB:6b9b30fe-1af6-4a6d-81d6-64cfaae9f280-11\" data-testid=\"conversation-turn-24\" data-scroll-anchor=\"true\" data-turn=\"assistant\">\n<div class=\"text-base my-auto mx-auto pb-10 [--thread-content-margin:--spacing(4)] @w-sm\/main:[--thread-content-margin:--spacing(6)] @w-lg\/main:[--thread-content-margin:--spacing(16)] px-(--thread-content-margin)\">\n<div class=\"[--thread-content-max-width:40rem] @w-lg\/main:[--thread-content-max-width:48rem] mx-auto max-w-(--thread-content-max-width) flex-1 group\/turn-messages focus-visible:outline-hidden relative flex w-full min-w-0 flex-col agent-turn\" tabindex=\"-1\">\n<div class=\"flex max-w-full flex-col grow\">\n<div class=\"min-h-8 text-message relative flex w-full flex-col items-end gap-2 text-start break-words whitespace-normal [.text-message+&amp;]:mt-1\" dir=\"auto\" data-message-author-role=\"assistant\" data-message-id=\"9f6ef3ae-471c-4c5d-baa2-e89fde33c267\" data-message-model-slug=\"gpt-5-2-thinking\">\n<div class=\"flex w-full flex-col gap-1 empty:hidden first:pt-[1px]\">\n<div class=\"markdown prose dark:prose-invert w-full wrap-break-word light markdown-new-styling\">\n<h2 data-start=\"0\" data-end=\"314\">La <strong data-start=\"3\" data-end=\"40\">Confr\u00e9rie des Petits Crus \u2013 CPC \u2013<\/strong> organise son <strong data-start=\"54\" data-end=\"83\">loto de la Saint-Valentin<\/strong>, le <strong data-start=\"88\" data-end=\"111\">dimanche 15 f\u00e9vrier<\/strong> \u00e0 la <strong data-start=\"117\" data-end=\"149\">salle des f\u00eates Edmond-Cunin<\/strong> d&rsquo;\u00c9tival-Clairefontaine, L\u2019ouverture des portes est pr\u00e9vue \u00e0 <strong data-start=\"213\" data-end=\"222\">12h45<\/strong>, pour un d\u00e9but des jeux \u00e0 <strong>14h<\/strong>. Une petite restauration et un bar seront propos\u00e9s sur place.<\/h2>\n<\/div>\n<\/div>\n<\/div>\n<\/div>\n<\/div>\n<\/div>\n<\/article>\n<p data-start=\"0\" data-end=\"314\"><!--more--><\/p>\n<h3 data-start=\"0\" data-end=\"314\"><strong>Bons d\u2019achat et mini bingo<\/strong><\/h3>\n<article class=\"text-token-text-primary w-full focus:outline-none [--shadow-height:45px] has-data-writing-block:pointer-events-none has-data-writing-block:-mt-(--shadow-height) has-data-writing-block:pt-(--shadow-height) [&amp;:has([data-writing-block])&gt;*]:pointer-events-auto scroll-mt-[calc(var(--header-height)+min(200px,max(70px,20svh)))]\" dir=\"auto\" tabindex=\"-1\" data-turn-id=\"request-WEB:6b9b30fe-1af6-4a6d-81d6-64cfaae9f280-11\" data-testid=\"conversation-turn-24\" data-scroll-anchor=\"true\" data-turn=\"assistant\">\n<div class=\"text-base my-auto mx-auto pb-10 [--thread-content-margin:--spacing(4)] @w-sm\/main:[--thread-content-margin:--spacing(6)] @w-lg\/main:[--thread-content-margin:--spacing(16)] px-(--thread-content-margin)\">\n<div class=\"[--thread-content-max-width:40rem] @w-lg\/main:[--thread-content-max-width:48rem] mx-auto max-w-(--thread-content-max-width) flex-1 group\/turn-messages focus-visible:outline-hidden relative flex w-full min-w-0 flex-col agent-turn\" tabindex=\"-1\">\n<div class=\"flex max-w-full flex-col grow\">\n<div class=\"min-h-8 text-message relative flex w-full flex-col items-end gap-2 text-start break-words whitespace-normal [.text-message+&amp;]:mt-1\" dir=\"auto\" data-message-author-role=\"assistant\" data-message-id=\"9f6ef3ae-471c-4c5d-baa2-e89fde33c267\" data-message-model-slug=\"gpt-5-2-thinking\">\n<div class=\"flex w-full flex-col gap-1 empty:hidden first:pt-[1px]\">\n<div class=\"markdown prose dark:prose-invert w-full wrap-break-word light markdown-new-styling\">\n<p data-start=\"348\" data-end=\"542\">Des <strong data-start=\"352\" data-end=\"376\">bons d\u2019achat Leclerc<\/strong> sont mis en jeu, d\u2019un montant de <strong data-start=\"410\" data-end=\"460\">20, 30, 50, 60, 80, 100, 150, 200 et 500 euros<\/strong>. La <strong data-start=\"465\" data-end=\"481\">planche de 6<\/strong> est fix\u00e9e \u00e0 20 euros. Un <strong data-start=\"507\" data-end=\"521\">mini bingo<\/strong> est \u00e9galement pr\u00e9vu. Les r\u00e9servations se font par t\u00e9l\u00e9phone au <strong data-start=\"603\" data-end=\"621\">06-83-12-34-28<\/strong>.<\/p>\n<\/div>\n<\/div>\n<\/div>\n<\/div>\n<\/div>\n<\/div>\n<\/article>\n<p><a href=\"https:\/\/vosgesinfo.fr\/app\/uploads\/sites\/4\/2026\/01\/etival-clairefontaine-loto-saint-valentin.jpg\"><img decoding=\"async\" class=\"alignnone size-large wp-image-87073\" src=\"https:\/\/vosgesinfo.fr\/app\/uploads\/sites\/4\/2026\/01\/etival-clairefontaine-loto-saint-valentin-724x1024.jpg\" alt=\"\" width=\"724\" height=\"1024\" srcset=\"https:\/\/vosgesinfo.fr\/app\/uploads\/sites\/4\/2026\/01\/etival-clairefontaine-loto-saint-valentin-724x1024.jpg 724w, https:\/\/vosgesinfo.fr\/app\/uploads\/sites\/4\/2026\/01\/etival-clairefontaine-loto-saint-valentin-212x300.jpg 212w, https:\/\/vosgesinfo.fr\/app\/uploads\/sites\/4\/2026\/01\/etival-clairefontaine-loto-saint-valentin.jpg 764w\" sizes=\"(max-width: 724px) 100vw, 724px\" \/><\/a><\/p>\n","protected":false},"excerpt":{"rendered":"<p>La Confr\u00e9rie des Petits Crus \u2013 CPC \u2013 organise son loto de la Saint-Valentin, le dimanche 15 f\u00e9vrier \u00e0 la [&hellip;]<\/p>\n","protected":false},"author":46,"featured_media":70249,"comment_status":"open","ping_status":"open","sticky":false,"template":"","format":"standard","meta":{"footnotes":""},"categories":[3900,3903,20,17],"tags":[19903,19901,19902,3250,19899,19904,19905,19900],"class_list":["post-87072","post","type-post","status-publish","format-standard","has-post-thumbnail","hentry","category-breves","category-deodatie","category-loisirs","category-vie-associative","tag-bons-dachat-leclerc","tag-confrerie-des-petits-crus","tag-cpc","tag-etival-clairefontaine","tag-loto-de-la-saint-valentin","tag-mini-bingo","tag-reservation-loto","tag-salle-des-fetes-edmond-cunin"],"acf":[],"yoast_head":"<!-- This site is optimized with the Yoast SEO plugin v22.5 - https:\/\/yoast.com\/wordpress\/plugins\/seo\/ -->\n<title>\u00c9tival-Clairefontaine \u2013 La Confr\u00e9rie des Petits Crus fait son loto de la Saint-Valentin - Saint Die Info<\/title>\n<meta name=\"robots\" content=\"index, follow, max-snippet:-1, max-image-preview:large, max-video-preview:-1\" \/>\n<link rel=\"canonical\" href=\"https:\/\/vosgesinfo.fr\/saintdieinfo\/2026\/01\/etival-clairefontaine-la-confrerie-des-petits-crus-fait-son-loto-de-la-saint-valentin\/\" \/>\n<meta name=\"twitter:card\" content=\"summary_large_image\" \/>\n<meta name=\"twitter:title\" content=\"\u00c9tival-Clairefontaine \u2013 La Confr\u00e9rie des Petits Crus fait son loto de la Saint-Valentin - Saint Die Info\" \/>\n<meta name=\"twitter:description\" content=\"La Confr\u00e9rie des Petits Crus \u2013 CPC \u2013 organise son loto de la Saint-Valentin, le dimanche 15 f\u00e9vrier \u00e0 la [&hellip;]\" \/>\n<meta name=\"twitter:image\" content=\"https:\/\/vosgesinfo.fr\/app\/uploads\/sites\/4\/2024\/11\/super-loto-sdv-handball-5.jpg\" \/>\n<meta name=\"twitter:creator\" content=\"@VosgesInfo88\" \/>\n<meta name=\"twitter:site\" content=\"@VosgesInfo88\" \/>\n<meta name=\"twitter:label1\" content=\"\u00c9crit par\" \/>\n\t<meta name=\"twitter:data1\" content=\"J.J.\" \/>\n\t<meta name=\"twitter:label2\" content=\"Dur\u00e9e de lecture estim\u00e9e\" \/>\n\t<meta name=\"twitter:data2\" content=\"1 minute\" \/>\n<script type=\"application\/ld+json\" class=\"yoast-schema-graph\">{\"@context\":\"https:\/\/schema.org\",\"@graph\":[{\"@type\":\"Article\",\"@id\":\"https:\/\/vosgesinfo.fr\/saintdieinfo\/2026\/01\/etival-clairefontaine-la-confrerie-des-petits-crus-fait-son-loto-de-la-saint-valentin\/#article\",\"isPartOf\":{\"@id\":\"https:\/\/vosgesinfo.fr\/saintdieinfo\/2026\/01\/etival-clairefontaine-la-confrerie-des-petits-crus-fait-son-loto-de-la-saint-valentin\/\"},\"author\":{\"name\":\"J.J.\",\"@id\":\"https:\/\/vosgesinfo.fr\/saintdieinfo\/#\/schema\/person\/fa73e9f726d67bb88f46d5b7943cb572\"},\"headline\":\"\u00c9tival-Clairefontaine \u2013 La Confr\u00e9rie des Petits Crus fait son loto de la Saint-Valentin\",\"datePublished\":\"2026-01-23T09:12:12+00:00\",\"dateModified\":\"2026-01-23T09:06:24+00:00\",\"mainEntityOfPage\":{\"@id\":\"https:\/\/vosgesinfo.fr\/saintdieinfo\/2026\/01\/etival-clairefontaine-la-confrerie-des-petits-crus-fait-son-loto-de-la-saint-valentin\/\"},\"wordCount\":121,\"commentCount\":0,\"publisher\":{\"@id\":\"https:\/\/vosgesinfo.fr\/saintdieinfo\/#organization\"},\"image\":{\"@id\":\"https:\/\/vosgesinfo.fr\/saintdieinfo\/2026\/01\/etival-clairefontaine-la-confrerie-des-petits-crus-fait-son-loto-de-la-saint-valentin\/#primaryimage\"},\"thumbnailUrl\":\"https:\/\/vosgesinfo.fr\/app\/uploads\/sites\/4\/2024\/11\/super-loto-sdv-handball-5.jpg\",\"keywords\":[\"bons d\u2019achat Leclerc\",\"Confr\u00e9rie des Petits Crus\",\"CPC\",\"etival-clairefontaine\",\"loto de la Saint-Valentin\",\"mini bingo\",\"r\u00e9servation loto\",\"salle des f\u00eates Edmond Cunin\"],\"articleSection\":[\"Br\u00e8ves\",\"D\u00e9odatie\",\"Loisirs\",\"Vie Associative\"],\"inLanguage\":\"fr-FR\",\"potentialAction\":[{\"@type\":\"CommentAction\",\"name\":\"Comment\",\"target\":[\"https:\/\/vosgesinfo.fr\/saintdieinfo\/2026\/01\/etival-clairefontaine-la-confrerie-des-petits-crus-fait-son-loto-de-la-saint-valentin\/#respond\"]}]},{\"@type\":\"WebPage\",\"@id\":\"https:\/\/vosgesinfo.fr\/saintdieinfo\/2026\/01\/etival-clairefontaine-la-confrerie-des-petits-crus-fait-son-loto-de-la-saint-valentin\/\",\"url\":\"https:\/\/vosgesinfo.fr\/saintdieinfo\/2026\/01\/etival-clairefontaine-la-confrerie-des-petits-crus-fait-son-loto-de-la-saint-valentin\/\",\"name\":\"\u00c9tival-Clairefontaine \u2013 La Confr\u00e9rie des Petits Crus fait son loto de la Saint-Valentin - Saint Die Info\",\"isPartOf\":{\"@id\":\"https:\/\/vosgesinfo.fr\/saintdieinfo\/#website\"},\"primaryImageOfPage\":{\"@id\":\"https:\/\/vosgesinfo.fr\/saintdieinfo\/2026\/01\/etival-clairefontaine-la-confrerie-des-petits-crus-fait-son-loto-de-la-saint-valentin\/#primaryimage\"},\"image\":{\"@id\":\"https:\/\/vosgesinfo.fr\/saintdieinfo\/2026\/01\/etival-clairefontaine-la-confrerie-des-petits-crus-fait-son-loto-de-la-saint-valentin\/#primaryimage\"},\"thumbnailUrl\":\"https:\/\/vosgesinfo.fr\/app\/uploads\/sites\/4\/2024\/11\/super-loto-sdv-handball-5.jpg\",\"datePublished\":\"2026-01-23T09:12:12+00:00\",\"dateModified\":\"2026-01-23T09:06:24+00:00\",\"breadcrumb\":{\"@id\":\"https:\/\/vosgesinfo.fr\/saintdieinfo\/2026\/01\/etival-clairefontaine-la-confrerie-des-petits-crus-fait-son-loto-de-la-saint-valentin\/#breadcrumb\"},\"inLanguage\":\"fr-FR\",\"potentialAction\":[{\"@type\":\"ReadAction\",\"target\":[\"https:\/\/vosgesinfo.fr\/saintdieinfo\/2026\/01\/etival-clairefontaine-la-confrerie-des-petits-crus-fait-son-loto-de-la-saint-valentin\/\"]}]},{\"@type\":\"ImageObject\",\"inLanguage\":\"fr-FR\",\"@id\":\"https:\/\/vosgesinfo.fr\/saintdieinfo\/2026\/01\/etival-clairefontaine-la-confrerie-des-petits-crus-fait-son-loto-de-la-saint-valentin\/#primaryimage\",\"url\":\"https:\/\/vosgesinfo.fr\/app\/uploads\/sites\/4\/2024\/11\/super-loto-sdv-handball-5.jpg\",\"contentUrl\":\"https:\/\/vosgesinfo.fr\/app\/uploads\/sites\/4\/2024\/11\/super-loto-sdv-handball-5.jpg\",\"width\":1200,\"height\":800,\"caption\":\"(Illustration)\"},{\"@type\":\"BreadcrumbList\",\"@id\":\"https:\/\/vosgesinfo.fr\/saintdieinfo\/2026\/01\/etival-clairefontaine-la-confrerie-des-petits-crus-fait-son-loto-de-la-saint-valentin\/#breadcrumb\",\"itemListElement\":[{\"@type\":\"ListItem\",\"position\":1,\"name\":\"Home\",\"item\":\"https:\/\/vosgesinfo.fr\/saintdieinfo\/\"},{\"@type\":\"ListItem\",\"position\":2,\"name\":\"\u00c9tival-Clairefontaine \u2013 La Confr\u00e9rie des Petits Crus fait son loto de la Saint-Valentin\"}]},{\"@type\":\"WebSite\",\"@id\":\"https:\/\/vosgesinfo.fr\/saintdieinfo\/#website\",\"url\":\"https:\/\/vosgesinfo.fr\/saintdieinfo\/\",\"name\":\"Saint Die Info\",\"description\":\"Toute l&#039;actualit\u00e9 de Saint-Di\u00e9-Des-Vosges\",\"publisher\":{\"@id\":\"https:\/\/vosgesinfo.fr\/saintdieinfo\/#organization\"},\"alternateName\":\"Toute l'actualit\u00e9 de Saint-Di\u00e9-Des-Vosges\",\"potentialAction\":[{\"@type\":\"SearchAction\",\"target\":{\"@type\":\"EntryPoint\",\"urlTemplate\":\"https:\/\/vosgesinfo.fr\/saintdieinfo\/?s={search_term_string}\"},\"query-input\":\"required name=search_term_string\"}],\"inLanguage\":\"fr-FR\"},{\"@type\":\"Organization\",\"@id\":\"https:\/\/vosgesinfo.fr\/saintdieinfo\/#organization\",\"name\":\"Saint Die Info\",\"url\":\"https:\/\/vosgesinfo.fr\/saintdieinfo\/\",\"logo\":{\"@type\":\"ImageObject\",\"inLanguage\":\"fr-FR\",\"@id\":\"https:\/\/vosgesinfo.fr\/saintdieinfo\/#\/schema\/logo\/image\/\",\"url\":\"https:\/\/vosgesinfo.fr\/app\/uploads\/sites\/4\/2024\/02\/logo-sdi.jpg\",\"contentUrl\":\"https:\/\/vosgesinfo.fr\/app\/uploads\/sites\/4\/2024\/02\/logo-sdi.jpg\",\"width\":600,\"height\":600,\"caption\":\"Saint Die Info\"},\"image\":{\"@id\":\"https:\/\/vosgesinfo.fr\/saintdieinfo\/#\/schema\/logo\/image\/\"},\"sameAs\":[\"https:\/\/www.facebook.com\/Saintdieinfofr\",\"https:\/\/x.com\/VosgesInfo88\",\"https:\/\/www.youtube.com\/@vosgesinfo\"]},{\"@type\":\"Person\",\"@id\":\"https:\/\/vosgesinfo.fr\/saintdieinfo\/#\/schema\/person\/fa73e9f726d67bb88f46d5b7943cb572\",\"name\":\"J.J.\",\"image\":{\"@type\":\"ImageObject\",\"inLanguage\":\"fr-FR\",\"@id\":\"https:\/\/vosgesinfo.fr\/saintdieinfo\/#\/schema\/person\/image\/\",\"url\":\"https:\/\/secure.gravatar.com\/avatar\/219e749e47ffbcca018a360ae4add7d4cdf1cdaaf8bc7676b27efade3fe65615?s=96&d=mm&r=g\",\"contentUrl\":\"https:\/\/secure.gravatar.com\/avatar\/219e749e47ffbcca018a360ae4add7d4cdf1cdaaf8bc7676b27efade3fe65615?s=96&d=mm&r=g\",\"caption\":\"J.J.\"},\"url\":\"https:\/\/vosgesinfo.fr\/saintdieinfo\/author\/j-j\/\"}]}<\/script>\n<!-- \/ Yoast SEO plugin. -->","yoast_head_json":{"title":"\u00c9tival-Clairefontaine \u2013 La Confr\u00e9rie des Petits Crus fait son loto de la Saint-Valentin - Saint Die Info","robots":{"index":"index","follow":"follow","max-snippet":"max-snippet:-1","max-image-preview":"max-image-preview:large","max-video-preview":"max-video-preview:-1"},"canonical":"https:\/\/vosgesinfo.fr\/saintdieinfo\/2026\/01\/etival-clairefontaine-la-confrerie-des-petits-crus-fait-son-loto-de-la-saint-valentin\/","twitter_card":"summary_large_image","twitter_title":"\u00c9tival-Clairefontaine \u2013 La Confr\u00e9rie des Petits Crus fait son loto de la Saint-Valentin - Saint Die Info","twitter_description":"La Confr\u00e9rie des Petits Crus \u2013 CPC \u2013 organise son loto de la Saint-Valentin, le dimanche 15 f\u00e9vrier \u00e0 la [&hellip;]","twitter_image":"https:\/\/vosgesinfo.fr\/app\/uploads\/sites\/4\/2024\/11\/super-loto-sdv-handball-5.jpg","twitter_creator":"@VosgesInfo88","twitter_site":"@VosgesInfo88","twitter_misc":{"\u00c9crit par":"J.J.","Dur\u00e9e de lecture estim\u00e9e":"1 minute"},"schema":{"@context":"https:\/\/schema.org","@graph":[{"@type":"Article","@id":"https:\/\/vosgesinfo.fr\/saintdieinfo\/2026\/01\/etival-clairefontaine-la-confrerie-des-petits-crus-fait-son-loto-de-la-saint-valentin\/#article","isPartOf":{"@id":"https:\/\/vosgesinfo.fr\/saintdieinfo\/2026\/01\/etival-clairefontaine-la-confrerie-des-petits-crus-fait-son-loto-de-la-saint-valentin\/"},"author":{"name":"J.J.","@id":"https:\/\/vosgesinfo.fr\/saintdieinfo\/#\/schema\/person\/fa73e9f726d67bb88f46d5b7943cb572"},"headline":"\u00c9tival-Clairefontaine \u2013 La Confr\u00e9rie des Petits Crus fait son loto de la Saint-Valentin","datePublished":"2026-01-23T09:12:12+00:00","dateModified":"2026-01-23T09:06:24+00:00","mainEntityOfPage":{"@id":"https:\/\/vosgesinfo.fr\/saintdieinfo\/2026\/01\/etival-clairefontaine-la-confrerie-des-petits-crus-fait-son-loto-de-la-saint-valentin\/"},"wordCount":121,"commentCount":0,"publisher":{"@id":"https:\/\/vosgesinfo.fr\/saintdieinfo\/#organization"},"image":{"@id":"https:\/\/vosgesinfo.fr\/saintdieinfo\/2026\/01\/etival-clairefontaine-la-confrerie-des-petits-crus-fait-son-loto-de-la-saint-valentin\/#primaryimage"},"thumbnailUrl":"https:\/\/vosgesinfo.fr\/app\/uploads\/sites\/4\/2024\/11\/super-loto-sdv-handball-5.jpg","keywords":["bons d\u2019achat Leclerc","Confr\u00e9rie des Petits Crus","CPC","etival-clairefontaine","loto de la Saint-Valentin","mini bingo","r\u00e9servation loto","salle des f\u00eates Edmond Cunin"],"articleSection":["Br\u00e8ves","D\u00e9odatie","Loisirs","Vie Associative"],"inLanguage":"fr-FR","potentialAction":[{"@type":"CommentAction","name":"Comment","target":["https:\/\/vosgesinfo.fr\/saintdieinfo\/2026\/01\/etival-clairefontaine-la-confrerie-des-petits-crus-fait-son-loto-de-la-saint-valentin\/#respond"]}]},{"@type":"WebPage","@id":"https:\/\/vosgesinfo.fr\/saintdieinfo\/2026\/01\/etival-clairefontaine-la-confrerie-des-petits-crus-fait-son-loto-de-la-saint-valentin\/","url":"https:\/\/vosgesinfo.fr\/saintdieinfo\/2026\/01\/etival-clairefontaine-la-confrerie-des-petits-crus-fait-son-loto-de-la-saint-valentin\/","name":"\u00c9tival-Clairefontaine \u2013 La Confr\u00e9rie des Petits Crus fait son loto de la Saint-Valentin - Saint Die Info","isPartOf":{"@id":"https:\/\/vosgesinfo.fr\/saintdieinfo\/#website"},"primaryImageOfPage":{"@id":"https:\/\/vosgesinfo.fr\/saintdieinfo\/2026\/01\/etival-clairefontaine-la-confrerie-des-petits-crus-fait-son-loto-de-la-saint-valentin\/#primaryimage"},"image":{"@id":"https:\/\/vosgesinfo.fr\/saintdieinfo\/2026\/01\/etival-clairefontaine-la-confrerie-des-petits-crus-fait-son-loto-de-la-saint-valentin\/#primaryimage"},"thumbnailUrl":"https:\/\/vosgesinfo.fr\/app\/uploads\/sites\/4\/2024\/11\/super-loto-sdv-handball-5.jpg","datePublished":"2026-01-23T09:12:12+00:00","dateModified":"2026-01-23T09:06:24+00:00","breadcrumb":{"@id":"https:\/\/vosgesinfo.fr\/saintdieinfo\/2026\/01\/etival-clairefontaine-la-confrerie-des-petits-crus-fait-son-loto-de-la-saint-valentin\/#breadcrumb"},"inLanguage":"fr-FR","potentialAction":[{"@type":"ReadAction","target":["https:\/\/vosgesinfo.fr\/saintdieinfo\/2026\/01\/etival-clairefontaine-la-confrerie-des-petits-crus-fait-son-loto-de-la-saint-valentin\/"]}]},{"@type":"ImageObject","inLanguage":"fr-FR","@id":"https:\/\/vosgesinfo.fr\/saintdieinfo\/2026\/01\/etival-clairefontaine-la-confrerie-des-petits-crus-fait-son-loto-de-la-saint-valentin\/#primaryimage","url":"https:\/\/vosgesinfo.fr\/app\/uploads\/sites\/4\/2024\/11\/super-loto-sdv-handball-5.jpg","contentUrl":"https:\/\/vosgesinfo.fr\/app\/uploads\/sites\/4\/2024\/11\/super-loto-sdv-handball-5.jpg","width":1200,"height":800,"caption":"(Illustration)"},{"@type":"BreadcrumbList","@id":"https:\/\/vosgesinfo.fr\/saintdieinfo\/2026\/01\/etival-clairefontaine-la-confrerie-des-petits-crus-fait-son-loto-de-la-saint-valentin\/#breadcrumb","itemListElement":[{"@type":"ListItem","position":1,"name":"Home","item":"https:\/\/vosgesinfo.fr\/saintdieinfo\/"},{"@type":"ListItem","position":2,"name":"\u00c9tival-Clairefontaine \u2013 La Confr\u00e9rie des Petits Crus fait son loto de la Saint-Valentin"}]},{"@type":"WebSite","@id":"https:\/\/vosgesinfo.fr\/saintdieinfo\/#website","url":"https:\/\/vosgesinfo.fr\/saintdieinfo\/","name":"Saint Die Info","description":"Toute l&#039;actualit\u00e9 de Saint-Di\u00e9-Des-Vosges","publisher":{"@id":"https:\/\/vosgesinfo.fr\/saintdieinfo\/#organization"},"alternateName":"Toute l'actualit\u00e9 de Saint-Di\u00e9-Des-Vosges","potentialAction":[{"@type":"SearchAction","target":{"@type":"EntryPoint","urlTemplate":"https:\/\/vosgesinfo.fr\/saintdieinfo\/?s={search_term_string}"},"query-input":"required name=search_term_string"}],"inLanguage":"fr-FR"},{"@type":"Organization","@id":"https:\/\/vosgesinfo.fr\/saintdieinfo\/#organization","name":"Saint Die Info","url":"https:\/\/vosgesinfo.fr\/saintdieinfo\/","logo":{"@type":"ImageObject","inLanguage":"fr-FR","@id":"https:\/\/vosgesinfo.fr\/saintdieinfo\/#\/schema\/logo\/image\/","url":"https:\/\/vosgesinfo.fr\/app\/uploads\/sites\/4\/2024\/02\/logo-sdi.jpg","contentUrl":"https:\/\/vosgesinfo.fr\/app\/uploads\/sites\/4\/2024\/02\/logo-sdi.jpg","width":600,"height":600,"caption":"Saint Die Info"},"image":{"@id":"https:\/\/vosgesinfo.fr\/saintdieinfo\/#\/schema\/logo\/image\/"},"sameAs":["https:\/\/www.facebook.com\/Saintdieinfofr","https:\/\/x.com\/VosgesInfo88","https:\/\/www.youtube.com\/@vosgesinfo"]},{"@type":"Person","@id":"https:\/\/vosgesinfo.fr\/saintdieinfo\/#\/schema\/person\/fa73e9f726d67bb88f46d5b7943cb572","name":"J.J.","image":{"@type":"ImageObject","inLanguage":"fr-FR","@id":"https:\/\/vosgesinfo.fr\/saintdieinfo\/#\/schema\/person\/image\/","url":"https:\/\/secure.gravatar.com\/avatar\/219e749e47ffbcca018a360ae4add7d4cdf1cdaaf8bc7676b27efade3fe65615?s=96&d=mm&r=g","contentUrl":"https:\/\/secure.gravatar.com\/avatar\/219e749e47ffbcca018a360ae4add7d4cdf1cdaaf8bc7676b27efade3fe65615?s=96&d=mm&r=g","caption":"J.J."},"url":"https:\/\/vosgesinfo.fr\/saintdieinfo\/author\/j-j\/"}]}},"_links":{"self":[{"href":"https:\/\/vosgesinfo.fr\/saintdieinfo\/wp-json\/wp\/v2\/posts\/87072","targetHints":{"allow":["GET"]}}],"collection":[{"href":"https:\/\/vosgesinfo.fr\/saintdieinfo\/wp-json\/wp\/v2\/posts"}],"about":[{"href":"https:\/\/vosgesinfo.fr\/saintdieinfo\/wp-json\/wp\/v2\/types\/post"}],"author":[{"embeddable":true,"href":"https:\/\/vosgesinfo.fr\/saintdieinfo\/wp-json\/wp\/v2\/users\/46"}],"replies":[{"embeddable":true,"href":"https:\/\/vosgesinfo.fr\/saintdieinfo\/wp-json\/wp\/v2\/comments?post=87072"}],"version-history":[{"count":1,"href":"https:\/\/vosgesinfo.fr\/saintdieinfo\/wp-json\/wp\/v2\/posts\/87072\/revisions"}],"predecessor-version":[{"id":87074,"href":"https:\/\/vosgesinfo.fr\/saintdieinfo\/wp-json\/wp\/v2\/posts\/87072\/revisions\/87074"}],"wp:featuredmedia":[{"embeddable":true,"href":"https:\/\/vosgesinfo.fr\/saintdieinfo\/wp-json\/wp\/v2\/media\/70249"}],"wp:attachment":[{"href":"https:\/\/vosgesinfo.fr\/saintdieinfo\/wp-json\/wp\/v2\/media?parent=87072"}],"wp:term":[{"taxonomy":"category","embeddable":true,"href":"https:\/\/vosgesinfo.fr\/saintdieinfo\/wp-json\/wp\/v2\/categories?post=87072"},{"taxonomy":"post_tag","embeddable":true,"href":"https:\/\/vosgesinfo.fr\/saintdieinfo\/wp-json\/wp\/v2\/tags?post=87072"}],"curies":[{"name":"wp","href":"https:\/\/api.w.org\/{rel}","templated":true}]}}