{"id":87075,"date":"2026-01-23T18:23:25","date_gmt":"2026-01-23T17:23:25","guid":{"rendered":"https:\/\/vosgesinfo.fr\/saintdieinfo\/?p=87075"},"modified":"2026-01-23T18:05:02","modified_gmt":"2026-01-23T17:05:02","slug":"municipales-2026-les-reunions-publiques-de-la-liste-saint-die-en-grand-avec-jan-verdonk","status":"publish","type":"post","link":"https:\/\/vosgesinfo.fr\/saintdieinfo\/2026\/01\/municipales-2026-les-reunions-publiques-de-la-liste-saint-die-en-grand-avec-jan-verdonk\/","title":{"rendered":"Municipales 2026 : les r\u00e9unions publiques de la liste \u00ab Saint-Di\u00e9 en Grand avec Jan Verdonk \u00bb"},"content":{"rendered":"<div id=\"attachment_87009\" style=\"width: 1034px\" class=\"wp-caption alignnone\"><a href=\"https:\/\/vosgesinfo.fr\/app\/uploads\/sites\/4\/2026\/01\/municipales-2026-lancement-campagne-jan-verdonk.jpg\"><img decoding=\"async\" aria-describedby=\"caption-attachment-87009\" class=\"size-large wp-image-87009\" src=\"https:\/\/vosgesinfo.fr\/app\/uploads\/sites\/4\/2026\/01\/municipales-2026-lancement-campagne-jan-verdonk-1024x771.jpg\" alt=\"\" width=\"1024\" height=\"771\" srcset=\"https:\/\/vosgesinfo.fr\/app\/uploads\/sites\/4\/2026\/01\/municipales-2026-lancement-campagne-jan-verdonk-1024x771.jpg 1024w, https:\/\/vosgesinfo.fr\/app\/uploads\/sites\/4\/2026\/01\/municipales-2026-lancement-campagne-jan-verdonk-300x226.jpg 300w, https:\/\/vosgesinfo.fr\/app\/uploads\/sites\/4\/2026\/01\/municipales-2026-lancement-campagne-jan-verdonk-768x578.jpg 768w, https:\/\/vosgesinfo.fr\/app\/uploads\/sites\/4\/2026\/01\/municipales-2026-lancement-campagne-jan-verdonk.jpg 1434w\" sizes=\"(max-width: 1024px) 100vw, 1024px\" \/><\/a><p id=\"caption-attachment-87009\" class=\"wp-caption-text\">(Archive)<\/p><\/div>\n<h2 data-start=\"105\" data-end=\"405\"><a href=\"https:\/\/vosgesinfo.fr\/saintdieinfo\/2026\/01\/municipales-2026-jan-verdonk-lance-sa-campagne-au-cafe-thiers\/\" target=\"_blank\" rel=\"noopener\">Apr\u00e8s le lancement de sa campagne au <strong data-start=\"142\" data-end=\"157\">caf\u00e9 Thiers<\/strong> ce mardi soir<\/a>, la liste \u00ab <strong data-start=\"184\" data-end=\"223\">Saint-Di\u00e9 en Grand avec Jan Verdonk<\/strong> \u00bb, en lice pour les <strong data-start=\"244\" data-end=\"287\">\u00e9lections municipales des 15 et 22 mars<\/strong> \u00e0 <strong data-start=\"290\" data-end=\"314\">Saint-Di\u00e9-des-Vosges<\/strong>, organise une s\u00e9rie de <strong data-start=\"338\" data-end=\"360\">r\u00e9unions publiques<\/strong> dans les diff\u00e9rents quartiers de la ville. Ce cycle de rencontres est compl\u00e9t\u00e9 par la <strong>pr\u00e9sentation de la liste et de son programme<\/strong> \u00e0 la Tour de la Libert\u00e9, puis par un <strong>meeting du premier tour<\/strong> \u00e0 l\u2019Espace Fran\u00e7ois-Mitterrand.<\/h2>\n<p data-start=\"105\" data-end=\"405\"><!--more--><\/p>\n<h3 data-start=\"501\" data-end=\"527\"><strong>R\u00e9unions de quartier<\/strong><\/h3>\n<p data-start=\"529\" data-end=\"595\">Les <strong data-start=\"533\" data-end=\"557\">r\u00e9unions de quartier<\/strong> se tiendront toutes \u00e0 <strong data-start=\"580\" data-end=\"591\">18 h 30<\/strong> :<\/p>\n<p data-start=\"597\" data-end=\"1199\"><strong data-start=\"597\" data-end=\"610\">2 f\u00e9vrier<\/strong>, quartier Foucharupt, \u00e0 la <strong data-start=\"638\" data-end=\"671\">Maison de quartier du Kemberg<\/strong>.<br data-start=\"672\" data-end=\"675\" \/><strong data-start=\"675\" data-end=\"688\">6 f\u00e9vrier<\/strong>, quartier L\u2019Orme, \u00e0 la <strong data-start=\"712\" data-end=\"733\">MJC Louise-Michel<\/strong>.<br data-start=\"734\" data-end=\"737\" \/><strong data-start=\"737\" data-end=\"751\">10 f\u00e9vrier<\/strong>, quartier Kellermann, au <strong data-start=\"777\" data-end=\"785\">Kaf\u00e9<\/strong>.<br data-start=\"786\" data-end=\"789\" data-is-only-node=\"\" \/><strong data-start=\"789\" data-end=\"803\">16 f\u00e9vrier<\/strong>, quartiers Le Vill\u00e9, Marzelay et La P\u00e9cherie, \u00e0 la <strong data-start=\"855\" data-end=\"877\">Maison de quartier<\/strong>.<br data-start=\"878\" data-end=\"881\" \/><strong data-start=\"881\" data-end=\"895\">19 f\u00e9vrier<\/strong>, quartier Robache, \u00e0 la <strong data-start=\"920\" data-end=\"942\">Maison de quartier<\/strong>.<br data-start=\"943\" data-end=\"946\" \/><strong data-start=\"946\" data-end=\"960\">20 f\u00e9vrier<\/strong>, quartier Centre, \u00e0 la <strong data-start=\"984\" data-end=\"1003\">salle Carbonnar<\/strong>.<br data-start=\"1004\" data-end=\"1007\" \/><strong data-start=\"1007\" data-end=\"1021\">26 f\u00e9vrier<\/strong>, quartier La Bolle, \u00e0 la <strong data-start=\"1047\" data-end=\"1069\">Maison de quartier<\/strong>.<br data-start=\"1070\" data-end=\"1073\" \/><strong data-start=\"1073\" data-end=\"1083\">4 mars<\/strong>, quartiers Dijon et Gratin, au <strong data-start=\"1115\" data-end=\"1132\">16 rue Thiers<\/strong>.<br data-start=\"1133\" data-end=\"1136\" \/><strong data-start=\"1136\" data-end=\"1146\">6 mars<\/strong>, quartier Saint-Roch, \u00e0 la <strong data-start=\"1174\" data-end=\"1196\">Maison de quartier<\/strong>.<\/p>\n<h3 data-start=\"1201\" data-end=\"1255\"><strong>Pr\u00e9sentation de la liste \u00e0 la Tour de la Libert\u00e9<\/strong><\/h3>\n<p data-start=\"1257\" data-end=\"1387\">La pr\u00e9sentation de la liste et de son programme aura lieu le <strong data-start=\"1322\" data-end=\"1342\">mardi 17 f\u00e9vrier<\/strong> \u00e0 <strong data-start=\"1345\" data-end=\"1356\">19 h 30<\/strong> \u00e0 la <strong data-start=\"1362\" data-end=\"1384\">Tour de la Libert\u00e9<\/strong>.<\/p>\n<h3 data-start=\"1389\" data-end=\"1418\"><strong>Meeting du premier tour<\/strong><\/h3>\n<p data-start=\"1420\" data-end=\"1536\">Un meeting du premier tour est organis\u00e9 le <strong data-start=\"1467\" data-end=\"1484\">mardi 10 mars<\/strong> \u00e0 <strong data-start=\"1487\" data-end=\"1498\">19 h 30<\/strong> \u00e0 l\u2019<strong data-start=\"1503\" data-end=\"1533\">Espace Fran\u00e7ois-Mitterrand<\/strong>.<\/p>\n","protected":false},"excerpt":{"rendered":"<p>Apr\u00e8s le lancement de sa campagne au caf\u00e9 Thiers ce mardi soir, la liste \u00ab Saint-Di\u00e9 en Grand avec Jan [&hellip;]<\/p>\n","protected":false},"author":46,"featured_media":87009,"comment_status":"open","ping_status":"open","sticky":false,"template":"","format":"standard","meta":{"footnotes":""},"categories":[460,10,167],"tags":[19604,19244,19907,14359,19906,2881,43],"class_list":["post-87075","post","type-post","status-publish","format-standard","has-post-thumbnail","hentry","category-a-la-une","category-politique","category-saint-die-des-vosges","tag-elections-municipales","tag-jan-verdonk","tag-quartiers","tag-reunions-publiques","tag-saint-die-en-grand","tag-saint-die-des-vosges","tag-vosges"],"acf":[],"yoast_head":"<!-- This site is optimized with the Yoast SEO plugin v22.5 - https:\/\/yoast.com\/wordpress\/plugins\/seo\/ -->\n<title>Municipales 2026 : les r\u00e9unions publiques de la liste \u00ab Saint-Di\u00e9 en Grand avec Jan Verdonk \u00bb - Saint Die Info<\/title>\n<meta name=\"robots\" content=\"index, follow, max-snippet:-1, max-image-preview:large, max-video-preview:-1\" \/>\n<link rel=\"canonical\" href=\"https:\/\/vosgesinfo.fr\/saintdieinfo\/2026\/01\/municipales-2026-les-reunions-publiques-de-la-liste-saint-die-en-grand-avec-jan-verdonk\/\" \/>\n<meta name=\"twitter:card\" content=\"summary_large_image\" \/>\n<meta name=\"twitter:title\" content=\"Municipales 2026 : les r\u00e9unions publiques de la liste \u00ab Saint-Di\u00e9 en Grand avec Jan Verdonk \u00bb - Saint Die Info\" \/>\n<meta name=\"twitter:description\" content=\"Apr\u00e8s le lancement de sa campagne au caf\u00e9 Thiers ce mardi soir, la liste \u00ab Saint-Di\u00e9 en Grand avec Jan [&hellip;]\" \/>\n<meta name=\"twitter:image\" content=\"https:\/\/vosgesinfo.fr\/app\/uploads\/sites\/4\/2026\/01\/municipales-2026-lancement-campagne-jan-verdonk.jpg\" \/>\n<meta name=\"twitter:creator\" content=\"@VosgesInfo88\" \/>\n<meta name=\"twitter:site\" content=\"@VosgesInfo88\" \/>\n<meta name=\"twitter:label1\" content=\"\u00c9crit par\" \/>\n\t<meta name=\"twitter:data1\" content=\"J.J.\" \/>\n\t<meta name=\"twitter:label2\" content=\"Dur\u00e9e de lecture estim\u00e9e\" \/>\n\t<meta name=\"twitter:data2\" content=\"2 minutes\" \/>\n<script type=\"application\/ld+json\" class=\"yoast-schema-graph\">{\"@context\":\"https:\/\/schema.org\",\"@graph\":[{\"@type\":\"Article\",\"@id\":\"https:\/\/vosgesinfo.fr\/saintdieinfo\/2026\/01\/municipales-2026-les-reunions-publiques-de-la-liste-saint-die-en-grand-avec-jan-verdonk\/#article\",\"isPartOf\":{\"@id\":\"https:\/\/vosgesinfo.fr\/saintdieinfo\/2026\/01\/municipales-2026-les-reunions-publiques-de-la-liste-saint-die-en-grand-avec-jan-verdonk\/\"},\"author\":{\"name\":\"J.J.\",\"@id\":\"https:\/\/vosgesinfo.fr\/saintdieinfo\/#\/schema\/person\/fa73e9f726d67bb88f46d5b7943cb572\"},\"headline\":\"Municipales 2026 : les r\u00e9unions publiques de la liste \u00ab Saint-Di\u00e9 en Grand avec Jan Verdonk \u00bb\",\"datePublished\":\"2026-01-23T17:23:25+00:00\",\"dateModified\":\"2026-01-23T17:05:02+00:00\",\"mainEntityOfPage\":{\"@id\":\"https:\/\/vosgesinfo.fr\/saintdieinfo\/2026\/01\/municipales-2026-les-reunions-publiques-de-la-liste-saint-die-en-grand-avec-jan-verdonk\/\"},\"wordCount\":245,\"commentCount\":0,\"publisher\":{\"@id\":\"https:\/\/vosgesinfo.fr\/saintdieinfo\/#organization\"},\"image\":{\"@id\":\"https:\/\/vosgesinfo.fr\/saintdieinfo\/2026\/01\/municipales-2026-les-reunions-publiques-de-la-liste-saint-die-en-grand-avec-jan-verdonk\/#primaryimage\"},\"thumbnailUrl\":\"https:\/\/vosgesinfo.fr\/app\/uploads\/sites\/4\/2026\/01\/municipales-2026-lancement-campagne-jan-verdonk.jpg\",\"keywords\":[\"\u00e9lections municipales\",\"Jan Verdonk\",\"quartiers\",\"R\u00e9unions publiques\",\"Saint-Di\u00e9 en Grand\",\"Saint-Di\u00e9-des-Vosges\",\"vosges\"],\"articleSection\":[\"A la Une\",\"Politique\",\"Saint-Di\u00e9-des-Vosges\"],\"inLanguage\":\"fr-FR\",\"potentialAction\":[{\"@type\":\"CommentAction\",\"name\":\"Comment\",\"target\":[\"https:\/\/vosgesinfo.fr\/saintdieinfo\/2026\/01\/municipales-2026-les-reunions-publiques-de-la-liste-saint-die-en-grand-avec-jan-verdonk\/#respond\"]}]},{\"@type\":\"WebPage\",\"@id\":\"https:\/\/vosgesinfo.fr\/saintdieinfo\/2026\/01\/municipales-2026-les-reunions-publiques-de-la-liste-saint-die-en-grand-avec-jan-verdonk\/\",\"url\":\"https:\/\/vosgesinfo.fr\/saintdieinfo\/2026\/01\/municipales-2026-les-reunions-publiques-de-la-liste-saint-die-en-grand-avec-jan-verdonk\/\",\"name\":\"Municipales 2026 : les r\u00e9unions publiques de la liste \u00ab Saint-Di\u00e9 en Grand avec Jan Verdonk \u00bb - Saint Die Info\",\"isPartOf\":{\"@id\":\"https:\/\/vosgesinfo.fr\/saintdieinfo\/#website\"},\"primaryImageOfPage\":{\"@id\":\"https:\/\/vosgesinfo.fr\/saintdieinfo\/2026\/01\/municipales-2026-les-reunions-publiques-de-la-liste-saint-die-en-grand-avec-jan-verdonk\/#primaryimage\"},\"image\":{\"@id\":\"https:\/\/vosgesinfo.fr\/saintdieinfo\/2026\/01\/municipales-2026-les-reunions-publiques-de-la-liste-saint-die-en-grand-avec-jan-verdonk\/#primaryimage\"},\"thumbnailUrl\":\"https:\/\/vosgesinfo.fr\/app\/uploads\/sites\/4\/2026\/01\/municipales-2026-lancement-campagne-jan-verdonk.jpg\",\"datePublished\":\"2026-01-23T17:23:25+00:00\",\"dateModified\":\"2026-01-23T17:05:02+00:00\",\"breadcrumb\":{\"@id\":\"https:\/\/vosgesinfo.fr\/saintdieinfo\/2026\/01\/municipales-2026-les-reunions-publiques-de-la-liste-saint-die-en-grand-avec-jan-verdonk\/#breadcrumb\"},\"inLanguage\":\"fr-FR\",\"potentialAction\":[{\"@type\":\"ReadAction\",\"target\":[\"https:\/\/vosgesinfo.fr\/saintdieinfo\/2026\/01\/municipales-2026-les-reunions-publiques-de-la-liste-saint-die-en-grand-avec-jan-verdonk\/\"]}]},{\"@type\":\"ImageObject\",\"inLanguage\":\"fr-FR\",\"@id\":\"https:\/\/vosgesinfo.fr\/saintdieinfo\/2026\/01\/municipales-2026-les-reunions-publiques-de-la-liste-saint-die-en-grand-avec-jan-verdonk\/#primaryimage\",\"url\":\"https:\/\/vosgesinfo.fr\/app\/uploads\/sites\/4\/2026\/01\/municipales-2026-lancement-campagne-jan-verdonk.jpg\",\"contentUrl\":\"https:\/\/vosgesinfo.fr\/app\/uploads\/sites\/4\/2026\/01\/municipales-2026-lancement-campagne-jan-verdonk.jpg\",\"width\":1434,\"height\":1080,\"caption\":\"(Archive)\"},{\"@type\":\"BreadcrumbList\",\"@id\":\"https:\/\/vosgesinfo.fr\/saintdieinfo\/2026\/01\/municipales-2026-les-reunions-publiques-de-la-liste-saint-die-en-grand-avec-jan-verdonk\/#breadcrumb\",\"itemListElement\":[{\"@type\":\"ListItem\",\"position\":1,\"name\":\"Home\",\"item\":\"https:\/\/vosgesinfo.fr\/saintdieinfo\/\"},{\"@type\":\"ListItem\",\"position\":2,\"name\":\"Municipales 2026 : les r\u00e9unions publiques de la liste \u00ab Saint-Di\u00e9 en Grand avec Jan Verdonk \u00bb\"}]},{\"@type\":\"WebSite\",\"@id\":\"https:\/\/vosgesinfo.fr\/saintdieinfo\/#website\",\"url\":\"https:\/\/vosgesinfo.fr\/saintdieinfo\/\",\"name\":\"Saint Die Info\",\"description\":\"Toute l&#039;actualit\u00e9 de Saint-Di\u00e9-Des-Vosges\",\"publisher\":{\"@id\":\"https:\/\/vosgesinfo.fr\/saintdieinfo\/#organization\"},\"alternateName\":\"Toute l'actualit\u00e9 de Saint-Di\u00e9-Des-Vosges\",\"potentialAction\":[{\"@type\":\"SearchAction\",\"target\":{\"@type\":\"EntryPoint\",\"urlTemplate\":\"https:\/\/vosgesinfo.fr\/saintdieinfo\/?s={search_term_string}\"},\"query-input\":\"required name=search_term_string\"}],\"inLanguage\":\"fr-FR\"},{\"@type\":\"Organization\",\"@id\":\"https:\/\/vosgesinfo.fr\/saintdieinfo\/#organization\",\"name\":\"Saint Die Info\",\"url\":\"https:\/\/vosgesinfo.fr\/saintdieinfo\/\",\"logo\":{\"@type\":\"ImageObject\",\"inLanguage\":\"fr-FR\",\"@id\":\"https:\/\/vosgesinfo.fr\/saintdieinfo\/#\/schema\/logo\/image\/\",\"url\":\"https:\/\/vosgesinfo.fr\/app\/uploads\/sites\/4\/2024\/02\/logo-sdi.jpg\",\"contentUrl\":\"https:\/\/vosgesinfo.fr\/app\/uploads\/sites\/4\/2024\/02\/logo-sdi.jpg\",\"width\":600,\"height\":600,\"caption\":\"Saint Die Info\"},\"image\":{\"@id\":\"https:\/\/vosgesinfo.fr\/saintdieinfo\/#\/schema\/logo\/image\/\"},\"sameAs\":[\"https:\/\/www.facebook.com\/Saintdieinfofr\",\"https:\/\/x.com\/VosgesInfo88\",\"https:\/\/www.youtube.com\/@vosgesinfo\"]},{\"@type\":\"Person\",\"@id\":\"https:\/\/vosgesinfo.fr\/saintdieinfo\/#\/schema\/person\/fa73e9f726d67bb88f46d5b7943cb572\",\"name\":\"J.J.\",\"image\":{\"@type\":\"ImageObject\",\"inLanguage\":\"fr-FR\",\"@id\":\"https:\/\/vosgesinfo.fr\/saintdieinfo\/#\/schema\/person\/image\/\",\"url\":\"https:\/\/secure.gravatar.com\/avatar\/219e749e47ffbcca018a360ae4add7d4cdf1cdaaf8bc7676b27efade3fe65615?s=96&d=mm&r=g\",\"contentUrl\":\"https:\/\/secure.gravatar.com\/avatar\/219e749e47ffbcca018a360ae4add7d4cdf1cdaaf8bc7676b27efade3fe65615?s=96&d=mm&r=g\",\"caption\":\"J.J.\"},\"url\":\"https:\/\/vosgesinfo.fr\/saintdieinfo\/author\/j-j\/\"}]}<\/script>\n<!-- \/ Yoast SEO plugin. -->","yoast_head_json":{"title":"Municipales 2026 : les r\u00e9unions publiques de la liste \u00ab Saint-Di\u00e9 en Grand avec Jan Verdonk \u00bb - Saint Die Info","robots":{"index":"index","follow":"follow","max-snippet":"max-snippet:-1","max-image-preview":"max-image-preview:large","max-video-preview":"max-video-preview:-1"},"canonical":"https:\/\/vosgesinfo.fr\/saintdieinfo\/2026\/01\/municipales-2026-les-reunions-publiques-de-la-liste-saint-die-en-grand-avec-jan-verdonk\/","twitter_card":"summary_large_image","twitter_title":"Municipales 2026 : les r\u00e9unions publiques de la liste \u00ab Saint-Di\u00e9 en Grand avec Jan Verdonk \u00bb - Saint Die Info","twitter_description":"Apr\u00e8s le lancement de sa campagne au caf\u00e9 Thiers ce mardi soir, la liste \u00ab Saint-Di\u00e9 en Grand avec Jan [&hellip;]","twitter_image":"https:\/\/vosgesinfo.fr\/app\/uploads\/sites\/4\/2026\/01\/municipales-2026-lancement-campagne-jan-verdonk.jpg","twitter_creator":"@VosgesInfo88","twitter_site":"@VosgesInfo88","twitter_misc":{"\u00c9crit par":"J.J.","Dur\u00e9e de lecture estim\u00e9e":"2 minutes"},"schema":{"@context":"https:\/\/schema.org","@graph":[{"@type":"Article","@id":"https:\/\/vosgesinfo.fr\/saintdieinfo\/2026\/01\/municipales-2026-les-reunions-publiques-de-la-liste-saint-die-en-grand-avec-jan-verdonk\/#article","isPartOf":{"@id":"https:\/\/vosgesinfo.fr\/saintdieinfo\/2026\/01\/municipales-2026-les-reunions-publiques-de-la-liste-saint-die-en-grand-avec-jan-verdonk\/"},"author":{"name":"J.J.","@id":"https:\/\/vosgesinfo.fr\/saintdieinfo\/#\/schema\/person\/fa73e9f726d67bb88f46d5b7943cb572"},"headline":"Municipales 2026 : les r\u00e9unions publiques de la liste \u00ab Saint-Di\u00e9 en Grand avec Jan Verdonk \u00bb","datePublished":"2026-01-23T17:23:25+00:00","dateModified":"2026-01-23T17:05:02+00:00","mainEntityOfPage":{"@id":"https:\/\/vosgesinfo.fr\/saintdieinfo\/2026\/01\/municipales-2026-les-reunions-publiques-de-la-liste-saint-die-en-grand-avec-jan-verdonk\/"},"wordCount":245,"commentCount":0,"publisher":{"@id":"https:\/\/vosgesinfo.fr\/saintdieinfo\/#organization"},"image":{"@id":"https:\/\/vosgesinfo.fr\/saintdieinfo\/2026\/01\/municipales-2026-les-reunions-publiques-de-la-liste-saint-die-en-grand-avec-jan-verdonk\/#primaryimage"},"thumbnailUrl":"https:\/\/vosgesinfo.fr\/app\/uploads\/sites\/4\/2026\/01\/municipales-2026-lancement-campagne-jan-verdonk.jpg","keywords":["\u00e9lections municipales","Jan Verdonk","quartiers","R\u00e9unions publiques","Saint-Di\u00e9 en Grand","Saint-Di\u00e9-des-Vosges","vosges"],"articleSection":["A la Une","Politique","Saint-Di\u00e9-des-Vosges"],"inLanguage":"fr-FR","potentialAction":[{"@type":"CommentAction","name":"Comment","target":["https:\/\/vosgesinfo.fr\/saintdieinfo\/2026\/01\/municipales-2026-les-reunions-publiques-de-la-liste-saint-die-en-grand-avec-jan-verdonk\/#respond"]}]},{"@type":"WebPage","@id":"https:\/\/vosgesinfo.fr\/saintdieinfo\/2026\/01\/municipales-2026-les-reunions-publiques-de-la-liste-saint-die-en-grand-avec-jan-verdonk\/","url":"https:\/\/vosgesinfo.fr\/saintdieinfo\/2026\/01\/municipales-2026-les-reunions-publiques-de-la-liste-saint-die-en-grand-avec-jan-verdonk\/","name":"Municipales 2026 : les r\u00e9unions publiques de la liste \u00ab Saint-Di\u00e9 en Grand avec Jan Verdonk \u00bb - Saint Die Info","isPartOf":{"@id":"https:\/\/vosgesinfo.fr\/saintdieinfo\/#website"},"primaryImageOfPage":{"@id":"https:\/\/vosgesinfo.fr\/saintdieinfo\/2026\/01\/municipales-2026-les-reunions-publiques-de-la-liste-saint-die-en-grand-avec-jan-verdonk\/#primaryimage"},"image":{"@id":"https:\/\/vosgesinfo.fr\/saintdieinfo\/2026\/01\/municipales-2026-les-reunions-publiques-de-la-liste-saint-die-en-grand-avec-jan-verdonk\/#primaryimage"},"thumbnailUrl":"https:\/\/vosgesinfo.fr\/app\/uploads\/sites\/4\/2026\/01\/municipales-2026-lancement-campagne-jan-verdonk.jpg","datePublished":"2026-01-23T17:23:25+00:00","dateModified":"2026-01-23T17:05:02+00:00","breadcrumb":{"@id":"https:\/\/vosgesinfo.fr\/saintdieinfo\/2026\/01\/municipales-2026-les-reunions-publiques-de-la-liste-saint-die-en-grand-avec-jan-verdonk\/#breadcrumb"},"inLanguage":"fr-FR","potentialAction":[{"@type":"ReadAction","target":["https:\/\/vosgesinfo.fr\/saintdieinfo\/2026\/01\/municipales-2026-les-reunions-publiques-de-la-liste-saint-die-en-grand-avec-jan-verdonk\/"]}]},{"@type":"ImageObject","inLanguage":"fr-FR","@id":"https:\/\/vosgesinfo.fr\/saintdieinfo\/2026\/01\/municipales-2026-les-reunions-publiques-de-la-liste-saint-die-en-grand-avec-jan-verdonk\/#primaryimage","url":"https:\/\/vosgesinfo.fr\/app\/uploads\/sites\/4\/2026\/01\/municipales-2026-lancement-campagne-jan-verdonk.jpg","contentUrl":"https:\/\/vosgesinfo.fr\/app\/uploads\/sites\/4\/2026\/01\/municipales-2026-lancement-campagne-jan-verdonk.jpg","width":1434,"height":1080,"caption":"(Archive)"},{"@type":"BreadcrumbList","@id":"https:\/\/vosgesinfo.fr\/saintdieinfo\/2026\/01\/municipales-2026-les-reunions-publiques-de-la-liste-saint-die-en-grand-avec-jan-verdonk\/#breadcrumb","itemListElement":[{"@type":"ListItem","position":1,"name":"Home","item":"https:\/\/vosgesinfo.fr\/saintdieinfo\/"},{"@type":"ListItem","position":2,"name":"Municipales 2026 : les r\u00e9unions publiques de la liste \u00ab Saint-Di\u00e9 en Grand avec Jan Verdonk \u00bb"}]},{"@type":"WebSite","@id":"https:\/\/vosgesinfo.fr\/saintdieinfo\/#website","url":"https:\/\/vosgesinfo.fr\/saintdieinfo\/","name":"Saint Die Info","description":"Toute l&#039;actualit\u00e9 de Saint-Di\u00e9-Des-Vosges","publisher":{"@id":"https:\/\/vosgesinfo.fr\/saintdieinfo\/#organization"},"alternateName":"Toute l'actualit\u00e9 de Saint-Di\u00e9-Des-Vosges","potentialAction":[{"@type":"SearchAction","target":{"@type":"EntryPoint","urlTemplate":"https:\/\/vosgesinfo.fr\/saintdieinfo\/?s={search_term_string}"},"query-input":"required name=search_term_string"}],"inLanguage":"fr-FR"},{"@type":"Organization","@id":"https:\/\/vosgesinfo.fr\/saintdieinfo\/#organization","name":"Saint Die Info","url":"https:\/\/vosgesinfo.fr\/saintdieinfo\/","logo":{"@type":"ImageObject","inLanguage":"fr-FR","@id":"https:\/\/vosgesinfo.fr\/saintdieinfo\/#\/schema\/logo\/image\/","url":"https:\/\/vosgesinfo.fr\/app\/uploads\/sites\/4\/2024\/02\/logo-sdi.jpg","contentUrl":"https:\/\/vosgesinfo.fr\/app\/uploads\/sites\/4\/2024\/02\/logo-sdi.jpg","width":600,"height":600,"caption":"Saint Die Info"},"image":{"@id":"https:\/\/vosgesinfo.fr\/saintdieinfo\/#\/schema\/logo\/image\/"},"sameAs":["https:\/\/www.facebook.com\/Saintdieinfofr","https:\/\/x.com\/VosgesInfo88","https:\/\/www.youtube.com\/@vosgesinfo"]},{"@type":"Person","@id":"https:\/\/vosgesinfo.fr\/saintdieinfo\/#\/schema\/person\/fa73e9f726d67bb88f46d5b7943cb572","name":"J.J.","image":{"@type":"ImageObject","inLanguage":"fr-FR","@id":"https:\/\/vosgesinfo.fr\/saintdieinfo\/#\/schema\/person\/image\/","url":"https:\/\/secure.gravatar.com\/avatar\/219e749e47ffbcca018a360ae4add7d4cdf1cdaaf8bc7676b27efade3fe65615?s=96&d=mm&r=g","contentUrl":"https:\/\/secure.gravatar.com\/avatar\/219e749e47ffbcca018a360ae4add7d4cdf1cdaaf8bc7676b27efade3fe65615?s=96&d=mm&r=g","caption":"J.J."},"url":"https:\/\/vosgesinfo.fr\/saintdieinfo\/author\/j-j\/"}]}},"_links":{"self":[{"href":"https:\/\/vosgesinfo.fr\/saintdieinfo\/wp-json\/wp\/v2\/posts\/87075","targetHints":{"allow":["GET"]}}],"collection":[{"href":"https:\/\/vosgesinfo.fr\/saintdieinfo\/wp-json\/wp\/v2\/posts"}],"about":[{"href":"https:\/\/vosgesinfo.fr\/saintdieinfo\/wp-json\/wp\/v2\/types\/post"}],"author":[{"embeddable":true,"href":"https:\/\/vosgesinfo.fr\/saintdieinfo\/wp-json\/wp\/v2\/users\/46"}],"replies":[{"embeddable":true,"href":"https:\/\/vosgesinfo.fr\/saintdieinfo\/wp-json\/wp\/v2\/comments?post=87075"}],"version-history":[{"count":5,"href":"https:\/\/vosgesinfo.fr\/saintdieinfo\/wp-json\/wp\/v2\/posts\/87075\/revisions"}],"predecessor-version":[{"id":87098,"href":"https:\/\/vosgesinfo.fr\/saintdieinfo\/wp-json\/wp\/v2\/posts\/87075\/revisions\/87098"}],"wp:featuredmedia":[{"embeddable":true,"href":"https:\/\/vosgesinfo.fr\/saintdieinfo\/wp-json\/wp\/v2\/media\/87009"}],"wp:attachment":[{"href":"https:\/\/vosgesinfo.fr\/saintdieinfo\/wp-json\/wp\/v2\/media?parent=87075"}],"wp:term":[{"taxonomy":"category","embeddable":true,"href":"https:\/\/vosgesinfo.fr\/saintdieinfo\/wp-json\/wp\/v2\/categories?post=87075"},{"taxonomy":"post_tag","embeddable":true,"href":"https:\/\/vosgesinfo.fr\/saintdieinfo\/wp-json\/wp\/v2\/tags?post=87075"}],"curies":[{"name":"wp","href":"https:\/\/api.w.org\/{rel}","templated":true}]}}