{"id":87082,"date":"2026-01-23T15:22:13","date_gmt":"2026-01-23T14:22:13","guid":{"rendered":"https:\/\/vosgesinfo.fr\/saintdieinfo\/?p=87082"},"modified":"2026-01-26T12:03:26","modified_gmt":"2026-01-26T11:03:26","slug":"lalternance-passee-au-crible-a-liut-de-saint-die-des-vosges","status":"publish","type":"post","link":"https:\/\/vosgesinfo.fr\/saintdieinfo\/2026\/01\/lalternance-passee-au-crible-a-liut-de-saint-die-des-vosges\/","title":{"rendered":"L\u2019alternance pass\u00e9e au crible \u00e0 l\u2019IUT de Saint-Di\u00e9-des-Vosges"},"content":{"rendered":"<p data-start=\"73\" data-end=\"369\"><a href=\"https:\/\/vosgesinfo.fr\/app\/uploads\/sites\/4\/2026\/01\/rencontre-alternance-iut-sddv-2.jpg\"><img decoding=\"async\" class=\"alignnone size-large wp-image-87084\" src=\"https:\/\/vosgesinfo.fr\/app\/uploads\/sites\/4\/2026\/01\/rencontre-alternance-iut-sddv-2-1024x771.jpg\" alt=\"\" width=\"1024\" height=\"771\" srcset=\"https:\/\/vosgesinfo.fr\/app\/uploads\/sites\/4\/2026\/01\/rencontre-alternance-iut-sddv-2-1024x771.jpg 1024w, https:\/\/vosgesinfo.fr\/app\/uploads\/sites\/4\/2026\/01\/rencontre-alternance-iut-sddv-2-300x226.jpg 300w, https:\/\/vosgesinfo.fr\/app\/uploads\/sites\/4\/2026\/01\/rencontre-alternance-iut-sddv-2-768x578.jpg 768w, https:\/\/vosgesinfo.fr\/app\/uploads\/sites\/4\/2026\/01\/rencontre-alternance-iut-sddv-2.jpg 1434w\" sizes=\"(max-width: 1024px) 100vw, 1024px\" \/><\/a><\/p>\n<h2 data-start=\"73\" data-end=\"369\">Pour la <strong data-start=\"81\" data-end=\"112\">troisi\u00e8me ann\u00e9e cons\u00e9cutive<\/strong>, l&rsquo;<strong data-start=\"116\" data-end=\"147\">IUT de Saint-Di\u00e9-des-Vosges<\/strong> organisait ce jeudi apr\u00e8s-midi une <strong data-start=\"183\" data-end=\"219\">rencontre autour de l&rsquo;alternance<\/strong>. Principalement \u00e0 destination des \u00e9tudiants de <strong data-start=\"267\" data-end=\"275\">BUT1<\/strong>, pour qui cet apr\u00e8s-midi \u00e9tait obligatoire, mais aussi pour les <strong data-start=\"340\" data-end=\"348\">BUT3<\/strong> qui le souhaitaient.<\/h2>\n<p data-start=\"73\" data-end=\"369\"><!--more--><\/p>\n<h3 data-start=\"371\" data-end=\"420\"><strong>D\u00e9mystifier l&rsquo;alternance aupr\u00e8s des \u00e9tudiants<\/strong><\/h3>\n<p data-start=\"422\" data-end=\"761\">L\u2019objectif de cette demi-journ\u00e9e \u00e9tait de <strong data-start=\"464\" data-end=\"492\">d\u00e9mystifier l\u2019alternance<\/strong> en pr\u00e9sentant les <strong data-start=\"511\" data-end=\"527\">opportunit\u00e9s<\/strong> qu\u2019elle offre et en encourageant les \u00e9tudiants \u00e0 engager rapidement des <strong data-start=\"600\" data-end=\"636\">d\u00e9marches aupr\u00e8s des entreprises<\/strong>. Accessible d\u00e8s le BUT2, l\u2019alternance permet d\u2019<strong data-start=\"684\" data-end=\"721\">apprendre un m\u00e9tier en entreprise<\/strong> tout en poursuivant son cursus \u00e0 l\u2019IUT.<\/p>\n<h3 data-start=\"763\" data-end=\"803\"><strong>Une pr\u00e9sentation pour poser le cadre<\/strong><\/h3>\n<p data-start=\"805\" data-end=\"1184\">L\u2019apr\u00e8s-midi s&rsquo;est ouvert par une <strong data-start=\"839\" data-end=\"880\">pr\u00e9sentation g\u00e9n\u00e9rale de l\u2019alternance<\/strong> assur\u00e9e par <strong data-start=\"893\" data-end=\"909\">Annick Gorka<\/strong> et <strong data-start=\"913\" data-end=\"933\">Francis Borghesi<\/strong>, respectivement <strong data-start=\"950\" data-end=\"1006\">coordinatrice alternance de l\u2019Universit\u00e9 de Lorraine<\/strong> et <strong data-start=\"1010\" data-end=\"1067\">responsable p\u00e9dagogique du CFA Universit\u00e9 de Lorraine<\/strong>. Cette intervention en amphith\u00e9\u00e2tre donnait une vision globale des dispositifs et des avantages li\u00e9s \u00e0 l\u2019alternance.<\/p>\n<p data-start=\"1186\" data-end=\"1628\">Concr\u00e8tement, les \u00e9tudiants alternants signent un <strong data-start=\"1236\" data-end=\"1258\">contrat de travail<\/strong> avec un rythme de <strong data-start=\"1277\" data-end=\"1311\">trente-cinq heures par semaine<\/strong>, <strong data-start=\"1313\" data-end=\"1340\">cinq semaines de cong\u00e9s<\/strong>, un <strong data-start=\"1345\" data-end=\"1356\">salaire<\/strong> et une \u00e9ventuelle <strong data-start=\"1375\" data-end=\"1395\">aide au logement<\/strong>. Ils valident des trimestres et cotisent pour le ch\u00f4mage tout en conservant leur <strong data-start=\"1477\" data-end=\"1498\">statut d\u2019\u00e9tudiant<\/strong> et les avantages qui y sont li\u00e9s. Le dipl\u00f4me obtenu en fin de parcours est identique \u00e0 celui d\u2019un <strong data-start=\"1597\" data-end=\"1627\">cursus traditionnel en IUT<\/strong>.<\/p>\n<h3 data-start=\"1630\" data-end=\"1685\"><strong>Des ateliers pour pr\u00e9parer le passage en alternance<\/strong><\/h3>\n<p data-start=\"1687\" data-end=\"2133\">La suite du programme reposait sur une <strong data-start=\"1726\" data-end=\"1756\">s\u00e9rie d\u2019ateliers pratiques<\/strong>. Annick Gorka animait un atelier consacr\u00e9 \u00e0 la <strong data-start=\"1804\" data-end=\"1846\">recherche d\u2019un employeur en alternance<\/strong>. Francis Borghesi intervenait sur la <strong data-start=\"1884\" data-end=\"1927\">r\u00e9ussite de l\u2019int\u00e9gration en entreprise<\/strong> et la mani\u00e8re d\u2019<strong data-start=\"1944\" data-end=\"1977\">\u00e9viter une rupture de contrat<\/strong>. Le Service Orientation et Insertion Professionnelle \u2013 SOIP \u2013 avec <strong data-start=\"2045\" data-end=\"2072\">G\u00e9raldine Baviere-Marie<\/strong>, proposait un atelier sur la <strong data-start=\"2102\" data-end=\"2132\">pr\u00e9paration de l\u2019entretien<\/strong>.<\/p>\n<p data-start=\"2135\" data-end=\"2537\">Un atelier du <strong data-start=\"2149\" data-end=\"2176\">Relais Malakoff Humanis<\/strong> \u00e9tait d\u00e9di\u00e9 au <strong data-start=\"2192\" data-end=\"2198\">CV<\/strong>, \u00e0 la <strong data-start=\"2205\" data-end=\"2229\">lettre de motivation<\/strong> et \u00e0 la <strong data-start=\"2238\" data-end=\"2277\">candidature sur les r\u00e9seaux sociaux<\/strong>. Le dispositif <strong data-start=\"2293\" data-end=\"2315\">\u00ab Pr\u00eats \u00e0 bosser \u00bb<\/strong> du <strong data-start=\"2319\" data-end=\"2355\">Conseil d\u00e9partemental des Vosges<\/strong> abordait les strat\u00e9gies pour \u00eatre pr\u00eat le jour J. Enfin, un dernier temps d\u2019\u00e9changes rassemblait des \u00e9tudiants de BUT2 et BUT3 venus partager leurs <strong data-start=\"2508\" data-end=\"2536\">t\u00e9moignages d\u2019alternants<\/strong>.<\/p>\n<h3 data-start=\"2539\" data-end=\"2587\"><strong>Des subventions recentr\u00e9es sur les petites entreprises<\/strong><\/h3>\n<p data-start=\"2589\" data-end=\"2844\">\u00c0 l\u2019IUT de Saint-Di\u00e9-des-Vosges, de plus en plus d\u2019\u00e9tudiants optent pour la <strong data-start=\"2665\" data-end=\"2689\">voie de l&rsquo;alternance<\/strong>, notamment en <strong data-start=\"2704\" data-end=\"2766\">BUT G\u00e9nie \u00e9lectrique et informatique industrielle \u2013 GEII \u2013<\/strong> o\u00f9 <strong data-start=\"2770\" data-end=\"2789\">seize \u00e9tudiants<\/strong> suivent actuellement leur <strong data-start=\"2816\" data-end=\"2843\">formation en alternance<\/strong>.<\/p>\n<p data-start=\"2846\" data-end=\"3181\">Depuis le <strong data-start=\"2856\" data-end=\"2876\">1er janvier 2026<\/strong>, faute de budget 2026, seules les <strong data-start=\"2911\" data-end=\"2951\">entreprises de moins de 250 salari\u00e9s<\/strong> sont \u00e9ligibles aux <strong data-start=\"2971\" data-end=\"2986\">subventions<\/strong> pour <strong data-start=\"2992\" data-end=\"3018\">recruter des apprentis<\/strong>. Une r\u00e8gle nationale qui constitue d\u00e9sormais un \u00e9l\u00e9ment \u00e0 prendre en compte par les \u00e9tudiants comme par les <strong data-start=\"3127\" data-end=\"3180\">structures souhaitant s\u2019engager dans l\u2019alternance<\/strong>.<\/p>\n\n\t\t<style type=\"text\/css\">\n\t\t\t#gallery-1 {\n\t\t\t\tmargin: auto;\n\t\t\t}\n\t\t\t#gallery-1 .gallery-item {\n\t\t\t\tfloat: left;\n\t\t\t\tmargin-top: 10px;\n\t\t\t\ttext-align: center;\n\t\t\t\twidth: 50%;\n\t\t\t}\n\t\t\t#gallery-1 img {\n\t\t\t\tborder: 2px solid #cfcfcf;\n\t\t\t}\n\t\t\t#gallery-1 .gallery-caption {\n\t\t\t\tmargin-left: 0;\n\t\t\t}\n\t\t\t\/* see gallery_shortcode() in wp-includes\/media.php *\/\n\t\t<\/style>\n\t\t<div id='gallery-1' class='gallery galleryid-87082 gallery-columns-2 gallery-size-thumbnail'><dl class='gallery-item'>\n\t\t\t<dt class='gallery-icon landscape'>\n\t\t\t\t<a href='https:\/\/vosgesinfo.fr\/app\/uploads\/sites\/4\/2026\/01\/rencontre-alternance-iut-sddv-3.jpg'><img decoding=\"async\" width=\"150\" height=\"150\" src=\"https:\/\/vosgesinfo.fr\/app\/uploads\/sites\/4\/2026\/01\/rencontre-alternance-iut-sddv-3-150x150.jpg\" class=\"attachment-thumbnail size-thumbnail\" alt=\"\" \/><\/a>\n\t\t\t<\/dt><\/dl><dl class='gallery-item'>\n\t\t\t<dt class='gallery-icon landscape'>\n\t\t\t\t<a href='https:\/\/vosgesinfo.fr\/app\/uploads\/sites\/4\/2026\/01\/rencontre-alternance-iut-sddv-1.jpg'><img decoding=\"async\" width=\"150\" height=\"150\" src=\"https:\/\/vosgesinfo.fr\/app\/uploads\/sites\/4\/2026\/01\/rencontre-alternance-iut-sddv-1-150x150.jpg\" class=\"attachment-thumbnail size-thumbnail\" alt=\"\" \/><\/a>\n\t\t\t<\/dt><\/dl><br style=\"clear: both\" \/>\n\t\t<\/div>\n\n","protected":false},"excerpt":{"rendered":"<p>Pour la troisi\u00e8me ann\u00e9e cons\u00e9cutive, l&rsquo;IUT de Saint-Di\u00e9-des-Vosges organisait ce jeudi apr\u00e8s-midi une rencontre autour de l&rsquo;alternance. Principalement \u00e0 destination [&hellip;]<\/p>\n","protected":false},"author":46,"featured_media":87084,"comment_status":"open","ping_status":"open","sticky":false,"template":"","format":"standard","meta":{"footnotes":""},"categories":[460,6,167],"tags":[5032,19911,19908,19909,19910,529,19912,11259,19913,3205,19916,19915,2881,19914,2879],"class_list":["post-87082","post","type-post","status-publish","format-standard","has-post-thumbnail","hentry","category-a-la-une","category-education","category-saint-die-des-vosges","tag-alternance","tag-annick-gorka","tag-but2","tag-but3","tag-cfa-universite-de-lorraine","tag-conseil-departemental-des-vosges","tag-francis-borghesi","tag-geii","tag-geraldine-baviere-marie","tag-iut-de-saint-die-des-vosges","tag-prets-a-bosser","tag-relais-malakoff-humanis","tag-saint-die-des-vosges","tag-soip","tag-universite-de-lorraine"],"acf":[],"yoast_head":"<!-- This site is optimized with the Yoast SEO plugin v22.5 - https:\/\/yoast.com\/wordpress\/plugins\/seo\/ -->\n<title>L\u2019alternance pass\u00e9e au crible \u00e0 l\u2019IUT de Saint-Di\u00e9-des-Vosges - Saint Die Info<\/title>\n<meta name=\"robots\" content=\"index, follow, max-snippet:-1, max-image-preview:large, max-video-preview:-1\" \/>\n<link rel=\"canonical\" href=\"https:\/\/vosgesinfo.fr\/saintdieinfo\/2026\/01\/lalternance-passee-au-crible-a-liut-de-saint-die-des-vosges\/\" \/>\n<meta name=\"twitter:card\" content=\"summary_large_image\" \/>\n<meta name=\"twitter:title\" content=\"L\u2019alternance pass\u00e9e au crible \u00e0 l\u2019IUT de Saint-Di\u00e9-des-Vosges - Saint Die Info\" \/>\n<meta name=\"twitter:description\" content=\"Pour la troisi\u00e8me ann\u00e9e cons\u00e9cutive, l&rsquo;IUT de Saint-Di\u00e9-des-Vosges organisait ce jeudi apr\u00e8s-midi une rencontre autour de l&rsquo;alternance. Principalement \u00e0 destination [&hellip;]\" \/>\n<meta name=\"twitter:image\" content=\"https:\/\/vosgesinfo.fr\/app\/uploads\/sites\/4\/2026\/01\/rencontre-alternance-iut-sddv-2.jpg\" \/>\n<meta name=\"twitter:creator\" content=\"@VosgesInfo88\" \/>\n<meta name=\"twitter:site\" content=\"@VosgesInfo88\" \/>\n<meta name=\"twitter:label1\" content=\"\u00c9crit par\" \/>\n\t<meta name=\"twitter:data1\" content=\"J.J.\" \/>\n\t<meta name=\"twitter:label2\" content=\"Dur\u00e9e de lecture estim\u00e9e\" \/>\n\t<meta name=\"twitter:data2\" content=\"3 minutes\" \/>\n<script type=\"application\/ld+json\" class=\"yoast-schema-graph\">{\"@context\":\"https:\/\/schema.org\",\"@graph\":[{\"@type\":\"Article\",\"@id\":\"https:\/\/vosgesinfo.fr\/saintdieinfo\/2026\/01\/lalternance-passee-au-crible-a-liut-de-saint-die-des-vosges\/#article\",\"isPartOf\":{\"@id\":\"https:\/\/vosgesinfo.fr\/saintdieinfo\/2026\/01\/lalternance-passee-au-crible-a-liut-de-saint-die-des-vosges\/\"},\"author\":{\"name\":\"J.J.\",\"@id\":\"https:\/\/vosgesinfo.fr\/saintdieinfo\/#\/schema\/person\/fa73e9f726d67bb88f46d5b7943cb572\"},\"headline\":\"L\u2019alternance pass\u00e9e au crible \u00e0 l\u2019IUT de Saint-Di\u00e9-des-Vosges\",\"datePublished\":\"2026-01-23T14:22:13+00:00\",\"dateModified\":\"2026-01-26T11:03:26+00:00\",\"mainEntityOfPage\":{\"@id\":\"https:\/\/vosgesinfo.fr\/saintdieinfo\/2026\/01\/lalternance-passee-au-crible-a-liut-de-saint-die-des-vosges\/\"},\"wordCount\":503,\"commentCount\":0,\"publisher\":{\"@id\":\"https:\/\/vosgesinfo.fr\/saintdieinfo\/#organization\"},\"image\":{\"@id\":\"https:\/\/vosgesinfo.fr\/saintdieinfo\/2026\/01\/lalternance-passee-au-crible-a-liut-de-saint-die-des-vosges\/#primaryimage\"},\"thumbnailUrl\":\"https:\/\/vosgesinfo.fr\/app\/uploads\/sites\/4\/2026\/01\/rencontre-alternance-iut-sddv-2.jpg\",\"keywords\":[\"Alternance\",\"Annick Gorka\",\"BUT2\",\"BUT3\",\"CFA Universit\u00e9 de Lorraine\",\"Conseil d\u00e9partemental des Vosges\",\"Francis Borghesi\",\"GEII\",\"G\u00e9raldine Baviere-Marie\",\"IUT de Saint-Di\u00e9-des-Vosges\",\"Pr\u00eats \u00e0 bosser\",\"Relais Malakoff Humanis\",\"Saint-Di\u00e9-des-Vosges\",\"SOIP\",\"Universit\u00e9 de Lorraine\"],\"articleSection\":[\"A la Une\",\"\u00c9ducation\",\"Saint-Di\u00e9-des-Vosges\"],\"inLanguage\":\"fr-FR\",\"potentialAction\":[{\"@type\":\"CommentAction\",\"name\":\"Comment\",\"target\":[\"https:\/\/vosgesinfo.fr\/saintdieinfo\/2026\/01\/lalternance-passee-au-crible-a-liut-de-saint-die-des-vosges\/#respond\"]}]},{\"@type\":\"WebPage\",\"@id\":\"https:\/\/vosgesinfo.fr\/saintdieinfo\/2026\/01\/lalternance-passee-au-crible-a-liut-de-saint-die-des-vosges\/\",\"url\":\"https:\/\/vosgesinfo.fr\/saintdieinfo\/2026\/01\/lalternance-passee-au-crible-a-liut-de-saint-die-des-vosges\/\",\"name\":\"L\u2019alternance pass\u00e9e au crible \u00e0 l\u2019IUT de Saint-Di\u00e9-des-Vosges - Saint Die Info\",\"isPartOf\":{\"@id\":\"https:\/\/vosgesinfo.fr\/saintdieinfo\/#website\"},\"primaryImageOfPage\":{\"@id\":\"https:\/\/vosgesinfo.fr\/saintdieinfo\/2026\/01\/lalternance-passee-au-crible-a-liut-de-saint-die-des-vosges\/#primaryimage\"},\"image\":{\"@id\":\"https:\/\/vosgesinfo.fr\/saintdieinfo\/2026\/01\/lalternance-passee-au-crible-a-liut-de-saint-die-des-vosges\/#primaryimage\"},\"thumbnailUrl\":\"https:\/\/vosgesinfo.fr\/app\/uploads\/sites\/4\/2026\/01\/rencontre-alternance-iut-sddv-2.jpg\",\"datePublished\":\"2026-01-23T14:22:13+00:00\",\"dateModified\":\"2026-01-26T11:03:26+00:00\",\"breadcrumb\":{\"@id\":\"https:\/\/vosgesinfo.fr\/saintdieinfo\/2026\/01\/lalternance-passee-au-crible-a-liut-de-saint-die-des-vosges\/#breadcrumb\"},\"inLanguage\":\"fr-FR\",\"potentialAction\":[{\"@type\":\"ReadAction\",\"target\":[\"https:\/\/vosgesinfo.fr\/saintdieinfo\/2026\/01\/lalternance-passee-au-crible-a-liut-de-saint-die-des-vosges\/\"]}]},{\"@type\":\"ImageObject\",\"inLanguage\":\"fr-FR\",\"@id\":\"https:\/\/vosgesinfo.fr\/saintdieinfo\/2026\/01\/lalternance-passee-au-crible-a-liut-de-saint-die-des-vosges\/#primaryimage\",\"url\":\"https:\/\/vosgesinfo.fr\/app\/uploads\/sites\/4\/2026\/01\/rencontre-alternance-iut-sddv-2.jpg\",\"contentUrl\":\"https:\/\/vosgesinfo.fr\/app\/uploads\/sites\/4\/2026\/01\/rencontre-alternance-iut-sddv-2.jpg\",\"width\":1434,\"height\":1080},{\"@type\":\"BreadcrumbList\",\"@id\":\"https:\/\/vosgesinfo.fr\/saintdieinfo\/2026\/01\/lalternance-passee-au-crible-a-liut-de-saint-die-des-vosges\/#breadcrumb\",\"itemListElement\":[{\"@type\":\"ListItem\",\"position\":1,\"name\":\"Home\",\"item\":\"https:\/\/vosgesinfo.fr\/saintdieinfo\/\"},{\"@type\":\"ListItem\",\"position\":2,\"name\":\"L\u2019alternance pass\u00e9e au crible \u00e0 l\u2019IUT de Saint-Di\u00e9-des-Vosges\"}]},{\"@type\":\"WebSite\",\"@id\":\"https:\/\/vosgesinfo.fr\/saintdieinfo\/#website\",\"url\":\"https:\/\/vosgesinfo.fr\/saintdieinfo\/\",\"name\":\"Saint Die Info\",\"description\":\"Toute l&#039;actualit\u00e9 de Saint-Di\u00e9-Des-Vosges\",\"publisher\":{\"@id\":\"https:\/\/vosgesinfo.fr\/saintdieinfo\/#organization\"},\"alternateName\":\"Toute l'actualit\u00e9 de Saint-Di\u00e9-Des-Vosges\",\"potentialAction\":[{\"@type\":\"SearchAction\",\"target\":{\"@type\":\"EntryPoint\",\"urlTemplate\":\"https:\/\/vosgesinfo.fr\/saintdieinfo\/?s={search_term_string}\"},\"query-input\":\"required name=search_term_string\"}],\"inLanguage\":\"fr-FR\"},{\"@type\":\"Organization\",\"@id\":\"https:\/\/vosgesinfo.fr\/saintdieinfo\/#organization\",\"name\":\"Saint Die Info\",\"url\":\"https:\/\/vosgesinfo.fr\/saintdieinfo\/\",\"logo\":{\"@type\":\"ImageObject\",\"inLanguage\":\"fr-FR\",\"@id\":\"https:\/\/vosgesinfo.fr\/saintdieinfo\/#\/schema\/logo\/image\/\",\"url\":\"https:\/\/vosgesinfo.fr\/app\/uploads\/sites\/4\/2024\/02\/logo-sdi.jpg\",\"contentUrl\":\"https:\/\/vosgesinfo.fr\/app\/uploads\/sites\/4\/2024\/02\/logo-sdi.jpg\",\"width\":600,\"height\":600,\"caption\":\"Saint Die Info\"},\"image\":{\"@id\":\"https:\/\/vosgesinfo.fr\/saintdieinfo\/#\/schema\/logo\/image\/\"},\"sameAs\":[\"https:\/\/www.facebook.com\/Saintdieinfofr\",\"https:\/\/x.com\/VosgesInfo88\",\"https:\/\/www.youtube.com\/@vosgesinfo\"]},{\"@type\":\"Person\",\"@id\":\"https:\/\/vosgesinfo.fr\/saintdieinfo\/#\/schema\/person\/fa73e9f726d67bb88f46d5b7943cb572\",\"name\":\"J.J.\",\"image\":{\"@type\":\"ImageObject\",\"inLanguage\":\"fr-FR\",\"@id\":\"https:\/\/vosgesinfo.fr\/saintdieinfo\/#\/schema\/person\/image\/\",\"url\":\"https:\/\/secure.gravatar.com\/avatar\/219e749e47ffbcca018a360ae4add7d4cdf1cdaaf8bc7676b27efade3fe65615?s=96&d=mm&r=g\",\"contentUrl\":\"https:\/\/secure.gravatar.com\/avatar\/219e749e47ffbcca018a360ae4add7d4cdf1cdaaf8bc7676b27efade3fe65615?s=96&d=mm&r=g\",\"caption\":\"J.J.\"},\"url\":\"https:\/\/vosgesinfo.fr\/saintdieinfo\/author\/j-j\/\"}]}<\/script>\n<!-- \/ Yoast SEO plugin. -->","yoast_head_json":{"title":"L\u2019alternance pass\u00e9e au crible \u00e0 l\u2019IUT de Saint-Di\u00e9-des-Vosges - Saint Die Info","robots":{"index":"index","follow":"follow","max-snippet":"max-snippet:-1","max-image-preview":"max-image-preview:large","max-video-preview":"max-video-preview:-1"},"canonical":"https:\/\/vosgesinfo.fr\/saintdieinfo\/2026\/01\/lalternance-passee-au-crible-a-liut-de-saint-die-des-vosges\/","twitter_card":"summary_large_image","twitter_title":"L\u2019alternance pass\u00e9e au crible \u00e0 l\u2019IUT de Saint-Di\u00e9-des-Vosges - Saint Die Info","twitter_description":"Pour la troisi\u00e8me ann\u00e9e cons\u00e9cutive, l&rsquo;IUT de Saint-Di\u00e9-des-Vosges organisait ce jeudi apr\u00e8s-midi une rencontre autour de l&rsquo;alternance. Principalement \u00e0 destination [&hellip;]","twitter_image":"https:\/\/vosgesinfo.fr\/app\/uploads\/sites\/4\/2026\/01\/rencontre-alternance-iut-sddv-2.jpg","twitter_creator":"@VosgesInfo88","twitter_site":"@VosgesInfo88","twitter_misc":{"\u00c9crit par":"J.J.","Dur\u00e9e de lecture estim\u00e9e":"3 minutes"},"schema":{"@context":"https:\/\/schema.org","@graph":[{"@type":"Article","@id":"https:\/\/vosgesinfo.fr\/saintdieinfo\/2026\/01\/lalternance-passee-au-crible-a-liut-de-saint-die-des-vosges\/#article","isPartOf":{"@id":"https:\/\/vosgesinfo.fr\/saintdieinfo\/2026\/01\/lalternance-passee-au-crible-a-liut-de-saint-die-des-vosges\/"},"author":{"name":"J.J.","@id":"https:\/\/vosgesinfo.fr\/saintdieinfo\/#\/schema\/person\/fa73e9f726d67bb88f46d5b7943cb572"},"headline":"L\u2019alternance pass\u00e9e au crible \u00e0 l\u2019IUT de Saint-Di\u00e9-des-Vosges","datePublished":"2026-01-23T14:22:13+00:00","dateModified":"2026-01-26T11:03:26+00:00","mainEntityOfPage":{"@id":"https:\/\/vosgesinfo.fr\/saintdieinfo\/2026\/01\/lalternance-passee-au-crible-a-liut-de-saint-die-des-vosges\/"},"wordCount":503,"commentCount":0,"publisher":{"@id":"https:\/\/vosgesinfo.fr\/saintdieinfo\/#organization"},"image":{"@id":"https:\/\/vosgesinfo.fr\/saintdieinfo\/2026\/01\/lalternance-passee-au-crible-a-liut-de-saint-die-des-vosges\/#primaryimage"},"thumbnailUrl":"https:\/\/vosgesinfo.fr\/app\/uploads\/sites\/4\/2026\/01\/rencontre-alternance-iut-sddv-2.jpg","keywords":["Alternance","Annick Gorka","BUT2","BUT3","CFA Universit\u00e9 de Lorraine","Conseil d\u00e9partemental des Vosges","Francis Borghesi","GEII","G\u00e9raldine Baviere-Marie","IUT de Saint-Di\u00e9-des-Vosges","Pr\u00eats \u00e0 bosser","Relais Malakoff Humanis","Saint-Di\u00e9-des-Vosges","SOIP","Universit\u00e9 de Lorraine"],"articleSection":["A la Une","\u00c9ducation","Saint-Di\u00e9-des-Vosges"],"inLanguage":"fr-FR","potentialAction":[{"@type":"CommentAction","name":"Comment","target":["https:\/\/vosgesinfo.fr\/saintdieinfo\/2026\/01\/lalternance-passee-au-crible-a-liut-de-saint-die-des-vosges\/#respond"]}]},{"@type":"WebPage","@id":"https:\/\/vosgesinfo.fr\/saintdieinfo\/2026\/01\/lalternance-passee-au-crible-a-liut-de-saint-die-des-vosges\/","url":"https:\/\/vosgesinfo.fr\/saintdieinfo\/2026\/01\/lalternance-passee-au-crible-a-liut-de-saint-die-des-vosges\/","name":"L\u2019alternance pass\u00e9e au crible \u00e0 l\u2019IUT de Saint-Di\u00e9-des-Vosges - Saint Die Info","isPartOf":{"@id":"https:\/\/vosgesinfo.fr\/saintdieinfo\/#website"},"primaryImageOfPage":{"@id":"https:\/\/vosgesinfo.fr\/saintdieinfo\/2026\/01\/lalternance-passee-au-crible-a-liut-de-saint-die-des-vosges\/#primaryimage"},"image":{"@id":"https:\/\/vosgesinfo.fr\/saintdieinfo\/2026\/01\/lalternance-passee-au-crible-a-liut-de-saint-die-des-vosges\/#primaryimage"},"thumbnailUrl":"https:\/\/vosgesinfo.fr\/app\/uploads\/sites\/4\/2026\/01\/rencontre-alternance-iut-sddv-2.jpg","datePublished":"2026-01-23T14:22:13+00:00","dateModified":"2026-01-26T11:03:26+00:00","breadcrumb":{"@id":"https:\/\/vosgesinfo.fr\/saintdieinfo\/2026\/01\/lalternance-passee-au-crible-a-liut-de-saint-die-des-vosges\/#breadcrumb"},"inLanguage":"fr-FR","potentialAction":[{"@type":"ReadAction","target":["https:\/\/vosgesinfo.fr\/saintdieinfo\/2026\/01\/lalternance-passee-au-crible-a-liut-de-saint-die-des-vosges\/"]}]},{"@type":"ImageObject","inLanguage":"fr-FR","@id":"https:\/\/vosgesinfo.fr\/saintdieinfo\/2026\/01\/lalternance-passee-au-crible-a-liut-de-saint-die-des-vosges\/#primaryimage","url":"https:\/\/vosgesinfo.fr\/app\/uploads\/sites\/4\/2026\/01\/rencontre-alternance-iut-sddv-2.jpg","contentUrl":"https:\/\/vosgesinfo.fr\/app\/uploads\/sites\/4\/2026\/01\/rencontre-alternance-iut-sddv-2.jpg","width":1434,"height":1080},{"@type":"BreadcrumbList","@id":"https:\/\/vosgesinfo.fr\/saintdieinfo\/2026\/01\/lalternance-passee-au-crible-a-liut-de-saint-die-des-vosges\/#breadcrumb","itemListElement":[{"@type":"ListItem","position":1,"name":"Home","item":"https:\/\/vosgesinfo.fr\/saintdieinfo\/"},{"@type":"ListItem","position":2,"name":"L\u2019alternance pass\u00e9e au crible \u00e0 l\u2019IUT de Saint-Di\u00e9-des-Vosges"}]},{"@type":"WebSite","@id":"https:\/\/vosgesinfo.fr\/saintdieinfo\/#website","url":"https:\/\/vosgesinfo.fr\/saintdieinfo\/","name":"Saint Die Info","description":"Toute l&#039;actualit\u00e9 de Saint-Di\u00e9-Des-Vosges","publisher":{"@id":"https:\/\/vosgesinfo.fr\/saintdieinfo\/#organization"},"alternateName":"Toute l'actualit\u00e9 de Saint-Di\u00e9-Des-Vosges","potentialAction":[{"@type":"SearchAction","target":{"@type":"EntryPoint","urlTemplate":"https:\/\/vosgesinfo.fr\/saintdieinfo\/?s={search_term_string}"},"query-input":"required name=search_term_string"}],"inLanguage":"fr-FR"},{"@type":"Organization","@id":"https:\/\/vosgesinfo.fr\/saintdieinfo\/#organization","name":"Saint Die Info","url":"https:\/\/vosgesinfo.fr\/saintdieinfo\/","logo":{"@type":"ImageObject","inLanguage":"fr-FR","@id":"https:\/\/vosgesinfo.fr\/saintdieinfo\/#\/schema\/logo\/image\/","url":"https:\/\/vosgesinfo.fr\/app\/uploads\/sites\/4\/2024\/02\/logo-sdi.jpg","contentUrl":"https:\/\/vosgesinfo.fr\/app\/uploads\/sites\/4\/2024\/02\/logo-sdi.jpg","width":600,"height":600,"caption":"Saint Die Info"},"image":{"@id":"https:\/\/vosgesinfo.fr\/saintdieinfo\/#\/schema\/logo\/image\/"},"sameAs":["https:\/\/www.facebook.com\/Saintdieinfofr","https:\/\/x.com\/VosgesInfo88","https:\/\/www.youtube.com\/@vosgesinfo"]},{"@type":"Person","@id":"https:\/\/vosgesinfo.fr\/saintdieinfo\/#\/schema\/person\/fa73e9f726d67bb88f46d5b7943cb572","name":"J.J.","image":{"@type":"ImageObject","inLanguage":"fr-FR","@id":"https:\/\/vosgesinfo.fr\/saintdieinfo\/#\/schema\/person\/image\/","url":"https:\/\/secure.gravatar.com\/avatar\/219e749e47ffbcca018a360ae4add7d4cdf1cdaaf8bc7676b27efade3fe65615?s=96&d=mm&r=g","contentUrl":"https:\/\/secure.gravatar.com\/avatar\/219e749e47ffbcca018a360ae4add7d4cdf1cdaaf8bc7676b27efade3fe65615?s=96&d=mm&r=g","caption":"J.J."},"url":"https:\/\/vosgesinfo.fr\/saintdieinfo\/author\/j-j\/"}]}},"_links":{"self":[{"href":"https:\/\/vosgesinfo.fr\/saintdieinfo\/wp-json\/wp\/v2\/posts\/87082","targetHints":{"allow":["GET"]}}],"collection":[{"href":"https:\/\/vosgesinfo.fr\/saintdieinfo\/wp-json\/wp\/v2\/posts"}],"about":[{"href":"https:\/\/vosgesinfo.fr\/saintdieinfo\/wp-json\/wp\/v2\/types\/post"}],"author":[{"embeddable":true,"href":"https:\/\/vosgesinfo.fr\/saintdieinfo\/wp-json\/wp\/v2\/users\/46"}],"replies":[{"embeddable":true,"href":"https:\/\/vosgesinfo.fr\/saintdieinfo\/wp-json\/wp\/v2\/comments?post=87082"}],"version-history":[{"count":3,"href":"https:\/\/vosgesinfo.fr\/saintdieinfo\/wp-json\/wp\/v2\/posts\/87082\/revisions"}],"predecessor-version":[{"id":87184,"href":"https:\/\/vosgesinfo.fr\/saintdieinfo\/wp-json\/wp\/v2\/posts\/87082\/revisions\/87184"}],"wp:featuredmedia":[{"embeddable":true,"href":"https:\/\/vosgesinfo.fr\/saintdieinfo\/wp-json\/wp\/v2\/media\/87084"}],"wp:attachment":[{"href":"https:\/\/vosgesinfo.fr\/saintdieinfo\/wp-json\/wp\/v2\/media?parent=87082"}],"wp:term":[{"taxonomy":"category","embeddable":true,"href":"https:\/\/vosgesinfo.fr\/saintdieinfo\/wp-json\/wp\/v2\/categories?post=87082"},{"taxonomy":"post_tag","embeddable":true,"href":"https:\/\/vosgesinfo.fr\/saintdieinfo\/wp-json\/wp\/v2\/tags?post=87082"}],"curies":[{"name":"wp","href":"https:\/\/api.w.org\/{rel}","templated":true}]}}