{"id":87092,"date":"2026-01-23T15:22:10","date_gmt":"2026-01-23T14:22:10","guid":{"rendered":"https:\/\/vosgesinfo.fr\/saintdieinfo\/?p=87092"},"modified":"2026-01-23T15:15:40","modified_gmt":"2026-01-23T14:15:40","slug":"raon-letape-les-recherches-sintensifient-pour-retrouver-catherine-louis","status":"publish","type":"post","link":"https:\/\/vosgesinfo.fr\/saintdieinfo\/2026\/01\/raon-letape-les-recherches-sintensifient-pour-retrouver-catherine-louis\/","title":{"rendered":"Raon-l&rsquo;Etape \u2013 Les recherches s&rsquo;intensifient pour retrouver Catherine Louis"},"content":{"rendered":"<p data-start=\"83\" data-end=\"391\"><a href=\"https:\/\/vosgesinfo.fr\/app\/uploads\/sites\/4\/2026\/01\/avis-recherche-catherine-louis.jpg\"><img decoding=\"async\" class=\"alignnone size-full wp-image-87093\" src=\"https:\/\/vosgesinfo.fr\/app\/uploads\/sites\/4\/2026\/01\/avis-recherche-catherine-louis.jpg\" alt=\"\" width=\"730\" height=\"720\" srcset=\"https:\/\/vosgesinfo.fr\/app\/uploads\/sites\/4\/2026\/01\/avis-recherche-catherine-louis.jpg 730w, https:\/\/vosgesinfo.fr\/app\/uploads\/sites\/4\/2026\/01\/avis-recherche-catherine-louis-300x296.jpg 300w\" sizes=\"(max-width: 730px) 100vw, 730px\" \/><\/a><\/p>\n<h2 data-start=\"83\" data-end=\"391\">Depuis la disparition de <strong data-start=\"108\" data-end=\"127\">Catherine Louis<\/strong>, survenue le <strong data-start=\"141\" data-end=\"162\">samedi 17 janvier<\/strong> dernier, les recherches se poursuivent et s&rsquo;intensifient \u00e0 Raon-l\u2019\u00c9tape. Apr\u00e8s les premi\u00e8res op\u00e9rations men\u00e9es par ses proches, l\u2019<strong data-start=\"275\" data-end=\"335\">Unit\u00e9 Mobile d\u2019Intervention et de Secours 67 \u2013 UMIS 67 \u2013<\/strong> intervient d\u00e9sormais sur le territoire de la commune.<\/h2>\n<p data-start=\"83\" data-end=\"391\"><!--more--><\/p>\n<h3 data-start=\"393\" data-end=\"438\"><strong>Des battues encadr\u00e9es par les autorit\u00e9s<\/strong><\/h3>\n<p data-start=\"440\" data-end=\"814\">Cette intervention a lieu avec l\u2019autorisation de la <strong data-start=\"492\" data-end=\"507\">gendarmerie<\/strong> et du maire de Raon-l\u2019\u00c9tape, <strong data-start=\"537\" data-end=\"555\">Beno\u00eet Pierrat<\/strong>. Des battues sont organis\u00e9es, appuy\u00e9es par des <strong data-start=\"603\" data-end=\"625\">\u00e9quipes cynophiles<\/strong>. Elles peuvent n\u00e9cessiter le passage sur des <strong data-start=\"671\" data-end=\"693\">propri\u00e9t\u00e9s priv\u00e9es<\/strong>. Les riverains sont invit\u00e9s \u00e0 faciliter le travail des \u00e9quipes et \u00e0 ne pas entraver le bon d\u00e9roulement des recherches.<\/p>\n<h3 data-start=\"816\" data-end=\"852\"><strong>Signalement de Catherine Louis<\/strong><\/h3>\n<p data-start=\"854\" data-end=\"1180\">Catherine Louis est \u00e2g\u00e9e de <strong data-start=\"882\" data-end=\"892\">65 ans<\/strong>. Elle mesure environ <strong data-start=\"914\" data-end=\"924\">1,57 m<\/strong> et est de <strong data-start=\"935\" data-end=\"960\">corpulence tr\u00e8s mince<\/strong>. Elle a les <strong data-start=\"973\" data-end=\"1023\">cheveux mi-longs tr\u00e8s clairs et les yeux bleus<\/strong>. Selon sa famille, elle serait partie \u00e0 pied, <strong data-start=\"1070\" data-end=\"1137\">v\u00eatue d\u2019un blouson gris, de bottines noires et d\u2019un bonnet bleu<\/strong>, et porterait un sac \u00e0 dos de randonn\u00e9e.<\/p>\n<h3 data-start=\"1182\" data-end=\"1203\"><strong>Appel \u00e0 t\u00e9moins<\/strong><\/h3>\n<p data-start=\"1205\" data-end=\"1426\"><strong data-start=\"1205\" data-end=\"1284\">Toute personne disposant d\u2019informations susceptibles d\u2019aider les recherches<\/strong> est invit\u00e9e \u00e0 contacter la Gendarmerie de Raon-l\u2019\u00c9tape ou l\u2019un des num\u00e9ros suivants : <strong data-start=\"1371\" data-end=\"1423\">06-25-76-46-45 \/ 06-76-54-29-62 \/ 06-29-95-30-47<\/strong>.<\/p>\n","protected":false},"excerpt":{"rendered":"<p>Depuis la disparition de Catherine Louis, survenue le samedi 17 janvier dernier, les recherches se poursuivent et s&rsquo;intensifient \u00e0 Raon-l\u2019\u00c9tape. [&hellip;]<\/p>\n","protected":false},"author":46,"featured_media":87093,"comment_status":"open","ping_status":"open","sticky":false,"template":"","format":"standard","meta":{"footnotes":""},"categories":[460,3903,18],"tags":[19919,146,543,901,2654,19918,43],"class_list":["post-87092","post","type-post","status-publish","format-standard","has-post-thumbnail","hentry","category-a-la-une","category-deodatie","category-vosges","tag-catherine-louis","tag-disparition","tag-disparition-inquietante","tag-gendarmerie","tag-raon-letape","tag-umis-67","tag-vosges"],"acf":[],"yoast_head":"<!-- This site is optimized with the Yoast SEO plugin v22.5 - https:\/\/yoast.com\/wordpress\/plugins\/seo\/ -->\n<title>Raon-l&#039;Etape \u2013 Les recherches s&#039;intensifient pour retrouver Catherine Louis - Saint Die Info<\/title>\n<meta name=\"robots\" content=\"index, follow, max-snippet:-1, max-image-preview:large, max-video-preview:-1\" \/>\n<link rel=\"canonical\" href=\"https:\/\/vosgesinfo.fr\/saintdieinfo\/2026\/01\/raon-letape-les-recherches-sintensifient-pour-retrouver-catherine-louis\/\" \/>\n<meta name=\"twitter:card\" content=\"summary_large_image\" \/>\n<meta name=\"twitter:title\" content=\"Raon-l&#039;Etape \u2013 Les recherches s&#039;intensifient pour retrouver Catherine Louis - Saint Die Info\" \/>\n<meta name=\"twitter:description\" content=\"Depuis la disparition de Catherine Louis, survenue le samedi 17 janvier dernier, les recherches se poursuivent et s&rsquo;intensifient \u00e0 Raon-l\u2019\u00c9tape. [&hellip;]\" \/>\n<meta name=\"twitter:image\" content=\"https:\/\/vosgesinfo.fr\/app\/uploads\/sites\/4\/2026\/01\/avis-recherche-catherine-louis.jpg\" \/>\n<meta name=\"twitter:creator\" content=\"@VosgesInfo88\" \/>\n<meta name=\"twitter:site\" content=\"@VosgesInfo88\" \/>\n<meta name=\"twitter:label1\" content=\"\u00c9crit par\" \/>\n\t<meta name=\"twitter:data1\" content=\"J.J.\" \/>\n\t<meta name=\"twitter:label2\" content=\"Dur\u00e9e de lecture estim\u00e9e\" \/>\n\t<meta name=\"twitter:data2\" content=\"1 minute\" \/>\n<script type=\"application\/ld+json\" class=\"yoast-schema-graph\">{\"@context\":\"https:\/\/schema.org\",\"@graph\":[{\"@type\":\"Article\",\"@id\":\"https:\/\/vosgesinfo.fr\/saintdieinfo\/2026\/01\/raon-letape-les-recherches-sintensifient-pour-retrouver-catherine-louis\/#article\",\"isPartOf\":{\"@id\":\"https:\/\/vosgesinfo.fr\/saintdieinfo\/2026\/01\/raon-letape-les-recherches-sintensifient-pour-retrouver-catherine-louis\/\"},\"author\":{\"name\":\"J.J.\",\"@id\":\"https:\/\/vosgesinfo.fr\/saintdieinfo\/#\/schema\/person\/fa73e9f726d67bb88f46d5b7943cb572\"},\"headline\":\"Raon-l&rsquo;Etape \u2013 Les recherches s&rsquo;intensifient pour retrouver Catherine Louis\",\"datePublished\":\"2026-01-23T14:22:10+00:00\",\"dateModified\":\"2026-01-23T14:15:40+00:00\",\"mainEntityOfPage\":{\"@id\":\"https:\/\/vosgesinfo.fr\/saintdieinfo\/2026\/01\/raon-letape-les-recherches-sintensifient-pour-retrouver-catherine-louis\/\"},\"wordCount\":235,\"commentCount\":0,\"publisher\":{\"@id\":\"https:\/\/vosgesinfo.fr\/saintdieinfo\/#organization\"},\"image\":{\"@id\":\"https:\/\/vosgesinfo.fr\/saintdieinfo\/2026\/01\/raon-letape-les-recherches-sintensifient-pour-retrouver-catherine-louis\/#primaryimage\"},\"thumbnailUrl\":\"https:\/\/vosgesinfo.fr\/app\/uploads\/sites\/4\/2026\/01\/avis-recherche-catherine-louis.jpg\",\"keywords\":[\"Catherine Louis\",\"disparition\",\"Disparition inqui\u00e9tante\",\"gendarmerie\",\"Raon-l\u2019Etape\",\"UMIS 67\",\"vosges\"],\"articleSection\":[\"A la Une\",\"D\u00e9odatie\",\"Vosges\"],\"inLanguage\":\"fr-FR\",\"potentialAction\":[{\"@type\":\"CommentAction\",\"name\":\"Comment\",\"target\":[\"https:\/\/vosgesinfo.fr\/saintdieinfo\/2026\/01\/raon-letape-les-recherches-sintensifient-pour-retrouver-catherine-louis\/#respond\"]}]},{\"@type\":\"WebPage\",\"@id\":\"https:\/\/vosgesinfo.fr\/saintdieinfo\/2026\/01\/raon-letape-les-recherches-sintensifient-pour-retrouver-catherine-louis\/\",\"url\":\"https:\/\/vosgesinfo.fr\/saintdieinfo\/2026\/01\/raon-letape-les-recherches-sintensifient-pour-retrouver-catherine-louis\/\",\"name\":\"Raon-l'Etape \u2013 Les recherches s'intensifient pour retrouver Catherine Louis - Saint Die Info\",\"isPartOf\":{\"@id\":\"https:\/\/vosgesinfo.fr\/saintdieinfo\/#website\"},\"primaryImageOfPage\":{\"@id\":\"https:\/\/vosgesinfo.fr\/saintdieinfo\/2026\/01\/raon-letape-les-recherches-sintensifient-pour-retrouver-catherine-louis\/#primaryimage\"},\"image\":{\"@id\":\"https:\/\/vosgesinfo.fr\/saintdieinfo\/2026\/01\/raon-letape-les-recherches-sintensifient-pour-retrouver-catherine-louis\/#primaryimage\"},\"thumbnailUrl\":\"https:\/\/vosgesinfo.fr\/app\/uploads\/sites\/4\/2026\/01\/avis-recherche-catherine-louis.jpg\",\"datePublished\":\"2026-01-23T14:22:10+00:00\",\"dateModified\":\"2026-01-23T14:15:40+00:00\",\"breadcrumb\":{\"@id\":\"https:\/\/vosgesinfo.fr\/saintdieinfo\/2026\/01\/raon-letape-les-recherches-sintensifient-pour-retrouver-catherine-louis\/#breadcrumb\"},\"inLanguage\":\"fr-FR\",\"potentialAction\":[{\"@type\":\"ReadAction\",\"target\":[\"https:\/\/vosgesinfo.fr\/saintdieinfo\/2026\/01\/raon-letape-les-recherches-sintensifient-pour-retrouver-catherine-louis\/\"]}]},{\"@type\":\"ImageObject\",\"inLanguage\":\"fr-FR\",\"@id\":\"https:\/\/vosgesinfo.fr\/saintdieinfo\/2026\/01\/raon-letape-les-recherches-sintensifient-pour-retrouver-catherine-louis\/#primaryimage\",\"url\":\"https:\/\/vosgesinfo.fr\/app\/uploads\/sites\/4\/2026\/01\/avis-recherche-catherine-louis.jpg\",\"contentUrl\":\"https:\/\/vosgesinfo.fr\/app\/uploads\/sites\/4\/2026\/01\/avis-recherche-catherine-louis.jpg\",\"width\":730,\"height\":720},{\"@type\":\"BreadcrumbList\",\"@id\":\"https:\/\/vosgesinfo.fr\/saintdieinfo\/2026\/01\/raon-letape-les-recherches-sintensifient-pour-retrouver-catherine-louis\/#breadcrumb\",\"itemListElement\":[{\"@type\":\"ListItem\",\"position\":1,\"name\":\"Home\",\"item\":\"https:\/\/vosgesinfo.fr\/saintdieinfo\/\"},{\"@type\":\"ListItem\",\"position\":2,\"name\":\"Raon-l&rsquo;Etape \u2013 Les recherches s&rsquo;intensifient pour retrouver Catherine Louis\"}]},{\"@type\":\"WebSite\",\"@id\":\"https:\/\/vosgesinfo.fr\/saintdieinfo\/#website\",\"url\":\"https:\/\/vosgesinfo.fr\/saintdieinfo\/\",\"name\":\"Saint Die Info\",\"description\":\"Toute l&#039;actualit\u00e9 de Saint-Di\u00e9-Des-Vosges\",\"publisher\":{\"@id\":\"https:\/\/vosgesinfo.fr\/saintdieinfo\/#organization\"},\"alternateName\":\"Toute l'actualit\u00e9 de Saint-Di\u00e9-Des-Vosges\",\"potentialAction\":[{\"@type\":\"SearchAction\",\"target\":{\"@type\":\"EntryPoint\",\"urlTemplate\":\"https:\/\/vosgesinfo.fr\/saintdieinfo\/?s={search_term_string}\"},\"query-input\":\"required name=search_term_string\"}],\"inLanguage\":\"fr-FR\"},{\"@type\":\"Organization\",\"@id\":\"https:\/\/vosgesinfo.fr\/saintdieinfo\/#organization\",\"name\":\"Saint Die Info\",\"url\":\"https:\/\/vosgesinfo.fr\/saintdieinfo\/\",\"logo\":{\"@type\":\"ImageObject\",\"inLanguage\":\"fr-FR\",\"@id\":\"https:\/\/vosgesinfo.fr\/saintdieinfo\/#\/schema\/logo\/image\/\",\"url\":\"https:\/\/vosgesinfo.fr\/app\/uploads\/sites\/4\/2024\/02\/logo-sdi.jpg\",\"contentUrl\":\"https:\/\/vosgesinfo.fr\/app\/uploads\/sites\/4\/2024\/02\/logo-sdi.jpg\",\"width\":600,\"height\":600,\"caption\":\"Saint Die Info\"},\"image\":{\"@id\":\"https:\/\/vosgesinfo.fr\/saintdieinfo\/#\/schema\/logo\/image\/\"},\"sameAs\":[\"https:\/\/www.facebook.com\/Saintdieinfofr\",\"https:\/\/x.com\/VosgesInfo88\",\"https:\/\/www.youtube.com\/@vosgesinfo\"]},{\"@type\":\"Person\",\"@id\":\"https:\/\/vosgesinfo.fr\/saintdieinfo\/#\/schema\/person\/fa73e9f726d67bb88f46d5b7943cb572\",\"name\":\"J.J.\",\"image\":{\"@type\":\"ImageObject\",\"inLanguage\":\"fr-FR\",\"@id\":\"https:\/\/vosgesinfo.fr\/saintdieinfo\/#\/schema\/person\/image\/\",\"url\":\"https:\/\/secure.gravatar.com\/avatar\/219e749e47ffbcca018a360ae4add7d4cdf1cdaaf8bc7676b27efade3fe65615?s=96&d=mm&r=g\",\"contentUrl\":\"https:\/\/secure.gravatar.com\/avatar\/219e749e47ffbcca018a360ae4add7d4cdf1cdaaf8bc7676b27efade3fe65615?s=96&d=mm&r=g\",\"caption\":\"J.J.\"},\"url\":\"https:\/\/vosgesinfo.fr\/saintdieinfo\/author\/j-j\/\"}]}<\/script>\n<!-- \/ Yoast SEO plugin. -->","yoast_head_json":{"title":"Raon-l'Etape \u2013 Les recherches s'intensifient pour retrouver Catherine Louis - Saint Die Info","robots":{"index":"index","follow":"follow","max-snippet":"max-snippet:-1","max-image-preview":"max-image-preview:large","max-video-preview":"max-video-preview:-1"},"canonical":"https:\/\/vosgesinfo.fr\/saintdieinfo\/2026\/01\/raon-letape-les-recherches-sintensifient-pour-retrouver-catherine-louis\/","twitter_card":"summary_large_image","twitter_title":"Raon-l'Etape \u2013 Les recherches s'intensifient pour retrouver Catherine Louis - Saint Die Info","twitter_description":"Depuis la disparition de Catherine Louis, survenue le samedi 17 janvier dernier, les recherches se poursuivent et s&rsquo;intensifient \u00e0 Raon-l\u2019\u00c9tape. [&hellip;]","twitter_image":"https:\/\/vosgesinfo.fr\/app\/uploads\/sites\/4\/2026\/01\/avis-recherche-catherine-louis.jpg","twitter_creator":"@VosgesInfo88","twitter_site":"@VosgesInfo88","twitter_misc":{"\u00c9crit par":"J.J.","Dur\u00e9e de lecture estim\u00e9e":"1 minute"},"schema":{"@context":"https:\/\/schema.org","@graph":[{"@type":"Article","@id":"https:\/\/vosgesinfo.fr\/saintdieinfo\/2026\/01\/raon-letape-les-recherches-sintensifient-pour-retrouver-catherine-louis\/#article","isPartOf":{"@id":"https:\/\/vosgesinfo.fr\/saintdieinfo\/2026\/01\/raon-letape-les-recherches-sintensifient-pour-retrouver-catherine-louis\/"},"author":{"name":"J.J.","@id":"https:\/\/vosgesinfo.fr\/saintdieinfo\/#\/schema\/person\/fa73e9f726d67bb88f46d5b7943cb572"},"headline":"Raon-l&rsquo;Etape \u2013 Les recherches s&rsquo;intensifient pour retrouver Catherine Louis","datePublished":"2026-01-23T14:22:10+00:00","dateModified":"2026-01-23T14:15:40+00:00","mainEntityOfPage":{"@id":"https:\/\/vosgesinfo.fr\/saintdieinfo\/2026\/01\/raon-letape-les-recherches-sintensifient-pour-retrouver-catherine-louis\/"},"wordCount":235,"commentCount":0,"publisher":{"@id":"https:\/\/vosgesinfo.fr\/saintdieinfo\/#organization"},"image":{"@id":"https:\/\/vosgesinfo.fr\/saintdieinfo\/2026\/01\/raon-letape-les-recherches-sintensifient-pour-retrouver-catherine-louis\/#primaryimage"},"thumbnailUrl":"https:\/\/vosgesinfo.fr\/app\/uploads\/sites\/4\/2026\/01\/avis-recherche-catherine-louis.jpg","keywords":["Catherine Louis","disparition","Disparition inqui\u00e9tante","gendarmerie","Raon-l\u2019Etape","UMIS 67","vosges"],"articleSection":["A la Une","D\u00e9odatie","Vosges"],"inLanguage":"fr-FR","potentialAction":[{"@type":"CommentAction","name":"Comment","target":["https:\/\/vosgesinfo.fr\/saintdieinfo\/2026\/01\/raon-letape-les-recherches-sintensifient-pour-retrouver-catherine-louis\/#respond"]}]},{"@type":"WebPage","@id":"https:\/\/vosgesinfo.fr\/saintdieinfo\/2026\/01\/raon-letape-les-recherches-sintensifient-pour-retrouver-catherine-louis\/","url":"https:\/\/vosgesinfo.fr\/saintdieinfo\/2026\/01\/raon-letape-les-recherches-sintensifient-pour-retrouver-catherine-louis\/","name":"Raon-l'Etape \u2013 Les recherches s'intensifient pour retrouver Catherine Louis - Saint Die Info","isPartOf":{"@id":"https:\/\/vosgesinfo.fr\/saintdieinfo\/#website"},"primaryImageOfPage":{"@id":"https:\/\/vosgesinfo.fr\/saintdieinfo\/2026\/01\/raon-letape-les-recherches-sintensifient-pour-retrouver-catherine-louis\/#primaryimage"},"image":{"@id":"https:\/\/vosgesinfo.fr\/saintdieinfo\/2026\/01\/raon-letape-les-recherches-sintensifient-pour-retrouver-catherine-louis\/#primaryimage"},"thumbnailUrl":"https:\/\/vosgesinfo.fr\/app\/uploads\/sites\/4\/2026\/01\/avis-recherche-catherine-louis.jpg","datePublished":"2026-01-23T14:22:10+00:00","dateModified":"2026-01-23T14:15:40+00:00","breadcrumb":{"@id":"https:\/\/vosgesinfo.fr\/saintdieinfo\/2026\/01\/raon-letape-les-recherches-sintensifient-pour-retrouver-catherine-louis\/#breadcrumb"},"inLanguage":"fr-FR","potentialAction":[{"@type":"ReadAction","target":["https:\/\/vosgesinfo.fr\/saintdieinfo\/2026\/01\/raon-letape-les-recherches-sintensifient-pour-retrouver-catherine-louis\/"]}]},{"@type":"ImageObject","inLanguage":"fr-FR","@id":"https:\/\/vosgesinfo.fr\/saintdieinfo\/2026\/01\/raon-letape-les-recherches-sintensifient-pour-retrouver-catherine-louis\/#primaryimage","url":"https:\/\/vosgesinfo.fr\/app\/uploads\/sites\/4\/2026\/01\/avis-recherche-catherine-louis.jpg","contentUrl":"https:\/\/vosgesinfo.fr\/app\/uploads\/sites\/4\/2026\/01\/avis-recherche-catherine-louis.jpg","width":730,"height":720},{"@type":"BreadcrumbList","@id":"https:\/\/vosgesinfo.fr\/saintdieinfo\/2026\/01\/raon-letape-les-recherches-sintensifient-pour-retrouver-catherine-louis\/#breadcrumb","itemListElement":[{"@type":"ListItem","position":1,"name":"Home","item":"https:\/\/vosgesinfo.fr\/saintdieinfo\/"},{"@type":"ListItem","position":2,"name":"Raon-l&rsquo;Etape \u2013 Les recherches s&rsquo;intensifient pour retrouver Catherine Louis"}]},{"@type":"WebSite","@id":"https:\/\/vosgesinfo.fr\/saintdieinfo\/#website","url":"https:\/\/vosgesinfo.fr\/saintdieinfo\/","name":"Saint Die Info","description":"Toute l&#039;actualit\u00e9 de Saint-Di\u00e9-Des-Vosges","publisher":{"@id":"https:\/\/vosgesinfo.fr\/saintdieinfo\/#organization"},"alternateName":"Toute l'actualit\u00e9 de Saint-Di\u00e9-Des-Vosges","potentialAction":[{"@type":"SearchAction","target":{"@type":"EntryPoint","urlTemplate":"https:\/\/vosgesinfo.fr\/saintdieinfo\/?s={search_term_string}"},"query-input":"required name=search_term_string"}],"inLanguage":"fr-FR"},{"@type":"Organization","@id":"https:\/\/vosgesinfo.fr\/saintdieinfo\/#organization","name":"Saint Die Info","url":"https:\/\/vosgesinfo.fr\/saintdieinfo\/","logo":{"@type":"ImageObject","inLanguage":"fr-FR","@id":"https:\/\/vosgesinfo.fr\/saintdieinfo\/#\/schema\/logo\/image\/","url":"https:\/\/vosgesinfo.fr\/app\/uploads\/sites\/4\/2024\/02\/logo-sdi.jpg","contentUrl":"https:\/\/vosgesinfo.fr\/app\/uploads\/sites\/4\/2024\/02\/logo-sdi.jpg","width":600,"height":600,"caption":"Saint Die Info"},"image":{"@id":"https:\/\/vosgesinfo.fr\/saintdieinfo\/#\/schema\/logo\/image\/"},"sameAs":["https:\/\/www.facebook.com\/Saintdieinfofr","https:\/\/x.com\/VosgesInfo88","https:\/\/www.youtube.com\/@vosgesinfo"]},{"@type":"Person","@id":"https:\/\/vosgesinfo.fr\/saintdieinfo\/#\/schema\/person\/fa73e9f726d67bb88f46d5b7943cb572","name":"J.J.","image":{"@type":"ImageObject","inLanguage":"fr-FR","@id":"https:\/\/vosgesinfo.fr\/saintdieinfo\/#\/schema\/person\/image\/","url":"https:\/\/secure.gravatar.com\/avatar\/219e749e47ffbcca018a360ae4add7d4cdf1cdaaf8bc7676b27efade3fe65615?s=96&d=mm&r=g","contentUrl":"https:\/\/secure.gravatar.com\/avatar\/219e749e47ffbcca018a360ae4add7d4cdf1cdaaf8bc7676b27efade3fe65615?s=96&d=mm&r=g","caption":"J.J."},"url":"https:\/\/vosgesinfo.fr\/saintdieinfo\/author\/j-j\/"}]}},"_links":{"self":[{"href":"https:\/\/vosgesinfo.fr\/saintdieinfo\/wp-json\/wp\/v2\/posts\/87092","targetHints":{"allow":["GET"]}}],"collection":[{"href":"https:\/\/vosgesinfo.fr\/saintdieinfo\/wp-json\/wp\/v2\/posts"}],"about":[{"href":"https:\/\/vosgesinfo.fr\/saintdieinfo\/wp-json\/wp\/v2\/types\/post"}],"author":[{"embeddable":true,"href":"https:\/\/vosgesinfo.fr\/saintdieinfo\/wp-json\/wp\/v2\/users\/46"}],"replies":[{"embeddable":true,"href":"https:\/\/vosgesinfo.fr\/saintdieinfo\/wp-json\/wp\/v2\/comments?post=87092"}],"version-history":[{"count":1,"href":"https:\/\/vosgesinfo.fr\/saintdieinfo\/wp-json\/wp\/v2\/posts\/87092\/revisions"}],"predecessor-version":[{"id":87094,"href":"https:\/\/vosgesinfo.fr\/saintdieinfo\/wp-json\/wp\/v2\/posts\/87092\/revisions\/87094"}],"wp:featuredmedia":[{"embeddable":true,"href":"https:\/\/vosgesinfo.fr\/saintdieinfo\/wp-json\/wp\/v2\/media\/87093"}],"wp:attachment":[{"href":"https:\/\/vosgesinfo.fr\/saintdieinfo\/wp-json\/wp\/v2\/media?parent=87092"}],"wp:term":[{"taxonomy":"category","embeddable":true,"href":"https:\/\/vosgesinfo.fr\/saintdieinfo\/wp-json\/wp\/v2\/categories?post=87092"},{"taxonomy":"post_tag","embeddable":true,"href":"https:\/\/vosgesinfo.fr\/saintdieinfo\/wp-json\/wp\/v2\/tags?post=87092"}],"curies":[{"name":"wp","href":"https:\/\/api.w.org\/{rel}","templated":true}]}}