{"id":87099,"date":"2026-01-23T18:12:06","date_gmt":"2026-01-23T17:12:06","guid":{"rendered":"https:\/\/vosgesinfo.fr\/saintdieinfo\/?p=87099"},"modified":"2026-01-23T18:19:39","modified_gmt":"2026-01-23T17:19:39","slug":"des-arranges-au-biss-biss-le-deodatien-christopher-chinoune-met-le-cap-sur-lyon","status":"publish","type":"post","link":"https:\/\/vosgesinfo.fr\/saintdieinfo\/2026\/01\/des-arranges-au-biss-biss-le-deodatien-christopher-chinoune-met-le-cap-sur-lyon\/","title":{"rendered":"Des Arrang\u00e9s au BISS &#038; BISS : le D\u00e9odatien Christopher Chinoune met le cap sur Lyon"},"content":{"rendered":"<div id=\"attachment_87100\" style=\"width: 1034px\" class=\"wp-caption alignnone\"><a href=\"https:\/\/vosgesinfo.fr\/app\/uploads\/sites\/4\/2026\/01\/nouvelle-aventure-christopher-chinoune.jpg\"><img decoding=\"async\" aria-describedby=\"caption-attachment-87100\" class=\"wp-image-87100 size-large\" src=\"https:\/\/vosgesinfo.fr\/app\/uploads\/sites\/4\/2026\/01\/nouvelle-aventure-christopher-chinoune-1024x771.jpg\" alt=\"\" width=\"1024\" height=\"771\" srcset=\"https:\/\/vosgesinfo.fr\/app\/uploads\/sites\/4\/2026\/01\/nouvelle-aventure-christopher-chinoune-1024x771.jpg 1024w, https:\/\/vosgesinfo.fr\/app\/uploads\/sites\/4\/2026\/01\/nouvelle-aventure-christopher-chinoune-300x226.jpg 300w, https:\/\/vosgesinfo.fr\/app\/uploads\/sites\/4\/2026\/01\/nouvelle-aventure-christopher-chinoune-768x578.jpg 768w, https:\/\/vosgesinfo.fr\/app\/uploads\/sites\/4\/2026\/01\/nouvelle-aventure-christopher-chinoune.jpg 1434w\" sizes=\"(max-width: 1024px) 100vw, 1024px\" \/><\/a><p id=\"caption-attachment-87100\" class=\"wp-caption-text\">Christopher Chinoune (\u00e0 gauche) va ouvrir un bar au centre-ville de Lyon. Son d\u00e9sormais ex-associ\u00e9, Charles Bretzner, va quant \u00e0 lui poursuivre l&rsquo;aventure \u00ab\u00a0Les Arrang\u00e9s\u00a0\u00bb.<\/p><\/div>\n<h2 data-start=\"0\" data-end=\"276\">Au printemps 2022, Christopher Chinoune et Charles Breztner avaient pris le relais du <strong data-start=\"67\" data-end=\"82\">Vosegus Bar<\/strong> sur la <strong data-start=\"90\" data-end=\"109\">place du March\u00e9<\/strong>, en ouvrant le bar <strong data-start=\"26\" data-end=\"42\">Les Arrang\u00e9s<\/strong>. Pr\u00e8s de 4 ans plus tard, l&rsquo;un des 2 associ\u00e9s des Arrang\u00e9s ouvre un nouveau chapitre dans sa vie professionnelle.<\/h2>\n<p data-start=\"0\" data-end=\"276\"><!--more--><\/p>\n<h3 data-start=\"278\" data-end=\"294\"><strong>Cap sur Lyon pour Christopher Chinoune<\/strong><\/h3>\n<p data-start=\"296\" data-end=\"511\"><strong data-start=\"296\" data-end=\"320\">Christopher Chinoune<\/strong> quitte la cit\u00e9 d\u00e9odatienne pour <strong data-start=\"353\" data-end=\"361\">Lyon<\/strong>, o\u00f9 il reprend les r\u00eanes du bar <strong data-start=\"394\" data-end=\"409\">BISS &amp; BISS<\/strong>. Un bar \u00e0 tapas situ\u00e9 en plein centre-ville, dans le <strong data-start=\"463\" data-end=\"485\">1er arrondissement<\/strong> de la ville des Lumi\u00e8res.<\/p>\n<p data-start=\"513\" data-end=\"1399\">\u00ab C&rsquo;est une <strong data-start=\"525\" data-end=\"549\">d\u00e9cision personnelle<\/strong>. J&rsquo;avais envie de bouger et de voir autre chose, de sortir de ma <strong data-start=\"615\" data-end=\"634\">zone de confort<\/strong>. Je suis comme \u00e7a de nature. J&rsquo;aime impulser des projets, mais au bout de quelque temps, il faut que je bouge. J&rsquo;ai d\u00e9couvert Lyon il y a environ 2 ans, via 2 amis proches qui y vivent. Ce bar m&rsquo;a tap\u00e9 dans l&rsquo;\u0153il, car il m&rsquo;a rappel\u00e9 les Vosges. La diff\u00e9rence par rapport aux Arrang\u00e9s, c&rsquo;est que je serai <strong data-start=\"939\" data-end=\"947\">seul<\/strong>, sans associ\u00e9. C&rsquo;est un nouveau d\u00e9part, pour ma vie professionnelle, mais aussi personnelle. Je pars avec un grand <strong data-start=\"1063\" data-end=\"1084\">pincement au c\u0153ur<\/strong>, car j&rsquo;aime les Vosges et Saint-Di\u00e9-des-Vosges. Et puis je m&rsquo;entends toujours tr\u00e8s bien avec mon d\u00e9sormais ancien associ\u00e9. Dans tous les cas, je <strong data-start=\"1272\" data-end=\"1300\">reviendrai r\u00e9guli\u00e8rement<\/strong>, l&rsquo;\u00e9t\u00e9 et l&rsquo;hiver. Les Arrang\u00e9s, \u00e7a restera mon b\u00e9b\u00e9, car \u00e7a aura \u00e9t\u00e9 mon premier \u00e9tablissement. \u00bb<\/p>\n<h3 data-start=\"1401\" data-end=\"1433\"><strong>D\u00e9velopper l\u2019aspect \u00e9picerie<\/strong><\/h3>\n<p data-start=\"1435\" data-end=\"1802\">Dans maintenant moins d&rsquo;un mois, le D\u00e9odatien de 39 ans sera derri\u00e8re le comptoir de son bar lyonnais, o\u00f9 il a comme projet de d\u00e9velopper l&rsquo;<strong data-start=\"1565\" data-end=\"1584\">aspect \u00e9picerie<\/strong>. \u00ab Je vais proposer un <strong data-start=\"1608\" data-end=\"1624\">grand buffet<\/strong>, avec de la charcuterie, des fromages, etc. Je vais beaucoup plus m&rsquo;axer l\u00e0-dessus avec le BISS &amp; BISS. \u00bb Bien entendu, les <strong data-start=\"1749\" data-end=\"1775\">Vosgiennes et Vosgiens<\/strong> seront plus que bienvenus.<\/p>\n<h3 data-start=\"1804\" data-end=\"1843\"><strong>Une nouvelle dynamique aux Arrang\u00e9s<\/strong><\/h3>\n<p data-start=\"1845\" data-end=\"2126\">Du c\u00f4t\u00e9 des Arrang\u00e9s, le d\u00e9part de Christopher Chinoune am\u00e8ne une <strong data-start=\"1911\" data-end=\"1933\">nouvelle dynamique<\/strong>, avec l&rsquo;arriv\u00e9e de nouvelles personnes autour de <strong data-start=\"1983\" data-end=\"2011\">Charles Bretzner<\/strong>. Le bar d\u00e9odatien compte bien poursuivre sur sa lanc\u00e9e, avec toujours des <strong data-start=\"2086\" data-end=\"2098\">concerts<\/strong> et des <strong data-start=\"2106\" data-end=\"2125\">soir\u00e9es \u00e0 th\u00e8me<\/strong>.<\/p>\n","protected":false},"excerpt":{"rendered":"<p>Au printemps 2022, Christopher Chinoune et Charles Breztner avaient pris le relais du Vosegus Bar sur la place du March\u00e9, [&hellip;]<\/p>\n","protected":false},"author":46,"featured_media":87100,"comment_status":"open","ping_status":"open","sticky":false,"template":"","format":"standard","meta":{"footnotes":""},"categories":[460,20,167],"tags":[19923,19922,19921,19924,19920,1928,19926,11377,4757,2931,2881,19925,11378,19927,19928],"class_list":["post-87099","post","type-post","status-publish","format-standard","has-post-thumbnail","hentry","category-a-la-une","category-loisirs","category-saint-die-des-vosges","tag-1er-arrondissement","tag-bar-a-tapas","tag-biss-biss","tag-charles-edouard-bretzner","tag-christopher-chinoune","tag-concerts","tag-epicerie","tag-les-arranges","tag-lyon","tag-place-du-marche","tag-saint-die-des-vosges","tag-soirees-a-theme","tag-vosegus-bar","tag-vosgiennes","tag-vosgiens"],"acf":[],"yoast_head":"<!-- This site is optimized with the Yoast SEO plugin v22.5 - https:\/\/yoast.com\/wordpress\/plugins\/seo\/ -->\n<title>Des Arrang\u00e9s au BISS &amp; BISS : le D\u00e9odatien Christopher Chinoune met le cap sur Lyon - Saint Die Info<\/title>\n<meta name=\"robots\" content=\"index, follow, max-snippet:-1, max-image-preview:large, max-video-preview:-1\" \/>\n<link rel=\"canonical\" href=\"https:\/\/vosgesinfo.fr\/saintdieinfo\/2026\/01\/des-arranges-au-biss-biss-le-deodatien-christopher-chinoune-met-le-cap-sur-lyon\/\" \/>\n<meta name=\"twitter:card\" content=\"summary_large_image\" \/>\n<meta name=\"twitter:title\" content=\"Des Arrang\u00e9s au BISS &amp; BISS : le D\u00e9odatien Christopher Chinoune met le cap sur Lyon - Saint Die Info\" \/>\n<meta name=\"twitter:description\" content=\"Au printemps 2022, Christopher Chinoune et Charles Breztner avaient pris le relais du Vosegus Bar sur la place du March\u00e9, [&hellip;]\" \/>\n<meta name=\"twitter:image\" content=\"https:\/\/vosgesinfo.fr\/app\/uploads\/sites\/4\/2026\/01\/nouvelle-aventure-christopher-chinoune.jpg\" \/>\n<meta name=\"twitter:creator\" content=\"@VosgesInfo88\" \/>\n<meta name=\"twitter:site\" content=\"@VosgesInfo88\" \/>\n<meta name=\"twitter:label1\" content=\"\u00c9crit par\" \/>\n\t<meta name=\"twitter:data1\" content=\"J.J.\" \/>\n\t<meta name=\"twitter:label2\" content=\"Dur\u00e9e de lecture estim\u00e9e\" \/>\n\t<meta name=\"twitter:data2\" content=\"3 minutes\" \/>\n<script type=\"application\/ld+json\" class=\"yoast-schema-graph\">{\"@context\":\"https:\/\/schema.org\",\"@graph\":[{\"@type\":\"Article\",\"@id\":\"https:\/\/vosgesinfo.fr\/saintdieinfo\/2026\/01\/des-arranges-au-biss-biss-le-deodatien-christopher-chinoune-met-le-cap-sur-lyon\/#article\",\"isPartOf\":{\"@id\":\"https:\/\/vosgesinfo.fr\/saintdieinfo\/2026\/01\/des-arranges-au-biss-biss-le-deodatien-christopher-chinoune-met-le-cap-sur-lyon\/\"},\"author\":{\"name\":\"J.J.\",\"@id\":\"https:\/\/vosgesinfo.fr\/saintdieinfo\/#\/schema\/person\/fa73e9f726d67bb88f46d5b7943cb572\"},\"headline\":\"Des Arrang\u00e9s au BISS &#038; BISS : le D\u00e9odatien Christopher Chinoune met le cap sur Lyon\",\"datePublished\":\"2026-01-23T17:12:06+00:00\",\"dateModified\":\"2026-01-23T17:19:39+00:00\",\"mainEntityOfPage\":{\"@id\":\"https:\/\/vosgesinfo.fr\/saintdieinfo\/2026\/01\/des-arranges-au-biss-biss-le-deodatien-christopher-chinoune-met-le-cap-sur-lyon\/\"},\"wordCount\":433,\"commentCount\":1,\"publisher\":{\"@id\":\"https:\/\/vosgesinfo.fr\/saintdieinfo\/#organization\"},\"image\":{\"@id\":\"https:\/\/vosgesinfo.fr\/saintdieinfo\/2026\/01\/des-arranges-au-biss-biss-le-deodatien-christopher-chinoune-met-le-cap-sur-lyon\/#primaryimage\"},\"thumbnailUrl\":\"https:\/\/vosgesinfo.fr\/app\/uploads\/sites\/4\/2026\/01\/nouvelle-aventure-christopher-chinoune.jpg\",\"keywords\":[\"1er arrondissement\",\"bar \u00e0 tapas\",\"BISS &amp; BISS\",\"Charles-\u00c9douard Bretzner\",\"Christopher Chinoune\",\"concerts\",\"\u00e9picerie\",\"Les Arrang\u00e9s\",\"Lyon\",\"Place du March\u00e9\",\"Saint-Di\u00e9-des-Vosges\",\"soir\u00e9es \u00e0 th\u00e8me\",\"Vosegus Bar\",\"Vosgiennes\",\"Vosgiens\"],\"articleSection\":[\"A la Une\",\"Loisirs\",\"Saint-Di\u00e9-des-Vosges\"],\"inLanguage\":\"fr-FR\",\"potentialAction\":[{\"@type\":\"CommentAction\",\"name\":\"Comment\",\"target\":[\"https:\/\/vosgesinfo.fr\/saintdieinfo\/2026\/01\/des-arranges-au-biss-biss-le-deodatien-christopher-chinoune-met-le-cap-sur-lyon\/#respond\"]}]},{\"@type\":\"WebPage\",\"@id\":\"https:\/\/vosgesinfo.fr\/saintdieinfo\/2026\/01\/des-arranges-au-biss-biss-le-deodatien-christopher-chinoune-met-le-cap-sur-lyon\/\",\"url\":\"https:\/\/vosgesinfo.fr\/saintdieinfo\/2026\/01\/des-arranges-au-biss-biss-le-deodatien-christopher-chinoune-met-le-cap-sur-lyon\/\",\"name\":\"Des Arrang\u00e9s au BISS & BISS : le D\u00e9odatien Christopher Chinoune met le cap sur Lyon - Saint Die Info\",\"isPartOf\":{\"@id\":\"https:\/\/vosgesinfo.fr\/saintdieinfo\/#website\"},\"primaryImageOfPage\":{\"@id\":\"https:\/\/vosgesinfo.fr\/saintdieinfo\/2026\/01\/des-arranges-au-biss-biss-le-deodatien-christopher-chinoune-met-le-cap-sur-lyon\/#primaryimage\"},\"image\":{\"@id\":\"https:\/\/vosgesinfo.fr\/saintdieinfo\/2026\/01\/des-arranges-au-biss-biss-le-deodatien-christopher-chinoune-met-le-cap-sur-lyon\/#primaryimage\"},\"thumbnailUrl\":\"https:\/\/vosgesinfo.fr\/app\/uploads\/sites\/4\/2026\/01\/nouvelle-aventure-christopher-chinoune.jpg\",\"datePublished\":\"2026-01-23T17:12:06+00:00\",\"dateModified\":\"2026-01-23T17:19:39+00:00\",\"breadcrumb\":{\"@id\":\"https:\/\/vosgesinfo.fr\/saintdieinfo\/2026\/01\/des-arranges-au-biss-biss-le-deodatien-christopher-chinoune-met-le-cap-sur-lyon\/#breadcrumb\"},\"inLanguage\":\"fr-FR\",\"potentialAction\":[{\"@type\":\"ReadAction\",\"target\":[\"https:\/\/vosgesinfo.fr\/saintdieinfo\/2026\/01\/des-arranges-au-biss-biss-le-deodatien-christopher-chinoune-met-le-cap-sur-lyon\/\"]}]},{\"@type\":\"ImageObject\",\"inLanguage\":\"fr-FR\",\"@id\":\"https:\/\/vosgesinfo.fr\/saintdieinfo\/2026\/01\/des-arranges-au-biss-biss-le-deodatien-christopher-chinoune-met-le-cap-sur-lyon\/#primaryimage\",\"url\":\"https:\/\/vosgesinfo.fr\/app\/uploads\/sites\/4\/2026\/01\/nouvelle-aventure-christopher-chinoune.jpg\",\"contentUrl\":\"https:\/\/vosgesinfo.fr\/app\/uploads\/sites\/4\/2026\/01\/nouvelle-aventure-christopher-chinoune.jpg\",\"width\":1434,\"height\":1080,\"caption\":\"Christopher Chinoune (\u00e0 gauche) va ouvrir un bar au centre-ville de Lyon. Son d\u00e9sormais ex-associ\u00e9, Charles-Edouard Bretznez, va quant \u00e0 lui poursuivre l'aventure \\\"Les Arrang\u00e9s\\\".\"},{\"@type\":\"BreadcrumbList\",\"@id\":\"https:\/\/vosgesinfo.fr\/saintdieinfo\/2026\/01\/des-arranges-au-biss-biss-le-deodatien-christopher-chinoune-met-le-cap-sur-lyon\/#breadcrumb\",\"itemListElement\":[{\"@type\":\"ListItem\",\"position\":1,\"name\":\"Home\",\"item\":\"https:\/\/vosgesinfo.fr\/saintdieinfo\/\"},{\"@type\":\"ListItem\",\"position\":2,\"name\":\"Des Arrang\u00e9s au BISS &#038; BISS : le D\u00e9odatien Christopher Chinoune met le cap sur Lyon\"}]},{\"@type\":\"WebSite\",\"@id\":\"https:\/\/vosgesinfo.fr\/saintdieinfo\/#website\",\"url\":\"https:\/\/vosgesinfo.fr\/saintdieinfo\/\",\"name\":\"Saint Die Info\",\"description\":\"Toute l&#039;actualit\u00e9 de Saint-Di\u00e9-Des-Vosges\",\"publisher\":{\"@id\":\"https:\/\/vosgesinfo.fr\/saintdieinfo\/#organization\"},\"alternateName\":\"Toute l'actualit\u00e9 de Saint-Di\u00e9-Des-Vosges\",\"potentialAction\":[{\"@type\":\"SearchAction\",\"target\":{\"@type\":\"EntryPoint\",\"urlTemplate\":\"https:\/\/vosgesinfo.fr\/saintdieinfo\/?s={search_term_string}\"},\"query-input\":\"required name=search_term_string\"}],\"inLanguage\":\"fr-FR\"},{\"@type\":\"Organization\",\"@id\":\"https:\/\/vosgesinfo.fr\/saintdieinfo\/#organization\",\"name\":\"Saint Die Info\",\"url\":\"https:\/\/vosgesinfo.fr\/saintdieinfo\/\",\"logo\":{\"@type\":\"ImageObject\",\"inLanguage\":\"fr-FR\",\"@id\":\"https:\/\/vosgesinfo.fr\/saintdieinfo\/#\/schema\/logo\/image\/\",\"url\":\"https:\/\/vosgesinfo.fr\/app\/uploads\/sites\/4\/2024\/02\/logo-sdi.jpg\",\"contentUrl\":\"https:\/\/vosgesinfo.fr\/app\/uploads\/sites\/4\/2024\/02\/logo-sdi.jpg\",\"width\":600,\"height\":600,\"caption\":\"Saint Die Info\"},\"image\":{\"@id\":\"https:\/\/vosgesinfo.fr\/saintdieinfo\/#\/schema\/logo\/image\/\"},\"sameAs\":[\"https:\/\/www.facebook.com\/Saintdieinfofr\",\"https:\/\/x.com\/VosgesInfo88\",\"https:\/\/www.youtube.com\/@vosgesinfo\"]},{\"@type\":\"Person\",\"@id\":\"https:\/\/vosgesinfo.fr\/saintdieinfo\/#\/schema\/person\/fa73e9f726d67bb88f46d5b7943cb572\",\"name\":\"J.J.\",\"image\":{\"@type\":\"ImageObject\",\"inLanguage\":\"fr-FR\",\"@id\":\"https:\/\/vosgesinfo.fr\/saintdieinfo\/#\/schema\/person\/image\/\",\"url\":\"https:\/\/secure.gravatar.com\/avatar\/219e749e47ffbcca018a360ae4add7d4cdf1cdaaf8bc7676b27efade3fe65615?s=96&d=mm&r=g\",\"contentUrl\":\"https:\/\/secure.gravatar.com\/avatar\/219e749e47ffbcca018a360ae4add7d4cdf1cdaaf8bc7676b27efade3fe65615?s=96&d=mm&r=g\",\"caption\":\"J.J.\"},\"url\":\"https:\/\/vosgesinfo.fr\/saintdieinfo\/author\/j-j\/\"}]}<\/script>\n<!-- \/ Yoast SEO plugin. -->","yoast_head_json":{"title":"Des Arrang\u00e9s au BISS & BISS : le D\u00e9odatien Christopher Chinoune met le cap sur Lyon - Saint Die Info","robots":{"index":"index","follow":"follow","max-snippet":"max-snippet:-1","max-image-preview":"max-image-preview:large","max-video-preview":"max-video-preview:-1"},"canonical":"https:\/\/vosgesinfo.fr\/saintdieinfo\/2026\/01\/des-arranges-au-biss-biss-le-deodatien-christopher-chinoune-met-le-cap-sur-lyon\/","twitter_card":"summary_large_image","twitter_title":"Des Arrang\u00e9s au BISS & BISS : le D\u00e9odatien Christopher Chinoune met le cap sur Lyon - Saint Die Info","twitter_description":"Au printemps 2022, Christopher Chinoune et Charles Breztner avaient pris le relais du Vosegus Bar sur la place du March\u00e9, [&hellip;]","twitter_image":"https:\/\/vosgesinfo.fr\/app\/uploads\/sites\/4\/2026\/01\/nouvelle-aventure-christopher-chinoune.jpg","twitter_creator":"@VosgesInfo88","twitter_site":"@VosgesInfo88","twitter_misc":{"\u00c9crit par":"J.J.","Dur\u00e9e de lecture estim\u00e9e":"3 minutes"},"schema":{"@context":"https:\/\/schema.org","@graph":[{"@type":"Article","@id":"https:\/\/vosgesinfo.fr\/saintdieinfo\/2026\/01\/des-arranges-au-biss-biss-le-deodatien-christopher-chinoune-met-le-cap-sur-lyon\/#article","isPartOf":{"@id":"https:\/\/vosgesinfo.fr\/saintdieinfo\/2026\/01\/des-arranges-au-biss-biss-le-deodatien-christopher-chinoune-met-le-cap-sur-lyon\/"},"author":{"name":"J.J.","@id":"https:\/\/vosgesinfo.fr\/saintdieinfo\/#\/schema\/person\/fa73e9f726d67bb88f46d5b7943cb572"},"headline":"Des Arrang\u00e9s au BISS &#038; BISS : le D\u00e9odatien Christopher Chinoune met le cap sur Lyon","datePublished":"2026-01-23T17:12:06+00:00","dateModified":"2026-01-23T17:19:39+00:00","mainEntityOfPage":{"@id":"https:\/\/vosgesinfo.fr\/saintdieinfo\/2026\/01\/des-arranges-au-biss-biss-le-deodatien-christopher-chinoune-met-le-cap-sur-lyon\/"},"wordCount":433,"commentCount":1,"publisher":{"@id":"https:\/\/vosgesinfo.fr\/saintdieinfo\/#organization"},"image":{"@id":"https:\/\/vosgesinfo.fr\/saintdieinfo\/2026\/01\/des-arranges-au-biss-biss-le-deodatien-christopher-chinoune-met-le-cap-sur-lyon\/#primaryimage"},"thumbnailUrl":"https:\/\/vosgesinfo.fr\/app\/uploads\/sites\/4\/2026\/01\/nouvelle-aventure-christopher-chinoune.jpg","keywords":["1er arrondissement","bar \u00e0 tapas","BISS &amp; BISS","Charles-\u00c9douard Bretzner","Christopher Chinoune","concerts","\u00e9picerie","Les Arrang\u00e9s","Lyon","Place du March\u00e9","Saint-Di\u00e9-des-Vosges","soir\u00e9es \u00e0 th\u00e8me","Vosegus Bar","Vosgiennes","Vosgiens"],"articleSection":["A la Une","Loisirs","Saint-Di\u00e9-des-Vosges"],"inLanguage":"fr-FR","potentialAction":[{"@type":"CommentAction","name":"Comment","target":["https:\/\/vosgesinfo.fr\/saintdieinfo\/2026\/01\/des-arranges-au-biss-biss-le-deodatien-christopher-chinoune-met-le-cap-sur-lyon\/#respond"]}]},{"@type":"WebPage","@id":"https:\/\/vosgesinfo.fr\/saintdieinfo\/2026\/01\/des-arranges-au-biss-biss-le-deodatien-christopher-chinoune-met-le-cap-sur-lyon\/","url":"https:\/\/vosgesinfo.fr\/saintdieinfo\/2026\/01\/des-arranges-au-biss-biss-le-deodatien-christopher-chinoune-met-le-cap-sur-lyon\/","name":"Des Arrang\u00e9s au BISS & BISS : le D\u00e9odatien Christopher Chinoune met le cap sur Lyon - Saint Die Info","isPartOf":{"@id":"https:\/\/vosgesinfo.fr\/saintdieinfo\/#website"},"primaryImageOfPage":{"@id":"https:\/\/vosgesinfo.fr\/saintdieinfo\/2026\/01\/des-arranges-au-biss-biss-le-deodatien-christopher-chinoune-met-le-cap-sur-lyon\/#primaryimage"},"image":{"@id":"https:\/\/vosgesinfo.fr\/saintdieinfo\/2026\/01\/des-arranges-au-biss-biss-le-deodatien-christopher-chinoune-met-le-cap-sur-lyon\/#primaryimage"},"thumbnailUrl":"https:\/\/vosgesinfo.fr\/app\/uploads\/sites\/4\/2026\/01\/nouvelle-aventure-christopher-chinoune.jpg","datePublished":"2026-01-23T17:12:06+00:00","dateModified":"2026-01-23T17:19:39+00:00","breadcrumb":{"@id":"https:\/\/vosgesinfo.fr\/saintdieinfo\/2026\/01\/des-arranges-au-biss-biss-le-deodatien-christopher-chinoune-met-le-cap-sur-lyon\/#breadcrumb"},"inLanguage":"fr-FR","potentialAction":[{"@type":"ReadAction","target":["https:\/\/vosgesinfo.fr\/saintdieinfo\/2026\/01\/des-arranges-au-biss-biss-le-deodatien-christopher-chinoune-met-le-cap-sur-lyon\/"]}]},{"@type":"ImageObject","inLanguage":"fr-FR","@id":"https:\/\/vosgesinfo.fr\/saintdieinfo\/2026\/01\/des-arranges-au-biss-biss-le-deodatien-christopher-chinoune-met-le-cap-sur-lyon\/#primaryimage","url":"https:\/\/vosgesinfo.fr\/app\/uploads\/sites\/4\/2026\/01\/nouvelle-aventure-christopher-chinoune.jpg","contentUrl":"https:\/\/vosgesinfo.fr\/app\/uploads\/sites\/4\/2026\/01\/nouvelle-aventure-christopher-chinoune.jpg","width":1434,"height":1080,"caption":"Christopher Chinoune (\u00e0 gauche) va ouvrir un bar au centre-ville de Lyon. Son d\u00e9sormais ex-associ\u00e9, Charles-Edouard Bretznez, va quant \u00e0 lui poursuivre l'aventure \"Les Arrang\u00e9s\"."},{"@type":"BreadcrumbList","@id":"https:\/\/vosgesinfo.fr\/saintdieinfo\/2026\/01\/des-arranges-au-biss-biss-le-deodatien-christopher-chinoune-met-le-cap-sur-lyon\/#breadcrumb","itemListElement":[{"@type":"ListItem","position":1,"name":"Home","item":"https:\/\/vosgesinfo.fr\/saintdieinfo\/"},{"@type":"ListItem","position":2,"name":"Des Arrang\u00e9s au BISS &#038; BISS : le D\u00e9odatien Christopher Chinoune met le cap sur Lyon"}]},{"@type":"WebSite","@id":"https:\/\/vosgesinfo.fr\/saintdieinfo\/#website","url":"https:\/\/vosgesinfo.fr\/saintdieinfo\/","name":"Saint Die Info","description":"Toute l&#039;actualit\u00e9 de Saint-Di\u00e9-Des-Vosges","publisher":{"@id":"https:\/\/vosgesinfo.fr\/saintdieinfo\/#organization"},"alternateName":"Toute l'actualit\u00e9 de Saint-Di\u00e9-Des-Vosges","potentialAction":[{"@type":"SearchAction","target":{"@type":"EntryPoint","urlTemplate":"https:\/\/vosgesinfo.fr\/saintdieinfo\/?s={search_term_string}"},"query-input":"required name=search_term_string"}],"inLanguage":"fr-FR"},{"@type":"Organization","@id":"https:\/\/vosgesinfo.fr\/saintdieinfo\/#organization","name":"Saint Die Info","url":"https:\/\/vosgesinfo.fr\/saintdieinfo\/","logo":{"@type":"ImageObject","inLanguage":"fr-FR","@id":"https:\/\/vosgesinfo.fr\/saintdieinfo\/#\/schema\/logo\/image\/","url":"https:\/\/vosgesinfo.fr\/app\/uploads\/sites\/4\/2024\/02\/logo-sdi.jpg","contentUrl":"https:\/\/vosgesinfo.fr\/app\/uploads\/sites\/4\/2024\/02\/logo-sdi.jpg","width":600,"height":600,"caption":"Saint Die Info"},"image":{"@id":"https:\/\/vosgesinfo.fr\/saintdieinfo\/#\/schema\/logo\/image\/"},"sameAs":["https:\/\/www.facebook.com\/Saintdieinfofr","https:\/\/x.com\/VosgesInfo88","https:\/\/www.youtube.com\/@vosgesinfo"]},{"@type":"Person","@id":"https:\/\/vosgesinfo.fr\/saintdieinfo\/#\/schema\/person\/fa73e9f726d67bb88f46d5b7943cb572","name":"J.J.","image":{"@type":"ImageObject","inLanguage":"fr-FR","@id":"https:\/\/vosgesinfo.fr\/saintdieinfo\/#\/schema\/person\/image\/","url":"https:\/\/secure.gravatar.com\/avatar\/219e749e47ffbcca018a360ae4add7d4cdf1cdaaf8bc7676b27efade3fe65615?s=96&d=mm&r=g","contentUrl":"https:\/\/secure.gravatar.com\/avatar\/219e749e47ffbcca018a360ae4add7d4cdf1cdaaf8bc7676b27efade3fe65615?s=96&d=mm&r=g","caption":"J.J."},"url":"https:\/\/vosgesinfo.fr\/saintdieinfo\/author\/j-j\/"}]}},"_links":{"self":[{"href":"https:\/\/vosgesinfo.fr\/saintdieinfo\/wp-json\/wp\/v2\/posts\/87099","targetHints":{"allow":["GET"]}}],"collection":[{"href":"https:\/\/vosgesinfo.fr\/saintdieinfo\/wp-json\/wp\/v2\/posts"}],"about":[{"href":"https:\/\/vosgesinfo.fr\/saintdieinfo\/wp-json\/wp\/v2\/types\/post"}],"author":[{"embeddable":true,"href":"https:\/\/vosgesinfo.fr\/saintdieinfo\/wp-json\/wp\/v2\/users\/46"}],"replies":[{"embeddable":true,"href":"https:\/\/vosgesinfo.fr\/saintdieinfo\/wp-json\/wp\/v2\/comments?post=87099"}],"version-history":[{"count":2,"href":"https:\/\/vosgesinfo.fr\/saintdieinfo\/wp-json\/wp\/v2\/posts\/87099\/revisions"}],"predecessor-version":[{"id":87107,"href":"https:\/\/vosgesinfo.fr\/saintdieinfo\/wp-json\/wp\/v2\/posts\/87099\/revisions\/87107"}],"wp:featuredmedia":[{"embeddable":true,"href":"https:\/\/vosgesinfo.fr\/saintdieinfo\/wp-json\/wp\/v2\/media\/87100"}],"wp:attachment":[{"href":"https:\/\/vosgesinfo.fr\/saintdieinfo\/wp-json\/wp\/v2\/media?parent=87099"}],"wp:term":[{"taxonomy":"category","embeddable":true,"href":"https:\/\/vosgesinfo.fr\/saintdieinfo\/wp-json\/wp\/v2\/categories?post=87099"},{"taxonomy":"post_tag","embeddable":true,"href":"https:\/\/vosgesinfo.fr\/saintdieinfo\/wp-json\/wp\/v2\/tags?post=87099"}],"curies":[{"name":"wp","href":"https:\/\/api.w.org\/{rel}","templated":true}]}}