{"id":87147,"date":"2026-01-26T10:12:57","date_gmt":"2026-01-26T09:12:57","guid":{"rendered":"https:\/\/vosgesinfo.fr\/saintdieinfo\/?p=87147"},"modified":"2026-01-26T10:00:57","modified_gmt":"2026-01-26T09:00:57","slug":"wisembach-se-dote-dun-terrain-de-petanque-et-dun-parcours-vtt","status":"publish","type":"post","link":"https:\/\/vosgesinfo.fr\/saintdieinfo\/2026\/01\/wisembach-se-dote-dun-terrain-de-petanque-et-dun-parcours-vtt\/","title":{"rendered":"Wisembach se dote d\u2019un terrain de p\u00e9tanque et d\u2019un parcours VTT"},"content":{"rendered":"\n\t\t<style type=\"text\/css\">\n\t\t\t#gallery-1 {\n\t\t\t\tmargin: auto;\n\t\t\t}\n\t\t\t#gallery-1 .gallery-item {\n\t\t\t\tfloat: left;\n\t\t\t\tmargin-top: 10px;\n\t\t\t\ttext-align: center;\n\t\t\t\twidth: 50%;\n\t\t\t}\n\t\t\t#gallery-1 img {\n\t\t\t\tborder: 2px solid #cfcfcf;\n\t\t\t}\n\t\t\t#gallery-1 .gallery-caption {\n\t\t\t\tmargin-left: 0;\n\t\t\t}\n\t\t\t\/* see gallery_shortcode() in wp-includes\/media.php *\/\n\t\t<\/style>\n\t\t<div id='gallery-1' class='gallery galleryid-87147 gallery-columns-2 gallery-size-thumbnail'><dl class='gallery-item'>\n\t\t\t<dt class='gallery-icon landscape'>\n\t\t\t\t<a href='https:\/\/vosgesinfo.fr\/app\/uploads\/sites\/4\/2026\/01\/wisembach-parcours-vttterrain-petanque-1.jpg'><img decoding=\"async\" width=\"150\" height=\"150\" src=\"https:\/\/vosgesinfo.fr\/app\/uploads\/sites\/4\/2026\/01\/wisembach-parcours-vttterrain-petanque-1-150x150.jpg\" class=\"attachment-thumbnail size-thumbnail\" alt=\"\" \/><\/a>\n\t\t\t<\/dt><\/dl><dl class='gallery-item'>\n\t\t\t<dt class='gallery-icon landscape'>\n\t\t\t\t<a href='https:\/\/vosgesinfo.fr\/app\/uploads\/sites\/4\/2026\/01\/wisembach-parcours-vttterrain-petanque-2.jpg'><img decoding=\"async\" width=\"150\" height=\"150\" src=\"https:\/\/vosgesinfo.fr\/app\/uploads\/sites\/4\/2026\/01\/wisembach-parcours-vttterrain-petanque-2-150x150.jpg\" class=\"attachment-thumbnail size-thumbnail\" alt=\"\" aria-describedby=\"gallery-1-87148\" \/><\/a>\n\t\t\t<\/dt>\n\t\t\t\t<dd class='wp-caption-text gallery-caption' id='gallery-1-87148'>\n\t\t\t\t(Photographie Agglom\u00e9ration de Saint-Di\u00e9-des-Vosges)\n\t\t\t\t<\/dd><\/dl><br style=\"clear: both\" \/>\n\t\t<\/div>\n\n<h2>\u00c0 <strong>Wisembach<\/strong>, il est d\u00e9sormais possible de jouer \u00e0 la <strong>p\u00e9tanque<\/strong> sur un <strong>terrain d\u00e9di\u00e9<\/strong> et de pratiquer le <strong>VTT<\/strong> sur un <strong>circuit sp\u00e9cialement am\u00e9nag\u00e9<\/strong>.<\/h2>\n<p><!--more--><\/p>\n<h3><strong>Un double projet lanc\u00e9 d\u00e8s 2022<\/strong><\/h3>\n<p>Pens\u00e9s d\u00e8s <strong>2022<\/strong>, ces am\u00e9nagements ont b\u00e9n\u00e9fici\u00e9 d\u2019une aide de <strong>2 977,09 euros<\/strong> de la <strong>communaut\u00e9 d\u2019agglom\u00e9ration<\/strong>, via le dispositif des <strong>fonds de concours<\/strong>. Le montant total des travaux s\u2019\u00e9l\u00e8ve \u00e0 <strong>16 538,64 euros<\/strong> pour la Commune.<\/p>\n","protected":false},"excerpt":{"rendered":"<p>\u00c0 Wisembach, il est d\u00e9sormais possible de jouer \u00e0 la p\u00e9tanque sur un terrain d\u00e9di\u00e9 et de pratiquer le VTT [&hellip;]<\/p>\n","protected":false},"author":46,"featured_media":87149,"comment_status":"open","ping_status":"open","sticky":false,"template":"","format":"standard","meta":{"footnotes":""},"categories":[460,3903,20],"tags":[19938,19936,19937,17831,19935,19508,171,43,3405],"class_list":["post-87147","post","type-post","status-publish","format-standard","has-post-thumbnail","hentry","category-a-la-une","category-deodatie","category-loisirs","tag-amenagements-sportifs","tag-circuit-vtt","tag-communaute-dagglomeration","tag-fonds-de-concours","tag-parcours-vtt","tag-terrain-de-petanque","tag-travaux","tag-vosges","tag-wisembach"],"acf":[],"yoast_head":"<!-- This site is optimized with the Yoast SEO plugin v22.5 - https:\/\/yoast.com\/wordpress\/plugins\/seo\/ -->\n<title>Wisembach se dote d\u2019un terrain de p\u00e9tanque et d\u2019un parcours VTT - Saint Die Info<\/title>\n<meta name=\"robots\" content=\"index, follow, max-snippet:-1, max-image-preview:large, max-video-preview:-1\" \/>\n<link rel=\"canonical\" href=\"https:\/\/vosgesinfo.fr\/saintdieinfo\/2026\/01\/wisembach-se-dote-dun-terrain-de-petanque-et-dun-parcours-vtt\/\" \/>\n<meta name=\"twitter:card\" content=\"summary_large_image\" \/>\n<meta name=\"twitter:title\" content=\"Wisembach se dote d\u2019un terrain de p\u00e9tanque et d\u2019un parcours VTT - Saint Die Info\" \/>\n<meta name=\"twitter:description\" content=\"\u00c0 Wisembach, il est d\u00e9sormais possible de jouer \u00e0 la p\u00e9tanque sur un terrain d\u00e9di\u00e9 et de pratiquer le VTT [&hellip;]\" \/>\n<meta name=\"twitter:image\" content=\"https:\/\/vosgesinfo.fr\/app\/uploads\/sites\/4\/2026\/01\/wisembach-parcours-vttterrain-petanque-1.jpg\" \/>\n<meta name=\"twitter:creator\" content=\"@VosgesInfo88\" \/>\n<meta name=\"twitter:site\" content=\"@VosgesInfo88\" \/>\n<meta name=\"twitter:label1\" content=\"\u00c9crit par\" \/>\n\t<meta name=\"twitter:data1\" content=\"J.J.\" \/>\n<script type=\"application\/ld+json\" class=\"yoast-schema-graph\">{\"@context\":\"https:\/\/schema.org\",\"@graph\":[{\"@type\":\"Article\",\"@id\":\"https:\/\/vosgesinfo.fr\/saintdieinfo\/2026\/01\/wisembach-se-dote-dun-terrain-de-petanque-et-dun-parcours-vtt\/#article\",\"isPartOf\":{\"@id\":\"https:\/\/vosgesinfo.fr\/saintdieinfo\/2026\/01\/wisembach-se-dote-dun-terrain-de-petanque-et-dun-parcours-vtt\/\"},\"author\":{\"name\":\"J.J.\",\"@id\":\"https:\/\/vosgesinfo.fr\/saintdieinfo\/#\/schema\/person\/fa73e9f726d67bb88f46d5b7943cb572\"},\"headline\":\"Wisembach se dote d\u2019un terrain de p\u00e9tanque et d\u2019un parcours VTT\",\"datePublished\":\"2026-01-26T09:12:57+00:00\",\"dateModified\":\"2026-01-26T09:00:57+00:00\",\"mainEntityOfPage\":{\"@id\":\"https:\/\/vosgesinfo.fr\/saintdieinfo\/2026\/01\/wisembach-se-dote-dun-terrain-de-petanque-et-dun-parcours-vtt\/\"},\"wordCount\":94,\"commentCount\":1,\"publisher\":{\"@id\":\"https:\/\/vosgesinfo.fr\/saintdieinfo\/#organization\"},\"image\":{\"@id\":\"https:\/\/vosgesinfo.fr\/saintdieinfo\/2026\/01\/wisembach-se-dote-dun-terrain-de-petanque-et-dun-parcours-vtt\/#primaryimage\"},\"thumbnailUrl\":\"https:\/\/vosgesinfo.fr\/app\/uploads\/sites\/4\/2026\/01\/wisembach-parcours-vttterrain-petanque-1.jpg\",\"keywords\":[\"am\u00e9nagements sportifs\",\"circuit VTT\",\"communaut\u00e9 d\u2019agglom\u00e9ration\",\"Fonds de concours\",\"parcours VTT\",\"terrain de p\u00e9tanque\",\"Travaux\",\"vosges\",\"Wisembach\"],\"articleSection\":[\"A la Une\",\"D\u00e9odatie\",\"Loisirs\"],\"inLanguage\":\"fr-FR\",\"potentialAction\":[{\"@type\":\"CommentAction\",\"name\":\"Comment\",\"target\":[\"https:\/\/vosgesinfo.fr\/saintdieinfo\/2026\/01\/wisembach-se-dote-dun-terrain-de-petanque-et-dun-parcours-vtt\/#respond\"]}]},{\"@type\":\"WebPage\",\"@id\":\"https:\/\/vosgesinfo.fr\/saintdieinfo\/2026\/01\/wisembach-se-dote-dun-terrain-de-petanque-et-dun-parcours-vtt\/\",\"url\":\"https:\/\/vosgesinfo.fr\/saintdieinfo\/2026\/01\/wisembach-se-dote-dun-terrain-de-petanque-et-dun-parcours-vtt\/\",\"name\":\"Wisembach se dote d\u2019un terrain de p\u00e9tanque et d\u2019un parcours VTT - Saint Die Info\",\"isPartOf\":{\"@id\":\"https:\/\/vosgesinfo.fr\/saintdieinfo\/#website\"},\"primaryImageOfPage\":{\"@id\":\"https:\/\/vosgesinfo.fr\/saintdieinfo\/2026\/01\/wisembach-se-dote-dun-terrain-de-petanque-et-dun-parcours-vtt\/#primaryimage\"},\"image\":{\"@id\":\"https:\/\/vosgesinfo.fr\/saintdieinfo\/2026\/01\/wisembach-se-dote-dun-terrain-de-petanque-et-dun-parcours-vtt\/#primaryimage\"},\"thumbnailUrl\":\"https:\/\/vosgesinfo.fr\/app\/uploads\/sites\/4\/2026\/01\/wisembach-parcours-vttterrain-petanque-1.jpg\",\"datePublished\":\"2026-01-26T09:12:57+00:00\",\"dateModified\":\"2026-01-26T09:00:57+00:00\",\"breadcrumb\":{\"@id\":\"https:\/\/vosgesinfo.fr\/saintdieinfo\/2026\/01\/wisembach-se-dote-dun-terrain-de-petanque-et-dun-parcours-vtt\/#breadcrumb\"},\"inLanguage\":\"fr-FR\",\"potentialAction\":[{\"@type\":\"ReadAction\",\"target\":[\"https:\/\/vosgesinfo.fr\/saintdieinfo\/2026\/01\/wisembach-se-dote-dun-terrain-de-petanque-et-dun-parcours-vtt\/\"]}]},{\"@type\":\"ImageObject\",\"inLanguage\":\"fr-FR\",\"@id\":\"https:\/\/vosgesinfo.fr\/saintdieinfo\/2026\/01\/wisembach-se-dote-dun-terrain-de-petanque-et-dun-parcours-vtt\/#primaryimage\",\"url\":\"https:\/\/vosgesinfo.fr\/app\/uploads\/sites\/4\/2026\/01\/wisembach-parcours-vttterrain-petanque-1.jpg\",\"contentUrl\":\"https:\/\/vosgesinfo.fr\/app\/uploads\/sites\/4\/2026\/01\/wisembach-parcours-vttterrain-petanque-1.jpg\",\"width\":1623,\"height\":1080},{\"@type\":\"BreadcrumbList\",\"@id\":\"https:\/\/vosgesinfo.fr\/saintdieinfo\/2026\/01\/wisembach-se-dote-dun-terrain-de-petanque-et-dun-parcours-vtt\/#breadcrumb\",\"itemListElement\":[{\"@type\":\"ListItem\",\"position\":1,\"name\":\"Home\",\"item\":\"https:\/\/vosgesinfo.fr\/saintdieinfo\/\"},{\"@type\":\"ListItem\",\"position\":2,\"name\":\"Wisembach se dote d\u2019un terrain de p\u00e9tanque et d\u2019un parcours VTT\"}]},{\"@type\":\"WebSite\",\"@id\":\"https:\/\/vosgesinfo.fr\/saintdieinfo\/#website\",\"url\":\"https:\/\/vosgesinfo.fr\/saintdieinfo\/\",\"name\":\"Saint Die Info\",\"description\":\"Toute l&#039;actualit\u00e9 de Saint-Di\u00e9-Des-Vosges\",\"publisher\":{\"@id\":\"https:\/\/vosgesinfo.fr\/saintdieinfo\/#organization\"},\"alternateName\":\"Toute l'actualit\u00e9 de Saint-Di\u00e9-Des-Vosges\",\"potentialAction\":[{\"@type\":\"SearchAction\",\"target\":{\"@type\":\"EntryPoint\",\"urlTemplate\":\"https:\/\/vosgesinfo.fr\/saintdieinfo\/?s={search_term_string}\"},\"query-input\":\"required name=search_term_string\"}],\"inLanguage\":\"fr-FR\"},{\"@type\":\"Organization\",\"@id\":\"https:\/\/vosgesinfo.fr\/saintdieinfo\/#organization\",\"name\":\"Saint Die Info\",\"url\":\"https:\/\/vosgesinfo.fr\/saintdieinfo\/\",\"logo\":{\"@type\":\"ImageObject\",\"inLanguage\":\"fr-FR\",\"@id\":\"https:\/\/vosgesinfo.fr\/saintdieinfo\/#\/schema\/logo\/image\/\",\"url\":\"https:\/\/vosgesinfo.fr\/app\/uploads\/sites\/4\/2024\/02\/logo-sdi.jpg\",\"contentUrl\":\"https:\/\/vosgesinfo.fr\/app\/uploads\/sites\/4\/2024\/02\/logo-sdi.jpg\",\"width\":600,\"height\":600,\"caption\":\"Saint Die Info\"},\"image\":{\"@id\":\"https:\/\/vosgesinfo.fr\/saintdieinfo\/#\/schema\/logo\/image\/\"},\"sameAs\":[\"https:\/\/www.facebook.com\/Saintdieinfofr\",\"https:\/\/x.com\/VosgesInfo88\",\"https:\/\/www.youtube.com\/@vosgesinfo\"]},{\"@type\":\"Person\",\"@id\":\"https:\/\/vosgesinfo.fr\/saintdieinfo\/#\/schema\/person\/fa73e9f726d67bb88f46d5b7943cb572\",\"name\":\"J.J.\",\"image\":{\"@type\":\"ImageObject\",\"inLanguage\":\"fr-FR\",\"@id\":\"https:\/\/vosgesinfo.fr\/saintdieinfo\/#\/schema\/person\/image\/\",\"url\":\"https:\/\/secure.gravatar.com\/avatar\/219e749e47ffbcca018a360ae4add7d4cdf1cdaaf8bc7676b27efade3fe65615?s=96&d=mm&r=g\",\"contentUrl\":\"https:\/\/secure.gravatar.com\/avatar\/219e749e47ffbcca018a360ae4add7d4cdf1cdaaf8bc7676b27efade3fe65615?s=96&d=mm&r=g\",\"caption\":\"J.J.\"},\"url\":\"https:\/\/vosgesinfo.fr\/saintdieinfo\/author\/j-j\/\"}]}<\/script>\n<!-- \/ Yoast SEO plugin. -->","yoast_head_json":{"title":"Wisembach se dote d\u2019un terrain de p\u00e9tanque et d\u2019un parcours VTT - Saint Die Info","robots":{"index":"index","follow":"follow","max-snippet":"max-snippet:-1","max-image-preview":"max-image-preview:large","max-video-preview":"max-video-preview:-1"},"canonical":"https:\/\/vosgesinfo.fr\/saintdieinfo\/2026\/01\/wisembach-se-dote-dun-terrain-de-petanque-et-dun-parcours-vtt\/","twitter_card":"summary_large_image","twitter_title":"Wisembach se dote d\u2019un terrain de p\u00e9tanque et d\u2019un parcours VTT - Saint Die Info","twitter_description":"\u00c0 Wisembach, il est d\u00e9sormais possible de jouer \u00e0 la p\u00e9tanque sur un terrain d\u00e9di\u00e9 et de pratiquer le VTT [&hellip;]","twitter_image":"https:\/\/vosgesinfo.fr\/app\/uploads\/sites\/4\/2026\/01\/wisembach-parcours-vttterrain-petanque-1.jpg","twitter_creator":"@VosgesInfo88","twitter_site":"@VosgesInfo88","twitter_misc":{"\u00c9crit par":"J.J."},"schema":{"@context":"https:\/\/schema.org","@graph":[{"@type":"Article","@id":"https:\/\/vosgesinfo.fr\/saintdieinfo\/2026\/01\/wisembach-se-dote-dun-terrain-de-petanque-et-dun-parcours-vtt\/#article","isPartOf":{"@id":"https:\/\/vosgesinfo.fr\/saintdieinfo\/2026\/01\/wisembach-se-dote-dun-terrain-de-petanque-et-dun-parcours-vtt\/"},"author":{"name":"J.J.","@id":"https:\/\/vosgesinfo.fr\/saintdieinfo\/#\/schema\/person\/fa73e9f726d67bb88f46d5b7943cb572"},"headline":"Wisembach se dote d\u2019un terrain de p\u00e9tanque et d\u2019un parcours VTT","datePublished":"2026-01-26T09:12:57+00:00","dateModified":"2026-01-26T09:00:57+00:00","mainEntityOfPage":{"@id":"https:\/\/vosgesinfo.fr\/saintdieinfo\/2026\/01\/wisembach-se-dote-dun-terrain-de-petanque-et-dun-parcours-vtt\/"},"wordCount":94,"commentCount":1,"publisher":{"@id":"https:\/\/vosgesinfo.fr\/saintdieinfo\/#organization"},"image":{"@id":"https:\/\/vosgesinfo.fr\/saintdieinfo\/2026\/01\/wisembach-se-dote-dun-terrain-de-petanque-et-dun-parcours-vtt\/#primaryimage"},"thumbnailUrl":"https:\/\/vosgesinfo.fr\/app\/uploads\/sites\/4\/2026\/01\/wisembach-parcours-vttterrain-petanque-1.jpg","keywords":["am\u00e9nagements sportifs","circuit VTT","communaut\u00e9 d\u2019agglom\u00e9ration","Fonds de concours","parcours VTT","terrain de p\u00e9tanque","Travaux","vosges","Wisembach"],"articleSection":["A la Une","D\u00e9odatie","Loisirs"],"inLanguage":"fr-FR","potentialAction":[{"@type":"CommentAction","name":"Comment","target":["https:\/\/vosgesinfo.fr\/saintdieinfo\/2026\/01\/wisembach-se-dote-dun-terrain-de-petanque-et-dun-parcours-vtt\/#respond"]}]},{"@type":"WebPage","@id":"https:\/\/vosgesinfo.fr\/saintdieinfo\/2026\/01\/wisembach-se-dote-dun-terrain-de-petanque-et-dun-parcours-vtt\/","url":"https:\/\/vosgesinfo.fr\/saintdieinfo\/2026\/01\/wisembach-se-dote-dun-terrain-de-petanque-et-dun-parcours-vtt\/","name":"Wisembach se dote d\u2019un terrain de p\u00e9tanque et d\u2019un parcours VTT - Saint Die Info","isPartOf":{"@id":"https:\/\/vosgesinfo.fr\/saintdieinfo\/#website"},"primaryImageOfPage":{"@id":"https:\/\/vosgesinfo.fr\/saintdieinfo\/2026\/01\/wisembach-se-dote-dun-terrain-de-petanque-et-dun-parcours-vtt\/#primaryimage"},"image":{"@id":"https:\/\/vosgesinfo.fr\/saintdieinfo\/2026\/01\/wisembach-se-dote-dun-terrain-de-petanque-et-dun-parcours-vtt\/#primaryimage"},"thumbnailUrl":"https:\/\/vosgesinfo.fr\/app\/uploads\/sites\/4\/2026\/01\/wisembach-parcours-vttterrain-petanque-1.jpg","datePublished":"2026-01-26T09:12:57+00:00","dateModified":"2026-01-26T09:00:57+00:00","breadcrumb":{"@id":"https:\/\/vosgesinfo.fr\/saintdieinfo\/2026\/01\/wisembach-se-dote-dun-terrain-de-petanque-et-dun-parcours-vtt\/#breadcrumb"},"inLanguage":"fr-FR","potentialAction":[{"@type":"ReadAction","target":["https:\/\/vosgesinfo.fr\/saintdieinfo\/2026\/01\/wisembach-se-dote-dun-terrain-de-petanque-et-dun-parcours-vtt\/"]}]},{"@type":"ImageObject","inLanguage":"fr-FR","@id":"https:\/\/vosgesinfo.fr\/saintdieinfo\/2026\/01\/wisembach-se-dote-dun-terrain-de-petanque-et-dun-parcours-vtt\/#primaryimage","url":"https:\/\/vosgesinfo.fr\/app\/uploads\/sites\/4\/2026\/01\/wisembach-parcours-vttterrain-petanque-1.jpg","contentUrl":"https:\/\/vosgesinfo.fr\/app\/uploads\/sites\/4\/2026\/01\/wisembach-parcours-vttterrain-petanque-1.jpg","width":1623,"height":1080},{"@type":"BreadcrumbList","@id":"https:\/\/vosgesinfo.fr\/saintdieinfo\/2026\/01\/wisembach-se-dote-dun-terrain-de-petanque-et-dun-parcours-vtt\/#breadcrumb","itemListElement":[{"@type":"ListItem","position":1,"name":"Home","item":"https:\/\/vosgesinfo.fr\/saintdieinfo\/"},{"@type":"ListItem","position":2,"name":"Wisembach se dote d\u2019un terrain de p\u00e9tanque et d\u2019un parcours VTT"}]},{"@type":"WebSite","@id":"https:\/\/vosgesinfo.fr\/saintdieinfo\/#website","url":"https:\/\/vosgesinfo.fr\/saintdieinfo\/","name":"Saint Die Info","description":"Toute l&#039;actualit\u00e9 de Saint-Di\u00e9-Des-Vosges","publisher":{"@id":"https:\/\/vosgesinfo.fr\/saintdieinfo\/#organization"},"alternateName":"Toute l'actualit\u00e9 de Saint-Di\u00e9-Des-Vosges","potentialAction":[{"@type":"SearchAction","target":{"@type":"EntryPoint","urlTemplate":"https:\/\/vosgesinfo.fr\/saintdieinfo\/?s={search_term_string}"},"query-input":"required name=search_term_string"}],"inLanguage":"fr-FR"},{"@type":"Organization","@id":"https:\/\/vosgesinfo.fr\/saintdieinfo\/#organization","name":"Saint Die Info","url":"https:\/\/vosgesinfo.fr\/saintdieinfo\/","logo":{"@type":"ImageObject","inLanguage":"fr-FR","@id":"https:\/\/vosgesinfo.fr\/saintdieinfo\/#\/schema\/logo\/image\/","url":"https:\/\/vosgesinfo.fr\/app\/uploads\/sites\/4\/2024\/02\/logo-sdi.jpg","contentUrl":"https:\/\/vosgesinfo.fr\/app\/uploads\/sites\/4\/2024\/02\/logo-sdi.jpg","width":600,"height":600,"caption":"Saint Die Info"},"image":{"@id":"https:\/\/vosgesinfo.fr\/saintdieinfo\/#\/schema\/logo\/image\/"},"sameAs":["https:\/\/www.facebook.com\/Saintdieinfofr","https:\/\/x.com\/VosgesInfo88","https:\/\/www.youtube.com\/@vosgesinfo"]},{"@type":"Person","@id":"https:\/\/vosgesinfo.fr\/saintdieinfo\/#\/schema\/person\/fa73e9f726d67bb88f46d5b7943cb572","name":"J.J.","image":{"@type":"ImageObject","inLanguage":"fr-FR","@id":"https:\/\/vosgesinfo.fr\/saintdieinfo\/#\/schema\/person\/image\/","url":"https:\/\/secure.gravatar.com\/avatar\/219e749e47ffbcca018a360ae4add7d4cdf1cdaaf8bc7676b27efade3fe65615?s=96&d=mm&r=g","contentUrl":"https:\/\/secure.gravatar.com\/avatar\/219e749e47ffbcca018a360ae4add7d4cdf1cdaaf8bc7676b27efade3fe65615?s=96&d=mm&r=g","caption":"J.J."},"url":"https:\/\/vosgesinfo.fr\/saintdieinfo\/author\/j-j\/"}]}},"_links":{"self":[{"href":"https:\/\/vosgesinfo.fr\/saintdieinfo\/wp-json\/wp\/v2\/posts\/87147","targetHints":{"allow":["GET"]}}],"collection":[{"href":"https:\/\/vosgesinfo.fr\/saintdieinfo\/wp-json\/wp\/v2\/posts"}],"about":[{"href":"https:\/\/vosgesinfo.fr\/saintdieinfo\/wp-json\/wp\/v2\/types\/post"}],"author":[{"embeddable":true,"href":"https:\/\/vosgesinfo.fr\/saintdieinfo\/wp-json\/wp\/v2\/users\/46"}],"replies":[{"embeddable":true,"href":"https:\/\/vosgesinfo.fr\/saintdieinfo\/wp-json\/wp\/v2\/comments?post=87147"}],"version-history":[{"count":1,"href":"https:\/\/vosgesinfo.fr\/saintdieinfo\/wp-json\/wp\/v2\/posts\/87147\/revisions"}],"predecessor-version":[{"id":87150,"href":"https:\/\/vosgesinfo.fr\/saintdieinfo\/wp-json\/wp\/v2\/posts\/87147\/revisions\/87150"}],"wp:featuredmedia":[{"embeddable":true,"href":"https:\/\/vosgesinfo.fr\/saintdieinfo\/wp-json\/wp\/v2\/media\/87149"}],"wp:attachment":[{"href":"https:\/\/vosgesinfo.fr\/saintdieinfo\/wp-json\/wp\/v2\/media?parent=87147"}],"wp:term":[{"taxonomy":"category","embeddable":true,"href":"https:\/\/vosgesinfo.fr\/saintdieinfo\/wp-json\/wp\/v2\/categories?post=87147"},{"taxonomy":"post_tag","embeddable":true,"href":"https:\/\/vosgesinfo.fr\/saintdieinfo\/wp-json\/wp\/v2\/tags?post=87147"}],"curies":[{"name":"wp","href":"https:\/\/api.w.org\/{rel}","templated":true}]}}