{"id":87167,"date":"2026-01-26T11:42:08","date_gmt":"2026-01-26T10:42:08","guid":{"rendered":"https:\/\/vosgesinfo.fr\/saintdieinfo\/?p=87167"},"modified":"2026-01-26T11:30:28","modified_gmt":"2026-01-26T10:30:28","slug":"raon-letape-362-volontaires-mobilises-pour-tenter-de-retrouver-catherine-louis","status":"publish","type":"post","link":"https:\/\/vosgesinfo.fr\/saintdieinfo\/2026\/01\/raon-letape-362-volontaires-mobilises-pour-tenter-de-retrouver-catherine-louis\/","title":{"rendered":"Raon-l\u2019\u00c9tape \u2013 362 volontaires mobilis\u00e9s pour tenter de retrouver Catherine Louis"},"content":{"rendered":"<div id=\"attachment_87168\" style=\"width: 1034px\" class=\"wp-caption alignnone\"><a href=\"https:\/\/vosgesinfo.fr\/app\/uploads\/sites\/4\/2026\/01\/raon-letape-battue-recherche-catherine-louis.jpg\"><img decoding=\"async\" aria-describedby=\"caption-attachment-87168\" class=\"size-large wp-image-87168\" src=\"https:\/\/vosgesinfo.fr\/app\/uploads\/sites\/4\/2026\/01\/raon-letape-battue-recherche-catherine-louis-1024x681.jpg\" alt=\"\" width=\"1024\" height=\"681\" srcset=\"https:\/\/vosgesinfo.fr\/app\/uploads\/sites\/4\/2026\/01\/raon-letape-battue-recherche-catherine-louis-1024x681.jpg 1024w, https:\/\/vosgesinfo.fr\/app\/uploads\/sites\/4\/2026\/01\/raon-letape-battue-recherche-catherine-louis-300x199.jpg 300w, https:\/\/vosgesinfo.fr\/app\/uploads\/sites\/4\/2026\/01\/raon-letape-battue-recherche-catherine-louis-768x511.jpg 768w, https:\/\/vosgesinfo.fr\/app\/uploads\/sites\/4\/2026\/01\/raon-letape-battue-recherche-catherine-louis.jpg 1289w\" sizes=\"(max-width: 1024px) 100vw, 1024px\" \/><\/a><p id=\"caption-attachment-87168\" class=\"wp-caption-text\">(Photographie Ville de Raon-l&rsquo;Etape)<\/p><\/div>\n<h2>Hier dimanche, un important dispositif a \u00e9t\u00e9 d\u00e9ploy\u00e9 sur le secteur de <strong>Raon-l\u2019\u00c9tape<\/strong> pour retrouver <strong>Catherine Louis,\u00a0<a href=\"https:\/\/vosgesinfo.fr\/saintdieinfo\/2026\/01\/raon-letape-les-recherches-sintensifient-pour-retrouver-catherine-louis\/\" target=\"_blank\" rel=\"noopener\">disparue depuis le samedi 17 janvier<\/a><\/strong>, sans permettre de la localiser. Au total, <strong>362 volontaires<\/strong>, r\u00e9partis en 32 groupes, ont ratiss\u00e9 35 secteurs sur le territoire de Raon-l\u2019\u00c9tape et ses environs, jusqu\u2019\u00e0 <strong>Baccarat<\/strong>.<\/h2>\n<p><!--more--><\/p>\n<h3><strong>Un dispositif renforc\u00e9 sur zones urbaines et foresti\u00e8res<\/strong><\/h3>\n<p>Les recherches ont \u00e9t\u00e9 encadr\u00e9es par l\u2019<strong>Unit\u00e9 Mobile d&rsquo;Intervention et de Secours \u2013 UMIS \u2013 67<\/strong>, avec <strong>quatre secouristes<\/strong>, ainsi que par les dix membres de l\u2019<strong>\u00e9quipe Cynotechnique 67<\/strong> et leurs <strong>six chiens de qu\u00eate<\/strong>. <strong>Zones urbaines et secteurs forestiers<\/strong> ont \u00e9t\u00e9 explor\u00e9s \u00e0 la recherche de tout \u00e9l\u00e9ment susceptible d\u2019apporter des r\u00e9ponses.<\/p>\n<p>Le dispositif a \u00e9galement \u00e9t\u00e9 renforc\u00e9 par la pr\u00e9sence de <strong>deux kayakistes, d\u2019un drone, d\u2019agents de l\u2019ONF, de la gendarmerie, d\u2019\u00e9quipes de chasseurs, de deux groupes de sapeurs-pompiers et de la Croix-Rouge<\/strong>. D\u2019autres actions seront tr\u00e8s rapidement engag\u00e9es afin de poursuivre les recherches.<\/p>\n<h3><strong>Signalement de Catherine Louis<\/strong><\/h3>\n<p>Catherine Louis est \u00e2g\u00e9e de 65 ans. Elle mesure environ <strong>1,57 m<\/strong> et est de corpulence tr\u00e8s mince. Elle a les cheveux mi-longs tr\u00e8s clairs et les yeux bleus. Selon sa famille, elle serait partie \u00e0 pied, v\u00eatue d\u2019un <strong>blouson gris<\/strong>, de <strong>bottines noires<\/strong> et d\u2019un <strong>bonnet bleu<\/strong>, et porterait un <strong>sac \u00e0 dos de randonn\u00e9e<\/strong>.<\/p>\n<h3 data-start=\"1182\" data-end=\"1203\"><strong>Appel \u00e0 t\u00e9moins<\/strong><\/h3>\n<p>Toute personne disposant d\u2019informations susceptibles d\u2019aider les recherches est invit\u00e9e \u00e0 contacter la <strong>Gendarmerie de Raon-l\u2019\u00c9tape<\/strong> ou l\u2019un des num\u00e9ros suivants : <strong>06-25-76-46-45, 06-76-54-29-62 ou 06-29-95-30-47<\/strong>.<\/p>\n<p><a href=\"https:\/\/vosgesinfo.fr\/app\/uploads\/sites\/4\/2026\/01\/avis-recherche-catherine-louis.jpg\"><img decoding=\"async\" class=\"alignnone size-full wp-image-87093\" src=\"https:\/\/vosgesinfo.fr\/app\/uploads\/sites\/4\/2026\/01\/avis-recherche-catherine-louis.jpg\" alt=\"\" width=\"730\" height=\"720\" srcset=\"https:\/\/vosgesinfo.fr\/app\/uploads\/sites\/4\/2026\/01\/avis-recherche-catherine-louis.jpg 730w, https:\/\/vosgesinfo.fr\/app\/uploads\/sites\/4\/2026\/01\/avis-recherche-catherine-louis-300x296.jpg 300w\" sizes=\"(max-width: 730px) 100vw, 730px\" \/><\/a><\/p>\n","protected":false},"excerpt":{"rendered":"<p>Hier dimanche, un important dispositif a \u00e9t\u00e9 d\u00e9ploy\u00e9 sur le secteur de Raon-l\u2019\u00c9tape pour retrouver Catherine Louis,\u00a0disparue depuis le samedi [&hellip;]<\/p>\n","protected":false},"author":46,"featured_media":87168,"comment_status":"open","ping_status":"open","sticky":false,"template":"","format":"standard","meta":{"footnotes":""},"categories":[460,3903,18],"tags":[542,3105,19919,19944,4736,146,2146,19943,901,7282,2654,19945,1233,19918],"class_list":["post-87167","post","type-post","status-publish","format-standard","has-post-thumbnail","hentry","category-a-la-une","category-deodatie","category-vosges","tag-appel-a-temoins","tag-baccarat","tag-catherine-louis","tag-chiens-de-quete","tag-croix-rouge","tag-disparition","tag-drone","tag-equipe-cynotechnique-67","tag-gendarmerie","tag-onf","tag-raon-letape","tag-recherches","tag-sapeurs-pompiers","tag-umis-67"],"acf":[],"yoast_head":"<!-- This site is optimized with the Yoast SEO plugin v22.5 - https:\/\/yoast.com\/wordpress\/plugins\/seo\/ -->\n<title>Raon-l\u2019\u00c9tape \u2013 362 volontaires mobilis\u00e9s pour tenter de retrouver Catherine Louis - Saint Die Info<\/title>\n<meta name=\"robots\" content=\"index, follow, max-snippet:-1, max-image-preview:large, max-video-preview:-1\" \/>\n<link rel=\"canonical\" href=\"https:\/\/vosgesinfo.fr\/saintdieinfo\/2026\/01\/raon-letape-362-volontaires-mobilises-pour-tenter-de-retrouver-catherine-louis\/\" \/>\n<meta name=\"twitter:card\" content=\"summary_large_image\" \/>\n<meta name=\"twitter:title\" content=\"Raon-l\u2019\u00c9tape \u2013 362 volontaires mobilis\u00e9s pour tenter de retrouver Catherine Louis - Saint Die Info\" \/>\n<meta name=\"twitter:description\" content=\"Hier dimanche, un important dispositif a \u00e9t\u00e9 d\u00e9ploy\u00e9 sur le secteur de Raon-l\u2019\u00c9tape pour retrouver Catherine Louis,\u00a0disparue depuis le samedi [&hellip;]\" \/>\n<meta name=\"twitter:image\" content=\"https:\/\/vosgesinfo.fr\/app\/uploads\/sites\/4\/2026\/01\/raon-letape-battue-recherche-catherine-louis.jpg\" \/>\n<meta name=\"twitter:creator\" content=\"@VosgesInfo88\" \/>\n<meta name=\"twitter:site\" content=\"@VosgesInfo88\" \/>\n<meta name=\"twitter:label1\" content=\"\u00c9crit par\" \/>\n\t<meta name=\"twitter:data1\" content=\"J.J.\" \/>\n\t<meta name=\"twitter:label2\" content=\"Dur\u00e9e de lecture estim\u00e9e\" \/>\n\t<meta name=\"twitter:data2\" content=\"2 minutes\" \/>\n<script type=\"application\/ld+json\" class=\"yoast-schema-graph\">{\"@context\":\"https:\/\/schema.org\",\"@graph\":[{\"@type\":\"Article\",\"@id\":\"https:\/\/vosgesinfo.fr\/saintdieinfo\/2026\/01\/raon-letape-362-volontaires-mobilises-pour-tenter-de-retrouver-catherine-louis\/#article\",\"isPartOf\":{\"@id\":\"https:\/\/vosgesinfo.fr\/saintdieinfo\/2026\/01\/raon-letape-362-volontaires-mobilises-pour-tenter-de-retrouver-catherine-louis\/\"},\"author\":{\"name\":\"J.J.\",\"@id\":\"https:\/\/vosgesinfo.fr\/saintdieinfo\/#\/schema\/person\/fa73e9f726d67bb88f46d5b7943cb572\"},\"headline\":\"Raon-l\u2019\u00c9tape \u2013 362 volontaires mobilis\u00e9s pour tenter de retrouver Catherine Louis\",\"datePublished\":\"2026-01-26T10:42:08+00:00\",\"dateModified\":\"2026-01-26T10:30:28+00:00\",\"mainEntityOfPage\":{\"@id\":\"https:\/\/vosgesinfo.fr\/saintdieinfo\/2026\/01\/raon-letape-362-volontaires-mobilises-pour-tenter-de-retrouver-catherine-louis\/\"},\"wordCount\":295,\"commentCount\":0,\"publisher\":{\"@id\":\"https:\/\/vosgesinfo.fr\/saintdieinfo\/#organization\"},\"image\":{\"@id\":\"https:\/\/vosgesinfo.fr\/saintdieinfo\/2026\/01\/raon-letape-362-volontaires-mobilises-pour-tenter-de-retrouver-catherine-louis\/#primaryimage\"},\"thumbnailUrl\":\"https:\/\/vosgesinfo.fr\/app\/uploads\/sites\/4\/2026\/01\/raon-letape-battue-recherche-catherine-louis.jpg\",\"keywords\":[\"appel \u00e0 t\u00e9moins\",\"Baccarat\",\"Catherine Louis\",\"chiens de qu\u00eate\",\"Croix-Rouge\",\"disparition\",\"drone\",\"\u00e9quipe Cynotechnique 67\",\"gendarmerie\",\"ONF\",\"Raon-l\u2019Etape\",\"recherches\",\"sapeurs pompiers\",\"UMIS 67\"],\"articleSection\":[\"A la Une\",\"D\u00e9odatie\",\"Vosges\"],\"inLanguage\":\"fr-FR\",\"potentialAction\":[{\"@type\":\"CommentAction\",\"name\":\"Comment\",\"target\":[\"https:\/\/vosgesinfo.fr\/saintdieinfo\/2026\/01\/raon-letape-362-volontaires-mobilises-pour-tenter-de-retrouver-catherine-louis\/#respond\"]}]},{\"@type\":\"WebPage\",\"@id\":\"https:\/\/vosgesinfo.fr\/saintdieinfo\/2026\/01\/raon-letape-362-volontaires-mobilises-pour-tenter-de-retrouver-catherine-louis\/\",\"url\":\"https:\/\/vosgesinfo.fr\/saintdieinfo\/2026\/01\/raon-letape-362-volontaires-mobilises-pour-tenter-de-retrouver-catherine-louis\/\",\"name\":\"Raon-l\u2019\u00c9tape \u2013 362 volontaires mobilis\u00e9s pour tenter de retrouver Catherine Louis - Saint Die Info\",\"isPartOf\":{\"@id\":\"https:\/\/vosgesinfo.fr\/saintdieinfo\/#website\"},\"primaryImageOfPage\":{\"@id\":\"https:\/\/vosgesinfo.fr\/saintdieinfo\/2026\/01\/raon-letape-362-volontaires-mobilises-pour-tenter-de-retrouver-catherine-louis\/#primaryimage\"},\"image\":{\"@id\":\"https:\/\/vosgesinfo.fr\/saintdieinfo\/2026\/01\/raon-letape-362-volontaires-mobilises-pour-tenter-de-retrouver-catherine-louis\/#primaryimage\"},\"thumbnailUrl\":\"https:\/\/vosgesinfo.fr\/app\/uploads\/sites\/4\/2026\/01\/raon-letape-battue-recherche-catherine-louis.jpg\",\"datePublished\":\"2026-01-26T10:42:08+00:00\",\"dateModified\":\"2026-01-26T10:30:28+00:00\",\"breadcrumb\":{\"@id\":\"https:\/\/vosgesinfo.fr\/saintdieinfo\/2026\/01\/raon-letape-362-volontaires-mobilises-pour-tenter-de-retrouver-catherine-louis\/#breadcrumb\"},\"inLanguage\":\"fr-FR\",\"potentialAction\":[{\"@type\":\"ReadAction\",\"target\":[\"https:\/\/vosgesinfo.fr\/saintdieinfo\/2026\/01\/raon-letape-362-volontaires-mobilises-pour-tenter-de-retrouver-catherine-louis\/\"]}]},{\"@type\":\"ImageObject\",\"inLanguage\":\"fr-FR\",\"@id\":\"https:\/\/vosgesinfo.fr\/saintdieinfo\/2026\/01\/raon-letape-362-volontaires-mobilises-pour-tenter-de-retrouver-catherine-louis\/#primaryimage\",\"url\":\"https:\/\/vosgesinfo.fr\/app\/uploads\/sites\/4\/2026\/01\/raon-letape-battue-recherche-catherine-louis.jpg\",\"contentUrl\":\"https:\/\/vosgesinfo.fr\/app\/uploads\/sites\/4\/2026\/01\/raon-letape-battue-recherche-catherine-louis.jpg\",\"width\":1289,\"height\":857,\"caption\":\"(Photographie Ville de Raon-l'Etape)\"},{\"@type\":\"BreadcrumbList\",\"@id\":\"https:\/\/vosgesinfo.fr\/saintdieinfo\/2026\/01\/raon-letape-362-volontaires-mobilises-pour-tenter-de-retrouver-catherine-louis\/#breadcrumb\",\"itemListElement\":[{\"@type\":\"ListItem\",\"position\":1,\"name\":\"Home\",\"item\":\"https:\/\/vosgesinfo.fr\/saintdieinfo\/\"},{\"@type\":\"ListItem\",\"position\":2,\"name\":\"Raon-l\u2019\u00c9tape \u2013 362 volontaires mobilis\u00e9s pour tenter de retrouver Catherine Louis\"}]},{\"@type\":\"WebSite\",\"@id\":\"https:\/\/vosgesinfo.fr\/saintdieinfo\/#website\",\"url\":\"https:\/\/vosgesinfo.fr\/saintdieinfo\/\",\"name\":\"Saint Die Info\",\"description\":\"Toute l&#039;actualit\u00e9 de Saint-Di\u00e9-Des-Vosges\",\"publisher\":{\"@id\":\"https:\/\/vosgesinfo.fr\/saintdieinfo\/#organization\"},\"alternateName\":\"Toute l'actualit\u00e9 de Saint-Di\u00e9-Des-Vosges\",\"potentialAction\":[{\"@type\":\"SearchAction\",\"target\":{\"@type\":\"EntryPoint\",\"urlTemplate\":\"https:\/\/vosgesinfo.fr\/saintdieinfo\/?s={search_term_string}\"},\"query-input\":\"required name=search_term_string\"}],\"inLanguage\":\"fr-FR\"},{\"@type\":\"Organization\",\"@id\":\"https:\/\/vosgesinfo.fr\/saintdieinfo\/#organization\",\"name\":\"Saint Die Info\",\"url\":\"https:\/\/vosgesinfo.fr\/saintdieinfo\/\",\"logo\":{\"@type\":\"ImageObject\",\"inLanguage\":\"fr-FR\",\"@id\":\"https:\/\/vosgesinfo.fr\/saintdieinfo\/#\/schema\/logo\/image\/\",\"url\":\"https:\/\/vosgesinfo.fr\/app\/uploads\/sites\/4\/2024\/02\/logo-sdi.jpg\",\"contentUrl\":\"https:\/\/vosgesinfo.fr\/app\/uploads\/sites\/4\/2024\/02\/logo-sdi.jpg\",\"width\":600,\"height\":600,\"caption\":\"Saint Die Info\"},\"image\":{\"@id\":\"https:\/\/vosgesinfo.fr\/saintdieinfo\/#\/schema\/logo\/image\/\"},\"sameAs\":[\"https:\/\/www.facebook.com\/Saintdieinfofr\",\"https:\/\/x.com\/VosgesInfo88\",\"https:\/\/www.youtube.com\/@vosgesinfo\"]},{\"@type\":\"Person\",\"@id\":\"https:\/\/vosgesinfo.fr\/saintdieinfo\/#\/schema\/person\/fa73e9f726d67bb88f46d5b7943cb572\",\"name\":\"J.J.\",\"image\":{\"@type\":\"ImageObject\",\"inLanguage\":\"fr-FR\",\"@id\":\"https:\/\/vosgesinfo.fr\/saintdieinfo\/#\/schema\/person\/image\/\",\"url\":\"https:\/\/secure.gravatar.com\/avatar\/219e749e47ffbcca018a360ae4add7d4cdf1cdaaf8bc7676b27efade3fe65615?s=96&d=mm&r=g\",\"contentUrl\":\"https:\/\/secure.gravatar.com\/avatar\/219e749e47ffbcca018a360ae4add7d4cdf1cdaaf8bc7676b27efade3fe65615?s=96&d=mm&r=g\",\"caption\":\"J.J.\"},\"url\":\"https:\/\/vosgesinfo.fr\/saintdieinfo\/author\/j-j\/\"}]}<\/script>\n<!-- \/ Yoast SEO plugin. -->","yoast_head_json":{"title":"Raon-l\u2019\u00c9tape \u2013 362 volontaires mobilis\u00e9s pour tenter de retrouver Catherine Louis - Saint Die Info","robots":{"index":"index","follow":"follow","max-snippet":"max-snippet:-1","max-image-preview":"max-image-preview:large","max-video-preview":"max-video-preview:-1"},"canonical":"https:\/\/vosgesinfo.fr\/saintdieinfo\/2026\/01\/raon-letape-362-volontaires-mobilises-pour-tenter-de-retrouver-catherine-louis\/","twitter_card":"summary_large_image","twitter_title":"Raon-l\u2019\u00c9tape \u2013 362 volontaires mobilis\u00e9s pour tenter de retrouver Catherine Louis - Saint Die Info","twitter_description":"Hier dimanche, un important dispositif a \u00e9t\u00e9 d\u00e9ploy\u00e9 sur le secteur de Raon-l\u2019\u00c9tape pour retrouver Catherine Louis,\u00a0disparue depuis le samedi [&hellip;]","twitter_image":"https:\/\/vosgesinfo.fr\/app\/uploads\/sites\/4\/2026\/01\/raon-letape-battue-recherche-catherine-louis.jpg","twitter_creator":"@VosgesInfo88","twitter_site":"@VosgesInfo88","twitter_misc":{"\u00c9crit par":"J.J.","Dur\u00e9e de lecture estim\u00e9e":"2 minutes"},"schema":{"@context":"https:\/\/schema.org","@graph":[{"@type":"Article","@id":"https:\/\/vosgesinfo.fr\/saintdieinfo\/2026\/01\/raon-letape-362-volontaires-mobilises-pour-tenter-de-retrouver-catherine-louis\/#article","isPartOf":{"@id":"https:\/\/vosgesinfo.fr\/saintdieinfo\/2026\/01\/raon-letape-362-volontaires-mobilises-pour-tenter-de-retrouver-catherine-louis\/"},"author":{"name":"J.J.","@id":"https:\/\/vosgesinfo.fr\/saintdieinfo\/#\/schema\/person\/fa73e9f726d67bb88f46d5b7943cb572"},"headline":"Raon-l\u2019\u00c9tape \u2013 362 volontaires mobilis\u00e9s pour tenter de retrouver Catherine Louis","datePublished":"2026-01-26T10:42:08+00:00","dateModified":"2026-01-26T10:30:28+00:00","mainEntityOfPage":{"@id":"https:\/\/vosgesinfo.fr\/saintdieinfo\/2026\/01\/raon-letape-362-volontaires-mobilises-pour-tenter-de-retrouver-catherine-louis\/"},"wordCount":295,"commentCount":0,"publisher":{"@id":"https:\/\/vosgesinfo.fr\/saintdieinfo\/#organization"},"image":{"@id":"https:\/\/vosgesinfo.fr\/saintdieinfo\/2026\/01\/raon-letape-362-volontaires-mobilises-pour-tenter-de-retrouver-catherine-louis\/#primaryimage"},"thumbnailUrl":"https:\/\/vosgesinfo.fr\/app\/uploads\/sites\/4\/2026\/01\/raon-letape-battue-recherche-catherine-louis.jpg","keywords":["appel \u00e0 t\u00e9moins","Baccarat","Catherine Louis","chiens de qu\u00eate","Croix-Rouge","disparition","drone","\u00e9quipe Cynotechnique 67","gendarmerie","ONF","Raon-l\u2019Etape","recherches","sapeurs pompiers","UMIS 67"],"articleSection":["A la Une","D\u00e9odatie","Vosges"],"inLanguage":"fr-FR","potentialAction":[{"@type":"CommentAction","name":"Comment","target":["https:\/\/vosgesinfo.fr\/saintdieinfo\/2026\/01\/raon-letape-362-volontaires-mobilises-pour-tenter-de-retrouver-catherine-louis\/#respond"]}]},{"@type":"WebPage","@id":"https:\/\/vosgesinfo.fr\/saintdieinfo\/2026\/01\/raon-letape-362-volontaires-mobilises-pour-tenter-de-retrouver-catherine-louis\/","url":"https:\/\/vosgesinfo.fr\/saintdieinfo\/2026\/01\/raon-letape-362-volontaires-mobilises-pour-tenter-de-retrouver-catherine-louis\/","name":"Raon-l\u2019\u00c9tape \u2013 362 volontaires mobilis\u00e9s pour tenter de retrouver Catherine Louis - Saint Die Info","isPartOf":{"@id":"https:\/\/vosgesinfo.fr\/saintdieinfo\/#website"},"primaryImageOfPage":{"@id":"https:\/\/vosgesinfo.fr\/saintdieinfo\/2026\/01\/raon-letape-362-volontaires-mobilises-pour-tenter-de-retrouver-catherine-louis\/#primaryimage"},"image":{"@id":"https:\/\/vosgesinfo.fr\/saintdieinfo\/2026\/01\/raon-letape-362-volontaires-mobilises-pour-tenter-de-retrouver-catherine-louis\/#primaryimage"},"thumbnailUrl":"https:\/\/vosgesinfo.fr\/app\/uploads\/sites\/4\/2026\/01\/raon-letape-battue-recherche-catherine-louis.jpg","datePublished":"2026-01-26T10:42:08+00:00","dateModified":"2026-01-26T10:30:28+00:00","breadcrumb":{"@id":"https:\/\/vosgesinfo.fr\/saintdieinfo\/2026\/01\/raon-letape-362-volontaires-mobilises-pour-tenter-de-retrouver-catherine-louis\/#breadcrumb"},"inLanguage":"fr-FR","potentialAction":[{"@type":"ReadAction","target":["https:\/\/vosgesinfo.fr\/saintdieinfo\/2026\/01\/raon-letape-362-volontaires-mobilises-pour-tenter-de-retrouver-catherine-louis\/"]}]},{"@type":"ImageObject","inLanguage":"fr-FR","@id":"https:\/\/vosgesinfo.fr\/saintdieinfo\/2026\/01\/raon-letape-362-volontaires-mobilises-pour-tenter-de-retrouver-catherine-louis\/#primaryimage","url":"https:\/\/vosgesinfo.fr\/app\/uploads\/sites\/4\/2026\/01\/raon-letape-battue-recherche-catherine-louis.jpg","contentUrl":"https:\/\/vosgesinfo.fr\/app\/uploads\/sites\/4\/2026\/01\/raon-letape-battue-recherche-catherine-louis.jpg","width":1289,"height":857,"caption":"(Photographie Ville de Raon-l'Etape)"},{"@type":"BreadcrumbList","@id":"https:\/\/vosgesinfo.fr\/saintdieinfo\/2026\/01\/raon-letape-362-volontaires-mobilises-pour-tenter-de-retrouver-catherine-louis\/#breadcrumb","itemListElement":[{"@type":"ListItem","position":1,"name":"Home","item":"https:\/\/vosgesinfo.fr\/saintdieinfo\/"},{"@type":"ListItem","position":2,"name":"Raon-l\u2019\u00c9tape \u2013 362 volontaires mobilis\u00e9s pour tenter de retrouver Catherine Louis"}]},{"@type":"WebSite","@id":"https:\/\/vosgesinfo.fr\/saintdieinfo\/#website","url":"https:\/\/vosgesinfo.fr\/saintdieinfo\/","name":"Saint Die Info","description":"Toute l&#039;actualit\u00e9 de Saint-Di\u00e9-Des-Vosges","publisher":{"@id":"https:\/\/vosgesinfo.fr\/saintdieinfo\/#organization"},"alternateName":"Toute l'actualit\u00e9 de Saint-Di\u00e9-Des-Vosges","potentialAction":[{"@type":"SearchAction","target":{"@type":"EntryPoint","urlTemplate":"https:\/\/vosgesinfo.fr\/saintdieinfo\/?s={search_term_string}"},"query-input":"required name=search_term_string"}],"inLanguage":"fr-FR"},{"@type":"Organization","@id":"https:\/\/vosgesinfo.fr\/saintdieinfo\/#organization","name":"Saint Die Info","url":"https:\/\/vosgesinfo.fr\/saintdieinfo\/","logo":{"@type":"ImageObject","inLanguage":"fr-FR","@id":"https:\/\/vosgesinfo.fr\/saintdieinfo\/#\/schema\/logo\/image\/","url":"https:\/\/vosgesinfo.fr\/app\/uploads\/sites\/4\/2024\/02\/logo-sdi.jpg","contentUrl":"https:\/\/vosgesinfo.fr\/app\/uploads\/sites\/4\/2024\/02\/logo-sdi.jpg","width":600,"height":600,"caption":"Saint Die Info"},"image":{"@id":"https:\/\/vosgesinfo.fr\/saintdieinfo\/#\/schema\/logo\/image\/"},"sameAs":["https:\/\/www.facebook.com\/Saintdieinfofr","https:\/\/x.com\/VosgesInfo88","https:\/\/www.youtube.com\/@vosgesinfo"]},{"@type":"Person","@id":"https:\/\/vosgesinfo.fr\/saintdieinfo\/#\/schema\/person\/fa73e9f726d67bb88f46d5b7943cb572","name":"J.J.","image":{"@type":"ImageObject","inLanguage":"fr-FR","@id":"https:\/\/vosgesinfo.fr\/saintdieinfo\/#\/schema\/person\/image\/","url":"https:\/\/secure.gravatar.com\/avatar\/219e749e47ffbcca018a360ae4add7d4cdf1cdaaf8bc7676b27efade3fe65615?s=96&d=mm&r=g","contentUrl":"https:\/\/secure.gravatar.com\/avatar\/219e749e47ffbcca018a360ae4add7d4cdf1cdaaf8bc7676b27efade3fe65615?s=96&d=mm&r=g","caption":"J.J."},"url":"https:\/\/vosgesinfo.fr\/saintdieinfo\/author\/j-j\/"}]}},"_links":{"self":[{"href":"https:\/\/vosgesinfo.fr\/saintdieinfo\/wp-json\/wp\/v2\/posts\/87167","targetHints":{"allow":["GET"]}}],"collection":[{"href":"https:\/\/vosgesinfo.fr\/saintdieinfo\/wp-json\/wp\/v2\/posts"}],"about":[{"href":"https:\/\/vosgesinfo.fr\/saintdieinfo\/wp-json\/wp\/v2\/types\/post"}],"author":[{"embeddable":true,"href":"https:\/\/vosgesinfo.fr\/saintdieinfo\/wp-json\/wp\/v2\/users\/46"}],"replies":[{"embeddable":true,"href":"https:\/\/vosgesinfo.fr\/saintdieinfo\/wp-json\/wp\/v2\/comments?post=87167"}],"version-history":[{"count":2,"href":"https:\/\/vosgesinfo.fr\/saintdieinfo\/wp-json\/wp\/v2\/posts\/87167\/revisions"}],"predecessor-version":[{"id":87170,"href":"https:\/\/vosgesinfo.fr\/saintdieinfo\/wp-json\/wp\/v2\/posts\/87167\/revisions\/87170"}],"wp:featuredmedia":[{"embeddable":true,"href":"https:\/\/vosgesinfo.fr\/saintdieinfo\/wp-json\/wp\/v2\/media\/87168"}],"wp:attachment":[{"href":"https:\/\/vosgesinfo.fr\/saintdieinfo\/wp-json\/wp\/v2\/media?parent=87167"}],"wp:term":[{"taxonomy":"category","embeddable":true,"href":"https:\/\/vosgesinfo.fr\/saintdieinfo\/wp-json\/wp\/v2\/categories?post=87167"},{"taxonomy":"post_tag","embeddable":true,"href":"https:\/\/vosgesinfo.fr\/saintdieinfo\/wp-json\/wp\/v2\/tags?post=87167"}],"curies":[{"name":"wp","href":"https:\/\/api.w.org\/{rel}","templated":true}]}}