{"id":87171,"date":"2026-01-26T12:32:09","date_gmt":"2026-01-26T11:32:09","guid":{"rendered":"https:\/\/vosgesinfo.fr\/saintdieinfo\/?p=87171"},"modified":"2026-01-26T12:21:18","modified_gmt":"2026-01-26T11:21:18","slug":"realites-enchevetrees-sarah-teulet-fait-dialoguer-ville-et-nature-a-la-boussole","status":"publish","type":"post","link":"https:\/\/vosgesinfo.fr\/saintdieinfo\/2026\/01\/realites-enchevetrees-sarah-teulet-fait-dialoguer-ville-et-nature-a-la-boussole\/","title":{"rendered":"R\u00e9alit\u00e9s enchev\u00eatr\u00e9es : Sarah Teulet fait dialoguer ville et nature \u00e0 La Boussole"},"content":{"rendered":"<div id=\"attachment_87189\" style=\"width: 1034px\" class=\"wp-caption alignnone\"><a href=\"https:\/\/vosgesinfo.fr\/app\/uploads\/sites\/4\/2026\/01\/exposition-sarah-teulet-la-boussole-5.jpg\"><img decoding=\"async\" aria-describedby=\"caption-attachment-87189\" class=\"size-large wp-image-87189\" src=\"https:\/\/vosgesinfo.fr\/app\/uploads\/sites\/4\/2026\/01\/exposition-sarah-teulet-la-boussole-5-1024x683.jpg\" alt=\"\" width=\"1024\" height=\"683\" srcset=\"https:\/\/vosgesinfo.fr\/app\/uploads\/sites\/4\/2026\/01\/exposition-sarah-teulet-la-boussole-5-1024x683.jpg 1024w, https:\/\/vosgesinfo.fr\/app\/uploads\/sites\/4\/2026\/01\/exposition-sarah-teulet-la-boussole-5-300x200.jpg 300w, https:\/\/vosgesinfo.fr\/app\/uploads\/sites\/4\/2026\/01\/exposition-sarah-teulet-la-boussole-5-768x512.jpg 768w, https:\/\/vosgesinfo.fr\/app\/uploads\/sites\/4\/2026\/01\/exposition-sarah-teulet-la-boussole-5.jpg 1200w\" sizes=\"(max-width: 1024px) 100vw, 1024px\" \/><\/a><p id=\"caption-attachment-87189\" class=\"wp-caption-text\">(Photographies Marc Fourniquet)<\/p><\/div>\n<h2 data-start=\"0\" data-end=\"416\">Le vernissage de L&rsquo;exposition <strong data-start=\"30\" data-end=\"90\">\u00ab\u00a0R\u00e9alit\u00e9s enchev\u00eatr\u00e9es : dialogue entre ville et nature\u00a0\u00bb<\/strong> de l&rsquo;artiste <strong data-start=\"104\" data-end=\"120\">Sarah Teulet<\/strong> s&rsquo;est tenu ce samedi en fin de matin\u00e9e \u00e0 <strong data-start=\"162\" data-end=\"177\">La Boussole<\/strong>. Au fil de l&rsquo;exposition, qui s&rsquo;inscrit dans le cadre des <a href=\"https:\/\/vosgesinfo.fr\/saintdieinfo\/2026\/01\/nuits-de-la-lecture-expositions-ateliers-et-lectures-dans-les-mediatheques-escales\/\" target=\"_blank\" rel=\"noopener\"><strong>Nuits de la Lecture du r\u00e9seau Escales<\/strong><\/a>, une cinquantaine d&rsquo;\u0153uvres, <strong data-start=\"305\" data-end=\"332\">dessins et s\u00e9rigraphies<\/strong>, sont visibles jusqu&rsquo;au 24 f\u00e9vrier prochain, aux heures d&rsquo;ouverture de la Boussole.<\/h2>\n<p data-start=\"0\" data-end=\"416\"><!--more--><\/p>\n<h3 data-start=\"0\" data-end=\"416\"><strong>Une artiste s\u00e9rigraphe install\u00e9e \u00e0 Saint-Di\u00e9-des-Vosges<\/strong><\/h3>\n<p data-start=\"418\" data-end=\"987\"><strong data-start=\"418\" data-end=\"440\">Artiste s\u00e9rigraphe<\/strong> originaire des <strong data-start=\"456\" data-end=\"466\">Vosges<\/strong>, Sarah Teulet cr\u00e9e ses \u0153uvres dans un atelier install\u00e9 au sein de <strong data-start=\"533\" data-end=\"546\" data-is-only-node=\"\">La Friche<\/strong> \u00e0 <strong data-start=\"549\" data-end=\"573\">Saint-Di\u00e9-des-Vosges<\/strong>, dans le <strong data-start=\"583\" data-end=\"600\">quartier gare<\/strong>. \u00c0 travers ses illustrations, elle porte un regard attentif sur le territoire et interroge la place de l\u2019\u00eatre humain dans son environnement naturel et social.<\/p>\n<h3 data-start=\"418\" data-end=\"987\"><strong>Un dialogue entre humain, nature et urbain<\/strong><\/h3>\n<p data-start=\"418\" data-end=\"987\">Les dessins de Sarah Teulet explorent les <strong data-start=\"802\" data-end=\"816\">\u00e9quilibres<\/strong> entre <strong data-start=\"823\" data-end=\"858\">l\u2019humain, la nature et l\u2019urbain<\/strong>. Par l\u2019image, elle questionne la <strong data-start=\"892\" data-end=\"917\">soci\u00e9t\u00e9 contemporaine<\/strong> et la fa\u00e7on dont celle-ci entretient une <strong data-start=\"959\" data-end=\"986\">relation avec la nature<\/strong>.<\/p>\n\n\t\t<style type=\"text\/css\">\n\t\t\t#gallery-1 {\n\t\t\t\tmargin: auto;\n\t\t\t}\n\t\t\t#gallery-1 .gallery-item {\n\t\t\t\tfloat: left;\n\t\t\t\tmargin-top: 10px;\n\t\t\t\ttext-align: center;\n\t\t\t\twidth: 50%;\n\t\t\t}\n\t\t\t#gallery-1 img {\n\t\t\t\tborder: 2px solid #cfcfcf;\n\t\t\t}\n\t\t\t#gallery-1 .gallery-caption {\n\t\t\t\tmargin-left: 0;\n\t\t\t}\n\t\t\t\/* see gallery_shortcode() in wp-includes\/media.php *\/\n\t\t<\/style>\n\t\t<div id='gallery-1' class='gallery galleryid-87171 gallery-columns-2 gallery-size-thumbnail'><dl class='gallery-item'>\n\t\t\t<dt class='gallery-icon landscape'>\n\t\t\t\t<a href='https:\/\/vosgesinfo.fr\/app\/uploads\/sites\/4\/2026\/01\/exposition-sarah-teulet-la-boussole-4.jpg'><img decoding=\"async\" width=\"150\" height=\"150\" src=\"https:\/\/vosgesinfo.fr\/app\/uploads\/sites\/4\/2026\/01\/exposition-sarah-teulet-la-boussole-4-150x150.jpg\" class=\"attachment-thumbnail size-thumbnail\" alt=\"\" \/><\/a>\n\t\t\t<\/dt><\/dl><dl class='gallery-item'>\n\t\t\t<dt class='gallery-icon landscape'>\n\t\t\t\t<a href='https:\/\/vosgesinfo.fr\/app\/uploads\/sites\/4\/2026\/01\/exposition-sarah-teulet-la-boussole-3.jpg'><img decoding=\"async\" width=\"150\" height=\"150\" src=\"https:\/\/vosgesinfo.fr\/app\/uploads\/sites\/4\/2026\/01\/exposition-sarah-teulet-la-boussole-3-150x150.jpg\" class=\"attachment-thumbnail size-thumbnail\" alt=\"\" \/><\/a>\n\t\t\t<\/dt><\/dl><br style=\"clear: both\" \/><dl class='gallery-item'>\n\t\t\t<dt class='gallery-icon landscape'>\n\t\t\t\t<a href='https:\/\/vosgesinfo.fr\/app\/uploads\/sites\/4\/2026\/01\/exposition-sarah-teulet-la-boussole-2.jpg'><img decoding=\"async\" width=\"150\" height=\"150\" src=\"https:\/\/vosgesinfo.fr\/app\/uploads\/sites\/4\/2026\/01\/exposition-sarah-teulet-la-boussole-2-150x150.jpg\" class=\"attachment-thumbnail size-thumbnail\" alt=\"\" \/><\/a>\n\t\t\t<\/dt><\/dl><dl class='gallery-item'>\n\t\t\t<dt class='gallery-icon landscape'>\n\t\t\t\t<a href='https:\/\/vosgesinfo.fr\/app\/uploads\/sites\/4\/2026\/01\/exposition-sarah-teulet-la-boussole-1.jpg'><img decoding=\"async\" width=\"150\" height=\"150\" src=\"https:\/\/vosgesinfo.fr\/app\/uploads\/sites\/4\/2026\/01\/exposition-sarah-teulet-la-boussole-1-150x150.jpg\" class=\"attachment-thumbnail size-thumbnail\" alt=\"\" \/><\/a>\n\t\t\t<\/dt><\/dl><br style=\"clear: both\" \/>\n\t\t<\/div>\n\n","protected":false},"excerpt":{"rendered":"<p>Le vernissage de L&rsquo;exposition \u00ab\u00a0R\u00e9alit\u00e9s enchev\u00eatr\u00e9es : dialogue entre ville et nature\u00a0\u00bb de l&rsquo;artiste Sarah Teulet s&rsquo;est tenu ce samedi [&hellip;]<\/p>\n","protected":false},"author":46,"featured_media":87189,"comment_status":"open","ping_status":"open","sticky":false,"template":"","format":"standard","meta":{"footnotes":""},"categories":[460,8019,167,2915],"tags":[19947,200,3027,3176,577,19946,3255,2881,3178,6245,43],"class_list":["post-87171","post","type-post","status-publish","format-standard","has-post-thumbnail","hentry","category-a-la-une","category-vie-artistique-art-culture","category-saint-die-des-vosges","category-saint-die-son-canton","tag-dessins","tag-exposition","tag-la-boussole","tag-la-friche","tag-nuits-de-la-lecture","tag-realites-enchevetrees","tag-reseau-escales","tag-saint-die-des-vosges","tag-sarah-teulet","tag-serigraphie","tag-vosges"],"acf":[],"yoast_head":"<!-- This site is optimized with the Yoast SEO plugin v22.5 - https:\/\/yoast.com\/wordpress\/plugins\/seo\/ -->\n<title>R\u00e9alit\u00e9s enchev\u00eatr\u00e9es : Sarah Teulet fait dialoguer ville et nature \u00e0 La Boussole - Saint Die Info<\/title>\n<meta name=\"robots\" content=\"index, follow, max-snippet:-1, max-image-preview:large, max-video-preview:-1\" \/>\n<link rel=\"canonical\" href=\"https:\/\/vosgesinfo.fr\/saintdieinfo\/2026\/01\/realites-enchevetrees-sarah-teulet-fait-dialoguer-ville-et-nature-a-la-boussole\/\" \/>\n<meta name=\"twitter:card\" content=\"summary_large_image\" \/>\n<meta name=\"twitter:title\" content=\"R\u00e9alit\u00e9s enchev\u00eatr\u00e9es : Sarah Teulet fait dialoguer ville et nature \u00e0 La Boussole - Saint Die Info\" \/>\n<meta name=\"twitter:description\" content=\"Le vernissage de L&rsquo;exposition \u00ab\u00a0R\u00e9alit\u00e9s enchev\u00eatr\u00e9es : dialogue entre ville et nature\u00a0\u00bb de l&rsquo;artiste Sarah Teulet s&rsquo;est tenu ce samedi [&hellip;]\" \/>\n<meta name=\"twitter:image\" content=\"https:\/\/vosgesinfo.fr\/app\/uploads\/sites\/4\/2026\/01\/exposition-sarah-teulet-la-boussole-5.jpg\" \/>\n<meta name=\"twitter:creator\" content=\"@VosgesInfo88\" \/>\n<meta name=\"twitter:site\" content=\"@VosgesInfo88\" \/>\n<meta name=\"twitter:label1\" content=\"\u00c9crit par\" \/>\n\t<meta name=\"twitter:data1\" content=\"J.J.\" \/>\n\t<meta name=\"twitter:label2\" content=\"Dur\u00e9e de lecture estim\u00e9e\" \/>\n\t<meta name=\"twitter:data2\" content=\"2 minutes\" \/>\n<script type=\"application\/ld+json\" class=\"yoast-schema-graph\">{\"@context\":\"https:\/\/schema.org\",\"@graph\":[{\"@type\":\"Article\",\"@id\":\"https:\/\/vosgesinfo.fr\/saintdieinfo\/2026\/01\/realites-enchevetrees-sarah-teulet-fait-dialoguer-ville-et-nature-a-la-boussole\/#article\",\"isPartOf\":{\"@id\":\"https:\/\/vosgesinfo.fr\/saintdieinfo\/2026\/01\/realites-enchevetrees-sarah-teulet-fait-dialoguer-ville-et-nature-a-la-boussole\/\"},\"author\":{\"name\":\"J.J.\",\"@id\":\"https:\/\/vosgesinfo.fr\/saintdieinfo\/#\/schema\/person\/fa73e9f726d67bb88f46d5b7943cb572\"},\"headline\":\"R\u00e9alit\u00e9s enchev\u00eatr\u00e9es : Sarah Teulet fait dialoguer ville et nature \u00e0 La Boussole\",\"datePublished\":\"2026-01-26T11:32:09+00:00\",\"dateModified\":\"2026-01-26T11:21:18+00:00\",\"mainEntityOfPage\":{\"@id\":\"https:\/\/vosgesinfo.fr\/saintdieinfo\/2026\/01\/realites-enchevetrees-sarah-teulet-fait-dialoguer-ville-et-nature-a-la-boussole\/\"},\"wordCount\":209,\"commentCount\":0,\"publisher\":{\"@id\":\"https:\/\/vosgesinfo.fr\/saintdieinfo\/#organization\"},\"image\":{\"@id\":\"https:\/\/vosgesinfo.fr\/saintdieinfo\/2026\/01\/realites-enchevetrees-sarah-teulet-fait-dialoguer-ville-et-nature-a-la-boussole\/#primaryimage\"},\"thumbnailUrl\":\"https:\/\/vosgesinfo.fr\/app\/uploads\/sites\/4\/2026\/01\/exposition-sarah-teulet-la-boussole-5.jpg\",\"keywords\":[\"dessins\",\"exposition\",\"La Boussole\",\"La Friche\",\"Nuits de la lecture\",\"R\u00e9alit\u00e9s enchev\u00eatr\u00e9es\",\"R\u00e9seau Escales\",\"Saint-Di\u00e9-des-Vosges\",\"Sarah Teulet\",\"S\u00e9rigraphie\",\"vosges\"],\"articleSection\":[\"A la Une\",\"Art\",\"Saint-Di\u00e9-des-Vosges\",\"Saint-Di\u00e9-des-Vosges et son Agglom\u00e9ration\"],\"inLanguage\":\"fr-FR\",\"potentialAction\":[{\"@type\":\"CommentAction\",\"name\":\"Comment\",\"target\":[\"https:\/\/vosgesinfo.fr\/saintdieinfo\/2026\/01\/realites-enchevetrees-sarah-teulet-fait-dialoguer-ville-et-nature-a-la-boussole\/#respond\"]}]},{\"@type\":\"WebPage\",\"@id\":\"https:\/\/vosgesinfo.fr\/saintdieinfo\/2026\/01\/realites-enchevetrees-sarah-teulet-fait-dialoguer-ville-et-nature-a-la-boussole\/\",\"url\":\"https:\/\/vosgesinfo.fr\/saintdieinfo\/2026\/01\/realites-enchevetrees-sarah-teulet-fait-dialoguer-ville-et-nature-a-la-boussole\/\",\"name\":\"R\u00e9alit\u00e9s enchev\u00eatr\u00e9es : Sarah Teulet fait dialoguer ville et nature \u00e0 La Boussole - Saint Die Info\",\"isPartOf\":{\"@id\":\"https:\/\/vosgesinfo.fr\/saintdieinfo\/#website\"},\"primaryImageOfPage\":{\"@id\":\"https:\/\/vosgesinfo.fr\/saintdieinfo\/2026\/01\/realites-enchevetrees-sarah-teulet-fait-dialoguer-ville-et-nature-a-la-boussole\/#primaryimage\"},\"image\":{\"@id\":\"https:\/\/vosgesinfo.fr\/saintdieinfo\/2026\/01\/realites-enchevetrees-sarah-teulet-fait-dialoguer-ville-et-nature-a-la-boussole\/#primaryimage\"},\"thumbnailUrl\":\"https:\/\/vosgesinfo.fr\/app\/uploads\/sites\/4\/2026\/01\/exposition-sarah-teulet-la-boussole-5.jpg\",\"datePublished\":\"2026-01-26T11:32:09+00:00\",\"dateModified\":\"2026-01-26T11:21:18+00:00\",\"breadcrumb\":{\"@id\":\"https:\/\/vosgesinfo.fr\/saintdieinfo\/2026\/01\/realites-enchevetrees-sarah-teulet-fait-dialoguer-ville-et-nature-a-la-boussole\/#breadcrumb\"},\"inLanguage\":\"fr-FR\",\"potentialAction\":[{\"@type\":\"ReadAction\",\"target\":[\"https:\/\/vosgesinfo.fr\/saintdieinfo\/2026\/01\/realites-enchevetrees-sarah-teulet-fait-dialoguer-ville-et-nature-a-la-boussole\/\"]}]},{\"@type\":\"ImageObject\",\"inLanguage\":\"fr-FR\",\"@id\":\"https:\/\/vosgesinfo.fr\/saintdieinfo\/2026\/01\/realites-enchevetrees-sarah-teulet-fait-dialoguer-ville-et-nature-a-la-boussole\/#primaryimage\",\"url\":\"https:\/\/vosgesinfo.fr\/app\/uploads\/sites\/4\/2026\/01\/exposition-sarah-teulet-la-boussole-5.jpg\",\"contentUrl\":\"https:\/\/vosgesinfo.fr\/app\/uploads\/sites\/4\/2026\/01\/exposition-sarah-teulet-la-boussole-5.jpg\",\"width\":1200,\"height\":800,\"caption\":\"(Photographies Marc Fourniquet)\"},{\"@type\":\"BreadcrumbList\",\"@id\":\"https:\/\/vosgesinfo.fr\/saintdieinfo\/2026\/01\/realites-enchevetrees-sarah-teulet-fait-dialoguer-ville-et-nature-a-la-boussole\/#breadcrumb\",\"itemListElement\":[{\"@type\":\"ListItem\",\"position\":1,\"name\":\"Home\",\"item\":\"https:\/\/vosgesinfo.fr\/saintdieinfo\/\"},{\"@type\":\"ListItem\",\"position\":2,\"name\":\"R\u00e9alit\u00e9s enchev\u00eatr\u00e9es : Sarah Teulet fait dialoguer ville et nature \u00e0 La Boussole\"}]},{\"@type\":\"WebSite\",\"@id\":\"https:\/\/vosgesinfo.fr\/saintdieinfo\/#website\",\"url\":\"https:\/\/vosgesinfo.fr\/saintdieinfo\/\",\"name\":\"Saint Die Info\",\"description\":\"Toute l&#039;actualit\u00e9 de Saint-Di\u00e9-Des-Vosges\",\"publisher\":{\"@id\":\"https:\/\/vosgesinfo.fr\/saintdieinfo\/#organization\"},\"alternateName\":\"Toute l'actualit\u00e9 de Saint-Di\u00e9-Des-Vosges\",\"potentialAction\":[{\"@type\":\"SearchAction\",\"target\":{\"@type\":\"EntryPoint\",\"urlTemplate\":\"https:\/\/vosgesinfo.fr\/saintdieinfo\/?s={search_term_string}\"},\"query-input\":\"required name=search_term_string\"}],\"inLanguage\":\"fr-FR\"},{\"@type\":\"Organization\",\"@id\":\"https:\/\/vosgesinfo.fr\/saintdieinfo\/#organization\",\"name\":\"Saint Die Info\",\"url\":\"https:\/\/vosgesinfo.fr\/saintdieinfo\/\",\"logo\":{\"@type\":\"ImageObject\",\"inLanguage\":\"fr-FR\",\"@id\":\"https:\/\/vosgesinfo.fr\/saintdieinfo\/#\/schema\/logo\/image\/\",\"url\":\"https:\/\/vosgesinfo.fr\/app\/uploads\/sites\/4\/2024\/02\/logo-sdi.jpg\",\"contentUrl\":\"https:\/\/vosgesinfo.fr\/app\/uploads\/sites\/4\/2024\/02\/logo-sdi.jpg\",\"width\":600,\"height\":600,\"caption\":\"Saint Die Info\"},\"image\":{\"@id\":\"https:\/\/vosgesinfo.fr\/saintdieinfo\/#\/schema\/logo\/image\/\"},\"sameAs\":[\"https:\/\/www.facebook.com\/Saintdieinfofr\",\"https:\/\/x.com\/VosgesInfo88\",\"https:\/\/www.youtube.com\/@vosgesinfo\"]},{\"@type\":\"Person\",\"@id\":\"https:\/\/vosgesinfo.fr\/saintdieinfo\/#\/schema\/person\/fa73e9f726d67bb88f46d5b7943cb572\",\"name\":\"J.J.\",\"image\":{\"@type\":\"ImageObject\",\"inLanguage\":\"fr-FR\",\"@id\":\"https:\/\/vosgesinfo.fr\/saintdieinfo\/#\/schema\/person\/image\/\",\"url\":\"https:\/\/secure.gravatar.com\/avatar\/219e749e47ffbcca018a360ae4add7d4cdf1cdaaf8bc7676b27efade3fe65615?s=96&d=mm&r=g\",\"contentUrl\":\"https:\/\/secure.gravatar.com\/avatar\/219e749e47ffbcca018a360ae4add7d4cdf1cdaaf8bc7676b27efade3fe65615?s=96&d=mm&r=g\",\"caption\":\"J.J.\"},\"url\":\"https:\/\/vosgesinfo.fr\/saintdieinfo\/author\/j-j\/\"}]}<\/script>\n<!-- \/ Yoast SEO plugin. -->","yoast_head_json":{"title":"R\u00e9alit\u00e9s enchev\u00eatr\u00e9es : Sarah Teulet fait dialoguer ville et nature \u00e0 La Boussole - Saint Die Info","robots":{"index":"index","follow":"follow","max-snippet":"max-snippet:-1","max-image-preview":"max-image-preview:large","max-video-preview":"max-video-preview:-1"},"canonical":"https:\/\/vosgesinfo.fr\/saintdieinfo\/2026\/01\/realites-enchevetrees-sarah-teulet-fait-dialoguer-ville-et-nature-a-la-boussole\/","twitter_card":"summary_large_image","twitter_title":"R\u00e9alit\u00e9s enchev\u00eatr\u00e9es : Sarah Teulet fait dialoguer ville et nature \u00e0 La Boussole - Saint Die Info","twitter_description":"Le vernissage de L&rsquo;exposition \u00ab\u00a0R\u00e9alit\u00e9s enchev\u00eatr\u00e9es : dialogue entre ville et nature\u00a0\u00bb de l&rsquo;artiste Sarah Teulet s&rsquo;est tenu ce samedi [&hellip;]","twitter_image":"https:\/\/vosgesinfo.fr\/app\/uploads\/sites\/4\/2026\/01\/exposition-sarah-teulet-la-boussole-5.jpg","twitter_creator":"@VosgesInfo88","twitter_site":"@VosgesInfo88","twitter_misc":{"\u00c9crit par":"J.J.","Dur\u00e9e de lecture estim\u00e9e":"2 minutes"},"schema":{"@context":"https:\/\/schema.org","@graph":[{"@type":"Article","@id":"https:\/\/vosgesinfo.fr\/saintdieinfo\/2026\/01\/realites-enchevetrees-sarah-teulet-fait-dialoguer-ville-et-nature-a-la-boussole\/#article","isPartOf":{"@id":"https:\/\/vosgesinfo.fr\/saintdieinfo\/2026\/01\/realites-enchevetrees-sarah-teulet-fait-dialoguer-ville-et-nature-a-la-boussole\/"},"author":{"name":"J.J.","@id":"https:\/\/vosgesinfo.fr\/saintdieinfo\/#\/schema\/person\/fa73e9f726d67bb88f46d5b7943cb572"},"headline":"R\u00e9alit\u00e9s enchev\u00eatr\u00e9es : Sarah Teulet fait dialoguer ville et nature \u00e0 La Boussole","datePublished":"2026-01-26T11:32:09+00:00","dateModified":"2026-01-26T11:21:18+00:00","mainEntityOfPage":{"@id":"https:\/\/vosgesinfo.fr\/saintdieinfo\/2026\/01\/realites-enchevetrees-sarah-teulet-fait-dialoguer-ville-et-nature-a-la-boussole\/"},"wordCount":209,"commentCount":0,"publisher":{"@id":"https:\/\/vosgesinfo.fr\/saintdieinfo\/#organization"},"image":{"@id":"https:\/\/vosgesinfo.fr\/saintdieinfo\/2026\/01\/realites-enchevetrees-sarah-teulet-fait-dialoguer-ville-et-nature-a-la-boussole\/#primaryimage"},"thumbnailUrl":"https:\/\/vosgesinfo.fr\/app\/uploads\/sites\/4\/2026\/01\/exposition-sarah-teulet-la-boussole-5.jpg","keywords":["dessins","exposition","La Boussole","La Friche","Nuits de la lecture","R\u00e9alit\u00e9s enchev\u00eatr\u00e9es","R\u00e9seau Escales","Saint-Di\u00e9-des-Vosges","Sarah Teulet","S\u00e9rigraphie","vosges"],"articleSection":["A la Une","Art","Saint-Di\u00e9-des-Vosges","Saint-Di\u00e9-des-Vosges et son Agglom\u00e9ration"],"inLanguage":"fr-FR","potentialAction":[{"@type":"CommentAction","name":"Comment","target":["https:\/\/vosgesinfo.fr\/saintdieinfo\/2026\/01\/realites-enchevetrees-sarah-teulet-fait-dialoguer-ville-et-nature-a-la-boussole\/#respond"]}]},{"@type":"WebPage","@id":"https:\/\/vosgesinfo.fr\/saintdieinfo\/2026\/01\/realites-enchevetrees-sarah-teulet-fait-dialoguer-ville-et-nature-a-la-boussole\/","url":"https:\/\/vosgesinfo.fr\/saintdieinfo\/2026\/01\/realites-enchevetrees-sarah-teulet-fait-dialoguer-ville-et-nature-a-la-boussole\/","name":"R\u00e9alit\u00e9s enchev\u00eatr\u00e9es : Sarah Teulet fait dialoguer ville et nature \u00e0 La Boussole - Saint Die Info","isPartOf":{"@id":"https:\/\/vosgesinfo.fr\/saintdieinfo\/#website"},"primaryImageOfPage":{"@id":"https:\/\/vosgesinfo.fr\/saintdieinfo\/2026\/01\/realites-enchevetrees-sarah-teulet-fait-dialoguer-ville-et-nature-a-la-boussole\/#primaryimage"},"image":{"@id":"https:\/\/vosgesinfo.fr\/saintdieinfo\/2026\/01\/realites-enchevetrees-sarah-teulet-fait-dialoguer-ville-et-nature-a-la-boussole\/#primaryimage"},"thumbnailUrl":"https:\/\/vosgesinfo.fr\/app\/uploads\/sites\/4\/2026\/01\/exposition-sarah-teulet-la-boussole-5.jpg","datePublished":"2026-01-26T11:32:09+00:00","dateModified":"2026-01-26T11:21:18+00:00","breadcrumb":{"@id":"https:\/\/vosgesinfo.fr\/saintdieinfo\/2026\/01\/realites-enchevetrees-sarah-teulet-fait-dialoguer-ville-et-nature-a-la-boussole\/#breadcrumb"},"inLanguage":"fr-FR","potentialAction":[{"@type":"ReadAction","target":["https:\/\/vosgesinfo.fr\/saintdieinfo\/2026\/01\/realites-enchevetrees-sarah-teulet-fait-dialoguer-ville-et-nature-a-la-boussole\/"]}]},{"@type":"ImageObject","inLanguage":"fr-FR","@id":"https:\/\/vosgesinfo.fr\/saintdieinfo\/2026\/01\/realites-enchevetrees-sarah-teulet-fait-dialoguer-ville-et-nature-a-la-boussole\/#primaryimage","url":"https:\/\/vosgesinfo.fr\/app\/uploads\/sites\/4\/2026\/01\/exposition-sarah-teulet-la-boussole-5.jpg","contentUrl":"https:\/\/vosgesinfo.fr\/app\/uploads\/sites\/4\/2026\/01\/exposition-sarah-teulet-la-boussole-5.jpg","width":1200,"height":800,"caption":"(Photographies Marc Fourniquet)"},{"@type":"BreadcrumbList","@id":"https:\/\/vosgesinfo.fr\/saintdieinfo\/2026\/01\/realites-enchevetrees-sarah-teulet-fait-dialoguer-ville-et-nature-a-la-boussole\/#breadcrumb","itemListElement":[{"@type":"ListItem","position":1,"name":"Home","item":"https:\/\/vosgesinfo.fr\/saintdieinfo\/"},{"@type":"ListItem","position":2,"name":"R\u00e9alit\u00e9s enchev\u00eatr\u00e9es : Sarah Teulet fait dialoguer ville et nature \u00e0 La Boussole"}]},{"@type":"WebSite","@id":"https:\/\/vosgesinfo.fr\/saintdieinfo\/#website","url":"https:\/\/vosgesinfo.fr\/saintdieinfo\/","name":"Saint Die Info","description":"Toute l&#039;actualit\u00e9 de Saint-Di\u00e9-Des-Vosges","publisher":{"@id":"https:\/\/vosgesinfo.fr\/saintdieinfo\/#organization"},"alternateName":"Toute l'actualit\u00e9 de Saint-Di\u00e9-Des-Vosges","potentialAction":[{"@type":"SearchAction","target":{"@type":"EntryPoint","urlTemplate":"https:\/\/vosgesinfo.fr\/saintdieinfo\/?s={search_term_string}"},"query-input":"required name=search_term_string"}],"inLanguage":"fr-FR"},{"@type":"Organization","@id":"https:\/\/vosgesinfo.fr\/saintdieinfo\/#organization","name":"Saint Die Info","url":"https:\/\/vosgesinfo.fr\/saintdieinfo\/","logo":{"@type":"ImageObject","inLanguage":"fr-FR","@id":"https:\/\/vosgesinfo.fr\/saintdieinfo\/#\/schema\/logo\/image\/","url":"https:\/\/vosgesinfo.fr\/app\/uploads\/sites\/4\/2024\/02\/logo-sdi.jpg","contentUrl":"https:\/\/vosgesinfo.fr\/app\/uploads\/sites\/4\/2024\/02\/logo-sdi.jpg","width":600,"height":600,"caption":"Saint Die Info"},"image":{"@id":"https:\/\/vosgesinfo.fr\/saintdieinfo\/#\/schema\/logo\/image\/"},"sameAs":["https:\/\/www.facebook.com\/Saintdieinfofr","https:\/\/x.com\/VosgesInfo88","https:\/\/www.youtube.com\/@vosgesinfo"]},{"@type":"Person","@id":"https:\/\/vosgesinfo.fr\/saintdieinfo\/#\/schema\/person\/fa73e9f726d67bb88f46d5b7943cb572","name":"J.J.","image":{"@type":"ImageObject","inLanguage":"fr-FR","@id":"https:\/\/vosgesinfo.fr\/saintdieinfo\/#\/schema\/person\/image\/","url":"https:\/\/secure.gravatar.com\/avatar\/219e749e47ffbcca018a360ae4add7d4cdf1cdaaf8bc7676b27efade3fe65615?s=96&d=mm&r=g","contentUrl":"https:\/\/secure.gravatar.com\/avatar\/219e749e47ffbcca018a360ae4add7d4cdf1cdaaf8bc7676b27efade3fe65615?s=96&d=mm&r=g","caption":"J.J."},"url":"https:\/\/vosgesinfo.fr\/saintdieinfo\/author\/j-j\/"}]}},"_links":{"self":[{"href":"https:\/\/vosgesinfo.fr\/saintdieinfo\/wp-json\/wp\/v2\/posts\/87171","targetHints":{"allow":["GET"]}}],"collection":[{"href":"https:\/\/vosgesinfo.fr\/saintdieinfo\/wp-json\/wp\/v2\/posts"}],"about":[{"href":"https:\/\/vosgesinfo.fr\/saintdieinfo\/wp-json\/wp\/v2\/types\/post"}],"author":[{"embeddable":true,"href":"https:\/\/vosgesinfo.fr\/saintdieinfo\/wp-json\/wp\/v2\/users\/46"}],"replies":[{"embeddable":true,"href":"https:\/\/vosgesinfo.fr\/saintdieinfo\/wp-json\/wp\/v2\/comments?post=87171"}],"version-history":[{"count":1,"href":"https:\/\/vosgesinfo.fr\/saintdieinfo\/wp-json\/wp\/v2\/posts\/87171\/revisions"}],"predecessor-version":[{"id":87190,"href":"https:\/\/vosgesinfo.fr\/saintdieinfo\/wp-json\/wp\/v2\/posts\/87171\/revisions\/87190"}],"wp:featuredmedia":[{"embeddable":true,"href":"https:\/\/vosgesinfo.fr\/saintdieinfo\/wp-json\/wp\/v2\/media\/87189"}],"wp:attachment":[{"href":"https:\/\/vosgesinfo.fr\/saintdieinfo\/wp-json\/wp\/v2\/media?parent=87171"}],"wp:term":[{"taxonomy":"category","embeddable":true,"href":"https:\/\/vosgesinfo.fr\/saintdieinfo\/wp-json\/wp\/v2\/categories?post=87171"},{"taxonomy":"post_tag","embeddable":true,"href":"https:\/\/vosgesinfo.fr\/saintdieinfo\/wp-json\/wp\/v2\/tags?post=87171"}],"curies":[{"name":"wp","href":"https:\/\/api.w.org\/{rel}","templated":true}]}}