{"id":87191,"date":"2026-01-26T15:23:30","date_gmt":"2026-01-26T14:23:30","guid":{"rendered":"https:\/\/vosgesinfo.fr\/saintdieinfo\/?p=87191"},"modified":"2026-01-26T15:18:02","modified_gmt":"2026-01-26T14:18:02","slug":"sorienter-dans-le-superieur-avec-le-forum-deodasup","status":"publish","type":"post","link":"https:\/\/vosgesinfo.fr\/saintdieinfo\/2026\/01\/sorienter-dans-le-superieur-avec-le-forum-deodasup\/","title":{"rendered":"S\u2019orienter dans le sup\u00e9rieur avec le forum D\u00e9odasup"},"content":{"rendered":"<div id=\"attachment_73773\" style=\"width: 1034px\" class=\"wp-caption alignnone\"><a href=\"https:\/\/vosgesinfo.fr\/app\/uploads\/sites\/4\/2025\/02\/21e-forum-deodasup-4-scaled.jpg\"><img decoding=\"async\" aria-describedby=\"caption-attachment-73773\" class=\"size-large wp-image-73773\" src=\"https:\/\/vosgesinfo.fr\/app\/uploads\/sites\/4\/2025\/02\/21e-forum-deodasup-4-1024x771.jpg\" alt=\"\" width=\"1024\" height=\"771\" srcset=\"https:\/\/vosgesinfo.fr\/app\/uploads\/sites\/4\/2025\/02\/21e-forum-deodasup-4-1024x771.jpg 1024w, https:\/\/vosgesinfo.fr\/app\/uploads\/sites\/4\/2025\/02\/21e-forum-deodasup-4-300x226.jpg 300w, https:\/\/vosgesinfo.fr\/app\/uploads\/sites\/4\/2025\/02\/21e-forum-deodasup-4-768x578.jpg 768w, https:\/\/vosgesinfo.fr\/app\/uploads\/sites\/4\/2025\/02\/21e-forum-deodasup-4-1536x1157.jpg 1536w, https:\/\/vosgesinfo.fr\/app\/uploads\/sites\/4\/2025\/02\/21e-forum-deodasup-4-2048x1542.jpg 2048w\" sizes=\"(max-width: 1024px) 100vw, 1024px\" \/><\/a><p id=\"caption-attachment-73773\" class=\"wp-caption-text\">(Archive)<\/p><\/div>\n<h2 data-start=\"0\" data-end=\"150\">Ce jeudi 29 janvier, <strong data-start=\"21\" data-end=\"33\">D\u00e9odasup<\/strong>, le forum des formations sup\u00e9rieures, fera sa <strong data-start=\"80\" data-end=\"95\">22e \u00e9dition<\/strong> \u00e0 l\u2019<strong data-start=\"100\" data-end=\"130\">Espace Fran\u00e7ois-Mitterrand<\/strong>, de <strong data-start=\"135\" data-end=\"149\">9 h \u00e0 16 h<\/strong>.<\/h2>\n<p data-start=\"0\" data-end=\"150\"><!--more--><\/p>\n<h3 data-start=\"152\" data-end=\"188\"><strong>Pr\u00e8s de 80 intervenants sur place<\/strong><\/h3>\n<p data-start=\"190\" data-end=\"391\">Sur place, le public pourra rencontrer <strong data-start=\"229\" data-end=\"256\">pr\u00e8s de 80 intervenants<\/strong> venus pr\u00e9senter leur offre de formation, <strong data-start=\"298\" data-end=\"390\">de niveau BTS, BUT, facult\u00e9s, classes pr\u00e9pa, \u00e9coles d\u2019ing\u00e9nieurs et \u00e9coles param\u00e9dicales<\/strong>.<\/p>\n<h3 data-start=\"393\" data-end=\"425\"><strong>Entr\u00e9e libre et ouverte \u00e0 tous<\/strong><\/h3>\n<p data-start=\"427\" data-end=\"628\">Ce 22e forum D\u00e9odasup est organis\u00e9 par les <strong data-start=\"470\" data-end=\"511\">lyc\u00e9es Jules-Ferry et Georges-Baumont<\/strong>, en partenariat avec l\u2019<strong data-start=\"535\" data-end=\"542\">IUT<\/strong> et la <strong data-start=\"549\" data-end=\"582\">Ville de Saint-Di\u00e9-des-Vosges<\/strong>. Comme les pr\u00e9c\u00e9dents,<strong> l\u2019entr\u00e9e est gratuite<\/strong> et ouverte \u00e0 tous.<\/p>\n<p data-start=\"427\" data-end=\"628\"><a href=\"https:\/\/vosgesinfo.fr\/app\/uploads\/sites\/4\/2026\/01\/deodasup-2026.jpg\"><img decoding=\"async\" class=\"alignnone size-full wp-image-87192\" src=\"https:\/\/vosgesinfo.fr\/app\/uploads\/sites\/4\/2026\/01\/deodasup-2026.jpg\" alt=\"\" width=\"650\" height=\"919\" srcset=\"https:\/\/vosgesinfo.fr\/app\/uploads\/sites\/4\/2026\/01\/deodasup-2026.jpg 650w, https:\/\/vosgesinfo.fr\/app\/uploads\/sites\/4\/2026\/01\/deodasup-2026-212x300.jpg 212w\" sizes=\"(max-width: 650px) 100vw, 650px\" \/><\/a><\/p>\n","protected":false},"excerpt":{"rendered":"<p>Ce jeudi 29 janvier, D\u00e9odasup, le forum des formations sup\u00e9rieures, fera sa 22e \u00e9dition \u00e0 l\u2019Espace Fran\u00e7ois-Mitterrand, de 9 h [&hellip;]<\/p>\n","protected":false},"author":46,"featured_media":73773,"comment_status":"open","ping_status":"open","sticky":false,"template":"","format":"standard","meta":{"footnotes":""},"categories":[460,6,167,2915],"tags":[19097,19948,19950,3818,19951,19952,3089,19949,13688,19744,3371,5358,2881,3240,43],"class_list":["post-87191","post","type-post","status-publish","format-standard","has-post-thumbnail","hentry","category-a-la-une","category-education","category-saint-die-des-vosges","category-saint-die-son-canton","tag-bts","tag-but","tag-classes-prepa","tag-deodasup","tag-ecoles-dingenieurs","tag-ecoles-paramedicales","tag-espace-francois-mitterrand","tag-facultes","tag-forum-des-formations-superieures","tag-iut","tag-lycee-georges-baumont","tag-lycee-jules-ferry","tag-saint-die-des-vosges","tag-ville-de-saint-die-des-vosges","tag-vosges"],"acf":[],"yoast_head":"<!-- This site is optimized with the Yoast SEO plugin v22.5 - https:\/\/yoast.com\/wordpress\/plugins\/seo\/ -->\n<title>S\u2019orienter dans le sup\u00e9rieur avec le forum D\u00e9odasup - Saint Die Info<\/title>\n<meta name=\"robots\" content=\"index, follow, max-snippet:-1, max-image-preview:large, max-video-preview:-1\" \/>\n<link rel=\"canonical\" href=\"https:\/\/vosgesinfo.fr\/saintdieinfo\/2026\/01\/sorienter-dans-le-superieur-avec-le-forum-deodasup\/\" \/>\n<meta name=\"twitter:card\" content=\"summary_large_image\" \/>\n<meta name=\"twitter:title\" content=\"S\u2019orienter dans le sup\u00e9rieur avec le forum D\u00e9odasup - Saint Die Info\" \/>\n<meta name=\"twitter:description\" content=\"Ce jeudi 29 janvier, D\u00e9odasup, le forum des formations sup\u00e9rieures, fera sa 22e \u00e9dition \u00e0 l\u2019Espace Fran\u00e7ois-Mitterrand, de 9 h [&hellip;]\" \/>\n<meta name=\"twitter:image\" content=\"https:\/\/vosgesinfo.fr\/app\/uploads\/sites\/4\/2025\/02\/21e-forum-deodasup-4-scaled.jpg\" \/>\n<meta name=\"twitter:creator\" content=\"@VosgesInfo88\" \/>\n<meta name=\"twitter:site\" content=\"@VosgesInfo88\" \/>\n<meta name=\"twitter:label1\" content=\"\u00c9crit par\" \/>\n\t<meta name=\"twitter:data1\" content=\"J.J.\" \/>\n\t<meta name=\"twitter:label2\" content=\"Dur\u00e9e de lecture estim\u00e9e\" \/>\n\t<meta name=\"twitter:data2\" content=\"2 minutes\" \/>\n<script type=\"application\/ld+json\" class=\"yoast-schema-graph\">{\"@context\":\"https:\/\/schema.org\",\"@graph\":[{\"@type\":\"Article\",\"@id\":\"https:\/\/vosgesinfo.fr\/saintdieinfo\/2026\/01\/sorienter-dans-le-superieur-avec-le-forum-deodasup\/#article\",\"isPartOf\":{\"@id\":\"https:\/\/vosgesinfo.fr\/saintdieinfo\/2026\/01\/sorienter-dans-le-superieur-avec-le-forum-deodasup\/\"},\"author\":{\"name\":\"J.J.\",\"@id\":\"https:\/\/vosgesinfo.fr\/saintdieinfo\/#\/schema\/person\/fa73e9f726d67bb88f46d5b7943cb572\"},\"headline\":\"S\u2019orienter dans le sup\u00e9rieur avec le forum D\u00e9odasup\",\"datePublished\":\"2026-01-26T14:23:30+00:00\",\"dateModified\":\"2026-01-26T14:18:02+00:00\",\"mainEntityOfPage\":{\"@id\":\"https:\/\/vosgesinfo.fr\/saintdieinfo\/2026\/01\/sorienter-dans-le-superieur-avec-le-forum-deodasup\/\"},\"wordCount\":125,\"commentCount\":1,\"publisher\":{\"@id\":\"https:\/\/vosgesinfo.fr\/saintdieinfo\/#organization\"},\"image\":{\"@id\":\"https:\/\/vosgesinfo.fr\/saintdieinfo\/2026\/01\/sorienter-dans-le-superieur-avec-le-forum-deodasup\/#primaryimage\"},\"thumbnailUrl\":\"https:\/\/vosgesinfo.fr\/app\/uploads\/sites\/4\/2025\/02\/21e-forum-deodasup-4-scaled.jpg\",\"keywords\":[\"BTS\",\"BUT\",\"classes pr\u00e9pa\",\"D\u00e9odasup\",\"\u00e9coles d\u2019ing\u00e9nieurs\",\"\u00e9coles param\u00e9dicales\",\"Espace Fran\u00e7ois-Mitterrand\",\"facult\u00e9s\",\"Forum des formations sup\u00e9rieures\",\"IUT\",\"Lyc\u00e9e Georges-Baumont\",\"Lyc\u00e9e Jules-Ferry\",\"Saint-Di\u00e9-des-Vosges\",\"Ville de Saint-Di\u00e9-des-Vosges\",\"vosges\"],\"articleSection\":[\"A la Une\",\"\u00c9ducation\",\"Saint-Di\u00e9-des-Vosges\",\"Saint-Di\u00e9-des-Vosges et son Agglom\u00e9ration\"],\"inLanguage\":\"fr-FR\",\"potentialAction\":[{\"@type\":\"CommentAction\",\"name\":\"Comment\",\"target\":[\"https:\/\/vosgesinfo.fr\/saintdieinfo\/2026\/01\/sorienter-dans-le-superieur-avec-le-forum-deodasup\/#respond\"]}]},{\"@type\":\"WebPage\",\"@id\":\"https:\/\/vosgesinfo.fr\/saintdieinfo\/2026\/01\/sorienter-dans-le-superieur-avec-le-forum-deodasup\/\",\"url\":\"https:\/\/vosgesinfo.fr\/saintdieinfo\/2026\/01\/sorienter-dans-le-superieur-avec-le-forum-deodasup\/\",\"name\":\"S\u2019orienter dans le sup\u00e9rieur avec le forum D\u00e9odasup - Saint Die Info\",\"isPartOf\":{\"@id\":\"https:\/\/vosgesinfo.fr\/saintdieinfo\/#website\"},\"primaryImageOfPage\":{\"@id\":\"https:\/\/vosgesinfo.fr\/saintdieinfo\/2026\/01\/sorienter-dans-le-superieur-avec-le-forum-deodasup\/#primaryimage\"},\"image\":{\"@id\":\"https:\/\/vosgesinfo.fr\/saintdieinfo\/2026\/01\/sorienter-dans-le-superieur-avec-le-forum-deodasup\/#primaryimage\"},\"thumbnailUrl\":\"https:\/\/vosgesinfo.fr\/app\/uploads\/sites\/4\/2025\/02\/21e-forum-deodasup-4-scaled.jpg\",\"datePublished\":\"2026-01-26T14:23:30+00:00\",\"dateModified\":\"2026-01-26T14:18:02+00:00\",\"breadcrumb\":{\"@id\":\"https:\/\/vosgesinfo.fr\/saintdieinfo\/2026\/01\/sorienter-dans-le-superieur-avec-le-forum-deodasup\/#breadcrumb\"},\"inLanguage\":\"fr-FR\",\"potentialAction\":[{\"@type\":\"ReadAction\",\"target\":[\"https:\/\/vosgesinfo.fr\/saintdieinfo\/2026\/01\/sorienter-dans-le-superieur-avec-le-forum-deodasup\/\"]}]},{\"@type\":\"ImageObject\",\"inLanguage\":\"fr-FR\",\"@id\":\"https:\/\/vosgesinfo.fr\/saintdieinfo\/2026\/01\/sorienter-dans-le-superieur-avec-le-forum-deodasup\/#primaryimage\",\"url\":\"https:\/\/vosgesinfo.fr\/app\/uploads\/sites\/4\/2025\/02\/21e-forum-deodasup-4-scaled.jpg\",\"contentUrl\":\"https:\/\/vosgesinfo.fr\/app\/uploads\/sites\/4\/2025\/02\/21e-forum-deodasup-4-scaled.jpg\",\"width\":2560,\"height\":1928,\"caption\":\"(Archive)\"},{\"@type\":\"BreadcrumbList\",\"@id\":\"https:\/\/vosgesinfo.fr\/saintdieinfo\/2026\/01\/sorienter-dans-le-superieur-avec-le-forum-deodasup\/#breadcrumb\",\"itemListElement\":[{\"@type\":\"ListItem\",\"position\":1,\"name\":\"Home\",\"item\":\"https:\/\/vosgesinfo.fr\/saintdieinfo\/\"},{\"@type\":\"ListItem\",\"position\":2,\"name\":\"S\u2019orienter dans le sup\u00e9rieur avec le forum D\u00e9odasup\"}]},{\"@type\":\"WebSite\",\"@id\":\"https:\/\/vosgesinfo.fr\/saintdieinfo\/#website\",\"url\":\"https:\/\/vosgesinfo.fr\/saintdieinfo\/\",\"name\":\"Saint Die Info\",\"description\":\"Toute l&#039;actualit\u00e9 de Saint-Di\u00e9-Des-Vosges\",\"publisher\":{\"@id\":\"https:\/\/vosgesinfo.fr\/saintdieinfo\/#organization\"},\"alternateName\":\"Toute l'actualit\u00e9 de Saint-Di\u00e9-Des-Vosges\",\"potentialAction\":[{\"@type\":\"SearchAction\",\"target\":{\"@type\":\"EntryPoint\",\"urlTemplate\":\"https:\/\/vosgesinfo.fr\/saintdieinfo\/?s={search_term_string}\"},\"query-input\":\"required name=search_term_string\"}],\"inLanguage\":\"fr-FR\"},{\"@type\":\"Organization\",\"@id\":\"https:\/\/vosgesinfo.fr\/saintdieinfo\/#organization\",\"name\":\"Saint Die Info\",\"url\":\"https:\/\/vosgesinfo.fr\/saintdieinfo\/\",\"logo\":{\"@type\":\"ImageObject\",\"inLanguage\":\"fr-FR\",\"@id\":\"https:\/\/vosgesinfo.fr\/saintdieinfo\/#\/schema\/logo\/image\/\",\"url\":\"https:\/\/vosgesinfo.fr\/app\/uploads\/sites\/4\/2024\/02\/logo-sdi.jpg\",\"contentUrl\":\"https:\/\/vosgesinfo.fr\/app\/uploads\/sites\/4\/2024\/02\/logo-sdi.jpg\",\"width\":600,\"height\":600,\"caption\":\"Saint Die Info\"},\"image\":{\"@id\":\"https:\/\/vosgesinfo.fr\/saintdieinfo\/#\/schema\/logo\/image\/\"},\"sameAs\":[\"https:\/\/www.facebook.com\/Saintdieinfofr\",\"https:\/\/x.com\/VosgesInfo88\",\"https:\/\/www.youtube.com\/@vosgesinfo\"]},{\"@type\":\"Person\",\"@id\":\"https:\/\/vosgesinfo.fr\/saintdieinfo\/#\/schema\/person\/fa73e9f726d67bb88f46d5b7943cb572\",\"name\":\"J.J.\",\"image\":{\"@type\":\"ImageObject\",\"inLanguage\":\"fr-FR\",\"@id\":\"https:\/\/vosgesinfo.fr\/saintdieinfo\/#\/schema\/person\/image\/\",\"url\":\"https:\/\/secure.gravatar.com\/avatar\/219e749e47ffbcca018a360ae4add7d4cdf1cdaaf8bc7676b27efade3fe65615?s=96&d=mm&r=g\",\"contentUrl\":\"https:\/\/secure.gravatar.com\/avatar\/219e749e47ffbcca018a360ae4add7d4cdf1cdaaf8bc7676b27efade3fe65615?s=96&d=mm&r=g\",\"caption\":\"J.J.\"},\"url\":\"https:\/\/vosgesinfo.fr\/saintdieinfo\/author\/j-j\/\"}]}<\/script>\n<!-- \/ Yoast SEO plugin. -->","yoast_head_json":{"title":"S\u2019orienter dans le sup\u00e9rieur avec le forum D\u00e9odasup - Saint Die Info","robots":{"index":"index","follow":"follow","max-snippet":"max-snippet:-1","max-image-preview":"max-image-preview:large","max-video-preview":"max-video-preview:-1"},"canonical":"https:\/\/vosgesinfo.fr\/saintdieinfo\/2026\/01\/sorienter-dans-le-superieur-avec-le-forum-deodasup\/","twitter_card":"summary_large_image","twitter_title":"S\u2019orienter dans le sup\u00e9rieur avec le forum D\u00e9odasup - Saint Die Info","twitter_description":"Ce jeudi 29 janvier, D\u00e9odasup, le forum des formations sup\u00e9rieures, fera sa 22e \u00e9dition \u00e0 l\u2019Espace Fran\u00e7ois-Mitterrand, de 9 h [&hellip;]","twitter_image":"https:\/\/vosgesinfo.fr\/app\/uploads\/sites\/4\/2025\/02\/21e-forum-deodasup-4-scaled.jpg","twitter_creator":"@VosgesInfo88","twitter_site":"@VosgesInfo88","twitter_misc":{"\u00c9crit par":"J.J.","Dur\u00e9e de lecture estim\u00e9e":"2 minutes"},"schema":{"@context":"https:\/\/schema.org","@graph":[{"@type":"Article","@id":"https:\/\/vosgesinfo.fr\/saintdieinfo\/2026\/01\/sorienter-dans-le-superieur-avec-le-forum-deodasup\/#article","isPartOf":{"@id":"https:\/\/vosgesinfo.fr\/saintdieinfo\/2026\/01\/sorienter-dans-le-superieur-avec-le-forum-deodasup\/"},"author":{"name":"J.J.","@id":"https:\/\/vosgesinfo.fr\/saintdieinfo\/#\/schema\/person\/fa73e9f726d67bb88f46d5b7943cb572"},"headline":"S\u2019orienter dans le sup\u00e9rieur avec le forum D\u00e9odasup","datePublished":"2026-01-26T14:23:30+00:00","dateModified":"2026-01-26T14:18:02+00:00","mainEntityOfPage":{"@id":"https:\/\/vosgesinfo.fr\/saintdieinfo\/2026\/01\/sorienter-dans-le-superieur-avec-le-forum-deodasup\/"},"wordCount":125,"commentCount":1,"publisher":{"@id":"https:\/\/vosgesinfo.fr\/saintdieinfo\/#organization"},"image":{"@id":"https:\/\/vosgesinfo.fr\/saintdieinfo\/2026\/01\/sorienter-dans-le-superieur-avec-le-forum-deodasup\/#primaryimage"},"thumbnailUrl":"https:\/\/vosgesinfo.fr\/app\/uploads\/sites\/4\/2025\/02\/21e-forum-deodasup-4-scaled.jpg","keywords":["BTS","BUT","classes pr\u00e9pa","D\u00e9odasup","\u00e9coles d\u2019ing\u00e9nieurs","\u00e9coles param\u00e9dicales","Espace Fran\u00e7ois-Mitterrand","facult\u00e9s","Forum des formations sup\u00e9rieures","IUT","Lyc\u00e9e Georges-Baumont","Lyc\u00e9e Jules-Ferry","Saint-Di\u00e9-des-Vosges","Ville de Saint-Di\u00e9-des-Vosges","vosges"],"articleSection":["A la Une","\u00c9ducation","Saint-Di\u00e9-des-Vosges","Saint-Di\u00e9-des-Vosges et son Agglom\u00e9ration"],"inLanguage":"fr-FR","potentialAction":[{"@type":"CommentAction","name":"Comment","target":["https:\/\/vosgesinfo.fr\/saintdieinfo\/2026\/01\/sorienter-dans-le-superieur-avec-le-forum-deodasup\/#respond"]}]},{"@type":"WebPage","@id":"https:\/\/vosgesinfo.fr\/saintdieinfo\/2026\/01\/sorienter-dans-le-superieur-avec-le-forum-deodasup\/","url":"https:\/\/vosgesinfo.fr\/saintdieinfo\/2026\/01\/sorienter-dans-le-superieur-avec-le-forum-deodasup\/","name":"S\u2019orienter dans le sup\u00e9rieur avec le forum D\u00e9odasup - Saint Die Info","isPartOf":{"@id":"https:\/\/vosgesinfo.fr\/saintdieinfo\/#website"},"primaryImageOfPage":{"@id":"https:\/\/vosgesinfo.fr\/saintdieinfo\/2026\/01\/sorienter-dans-le-superieur-avec-le-forum-deodasup\/#primaryimage"},"image":{"@id":"https:\/\/vosgesinfo.fr\/saintdieinfo\/2026\/01\/sorienter-dans-le-superieur-avec-le-forum-deodasup\/#primaryimage"},"thumbnailUrl":"https:\/\/vosgesinfo.fr\/app\/uploads\/sites\/4\/2025\/02\/21e-forum-deodasup-4-scaled.jpg","datePublished":"2026-01-26T14:23:30+00:00","dateModified":"2026-01-26T14:18:02+00:00","breadcrumb":{"@id":"https:\/\/vosgesinfo.fr\/saintdieinfo\/2026\/01\/sorienter-dans-le-superieur-avec-le-forum-deodasup\/#breadcrumb"},"inLanguage":"fr-FR","potentialAction":[{"@type":"ReadAction","target":["https:\/\/vosgesinfo.fr\/saintdieinfo\/2026\/01\/sorienter-dans-le-superieur-avec-le-forum-deodasup\/"]}]},{"@type":"ImageObject","inLanguage":"fr-FR","@id":"https:\/\/vosgesinfo.fr\/saintdieinfo\/2026\/01\/sorienter-dans-le-superieur-avec-le-forum-deodasup\/#primaryimage","url":"https:\/\/vosgesinfo.fr\/app\/uploads\/sites\/4\/2025\/02\/21e-forum-deodasup-4-scaled.jpg","contentUrl":"https:\/\/vosgesinfo.fr\/app\/uploads\/sites\/4\/2025\/02\/21e-forum-deodasup-4-scaled.jpg","width":2560,"height":1928,"caption":"(Archive)"},{"@type":"BreadcrumbList","@id":"https:\/\/vosgesinfo.fr\/saintdieinfo\/2026\/01\/sorienter-dans-le-superieur-avec-le-forum-deodasup\/#breadcrumb","itemListElement":[{"@type":"ListItem","position":1,"name":"Home","item":"https:\/\/vosgesinfo.fr\/saintdieinfo\/"},{"@type":"ListItem","position":2,"name":"S\u2019orienter dans le sup\u00e9rieur avec le forum D\u00e9odasup"}]},{"@type":"WebSite","@id":"https:\/\/vosgesinfo.fr\/saintdieinfo\/#website","url":"https:\/\/vosgesinfo.fr\/saintdieinfo\/","name":"Saint Die Info","description":"Toute l&#039;actualit\u00e9 de Saint-Di\u00e9-Des-Vosges","publisher":{"@id":"https:\/\/vosgesinfo.fr\/saintdieinfo\/#organization"},"alternateName":"Toute l'actualit\u00e9 de Saint-Di\u00e9-Des-Vosges","potentialAction":[{"@type":"SearchAction","target":{"@type":"EntryPoint","urlTemplate":"https:\/\/vosgesinfo.fr\/saintdieinfo\/?s={search_term_string}"},"query-input":"required name=search_term_string"}],"inLanguage":"fr-FR"},{"@type":"Organization","@id":"https:\/\/vosgesinfo.fr\/saintdieinfo\/#organization","name":"Saint Die Info","url":"https:\/\/vosgesinfo.fr\/saintdieinfo\/","logo":{"@type":"ImageObject","inLanguage":"fr-FR","@id":"https:\/\/vosgesinfo.fr\/saintdieinfo\/#\/schema\/logo\/image\/","url":"https:\/\/vosgesinfo.fr\/app\/uploads\/sites\/4\/2024\/02\/logo-sdi.jpg","contentUrl":"https:\/\/vosgesinfo.fr\/app\/uploads\/sites\/4\/2024\/02\/logo-sdi.jpg","width":600,"height":600,"caption":"Saint Die Info"},"image":{"@id":"https:\/\/vosgesinfo.fr\/saintdieinfo\/#\/schema\/logo\/image\/"},"sameAs":["https:\/\/www.facebook.com\/Saintdieinfofr","https:\/\/x.com\/VosgesInfo88","https:\/\/www.youtube.com\/@vosgesinfo"]},{"@type":"Person","@id":"https:\/\/vosgesinfo.fr\/saintdieinfo\/#\/schema\/person\/fa73e9f726d67bb88f46d5b7943cb572","name":"J.J.","image":{"@type":"ImageObject","inLanguage":"fr-FR","@id":"https:\/\/vosgesinfo.fr\/saintdieinfo\/#\/schema\/person\/image\/","url":"https:\/\/secure.gravatar.com\/avatar\/219e749e47ffbcca018a360ae4add7d4cdf1cdaaf8bc7676b27efade3fe65615?s=96&d=mm&r=g","contentUrl":"https:\/\/secure.gravatar.com\/avatar\/219e749e47ffbcca018a360ae4add7d4cdf1cdaaf8bc7676b27efade3fe65615?s=96&d=mm&r=g","caption":"J.J."},"url":"https:\/\/vosgesinfo.fr\/saintdieinfo\/author\/j-j\/"}]}},"_links":{"self":[{"href":"https:\/\/vosgesinfo.fr\/saintdieinfo\/wp-json\/wp\/v2\/posts\/87191","targetHints":{"allow":["GET"]}}],"collection":[{"href":"https:\/\/vosgesinfo.fr\/saintdieinfo\/wp-json\/wp\/v2\/posts"}],"about":[{"href":"https:\/\/vosgesinfo.fr\/saintdieinfo\/wp-json\/wp\/v2\/types\/post"}],"author":[{"embeddable":true,"href":"https:\/\/vosgesinfo.fr\/saintdieinfo\/wp-json\/wp\/v2\/users\/46"}],"replies":[{"embeddable":true,"href":"https:\/\/vosgesinfo.fr\/saintdieinfo\/wp-json\/wp\/v2\/comments?post=87191"}],"version-history":[{"count":1,"href":"https:\/\/vosgesinfo.fr\/saintdieinfo\/wp-json\/wp\/v2\/posts\/87191\/revisions"}],"predecessor-version":[{"id":87193,"href":"https:\/\/vosgesinfo.fr\/saintdieinfo\/wp-json\/wp\/v2\/posts\/87191\/revisions\/87193"}],"wp:featuredmedia":[{"embeddable":true,"href":"https:\/\/vosgesinfo.fr\/saintdieinfo\/wp-json\/wp\/v2\/media\/73773"}],"wp:attachment":[{"href":"https:\/\/vosgesinfo.fr\/saintdieinfo\/wp-json\/wp\/v2\/media?parent=87191"}],"wp:term":[{"taxonomy":"category","embeddable":true,"href":"https:\/\/vosgesinfo.fr\/saintdieinfo\/wp-json\/wp\/v2\/categories?post=87191"},{"taxonomy":"post_tag","embeddable":true,"href":"https:\/\/vosgesinfo.fr\/saintdieinfo\/wp-json\/wp\/v2\/tags?post=87191"}],"curies":[{"name":"wp","href":"https:\/\/api.w.org\/{rel}","templated":true}]}}