{"id":87194,"date":"2026-01-26T15:43:55","date_gmt":"2026-01-26T14:43:55","guid":{"rendered":"https:\/\/vosgesinfo.fr\/saintdieinfo\/?p=87194"},"modified":"2026-01-26T15:36:24","modified_gmt":"2026-01-26T14:36:24","slug":"theatre-en-tournee-et-sortie-de-residence-au-programme-de-letincelle-en-fevrier","status":"publish","type":"post","link":"https:\/\/vosgesinfo.fr\/saintdieinfo\/2026\/01\/theatre-en-tournee-et-sortie-de-residence-au-programme-de-letincelle-en-fevrier\/","title":{"rendered":"Th\u00e9\u00e2tre en tourn\u00e9e et sortie de r\u00e9sidence au programme de l\u2019\u00c9tincelle en f\u00e9vrier"},"content":{"rendered":"<h2 data-start=\"0\" data-end=\"398\">En f\u00e9vrier, <strong data-start=\"12\" data-end=\"27\">L\u2019\u00c9tincelle<\/strong>, p\u00f4le du spectacle vivant de l\u2019<strong data-start=\"59\" data-end=\"100\">Agglom\u00e9ration de Saint-Di\u00e9-des-Vosges<\/strong>, propose <strong data-start=\"110\" data-end=\"122\">Ph\u00e8dre !<\/strong> en itin\u00e9rance sur la Communaut\u00e9 d\u2019Agglom\u00e9ration, \u00e0 d\u00e9couvrir \u00e0 <strong data-start=\"186\" data-end=\"210\">Saint-Di\u00e9-des-Vosges<\/strong> puis \u00e0 <strong data-start=\"218\" data-end=\"237\">Ban-de-Laveline<\/strong> et <strong data-start=\"241\" data-end=\"253\">Corcieux<\/strong>. En fin de mois, une sortie de r\u00e9sidence est aussi pr\u00e9vue \u00e0 Saint-Di\u00e9-des-Vosges avec <strong data-start=\"340\" data-end=\"357\">Hair du temps<\/strong>, pr\u00e9sent\u00e9 par le <strong data-start=\"375\" data-end=\"401\">collectif Carton Plein<\/strong>.<\/h2>\n<p data-start=\"0\" data-end=\"398\"><!--more--><\/p>\n<div id=\"attachment_87195\" style=\"width: 1034px\" class=\"wp-caption alignnone\"><a href=\"https:\/\/vosgesinfo.fr\/app\/uploads\/sites\/4\/2026\/01\/programme-letincelle-fevrier-2026.jpg\"><img decoding=\"async\" aria-describedby=\"caption-attachment-87195\" class=\"size-large wp-image-87195\" src=\"https:\/\/vosgesinfo.fr\/app\/uploads\/sites\/4\/2026\/01\/programme-letincelle-fevrier-2026-1024x683.jpg\" alt=\"\" width=\"1024\" height=\"683\" srcset=\"https:\/\/vosgesinfo.fr\/app\/uploads\/sites\/4\/2026\/01\/programme-letincelle-fevrier-2026-1024x683.jpg 1024w, https:\/\/vosgesinfo.fr\/app\/uploads\/sites\/4\/2026\/01\/programme-letincelle-fevrier-2026-300x200.jpg 300w, https:\/\/vosgesinfo.fr\/app\/uploads\/sites\/4\/2026\/01\/programme-letincelle-fevrier-2026-768x512.jpg 768w, https:\/\/vosgesinfo.fr\/app\/uploads\/sites\/4\/2026\/01\/programme-letincelle-fevrier-2026.jpg 1200w\" sizes=\"(max-width: 1024px) 100vw, 1024px\" \/><\/a><p id=\"caption-attachment-87195\" class=\"wp-caption-text\">(Photographie Loan Nguyen)<\/p><\/div>\n<h3 data-start=\"400\" data-end=\"434\"><strong>Ph\u00e8dre !, pour tous d\u00e8s 15 ans<\/strong><\/h3>\n<p data-start=\"436\" data-end=\"1612\">Sous la forme d\u2019une fausse conf\u00e9rence, le com\u00e9dien <strong data-start=\"487\" data-end=\"505\">Romain Daroles<\/strong> m\u00eale humour, \u00e9rudition et incarnation, et fait vibrer la langue et les mythes. Ce spectacle jubilatoire imagin\u00e9 par <strong data-start=\"622\" data-end=\"642\">Fran\u00e7ois Gremaud<\/strong>, jou\u00e9 dans les pays francophones \u00e0 guichet ferm\u00e9, s\u2019attache moins au sujet de Ph\u00e8dre qu\u2019au point d\u2019exclamation, ce signe de ponctuation appel\u00e9 autrefois point d\u2019admiration. Le v\u00e9ritable fil rouge tient dans l\u2019admiration que voue l\u2019unique protagoniste \u00e0 la trag\u00e9die de Racine, transform\u00e9e ici en monologue joyeux, entre <strong data-start=\"962\" data-end=\"984\">amours contrari\u00e9es<\/strong>, <strong data-start=\"986\" data-end=\"1013\">g\u00e9n\u00e9alogie mythologique<\/strong>, <strong data-start=\"1015\" data-end=\"1041\">vertus de l\u2019alexandrin<\/strong>, <strong data-start=\"1043\" data-end=\"1066\">notion de catharsis<\/strong>.<\/p>\n<p><strong>Jeudi 12 f\u00e9vrier<\/strong> \u00e0 20 h, au <strong>Mus\u00e9e Pierre-No\u00ebl<\/strong> (11 rue Saint-Charles, \u00e0 <strong>Saint-Di\u00e9-des-Vosges<\/strong>) ; <strong>Vendredi 13 f\u00e9vrier<\/strong> \u00e0 20 h, <strong>salle des f\u00eates de Ban-de-Laveline<\/strong> (place du Colonel Denis) ; <strong>Samedi 14 f\u00e9vrier<\/strong> \u00e0 20 h, <strong>salle des f\u00eates de Corcieux<\/strong> (place de la mairie). Mise en sc\u00e8ne : <strong>Fran\u00e7ois Gremaud<\/strong> \u2013 <strong>2B Company<\/strong>. Texte : Fran\u00e7ois Gremaud d\u2019apr\u00e8s <strong>Jean Racine.<\/strong> R\u00e9servations sur <a href=\"https:\/\/letincelle.sddv.fr\" target=\"_blank\" rel=\"noopener\"><strong>letincelle.sddv.fr<\/strong><\/a>, \u00e0 la <strong>billetterie de l\u2019Espace Georges-Sadoul <\/strong>ou dans les <strong>offices du tourisme<\/strong> du terrutoire. Tarifs : de <strong>8 \u00e0 16 euros<\/strong>.<\/p>\n<div id=\"attachment_87196\" style=\"width: 1034px\" class=\"wp-caption alignnone\"><a href=\"https:\/\/vosgesinfo.fr\/app\/uploads\/sites\/4\/2026\/01\/programme-letincelle-fevrier-2026-1.jpg\"><img decoding=\"async\" aria-describedby=\"caption-attachment-87196\" class=\"size-large wp-image-87196\" src=\"https:\/\/vosgesinfo.fr\/app\/uploads\/sites\/4\/2026\/01\/programme-letincelle-fevrier-2026-1-1024x576.jpg\" alt=\"\" width=\"1024\" height=\"576\" srcset=\"https:\/\/vosgesinfo.fr\/app\/uploads\/sites\/4\/2026\/01\/programme-letincelle-fevrier-2026-1-1024x576.jpg 1024w, https:\/\/vosgesinfo.fr\/app\/uploads\/sites\/4\/2026\/01\/programme-letincelle-fevrier-2026-1-300x169.jpg 300w, https:\/\/vosgesinfo.fr\/app\/uploads\/sites\/4\/2026\/01\/programme-letincelle-fevrier-2026-1-768x432.jpg 768w, https:\/\/vosgesinfo.fr\/app\/uploads\/sites\/4\/2026\/01\/programme-letincelle-fevrier-2026-1-1536x864.jpg 1536w, https:\/\/vosgesinfo.fr\/app\/uploads\/sites\/4\/2026\/01\/programme-letincelle-fevrier-2026-1.jpg 1920w\" sizes=\"(max-width: 1024px) 100vw, 1024px\" \/><\/a><p id=\"caption-attachment-87196\" class=\"wp-caption-text\">(Photographie Collectif Carton Plein)<\/p><\/div>\n<h3 data-start=\"1614\" data-end=\"1652\"><strong>Hair du temps, sortie de r\u00e9sidence<\/strong><\/h3>\n<p data-start=\"1654\" data-end=\"1921\"><strong data-start=\"0\" data-end=\"23\" data-is-only-node=\"\">Vendredi 27 f\u00e9vrier<\/strong> \u00e0 17 h et 18 h, dans un <strong data-start=\"48\" data-end=\"69\">salon de coiffure<\/strong> du centre-ville de Saint-Di\u00e9-des-Vosges, le <strong data-start=\"114\" data-end=\"140\">collectif Carton Plein<\/strong> pr\u00e9sentera une \u00e9tape de travail de sa prochaine cr\u00e9ation <strong data-start=\"198\" data-end=\"215\">Hair du temps<\/strong>. Infos \u00e0 suivre sur <strong data-start=\"236\" data-end=\"262\">letincelle . sddv . fr<\/strong>.<\/p>\n","protected":false},"excerpt":{"rendered":"<p>En f\u00e9vrier, L\u2019\u00c9tincelle, p\u00f4le du spectacle vivant de l\u2019Agglom\u00e9ration de Saint-Di\u00e9-des-Vosges, propose Ph\u00e8dre ! en itin\u00e9rance sur la Communaut\u00e9 d\u2019Agglom\u00e9ration, [&hellip;]<\/p>\n","protected":false},"author":46,"featured_media":87195,"comment_status":"open","ping_status":"open","sticky":false,"template":"","format":"standard","meta":{"footnotes":""},"categories":[460,7847,2915],"tags":[18460,271,19956,1824,3559,19953,19955,17659,3333,19882,19954,43],"class_list":["post-87194","post","type-post","status-publish","format-standard","has-post-thumbnail","hentry","category-a-la-une","category-art-culture","category-saint-die-son-canton","tag-agglomeration-de-saint-die-des-vosges","tag-ban-de-laveline","tag-collectif-carton-plein","tag-corcieux","tag-espace-georges-sadoul","tag-francois-gremaud","tag-hair-du-temps","tag-letincelle","tag-musee-pierre-noel","tag-phedre","tag-romain-daroles","tag-vosges"],"acf":[],"yoast_head":"<!-- This site is optimized with the Yoast SEO plugin v22.5 - https:\/\/yoast.com\/wordpress\/plugins\/seo\/ -->\n<title>Th\u00e9\u00e2tre en tourn\u00e9e et sortie de r\u00e9sidence au programme de l\u2019\u00c9tincelle en f\u00e9vrier - Saint Die Info<\/title>\n<meta name=\"robots\" content=\"index, follow, max-snippet:-1, max-image-preview:large, max-video-preview:-1\" \/>\n<link rel=\"canonical\" href=\"https:\/\/vosgesinfo.fr\/saintdieinfo\/2026\/01\/theatre-en-tournee-et-sortie-de-residence-au-programme-de-letincelle-en-fevrier\/\" \/>\n<meta name=\"twitter:card\" content=\"summary_large_image\" \/>\n<meta name=\"twitter:title\" content=\"Th\u00e9\u00e2tre en tourn\u00e9e et sortie de r\u00e9sidence au programme de l\u2019\u00c9tincelle en f\u00e9vrier - Saint Die Info\" \/>\n<meta name=\"twitter:description\" content=\"En f\u00e9vrier, L\u2019\u00c9tincelle, p\u00f4le du spectacle vivant de l\u2019Agglom\u00e9ration de Saint-Di\u00e9-des-Vosges, propose Ph\u00e8dre ! en itin\u00e9rance sur la Communaut\u00e9 d\u2019Agglom\u00e9ration, [&hellip;]\" \/>\n<meta name=\"twitter:image\" content=\"https:\/\/vosgesinfo.fr\/app\/uploads\/sites\/4\/2026\/01\/programme-letincelle-fevrier-2026.jpg\" \/>\n<meta name=\"twitter:creator\" content=\"@VosgesInfo88\" \/>\n<meta name=\"twitter:site\" content=\"@VosgesInfo88\" \/>\n<meta name=\"twitter:label1\" content=\"\u00c9crit par\" \/>\n\t<meta name=\"twitter:data1\" content=\"J.J.\" \/>\n\t<meta name=\"twitter:label2\" content=\"Dur\u00e9e de lecture estim\u00e9e\" \/>\n\t<meta name=\"twitter:data2\" content=\"2 minutes\" \/>\n<script type=\"application\/ld+json\" class=\"yoast-schema-graph\">{\"@context\":\"https:\/\/schema.org\",\"@graph\":[{\"@type\":\"Article\",\"@id\":\"https:\/\/vosgesinfo.fr\/saintdieinfo\/2026\/01\/theatre-en-tournee-et-sortie-de-residence-au-programme-de-letincelle-en-fevrier\/#article\",\"isPartOf\":{\"@id\":\"https:\/\/vosgesinfo.fr\/saintdieinfo\/2026\/01\/theatre-en-tournee-et-sortie-de-residence-au-programme-de-letincelle-en-fevrier\/\"},\"author\":{\"name\":\"J.J.\",\"@id\":\"https:\/\/vosgesinfo.fr\/saintdieinfo\/#\/schema\/person\/fa73e9f726d67bb88f46d5b7943cb572\"},\"headline\":\"Th\u00e9\u00e2tre en tourn\u00e9e et sortie de r\u00e9sidence au programme de l\u2019\u00c9tincelle en f\u00e9vrier\",\"datePublished\":\"2026-01-26T14:43:55+00:00\",\"dateModified\":\"2026-01-26T14:36:24+00:00\",\"mainEntityOfPage\":{\"@id\":\"https:\/\/vosgesinfo.fr\/saintdieinfo\/2026\/01\/theatre-en-tournee-et-sortie-de-residence-au-programme-de-letincelle-en-fevrier\/\"},\"wordCount\":342,\"commentCount\":0,\"publisher\":{\"@id\":\"https:\/\/vosgesinfo.fr\/saintdieinfo\/#organization\"},\"image\":{\"@id\":\"https:\/\/vosgesinfo.fr\/saintdieinfo\/2026\/01\/theatre-en-tournee-et-sortie-de-residence-au-programme-de-letincelle-en-fevrier\/#primaryimage\"},\"thumbnailUrl\":\"https:\/\/vosgesinfo.fr\/app\/uploads\/sites\/4\/2026\/01\/programme-letincelle-fevrier-2026.jpg\",\"keywords\":[\"Agglom\u00e9ration de Saint-Di\u00e9-des-Vosges\",\"ban de laveline\",\"Collectif Carton Plein\",\"Corcieux\",\"Espace Georges-Sadoul\",\"Fran\u00e7ois Gremaud\",\"Hair du temps\",\"L'\u00c9tincelle\",\"Mus\u00e9e Pierre-No\u00ebl\",\"Ph\u00e8dre\",\"Romain Daroles\",\"vosges\"],\"articleSection\":[\"A la Une\",\"Culture\",\"Saint-Di\u00e9-des-Vosges et son Agglom\u00e9ration\"],\"inLanguage\":\"fr-FR\",\"potentialAction\":[{\"@type\":\"CommentAction\",\"name\":\"Comment\",\"target\":[\"https:\/\/vosgesinfo.fr\/saintdieinfo\/2026\/01\/theatre-en-tournee-et-sortie-de-residence-au-programme-de-letincelle-en-fevrier\/#respond\"]}]},{\"@type\":\"WebPage\",\"@id\":\"https:\/\/vosgesinfo.fr\/saintdieinfo\/2026\/01\/theatre-en-tournee-et-sortie-de-residence-au-programme-de-letincelle-en-fevrier\/\",\"url\":\"https:\/\/vosgesinfo.fr\/saintdieinfo\/2026\/01\/theatre-en-tournee-et-sortie-de-residence-au-programme-de-letincelle-en-fevrier\/\",\"name\":\"Th\u00e9\u00e2tre en tourn\u00e9e et sortie de r\u00e9sidence au programme de l\u2019\u00c9tincelle en f\u00e9vrier - Saint Die Info\",\"isPartOf\":{\"@id\":\"https:\/\/vosgesinfo.fr\/saintdieinfo\/#website\"},\"primaryImageOfPage\":{\"@id\":\"https:\/\/vosgesinfo.fr\/saintdieinfo\/2026\/01\/theatre-en-tournee-et-sortie-de-residence-au-programme-de-letincelle-en-fevrier\/#primaryimage\"},\"image\":{\"@id\":\"https:\/\/vosgesinfo.fr\/saintdieinfo\/2026\/01\/theatre-en-tournee-et-sortie-de-residence-au-programme-de-letincelle-en-fevrier\/#primaryimage\"},\"thumbnailUrl\":\"https:\/\/vosgesinfo.fr\/app\/uploads\/sites\/4\/2026\/01\/programme-letincelle-fevrier-2026.jpg\",\"datePublished\":\"2026-01-26T14:43:55+00:00\",\"dateModified\":\"2026-01-26T14:36:24+00:00\",\"breadcrumb\":{\"@id\":\"https:\/\/vosgesinfo.fr\/saintdieinfo\/2026\/01\/theatre-en-tournee-et-sortie-de-residence-au-programme-de-letincelle-en-fevrier\/#breadcrumb\"},\"inLanguage\":\"fr-FR\",\"potentialAction\":[{\"@type\":\"ReadAction\",\"target\":[\"https:\/\/vosgesinfo.fr\/saintdieinfo\/2026\/01\/theatre-en-tournee-et-sortie-de-residence-au-programme-de-letincelle-en-fevrier\/\"]}]},{\"@type\":\"ImageObject\",\"inLanguage\":\"fr-FR\",\"@id\":\"https:\/\/vosgesinfo.fr\/saintdieinfo\/2026\/01\/theatre-en-tournee-et-sortie-de-residence-au-programme-de-letincelle-en-fevrier\/#primaryimage\",\"url\":\"https:\/\/vosgesinfo.fr\/app\/uploads\/sites\/4\/2026\/01\/programme-letincelle-fevrier-2026.jpg\",\"contentUrl\":\"https:\/\/vosgesinfo.fr\/app\/uploads\/sites\/4\/2026\/01\/programme-letincelle-fevrier-2026.jpg\",\"width\":1200,\"height\":800,\"caption\":\"(Photographie Loan Nguyen)\"},{\"@type\":\"BreadcrumbList\",\"@id\":\"https:\/\/vosgesinfo.fr\/saintdieinfo\/2026\/01\/theatre-en-tournee-et-sortie-de-residence-au-programme-de-letincelle-en-fevrier\/#breadcrumb\",\"itemListElement\":[{\"@type\":\"ListItem\",\"position\":1,\"name\":\"Home\",\"item\":\"https:\/\/vosgesinfo.fr\/saintdieinfo\/\"},{\"@type\":\"ListItem\",\"position\":2,\"name\":\"Th\u00e9\u00e2tre en tourn\u00e9e et sortie de r\u00e9sidence au programme de l\u2019\u00c9tincelle en f\u00e9vrier\"}]},{\"@type\":\"WebSite\",\"@id\":\"https:\/\/vosgesinfo.fr\/saintdieinfo\/#website\",\"url\":\"https:\/\/vosgesinfo.fr\/saintdieinfo\/\",\"name\":\"Saint Die Info\",\"description\":\"Toute l&#039;actualit\u00e9 de Saint-Di\u00e9-Des-Vosges\",\"publisher\":{\"@id\":\"https:\/\/vosgesinfo.fr\/saintdieinfo\/#organization\"},\"alternateName\":\"Toute l'actualit\u00e9 de Saint-Di\u00e9-Des-Vosges\",\"potentialAction\":[{\"@type\":\"SearchAction\",\"target\":{\"@type\":\"EntryPoint\",\"urlTemplate\":\"https:\/\/vosgesinfo.fr\/saintdieinfo\/?s={search_term_string}\"},\"query-input\":\"required name=search_term_string\"}],\"inLanguage\":\"fr-FR\"},{\"@type\":\"Organization\",\"@id\":\"https:\/\/vosgesinfo.fr\/saintdieinfo\/#organization\",\"name\":\"Saint Die Info\",\"url\":\"https:\/\/vosgesinfo.fr\/saintdieinfo\/\",\"logo\":{\"@type\":\"ImageObject\",\"inLanguage\":\"fr-FR\",\"@id\":\"https:\/\/vosgesinfo.fr\/saintdieinfo\/#\/schema\/logo\/image\/\",\"url\":\"https:\/\/vosgesinfo.fr\/app\/uploads\/sites\/4\/2024\/02\/logo-sdi.jpg\",\"contentUrl\":\"https:\/\/vosgesinfo.fr\/app\/uploads\/sites\/4\/2024\/02\/logo-sdi.jpg\",\"width\":600,\"height\":600,\"caption\":\"Saint Die Info\"},\"image\":{\"@id\":\"https:\/\/vosgesinfo.fr\/saintdieinfo\/#\/schema\/logo\/image\/\"},\"sameAs\":[\"https:\/\/www.facebook.com\/Saintdieinfofr\",\"https:\/\/x.com\/VosgesInfo88\",\"https:\/\/www.youtube.com\/@vosgesinfo\"]},{\"@type\":\"Person\",\"@id\":\"https:\/\/vosgesinfo.fr\/saintdieinfo\/#\/schema\/person\/fa73e9f726d67bb88f46d5b7943cb572\",\"name\":\"J.J.\",\"image\":{\"@type\":\"ImageObject\",\"inLanguage\":\"fr-FR\",\"@id\":\"https:\/\/vosgesinfo.fr\/saintdieinfo\/#\/schema\/person\/image\/\",\"url\":\"https:\/\/secure.gravatar.com\/avatar\/219e749e47ffbcca018a360ae4add7d4cdf1cdaaf8bc7676b27efade3fe65615?s=96&d=mm&r=g\",\"contentUrl\":\"https:\/\/secure.gravatar.com\/avatar\/219e749e47ffbcca018a360ae4add7d4cdf1cdaaf8bc7676b27efade3fe65615?s=96&d=mm&r=g\",\"caption\":\"J.J.\"},\"url\":\"https:\/\/vosgesinfo.fr\/saintdieinfo\/author\/j-j\/\"}]}<\/script>\n<!-- \/ Yoast SEO plugin. -->","yoast_head_json":{"title":"Th\u00e9\u00e2tre en tourn\u00e9e et sortie de r\u00e9sidence au programme de l\u2019\u00c9tincelle en f\u00e9vrier - Saint Die Info","robots":{"index":"index","follow":"follow","max-snippet":"max-snippet:-1","max-image-preview":"max-image-preview:large","max-video-preview":"max-video-preview:-1"},"canonical":"https:\/\/vosgesinfo.fr\/saintdieinfo\/2026\/01\/theatre-en-tournee-et-sortie-de-residence-au-programme-de-letincelle-en-fevrier\/","twitter_card":"summary_large_image","twitter_title":"Th\u00e9\u00e2tre en tourn\u00e9e et sortie de r\u00e9sidence au programme de l\u2019\u00c9tincelle en f\u00e9vrier - Saint Die Info","twitter_description":"En f\u00e9vrier, L\u2019\u00c9tincelle, p\u00f4le du spectacle vivant de l\u2019Agglom\u00e9ration de Saint-Di\u00e9-des-Vosges, propose Ph\u00e8dre ! en itin\u00e9rance sur la Communaut\u00e9 d\u2019Agglom\u00e9ration, [&hellip;]","twitter_image":"https:\/\/vosgesinfo.fr\/app\/uploads\/sites\/4\/2026\/01\/programme-letincelle-fevrier-2026.jpg","twitter_creator":"@VosgesInfo88","twitter_site":"@VosgesInfo88","twitter_misc":{"\u00c9crit par":"J.J.","Dur\u00e9e de lecture estim\u00e9e":"2 minutes"},"schema":{"@context":"https:\/\/schema.org","@graph":[{"@type":"Article","@id":"https:\/\/vosgesinfo.fr\/saintdieinfo\/2026\/01\/theatre-en-tournee-et-sortie-de-residence-au-programme-de-letincelle-en-fevrier\/#article","isPartOf":{"@id":"https:\/\/vosgesinfo.fr\/saintdieinfo\/2026\/01\/theatre-en-tournee-et-sortie-de-residence-au-programme-de-letincelle-en-fevrier\/"},"author":{"name":"J.J.","@id":"https:\/\/vosgesinfo.fr\/saintdieinfo\/#\/schema\/person\/fa73e9f726d67bb88f46d5b7943cb572"},"headline":"Th\u00e9\u00e2tre en tourn\u00e9e et sortie de r\u00e9sidence au programme de l\u2019\u00c9tincelle en f\u00e9vrier","datePublished":"2026-01-26T14:43:55+00:00","dateModified":"2026-01-26T14:36:24+00:00","mainEntityOfPage":{"@id":"https:\/\/vosgesinfo.fr\/saintdieinfo\/2026\/01\/theatre-en-tournee-et-sortie-de-residence-au-programme-de-letincelle-en-fevrier\/"},"wordCount":342,"commentCount":0,"publisher":{"@id":"https:\/\/vosgesinfo.fr\/saintdieinfo\/#organization"},"image":{"@id":"https:\/\/vosgesinfo.fr\/saintdieinfo\/2026\/01\/theatre-en-tournee-et-sortie-de-residence-au-programme-de-letincelle-en-fevrier\/#primaryimage"},"thumbnailUrl":"https:\/\/vosgesinfo.fr\/app\/uploads\/sites\/4\/2026\/01\/programme-letincelle-fevrier-2026.jpg","keywords":["Agglom\u00e9ration de Saint-Di\u00e9-des-Vosges","ban de laveline","Collectif Carton Plein","Corcieux","Espace Georges-Sadoul","Fran\u00e7ois Gremaud","Hair du temps","L'\u00c9tincelle","Mus\u00e9e Pierre-No\u00ebl","Ph\u00e8dre","Romain Daroles","vosges"],"articleSection":["A la Une","Culture","Saint-Di\u00e9-des-Vosges et son Agglom\u00e9ration"],"inLanguage":"fr-FR","potentialAction":[{"@type":"CommentAction","name":"Comment","target":["https:\/\/vosgesinfo.fr\/saintdieinfo\/2026\/01\/theatre-en-tournee-et-sortie-de-residence-au-programme-de-letincelle-en-fevrier\/#respond"]}]},{"@type":"WebPage","@id":"https:\/\/vosgesinfo.fr\/saintdieinfo\/2026\/01\/theatre-en-tournee-et-sortie-de-residence-au-programme-de-letincelle-en-fevrier\/","url":"https:\/\/vosgesinfo.fr\/saintdieinfo\/2026\/01\/theatre-en-tournee-et-sortie-de-residence-au-programme-de-letincelle-en-fevrier\/","name":"Th\u00e9\u00e2tre en tourn\u00e9e et sortie de r\u00e9sidence au programme de l\u2019\u00c9tincelle en f\u00e9vrier - Saint Die Info","isPartOf":{"@id":"https:\/\/vosgesinfo.fr\/saintdieinfo\/#website"},"primaryImageOfPage":{"@id":"https:\/\/vosgesinfo.fr\/saintdieinfo\/2026\/01\/theatre-en-tournee-et-sortie-de-residence-au-programme-de-letincelle-en-fevrier\/#primaryimage"},"image":{"@id":"https:\/\/vosgesinfo.fr\/saintdieinfo\/2026\/01\/theatre-en-tournee-et-sortie-de-residence-au-programme-de-letincelle-en-fevrier\/#primaryimage"},"thumbnailUrl":"https:\/\/vosgesinfo.fr\/app\/uploads\/sites\/4\/2026\/01\/programme-letincelle-fevrier-2026.jpg","datePublished":"2026-01-26T14:43:55+00:00","dateModified":"2026-01-26T14:36:24+00:00","breadcrumb":{"@id":"https:\/\/vosgesinfo.fr\/saintdieinfo\/2026\/01\/theatre-en-tournee-et-sortie-de-residence-au-programme-de-letincelle-en-fevrier\/#breadcrumb"},"inLanguage":"fr-FR","potentialAction":[{"@type":"ReadAction","target":["https:\/\/vosgesinfo.fr\/saintdieinfo\/2026\/01\/theatre-en-tournee-et-sortie-de-residence-au-programme-de-letincelle-en-fevrier\/"]}]},{"@type":"ImageObject","inLanguage":"fr-FR","@id":"https:\/\/vosgesinfo.fr\/saintdieinfo\/2026\/01\/theatre-en-tournee-et-sortie-de-residence-au-programme-de-letincelle-en-fevrier\/#primaryimage","url":"https:\/\/vosgesinfo.fr\/app\/uploads\/sites\/4\/2026\/01\/programme-letincelle-fevrier-2026.jpg","contentUrl":"https:\/\/vosgesinfo.fr\/app\/uploads\/sites\/4\/2026\/01\/programme-letincelle-fevrier-2026.jpg","width":1200,"height":800,"caption":"(Photographie Loan Nguyen)"},{"@type":"BreadcrumbList","@id":"https:\/\/vosgesinfo.fr\/saintdieinfo\/2026\/01\/theatre-en-tournee-et-sortie-de-residence-au-programme-de-letincelle-en-fevrier\/#breadcrumb","itemListElement":[{"@type":"ListItem","position":1,"name":"Home","item":"https:\/\/vosgesinfo.fr\/saintdieinfo\/"},{"@type":"ListItem","position":2,"name":"Th\u00e9\u00e2tre en tourn\u00e9e et sortie de r\u00e9sidence au programme de l\u2019\u00c9tincelle en f\u00e9vrier"}]},{"@type":"WebSite","@id":"https:\/\/vosgesinfo.fr\/saintdieinfo\/#website","url":"https:\/\/vosgesinfo.fr\/saintdieinfo\/","name":"Saint Die Info","description":"Toute l&#039;actualit\u00e9 de Saint-Di\u00e9-Des-Vosges","publisher":{"@id":"https:\/\/vosgesinfo.fr\/saintdieinfo\/#organization"},"alternateName":"Toute l'actualit\u00e9 de Saint-Di\u00e9-Des-Vosges","potentialAction":[{"@type":"SearchAction","target":{"@type":"EntryPoint","urlTemplate":"https:\/\/vosgesinfo.fr\/saintdieinfo\/?s={search_term_string}"},"query-input":"required name=search_term_string"}],"inLanguage":"fr-FR"},{"@type":"Organization","@id":"https:\/\/vosgesinfo.fr\/saintdieinfo\/#organization","name":"Saint Die Info","url":"https:\/\/vosgesinfo.fr\/saintdieinfo\/","logo":{"@type":"ImageObject","inLanguage":"fr-FR","@id":"https:\/\/vosgesinfo.fr\/saintdieinfo\/#\/schema\/logo\/image\/","url":"https:\/\/vosgesinfo.fr\/app\/uploads\/sites\/4\/2024\/02\/logo-sdi.jpg","contentUrl":"https:\/\/vosgesinfo.fr\/app\/uploads\/sites\/4\/2024\/02\/logo-sdi.jpg","width":600,"height":600,"caption":"Saint Die Info"},"image":{"@id":"https:\/\/vosgesinfo.fr\/saintdieinfo\/#\/schema\/logo\/image\/"},"sameAs":["https:\/\/www.facebook.com\/Saintdieinfofr","https:\/\/x.com\/VosgesInfo88","https:\/\/www.youtube.com\/@vosgesinfo"]},{"@type":"Person","@id":"https:\/\/vosgesinfo.fr\/saintdieinfo\/#\/schema\/person\/fa73e9f726d67bb88f46d5b7943cb572","name":"J.J.","image":{"@type":"ImageObject","inLanguage":"fr-FR","@id":"https:\/\/vosgesinfo.fr\/saintdieinfo\/#\/schema\/person\/image\/","url":"https:\/\/secure.gravatar.com\/avatar\/219e749e47ffbcca018a360ae4add7d4cdf1cdaaf8bc7676b27efade3fe65615?s=96&d=mm&r=g","contentUrl":"https:\/\/secure.gravatar.com\/avatar\/219e749e47ffbcca018a360ae4add7d4cdf1cdaaf8bc7676b27efade3fe65615?s=96&d=mm&r=g","caption":"J.J."},"url":"https:\/\/vosgesinfo.fr\/saintdieinfo\/author\/j-j\/"}]}},"_links":{"self":[{"href":"https:\/\/vosgesinfo.fr\/saintdieinfo\/wp-json\/wp\/v2\/posts\/87194","targetHints":{"allow":["GET"]}}],"collection":[{"href":"https:\/\/vosgesinfo.fr\/saintdieinfo\/wp-json\/wp\/v2\/posts"}],"about":[{"href":"https:\/\/vosgesinfo.fr\/saintdieinfo\/wp-json\/wp\/v2\/types\/post"}],"author":[{"embeddable":true,"href":"https:\/\/vosgesinfo.fr\/saintdieinfo\/wp-json\/wp\/v2\/users\/46"}],"replies":[{"embeddable":true,"href":"https:\/\/vosgesinfo.fr\/saintdieinfo\/wp-json\/wp\/v2\/comments?post=87194"}],"version-history":[{"count":1,"href":"https:\/\/vosgesinfo.fr\/saintdieinfo\/wp-json\/wp\/v2\/posts\/87194\/revisions"}],"predecessor-version":[{"id":87197,"href":"https:\/\/vosgesinfo.fr\/saintdieinfo\/wp-json\/wp\/v2\/posts\/87194\/revisions\/87197"}],"wp:featuredmedia":[{"embeddable":true,"href":"https:\/\/vosgesinfo.fr\/saintdieinfo\/wp-json\/wp\/v2\/media\/87195"}],"wp:attachment":[{"href":"https:\/\/vosgesinfo.fr\/saintdieinfo\/wp-json\/wp\/v2\/media?parent=87194"}],"wp:term":[{"taxonomy":"category","embeddable":true,"href":"https:\/\/vosgesinfo.fr\/saintdieinfo\/wp-json\/wp\/v2\/categories?post=87194"},{"taxonomy":"post_tag","embeddable":true,"href":"https:\/\/vosgesinfo.fr\/saintdieinfo\/wp-json\/wp\/v2\/tags?post=87194"}],"curies":[{"name":"wp","href":"https:\/\/api.w.org\/{rel}","templated":true}]}}