{"id":87198,"date":"2026-01-26T20:33:36","date_gmt":"2026-01-26T19:33:36","guid":{"rendered":"https:\/\/vosgesinfo.fr\/saintdieinfo\/?p=87198"},"modified":"2026-01-27T07:02:07","modified_gmt":"2026-01-27T06:02:07","slug":"voeux-2026-de-claude-george-humilite-coherence-et-ambition-pour-lagglomeration-de-saint-die-des-vosges","status":"publish","type":"post","link":"https:\/\/vosgesinfo.fr\/saintdieinfo\/2026\/01\/voeux-2026-de-claude-george-humilite-coherence-et-ambition-pour-lagglomeration-de-saint-die-des-vosges\/","title":{"rendered":"V\u0153ux 2026 de Claude George : \u00ab Humilit\u00e9, coh\u00e9rence et ambition \u00bb pour l\u2019Agglom\u00e9ration de Saint-Di\u00e9-des-Vosges"},"content":{"rendered":"<p data-start=\"0\" data-end=\"351\"><a href=\"https:\/\/vosgesinfo.fr\/app\/uploads\/sites\/4\/2026\/01\/voeux-2026-claude-george-1.jpg\"><img decoding=\"async\" class=\"alignnone size-large wp-image-87201\" src=\"https:\/\/vosgesinfo.fr\/app\/uploads\/sites\/4\/2026\/01\/voeux-2026-claude-george-1-1024x771.jpg\" alt=\"\" width=\"1024\" height=\"771\" srcset=\"https:\/\/vosgesinfo.fr\/app\/uploads\/sites\/4\/2026\/01\/voeux-2026-claude-george-1-1024x771.jpg 1024w, https:\/\/vosgesinfo.fr\/app\/uploads\/sites\/4\/2026\/01\/voeux-2026-claude-george-1-300x226.jpg 300w, https:\/\/vosgesinfo.fr\/app\/uploads\/sites\/4\/2026\/01\/voeux-2026-claude-george-1-768x578.jpg 768w, https:\/\/vosgesinfo.fr\/app\/uploads\/sites\/4\/2026\/01\/voeux-2026-claude-george-1.jpg 1434w\" sizes=\"(max-width: 1024px) 100vw, 1024px\" \/><\/a><\/p>\n<h2 data-start=\"0\" data-end=\"351\">Comme \u00e0 son accoutum\u00e9e, le <strong>pr\u00e9sident de l\u2019Agglom\u00e9ration de Saint-Di\u00e9-des-Vosges<\/strong>, <strong data-start=\"85\" data-end=\"102\">Claude George<\/strong>, a attendu la <strong data-start=\"117\" data-end=\"149\">toute fin du mois de janvier<\/strong> pour pr\u00e9senter ses v\u0153ux pour la nouvelle ann\u00e9e. C\u2019est ce lundi, en fin de journ\u00e9e, qu\u2019il s\u2019est livr\u00e9 \u00e0 cet exercice annuel \u00e0 l\u2019<strong data-start=\"277\" data-end=\"307\">Espace Fran\u00e7ois-Mitterrand<\/strong>, devant les <strong data-start=\"320\" data-end=\"350\">forces vives du territoire <\/strong>et en pr\u00e9sence notamment <strong data-start=\"320\" data-end=\"350\">du ministre d\u00e9l\u00e9gu\u00e9 Michel Fournier.<\/strong><\/h2>\n<p data-start=\"0\" data-end=\"351\"><!--more--><\/p>\n<h3 data-start=\"353\" data-end=\"392\"><strong>Derniers v\u0153ux avant les municipales<\/strong><\/h3>\n<p data-start=\"394\" data-end=\"764\">Derniers v\u0153ux avant les <strong data-start=\"418\" data-end=\"461\">\u00e9lections municipales des 15 et 22 mars<\/strong>, <strong data-start=\"463\" data-end=\"480\">Claude George<\/strong> n\u2019est pas revenu sur les r\u00e9alisations pass\u00e9es. \u00ab Cette ann\u00e9e est un peu diff\u00e9rente. Dans un contexte de r\u00e9serve \u00e9lectorale, je ne d\u00e9roulerai pas la longue liste de nos r\u00e9alisations. Mais je commencerai par un mot consid\u00e9r\u00e9 comme trop simple pour un discours institutionnel : merci. \u00bb Pour rappel, c&rsquo;est lors de ses pr\u00e9c\u00e9dents v\u0153ux qu&rsquo;il avait annonc\u00e9 son intention de briguer un<strong> nouveau mandat de pr\u00e9sident de l&rsquo;Agglom\u00e9ration.<\/strong><\/p>\n<h3 data-start=\"766\" data-end=\"813\"><strong>Une s\u00e9rie de remerciements aux forces vives<\/strong><\/h3>\n<p data-start=\"815\" data-end=\"1430\">Le pr\u00e9sident de l\u2019intercommunalit\u00e9 d\u00e9odatienne a remerci\u00e9 <strong data-start=\"58\" data-end=\"72\">les maires<\/strong>, \u00ab avec qui nous avons construit un territoire de coh\u00e9sion et d\u2019action \u00bb, <strong data-start=\"147\" data-end=\"180\">les agents de l\u2019Agglom\u00e9ration<\/strong>, \u00ab je le dis avec force, sans vous, rien n\u2019existerait \u00bb, <strong data-start=\"238\" data-end=\"273\">les partenaires institutionnels<\/strong>, \u00ab qui, de pr\u00e8s ou de loin, se font les relais des actions que nous d\u00e9ployons \u00bb, <strong data-start=\"355\" data-end=\"382\">les acteurs \u00e9conomiques<\/strong>, \u00ab le moteur silencieux d\u2019une vitalit\u00e9 territoriale qui ne doit rien au hasard \u00bb, <strong data-start=\"465\" data-end=\"485\">les associations<\/strong>, \u00ab qui incarnent peut-\u00eatre mieux que quiconque la g\u00e9n\u00e9rosit\u00e9 locale \u00bb, et <strong data-start=\"560\" data-end=\"577\">les habitants<\/strong>, \u00ab qui, au fond, sont la raison d\u2019\u00eatre de notre action \u00bb.<\/p>\n<h3 data-start=\"1432\" data-end=\"1487\"><strong>Bient\u00f4t dix ans pour l\u2019Agglom\u00e9ration de Saint-Di\u00e9-des-Vosges<\/strong><\/h3>\n<p data-start=\"1489\" data-end=\"1887\">\u00ab Au-del\u00e0 de tous mes remerciements, vous \u00eates mon pr\u00e9texte \u00e0 conserver mon niveau d\u2019exigence \u00bb a ajout\u00e9 <strong data-start=\"1594\" data-end=\"1611\">Claude George<\/strong>, rappelant que l\u2019<strong data-start=\"1629\" data-end=\"1670\">Agglom\u00e9ration de Saint-Di\u00e9-des-Vosges<\/strong> soufflera bient\u00f4t sa <strong data-start=\"1692\" data-end=\"1710\">dixi\u00e8me bougie<\/strong> (NDLR : elle est n\u00e9e le 1er janvier 2017). \u00ab Depuis 9 ans, nous avons grandi ensemble. L\u2019Agglom\u00e9ration n\u2019est pas un \u00e9chelon administratif de plus, mais un espace d\u2019intelligence collective. \u00bb<\/p>\n<h3 data-start=\"1889\" data-end=\"1937\"><strong>Des transitions pour l\u2019avenir de la D\u00e9odatie<\/strong><\/h3>\n<p data-start=\"1939\" data-end=\"2390\">Dans la derni\u00e8re partie de son discours, le pr\u00e9sident s\u2019est tourn\u00e9 vers l\u2019<strong data-start=\"2013\" data-end=\"2038\">avenir de la D\u00e9odatie<\/strong>. \u00ab Un territoire qui ne remet pas en question se fragilise. L\u2019avenir de notre Agglom\u00e9ration sera fait de transitions. Qu\u2019elles soient \u00e9conomique, \u00e9cologique, d\u00e9mographique, num\u00e9rique, id\u00e9ologique ou m\u00e9thodologique. Ces transitions ne se feront pas sans intelligence collective et strat\u00e9gies partag\u00e9es. Tout cela se construira pas \u00e0 pas, avec audace. \u00bb<\/p>\n<h3 data-start=\"2392\" data-end=\"2419\"><strong>Campus Cambium et PLUiH<\/strong><\/h3>\n<p data-start=\"2421\" data-end=\"2866\">Pour illustrer concr\u00e8tement l\u2019avenir de l\u2019intercommunalit\u00e9, ont \u00e9t\u00e9 \u00e9voqu\u00e9s le projet du <strong data-start=\"89\" data-end=\"107\">Campus Cambium<\/strong>, futur centre national de formation en s\u00e9curit\u00e9 situ\u00e9 sur la <strong data-start=\"169\" data-end=\"189\">friche du Souche<\/strong> \u00e0 <strong data-start=\"192\" data-end=\"202\">Anould<\/strong>, et le <strong data-start=\"210\" data-end=\"304\">Plan Local d&rsquo;Urbanisme intercommunal tenant lieu de programme local de l&rsquo;Habitat \u2013 PLUiH<\/strong>. \u00ab Tant d\u2019encre a coul\u00e9, depuis des mois et des ann\u00e9es, au sujet de notre PLUiH. Pourtant, ce n\u2019est pas une option, mais une obligation l\u00e9gale, qui est indispensable aujourd\u2019hui car le foncier est devenu une ressource rare. \u00bb<\/p>\n<h3 data-start=\"2868\" data-end=\"2921\"><strong>\u00ab Humilit\u00e9, coh\u00e9rence et ambition \u00bb<\/strong><\/h3>\n<p data-start=\"2923\" data-end=\"3299\"><strong data-start=\"2923\" data-end=\"2935\">Humilit\u00e9<\/strong>, <strong data-start=\"2937\" data-end=\"2950\">coh\u00e9rence<\/strong> et <strong data-start=\"2954\" data-end=\"2966\">ambition<\/strong> sont les 3 mots employ\u00e9s par <strong data-start=\"2996\" data-end=\"3013\">Claude George<\/strong>, ce soir, \u00ab pour caract\u00e9riser l\u2019\u00e9tat d\u2019esprit de l\u2019Agglom\u00e9ration pour les \u00e9ch\u00e9ances \u00e0 venir. Ce territoire n\u2019est pas le mien. Il est le v\u00f4tre, il est le n\u00f4tre, il est ce que nous en faisons collectivement. La dynamique de notre intercommunalit\u00e9 s\u2019inscrit dans une trajectoire solide. \u00bb<\/p>\n\n\t\t<style type=\"text\/css\">\n\t\t\t#gallery-1 {\n\t\t\t\tmargin: auto;\n\t\t\t}\n\t\t\t#gallery-1 .gallery-item {\n\t\t\t\tfloat: left;\n\t\t\t\tmargin-top: 10px;\n\t\t\t\ttext-align: center;\n\t\t\t\twidth: 33%;\n\t\t\t}\n\t\t\t#gallery-1 img {\n\t\t\t\tborder: 2px solid #cfcfcf;\n\t\t\t}\n\t\t\t#gallery-1 .gallery-caption {\n\t\t\t\tmargin-left: 0;\n\t\t\t}\n\t\t\t\/* see gallery_shortcode() in wp-includes\/media.php *\/\n\t\t<\/style>\n\t\t<div id='gallery-1' class='gallery galleryid-87198 gallery-columns-3 gallery-size-thumbnail'><dl class='gallery-item'>\n\t\t\t<dt class='gallery-icon landscape'>\n\t\t\t\t<a href='https:\/\/vosgesinfo.fr\/app\/uploads\/sites\/4\/2026\/01\/voeux-2026-claude-george-2.jpg'><img decoding=\"async\" width=\"150\" height=\"150\" src=\"https:\/\/vosgesinfo.fr\/app\/uploads\/sites\/4\/2026\/01\/voeux-2026-claude-george-2-150x150.jpg\" class=\"attachment-thumbnail size-thumbnail\" alt=\"\" \/><\/a>\n\t\t\t<\/dt><\/dl><dl class='gallery-item'>\n\t\t\t<dt class='gallery-icon landscape'>\n\t\t\t\t<a href='https:\/\/vosgesinfo.fr\/app\/uploads\/sites\/4\/2026\/01\/voeux-2026-claude-george-3.jpg'><img decoding=\"async\" width=\"150\" height=\"150\" src=\"https:\/\/vosgesinfo.fr\/app\/uploads\/sites\/4\/2026\/01\/voeux-2026-claude-george-3-150x150.jpg\" class=\"attachment-thumbnail size-thumbnail\" alt=\"\" \/><\/a>\n\t\t\t<\/dt><\/dl><dl class='gallery-item'>\n\t\t\t<dt class='gallery-icon landscape'>\n\t\t\t\t<a href='https:\/\/vosgesinfo.fr\/app\/uploads\/sites\/4\/2026\/01\/voeux-2026-claude-george-4.jpg'><img decoding=\"async\" width=\"150\" height=\"150\" src=\"https:\/\/vosgesinfo.fr\/app\/uploads\/sites\/4\/2026\/01\/voeux-2026-claude-george-4-150x150.jpg\" class=\"attachment-thumbnail size-thumbnail\" alt=\"\" \/><\/a>\n\t\t\t<\/dt><\/dl><br style=\"clear: both\" \/>\n\t\t<\/div>\n\n","protected":false},"excerpt":{"rendered":"<p>Comme \u00e0 son accoutum\u00e9e, le pr\u00e9sident de l\u2019Agglom\u00e9ration de Saint-Di\u00e9-des-Vosges, Claude George, a attendu la toute fin du mois de [&hellip;]<\/p>\n","protected":false},"author":46,"featured_media":87201,"comment_status":"open","ping_status":"open","sticky":false,"template":"","format":"standard","meta":{"footnotes":""},"categories":[460,10,167,2915],"tags":[18460,3927,18503,3861,3335,19604,3089,19957,19958,7337,19959,19748],"class_list":["post-87198","post","type-post","status-publish","format-standard","has-post-thumbnail","hentry","category-a-la-une","category-politique","category-saint-die-des-vosges","category-saint-die-son-canton","tag-agglomeration-de-saint-die-des-vosges","tag-anould","tag-campus-cambium","tag-claude-george","tag-deodatie","tag-elections-municipales","tag-espace-francois-mitterrand","tag-friche-du-souche","tag-plan-local-durbanisme-intercommunal","tag-pluih","tag-programme-local-de-lhabitat","tag-voeux-2026"],"acf":[],"yoast_head":"<!-- This site is optimized with the Yoast SEO plugin v22.5 - https:\/\/yoast.com\/wordpress\/plugins\/seo\/ -->\n<title>V\u0153ux 2026 de Claude George : \u00ab Humilit\u00e9, coh\u00e9rence et ambition \u00bb pour l\u2019Agglom\u00e9ration de Saint-Di\u00e9-des-Vosges - Saint Die Info<\/title>\n<meta name=\"robots\" content=\"index, follow, max-snippet:-1, max-image-preview:large, max-video-preview:-1\" \/>\n<link rel=\"canonical\" href=\"https:\/\/vosgesinfo.fr\/saintdieinfo\/2026\/01\/voeux-2026-de-claude-george-humilite-coherence-et-ambition-pour-lagglomeration-de-saint-die-des-vosges\/\" \/>\n<meta name=\"twitter:card\" content=\"summary_large_image\" \/>\n<meta name=\"twitter:title\" content=\"V\u0153ux 2026 de Claude George : \u00ab Humilit\u00e9, coh\u00e9rence et ambition \u00bb pour l\u2019Agglom\u00e9ration de Saint-Di\u00e9-des-Vosges - Saint Die Info\" \/>\n<meta name=\"twitter:description\" content=\"Comme \u00e0 son accoutum\u00e9e, le pr\u00e9sident de l\u2019Agglom\u00e9ration de Saint-Di\u00e9-des-Vosges, Claude George, a attendu la toute fin du mois de [&hellip;]\" \/>\n<meta name=\"twitter:image\" content=\"https:\/\/vosgesinfo.fr\/app\/uploads\/sites\/4\/2026\/01\/voeux-2026-claude-george-1.jpg\" \/>\n<meta name=\"twitter:creator\" content=\"@VosgesInfo88\" \/>\n<meta name=\"twitter:site\" content=\"@VosgesInfo88\" \/>\n<meta name=\"twitter:label1\" content=\"\u00c9crit par\" \/>\n\t<meta name=\"twitter:data1\" content=\"J.J.\" \/>\n\t<meta name=\"twitter:label2\" content=\"Dur\u00e9e de lecture estim\u00e9e\" \/>\n\t<meta name=\"twitter:data2\" content=\"4 minutes\" \/>\n<script type=\"application\/ld+json\" class=\"yoast-schema-graph\">{\"@context\":\"https:\/\/schema.org\",\"@graph\":[{\"@type\":\"Article\",\"@id\":\"https:\/\/vosgesinfo.fr\/saintdieinfo\/2026\/01\/voeux-2026-de-claude-george-humilite-coherence-et-ambition-pour-lagglomeration-de-saint-die-des-vosges\/#article\",\"isPartOf\":{\"@id\":\"https:\/\/vosgesinfo.fr\/saintdieinfo\/2026\/01\/voeux-2026-de-claude-george-humilite-coherence-et-ambition-pour-lagglomeration-de-saint-die-des-vosges\/\"},\"author\":{\"name\":\"J.J.\",\"@id\":\"https:\/\/vosgesinfo.fr\/saintdieinfo\/#\/schema\/person\/fa73e9f726d67bb88f46d5b7943cb572\"},\"headline\":\"V\u0153ux 2026 de Claude George : \u00ab Humilit\u00e9, coh\u00e9rence et ambition \u00bb pour l\u2019Agglom\u00e9ration de Saint-Di\u00e9-des-Vosges\",\"datePublished\":\"2026-01-26T19:33:36+00:00\",\"dateModified\":\"2026-01-27T06:02:07+00:00\",\"mainEntityOfPage\":{\"@id\":\"https:\/\/vosgesinfo.fr\/saintdieinfo\/2026\/01\/voeux-2026-de-claude-george-humilite-coherence-et-ambition-pour-lagglomeration-de-saint-die-des-vosges\/\"},\"wordCount\":639,\"commentCount\":1,\"publisher\":{\"@id\":\"https:\/\/vosgesinfo.fr\/saintdieinfo\/#organization\"},\"image\":{\"@id\":\"https:\/\/vosgesinfo.fr\/saintdieinfo\/2026\/01\/voeux-2026-de-claude-george-humilite-coherence-et-ambition-pour-lagglomeration-de-saint-die-des-vosges\/#primaryimage\"},\"thumbnailUrl\":\"https:\/\/vosgesinfo.fr\/app\/uploads\/sites\/4\/2026\/01\/voeux-2026-claude-george-1.jpg\",\"keywords\":[\"Agglom\u00e9ration de Saint-Di\u00e9-des-Vosges\",\"Anould\",\"Campus Cambium\",\"Claude George\",\"D\u00e9odatie\",\"\u00e9lections municipales\",\"Espace Fran\u00e7ois-Mitterrand\",\"friche du Souche\",\"Plan local d\u2019urbanisme intercommunal\",\"PLUIH\",\"programme local de l\u2019habitat\",\"v\u0153ux 2026\"],\"articleSection\":[\"A la Une\",\"Politique\",\"Saint-Di\u00e9-des-Vosges\",\"Saint-Di\u00e9-des-Vosges et son Agglom\u00e9ration\"],\"inLanguage\":\"fr-FR\",\"potentialAction\":[{\"@type\":\"CommentAction\",\"name\":\"Comment\",\"target\":[\"https:\/\/vosgesinfo.fr\/saintdieinfo\/2026\/01\/voeux-2026-de-claude-george-humilite-coherence-et-ambition-pour-lagglomeration-de-saint-die-des-vosges\/#respond\"]}]},{\"@type\":\"WebPage\",\"@id\":\"https:\/\/vosgesinfo.fr\/saintdieinfo\/2026\/01\/voeux-2026-de-claude-george-humilite-coherence-et-ambition-pour-lagglomeration-de-saint-die-des-vosges\/\",\"url\":\"https:\/\/vosgesinfo.fr\/saintdieinfo\/2026\/01\/voeux-2026-de-claude-george-humilite-coherence-et-ambition-pour-lagglomeration-de-saint-die-des-vosges\/\",\"name\":\"V\u0153ux 2026 de Claude George : \u00ab Humilit\u00e9, coh\u00e9rence et ambition \u00bb pour l\u2019Agglom\u00e9ration de Saint-Di\u00e9-des-Vosges - Saint Die Info\",\"isPartOf\":{\"@id\":\"https:\/\/vosgesinfo.fr\/saintdieinfo\/#website\"},\"primaryImageOfPage\":{\"@id\":\"https:\/\/vosgesinfo.fr\/saintdieinfo\/2026\/01\/voeux-2026-de-claude-george-humilite-coherence-et-ambition-pour-lagglomeration-de-saint-die-des-vosges\/#primaryimage\"},\"image\":{\"@id\":\"https:\/\/vosgesinfo.fr\/saintdieinfo\/2026\/01\/voeux-2026-de-claude-george-humilite-coherence-et-ambition-pour-lagglomeration-de-saint-die-des-vosges\/#primaryimage\"},\"thumbnailUrl\":\"https:\/\/vosgesinfo.fr\/app\/uploads\/sites\/4\/2026\/01\/voeux-2026-claude-george-1.jpg\",\"datePublished\":\"2026-01-26T19:33:36+00:00\",\"dateModified\":\"2026-01-27T06:02:07+00:00\",\"breadcrumb\":{\"@id\":\"https:\/\/vosgesinfo.fr\/saintdieinfo\/2026\/01\/voeux-2026-de-claude-george-humilite-coherence-et-ambition-pour-lagglomeration-de-saint-die-des-vosges\/#breadcrumb\"},\"inLanguage\":\"fr-FR\",\"potentialAction\":[{\"@type\":\"ReadAction\",\"target\":[\"https:\/\/vosgesinfo.fr\/saintdieinfo\/2026\/01\/voeux-2026-de-claude-george-humilite-coherence-et-ambition-pour-lagglomeration-de-saint-die-des-vosges\/\"]}]},{\"@type\":\"ImageObject\",\"inLanguage\":\"fr-FR\",\"@id\":\"https:\/\/vosgesinfo.fr\/saintdieinfo\/2026\/01\/voeux-2026-de-claude-george-humilite-coherence-et-ambition-pour-lagglomeration-de-saint-die-des-vosges\/#primaryimage\",\"url\":\"https:\/\/vosgesinfo.fr\/app\/uploads\/sites\/4\/2026\/01\/voeux-2026-claude-george-1.jpg\",\"contentUrl\":\"https:\/\/vosgesinfo.fr\/app\/uploads\/sites\/4\/2026\/01\/voeux-2026-claude-george-1.jpg\",\"width\":1434,\"height\":1080},{\"@type\":\"BreadcrumbList\",\"@id\":\"https:\/\/vosgesinfo.fr\/saintdieinfo\/2026\/01\/voeux-2026-de-claude-george-humilite-coherence-et-ambition-pour-lagglomeration-de-saint-die-des-vosges\/#breadcrumb\",\"itemListElement\":[{\"@type\":\"ListItem\",\"position\":1,\"name\":\"Home\",\"item\":\"https:\/\/vosgesinfo.fr\/saintdieinfo\/\"},{\"@type\":\"ListItem\",\"position\":2,\"name\":\"V\u0153ux 2026 de Claude George : \u00ab Humilit\u00e9, coh\u00e9rence et ambition \u00bb pour l\u2019Agglom\u00e9ration de Saint-Di\u00e9-des-Vosges\"}]},{\"@type\":\"WebSite\",\"@id\":\"https:\/\/vosgesinfo.fr\/saintdieinfo\/#website\",\"url\":\"https:\/\/vosgesinfo.fr\/saintdieinfo\/\",\"name\":\"Saint Die Info\",\"description\":\"Toute l&#039;actualit\u00e9 de Saint-Di\u00e9-Des-Vosges\",\"publisher\":{\"@id\":\"https:\/\/vosgesinfo.fr\/saintdieinfo\/#organization\"},\"alternateName\":\"Toute l'actualit\u00e9 de Saint-Di\u00e9-Des-Vosges\",\"potentialAction\":[{\"@type\":\"SearchAction\",\"target\":{\"@type\":\"EntryPoint\",\"urlTemplate\":\"https:\/\/vosgesinfo.fr\/saintdieinfo\/?s={search_term_string}\"},\"query-input\":\"required name=search_term_string\"}],\"inLanguage\":\"fr-FR\"},{\"@type\":\"Organization\",\"@id\":\"https:\/\/vosgesinfo.fr\/saintdieinfo\/#organization\",\"name\":\"Saint Die Info\",\"url\":\"https:\/\/vosgesinfo.fr\/saintdieinfo\/\",\"logo\":{\"@type\":\"ImageObject\",\"inLanguage\":\"fr-FR\",\"@id\":\"https:\/\/vosgesinfo.fr\/saintdieinfo\/#\/schema\/logo\/image\/\",\"url\":\"https:\/\/vosgesinfo.fr\/app\/uploads\/sites\/4\/2024\/02\/logo-sdi.jpg\",\"contentUrl\":\"https:\/\/vosgesinfo.fr\/app\/uploads\/sites\/4\/2024\/02\/logo-sdi.jpg\",\"width\":600,\"height\":600,\"caption\":\"Saint Die Info\"},\"image\":{\"@id\":\"https:\/\/vosgesinfo.fr\/saintdieinfo\/#\/schema\/logo\/image\/\"},\"sameAs\":[\"https:\/\/www.facebook.com\/Saintdieinfofr\",\"https:\/\/x.com\/VosgesInfo88\",\"https:\/\/www.youtube.com\/@vosgesinfo\"]},{\"@type\":\"Person\",\"@id\":\"https:\/\/vosgesinfo.fr\/saintdieinfo\/#\/schema\/person\/fa73e9f726d67bb88f46d5b7943cb572\",\"name\":\"J.J.\",\"image\":{\"@type\":\"ImageObject\",\"inLanguage\":\"fr-FR\",\"@id\":\"https:\/\/vosgesinfo.fr\/saintdieinfo\/#\/schema\/person\/image\/\",\"url\":\"https:\/\/secure.gravatar.com\/avatar\/219e749e47ffbcca018a360ae4add7d4cdf1cdaaf8bc7676b27efade3fe65615?s=96&d=mm&r=g\",\"contentUrl\":\"https:\/\/secure.gravatar.com\/avatar\/219e749e47ffbcca018a360ae4add7d4cdf1cdaaf8bc7676b27efade3fe65615?s=96&d=mm&r=g\",\"caption\":\"J.J.\"},\"url\":\"https:\/\/vosgesinfo.fr\/saintdieinfo\/author\/j-j\/\"}]}<\/script>\n<!-- \/ Yoast SEO plugin. -->","yoast_head_json":{"title":"V\u0153ux 2026 de Claude George : \u00ab Humilit\u00e9, coh\u00e9rence et ambition \u00bb pour l\u2019Agglom\u00e9ration de Saint-Di\u00e9-des-Vosges - Saint Die Info","robots":{"index":"index","follow":"follow","max-snippet":"max-snippet:-1","max-image-preview":"max-image-preview:large","max-video-preview":"max-video-preview:-1"},"canonical":"https:\/\/vosgesinfo.fr\/saintdieinfo\/2026\/01\/voeux-2026-de-claude-george-humilite-coherence-et-ambition-pour-lagglomeration-de-saint-die-des-vosges\/","twitter_card":"summary_large_image","twitter_title":"V\u0153ux 2026 de Claude George : \u00ab Humilit\u00e9, coh\u00e9rence et ambition \u00bb pour l\u2019Agglom\u00e9ration de Saint-Di\u00e9-des-Vosges - Saint Die Info","twitter_description":"Comme \u00e0 son accoutum\u00e9e, le pr\u00e9sident de l\u2019Agglom\u00e9ration de Saint-Di\u00e9-des-Vosges, Claude George, a attendu la toute fin du mois de [&hellip;]","twitter_image":"https:\/\/vosgesinfo.fr\/app\/uploads\/sites\/4\/2026\/01\/voeux-2026-claude-george-1.jpg","twitter_creator":"@VosgesInfo88","twitter_site":"@VosgesInfo88","twitter_misc":{"\u00c9crit par":"J.J.","Dur\u00e9e de lecture estim\u00e9e":"4 minutes"},"schema":{"@context":"https:\/\/schema.org","@graph":[{"@type":"Article","@id":"https:\/\/vosgesinfo.fr\/saintdieinfo\/2026\/01\/voeux-2026-de-claude-george-humilite-coherence-et-ambition-pour-lagglomeration-de-saint-die-des-vosges\/#article","isPartOf":{"@id":"https:\/\/vosgesinfo.fr\/saintdieinfo\/2026\/01\/voeux-2026-de-claude-george-humilite-coherence-et-ambition-pour-lagglomeration-de-saint-die-des-vosges\/"},"author":{"name":"J.J.","@id":"https:\/\/vosgesinfo.fr\/saintdieinfo\/#\/schema\/person\/fa73e9f726d67bb88f46d5b7943cb572"},"headline":"V\u0153ux 2026 de Claude George : \u00ab Humilit\u00e9, coh\u00e9rence et ambition \u00bb pour l\u2019Agglom\u00e9ration de Saint-Di\u00e9-des-Vosges","datePublished":"2026-01-26T19:33:36+00:00","dateModified":"2026-01-27T06:02:07+00:00","mainEntityOfPage":{"@id":"https:\/\/vosgesinfo.fr\/saintdieinfo\/2026\/01\/voeux-2026-de-claude-george-humilite-coherence-et-ambition-pour-lagglomeration-de-saint-die-des-vosges\/"},"wordCount":639,"commentCount":1,"publisher":{"@id":"https:\/\/vosgesinfo.fr\/saintdieinfo\/#organization"},"image":{"@id":"https:\/\/vosgesinfo.fr\/saintdieinfo\/2026\/01\/voeux-2026-de-claude-george-humilite-coherence-et-ambition-pour-lagglomeration-de-saint-die-des-vosges\/#primaryimage"},"thumbnailUrl":"https:\/\/vosgesinfo.fr\/app\/uploads\/sites\/4\/2026\/01\/voeux-2026-claude-george-1.jpg","keywords":["Agglom\u00e9ration de Saint-Di\u00e9-des-Vosges","Anould","Campus Cambium","Claude George","D\u00e9odatie","\u00e9lections municipales","Espace Fran\u00e7ois-Mitterrand","friche du Souche","Plan local d\u2019urbanisme intercommunal","PLUIH","programme local de l\u2019habitat","v\u0153ux 2026"],"articleSection":["A la Une","Politique","Saint-Di\u00e9-des-Vosges","Saint-Di\u00e9-des-Vosges et son Agglom\u00e9ration"],"inLanguage":"fr-FR","potentialAction":[{"@type":"CommentAction","name":"Comment","target":["https:\/\/vosgesinfo.fr\/saintdieinfo\/2026\/01\/voeux-2026-de-claude-george-humilite-coherence-et-ambition-pour-lagglomeration-de-saint-die-des-vosges\/#respond"]}]},{"@type":"WebPage","@id":"https:\/\/vosgesinfo.fr\/saintdieinfo\/2026\/01\/voeux-2026-de-claude-george-humilite-coherence-et-ambition-pour-lagglomeration-de-saint-die-des-vosges\/","url":"https:\/\/vosgesinfo.fr\/saintdieinfo\/2026\/01\/voeux-2026-de-claude-george-humilite-coherence-et-ambition-pour-lagglomeration-de-saint-die-des-vosges\/","name":"V\u0153ux 2026 de Claude George : \u00ab Humilit\u00e9, coh\u00e9rence et ambition \u00bb pour l\u2019Agglom\u00e9ration de Saint-Di\u00e9-des-Vosges - Saint Die Info","isPartOf":{"@id":"https:\/\/vosgesinfo.fr\/saintdieinfo\/#website"},"primaryImageOfPage":{"@id":"https:\/\/vosgesinfo.fr\/saintdieinfo\/2026\/01\/voeux-2026-de-claude-george-humilite-coherence-et-ambition-pour-lagglomeration-de-saint-die-des-vosges\/#primaryimage"},"image":{"@id":"https:\/\/vosgesinfo.fr\/saintdieinfo\/2026\/01\/voeux-2026-de-claude-george-humilite-coherence-et-ambition-pour-lagglomeration-de-saint-die-des-vosges\/#primaryimage"},"thumbnailUrl":"https:\/\/vosgesinfo.fr\/app\/uploads\/sites\/4\/2026\/01\/voeux-2026-claude-george-1.jpg","datePublished":"2026-01-26T19:33:36+00:00","dateModified":"2026-01-27T06:02:07+00:00","breadcrumb":{"@id":"https:\/\/vosgesinfo.fr\/saintdieinfo\/2026\/01\/voeux-2026-de-claude-george-humilite-coherence-et-ambition-pour-lagglomeration-de-saint-die-des-vosges\/#breadcrumb"},"inLanguage":"fr-FR","potentialAction":[{"@type":"ReadAction","target":["https:\/\/vosgesinfo.fr\/saintdieinfo\/2026\/01\/voeux-2026-de-claude-george-humilite-coherence-et-ambition-pour-lagglomeration-de-saint-die-des-vosges\/"]}]},{"@type":"ImageObject","inLanguage":"fr-FR","@id":"https:\/\/vosgesinfo.fr\/saintdieinfo\/2026\/01\/voeux-2026-de-claude-george-humilite-coherence-et-ambition-pour-lagglomeration-de-saint-die-des-vosges\/#primaryimage","url":"https:\/\/vosgesinfo.fr\/app\/uploads\/sites\/4\/2026\/01\/voeux-2026-claude-george-1.jpg","contentUrl":"https:\/\/vosgesinfo.fr\/app\/uploads\/sites\/4\/2026\/01\/voeux-2026-claude-george-1.jpg","width":1434,"height":1080},{"@type":"BreadcrumbList","@id":"https:\/\/vosgesinfo.fr\/saintdieinfo\/2026\/01\/voeux-2026-de-claude-george-humilite-coherence-et-ambition-pour-lagglomeration-de-saint-die-des-vosges\/#breadcrumb","itemListElement":[{"@type":"ListItem","position":1,"name":"Home","item":"https:\/\/vosgesinfo.fr\/saintdieinfo\/"},{"@type":"ListItem","position":2,"name":"V\u0153ux 2026 de Claude George : \u00ab Humilit\u00e9, coh\u00e9rence et ambition \u00bb pour l\u2019Agglom\u00e9ration de Saint-Di\u00e9-des-Vosges"}]},{"@type":"WebSite","@id":"https:\/\/vosgesinfo.fr\/saintdieinfo\/#website","url":"https:\/\/vosgesinfo.fr\/saintdieinfo\/","name":"Saint Die Info","description":"Toute l&#039;actualit\u00e9 de Saint-Di\u00e9-Des-Vosges","publisher":{"@id":"https:\/\/vosgesinfo.fr\/saintdieinfo\/#organization"},"alternateName":"Toute l'actualit\u00e9 de Saint-Di\u00e9-Des-Vosges","potentialAction":[{"@type":"SearchAction","target":{"@type":"EntryPoint","urlTemplate":"https:\/\/vosgesinfo.fr\/saintdieinfo\/?s={search_term_string}"},"query-input":"required name=search_term_string"}],"inLanguage":"fr-FR"},{"@type":"Organization","@id":"https:\/\/vosgesinfo.fr\/saintdieinfo\/#organization","name":"Saint Die Info","url":"https:\/\/vosgesinfo.fr\/saintdieinfo\/","logo":{"@type":"ImageObject","inLanguage":"fr-FR","@id":"https:\/\/vosgesinfo.fr\/saintdieinfo\/#\/schema\/logo\/image\/","url":"https:\/\/vosgesinfo.fr\/app\/uploads\/sites\/4\/2024\/02\/logo-sdi.jpg","contentUrl":"https:\/\/vosgesinfo.fr\/app\/uploads\/sites\/4\/2024\/02\/logo-sdi.jpg","width":600,"height":600,"caption":"Saint Die Info"},"image":{"@id":"https:\/\/vosgesinfo.fr\/saintdieinfo\/#\/schema\/logo\/image\/"},"sameAs":["https:\/\/www.facebook.com\/Saintdieinfofr","https:\/\/x.com\/VosgesInfo88","https:\/\/www.youtube.com\/@vosgesinfo"]},{"@type":"Person","@id":"https:\/\/vosgesinfo.fr\/saintdieinfo\/#\/schema\/person\/fa73e9f726d67bb88f46d5b7943cb572","name":"J.J.","image":{"@type":"ImageObject","inLanguage":"fr-FR","@id":"https:\/\/vosgesinfo.fr\/saintdieinfo\/#\/schema\/person\/image\/","url":"https:\/\/secure.gravatar.com\/avatar\/219e749e47ffbcca018a360ae4add7d4cdf1cdaaf8bc7676b27efade3fe65615?s=96&d=mm&r=g","contentUrl":"https:\/\/secure.gravatar.com\/avatar\/219e749e47ffbcca018a360ae4add7d4cdf1cdaaf8bc7676b27efade3fe65615?s=96&d=mm&r=g","caption":"J.J."},"url":"https:\/\/vosgesinfo.fr\/saintdieinfo\/author\/j-j\/"}]}},"_links":{"self":[{"href":"https:\/\/vosgesinfo.fr\/saintdieinfo\/wp-json\/wp\/v2\/posts\/87198","targetHints":{"allow":["GET"]}}],"collection":[{"href":"https:\/\/vosgesinfo.fr\/saintdieinfo\/wp-json\/wp\/v2\/posts"}],"about":[{"href":"https:\/\/vosgesinfo.fr\/saintdieinfo\/wp-json\/wp\/v2\/types\/post"}],"author":[{"embeddable":true,"href":"https:\/\/vosgesinfo.fr\/saintdieinfo\/wp-json\/wp\/v2\/users\/46"}],"replies":[{"embeddable":true,"href":"https:\/\/vosgesinfo.fr\/saintdieinfo\/wp-json\/wp\/v2\/comments?post=87198"}],"version-history":[{"count":4,"href":"https:\/\/vosgesinfo.fr\/saintdieinfo\/wp-json\/wp\/v2\/posts\/87198\/revisions"}],"predecessor-version":[{"id":87209,"href":"https:\/\/vosgesinfo.fr\/saintdieinfo\/wp-json\/wp\/v2\/posts\/87198\/revisions\/87209"}],"wp:featuredmedia":[{"embeddable":true,"href":"https:\/\/vosgesinfo.fr\/saintdieinfo\/wp-json\/wp\/v2\/media\/87201"}],"wp:attachment":[{"href":"https:\/\/vosgesinfo.fr\/saintdieinfo\/wp-json\/wp\/v2\/media?parent=87198"}],"wp:term":[{"taxonomy":"category","embeddable":true,"href":"https:\/\/vosgesinfo.fr\/saintdieinfo\/wp-json\/wp\/v2\/categories?post=87198"},{"taxonomy":"post_tag","embeddable":true,"href":"https:\/\/vosgesinfo.fr\/saintdieinfo\/wp-json\/wp\/v2\/tags?post=87198"}],"curies":[{"name":"wp","href":"https:\/\/api.w.org\/{rel}","templated":true}]}}