{"id":87211,"date":"2026-01-27T09:25:17","date_gmt":"2026-01-27T08:25:17","guid":{"rendered":"https:\/\/vosgesinfo.fr\/saintdieinfo\/2026\/01\/agriculture-biologique-produire-et-manger-bio-aujourdhui-pour-une-meilleure-sante-demain\/"},"modified":"2026-01-27T09:25:17","modified_gmt":"2026-01-27T08:25:17","slug":"agriculture-biologique-produire-et-manger-bio-aujourdhui-pour-une-meilleure-sante-demain","status":"publish","type":"post","link":"https:\/\/vosgesinfo.fr\/saintdieinfo\/2026\/01\/agriculture-biologique-produire-et-manger-bio-aujourdhui-pour-une-meilleure-sante-demain\/","title":{"rendered":"Agriculture biologique : produire et manger bio aujourd\u2019hui pour une meilleure sant\u00e9 demain"},"content":{"rendered":"<h2 data-start=\"322\" data-end=\"775\"><strong><a href=\"https:\/\/vosgesinfo.fr\/app\/uploads\/sites\/3\/2026\/01\/ag-gab88-1.jpg\"><img decoding=\"async\" class=\"aligncenter size-large wp-image-139261\" src=\"https:\/\/vosgesinfo.fr\/app\/uploads\/sites\/3\/2026\/01\/ag-gab88-1-1024x768.jpg\" alt=\"\" width=\"1024\" height=\"768\" \/><\/a>Le Groupement des Agricultrices et Agriculteurs Biologiques des Vosges (GAB 88) tiendra son Assembl\u00e9e G\u00e9n\u00e9rale Ordinaire le mardi 3 f\u00e9vrier 2026 \u00e0 la Chambre d\u2019Agriculture des Vosges \u00e0 \u00c9pinal, en salle Michel Boy\u00e9. \u00c0 cette occasion, le GAB 88 a choisi d\u2019ouvrir largement ses portes au public autour d\u2019un th\u00e8me au c\u0153ur des enjeux actuels : <\/strong><strong>\u00ab Agriculture biologique : produire et manger bio aujourd\u2019hui pour une meilleure sant\u00e9 demain \u00bb.<\/strong><\/h2>\n<h3 data-start=\"777\" data-end=\"841\">Un apr\u00e8s-midi d\u2019\u00e9changes autour des liens entre bio et sant\u00e9<\/h3>\n<p data-start=\"843\" data-end=\"1042\">\u00c0 partir de <strong data-start=\"855\" data-end=\"864\">14h00<\/strong>, le grand public est invit\u00e9 \u00e0 participer \u00e0 une table ronde et \u00e0 des interventions crois\u00e9es r\u00e9unissant scientifiques, professionnels de sant\u00e9 et acteurs de la fili\u00e8re biologique.<\/p>\n<p data-start=\"1044\" data-end=\"1418\">Natacha Sautereau, de l\u2019<strong data-start=\"1068\" data-end=\"1136\">ITAB (Institut de l\u2019Alimentation et de l\u2019Agriculture Biologique)<\/strong>, ouvrira les \u00e9changes en pr\u00e9sentant les principaux enseignements de l\u2019\u00e9tude <em data-start=\"1213\" data-end=\"1282\">\u00ab Quelles contributions de la bio \u00e0 la pr\u00e9servation de la sant\u00e9 ? \u00bb<\/em>. Cette introduction permettra de poser un cadre scientifique sur les b\u00e9n\u00e9fices de l\u2019agriculture biologique en mati\u00e8re de sant\u00e9 humaine.<\/p>\n<p data-start=\"1420\" data-end=\"1774\">Elle sera suivie par les interventions d\u2019<strong data-start=\"1461\" data-end=\"1478\">\u00c9tienne Gehin<\/strong>, m\u00e9decin g\u00e9n\u00e9raliste, et de <strong data-start=\"1507\" data-end=\"1530\">Marie-Claire Mougel<\/strong>, sage-femme, qui proposeront une synth\u00e8se des \u00e9tudes scientifiques et des recommandations gouvernementales concernant les effets des <strong data-start=\"1664\" data-end=\"1694\">perturbateurs endocriniens<\/strong>, en particulier sur la sant\u00e9 des femmes enceintes et le d\u00e9veloppement du f\u0153tus.<\/p>\n<p data-start=\"1776\" data-end=\"2073\">Les <strong data-start=\"1780\" data-end=\"1843\">acteurs de la production agricole et alimentaire biologique<\/strong> prendront ensuite la parole pour partager leurs pratiques, leurs engagements et leurs perspectives autour de la th\u00e9matique \u00ab sant\u00e9 et bio \u00bb, illustrant concr\u00e8tement les liens entre modes de production, alimentation et pr\u00e9vention.<\/p>\n<p data-start=\"2075\" data-end=\"2613\">Moment fort de l\u2019apr\u00e8s-midi, l\u2019intervention du <strong data-start=\"2122\" data-end=\"2144\">Dr Alexandre Feltz<\/strong> viendra conclure les \u00e9changes. M\u00e9decin et ancien adjoint au maire de Strasbourg, il est \u00e0 l\u2019origine du dispositif innovant des <strong data-start=\"2272\" data-end=\"2294\">Ordonnances Vertes<\/strong>, port\u00e9 d\u00e8s 2020 et d\u00e9ploy\u00e9 par la Ville de Strasbourg depuis 2022. Ce programme permet la d\u00e9livrance de <strong data-start=\"2399\" data-end=\"2425\">paniers de l\u00e9gumes bio<\/strong> et l\u2019organisation d\u2019ateliers de sensibilisation afin de r\u00e9duire l\u2019exposition des femmes enceintes et des f\u0153tus aux perturbateurs endocriniens, sur pr\u00e9sentation d\u2019une \u00ab ordonnance verte \u00bb.<\/p>\n<h3 data-start=\"2615\" data-end=\"2683\">Une journ\u00e9e compl\u00e8te d\u00e9di\u00e9e \u00e0 l\u2019agriculture biologique vosgienne<\/h3>\n<p data-start=\"2685\" data-end=\"3094\">D\u00e8s <strong data-start=\"2689\" data-end=\"2697\">9h45<\/strong>, les adh\u00e9rents et sympathisants du GAB 88 se retrouveront pour l\u2019Assembl\u00e9e G\u00e9n\u00e9rale statutaire autour de <strong data-start=\"2803\" data-end=\"2830\">produits bio des Vosges<\/strong>. Ce temps sera consacr\u00e9 aux \u00e9changes sur la vision et l\u2019avenir des fili\u00e8res biologiques locales : productions agricoles, transformations, commercialisation et valorisation des produits sous signe de qualit\u00e9 et d\u2019origine Agriculture Biologique dans le d\u00e9partement.<\/p>\n<p data-start=\"3096\" data-end=\"3306\">\u00c0 <strong data-start=\"3098\" data-end=\"3106\">midi<\/strong>, le d\u00e9jeuner sera assur\u00e9 par <strong data-start=\"3136\" data-end=\"3152\">Truck de Fou<\/strong>, traiteur et food-truck bas\u00e9 \u00e0 Blevaincourt, qui proposera un <strong data-start=\"3215\" data-end=\"3246\">repas bio, local et durable<\/strong>, fid\u00e8le \u00e0 sa devise : <em data-start=\"3269\" data-end=\"3305\">\u00ab pour une r\u00e9volution d\u00e9licieuse \u00bb<\/em>.<\/p>\n<h3 data-start=\"3308\" data-end=\"3366\">La bio dans les Vosges : un territoire toujours moteur<\/h3>\n<p data-start=\"3368\" data-end=\"3751\">Avec <strong data-start=\"3373\" data-end=\"3422\">366 fermes engag\u00e9es en agriculture biologique<\/strong>, les Vosges demeurent un d\u00e9partement phare de la r\u00e9gion Grand Est. Sur plus de <strong data-start=\"3502\" data-end=\"3522\">4 000 fermes bio<\/strong> recens\u00e9es dans la r\u00e9gion, le d\u00e9partement conserve la <strong data-start=\"3576\" data-end=\"3604\">premi\u00e8re place r\u00e9gionale<\/strong>, avec pr\u00e8s de <strong data-start=\"3619\" data-end=\"3663\">12 % de sa Surface Agricole Utile en bio<\/strong> et plus de <strong data-start=\"3675\" data-end=\"3707\">17 % des producteurs engag\u00e9s<\/strong> (chiffres 2024, Observatoire de l\u2019AB 2025).<\/p>\n<p data-start=\"3753\" data-end=\"4084\">Malgr\u00e9 une baisse r\u00e9cente de plus de <strong data-start=\"3790\" data-end=\"3814\">4 % des surfaces bio<\/strong> et une diminution d\u2019environ <strong data-start=\"3843\" data-end=\"3875\">3 % du nombre de producteurs<\/strong>, le dynamisme des acteurs locaux et les initiatives port\u00e9es par le GAB 88 t\u00e9moignent de la volont\u00e9 de maintenir une agriculture biologique forte, au service de la sant\u00e9, de l\u2019environnement et des territoires.<\/p>\n<p data-start=\"4086\" data-end=\"4252\" data-is-last-node=\"\" data-is-only-node=\"\"><strong data-start=\"4086\" data-end=\"4252\" data-is-last-node=\"\">Une journ\u00e9e ouverte, engag\u00e9e et r\u00e9solument tourn\u00e9e vers l\u2019avenir, o\u00f9 agriculture biologique et sant\u00e9 publique se rencontrent pour nourrir la r\u00e9flexion collective.<\/strong><\/p>\n<p data-start=\"4086\" data-end=\"4252\" data-is-last-node=\"\" data-is-only-node=\"\"><a href=\"https:\/\/vosgesinfo.fr\/app\/uploads\/sites\/3\/2026\/01\/ag-gab88-2.jpg\"><img decoding=\"async\" class=\"aligncenter size-large wp-image-139262\" src=\"https:\/\/vosgesinfo.fr\/app\/uploads\/sites\/3\/2026\/01\/ag-gab88-2-1024x768.jpg\" alt=\"\" width=\"1024\" height=\"768\" \/><\/a><\/p>\n","protected":false},"excerpt":{"rendered":"<p>Le Groupement des Agricultrices et Agriculteurs Biologiques des Vosges (GAB 88) tiendra son Assembl\u00e9e G\u00e9n\u00e9rale Ordinaire le mardi 3 f\u00e9vrier [&hellip;]<\/p>\n","protected":false},"author":52,"featured_media":87212,"comment_status":"open","ping_status":"open","sticky":false,"template":"","format":"standard","meta":{"footnotes":""},"categories":[460,128,5392,5391,5389,4099,4100],"tags":[],"class_list":["post-87211","post","type-post","status-publish","format-standard","has-post-thumbnail","hentry","category-a-la-une","category-agriculture","category-epinal","category-gerardmer","category-la-plaine-des-vosges","category-remiremont","category-saint-die"],"acf":[],"yoast_head":"<!-- This site is optimized with the Yoast SEO plugin v22.5 - https:\/\/yoast.com\/wordpress\/plugins\/seo\/ -->\n<title>Agriculture biologique : produire et manger bio aujourd\u2019hui pour une meilleure sant\u00e9 demain - Saint Die Info<\/title>\n<meta name=\"robots\" content=\"index, follow, max-snippet:-1, max-image-preview:large, max-video-preview:-1\" \/>\n<link rel=\"canonical\" href=\"https:\/\/vosgesinfo.fr\/saintdieinfo\/2026\/01\/agriculture-biologique-produire-et-manger-bio-aujourdhui-pour-une-meilleure-sante-demain\/\" \/>\n<meta name=\"twitter:card\" content=\"summary_large_image\" \/>\n<meta name=\"twitter:title\" content=\"Agriculture biologique : produire et manger bio aujourd\u2019hui pour une meilleure sant\u00e9 demain - Saint Die Info\" \/>\n<meta name=\"twitter:description\" content=\"Le Groupement des Agricultrices et Agriculteurs Biologiques des Vosges (GAB 88) tiendra son Assembl\u00e9e G\u00e9n\u00e9rale Ordinaire le mardi 3 f\u00e9vrier [&hellip;]\" \/>\n<meta name=\"twitter:image\" content=\"https:\/\/vosgesinfo.fr\/app\/uploads\/sites\/4\/2026\/01\/ag-gab88-1.jpg\" \/>\n<meta name=\"twitter:creator\" content=\"@VosgesInfo88\" \/>\n<meta name=\"twitter:site\" content=\"@VosgesInfo88\" \/>\n<meta name=\"twitter:label1\" content=\"\u00c9crit par\" \/>\n\t<meta name=\"twitter:data1\" content=\"C.K.\" \/>\n\t<meta name=\"twitter:label2\" content=\"Dur\u00e9e de lecture estim\u00e9e\" \/>\n\t<meta name=\"twitter:data2\" content=\"3 minutes\" \/>\n<script type=\"application\/ld+json\" class=\"yoast-schema-graph\">{\"@context\":\"https:\/\/schema.org\",\"@graph\":[{\"@type\":\"Article\",\"@id\":\"https:\/\/vosgesinfo.fr\/saintdieinfo\/2026\/01\/agriculture-biologique-produire-et-manger-bio-aujourdhui-pour-une-meilleure-sante-demain\/#article\",\"isPartOf\":{\"@id\":\"https:\/\/vosgesinfo.fr\/saintdieinfo\/2026\/01\/agriculture-biologique-produire-et-manger-bio-aujourdhui-pour-une-meilleure-sante-demain\/\"},\"author\":{\"name\":\"C.K.\",\"@id\":\"https:\/\/vosgesinfo.fr\/saintdieinfo\/#\/schema\/person\/6f9a650eeea99d969b6c4ab78fccbe81\"},\"headline\":\"Agriculture biologique : produire et manger bio aujourd\u2019hui pour une meilleure sant\u00e9 demain\",\"datePublished\":\"2026-01-27T08:25:17+00:00\",\"dateModified\":\"2026-01-27T08:25:17+00:00\",\"mainEntityOfPage\":{\"@id\":\"https:\/\/vosgesinfo.fr\/saintdieinfo\/2026\/01\/agriculture-biologique-produire-et-manger-bio-aujourdhui-pour-une-meilleure-sante-demain\/\"},\"wordCount\":634,\"commentCount\":0,\"publisher\":{\"@id\":\"https:\/\/vosgesinfo.fr\/saintdieinfo\/#organization\"},\"image\":{\"@id\":\"https:\/\/vosgesinfo.fr\/saintdieinfo\/2026\/01\/agriculture-biologique-produire-et-manger-bio-aujourdhui-pour-une-meilleure-sante-demain\/#primaryimage\"},\"thumbnailUrl\":\"https:\/\/vosgesinfo.fr\/app\/uploads\/sites\/4\/2026\/01\/ag-gab88-1.jpg\",\"articleSection\":[\"A la Une\",\"Agriculture\",\"Epinal\",\"Gerardmer\",\"La plaine des vosges\",\"Remiremont\",\"Saint-di\u00e9\"],\"inLanguage\":\"fr-FR\",\"potentialAction\":[{\"@type\":\"CommentAction\",\"name\":\"Comment\",\"target\":[\"https:\/\/vosgesinfo.fr\/saintdieinfo\/2026\/01\/agriculture-biologique-produire-et-manger-bio-aujourdhui-pour-une-meilleure-sante-demain\/#respond\"]}]},{\"@type\":\"WebPage\",\"@id\":\"https:\/\/vosgesinfo.fr\/saintdieinfo\/2026\/01\/agriculture-biologique-produire-et-manger-bio-aujourdhui-pour-une-meilleure-sante-demain\/\",\"url\":\"https:\/\/vosgesinfo.fr\/saintdieinfo\/2026\/01\/agriculture-biologique-produire-et-manger-bio-aujourdhui-pour-une-meilleure-sante-demain\/\",\"name\":\"Agriculture biologique : produire et manger bio aujourd\u2019hui pour une meilleure sant\u00e9 demain - Saint Die Info\",\"isPartOf\":{\"@id\":\"https:\/\/vosgesinfo.fr\/saintdieinfo\/#website\"},\"primaryImageOfPage\":{\"@id\":\"https:\/\/vosgesinfo.fr\/saintdieinfo\/2026\/01\/agriculture-biologique-produire-et-manger-bio-aujourdhui-pour-une-meilleure-sante-demain\/#primaryimage\"},\"image\":{\"@id\":\"https:\/\/vosgesinfo.fr\/saintdieinfo\/2026\/01\/agriculture-biologique-produire-et-manger-bio-aujourdhui-pour-une-meilleure-sante-demain\/#primaryimage\"},\"thumbnailUrl\":\"https:\/\/vosgesinfo.fr\/app\/uploads\/sites\/4\/2026\/01\/ag-gab88-1.jpg\",\"datePublished\":\"2026-01-27T08:25:17+00:00\",\"dateModified\":\"2026-01-27T08:25:17+00:00\",\"breadcrumb\":{\"@id\":\"https:\/\/vosgesinfo.fr\/saintdieinfo\/2026\/01\/agriculture-biologique-produire-et-manger-bio-aujourdhui-pour-une-meilleure-sante-demain\/#breadcrumb\"},\"inLanguage\":\"fr-FR\",\"potentialAction\":[{\"@type\":\"ReadAction\",\"target\":[\"https:\/\/vosgesinfo.fr\/saintdieinfo\/2026\/01\/agriculture-biologique-produire-et-manger-bio-aujourdhui-pour-une-meilleure-sante-demain\/\"]}]},{\"@type\":\"ImageObject\",\"inLanguage\":\"fr-FR\",\"@id\":\"https:\/\/vosgesinfo.fr\/saintdieinfo\/2026\/01\/agriculture-biologique-produire-et-manger-bio-aujourdhui-pour-une-meilleure-sante-demain\/#primaryimage\",\"url\":\"https:\/\/vosgesinfo.fr\/app\/uploads\/sites\/4\/2026\/01\/ag-gab88-1.jpg\",\"contentUrl\":\"https:\/\/vosgesinfo.fr\/app\/uploads\/sites\/4\/2026\/01\/ag-gab88-1.jpg\",\"width\":1440,\"height\":1080},{\"@type\":\"BreadcrumbList\",\"@id\":\"https:\/\/vosgesinfo.fr\/saintdieinfo\/2026\/01\/agriculture-biologique-produire-et-manger-bio-aujourdhui-pour-une-meilleure-sante-demain\/#breadcrumb\",\"itemListElement\":[{\"@type\":\"ListItem\",\"position\":1,\"name\":\"Home\",\"item\":\"https:\/\/vosgesinfo.fr\/saintdieinfo\/\"},{\"@type\":\"ListItem\",\"position\":2,\"name\":\"Agriculture biologique : produire et manger bio aujourd\u2019hui pour une meilleure sant\u00e9 demain\"}]},{\"@type\":\"WebSite\",\"@id\":\"https:\/\/vosgesinfo.fr\/saintdieinfo\/#website\",\"url\":\"https:\/\/vosgesinfo.fr\/saintdieinfo\/\",\"name\":\"Saint Die Info\",\"description\":\"Toute l&#039;actualit\u00e9 de Saint-Di\u00e9-Des-Vosges\",\"publisher\":{\"@id\":\"https:\/\/vosgesinfo.fr\/saintdieinfo\/#organization\"},\"alternateName\":\"Toute l'actualit\u00e9 de Saint-Di\u00e9-Des-Vosges\",\"potentialAction\":[{\"@type\":\"SearchAction\",\"target\":{\"@type\":\"EntryPoint\",\"urlTemplate\":\"https:\/\/vosgesinfo.fr\/saintdieinfo\/?s={search_term_string}\"},\"query-input\":\"required name=search_term_string\"}],\"inLanguage\":\"fr-FR\"},{\"@type\":\"Organization\",\"@id\":\"https:\/\/vosgesinfo.fr\/saintdieinfo\/#organization\",\"name\":\"Saint Die Info\",\"url\":\"https:\/\/vosgesinfo.fr\/saintdieinfo\/\",\"logo\":{\"@type\":\"ImageObject\",\"inLanguage\":\"fr-FR\",\"@id\":\"https:\/\/vosgesinfo.fr\/saintdieinfo\/#\/schema\/logo\/image\/\",\"url\":\"https:\/\/vosgesinfo.fr\/app\/uploads\/sites\/4\/2024\/02\/logo-sdi.jpg\",\"contentUrl\":\"https:\/\/vosgesinfo.fr\/app\/uploads\/sites\/4\/2024\/02\/logo-sdi.jpg\",\"width\":600,\"height\":600,\"caption\":\"Saint Die Info\"},\"image\":{\"@id\":\"https:\/\/vosgesinfo.fr\/saintdieinfo\/#\/schema\/logo\/image\/\"},\"sameAs\":[\"https:\/\/www.facebook.com\/Saintdieinfofr\",\"https:\/\/x.com\/VosgesInfo88\",\"https:\/\/www.youtube.com\/@vosgesinfo\"]},{\"@type\":\"Person\",\"@id\":\"https:\/\/vosgesinfo.fr\/saintdieinfo\/#\/schema\/person\/6f9a650eeea99d969b6c4ab78fccbe81\",\"name\":\"C.K.\",\"image\":{\"@type\":\"ImageObject\",\"inLanguage\":\"fr-FR\",\"@id\":\"https:\/\/vosgesinfo.fr\/saintdieinfo\/#\/schema\/person\/image\/\",\"url\":\"https:\/\/secure.gravatar.com\/avatar\/48e3fc7f8421ba8942be6b74a2b7f014ca39bc00dece156b7a8e098ae7dc87bf?s=96&d=mm&r=g\",\"contentUrl\":\"https:\/\/secure.gravatar.com\/avatar\/48e3fc7f8421ba8942be6b74a2b7f014ca39bc00dece156b7a8e098ae7dc87bf?s=96&d=mm&r=g\",\"caption\":\"C.K.\"},\"url\":\"https:\/\/vosgesinfo.fr\/saintdieinfo\/author\/celia-k-n\/\"}]}<\/script>\n<!-- \/ Yoast SEO plugin. -->","yoast_head_json":{"title":"Agriculture biologique : produire et manger bio aujourd\u2019hui pour une meilleure sant\u00e9 demain - Saint Die Info","robots":{"index":"index","follow":"follow","max-snippet":"max-snippet:-1","max-image-preview":"max-image-preview:large","max-video-preview":"max-video-preview:-1"},"canonical":"https:\/\/vosgesinfo.fr\/saintdieinfo\/2026\/01\/agriculture-biologique-produire-et-manger-bio-aujourdhui-pour-une-meilleure-sante-demain\/","twitter_card":"summary_large_image","twitter_title":"Agriculture biologique : produire et manger bio aujourd\u2019hui pour une meilleure sant\u00e9 demain - Saint Die Info","twitter_description":"Le Groupement des Agricultrices et Agriculteurs Biologiques des Vosges (GAB 88) tiendra son Assembl\u00e9e G\u00e9n\u00e9rale Ordinaire le mardi 3 f\u00e9vrier [&hellip;]","twitter_image":"https:\/\/vosgesinfo.fr\/app\/uploads\/sites\/4\/2026\/01\/ag-gab88-1.jpg","twitter_creator":"@VosgesInfo88","twitter_site":"@VosgesInfo88","twitter_misc":{"\u00c9crit par":"C.K.","Dur\u00e9e de lecture estim\u00e9e":"3 minutes"},"schema":{"@context":"https:\/\/schema.org","@graph":[{"@type":"Article","@id":"https:\/\/vosgesinfo.fr\/saintdieinfo\/2026\/01\/agriculture-biologique-produire-et-manger-bio-aujourdhui-pour-une-meilleure-sante-demain\/#article","isPartOf":{"@id":"https:\/\/vosgesinfo.fr\/saintdieinfo\/2026\/01\/agriculture-biologique-produire-et-manger-bio-aujourdhui-pour-une-meilleure-sante-demain\/"},"author":{"name":"C.K.","@id":"https:\/\/vosgesinfo.fr\/saintdieinfo\/#\/schema\/person\/6f9a650eeea99d969b6c4ab78fccbe81"},"headline":"Agriculture biologique : produire et manger bio aujourd\u2019hui pour une meilleure sant\u00e9 demain","datePublished":"2026-01-27T08:25:17+00:00","dateModified":"2026-01-27T08:25:17+00:00","mainEntityOfPage":{"@id":"https:\/\/vosgesinfo.fr\/saintdieinfo\/2026\/01\/agriculture-biologique-produire-et-manger-bio-aujourdhui-pour-une-meilleure-sante-demain\/"},"wordCount":634,"commentCount":0,"publisher":{"@id":"https:\/\/vosgesinfo.fr\/saintdieinfo\/#organization"},"image":{"@id":"https:\/\/vosgesinfo.fr\/saintdieinfo\/2026\/01\/agriculture-biologique-produire-et-manger-bio-aujourdhui-pour-une-meilleure-sante-demain\/#primaryimage"},"thumbnailUrl":"https:\/\/vosgesinfo.fr\/app\/uploads\/sites\/4\/2026\/01\/ag-gab88-1.jpg","articleSection":["A la Une","Agriculture","Epinal","Gerardmer","La plaine des vosges","Remiremont","Saint-di\u00e9"],"inLanguage":"fr-FR","potentialAction":[{"@type":"CommentAction","name":"Comment","target":["https:\/\/vosgesinfo.fr\/saintdieinfo\/2026\/01\/agriculture-biologique-produire-et-manger-bio-aujourdhui-pour-une-meilleure-sante-demain\/#respond"]}]},{"@type":"WebPage","@id":"https:\/\/vosgesinfo.fr\/saintdieinfo\/2026\/01\/agriculture-biologique-produire-et-manger-bio-aujourdhui-pour-une-meilleure-sante-demain\/","url":"https:\/\/vosgesinfo.fr\/saintdieinfo\/2026\/01\/agriculture-biologique-produire-et-manger-bio-aujourdhui-pour-une-meilleure-sante-demain\/","name":"Agriculture biologique : produire et manger bio aujourd\u2019hui pour une meilleure sant\u00e9 demain - Saint Die Info","isPartOf":{"@id":"https:\/\/vosgesinfo.fr\/saintdieinfo\/#website"},"primaryImageOfPage":{"@id":"https:\/\/vosgesinfo.fr\/saintdieinfo\/2026\/01\/agriculture-biologique-produire-et-manger-bio-aujourdhui-pour-une-meilleure-sante-demain\/#primaryimage"},"image":{"@id":"https:\/\/vosgesinfo.fr\/saintdieinfo\/2026\/01\/agriculture-biologique-produire-et-manger-bio-aujourdhui-pour-une-meilleure-sante-demain\/#primaryimage"},"thumbnailUrl":"https:\/\/vosgesinfo.fr\/app\/uploads\/sites\/4\/2026\/01\/ag-gab88-1.jpg","datePublished":"2026-01-27T08:25:17+00:00","dateModified":"2026-01-27T08:25:17+00:00","breadcrumb":{"@id":"https:\/\/vosgesinfo.fr\/saintdieinfo\/2026\/01\/agriculture-biologique-produire-et-manger-bio-aujourdhui-pour-une-meilleure-sante-demain\/#breadcrumb"},"inLanguage":"fr-FR","potentialAction":[{"@type":"ReadAction","target":["https:\/\/vosgesinfo.fr\/saintdieinfo\/2026\/01\/agriculture-biologique-produire-et-manger-bio-aujourdhui-pour-une-meilleure-sante-demain\/"]}]},{"@type":"ImageObject","inLanguage":"fr-FR","@id":"https:\/\/vosgesinfo.fr\/saintdieinfo\/2026\/01\/agriculture-biologique-produire-et-manger-bio-aujourdhui-pour-une-meilleure-sante-demain\/#primaryimage","url":"https:\/\/vosgesinfo.fr\/app\/uploads\/sites\/4\/2026\/01\/ag-gab88-1.jpg","contentUrl":"https:\/\/vosgesinfo.fr\/app\/uploads\/sites\/4\/2026\/01\/ag-gab88-1.jpg","width":1440,"height":1080},{"@type":"BreadcrumbList","@id":"https:\/\/vosgesinfo.fr\/saintdieinfo\/2026\/01\/agriculture-biologique-produire-et-manger-bio-aujourdhui-pour-une-meilleure-sante-demain\/#breadcrumb","itemListElement":[{"@type":"ListItem","position":1,"name":"Home","item":"https:\/\/vosgesinfo.fr\/saintdieinfo\/"},{"@type":"ListItem","position":2,"name":"Agriculture biologique : produire et manger bio aujourd\u2019hui pour une meilleure sant\u00e9 demain"}]},{"@type":"WebSite","@id":"https:\/\/vosgesinfo.fr\/saintdieinfo\/#website","url":"https:\/\/vosgesinfo.fr\/saintdieinfo\/","name":"Saint Die Info","description":"Toute l&#039;actualit\u00e9 de Saint-Di\u00e9-Des-Vosges","publisher":{"@id":"https:\/\/vosgesinfo.fr\/saintdieinfo\/#organization"},"alternateName":"Toute l'actualit\u00e9 de Saint-Di\u00e9-Des-Vosges","potentialAction":[{"@type":"SearchAction","target":{"@type":"EntryPoint","urlTemplate":"https:\/\/vosgesinfo.fr\/saintdieinfo\/?s={search_term_string}"},"query-input":"required name=search_term_string"}],"inLanguage":"fr-FR"},{"@type":"Organization","@id":"https:\/\/vosgesinfo.fr\/saintdieinfo\/#organization","name":"Saint Die Info","url":"https:\/\/vosgesinfo.fr\/saintdieinfo\/","logo":{"@type":"ImageObject","inLanguage":"fr-FR","@id":"https:\/\/vosgesinfo.fr\/saintdieinfo\/#\/schema\/logo\/image\/","url":"https:\/\/vosgesinfo.fr\/app\/uploads\/sites\/4\/2024\/02\/logo-sdi.jpg","contentUrl":"https:\/\/vosgesinfo.fr\/app\/uploads\/sites\/4\/2024\/02\/logo-sdi.jpg","width":600,"height":600,"caption":"Saint Die Info"},"image":{"@id":"https:\/\/vosgesinfo.fr\/saintdieinfo\/#\/schema\/logo\/image\/"},"sameAs":["https:\/\/www.facebook.com\/Saintdieinfofr","https:\/\/x.com\/VosgesInfo88","https:\/\/www.youtube.com\/@vosgesinfo"]},{"@type":"Person","@id":"https:\/\/vosgesinfo.fr\/saintdieinfo\/#\/schema\/person\/6f9a650eeea99d969b6c4ab78fccbe81","name":"C.K.","image":{"@type":"ImageObject","inLanguage":"fr-FR","@id":"https:\/\/vosgesinfo.fr\/saintdieinfo\/#\/schema\/person\/image\/","url":"https:\/\/secure.gravatar.com\/avatar\/48e3fc7f8421ba8942be6b74a2b7f014ca39bc00dece156b7a8e098ae7dc87bf?s=96&d=mm&r=g","contentUrl":"https:\/\/secure.gravatar.com\/avatar\/48e3fc7f8421ba8942be6b74a2b7f014ca39bc00dece156b7a8e098ae7dc87bf?s=96&d=mm&r=g","caption":"C.K."},"url":"https:\/\/vosgesinfo.fr\/saintdieinfo\/author\/celia-k-n\/"}]}},"_links":{"self":[{"href":"https:\/\/vosgesinfo.fr\/saintdieinfo\/wp-json\/wp\/v2\/posts\/87211","targetHints":{"allow":["GET"]}}],"collection":[{"href":"https:\/\/vosgesinfo.fr\/saintdieinfo\/wp-json\/wp\/v2\/posts"}],"about":[{"href":"https:\/\/vosgesinfo.fr\/saintdieinfo\/wp-json\/wp\/v2\/types\/post"}],"author":[{"embeddable":true,"href":"https:\/\/vosgesinfo.fr\/saintdieinfo\/wp-json\/wp\/v2\/users\/52"}],"replies":[{"embeddable":true,"href":"https:\/\/vosgesinfo.fr\/saintdieinfo\/wp-json\/wp\/v2\/comments?post=87211"}],"version-history":[{"count":0,"href":"https:\/\/vosgesinfo.fr\/saintdieinfo\/wp-json\/wp\/v2\/posts\/87211\/revisions"}],"wp:featuredmedia":[{"embeddable":true,"href":"https:\/\/vosgesinfo.fr\/saintdieinfo\/wp-json\/wp\/v2\/media\/87212"}],"wp:attachment":[{"href":"https:\/\/vosgesinfo.fr\/saintdieinfo\/wp-json\/wp\/v2\/media?parent=87211"}],"wp:term":[{"taxonomy":"category","embeddable":true,"href":"https:\/\/vosgesinfo.fr\/saintdieinfo\/wp-json\/wp\/v2\/categories?post=87211"},{"taxonomy":"post_tag","embeddable":true,"href":"https:\/\/vosgesinfo.fr\/saintdieinfo\/wp-json\/wp\/v2\/tags?post=87211"}],"curies":[{"name":"wp","href":"https:\/\/api.w.org\/{rel}","templated":true}]}}