{"id":87217,"date":"2026-01-27T10:53:57","date_gmt":"2026-01-27T09:53:57","guid":{"rendered":"https:\/\/vosgesinfo.fr\/saintdieinfo\/?p=87217"},"modified":"2026-01-27T10:48:44","modified_gmt":"2026-01-27T09:48:44","slug":"srdk-us-raon-letape-rendez-vous-dimanche-au-stade-emile-jeanpierre","status":"publish","type":"post","link":"https:\/\/vosgesinfo.fr\/saintdieinfo\/2026\/01\/srdk-us-raon-letape-rendez-vous-dimanche-au-stade-emile-jeanpierre\/","title":{"rendered":"SRDK \u2013 US Raon-l\u2019Etape : rendez-vous dimanche au stade Emile-Jeanpierre"},"content":{"rendered":"<div id=\"attachment_87222\" style=\"width: 1034px\" class=\"wp-caption alignnone\"><a href=\"https:\/\/vosgesinfo.fr\/app\/uploads\/sites\/4\/2026\/01\/srdk-football.jpg\"><img decoding=\"async\" aria-describedby=\"caption-attachment-87222\" class=\"size-large wp-image-87222\" src=\"https:\/\/vosgesinfo.fr\/app\/uploads\/sites\/4\/2026\/01\/srdk-football-1024x683.jpg\" alt=\"\" width=\"1024\" height=\"683\" srcset=\"https:\/\/vosgesinfo.fr\/app\/uploads\/sites\/4\/2026\/01\/srdk-football-1024x683.jpg 1024w, https:\/\/vosgesinfo.fr\/app\/uploads\/sites\/4\/2026\/01\/srdk-football-300x200.jpg 300w, https:\/\/vosgesinfo.fr\/app\/uploads\/sites\/4\/2026\/01\/srdk-football-768x512.jpg 768w, https:\/\/vosgesinfo.fr\/app\/uploads\/sites\/4\/2026\/01\/srdk-football-1536x1024.jpg 1536w, https:\/\/vosgesinfo.fr\/app\/uploads\/sites\/4\/2026\/01\/srdk-football.jpg 1600w\" sizes=\"(max-width: 1024px) 100vw, 1024px\" \/><\/a><p id=\"caption-attachment-87222\" class=\"wp-caption-text\">(Photographie Violaine PhotoPro)<\/p><\/div>\n<h2 data-start=\"0\" data-end=\"189\">Les <strong data-start=\"4\" data-end=\"31\">SR Saint-Di\u00e9 Kellermann<\/strong> \u2013 <strong data-start=\"34\" data-end=\"42\">SRDK<\/strong> \u2013 re\u00e7oivent <strong data-start=\"55\" data-end=\"76\">l\u2019US Raon-l\u2019Etape<\/strong> ce <strong data-start=\"80\" data-end=\"102\">dimanche 8 f\u00e9vrier<\/strong>. Le coup d&rsquo;envoi de la rencontre sera donn\u00e9 \u00e0 <strong data-start=\"149\" data-end=\"158\">14h30<\/strong> au <strong data-start=\"162\" data-end=\"188\">stade Emile-Jeanpierre<\/strong>. Les r\u00e9servations se font via <strong>HelloAsso<\/strong> (<a href=\"https:\/\/www.helloasso.com\/associations\/srd-football\/evenements\/billet-pelouse-srdk-us-raon\" target=\"_blank\" rel=\"noopener\">cliquer ici<\/a>).<\/h2>\n<p data-start=\"0\" data-end=\"189\"><!--more--><\/p>\n<h3 data-start=\"191\" data-end=\"217\"><strong>Pack sp\u00e9cial supporter<\/strong><\/h3>\n<p data-start=\"218\" data-end=\"468\">Le <strong data-start=\"221\" data-end=\"239\">club d\u00e9odatien<\/strong> propose \u00e9galement un <strong data-start=\"261\" data-end=\"287\">pack sp\u00e9cial supporter<\/strong>, au tarif de <strong data-start=\"301\" data-end=\"312\">8 euros<\/strong>, pour assister \u00e0 <strong data-start=\"330\" data-end=\"357\">deux matches \u00e0 domicile<\/strong> : contre Raon-l\u2019Etape, puis face \u00e0 <strong data-start=\"393\" data-end=\"408\">Saint-Louis<\/strong> <strong data-start=\"409\" data-end=\"432\">dimanche 15 f\u00e9vrier<\/strong> \u00e0 14h30. <a href=\"https:\/\/www.helloasso.com\/associations\/srd-football\/evenements\/offre-special-match-us-raon-et-saint-louis\" target=\"_blank\" rel=\"noopener\">Cliquer ici pour r\u00e9server.<\/a><\/p>\n","protected":false},"excerpt":{"rendered":"<p>Les SR Saint-Di\u00e9 Kellermann \u2013 SRDK \u2013 re\u00e7oivent l\u2019US Raon-l\u2019Etape ce dimanche 8 f\u00e9vrier. Le coup d&rsquo;envoi de la rencontre [&hellip;]<\/p>\n","protected":false},"author":46,"featured_media":87222,"comment_status":"open","ping_status":"open","sticky":false,"template":"","format":"standard","meta":{"footnotes":""},"categories":[3900,167,14],"tags":[226,19965,2881,9802,4645,6731,4921,5607,43],"class_list":["post-87217","post","type-post","status-publish","format-standard","has-post-thumbnail","hentry","category-breves","category-saint-die-des-vosges","category-sport","tag-football","tag-pack-supporter","tag-saint-die-des-vosges","tag-saint-louis","tag-sr-saint-die-kellermann","tag-srdk","tag-stade-emile-jeanpierre","tag-us-raon-letape","tag-vosges"],"acf":[],"yoast_head":"<!-- This site is optimized with the Yoast SEO plugin v22.5 - https:\/\/yoast.com\/wordpress\/plugins\/seo\/ -->\n<title>SRDK \u2013 US Raon-l\u2019Etape : rendez-vous dimanche au stade Emile-Jeanpierre - Saint Die Info<\/title>\n<meta name=\"robots\" content=\"index, follow, max-snippet:-1, max-image-preview:large, max-video-preview:-1\" \/>\n<link rel=\"canonical\" href=\"https:\/\/vosgesinfo.fr\/saintdieinfo\/2026\/01\/srdk-us-raon-letape-rendez-vous-dimanche-au-stade-emile-jeanpierre\/\" \/>\n<meta name=\"twitter:card\" content=\"summary_large_image\" \/>\n<meta name=\"twitter:title\" content=\"SRDK \u2013 US Raon-l\u2019Etape : rendez-vous dimanche au stade Emile-Jeanpierre - Saint Die Info\" \/>\n<meta name=\"twitter:description\" content=\"Les SR Saint-Di\u00e9 Kellermann \u2013 SRDK \u2013 re\u00e7oivent l\u2019US Raon-l\u2019Etape ce dimanche 8 f\u00e9vrier. Le coup d&rsquo;envoi de la rencontre [&hellip;]\" \/>\n<meta name=\"twitter:image\" content=\"https:\/\/vosgesinfo.fr\/app\/uploads\/sites\/4\/2026\/01\/srdk-football.jpg\" \/>\n<meta name=\"twitter:creator\" content=\"@VosgesInfo88\" \/>\n<meta name=\"twitter:site\" content=\"@VosgesInfo88\" \/>\n<meta name=\"twitter:label1\" content=\"\u00c9crit par\" \/>\n\t<meta name=\"twitter:data1\" content=\"J.J.\" \/>\n<script type=\"application\/ld+json\" class=\"yoast-schema-graph\">{\"@context\":\"https:\/\/schema.org\",\"@graph\":[{\"@type\":\"Article\",\"@id\":\"https:\/\/vosgesinfo.fr\/saintdieinfo\/2026\/01\/srdk-us-raon-letape-rendez-vous-dimanche-au-stade-emile-jeanpierre\/#article\",\"isPartOf\":{\"@id\":\"https:\/\/vosgesinfo.fr\/saintdieinfo\/2026\/01\/srdk-us-raon-letape-rendez-vous-dimanche-au-stade-emile-jeanpierre\/\"},\"author\":{\"name\":\"J.J.\",\"@id\":\"https:\/\/vosgesinfo.fr\/saintdieinfo\/#\/schema\/person\/fa73e9f726d67bb88f46d5b7943cb572\"},\"headline\":\"SRDK \u2013 US Raon-l\u2019Etape : rendez-vous dimanche au stade Emile-Jeanpierre\",\"datePublished\":\"2026-01-27T09:53:57+00:00\",\"dateModified\":\"2026-01-27T09:48:44+00:00\",\"mainEntityOfPage\":{\"@id\":\"https:\/\/vosgesinfo.fr\/saintdieinfo\/2026\/01\/srdk-us-raon-letape-rendez-vous-dimanche-au-stade-emile-jeanpierre\/\"},\"wordCount\":95,\"commentCount\":0,\"publisher\":{\"@id\":\"https:\/\/vosgesinfo.fr\/saintdieinfo\/#organization\"},\"image\":{\"@id\":\"https:\/\/vosgesinfo.fr\/saintdieinfo\/2026\/01\/srdk-us-raon-letape-rendez-vous-dimanche-au-stade-emile-jeanpierre\/#primaryimage\"},\"thumbnailUrl\":\"https:\/\/vosgesinfo.fr\/app\/uploads\/sites\/4\/2026\/01\/srdk-football.jpg\",\"keywords\":[\"football\",\"pack supporter\",\"Saint-Di\u00e9-des-Vosges\",\"Saint-Louis\",\"SR Saint-Di\u00e9 Kellermann\",\"SRDK\",\"Stade Emile-Jeanpierre\",\"US Raon-l'Etape\",\"vosges\"],\"articleSection\":[\"Br\u00e8ves\",\"Saint-Di\u00e9-des-Vosges\",\"Sport\"],\"inLanguage\":\"fr-FR\",\"potentialAction\":[{\"@type\":\"CommentAction\",\"name\":\"Comment\",\"target\":[\"https:\/\/vosgesinfo.fr\/saintdieinfo\/2026\/01\/srdk-us-raon-letape-rendez-vous-dimanche-au-stade-emile-jeanpierre\/#respond\"]}]},{\"@type\":\"WebPage\",\"@id\":\"https:\/\/vosgesinfo.fr\/saintdieinfo\/2026\/01\/srdk-us-raon-letape-rendez-vous-dimanche-au-stade-emile-jeanpierre\/\",\"url\":\"https:\/\/vosgesinfo.fr\/saintdieinfo\/2026\/01\/srdk-us-raon-letape-rendez-vous-dimanche-au-stade-emile-jeanpierre\/\",\"name\":\"SRDK \u2013 US Raon-l\u2019Etape : rendez-vous dimanche au stade Emile-Jeanpierre - Saint Die Info\",\"isPartOf\":{\"@id\":\"https:\/\/vosgesinfo.fr\/saintdieinfo\/#website\"},\"primaryImageOfPage\":{\"@id\":\"https:\/\/vosgesinfo.fr\/saintdieinfo\/2026\/01\/srdk-us-raon-letape-rendez-vous-dimanche-au-stade-emile-jeanpierre\/#primaryimage\"},\"image\":{\"@id\":\"https:\/\/vosgesinfo.fr\/saintdieinfo\/2026\/01\/srdk-us-raon-letape-rendez-vous-dimanche-au-stade-emile-jeanpierre\/#primaryimage\"},\"thumbnailUrl\":\"https:\/\/vosgesinfo.fr\/app\/uploads\/sites\/4\/2026\/01\/srdk-football.jpg\",\"datePublished\":\"2026-01-27T09:53:57+00:00\",\"dateModified\":\"2026-01-27T09:48:44+00:00\",\"breadcrumb\":{\"@id\":\"https:\/\/vosgesinfo.fr\/saintdieinfo\/2026\/01\/srdk-us-raon-letape-rendez-vous-dimanche-au-stade-emile-jeanpierre\/#breadcrumb\"},\"inLanguage\":\"fr-FR\",\"potentialAction\":[{\"@type\":\"ReadAction\",\"target\":[\"https:\/\/vosgesinfo.fr\/saintdieinfo\/2026\/01\/srdk-us-raon-letape-rendez-vous-dimanche-au-stade-emile-jeanpierre\/\"]}]},{\"@type\":\"ImageObject\",\"inLanguage\":\"fr-FR\",\"@id\":\"https:\/\/vosgesinfo.fr\/saintdieinfo\/2026\/01\/srdk-us-raon-letape-rendez-vous-dimanche-au-stade-emile-jeanpierre\/#primaryimage\",\"url\":\"https:\/\/vosgesinfo.fr\/app\/uploads\/sites\/4\/2026\/01\/srdk-football.jpg\",\"contentUrl\":\"https:\/\/vosgesinfo.fr\/app\/uploads\/sites\/4\/2026\/01\/srdk-football.jpg\",\"width\":1600,\"height\":1067,\"caption\":\"(Photographie Violaine PhotoPro)\"},{\"@type\":\"BreadcrumbList\",\"@id\":\"https:\/\/vosgesinfo.fr\/saintdieinfo\/2026\/01\/srdk-us-raon-letape-rendez-vous-dimanche-au-stade-emile-jeanpierre\/#breadcrumb\",\"itemListElement\":[{\"@type\":\"ListItem\",\"position\":1,\"name\":\"Home\",\"item\":\"https:\/\/vosgesinfo.fr\/saintdieinfo\/\"},{\"@type\":\"ListItem\",\"position\":2,\"name\":\"SRDK \u2013 US Raon-l\u2019Etape : rendez-vous dimanche au stade Emile-Jeanpierre\"}]},{\"@type\":\"WebSite\",\"@id\":\"https:\/\/vosgesinfo.fr\/saintdieinfo\/#website\",\"url\":\"https:\/\/vosgesinfo.fr\/saintdieinfo\/\",\"name\":\"Saint Die Info\",\"description\":\"Toute l&#039;actualit\u00e9 de Saint-Di\u00e9-Des-Vosges\",\"publisher\":{\"@id\":\"https:\/\/vosgesinfo.fr\/saintdieinfo\/#organization\"},\"alternateName\":\"Toute l'actualit\u00e9 de Saint-Di\u00e9-Des-Vosges\",\"potentialAction\":[{\"@type\":\"SearchAction\",\"target\":{\"@type\":\"EntryPoint\",\"urlTemplate\":\"https:\/\/vosgesinfo.fr\/saintdieinfo\/?s={search_term_string}\"},\"query-input\":\"required name=search_term_string\"}],\"inLanguage\":\"fr-FR\"},{\"@type\":\"Organization\",\"@id\":\"https:\/\/vosgesinfo.fr\/saintdieinfo\/#organization\",\"name\":\"Saint Die Info\",\"url\":\"https:\/\/vosgesinfo.fr\/saintdieinfo\/\",\"logo\":{\"@type\":\"ImageObject\",\"inLanguage\":\"fr-FR\",\"@id\":\"https:\/\/vosgesinfo.fr\/saintdieinfo\/#\/schema\/logo\/image\/\",\"url\":\"https:\/\/vosgesinfo.fr\/app\/uploads\/sites\/4\/2024\/02\/logo-sdi.jpg\",\"contentUrl\":\"https:\/\/vosgesinfo.fr\/app\/uploads\/sites\/4\/2024\/02\/logo-sdi.jpg\",\"width\":600,\"height\":600,\"caption\":\"Saint Die Info\"},\"image\":{\"@id\":\"https:\/\/vosgesinfo.fr\/saintdieinfo\/#\/schema\/logo\/image\/\"},\"sameAs\":[\"https:\/\/www.facebook.com\/Saintdieinfofr\",\"https:\/\/x.com\/VosgesInfo88\",\"https:\/\/www.youtube.com\/@vosgesinfo\"]},{\"@type\":\"Person\",\"@id\":\"https:\/\/vosgesinfo.fr\/saintdieinfo\/#\/schema\/person\/fa73e9f726d67bb88f46d5b7943cb572\",\"name\":\"J.J.\",\"image\":{\"@type\":\"ImageObject\",\"inLanguage\":\"fr-FR\",\"@id\":\"https:\/\/vosgesinfo.fr\/saintdieinfo\/#\/schema\/person\/image\/\",\"url\":\"https:\/\/secure.gravatar.com\/avatar\/219e749e47ffbcca018a360ae4add7d4cdf1cdaaf8bc7676b27efade3fe65615?s=96&d=mm&r=g\",\"contentUrl\":\"https:\/\/secure.gravatar.com\/avatar\/219e749e47ffbcca018a360ae4add7d4cdf1cdaaf8bc7676b27efade3fe65615?s=96&d=mm&r=g\",\"caption\":\"J.J.\"},\"url\":\"https:\/\/vosgesinfo.fr\/saintdieinfo\/author\/j-j\/\"}]}<\/script>\n<!-- \/ Yoast SEO plugin. -->","yoast_head_json":{"title":"SRDK \u2013 US Raon-l\u2019Etape : rendez-vous dimanche au stade Emile-Jeanpierre - Saint Die Info","robots":{"index":"index","follow":"follow","max-snippet":"max-snippet:-1","max-image-preview":"max-image-preview:large","max-video-preview":"max-video-preview:-1"},"canonical":"https:\/\/vosgesinfo.fr\/saintdieinfo\/2026\/01\/srdk-us-raon-letape-rendez-vous-dimanche-au-stade-emile-jeanpierre\/","twitter_card":"summary_large_image","twitter_title":"SRDK \u2013 US Raon-l\u2019Etape : rendez-vous dimanche au stade Emile-Jeanpierre - Saint Die Info","twitter_description":"Les SR Saint-Di\u00e9 Kellermann \u2013 SRDK \u2013 re\u00e7oivent l\u2019US Raon-l\u2019Etape ce dimanche 8 f\u00e9vrier. Le coup d&rsquo;envoi de la rencontre [&hellip;]","twitter_image":"https:\/\/vosgesinfo.fr\/app\/uploads\/sites\/4\/2026\/01\/srdk-football.jpg","twitter_creator":"@VosgesInfo88","twitter_site":"@VosgesInfo88","twitter_misc":{"\u00c9crit par":"J.J."},"schema":{"@context":"https:\/\/schema.org","@graph":[{"@type":"Article","@id":"https:\/\/vosgesinfo.fr\/saintdieinfo\/2026\/01\/srdk-us-raon-letape-rendez-vous-dimanche-au-stade-emile-jeanpierre\/#article","isPartOf":{"@id":"https:\/\/vosgesinfo.fr\/saintdieinfo\/2026\/01\/srdk-us-raon-letape-rendez-vous-dimanche-au-stade-emile-jeanpierre\/"},"author":{"name":"J.J.","@id":"https:\/\/vosgesinfo.fr\/saintdieinfo\/#\/schema\/person\/fa73e9f726d67bb88f46d5b7943cb572"},"headline":"SRDK \u2013 US Raon-l\u2019Etape : rendez-vous dimanche au stade Emile-Jeanpierre","datePublished":"2026-01-27T09:53:57+00:00","dateModified":"2026-01-27T09:48:44+00:00","mainEntityOfPage":{"@id":"https:\/\/vosgesinfo.fr\/saintdieinfo\/2026\/01\/srdk-us-raon-letape-rendez-vous-dimanche-au-stade-emile-jeanpierre\/"},"wordCount":95,"commentCount":0,"publisher":{"@id":"https:\/\/vosgesinfo.fr\/saintdieinfo\/#organization"},"image":{"@id":"https:\/\/vosgesinfo.fr\/saintdieinfo\/2026\/01\/srdk-us-raon-letape-rendez-vous-dimanche-au-stade-emile-jeanpierre\/#primaryimage"},"thumbnailUrl":"https:\/\/vosgesinfo.fr\/app\/uploads\/sites\/4\/2026\/01\/srdk-football.jpg","keywords":["football","pack supporter","Saint-Di\u00e9-des-Vosges","Saint-Louis","SR Saint-Di\u00e9 Kellermann","SRDK","Stade Emile-Jeanpierre","US Raon-l'Etape","vosges"],"articleSection":["Br\u00e8ves","Saint-Di\u00e9-des-Vosges","Sport"],"inLanguage":"fr-FR","potentialAction":[{"@type":"CommentAction","name":"Comment","target":["https:\/\/vosgesinfo.fr\/saintdieinfo\/2026\/01\/srdk-us-raon-letape-rendez-vous-dimanche-au-stade-emile-jeanpierre\/#respond"]}]},{"@type":"WebPage","@id":"https:\/\/vosgesinfo.fr\/saintdieinfo\/2026\/01\/srdk-us-raon-letape-rendez-vous-dimanche-au-stade-emile-jeanpierre\/","url":"https:\/\/vosgesinfo.fr\/saintdieinfo\/2026\/01\/srdk-us-raon-letape-rendez-vous-dimanche-au-stade-emile-jeanpierre\/","name":"SRDK \u2013 US Raon-l\u2019Etape : rendez-vous dimanche au stade Emile-Jeanpierre - Saint Die Info","isPartOf":{"@id":"https:\/\/vosgesinfo.fr\/saintdieinfo\/#website"},"primaryImageOfPage":{"@id":"https:\/\/vosgesinfo.fr\/saintdieinfo\/2026\/01\/srdk-us-raon-letape-rendez-vous-dimanche-au-stade-emile-jeanpierre\/#primaryimage"},"image":{"@id":"https:\/\/vosgesinfo.fr\/saintdieinfo\/2026\/01\/srdk-us-raon-letape-rendez-vous-dimanche-au-stade-emile-jeanpierre\/#primaryimage"},"thumbnailUrl":"https:\/\/vosgesinfo.fr\/app\/uploads\/sites\/4\/2026\/01\/srdk-football.jpg","datePublished":"2026-01-27T09:53:57+00:00","dateModified":"2026-01-27T09:48:44+00:00","breadcrumb":{"@id":"https:\/\/vosgesinfo.fr\/saintdieinfo\/2026\/01\/srdk-us-raon-letape-rendez-vous-dimanche-au-stade-emile-jeanpierre\/#breadcrumb"},"inLanguage":"fr-FR","potentialAction":[{"@type":"ReadAction","target":["https:\/\/vosgesinfo.fr\/saintdieinfo\/2026\/01\/srdk-us-raon-letape-rendez-vous-dimanche-au-stade-emile-jeanpierre\/"]}]},{"@type":"ImageObject","inLanguage":"fr-FR","@id":"https:\/\/vosgesinfo.fr\/saintdieinfo\/2026\/01\/srdk-us-raon-letape-rendez-vous-dimanche-au-stade-emile-jeanpierre\/#primaryimage","url":"https:\/\/vosgesinfo.fr\/app\/uploads\/sites\/4\/2026\/01\/srdk-football.jpg","contentUrl":"https:\/\/vosgesinfo.fr\/app\/uploads\/sites\/4\/2026\/01\/srdk-football.jpg","width":1600,"height":1067,"caption":"(Photographie Violaine PhotoPro)"},{"@type":"BreadcrumbList","@id":"https:\/\/vosgesinfo.fr\/saintdieinfo\/2026\/01\/srdk-us-raon-letape-rendez-vous-dimanche-au-stade-emile-jeanpierre\/#breadcrumb","itemListElement":[{"@type":"ListItem","position":1,"name":"Home","item":"https:\/\/vosgesinfo.fr\/saintdieinfo\/"},{"@type":"ListItem","position":2,"name":"SRDK \u2013 US Raon-l\u2019Etape : rendez-vous dimanche au stade Emile-Jeanpierre"}]},{"@type":"WebSite","@id":"https:\/\/vosgesinfo.fr\/saintdieinfo\/#website","url":"https:\/\/vosgesinfo.fr\/saintdieinfo\/","name":"Saint Die Info","description":"Toute l&#039;actualit\u00e9 de Saint-Di\u00e9-Des-Vosges","publisher":{"@id":"https:\/\/vosgesinfo.fr\/saintdieinfo\/#organization"},"alternateName":"Toute l'actualit\u00e9 de Saint-Di\u00e9-Des-Vosges","potentialAction":[{"@type":"SearchAction","target":{"@type":"EntryPoint","urlTemplate":"https:\/\/vosgesinfo.fr\/saintdieinfo\/?s={search_term_string}"},"query-input":"required name=search_term_string"}],"inLanguage":"fr-FR"},{"@type":"Organization","@id":"https:\/\/vosgesinfo.fr\/saintdieinfo\/#organization","name":"Saint Die Info","url":"https:\/\/vosgesinfo.fr\/saintdieinfo\/","logo":{"@type":"ImageObject","inLanguage":"fr-FR","@id":"https:\/\/vosgesinfo.fr\/saintdieinfo\/#\/schema\/logo\/image\/","url":"https:\/\/vosgesinfo.fr\/app\/uploads\/sites\/4\/2024\/02\/logo-sdi.jpg","contentUrl":"https:\/\/vosgesinfo.fr\/app\/uploads\/sites\/4\/2024\/02\/logo-sdi.jpg","width":600,"height":600,"caption":"Saint Die Info"},"image":{"@id":"https:\/\/vosgesinfo.fr\/saintdieinfo\/#\/schema\/logo\/image\/"},"sameAs":["https:\/\/www.facebook.com\/Saintdieinfofr","https:\/\/x.com\/VosgesInfo88","https:\/\/www.youtube.com\/@vosgesinfo"]},{"@type":"Person","@id":"https:\/\/vosgesinfo.fr\/saintdieinfo\/#\/schema\/person\/fa73e9f726d67bb88f46d5b7943cb572","name":"J.J.","image":{"@type":"ImageObject","inLanguage":"fr-FR","@id":"https:\/\/vosgesinfo.fr\/saintdieinfo\/#\/schema\/person\/image\/","url":"https:\/\/secure.gravatar.com\/avatar\/219e749e47ffbcca018a360ae4add7d4cdf1cdaaf8bc7676b27efade3fe65615?s=96&d=mm&r=g","contentUrl":"https:\/\/secure.gravatar.com\/avatar\/219e749e47ffbcca018a360ae4add7d4cdf1cdaaf8bc7676b27efade3fe65615?s=96&d=mm&r=g","caption":"J.J."},"url":"https:\/\/vosgesinfo.fr\/saintdieinfo\/author\/j-j\/"}]}},"_links":{"self":[{"href":"https:\/\/vosgesinfo.fr\/saintdieinfo\/wp-json\/wp\/v2\/posts\/87217","targetHints":{"allow":["GET"]}}],"collection":[{"href":"https:\/\/vosgesinfo.fr\/saintdieinfo\/wp-json\/wp\/v2\/posts"}],"about":[{"href":"https:\/\/vosgesinfo.fr\/saintdieinfo\/wp-json\/wp\/v2\/types\/post"}],"author":[{"embeddable":true,"href":"https:\/\/vosgesinfo.fr\/saintdieinfo\/wp-json\/wp\/v2\/users\/46"}],"replies":[{"embeddable":true,"href":"https:\/\/vosgesinfo.fr\/saintdieinfo\/wp-json\/wp\/v2\/comments?post=87217"}],"version-history":[{"count":2,"href":"https:\/\/vosgesinfo.fr\/saintdieinfo\/wp-json\/wp\/v2\/posts\/87217\/revisions"}],"predecessor-version":[{"id":87224,"href":"https:\/\/vosgesinfo.fr\/saintdieinfo\/wp-json\/wp\/v2\/posts\/87217\/revisions\/87224"}],"wp:featuredmedia":[{"embeddable":true,"href":"https:\/\/vosgesinfo.fr\/saintdieinfo\/wp-json\/wp\/v2\/media\/87222"}],"wp:attachment":[{"href":"https:\/\/vosgesinfo.fr\/saintdieinfo\/wp-json\/wp\/v2\/media?parent=87217"}],"wp:term":[{"taxonomy":"category","embeddable":true,"href":"https:\/\/vosgesinfo.fr\/saintdieinfo\/wp-json\/wp\/v2\/categories?post=87217"},{"taxonomy":"post_tag","embeddable":true,"href":"https:\/\/vosgesinfo.fr\/saintdieinfo\/wp-json\/wp\/v2\/tags?post=87217"}],"curies":[{"name":"wp","href":"https:\/\/api.w.org\/{rel}","templated":true}]}}