{"id":87220,"date":"2026-01-27T10:15:30","date_gmt":"2026-01-27T09:15:30","guid":{"rendered":"https:\/\/vosgesinfo.fr\/saintdieinfo\/2026\/01\/deces-de-monsieur-christian-walter\/"},"modified":"2026-01-27T10:15:30","modified_gmt":"2026-01-27T09:15:30","slug":"deces-de-monsieur-christian-walter","status":"publish","type":"post","link":"https:\/\/vosgesinfo.fr\/saintdieinfo\/2026\/01\/deces-de-monsieur-christian-walter\/","title":{"rendered":"D\u00e9c\u00e8s de Monsieur Christian WALTER"},"content":{"rendered":"<p><a href=\"https:\/\/vosgesinfo.fr\/app\/uploads\/sites\/6\/2022\/05\/marchal-e1689088498333.jpg\"><img decoding=\"async\" class=\"aligncenter size-full wp-image-210\" src=\"https:\/\/vosgesinfo.fr\/app\/uploads\/sites\/6\/2022\/05\/marchal-e1689088498333.jpg\" alt=\"\" width=\"650\" height=\"130\" \/><\/a><\/p>\n<p>&nbsp;<\/p>\n<p style=\"text-align: center;\"><span style=\"font-size: 14pt;\"><strong>GRANGES-SUR-VOLOGNE<\/strong><\/span><\/p>\n<p><a href=\"https:\/\/vosgesinfo.fr\/app\/uploads\/sites\/6\/2026\/01\/photo-2.jpeg\"><img decoding=\"async\" class=\"alignright size-medium wp-image-87369\" src=\"https:\/\/vosgesinfo.fr\/app\/uploads\/sites\/6\/2026\/01\/photo-2-196x300.jpeg\" alt=\"\" width=\"196\" height=\"300\" \/><\/a>Dani\u00e8le, son \u00e9pouse<br \/>\nB\u00e9atrice, H\u00e9l\u00e8ne, Cyrille, Benjamin (\u2020)<br \/>\nSes enfants<br \/>\nOph\u00e9lie, Rodolphe, Lorenzo, Alba, Luca<br \/>\nSes petits-enfants<br \/>\nSes arri\u00e8res petits-enfants<br \/>\nJacques-Charles son fr\u00e8re et Fran\u00e7oise<br \/>\nZabeth, sa belle-s\u0153ur<br \/>\nDominique son filleul<br \/>\nSylvette, sa belle-s\u0153ur<br \/>\nFrancis son beau-fr\u00e8re et Jocelyne<br \/>\nEl\u00e9onore (\u2020) sa belle-fille<br \/>\nSes neveux, ses cousines et ses cousins<br \/>\nLes familles\u00a0: WALTER,DILLEMANN, CHAUMET<br \/>\nToute la parent\u00e9, ses proches et ses amis<\/p>\n<p style=\"text-align: center;\">Ont l\u2019immense tristesse de vous annoncer le d\u00e9c\u00e8s de<\/p>\n<p style=\"text-align: center;\"><span style=\"font-size: 14pt;\"><strong>Monsieur Christian WALTER<\/strong><\/span><\/p>\n<p style=\"text-align: center;\"><strong>Chevalier de la l\u00e9gion d\u2019Honneur<\/strong><br \/>\nd\u00e9c\u00e9d\u00e9 le dimanche 25 janvier 2026 \u00e0 l\u2019\u00e2ge de 87ans<\/p>\n<p style=\"text-align: center;\">Monsieur Christian WALTER repose au fun\u00e9rarium de Granges-Aumontzey o\u00f9 les visites en pr\u00e9sence de la<\/p>\n<p style=\"text-align: center;\">famille sont possibles \u00e0 partir du mardi 27 janvier 2026<\/p>\n<p style=\"text-align: center;\">de 10h \u00e0 12h et de 15h \u00e0 18h00<br \/>\nJusqu\u2019au vendredi 30 janvier 2026 \u00e0 12h00.<\/p>\n<p style=\"text-align: center;\">Une c\u00e9r\u00e9monie religieuse sera c\u00e9l\u00e9br\u00e9e le vendredi 30 janvier 2026 \u00e0 15h00 en l\u2019\u00e9glise<br \/>\nSaint-Georges de Granges-Aumontzey, suivie de sa cr\u00e9mation.<br \/>\nSelon la volont\u00e9 de Christian, pas de plaques, des Iris ses fleurs pr\u00e9f\u00e9r\u00e9es.<br \/>\nUne urne sera \u00e0 votre disposition pour la recherche m\u00e9dicale<br \/>\nUn livre de condol\u00e9ances est ouvert sur www.pompes-funebres-marchal.fr<br \/>\nCet avis tient lieu de faire-part et de remerciements<\/p>\n<p><a href=\"https:\/\/vosgesinfo.fr\/app\/uploads\/sites\/6\/2024\/07\/202204logo-marchal-fondblanc.jpeg\"><img decoding=\"async\" class=\"aligncenter size-medium wp-image-58563\" src=\"https:\/\/vosgesinfo.fr\/app\/uploads\/sites\/6\/2024\/07\/202204logo-marchal-fondblanc-300x220.jpeg\" alt=\"\" width=\"300\" height=\"220\" \/><\/a><\/p>\n<p>68, Bd de Saint-Di\u00e9 \u2013 \u00e0 La Croisette 88400 G\u00c9RARDMER 06-12-88-84-62<\/p>\n","protected":false},"excerpt":{"rendered":"<p>&nbsp; GRANGES-SUR-VOLOGNE Dani\u00e8le, son \u00e9pouse B\u00e9atrice, H\u00e9l\u00e8ne, Cyrille, Benjamin (\u2020) Ses enfants Oph\u00e9lie, Rodolphe, Lorenzo, Alba, Luca Ses petits-enfants Ses [&hellip;]<\/p>\n","protected":false},"author":391,"featured_media":87221,"comment_status":"open","ping_status":"open","sticky":false,"template":"","format":"standard","meta":{"footnotes":""},"categories":[460,2949,5424,5391,4100],"tags":[],"class_list":["post-87220","post","type-post","status-publish","format-standard","has-post-thumbnail","hentry","category-a-la-une","category-avis-de-deces-carnet","category-etat-civil","category-gerardmer","category-saint-die"],"acf":[],"yoast_head":"<!-- This site is optimized with the Yoast SEO plugin v22.5 - https:\/\/yoast.com\/wordpress\/plugins\/seo\/ -->\n<title>D\u00e9c\u00e8s de Monsieur Christian WALTER - Saint Die Info<\/title>\n<meta name=\"robots\" content=\"index, follow, max-snippet:-1, max-image-preview:large, max-video-preview:-1\" \/>\n<link rel=\"canonical\" href=\"https:\/\/vosgesinfo.fr\/saintdieinfo\/2026\/01\/deces-de-monsieur-christian-walter\/\" \/>\n<meta name=\"twitter:card\" content=\"summary_large_image\" \/>\n<meta name=\"twitter:title\" content=\"D\u00e9c\u00e8s de Monsieur Christian WALTER - Saint Die Info\" \/>\n<meta name=\"twitter:description\" content=\"&nbsp; GRANGES-SUR-VOLOGNE Dani\u00e8le, son \u00e9pouse B\u00e9atrice, H\u00e9l\u00e8ne, Cyrille, Benjamin (\u2020) Ses enfants Oph\u00e9lie, Rodolphe, Lorenzo, Alba, Luca Ses petits-enfants Ses [&hellip;]\" \/>\n<meta name=\"twitter:image\" content=\"https:\/\/vosgesinfo.fr\/app\/uploads\/sites\/4\/2026\/01\/avis-de-decces-bougie.jpg\" \/>\n<meta name=\"twitter:creator\" content=\"@VosgesInfo88\" \/>\n<meta name=\"twitter:site\" content=\"@VosgesInfo88\" \/>\n<meta name=\"twitter:label1\" content=\"\u00c9crit par\" \/>\n\t<meta name=\"twitter:data1\" content=\"La redaction\" \/>\n\t<meta name=\"twitter:label2\" content=\"Dur\u00e9e de lecture estim\u00e9e\" \/>\n\t<meta name=\"twitter:data2\" content=\"1 minute\" \/>\n<script type=\"application\/ld+json\" class=\"yoast-schema-graph\">{\"@context\":\"https:\/\/schema.org\",\"@graph\":[{\"@type\":\"Article\",\"@id\":\"https:\/\/vosgesinfo.fr\/saintdieinfo\/2026\/01\/deces-de-monsieur-christian-walter\/#article\",\"isPartOf\":{\"@id\":\"https:\/\/vosgesinfo.fr\/saintdieinfo\/2026\/01\/deces-de-monsieur-christian-walter\/\"},\"author\":{\"name\":\"La redaction\",\"@id\":\"https:\/\/vosgesinfo.fr\/saintdieinfo\/#\/schema\/person\/27a3695b06db98895b354c0765cdfc31\"},\"headline\":\"D\u00e9c\u00e8s de Monsieur Christian WALTER\",\"datePublished\":\"2026-01-27T09:15:30+00:00\",\"dateModified\":\"2026-01-27T09:15:30+00:00\",\"mainEntityOfPage\":{\"@id\":\"https:\/\/vosgesinfo.fr\/saintdieinfo\/2026\/01\/deces-de-monsieur-christian-walter\/\"},\"wordCount\":232,\"commentCount\":0,\"publisher\":{\"@id\":\"https:\/\/vosgesinfo.fr\/saintdieinfo\/#organization\"},\"image\":{\"@id\":\"https:\/\/vosgesinfo.fr\/saintdieinfo\/2026\/01\/deces-de-monsieur-christian-walter\/#primaryimage\"},\"thumbnailUrl\":\"https:\/\/vosgesinfo.fr\/app\/uploads\/sites\/4\/2026\/01\/avis-de-decces-bougie.jpg\",\"articleSection\":[\"A la Une\",\"Avis de d\u00e9c\u00e8s\",\"Etat-Civil\",\"Gerardmer\",\"Saint-di\u00e9\"],\"inLanguage\":\"fr-FR\",\"potentialAction\":[{\"@type\":\"CommentAction\",\"name\":\"Comment\",\"target\":[\"https:\/\/vosgesinfo.fr\/saintdieinfo\/2026\/01\/deces-de-monsieur-christian-walter\/#respond\"]}]},{\"@type\":\"WebPage\",\"@id\":\"https:\/\/vosgesinfo.fr\/saintdieinfo\/2026\/01\/deces-de-monsieur-christian-walter\/\",\"url\":\"https:\/\/vosgesinfo.fr\/saintdieinfo\/2026\/01\/deces-de-monsieur-christian-walter\/\",\"name\":\"D\u00e9c\u00e8s de Monsieur Christian WALTER - Saint Die Info\",\"isPartOf\":{\"@id\":\"https:\/\/vosgesinfo.fr\/saintdieinfo\/#website\"},\"primaryImageOfPage\":{\"@id\":\"https:\/\/vosgesinfo.fr\/saintdieinfo\/2026\/01\/deces-de-monsieur-christian-walter\/#primaryimage\"},\"image\":{\"@id\":\"https:\/\/vosgesinfo.fr\/saintdieinfo\/2026\/01\/deces-de-monsieur-christian-walter\/#primaryimage\"},\"thumbnailUrl\":\"https:\/\/vosgesinfo.fr\/app\/uploads\/sites\/4\/2026\/01\/avis-de-decces-bougie.jpg\",\"datePublished\":\"2026-01-27T09:15:30+00:00\",\"dateModified\":\"2026-01-27T09:15:30+00:00\",\"breadcrumb\":{\"@id\":\"https:\/\/vosgesinfo.fr\/saintdieinfo\/2026\/01\/deces-de-monsieur-christian-walter\/#breadcrumb\"},\"inLanguage\":\"fr-FR\",\"potentialAction\":[{\"@type\":\"ReadAction\",\"target\":[\"https:\/\/vosgesinfo.fr\/saintdieinfo\/2026\/01\/deces-de-monsieur-christian-walter\/\"]}]},{\"@type\":\"ImageObject\",\"inLanguage\":\"fr-FR\",\"@id\":\"https:\/\/vosgesinfo.fr\/saintdieinfo\/2026\/01\/deces-de-monsieur-christian-walter\/#primaryimage\",\"url\":\"https:\/\/vosgesinfo.fr\/app\/uploads\/sites\/4\/2026\/01\/avis-de-decces-bougie.jpg\",\"contentUrl\":\"https:\/\/vosgesinfo.fr\/app\/uploads\/sites\/4\/2026\/01\/avis-de-decces-bougie.jpg\",\"width\":700,\"height\":321},{\"@type\":\"BreadcrumbList\",\"@id\":\"https:\/\/vosgesinfo.fr\/saintdieinfo\/2026\/01\/deces-de-monsieur-christian-walter\/#breadcrumb\",\"itemListElement\":[{\"@type\":\"ListItem\",\"position\":1,\"name\":\"Home\",\"item\":\"https:\/\/vosgesinfo.fr\/saintdieinfo\/\"},{\"@type\":\"ListItem\",\"position\":2,\"name\":\"D\u00e9c\u00e8s de Monsieur Christian WALTER\"}]},{\"@type\":\"WebSite\",\"@id\":\"https:\/\/vosgesinfo.fr\/saintdieinfo\/#website\",\"url\":\"https:\/\/vosgesinfo.fr\/saintdieinfo\/\",\"name\":\"Saint Die Info\",\"description\":\"Toute l&#039;actualit\u00e9 de Saint-Di\u00e9-Des-Vosges\",\"publisher\":{\"@id\":\"https:\/\/vosgesinfo.fr\/saintdieinfo\/#organization\"},\"alternateName\":\"Toute l'actualit\u00e9 de Saint-Di\u00e9-Des-Vosges\",\"potentialAction\":[{\"@type\":\"SearchAction\",\"target\":{\"@type\":\"EntryPoint\",\"urlTemplate\":\"https:\/\/vosgesinfo.fr\/saintdieinfo\/?s={search_term_string}\"},\"query-input\":\"required name=search_term_string\"}],\"inLanguage\":\"fr-FR\"},{\"@type\":\"Organization\",\"@id\":\"https:\/\/vosgesinfo.fr\/saintdieinfo\/#organization\",\"name\":\"Saint Die Info\",\"url\":\"https:\/\/vosgesinfo.fr\/saintdieinfo\/\",\"logo\":{\"@type\":\"ImageObject\",\"inLanguage\":\"fr-FR\",\"@id\":\"https:\/\/vosgesinfo.fr\/saintdieinfo\/#\/schema\/logo\/image\/\",\"url\":\"https:\/\/vosgesinfo.fr\/app\/uploads\/sites\/4\/2024\/02\/logo-sdi.jpg\",\"contentUrl\":\"https:\/\/vosgesinfo.fr\/app\/uploads\/sites\/4\/2024\/02\/logo-sdi.jpg\",\"width\":600,\"height\":600,\"caption\":\"Saint Die Info\"},\"image\":{\"@id\":\"https:\/\/vosgesinfo.fr\/saintdieinfo\/#\/schema\/logo\/image\/\"},\"sameAs\":[\"https:\/\/www.facebook.com\/Saintdieinfofr\",\"https:\/\/x.com\/VosgesInfo88\",\"https:\/\/www.youtube.com\/@vosgesinfo\"]},{\"@type\":\"Person\",\"@id\":\"https:\/\/vosgesinfo.fr\/saintdieinfo\/#\/schema\/person\/27a3695b06db98895b354c0765cdfc31\",\"name\":\"La redaction\",\"image\":{\"@type\":\"ImageObject\",\"inLanguage\":\"fr-FR\",\"@id\":\"https:\/\/vosgesinfo.fr\/saintdieinfo\/#\/schema\/person\/image\/\",\"url\":\"https:\/\/secure.gravatar.com\/avatar\/64c76a78e501cedee55736f43f332df901e1896ae9cd8fad269ae2236dd0e8b6?s=96&d=mm&r=g\",\"contentUrl\":\"https:\/\/secure.gravatar.com\/avatar\/64c76a78e501cedee55736f43f332df901e1896ae9cd8fad269ae2236dd0e8b6?s=96&d=mm&r=g\",\"caption\":\"La redaction\"},\"url\":\"https:\/\/vosgesinfo.fr\/saintdieinfo\/author\/la-redaction\/\"}]}<\/script>\n<!-- \/ Yoast SEO plugin. -->","yoast_head_json":{"title":"D\u00e9c\u00e8s de Monsieur Christian WALTER - Saint Die Info","robots":{"index":"index","follow":"follow","max-snippet":"max-snippet:-1","max-image-preview":"max-image-preview:large","max-video-preview":"max-video-preview:-1"},"canonical":"https:\/\/vosgesinfo.fr\/saintdieinfo\/2026\/01\/deces-de-monsieur-christian-walter\/","twitter_card":"summary_large_image","twitter_title":"D\u00e9c\u00e8s de Monsieur Christian WALTER - Saint Die Info","twitter_description":"&nbsp; GRANGES-SUR-VOLOGNE Dani\u00e8le, son \u00e9pouse B\u00e9atrice, H\u00e9l\u00e8ne, Cyrille, Benjamin (\u2020) Ses enfants Oph\u00e9lie, Rodolphe, Lorenzo, Alba, Luca Ses petits-enfants Ses [&hellip;]","twitter_image":"https:\/\/vosgesinfo.fr\/app\/uploads\/sites\/4\/2026\/01\/avis-de-decces-bougie.jpg","twitter_creator":"@VosgesInfo88","twitter_site":"@VosgesInfo88","twitter_misc":{"\u00c9crit par":"La redaction","Dur\u00e9e de lecture estim\u00e9e":"1 minute"},"schema":{"@context":"https:\/\/schema.org","@graph":[{"@type":"Article","@id":"https:\/\/vosgesinfo.fr\/saintdieinfo\/2026\/01\/deces-de-monsieur-christian-walter\/#article","isPartOf":{"@id":"https:\/\/vosgesinfo.fr\/saintdieinfo\/2026\/01\/deces-de-monsieur-christian-walter\/"},"author":{"name":"La redaction","@id":"https:\/\/vosgesinfo.fr\/saintdieinfo\/#\/schema\/person\/27a3695b06db98895b354c0765cdfc31"},"headline":"D\u00e9c\u00e8s de Monsieur Christian WALTER","datePublished":"2026-01-27T09:15:30+00:00","dateModified":"2026-01-27T09:15:30+00:00","mainEntityOfPage":{"@id":"https:\/\/vosgesinfo.fr\/saintdieinfo\/2026\/01\/deces-de-monsieur-christian-walter\/"},"wordCount":232,"commentCount":0,"publisher":{"@id":"https:\/\/vosgesinfo.fr\/saintdieinfo\/#organization"},"image":{"@id":"https:\/\/vosgesinfo.fr\/saintdieinfo\/2026\/01\/deces-de-monsieur-christian-walter\/#primaryimage"},"thumbnailUrl":"https:\/\/vosgesinfo.fr\/app\/uploads\/sites\/4\/2026\/01\/avis-de-decces-bougie.jpg","articleSection":["A la Une","Avis de d\u00e9c\u00e8s","Etat-Civil","Gerardmer","Saint-di\u00e9"],"inLanguage":"fr-FR","potentialAction":[{"@type":"CommentAction","name":"Comment","target":["https:\/\/vosgesinfo.fr\/saintdieinfo\/2026\/01\/deces-de-monsieur-christian-walter\/#respond"]}]},{"@type":"WebPage","@id":"https:\/\/vosgesinfo.fr\/saintdieinfo\/2026\/01\/deces-de-monsieur-christian-walter\/","url":"https:\/\/vosgesinfo.fr\/saintdieinfo\/2026\/01\/deces-de-monsieur-christian-walter\/","name":"D\u00e9c\u00e8s de Monsieur Christian WALTER - Saint Die Info","isPartOf":{"@id":"https:\/\/vosgesinfo.fr\/saintdieinfo\/#website"},"primaryImageOfPage":{"@id":"https:\/\/vosgesinfo.fr\/saintdieinfo\/2026\/01\/deces-de-monsieur-christian-walter\/#primaryimage"},"image":{"@id":"https:\/\/vosgesinfo.fr\/saintdieinfo\/2026\/01\/deces-de-monsieur-christian-walter\/#primaryimage"},"thumbnailUrl":"https:\/\/vosgesinfo.fr\/app\/uploads\/sites\/4\/2026\/01\/avis-de-decces-bougie.jpg","datePublished":"2026-01-27T09:15:30+00:00","dateModified":"2026-01-27T09:15:30+00:00","breadcrumb":{"@id":"https:\/\/vosgesinfo.fr\/saintdieinfo\/2026\/01\/deces-de-monsieur-christian-walter\/#breadcrumb"},"inLanguage":"fr-FR","potentialAction":[{"@type":"ReadAction","target":["https:\/\/vosgesinfo.fr\/saintdieinfo\/2026\/01\/deces-de-monsieur-christian-walter\/"]}]},{"@type":"ImageObject","inLanguage":"fr-FR","@id":"https:\/\/vosgesinfo.fr\/saintdieinfo\/2026\/01\/deces-de-monsieur-christian-walter\/#primaryimage","url":"https:\/\/vosgesinfo.fr\/app\/uploads\/sites\/4\/2026\/01\/avis-de-decces-bougie.jpg","contentUrl":"https:\/\/vosgesinfo.fr\/app\/uploads\/sites\/4\/2026\/01\/avis-de-decces-bougie.jpg","width":700,"height":321},{"@type":"BreadcrumbList","@id":"https:\/\/vosgesinfo.fr\/saintdieinfo\/2026\/01\/deces-de-monsieur-christian-walter\/#breadcrumb","itemListElement":[{"@type":"ListItem","position":1,"name":"Home","item":"https:\/\/vosgesinfo.fr\/saintdieinfo\/"},{"@type":"ListItem","position":2,"name":"D\u00e9c\u00e8s de Monsieur Christian WALTER"}]},{"@type":"WebSite","@id":"https:\/\/vosgesinfo.fr\/saintdieinfo\/#website","url":"https:\/\/vosgesinfo.fr\/saintdieinfo\/","name":"Saint Die Info","description":"Toute l&#039;actualit\u00e9 de Saint-Di\u00e9-Des-Vosges","publisher":{"@id":"https:\/\/vosgesinfo.fr\/saintdieinfo\/#organization"},"alternateName":"Toute l'actualit\u00e9 de Saint-Di\u00e9-Des-Vosges","potentialAction":[{"@type":"SearchAction","target":{"@type":"EntryPoint","urlTemplate":"https:\/\/vosgesinfo.fr\/saintdieinfo\/?s={search_term_string}"},"query-input":"required name=search_term_string"}],"inLanguage":"fr-FR"},{"@type":"Organization","@id":"https:\/\/vosgesinfo.fr\/saintdieinfo\/#organization","name":"Saint Die Info","url":"https:\/\/vosgesinfo.fr\/saintdieinfo\/","logo":{"@type":"ImageObject","inLanguage":"fr-FR","@id":"https:\/\/vosgesinfo.fr\/saintdieinfo\/#\/schema\/logo\/image\/","url":"https:\/\/vosgesinfo.fr\/app\/uploads\/sites\/4\/2024\/02\/logo-sdi.jpg","contentUrl":"https:\/\/vosgesinfo.fr\/app\/uploads\/sites\/4\/2024\/02\/logo-sdi.jpg","width":600,"height":600,"caption":"Saint Die Info"},"image":{"@id":"https:\/\/vosgesinfo.fr\/saintdieinfo\/#\/schema\/logo\/image\/"},"sameAs":["https:\/\/www.facebook.com\/Saintdieinfofr","https:\/\/x.com\/VosgesInfo88","https:\/\/www.youtube.com\/@vosgesinfo"]},{"@type":"Person","@id":"https:\/\/vosgesinfo.fr\/saintdieinfo\/#\/schema\/person\/27a3695b06db98895b354c0765cdfc31","name":"La redaction","image":{"@type":"ImageObject","inLanguage":"fr-FR","@id":"https:\/\/vosgesinfo.fr\/saintdieinfo\/#\/schema\/person\/image\/","url":"https:\/\/secure.gravatar.com\/avatar\/64c76a78e501cedee55736f43f332df901e1896ae9cd8fad269ae2236dd0e8b6?s=96&d=mm&r=g","contentUrl":"https:\/\/secure.gravatar.com\/avatar\/64c76a78e501cedee55736f43f332df901e1896ae9cd8fad269ae2236dd0e8b6?s=96&d=mm&r=g","caption":"La redaction"},"url":"https:\/\/vosgesinfo.fr\/saintdieinfo\/author\/la-redaction\/"}]}},"_links":{"self":[{"href":"https:\/\/vosgesinfo.fr\/saintdieinfo\/wp-json\/wp\/v2\/posts\/87220","targetHints":{"allow":["GET"]}}],"collection":[{"href":"https:\/\/vosgesinfo.fr\/saintdieinfo\/wp-json\/wp\/v2\/posts"}],"about":[{"href":"https:\/\/vosgesinfo.fr\/saintdieinfo\/wp-json\/wp\/v2\/types\/post"}],"author":[{"embeddable":true,"href":"https:\/\/vosgesinfo.fr\/saintdieinfo\/wp-json\/wp\/v2\/users\/391"}],"replies":[{"embeddable":true,"href":"https:\/\/vosgesinfo.fr\/saintdieinfo\/wp-json\/wp\/v2\/comments?post=87220"}],"version-history":[{"count":0,"href":"https:\/\/vosgesinfo.fr\/saintdieinfo\/wp-json\/wp\/v2\/posts\/87220\/revisions"}],"wp:featuredmedia":[{"embeddable":true,"href":"https:\/\/vosgesinfo.fr\/saintdieinfo\/wp-json\/wp\/v2\/media\/87221"}],"wp:attachment":[{"href":"https:\/\/vosgesinfo.fr\/saintdieinfo\/wp-json\/wp\/v2\/media?parent=87220"}],"wp:term":[{"taxonomy":"category","embeddable":true,"href":"https:\/\/vosgesinfo.fr\/saintdieinfo\/wp-json\/wp\/v2\/categories?post=87220"},{"taxonomy":"post_tag","embeddable":true,"href":"https:\/\/vosgesinfo.fr\/saintdieinfo\/wp-json\/wp\/v2\/tags?post=87220"}],"curies":[{"name":"wp","href":"https:\/\/api.w.org\/{rel}","templated":true}]}}