{"id":87225,"date":"2026-01-27T13:13:50","date_gmt":"2026-01-27T12:13:50","guid":{"rendered":"https:\/\/vosgesinfo.fr\/saintdieinfo\/?p=87225"},"modified":"2026-01-27T13:18:01","modified_gmt":"2026-01-27T12:18:01","slug":"objectif-10-tonnes-pour-la-troisieme-grande-collecte-alimentaire-de-saint-die-des-vosges","status":"publish","type":"post","link":"https:\/\/vosgesinfo.fr\/saintdieinfo\/2026\/01\/objectif-10-tonnes-pour-la-troisieme-grande-collecte-alimentaire-de-saint-die-des-vosges\/","title":{"rendered":"Objectif 10 tonnes pour la troisi\u00e8me grande collecte alimentaire de Saint-Di\u00e9-des-Vosges"},"content":{"rendered":"<p data-start=\"0\" data-end=\"433\"><a href=\"https:\/\/vosgesinfo.fr\/app\/uploads\/sites\/4\/2026\/01\/presentation-troisieme-grande-collecte-alimentaire.jpg\"><img decoding=\"async\" class=\"alignnone size-large wp-image-87226\" src=\"https:\/\/vosgesinfo.fr\/app\/uploads\/sites\/4\/2026\/01\/presentation-troisieme-grande-collecte-alimentaire-1024x771.jpg\" alt=\"\" width=\"1024\" height=\"771\" srcset=\"https:\/\/vosgesinfo.fr\/app\/uploads\/sites\/4\/2026\/01\/presentation-troisieme-grande-collecte-alimentaire-1024x771.jpg 1024w, https:\/\/vosgesinfo.fr\/app\/uploads\/sites\/4\/2026\/01\/presentation-troisieme-grande-collecte-alimentaire-300x226.jpg 300w, https:\/\/vosgesinfo.fr\/app\/uploads\/sites\/4\/2026\/01\/presentation-troisieme-grande-collecte-alimentaire-768x578.jpg 768w, https:\/\/vosgesinfo.fr\/app\/uploads\/sites\/4\/2026\/01\/presentation-troisieme-grande-collecte-alimentaire.jpg 1434w\" sizes=\"(max-width: 1024px) 100vw, 1024px\" \/><\/a><\/p>\n<h2 data-start=\"0\" data-end=\"433\">Le coup d\u2019envoi de la <strong data-start=\"22\" data-end=\"63\">troisi\u00e8me grande collecte alimentaire<\/strong> de <strong data-start=\"67\" data-end=\"91\">Saint-Di\u00e9-des-Vosges<\/strong> sera donn\u00e9 ce <strong data-start=\"106\" data-end=\"129\">vendredi 30 janvier<\/strong>, pour se terminer le <strong data-start=\"151\" data-end=\"173\">vendredi 6 f\u00e9vrier<\/strong> suivant. L\u2019objectif \u00e9tant, comme pour les deux premi\u00e8res, de r\u00e9colter un maximum de <strong data-start=\"258\" data-end=\"282\">denr\u00e9es alimentaires<\/strong> et de <strong data-start=\"289\" data-end=\"311\">produits d\u2019hygi\u00e8ne<\/strong> au profit des <strong data-start=\"326\" data-end=\"361\">associations d\u2019aide alimentaire<\/strong> de la ville\u2026 et, de fait, des <strong>familles d\u00e9odatiennes les plus pr\u00e9caires.<\/strong><\/h2>\n<p data-start=\"0\" data-end=\"433\"><!--more--><\/p>\n<h3 data-start=\"435\" data-end=\"457\"><strong>Objectif 10 tonnes<\/strong><\/h3>\n<p data-start=\"459\" data-end=\"909\"><a href=\"https:\/\/vosgesinfo.fr\/saintdieinfo\/2025\/02\/bilan-satisfaisant-pour-la-deuxieme-grande-collecte-alimentaire-de-saint-die-des-vosges\/\" target=\"_blank\" rel=\"noopener\">Cette mobilisation solidaire avait permis de totaliser <strong data-start=\"514\" data-end=\"528\">8,3 tonnes<\/strong> de denr\u00e9es l\u2019an pass\u00e9.<\/a> Cette ann\u00e9e, l\u2019objectif affich\u00e9 est fix\u00e9 \u00e0 <strong data-start=\"595\" data-end=\"608\">10 tonnes<\/strong>. Car la pr\u00e9carit\u00e9 continue de progresser parmi les habitants les plus d\u00e9munis. Ce qu\u2019ont confirm\u00e9 ce mardi matin, lors du <strong data-start=\"731\" data-end=\"747\">point presse<\/strong>, les antennes locales des <strong data-start=\"774\" data-end=\"792\">Restos du C\u0153ur<\/strong> et de la <strong data-start=\"802\" data-end=\"817\">Croix-Rouge<\/strong>. Ces deux associations aident actuellement, et respectivement, <strong data-start=\"881\" data-end=\"888\">500<\/strong> et <strong data-start=\"892\" data-end=\"899\">460<\/strong> familles.<\/p>\n<h3 data-start=\"911\" data-end=\"946\"><strong>Permanence \u00e0 la salle Carbonnar<\/strong><\/h3>\n<p data-start=\"948\" data-end=\"1249\">Outre cet objectif \u00e0 la hausse, cette troisi\u00e8me collecte, qui est toujours pilot\u00e9e par le <strong data-start=\"1038\" data-end=\"1046\">CCAS<\/strong>, conserve les m\u00eames modalit\u00e9s que la pr\u00e9c\u00e9dente. \u00c0 savoir qu\u2019une <strong data-start=\"1112\" data-end=\"1126\">permanence<\/strong> sera assur\u00e9e chaque jour \u00e0 la <strong data-start=\"1157\" data-end=\"1176\">salle Carbonnar<\/strong>, de <strong data-start=\"1181\" data-end=\"1189\">10 h<\/strong> \u00e0 <strong data-start=\"1192\" data-end=\"1200\">19 h<\/strong>, pour recueillir et stocker les diff\u00e9rents dons.<\/p>\n<h3 data-start=\"1251\" data-end=\"1294\"><strong>Mobilisation sur le terrain et concerts<\/strong><\/h3>\n<p data-start=\"1296\" data-end=\"1575\">Des <strong data-start=\"1300\" data-end=\"1313\">b\u00e9n\u00e9voles<\/strong> seront \u00e9galement install\u00e9s avec des <strong data-start=\"1350\" data-end=\"1361\">caddies<\/strong> dans plusieurs grandes surfaces de Saint-Di\u00e9-des-Vosges et de Sainte-Marguerite, des <strong data-start=\"1451\" data-end=\"1497\">\u00e9tablissements scolaires et d\u2019enseignement<\/strong> de la ville participeront, et <strong data-start=\"1528\" data-end=\"1547\">Jean-Michel Rey<\/strong> assurera <strong data-start=\"1557\" data-end=\"1574\">deux concerts gracieusement.<\/strong><\/p>\n<p data-start=\"1577\" data-end=\"1907\">Le premier concert sera donn\u00e9 ce vendredi \u00e0 <strong data-start=\"1621\" data-end=\"1629\">20 h<\/strong> \u00e0 la salle Carbonnar, avec le <strong data-start=\"1660\" data-end=\"1676\">groupe Topic<\/strong>, tandis que le second sera jou\u00e9 \u00e0 <strong data-start=\"1711\" data-end=\"1726\">La Boussole<\/strong> devant des <strong data-start=\"1738\" data-end=\"1762\">\u00e9l\u00e8ves de maternelle<\/strong>, le <strong data-start=\"1767\" data-end=\"1780\">5 f\u00e9vrier<\/strong> \u00e0 La Boussole. Dans les 2 cas, le <strong data-start=\"1816\" data-end=\"1834\">tarif d\u2019entr\u00e9e<\/strong> prendra la forme d\u2019une \u2013 ou plusieurs \u2013 <strong data-start=\"1875\" data-end=\"1906\">denr\u00e9e(s) non p\u00e9rissable(s)<\/strong>.<\/p>\n<p data-start=\"1909\" data-end=\"2085\">En parall\u00e8le, des agents du CCAS iront \u00e0 la rencontre des <strong data-start=\"1967\" data-end=\"2002\">\u00e9coliers, coll\u00e9giens et lyc\u00e9ens<\/strong> pour les sensibiliser \u00e0 la <strong data-start=\"2030\" data-end=\"2043\">pr\u00e9carit\u00e9<\/strong>, qui est avant tout subie et non choisie.<\/p>\n<h3 data-start=\"1909\" data-end=\"2085\"><strong>Denr\u00e9es privil\u00e9gi\u00e9es et redistribution<\/strong><\/h3>\n<p data-start=\"2087\" data-end=\"2408\">Les <strong data-start=\"2091\" data-end=\"2128\">produits alimentaires privil\u00e9gi\u00e9s<\/strong> sont ceux de <strong data-start=\"2142\" data-end=\"2180\">premi\u00e8re n\u00e9cessit\u00e9 non p\u00e9rissables<\/strong>, pour des questions de <strong data-start=\"2204\" data-end=\"2226\">risques sanitaires<\/strong> et de <strong data-start=\"2233\" data-end=\"2247\">logistique<\/strong> : <strong data-start=\"2250\" data-end=\"2327\">f\u00e9culents, l\u00e9gumineuses, conserves, \u00e9picerie sal\u00e9e ou sucr\u00e9e, condiments\u2026<\/strong> en sachant que les <strong data-start=\"2347\" data-end=\"2382\">produits pour b\u00e9b\u00e9 et d\u2019hygi\u00e8ne<\/strong> sont aussi les bienvenus.<\/p>\n<p data-start=\"2410\" data-end=\"2715\">Une fois la collecte termin\u00e9e, les dons seront <strong data-start=\"2457\" data-end=\"2487\">redistribu\u00e9s \u00e9quitablement<\/strong>, et en fonction des besoins de chacun, aux structures qui assurent l\u2019<strong data-start=\"2557\" data-end=\"2577\">aide alimentaire<\/strong> \u00e0 Saint-Di\u00e9-des-Vosges, dont les Restos du C\u0153ur, la Croix-Rouge, le Secours Catholique, l&rsquo;Entraide Protestante, l\u2019association S\u00e9lia et l\u2019\u00e9picerie sociale du CCAS.<\/p>\n<h3 data-start=\"2717\" data-end=\"2750\"><strong>Pour s\u2019engager comme b\u00e9n\u00e9vole<\/strong><\/h3>\n<p data-start=\"2752\" data-end=\"2919\">Et pour celles et ceux qui souhaiteraient donner un coup de main en tant que <strong data-start=\"2829\" data-end=\"2841\">b\u00e9n\u00e9vole<\/strong>, le contact se fait par t\u00e9l\u00e9phone au <strong>03-29-52-39-39<\/strong>, ou par courriel \u00e0 <strong><a class=\"decorated-link cursor-pointer\" href=\"mailto:grande-collecte@ville-saintdie.fr\" target=\"_blank\" rel=\"noopener\" data-start=\"2883\" data-end=\"2916\">grande-collecte@ville-saintdie.fr.<\/a><\/strong><\/p>\n<p data-start=\"2752\" data-end=\"2919\"><a href=\"https:\/\/vosgesinfo.fr\/app\/uploads\/sites\/4\/2026\/01\/presentation-troisieme-grande-collecte-alimentaire-1.jpg\"><img decoding=\"async\" class=\"alignnone size-large wp-image-87227\" src=\"https:\/\/vosgesinfo.fr\/app\/uploads\/sites\/4\/2026\/01\/presentation-troisieme-grande-collecte-alimentaire-1-722x1024.jpg\" alt=\"\" width=\"722\" height=\"1024\" srcset=\"https:\/\/vosgesinfo.fr\/app\/uploads\/sites\/4\/2026\/01\/presentation-troisieme-grande-collecte-alimentaire-1-722x1024.jpg 722w, https:\/\/vosgesinfo.fr\/app\/uploads\/sites\/4\/2026\/01\/presentation-troisieme-grande-collecte-alimentaire-1-211x300.jpg 211w, https:\/\/vosgesinfo.fr\/app\/uploads\/sites\/4\/2026\/01\/presentation-troisieme-grande-collecte-alimentaire-1.jpg 761w\" sizes=\"(max-width: 722px) 100vw, 722px\" \/><\/a><a href=\"https:\/\/vosgesinfo.fr\/app\/uploads\/sites\/4\/2026\/01\/presentation-troisieme-grande-collecte-alimentaire-2.jpg\"><img decoding=\"async\" class=\"alignnone size-large wp-image-87228\" src=\"https:\/\/vosgesinfo.fr\/app\/uploads\/sites\/4\/2026\/01\/presentation-troisieme-grande-collecte-alimentaire-2-722x1024.jpg\" alt=\"\" width=\"722\" height=\"1024\" srcset=\"https:\/\/vosgesinfo.fr\/app\/uploads\/sites\/4\/2026\/01\/presentation-troisieme-grande-collecte-alimentaire-2-722x1024.jpg 722w, https:\/\/vosgesinfo.fr\/app\/uploads\/sites\/4\/2026\/01\/presentation-troisieme-grande-collecte-alimentaire-2-211x300.jpg 211w, https:\/\/vosgesinfo.fr\/app\/uploads\/sites\/4\/2026\/01\/presentation-troisieme-grande-collecte-alimentaire-2.jpg 761w\" sizes=\"(max-width: 722px) 100vw, 722px\" \/><\/a><\/p>\n","protected":false},"excerpt":{"rendered":"<p>Le coup d\u2019envoi de la troisi\u00e8me grande collecte alimentaire de Saint-Di\u00e9-des-Vosges sera donn\u00e9 ce vendredi 30 janvier, pour se terminer [&hellip;]<\/p>\n","protected":false},"author":46,"featured_media":87226,"comment_status":"open","ping_status":"open","sticky":false,"template":"","format":"standard","meta":{"footnotes":""},"categories":[460,29,17],"tags":[6230,878,19027,4736,19966,16023,19690,2940,3027,2801,563,2881,3092,3571,16024],"class_list":["post-87225","post","type-post","status-publish","format-standard","has-post-thumbnail","hentry","category-a-la-une","category-solidarite","category-vie-associative","tag-association-selia","tag-benevoles","tag-ccas","tag-croix-rouge","tag-denrees-alimentaires","tag-epicerie-sociale","tag-grande-collecte-alimentaire","tag-jean-michel-rey","tag-la-boussole","tag-precarite","tag-restos-du-coeur","tag-saint-die-des-vosges","tag-sainte-marguerite","tag-salle-carbonnar","tag-secours-populaire"],"acf":[],"yoast_head":"<!-- This site is optimized with the Yoast SEO plugin v22.5 - https:\/\/yoast.com\/wordpress\/plugins\/seo\/ -->\n<title>Objectif 10 tonnes pour la troisi\u00e8me grande collecte alimentaire de Saint-Di\u00e9-des-Vosges - Saint Die Info<\/title>\n<meta name=\"robots\" content=\"index, follow, max-snippet:-1, max-image-preview:large, max-video-preview:-1\" \/>\n<link rel=\"canonical\" href=\"https:\/\/vosgesinfo.fr\/saintdieinfo\/2026\/01\/objectif-10-tonnes-pour-la-troisieme-grande-collecte-alimentaire-de-saint-die-des-vosges\/\" \/>\n<meta name=\"twitter:card\" content=\"summary_large_image\" \/>\n<meta name=\"twitter:title\" content=\"Objectif 10 tonnes pour la troisi\u00e8me grande collecte alimentaire de Saint-Di\u00e9-des-Vosges - Saint Die Info\" \/>\n<meta name=\"twitter:description\" content=\"Le coup d\u2019envoi de la troisi\u00e8me grande collecte alimentaire de Saint-Di\u00e9-des-Vosges sera donn\u00e9 ce vendredi 30 janvier, pour se terminer [&hellip;]\" \/>\n<meta name=\"twitter:image\" content=\"https:\/\/vosgesinfo.fr\/app\/uploads\/sites\/4\/2026\/01\/presentation-troisieme-grande-collecte-alimentaire.jpg\" \/>\n<meta name=\"twitter:creator\" content=\"@VosgesInfo88\" \/>\n<meta name=\"twitter:site\" content=\"@VosgesInfo88\" \/>\n<meta name=\"twitter:label1\" content=\"\u00c9crit par\" \/>\n\t<meta name=\"twitter:data1\" content=\"J.J.\" \/>\n\t<meta name=\"twitter:label2\" content=\"Dur\u00e9e de lecture estim\u00e9e\" \/>\n\t<meta name=\"twitter:data2\" content=\"3 minutes\" \/>\n<script type=\"application\/ld+json\" class=\"yoast-schema-graph\">{\"@context\":\"https:\/\/schema.org\",\"@graph\":[{\"@type\":\"Article\",\"@id\":\"https:\/\/vosgesinfo.fr\/saintdieinfo\/2026\/01\/objectif-10-tonnes-pour-la-troisieme-grande-collecte-alimentaire-de-saint-die-des-vosges\/#article\",\"isPartOf\":{\"@id\":\"https:\/\/vosgesinfo.fr\/saintdieinfo\/2026\/01\/objectif-10-tonnes-pour-la-troisieme-grande-collecte-alimentaire-de-saint-die-des-vosges\/\"},\"author\":{\"name\":\"J.J.\",\"@id\":\"https:\/\/vosgesinfo.fr\/saintdieinfo\/#\/schema\/person\/fa73e9f726d67bb88f46d5b7943cb572\"},\"headline\":\"Objectif 10 tonnes pour la troisi\u00e8me grande collecte alimentaire de Saint-Di\u00e9-des-Vosges\",\"datePublished\":\"2026-01-27T12:13:50+00:00\",\"dateModified\":\"2026-01-27T12:18:01+00:00\",\"mainEntityOfPage\":{\"@id\":\"https:\/\/vosgesinfo.fr\/saintdieinfo\/2026\/01\/objectif-10-tonnes-pour-la-troisieme-grande-collecte-alimentaire-de-saint-die-des-vosges\/\"},\"wordCount\":497,\"commentCount\":0,\"publisher\":{\"@id\":\"https:\/\/vosgesinfo.fr\/saintdieinfo\/#organization\"},\"image\":{\"@id\":\"https:\/\/vosgesinfo.fr\/saintdieinfo\/2026\/01\/objectif-10-tonnes-pour-la-troisieme-grande-collecte-alimentaire-de-saint-die-des-vosges\/#primaryimage\"},\"thumbnailUrl\":\"https:\/\/vosgesinfo.fr\/app\/uploads\/sites\/4\/2026\/01\/presentation-troisieme-grande-collecte-alimentaire.jpg\",\"keywords\":[\"Association S\u00e9lia\",\"b\u00e9n\u00e9voles\",\"CCAS\",\"Croix-Rouge\",\"denr\u00e9es alimentaires\",\"Epicerie sociale\",\"grande collecte alimentaire\",\"Jean-Michel Rey\",\"La Boussole\",\"pr\u00e9carit\u00e9\",\"Restos du Coeur\",\"Saint-Di\u00e9-des-Vosges\",\"Sainte-Marguerite\",\"Salle Carbonnar\",\"Secours Populaire\"],\"articleSection\":[\"A la Une\",\"Solidarit\u00e9\",\"Vie Associative\"],\"inLanguage\":\"fr-FR\",\"potentialAction\":[{\"@type\":\"CommentAction\",\"name\":\"Comment\",\"target\":[\"https:\/\/vosgesinfo.fr\/saintdieinfo\/2026\/01\/objectif-10-tonnes-pour-la-troisieme-grande-collecte-alimentaire-de-saint-die-des-vosges\/#respond\"]}]},{\"@type\":\"WebPage\",\"@id\":\"https:\/\/vosgesinfo.fr\/saintdieinfo\/2026\/01\/objectif-10-tonnes-pour-la-troisieme-grande-collecte-alimentaire-de-saint-die-des-vosges\/\",\"url\":\"https:\/\/vosgesinfo.fr\/saintdieinfo\/2026\/01\/objectif-10-tonnes-pour-la-troisieme-grande-collecte-alimentaire-de-saint-die-des-vosges\/\",\"name\":\"Objectif 10 tonnes pour la troisi\u00e8me grande collecte alimentaire de Saint-Di\u00e9-des-Vosges - Saint Die Info\",\"isPartOf\":{\"@id\":\"https:\/\/vosgesinfo.fr\/saintdieinfo\/#website\"},\"primaryImageOfPage\":{\"@id\":\"https:\/\/vosgesinfo.fr\/saintdieinfo\/2026\/01\/objectif-10-tonnes-pour-la-troisieme-grande-collecte-alimentaire-de-saint-die-des-vosges\/#primaryimage\"},\"image\":{\"@id\":\"https:\/\/vosgesinfo.fr\/saintdieinfo\/2026\/01\/objectif-10-tonnes-pour-la-troisieme-grande-collecte-alimentaire-de-saint-die-des-vosges\/#primaryimage\"},\"thumbnailUrl\":\"https:\/\/vosgesinfo.fr\/app\/uploads\/sites\/4\/2026\/01\/presentation-troisieme-grande-collecte-alimentaire.jpg\",\"datePublished\":\"2026-01-27T12:13:50+00:00\",\"dateModified\":\"2026-01-27T12:18:01+00:00\",\"breadcrumb\":{\"@id\":\"https:\/\/vosgesinfo.fr\/saintdieinfo\/2026\/01\/objectif-10-tonnes-pour-la-troisieme-grande-collecte-alimentaire-de-saint-die-des-vosges\/#breadcrumb\"},\"inLanguage\":\"fr-FR\",\"potentialAction\":[{\"@type\":\"ReadAction\",\"target\":[\"https:\/\/vosgesinfo.fr\/saintdieinfo\/2026\/01\/objectif-10-tonnes-pour-la-troisieme-grande-collecte-alimentaire-de-saint-die-des-vosges\/\"]}]},{\"@type\":\"ImageObject\",\"inLanguage\":\"fr-FR\",\"@id\":\"https:\/\/vosgesinfo.fr\/saintdieinfo\/2026\/01\/objectif-10-tonnes-pour-la-troisieme-grande-collecte-alimentaire-de-saint-die-des-vosges\/#primaryimage\",\"url\":\"https:\/\/vosgesinfo.fr\/app\/uploads\/sites\/4\/2026\/01\/presentation-troisieme-grande-collecte-alimentaire.jpg\",\"contentUrl\":\"https:\/\/vosgesinfo.fr\/app\/uploads\/sites\/4\/2026\/01\/presentation-troisieme-grande-collecte-alimentaire.jpg\",\"width\":1434,\"height\":1080},{\"@type\":\"BreadcrumbList\",\"@id\":\"https:\/\/vosgesinfo.fr\/saintdieinfo\/2026\/01\/objectif-10-tonnes-pour-la-troisieme-grande-collecte-alimentaire-de-saint-die-des-vosges\/#breadcrumb\",\"itemListElement\":[{\"@type\":\"ListItem\",\"position\":1,\"name\":\"Home\",\"item\":\"https:\/\/vosgesinfo.fr\/saintdieinfo\/\"},{\"@type\":\"ListItem\",\"position\":2,\"name\":\"Objectif 10 tonnes pour la troisi\u00e8me grande collecte alimentaire de Saint-Di\u00e9-des-Vosges\"}]},{\"@type\":\"WebSite\",\"@id\":\"https:\/\/vosgesinfo.fr\/saintdieinfo\/#website\",\"url\":\"https:\/\/vosgesinfo.fr\/saintdieinfo\/\",\"name\":\"Saint Die Info\",\"description\":\"Toute l&#039;actualit\u00e9 de Saint-Di\u00e9-Des-Vosges\",\"publisher\":{\"@id\":\"https:\/\/vosgesinfo.fr\/saintdieinfo\/#organization\"},\"alternateName\":\"Toute l'actualit\u00e9 de Saint-Di\u00e9-Des-Vosges\",\"potentialAction\":[{\"@type\":\"SearchAction\",\"target\":{\"@type\":\"EntryPoint\",\"urlTemplate\":\"https:\/\/vosgesinfo.fr\/saintdieinfo\/?s={search_term_string}\"},\"query-input\":\"required name=search_term_string\"}],\"inLanguage\":\"fr-FR\"},{\"@type\":\"Organization\",\"@id\":\"https:\/\/vosgesinfo.fr\/saintdieinfo\/#organization\",\"name\":\"Saint Die Info\",\"url\":\"https:\/\/vosgesinfo.fr\/saintdieinfo\/\",\"logo\":{\"@type\":\"ImageObject\",\"inLanguage\":\"fr-FR\",\"@id\":\"https:\/\/vosgesinfo.fr\/saintdieinfo\/#\/schema\/logo\/image\/\",\"url\":\"https:\/\/vosgesinfo.fr\/app\/uploads\/sites\/4\/2024\/02\/logo-sdi.jpg\",\"contentUrl\":\"https:\/\/vosgesinfo.fr\/app\/uploads\/sites\/4\/2024\/02\/logo-sdi.jpg\",\"width\":600,\"height\":600,\"caption\":\"Saint Die Info\"},\"image\":{\"@id\":\"https:\/\/vosgesinfo.fr\/saintdieinfo\/#\/schema\/logo\/image\/\"},\"sameAs\":[\"https:\/\/www.facebook.com\/Saintdieinfofr\",\"https:\/\/x.com\/VosgesInfo88\",\"https:\/\/www.youtube.com\/@vosgesinfo\"]},{\"@type\":\"Person\",\"@id\":\"https:\/\/vosgesinfo.fr\/saintdieinfo\/#\/schema\/person\/fa73e9f726d67bb88f46d5b7943cb572\",\"name\":\"J.J.\",\"image\":{\"@type\":\"ImageObject\",\"inLanguage\":\"fr-FR\",\"@id\":\"https:\/\/vosgesinfo.fr\/saintdieinfo\/#\/schema\/person\/image\/\",\"url\":\"https:\/\/secure.gravatar.com\/avatar\/219e749e47ffbcca018a360ae4add7d4cdf1cdaaf8bc7676b27efade3fe65615?s=96&d=mm&r=g\",\"contentUrl\":\"https:\/\/secure.gravatar.com\/avatar\/219e749e47ffbcca018a360ae4add7d4cdf1cdaaf8bc7676b27efade3fe65615?s=96&d=mm&r=g\",\"caption\":\"J.J.\"},\"url\":\"https:\/\/vosgesinfo.fr\/saintdieinfo\/author\/j-j\/\"}]}<\/script>\n<!-- \/ Yoast SEO plugin. -->","yoast_head_json":{"title":"Objectif 10 tonnes pour la troisi\u00e8me grande collecte alimentaire de Saint-Di\u00e9-des-Vosges - Saint Die Info","robots":{"index":"index","follow":"follow","max-snippet":"max-snippet:-1","max-image-preview":"max-image-preview:large","max-video-preview":"max-video-preview:-1"},"canonical":"https:\/\/vosgesinfo.fr\/saintdieinfo\/2026\/01\/objectif-10-tonnes-pour-la-troisieme-grande-collecte-alimentaire-de-saint-die-des-vosges\/","twitter_card":"summary_large_image","twitter_title":"Objectif 10 tonnes pour la troisi\u00e8me grande collecte alimentaire de Saint-Di\u00e9-des-Vosges - Saint Die Info","twitter_description":"Le coup d\u2019envoi de la troisi\u00e8me grande collecte alimentaire de Saint-Di\u00e9-des-Vosges sera donn\u00e9 ce vendredi 30 janvier, pour se terminer [&hellip;]","twitter_image":"https:\/\/vosgesinfo.fr\/app\/uploads\/sites\/4\/2026\/01\/presentation-troisieme-grande-collecte-alimentaire.jpg","twitter_creator":"@VosgesInfo88","twitter_site":"@VosgesInfo88","twitter_misc":{"\u00c9crit par":"J.J.","Dur\u00e9e de lecture estim\u00e9e":"3 minutes"},"schema":{"@context":"https:\/\/schema.org","@graph":[{"@type":"Article","@id":"https:\/\/vosgesinfo.fr\/saintdieinfo\/2026\/01\/objectif-10-tonnes-pour-la-troisieme-grande-collecte-alimentaire-de-saint-die-des-vosges\/#article","isPartOf":{"@id":"https:\/\/vosgesinfo.fr\/saintdieinfo\/2026\/01\/objectif-10-tonnes-pour-la-troisieme-grande-collecte-alimentaire-de-saint-die-des-vosges\/"},"author":{"name":"J.J.","@id":"https:\/\/vosgesinfo.fr\/saintdieinfo\/#\/schema\/person\/fa73e9f726d67bb88f46d5b7943cb572"},"headline":"Objectif 10 tonnes pour la troisi\u00e8me grande collecte alimentaire de Saint-Di\u00e9-des-Vosges","datePublished":"2026-01-27T12:13:50+00:00","dateModified":"2026-01-27T12:18:01+00:00","mainEntityOfPage":{"@id":"https:\/\/vosgesinfo.fr\/saintdieinfo\/2026\/01\/objectif-10-tonnes-pour-la-troisieme-grande-collecte-alimentaire-de-saint-die-des-vosges\/"},"wordCount":497,"commentCount":0,"publisher":{"@id":"https:\/\/vosgesinfo.fr\/saintdieinfo\/#organization"},"image":{"@id":"https:\/\/vosgesinfo.fr\/saintdieinfo\/2026\/01\/objectif-10-tonnes-pour-la-troisieme-grande-collecte-alimentaire-de-saint-die-des-vosges\/#primaryimage"},"thumbnailUrl":"https:\/\/vosgesinfo.fr\/app\/uploads\/sites\/4\/2026\/01\/presentation-troisieme-grande-collecte-alimentaire.jpg","keywords":["Association S\u00e9lia","b\u00e9n\u00e9voles","CCAS","Croix-Rouge","denr\u00e9es alimentaires","Epicerie sociale","grande collecte alimentaire","Jean-Michel Rey","La Boussole","pr\u00e9carit\u00e9","Restos du Coeur","Saint-Di\u00e9-des-Vosges","Sainte-Marguerite","Salle Carbonnar","Secours Populaire"],"articleSection":["A la Une","Solidarit\u00e9","Vie Associative"],"inLanguage":"fr-FR","potentialAction":[{"@type":"CommentAction","name":"Comment","target":["https:\/\/vosgesinfo.fr\/saintdieinfo\/2026\/01\/objectif-10-tonnes-pour-la-troisieme-grande-collecte-alimentaire-de-saint-die-des-vosges\/#respond"]}]},{"@type":"WebPage","@id":"https:\/\/vosgesinfo.fr\/saintdieinfo\/2026\/01\/objectif-10-tonnes-pour-la-troisieme-grande-collecte-alimentaire-de-saint-die-des-vosges\/","url":"https:\/\/vosgesinfo.fr\/saintdieinfo\/2026\/01\/objectif-10-tonnes-pour-la-troisieme-grande-collecte-alimentaire-de-saint-die-des-vosges\/","name":"Objectif 10 tonnes pour la troisi\u00e8me grande collecte alimentaire de Saint-Di\u00e9-des-Vosges - Saint Die Info","isPartOf":{"@id":"https:\/\/vosgesinfo.fr\/saintdieinfo\/#website"},"primaryImageOfPage":{"@id":"https:\/\/vosgesinfo.fr\/saintdieinfo\/2026\/01\/objectif-10-tonnes-pour-la-troisieme-grande-collecte-alimentaire-de-saint-die-des-vosges\/#primaryimage"},"image":{"@id":"https:\/\/vosgesinfo.fr\/saintdieinfo\/2026\/01\/objectif-10-tonnes-pour-la-troisieme-grande-collecte-alimentaire-de-saint-die-des-vosges\/#primaryimage"},"thumbnailUrl":"https:\/\/vosgesinfo.fr\/app\/uploads\/sites\/4\/2026\/01\/presentation-troisieme-grande-collecte-alimentaire.jpg","datePublished":"2026-01-27T12:13:50+00:00","dateModified":"2026-01-27T12:18:01+00:00","breadcrumb":{"@id":"https:\/\/vosgesinfo.fr\/saintdieinfo\/2026\/01\/objectif-10-tonnes-pour-la-troisieme-grande-collecte-alimentaire-de-saint-die-des-vosges\/#breadcrumb"},"inLanguage":"fr-FR","potentialAction":[{"@type":"ReadAction","target":["https:\/\/vosgesinfo.fr\/saintdieinfo\/2026\/01\/objectif-10-tonnes-pour-la-troisieme-grande-collecte-alimentaire-de-saint-die-des-vosges\/"]}]},{"@type":"ImageObject","inLanguage":"fr-FR","@id":"https:\/\/vosgesinfo.fr\/saintdieinfo\/2026\/01\/objectif-10-tonnes-pour-la-troisieme-grande-collecte-alimentaire-de-saint-die-des-vosges\/#primaryimage","url":"https:\/\/vosgesinfo.fr\/app\/uploads\/sites\/4\/2026\/01\/presentation-troisieme-grande-collecte-alimentaire.jpg","contentUrl":"https:\/\/vosgesinfo.fr\/app\/uploads\/sites\/4\/2026\/01\/presentation-troisieme-grande-collecte-alimentaire.jpg","width":1434,"height":1080},{"@type":"BreadcrumbList","@id":"https:\/\/vosgesinfo.fr\/saintdieinfo\/2026\/01\/objectif-10-tonnes-pour-la-troisieme-grande-collecte-alimentaire-de-saint-die-des-vosges\/#breadcrumb","itemListElement":[{"@type":"ListItem","position":1,"name":"Home","item":"https:\/\/vosgesinfo.fr\/saintdieinfo\/"},{"@type":"ListItem","position":2,"name":"Objectif 10 tonnes pour la troisi\u00e8me grande collecte alimentaire de Saint-Di\u00e9-des-Vosges"}]},{"@type":"WebSite","@id":"https:\/\/vosgesinfo.fr\/saintdieinfo\/#website","url":"https:\/\/vosgesinfo.fr\/saintdieinfo\/","name":"Saint Die Info","description":"Toute l&#039;actualit\u00e9 de Saint-Di\u00e9-Des-Vosges","publisher":{"@id":"https:\/\/vosgesinfo.fr\/saintdieinfo\/#organization"},"alternateName":"Toute l'actualit\u00e9 de Saint-Di\u00e9-Des-Vosges","potentialAction":[{"@type":"SearchAction","target":{"@type":"EntryPoint","urlTemplate":"https:\/\/vosgesinfo.fr\/saintdieinfo\/?s={search_term_string}"},"query-input":"required name=search_term_string"}],"inLanguage":"fr-FR"},{"@type":"Organization","@id":"https:\/\/vosgesinfo.fr\/saintdieinfo\/#organization","name":"Saint Die Info","url":"https:\/\/vosgesinfo.fr\/saintdieinfo\/","logo":{"@type":"ImageObject","inLanguage":"fr-FR","@id":"https:\/\/vosgesinfo.fr\/saintdieinfo\/#\/schema\/logo\/image\/","url":"https:\/\/vosgesinfo.fr\/app\/uploads\/sites\/4\/2024\/02\/logo-sdi.jpg","contentUrl":"https:\/\/vosgesinfo.fr\/app\/uploads\/sites\/4\/2024\/02\/logo-sdi.jpg","width":600,"height":600,"caption":"Saint Die Info"},"image":{"@id":"https:\/\/vosgesinfo.fr\/saintdieinfo\/#\/schema\/logo\/image\/"},"sameAs":["https:\/\/www.facebook.com\/Saintdieinfofr","https:\/\/x.com\/VosgesInfo88","https:\/\/www.youtube.com\/@vosgesinfo"]},{"@type":"Person","@id":"https:\/\/vosgesinfo.fr\/saintdieinfo\/#\/schema\/person\/fa73e9f726d67bb88f46d5b7943cb572","name":"J.J.","image":{"@type":"ImageObject","inLanguage":"fr-FR","@id":"https:\/\/vosgesinfo.fr\/saintdieinfo\/#\/schema\/person\/image\/","url":"https:\/\/secure.gravatar.com\/avatar\/219e749e47ffbcca018a360ae4add7d4cdf1cdaaf8bc7676b27efade3fe65615?s=96&d=mm&r=g","contentUrl":"https:\/\/secure.gravatar.com\/avatar\/219e749e47ffbcca018a360ae4add7d4cdf1cdaaf8bc7676b27efade3fe65615?s=96&d=mm&r=g","caption":"J.J."},"url":"https:\/\/vosgesinfo.fr\/saintdieinfo\/author\/j-j\/"}]}},"_links":{"self":[{"href":"https:\/\/vosgesinfo.fr\/saintdieinfo\/wp-json\/wp\/v2\/posts\/87225","targetHints":{"allow":["GET"]}}],"collection":[{"href":"https:\/\/vosgesinfo.fr\/saintdieinfo\/wp-json\/wp\/v2\/posts"}],"about":[{"href":"https:\/\/vosgesinfo.fr\/saintdieinfo\/wp-json\/wp\/v2\/types\/post"}],"author":[{"embeddable":true,"href":"https:\/\/vosgesinfo.fr\/saintdieinfo\/wp-json\/wp\/v2\/users\/46"}],"replies":[{"embeddable":true,"href":"https:\/\/vosgesinfo.fr\/saintdieinfo\/wp-json\/wp\/v2\/comments?post=87225"}],"version-history":[{"count":2,"href":"https:\/\/vosgesinfo.fr\/saintdieinfo\/wp-json\/wp\/v2\/posts\/87225\/revisions"}],"predecessor-version":[{"id":87230,"href":"https:\/\/vosgesinfo.fr\/saintdieinfo\/wp-json\/wp\/v2\/posts\/87225\/revisions\/87230"}],"wp:featuredmedia":[{"embeddable":true,"href":"https:\/\/vosgesinfo.fr\/saintdieinfo\/wp-json\/wp\/v2\/media\/87226"}],"wp:attachment":[{"href":"https:\/\/vosgesinfo.fr\/saintdieinfo\/wp-json\/wp\/v2\/media?parent=87225"}],"wp:term":[{"taxonomy":"category","embeddable":true,"href":"https:\/\/vosgesinfo.fr\/saintdieinfo\/wp-json\/wp\/v2\/categories?post=87225"},{"taxonomy":"post_tag","embeddable":true,"href":"https:\/\/vosgesinfo.fr\/saintdieinfo\/wp-json\/wp\/v2\/tags?post=87225"}],"curies":[{"name":"wp","href":"https:\/\/api.w.org\/{rel}","templated":true}]}}