{"id":87231,"date":"2026-01-27T15:03:35","date_gmt":"2026-01-27T14:03:35","guid":{"rendered":"https:\/\/vosgesinfo.fr\/saintdieinfo\/?p=87231"},"modified":"2026-01-27T14:51:07","modified_gmt":"2026-01-27T13:51:07","slug":"repideodat-ouvre-une-permanence-mensuelle-a-kellermann","status":"publish","type":"post","link":"https:\/\/vosgesinfo.fr\/saintdieinfo\/2026\/01\/repideodat-ouvre-une-permanence-mensuelle-a-kellermann\/","title":{"rendered":"R\u00e9piD\u00e9odat ouvre une permanence mensuelle \u00e0 Kellermann"},"content":{"rendered":"<div id=\"attachment_87232\" style=\"width: 1034px\" class=\"wp-caption alignnone\"><a href=\"https:\/\/vosgesinfo.fr\/app\/uploads\/sites\/4\/2026\/01\/kafe-kellermann.jpg\"><img decoding=\"async\" aria-describedby=\"caption-attachment-87232\" class=\"size-large wp-image-87232\" src=\"https:\/\/vosgesinfo.fr\/app\/uploads\/sites\/4\/2026\/01\/kafe-kellermann-1024x680.jpg\" alt=\"\" width=\"1024\" height=\"680\" srcset=\"https:\/\/vosgesinfo.fr\/app\/uploads\/sites\/4\/2026\/01\/kafe-kellermann-1024x680.jpg 1024w, https:\/\/vosgesinfo.fr\/app\/uploads\/sites\/4\/2026\/01\/kafe-kellermann-300x199.jpg 300w, https:\/\/vosgesinfo.fr\/app\/uploads\/sites\/4\/2026\/01\/kafe-kellermann-768x510.jpg 768w, https:\/\/vosgesinfo.fr\/app\/uploads\/sites\/4\/2026\/01\/kafe-kellermann-1536x1019.jpg 1536w, https:\/\/vosgesinfo.fr\/app\/uploads\/sites\/4\/2026\/01\/kafe-kellermann.jpg 1552w\" sizes=\"(max-width: 1024px) 100vw, 1024px\" \/><\/a><p id=\"caption-attachment-87232\" class=\"wp-caption-text\">(Capture d&rsquo;\u00e9cran Google Maps)<\/p><\/div>\n<h2 data-start=\"56\" data-end=\"234\">La plateforme <strong data-start=\"70\" data-end=\"84\">R\u00e9piD\u00e9odat<\/strong> met en place une permanence \u00e0 la <strong data-start=\"118\" data-end=\"144\">Maison France Services<\/strong> de <strong data-start=\"148\" data-end=\"162\">Kellermann<\/strong> \u00e0 partir de <strong data-start=\"175\" data-end=\"186\">f\u00e9vrier<\/strong>, jusqu\u2019en <strong data-start=\"197\" data-end=\"211\">avril 2026<\/strong> dans un premier temps.<\/h2>\n<p data-start=\"56\" data-end=\"234\"><!--more--><\/p>\n<h3 data-start=\"236\" data-end=\"270\"><strong>Pour les aidants du territoire<\/strong><\/h3>\n<p data-start=\"271\" data-end=\"604\">R\u00e9piD\u00e9odat s\u2019adresse aux <strong data-start=\"296\" data-end=\"307\">aidants<\/strong>, c\u2019est-\u00e0-dire aux personnes qui accompagnent r\u00e9guli\u00e8rement un <strong data-start=\"370\" data-end=\"380\">proche<\/strong> au quotidien, en <strong data-start=\"398\" data-end=\"419\">perte d\u2019autonomie<\/strong> ou atteint d\u2019une maladie, quel que soit l\u2019\u00e2ge. L\u2019objectif est de les accompagner, de les soutenir et de leur proposer des <strong data-start=\"542\" data-end=\"564\">solutions de r\u00e9pit<\/strong> pour qu\u2019ils prennent du temps pour eux.<\/p>\n<h3 data-start=\"606\" data-end=\"651\"><strong>Une permanence le deuxi\u00e8me mardi de chaque mois<\/strong><\/h3>\n<p data-start=\"652\" data-end=\"959\">La permanence se tiendra les <strong data-start=\"681\" data-end=\"703\">deuxi\u00e8mes mardis du mois<\/strong>, de <strong data-start=\"708\" data-end=\"722\">9h \u00e0 12h30<\/strong>, \u00e0 la <strong data-start=\"729\" data-end=\"744\">Maison KAFE<\/strong>, <strong>(7 avenue Jean-Jaur\u00e8s)<\/strong>, Ces permanences visent \u00e0 faciliter l\u2019acc\u00e8s aux services et \u00e0 r\u00e9pondre aux questions, y compris \u00e0 celles des personnes que les aidants accompagnent.<\/p>\n<h3 data-start=\"961\" data-end=\"987\"><strong>Informations pratiques<\/strong><\/h3>\n<p data-start=\"988\" data-end=\"1105\">T\u00e9l\u00e9phone : <strong data-start=\"1000\" data-end=\"1018\">06-69-95-06-48<\/strong>. Courriel : <a href=\"mailto:m.thiriet@habitat-humanisme.org\" target=\"_blank\" rel=\"noopener\"><strong data-start=\"1031\" data-end=\"1066\">m.thiriet@habitat-humanisme.org<\/strong><\/a>. Site : <a href=\"https:\/\/www.soutenirlesaidants.fr\" target=\"_blank\" rel=\"noopener\"><strong data-start=\"1075\" data-end=\"1104\">www.soutenirlesaidants.fr.<\/strong><\/a><\/p>\n","protected":false},"excerpt":{"rendered":"<p>La plateforme R\u00e9piD\u00e9odat met en place une permanence \u00e0 la Maison France Services de Kellermann \u00e0 partir de f\u00e9vrier, jusqu\u2019en [&hellip;]<\/p>\n","protected":false},"author":46,"featured_media":87232,"comment_status":"open","ping_status":"open","sticky":false,"template":"","format":"standard","meta":{"footnotes":""},"categories":[3900,167],"tags":[19970,19969,19937,19967,19971,4179,11850,4562,19968,2881],"class_list":["post-87231","post","type-post","status-publish","format-standard","has-post-thumbnail","hentry","category-breves","category-saint-die-des-vosges","tag-77-communes","tag-aidants","tag-communaute-dagglomeration","tag-epideodat","tag-habitat-et-humanisme","tag-kellermann","tag-maison-france-services","tag-maison-kafe","tag-repit","tag-saint-die-des-vosges"],"acf":[],"yoast_head":"<!-- This site is optimized with the Yoast SEO plugin v22.5 - https:\/\/yoast.com\/wordpress\/plugins\/seo\/ -->\n<title>R\u00e9piD\u00e9odat ouvre une permanence mensuelle \u00e0 Kellermann - Saint Die Info<\/title>\n<meta name=\"robots\" content=\"index, follow, max-snippet:-1, max-image-preview:large, max-video-preview:-1\" \/>\n<link rel=\"canonical\" href=\"https:\/\/vosgesinfo.fr\/saintdieinfo\/2026\/01\/repideodat-ouvre-une-permanence-mensuelle-a-kellermann\/\" \/>\n<meta name=\"twitter:card\" content=\"summary_large_image\" \/>\n<meta name=\"twitter:title\" content=\"R\u00e9piD\u00e9odat ouvre une permanence mensuelle \u00e0 Kellermann - Saint Die Info\" \/>\n<meta name=\"twitter:description\" content=\"La plateforme R\u00e9piD\u00e9odat met en place une permanence \u00e0 la Maison France Services de Kellermann \u00e0 partir de f\u00e9vrier, jusqu\u2019en [&hellip;]\" \/>\n<meta name=\"twitter:image\" content=\"https:\/\/vosgesinfo.fr\/app\/uploads\/sites\/4\/2026\/01\/kafe-kellermann.jpg\" \/>\n<meta name=\"twitter:creator\" content=\"@VosgesInfo88\" \/>\n<meta name=\"twitter:site\" content=\"@VosgesInfo88\" \/>\n<meta name=\"twitter:label1\" content=\"\u00c9crit par\" \/>\n\t<meta name=\"twitter:data1\" content=\"J.J.\" \/>\n\t<meta name=\"twitter:label2\" content=\"Dur\u00e9e de lecture estim\u00e9e\" \/>\n\t<meta name=\"twitter:data2\" content=\"1 minute\" \/>\n<script type=\"application\/ld+json\" class=\"yoast-schema-graph\">{\"@context\":\"https:\/\/schema.org\",\"@graph\":[{\"@type\":\"Article\",\"@id\":\"https:\/\/vosgesinfo.fr\/saintdieinfo\/2026\/01\/repideodat-ouvre-une-permanence-mensuelle-a-kellermann\/#article\",\"isPartOf\":{\"@id\":\"https:\/\/vosgesinfo.fr\/saintdieinfo\/2026\/01\/repideodat-ouvre-une-permanence-mensuelle-a-kellermann\/\"},\"author\":{\"name\":\"J.J.\",\"@id\":\"https:\/\/vosgesinfo.fr\/saintdieinfo\/#\/schema\/person\/fa73e9f726d67bb88f46d5b7943cb572\"},\"headline\":\"R\u00e9piD\u00e9odat ouvre une permanence mensuelle \u00e0 Kellermann\",\"datePublished\":\"2026-01-27T14:03:35+00:00\",\"dateModified\":\"2026-01-27T13:51:07+00:00\",\"mainEntityOfPage\":{\"@id\":\"https:\/\/vosgesinfo.fr\/saintdieinfo\/2026\/01\/repideodat-ouvre-une-permanence-mensuelle-a-kellermann\/\"},\"wordCount\":182,\"commentCount\":0,\"publisher\":{\"@id\":\"https:\/\/vosgesinfo.fr\/saintdieinfo\/#organization\"},\"image\":{\"@id\":\"https:\/\/vosgesinfo.fr\/saintdieinfo\/2026\/01\/repideodat-ouvre-une-permanence-mensuelle-a-kellermann\/#primaryimage\"},\"thumbnailUrl\":\"https:\/\/vosgesinfo.fr\/app\/uploads\/sites\/4\/2026\/01\/kafe-kellermann.jpg\",\"keywords\":[\"77 communes\",\"aidants\",\"communaut\u00e9 d\u2019agglom\u00e9ration\",\"\u00e9piD\u00e9odat\",\"Habitat et Humanisme\",\"Kellermann\",\"Maison France Services\",\"Maison KAFE\",\"r\u00e9pit\",\"Saint-Di\u00e9-des-Vosges\"],\"articleSection\":[\"Br\u00e8ves\",\"Saint-Di\u00e9-des-Vosges\"],\"inLanguage\":\"fr-FR\",\"potentialAction\":[{\"@type\":\"CommentAction\",\"name\":\"Comment\",\"target\":[\"https:\/\/vosgesinfo.fr\/saintdieinfo\/2026\/01\/repideodat-ouvre-une-permanence-mensuelle-a-kellermann\/#respond\"]}]},{\"@type\":\"WebPage\",\"@id\":\"https:\/\/vosgesinfo.fr\/saintdieinfo\/2026\/01\/repideodat-ouvre-une-permanence-mensuelle-a-kellermann\/\",\"url\":\"https:\/\/vosgesinfo.fr\/saintdieinfo\/2026\/01\/repideodat-ouvre-une-permanence-mensuelle-a-kellermann\/\",\"name\":\"R\u00e9piD\u00e9odat ouvre une permanence mensuelle \u00e0 Kellermann - Saint Die Info\",\"isPartOf\":{\"@id\":\"https:\/\/vosgesinfo.fr\/saintdieinfo\/#website\"},\"primaryImageOfPage\":{\"@id\":\"https:\/\/vosgesinfo.fr\/saintdieinfo\/2026\/01\/repideodat-ouvre-une-permanence-mensuelle-a-kellermann\/#primaryimage\"},\"image\":{\"@id\":\"https:\/\/vosgesinfo.fr\/saintdieinfo\/2026\/01\/repideodat-ouvre-une-permanence-mensuelle-a-kellermann\/#primaryimage\"},\"thumbnailUrl\":\"https:\/\/vosgesinfo.fr\/app\/uploads\/sites\/4\/2026\/01\/kafe-kellermann.jpg\",\"datePublished\":\"2026-01-27T14:03:35+00:00\",\"dateModified\":\"2026-01-27T13:51:07+00:00\",\"breadcrumb\":{\"@id\":\"https:\/\/vosgesinfo.fr\/saintdieinfo\/2026\/01\/repideodat-ouvre-une-permanence-mensuelle-a-kellermann\/#breadcrumb\"},\"inLanguage\":\"fr-FR\",\"potentialAction\":[{\"@type\":\"ReadAction\",\"target\":[\"https:\/\/vosgesinfo.fr\/saintdieinfo\/2026\/01\/repideodat-ouvre-une-permanence-mensuelle-a-kellermann\/\"]}]},{\"@type\":\"ImageObject\",\"inLanguage\":\"fr-FR\",\"@id\":\"https:\/\/vosgesinfo.fr\/saintdieinfo\/2026\/01\/repideodat-ouvre-une-permanence-mensuelle-a-kellermann\/#primaryimage\",\"url\":\"https:\/\/vosgesinfo.fr\/app\/uploads\/sites\/4\/2026\/01\/kafe-kellermann.jpg\",\"contentUrl\":\"https:\/\/vosgesinfo.fr\/app\/uploads\/sites\/4\/2026\/01\/kafe-kellermann.jpg\",\"width\":1552,\"height\":1030,\"caption\":\"(Capture d'\u00e9cran Google Maps)\"},{\"@type\":\"BreadcrumbList\",\"@id\":\"https:\/\/vosgesinfo.fr\/saintdieinfo\/2026\/01\/repideodat-ouvre-une-permanence-mensuelle-a-kellermann\/#breadcrumb\",\"itemListElement\":[{\"@type\":\"ListItem\",\"position\":1,\"name\":\"Home\",\"item\":\"https:\/\/vosgesinfo.fr\/saintdieinfo\/\"},{\"@type\":\"ListItem\",\"position\":2,\"name\":\"R\u00e9piD\u00e9odat ouvre une permanence mensuelle \u00e0 Kellermann\"}]},{\"@type\":\"WebSite\",\"@id\":\"https:\/\/vosgesinfo.fr\/saintdieinfo\/#website\",\"url\":\"https:\/\/vosgesinfo.fr\/saintdieinfo\/\",\"name\":\"Saint Die Info\",\"description\":\"Toute l&#039;actualit\u00e9 de Saint-Di\u00e9-Des-Vosges\",\"publisher\":{\"@id\":\"https:\/\/vosgesinfo.fr\/saintdieinfo\/#organization\"},\"alternateName\":\"Toute l'actualit\u00e9 de Saint-Di\u00e9-Des-Vosges\",\"potentialAction\":[{\"@type\":\"SearchAction\",\"target\":{\"@type\":\"EntryPoint\",\"urlTemplate\":\"https:\/\/vosgesinfo.fr\/saintdieinfo\/?s={search_term_string}\"},\"query-input\":\"required name=search_term_string\"}],\"inLanguage\":\"fr-FR\"},{\"@type\":\"Organization\",\"@id\":\"https:\/\/vosgesinfo.fr\/saintdieinfo\/#organization\",\"name\":\"Saint Die Info\",\"url\":\"https:\/\/vosgesinfo.fr\/saintdieinfo\/\",\"logo\":{\"@type\":\"ImageObject\",\"inLanguage\":\"fr-FR\",\"@id\":\"https:\/\/vosgesinfo.fr\/saintdieinfo\/#\/schema\/logo\/image\/\",\"url\":\"https:\/\/vosgesinfo.fr\/app\/uploads\/sites\/4\/2024\/02\/logo-sdi.jpg\",\"contentUrl\":\"https:\/\/vosgesinfo.fr\/app\/uploads\/sites\/4\/2024\/02\/logo-sdi.jpg\",\"width\":600,\"height\":600,\"caption\":\"Saint Die Info\"},\"image\":{\"@id\":\"https:\/\/vosgesinfo.fr\/saintdieinfo\/#\/schema\/logo\/image\/\"},\"sameAs\":[\"https:\/\/www.facebook.com\/Saintdieinfofr\",\"https:\/\/x.com\/VosgesInfo88\",\"https:\/\/www.youtube.com\/@vosgesinfo\"]},{\"@type\":\"Person\",\"@id\":\"https:\/\/vosgesinfo.fr\/saintdieinfo\/#\/schema\/person\/fa73e9f726d67bb88f46d5b7943cb572\",\"name\":\"J.J.\",\"image\":{\"@type\":\"ImageObject\",\"inLanguage\":\"fr-FR\",\"@id\":\"https:\/\/vosgesinfo.fr\/saintdieinfo\/#\/schema\/person\/image\/\",\"url\":\"https:\/\/secure.gravatar.com\/avatar\/219e749e47ffbcca018a360ae4add7d4cdf1cdaaf8bc7676b27efade3fe65615?s=96&d=mm&r=g\",\"contentUrl\":\"https:\/\/secure.gravatar.com\/avatar\/219e749e47ffbcca018a360ae4add7d4cdf1cdaaf8bc7676b27efade3fe65615?s=96&d=mm&r=g\",\"caption\":\"J.J.\"},\"url\":\"https:\/\/vosgesinfo.fr\/saintdieinfo\/author\/j-j\/\"}]}<\/script>\n<!-- \/ Yoast SEO plugin. -->","yoast_head_json":{"title":"R\u00e9piD\u00e9odat ouvre une permanence mensuelle \u00e0 Kellermann - Saint Die Info","robots":{"index":"index","follow":"follow","max-snippet":"max-snippet:-1","max-image-preview":"max-image-preview:large","max-video-preview":"max-video-preview:-1"},"canonical":"https:\/\/vosgesinfo.fr\/saintdieinfo\/2026\/01\/repideodat-ouvre-une-permanence-mensuelle-a-kellermann\/","twitter_card":"summary_large_image","twitter_title":"R\u00e9piD\u00e9odat ouvre une permanence mensuelle \u00e0 Kellermann - Saint Die Info","twitter_description":"La plateforme R\u00e9piD\u00e9odat met en place une permanence \u00e0 la Maison France Services de Kellermann \u00e0 partir de f\u00e9vrier, jusqu\u2019en [&hellip;]","twitter_image":"https:\/\/vosgesinfo.fr\/app\/uploads\/sites\/4\/2026\/01\/kafe-kellermann.jpg","twitter_creator":"@VosgesInfo88","twitter_site":"@VosgesInfo88","twitter_misc":{"\u00c9crit par":"J.J.","Dur\u00e9e de lecture estim\u00e9e":"1 minute"},"schema":{"@context":"https:\/\/schema.org","@graph":[{"@type":"Article","@id":"https:\/\/vosgesinfo.fr\/saintdieinfo\/2026\/01\/repideodat-ouvre-une-permanence-mensuelle-a-kellermann\/#article","isPartOf":{"@id":"https:\/\/vosgesinfo.fr\/saintdieinfo\/2026\/01\/repideodat-ouvre-une-permanence-mensuelle-a-kellermann\/"},"author":{"name":"J.J.","@id":"https:\/\/vosgesinfo.fr\/saintdieinfo\/#\/schema\/person\/fa73e9f726d67bb88f46d5b7943cb572"},"headline":"R\u00e9piD\u00e9odat ouvre une permanence mensuelle \u00e0 Kellermann","datePublished":"2026-01-27T14:03:35+00:00","dateModified":"2026-01-27T13:51:07+00:00","mainEntityOfPage":{"@id":"https:\/\/vosgesinfo.fr\/saintdieinfo\/2026\/01\/repideodat-ouvre-une-permanence-mensuelle-a-kellermann\/"},"wordCount":182,"commentCount":0,"publisher":{"@id":"https:\/\/vosgesinfo.fr\/saintdieinfo\/#organization"},"image":{"@id":"https:\/\/vosgesinfo.fr\/saintdieinfo\/2026\/01\/repideodat-ouvre-une-permanence-mensuelle-a-kellermann\/#primaryimage"},"thumbnailUrl":"https:\/\/vosgesinfo.fr\/app\/uploads\/sites\/4\/2026\/01\/kafe-kellermann.jpg","keywords":["77 communes","aidants","communaut\u00e9 d\u2019agglom\u00e9ration","\u00e9piD\u00e9odat","Habitat et Humanisme","Kellermann","Maison France Services","Maison KAFE","r\u00e9pit","Saint-Di\u00e9-des-Vosges"],"articleSection":["Br\u00e8ves","Saint-Di\u00e9-des-Vosges"],"inLanguage":"fr-FR","potentialAction":[{"@type":"CommentAction","name":"Comment","target":["https:\/\/vosgesinfo.fr\/saintdieinfo\/2026\/01\/repideodat-ouvre-une-permanence-mensuelle-a-kellermann\/#respond"]}]},{"@type":"WebPage","@id":"https:\/\/vosgesinfo.fr\/saintdieinfo\/2026\/01\/repideodat-ouvre-une-permanence-mensuelle-a-kellermann\/","url":"https:\/\/vosgesinfo.fr\/saintdieinfo\/2026\/01\/repideodat-ouvre-une-permanence-mensuelle-a-kellermann\/","name":"R\u00e9piD\u00e9odat ouvre une permanence mensuelle \u00e0 Kellermann - Saint Die Info","isPartOf":{"@id":"https:\/\/vosgesinfo.fr\/saintdieinfo\/#website"},"primaryImageOfPage":{"@id":"https:\/\/vosgesinfo.fr\/saintdieinfo\/2026\/01\/repideodat-ouvre-une-permanence-mensuelle-a-kellermann\/#primaryimage"},"image":{"@id":"https:\/\/vosgesinfo.fr\/saintdieinfo\/2026\/01\/repideodat-ouvre-une-permanence-mensuelle-a-kellermann\/#primaryimage"},"thumbnailUrl":"https:\/\/vosgesinfo.fr\/app\/uploads\/sites\/4\/2026\/01\/kafe-kellermann.jpg","datePublished":"2026-01-27T14:03:35+00:00","dateModified":"2026-01-27T13:51:07+00:00","breadcrumb":{"@id":"https:\/\/vosgesinfo.fr\/saintdieinfo\/2026\/01\/repideodat-ouvre-une-permanence-mensuelle-a-kellermann\/#breadcrumb"},"inLanguage":"fr-FR","potentialAction":[{"@type":"ReadAction","target":["https:\/\/vosgesinfo.fr\/saintdieinfo\/2026\/01\/repideodat-ouvre-une-permanence-mensuelle-a-kellermann\/"]}]},{"@type":"ImageObject","inLanguage":"fr-FR","@id":"https:\/\/vosgesinfo.fr\/saintdieinfo\/2026\/01\/repideodat-ouvre-une-permanence-mensuelle-a-kellermann\/#primaryimage","url":"https:\/\/vosgesinfo.fr\/app\/uploads\/sites\/4\/2026\/01\/kafe-kellermann.jpg","contentUrl":"https:\/\/vosgesinfo.fr\/app\/uploads\/sites\/4\/2026\/01\/kafe-kellermann.jpg","width":1552,"height":1030,"caption":"(Capture d'\u00e9cran Google Maps)"},{"@type":"BreadcrumbList","@id":"https:\/\/vosgesinfo.fr\/saintdieinfo\/2026\/01\/repideodat-ouvre-une-permanence-mensuelle-a-kellermann\/#breadcrumb","itemListElement":[{"@type":"ListItem","position":1,"name":"Home","item":"https:\/\/vosgesinfo.fr\/saintdieinfo\/"},{"@type":"ListItem","position":2,"name":"R\u00e9piD\u00e9odat ouvre une permanence mensuelle \u00e0 Kellermann"}]},{"@type":"WebSite","@id":"https:\/\/vosgesinfo.fr\/saintdieinfo\/#website","url":"https:\/\/vosgesinfo.fr\/saintdieinfo\/","name":"Saint Die Info","description":"Toute l&#039;actualit\u00e9 de Saint-Di\u00e9-Des-Vosges","publisher":{"@id":"https:\/\/vosgesinfo.fr\/saintdieinfo\/#organization"},"alternateName":"Toute l'actualit\u00e9 de Saint-Di\u00e9-Des-Vosges","potentialAction":[{"@type":"SearchAction","target":{"@type":"EntryPoint","urlTemplate":"https:\/\/vosgesinfo.fr\/saintdieinfo\/?s={search_term_string}"},"query-input":"required name=search_term_string"}],"inLanguage":"fr-FR"},{"@type":"Organization","@id":"https:\/\/vosgesinfo.fr\/saintdieinfo\/#organization","name":"Saint Die Info","url":"https:\/\/vosgesinfo.fr\/saintdieinfo\/","logo":{"@type":"ImageObject","inLanguage":"fr-FR","@id":"https:\/\/vosgesinfo.fr\/saintdieinfo\/#\/schema\/logo\/image\/","url":"https:\/\/vosgesinfo.fr\/app\/uploads\/sites\/4\/2024\/02\/logo-sdi.jpg","contentUrl":"https:\/\/vosgesinfo.fr\/app\/uploads\/sites\/4\/2024\/02\/logo-sdi.jpg","width":600,"height":600,"caption":"Saint Die Info"},"image":{"@id":"https:\/\/vosgesinfo.fr\/saintdieinfo\/#\/schema\/logo\/image\/"},"sameAs":["https:\/\/www.facebook.com\/Saintdieinfofr","https:\/\/x.com\/VosgesInfo88","https:\/\/www.youtube.com\/@vosgesinfo"]},{"@type":"Person","@id":"https:\/\/vosgesinfo.fr\/saintdieinfo\/#\/schema\/person\/fa73e9f726d67bb88f46d5b7943cb572","name":"J.J.","image":{"@type":"ImageObject","inLanguage":"fr-FR","@id":"https:\/\/vosgesinfo.fr\/saintdieinfo\/#\/schema\/person\/image\/","url":"https:\/\/secure.gravatar.com\/avatar\/219e749e47ffbcca018a360ae4add7d4cdf1cdaaf8bc7676b27efade3fe65615?s=96&d=mm&r=g","contentUrl":"https:\/\/secure.gravatar.com\/avatar\/219e749e47ffbcca018a360ae4add7d4cdf1cdaaf8bc7676b27efade3fe65615?s=96&d=mm&r=g","caption":"J.J."},"url":"https:\/\/vosgesinfo.fr\/saintdieinfo\/author\/j-j\/"}]}},"_links":{"self":[{"href":"https:\/\/vosgesinfo.fr\/saintdieinfo\/wp-json\/wp\/v2\/posts\/87231","targetHints":{"allow":["GET"]}}],"collection":[{"href":"https:\/\/vosgesinfo.fr\/saintdieinfo\/wp-json\/wp\/v2\/posts"}],"about":[{"href":"https:\/\/vosgesinfo.fr\/saintdieinfo\/wp-json\/wp\/v2\/types\/post"}],"author":[{"embeddable":true,"href":"https:\/\/vosgesinfo.fr\/saintdieinfo\/wp-json\/wp\/v2\/users\/46"}],"replies":[{"embeddable":true,"href":"https:\/\/vosgesinfo.fr\/saintdieinfo\/wp-json\/wp\/v2\/comments?post=87231"}],"version-history":[{"count":2,"href":"https:\/\/vosgesinfo.fr\/saintdieinfo\/wp-json\/wp\/v2\/posts\/87231\/revisions"}],"predecessor-version":[{"id":87234,"href":"https:\/\/vosgesinfo.fr\/saintdieinfo\/wp-json\/wp\/v2\/posts\/87231\/revisions\/87234"}],"wp:featuredmedia":[{"embeddable":true,"href":"https:\/\/vosgesinfo.fr\/saintdieinfo\/wp-json\/wp\/v2\/media\/87232"}],"wp:attachment":[{"href":"https:\/\/vosgesinfo.fr\/saintdieinfo\/wp-json\/wp\/v2\/media?parent=87231"}],"wp:term":[{"taxonomy":"category","embeddable":true,"href":"https:\/\/vosgesinfo.fr\/saintdieinfo\/wp-json\/wp\/v2\/categories?post=87231"},{"taxonomy":"post_tag","embeddable":true,"href":"https:\/\/vosgesinfo.fr\/saintdieinfo\/wp-json\/wp\/v2\/tags?post=87231"}],"curies":[{"name":"wp","href":"https:\/\/api.w.org\/{rel}","templated":true}]}}