{"id":87236,"date":"2026-01-27T15:12:35","date_gmt":"2026-01-27T14:12:35","guid":{"rendered":"https:\/\/vosgesinfo.fr\/saintdieinfo\/?p=87236"},"modified":"2026-01-27T15:01:22","modified_gmt":"2026-01-27T14:01:22","slug":"jour-de-la-carte-le-festival-international-de-geographie-propose-deux-ateliers-a-la-boussole","status":"publish","type":"post","link":"https:\/\/vosgesinfo.fr\/saintdieinfo\/2026\/01\/jour-de-la-carte-le-festival-international-de-geographie-propose-deux-ateliers-a-la-boussole\/","title":{"rendered":"Jour de la Carte : le Festival International de G\u00e9ographie propose deux ateliers \u00e0 La Boussole"},"content":{"rendered":"<div id=\"attachment_65485\" style=\"width: 1034px\" class=\"wp-caption alignnone\"><a href=\"https:\/\/vosgesinfo.fr\/app\/uploads\/sites\/4\/2024\/08\/202304la-boussole-1.jpg\"><img decoding=\"async\" aria-describedby=\"caption-attachment-65485\" class=\"size-large wp-image-65485\" src=\"https:\/\/vosgesinfo.fr\/app\/uploads\/sites\/4\/2024\/08\/202304la-boussole-1-1024x771.jpg\" alt=\"\" width=\"1024\" height=\"771\" srcset=\"https:\/\/vosgesinfo.fr\/app\/uploads\/sites\/4\/2024\/08\/202304la-boussole-1-1024x771.jpg 1024w, https:\/\/vosgesinfo.fr\/app\/uploads\/sites\/4\/2024\/08\/202304la-boussole-1-300x226.jpg 300w, https:\/\/vosgesinfo.fr\/app\/uploads\/sites\/4\/2024\/08\/202304la-boussole-1-768x578.jpg 768w, https:\/\/vosgesinfo.fr\/app\/uploads\/sites\/4\/2024\/08\/202304la-boussole-1-1536x1157.jpg 1536w, https:\/\/vosgesinfo.fr\/app\/uploads\/sites\/4\/2024\/08\/202304la-boussole-1.jpg 1600w\" sizes=\"(max-width: 1024px) 100vw, 1024px\" \/><\/a><p id=\"caption-attachment-65485\" class=\"wp-caption-text\">(Archive)<\/p><\/div>\n<h2><strong>La R\u00e9publique des cartes<\/strong> d\u00e9fend un <strong>projet collectif, citoyen et culturel<\/strong> qui veut remettre la carte au centre du d\u00e9bat public. L\u2019id\u00e9e est d\u2019en faire un <strong>outil de d\u00e9mocratie, de transmission et de cr\u00e9ation<\/strong>, pour que chacun puisse s\u2019en emparer, regarder le monde autrement et contribuer \u00e0 r\u00e9fl\u00e9chir au <strong>devenir des territoires<\/strong>.<\/h2>\n<p><!--more--><\/p>\n<h3><strong>Une premi\u00e8re \u00e9dition du Jour de la Carte le 4 f\u00e9vrier<\/strong><\/h3>\n<p>Pour faire vivre cette d\u00e9marche, la R\u00e9publique des cartes lance la premi\u00e8re \u00e9dition du <strong>Jour de la Carte<\/strong>, mercredi 4 f\u00e9vrier, avec cette id\u00e9e simple : partout en France, les cartes \u00ab prennent le pouvoir \u00bb. \u00c0 <strong>Saint-Di\u00e9-des-Vosges<\/strong>, le <strong>Festival International de G\u00e9ographie \u2013 FIG \u2013<\/strong> s\u2019associe \u00e0 la journ\u00e9e, en partenariat avec <strong>La Boussole<\/strong>, pour mettre en avant la <strong>diffusion des savoirs g\u00e9ographiques<\/strong> et une g\u00e9ographie accessible au plus grand nombre.<\/p>\n<h3><strong>Deux ateliers pour d\u00e9couvrir la carte autrement \u00e0 La Boussole<\/strong><\/h3>\n<p>Pour les curieux, novices ou passionn\u00e9s de cartographie, <strong>deux ateliers de m\u00e9diation cartographique<\/strong> ouverts \u00e0 tous sont propos\u00e9s mercredi 4 f\u00e9vrier \u00e0 La Boussole. De quoi aborder la carte autrement : comme un <strong>outil de compr\u00e9hension du monde<\/strong>, mais aussi comme un <strong>levier de pouvoir d\u00e9mocratique<\/strong>, et comme un <strong>objet culturel, scientifique<\/strong>.<\/p>\n<h3><strong>Cartographie fantastique puis Les cartes qu\u2019il nous faut<\/strong><\/h3>\n<p>Le premier atelier, <strong>Cartographie fantastique<\/strong>, se d\u00e9roulera de <strong>14h30 \u00e0 16h<\/strong> \u00e0 l&rsquo;<strong>atrium<\/strong>. \u00c0 l\u2019aide de <strong>riz<\/strong>, de <strong>ficelles<\/strong> et de <strong>l\u2019imagination<\/strong>, chacun pourra cr\u00e9er sa propre carte fantastique. Il s\u2019adresse au public adulte et aux enfants accompagn\u00e9s, \u00e0 partir de <strong>8 ans<\/strong>.<\/p>\n<p>Le second atelier, <strong>Les cartes qu\u2019il nous faut<\/strong>, se tiendra de <strong>16h30 \u00e0 17h30<\/strong>, \u00e0 la <strong>salle Atelier<\/strong>. \u00ab Ces cartes existent, mais lesquelles manquent encore ? \u00bb L\u2019atelier propose de compl\u00e9ter, en groupe, une <strong>collection de cartes \u00e0 inventer<\/strong> en cr\u00e9ant la v\u00f4tre. Il est ouvert au public adulte et aux enfants accompagn\u00e9s, \u00e0 partir de <strong>7 ans<\/strong>.<\/p>\n<h3><strong>Modalit\u00e9s d&rsquo;inscription<\/strong><\/h3>\n<p>Pour s\u2019inscrire, il suffit de se pr\u00e9senter <strong>sur place<\/strong>, d\u2019appeler le <strong>03-29-51-60-40<\/strong> ou d\u2019envoyer un courriel \u00e0 <strong><a href=\"mailto:escales@ca-saintdie.fr\" target=\"_blank\" rel=\"noopener\">escales@ca-saintdie.fr<\/a><\/strong>.<\/p>\n<p><a href=\"https:\/\/vosgesinfo.fr\/app\/uploads\/sites\/4\/2026\/01\/fig-jour-de-la-carte.jpg\"><img decoding=\"async\" class=\"alignnone size-large wp-image-87238\" src=\"https:\/\/vosgesinfo.fr\/app\/uploads\/sites\/4\/2026\/01\/fig-jour-de-la-carte-1024x575.jpg\" alt=\"\" width=\"1024\" height=\"575\" srcset=\"https:\/\/vosgesinfo.fr\/app\/uploads\/sites\/4\/2026\/01\/fig-jour-de-la-carte-1024x575.jpg 1024w, https:\/\/vosgesinfo.fr\/app\/uploads\/sites\/4\/2026\/01\/fig-jour-de-la-carte-300x168.jpg 300w, https:\/\/vosgesinfo.fr\/app\/uploads\/sites\/4\/2026\/01\/fig-jour-de-la-carte-768x431.jpg 768w, https:\/\/vosgesinfo.fr\/app\/uploads\/sites\/4\/2026\/01\/fig-jour-de-la-carte-1536x863.jpg 1536w, https:\/\/vosgesinfo.fr\/app\/uploads\/sites\/4\/2026\/01\/fig-jour-de-la-carte.jpg 1909w\" sizes=\"(max-width: 1024px) 100vw, 1024px\" \/><\/a><\/p>\n","protected":false},"excerpt":{"rendered":"<p>La R\u00e9publique des cartes d\u00e9fend un projet collectif, citoyen et culturel qui veut remettre la carte au centre du d\u00e9bat [&hellip;]<\/p>\n","protected":false},"author":46,"featured_media":65485,"comment_status":"open","ping_status":"open","sticky":false,"template":"","format":"standard","meta":{"footnotes":""},"categories":[460,7847,167,2915,18],"tags":[320,19975,7373,3082,19976,19972,3027,19974,19973,2881],"class_list":["post-87236","post","type-post","status-publish","format-standard","has-post-thumbnail","hentry","category-a-la-une","category-art-culture","category-saint-die-des-vosges","category-saint-die-son-canton","category-vosges","tag-ateliers","tag-cartographie","tag-festival-international-de-geographie","tag-fig","tag-geographie","tag-jour-de-la-carte","tag-la-boussole","tag-mediation-cartographique","tag-republique-des-cartes","tag-saint-die-des-vosges"],"acf":[],"yoast_head":"<!-- This site is optimized with the Yoast SEO plugin v22.5 - https:\/\/yoast.com\/wordpress\/plugins\/seo\/ -->\n<title>Jour de la Carte : le Festival International de G\u00e9ographie propose deux ateliers \u00e0 La Boussole - Saint Die Info<\/title>\n<meta name=\"robots\" content=\"index, follow, max-snippet:-1, max-image-preview:large, max-video-preview:-1\" \/>\n<link rel=\"canonical\" href=\"https:\/\/vosgesinfo.fr\/saintdieinfo\/2026\/01\/jour-de-la-carte-le-festival-international-de-geographie-propose-deux-ateliers-a-la-boussole\/\" \/>\n<meta name=\"twitter:card\" content=\"summary_large_image\" \/>\n<meta name=\"twitter:title\" content=\"Jour de la Carte : le Festival International de G\u00e9ographie propose deux ateliers \u00e0 La Boussole - Saint Die Info\" \/>\n<meta name=\"twitter:description\" content=\"La R\u00e9publique des cartes d\u00e9fend un projet collectif, citoyen et culturel qui veut remettre la carte au centre du d\u00e9bat [&hellip;]\" \/>\n<meta name=\"twitter:image\" content=\"https:\/\/vosgesinfo.fr\/app\/uploads\/sites\/4\/2024\/08\/202304la-boussole-1.jpg\" \/>\n<meta name=\"twitter:creator\" content=\"@VosgesInfo88\" \/>\n<meta name=\"twitter:site\" content=\"@VosgesInfo88\" \/>\n<meta name=\"twitter:label1\" content=\"\u00c9crit par\" \/>\n\t<meta name=\"twitter:data1\" content=\"J.J.\" \/>\n\t<meta name=\"twitter:label2\" content=\"Dur\u00e9e de lecture estim\u00e9e\" \/>\n\t<meta name=\"twitter:data2\" content=\"1 minute\" \/>\n<script type=\"application\/ld+json\" class=\"yoast-schema-graph\">{\"@context\":\"https:\/\/schema.org\",\"@graph\":[{\"@type\":\"Article\",\"@id\":\"https:\/\/vosgesinfo.fr\/saintdieinfo\/2026\/01\/jour-de-la-carte-le-festival-international-de-geographie-propose-deux-ateliers-a-la-boussole\/#article\",\"isPartOf\":{\"@id\":\"https:\/\/vosgesinfo.fr\/saintdieinfo\/2026\/01\/jour-de-la-carte-le-festival-international-de-geographie-propose-deux-ateliers-a-la-boussole\/\"},\"author\":{\"name\":\"J.J.\",\"@id\":\"https:\/\/vosgesinfo.fr\/saintdieinfo\/#\/schema\/person\/fa73e9f726d67bb88f46d5b7943cb572\"},\"headline\":\"Jour de la Carte : le Festival International de G\u00e9ographie propose deux ateliers \u00e0 La Boussole\",\"datePublished\":\"2026-01-27T14:12:35+00:00\",\"dateModified\":\"2026-01-27T14:01:22+00:00\",\"mainEntityOfPage\":{\"@id\":\"https:\/\/vosgesinfo.fr\/saintdieinfo\/2026\/01\/jour-de-la-carte-le-festival-international-de-geographie-propose-deux-ateliers-a-la-boussole\/\"},\"wordCount\":377,\"commentCount\":0,\"publisher\":{\"@id\":\"https:\/\/vosgesinfo.fr\/saintdieinfo\/#organization\"},\"image\":{\"@id\":\"https:\/\/vosgesinfo.fr\/saintdieinfo\/2026\/01\/jour-de-la-carte-le-festival-international-de-geographie-propose-deux-ateliers-a-la-boussole\/#primaryimage\"},\"thumbnailUrl\":\"https:\/\/vosgesinfo.fr\/app\/uploads\/sites\/4\/2024\/08\/202304la-boussole-1.jpg\",\"keywords\":[\"ateliers\",\"cartographie\",\"Festival International de G\u00e9ographie\",\"FIG\",\"g\u00e9ographie\",\"Jour de la Carte\",\"La Boussole\",\"m\u00e9diation cartographique\",\"R\u00e9publique des cartes\",\"Saint-Di\u00e9-des-Vosges\"],\"articleSection\":[\"A la Une\",\"Culture\",\"Saint-Di\u00e9-des-Vosges\",\"Saint-Di\u00e9-des-Vosges et son Agglom\u00e9ration\",\"Vosges\"],\"inLanguage\":\"fr-FR\",\"potentialAction\":[{\"@type\":\"CommentAction\",\"name\":\"Comment\",\"target\":[\"https:\/\/vosgesinfo.fr\/saintdieinfo\/2026\/01\/jour-de-la-carte-le-festival-international-de-geographie-propose-deux-ateliers-a-la-boussole\/#respond\"]}]},{\"@type\":\"WebPage\",\"@id\":\"https:\/\/vosgesinfo.fr\/saintdieinfo\/2026\/01\/jour-de-la-carte-le-festival-international-de-geographie-propose-deux-ateliers-a-la-boussole\/\",\"url\":\"https:\/\/vosgesinfo.fr\/saintdieinfo\/2026\/01\/jour-de-la-carte-le-festival-international-de-geographie-propose-deux-ateliers-a-la-boussole\/\",\"name\":\"Jour de la Carte : le Festival International de G\u00e9ographie propose deux ateliers \u00e0 La Boussole - Saint Die Info\",\"isPartOf\":{\"@id\":\"https:\/\/vosgesinfo.fr\/saintdieinfo\/#website\"},\"primaryImageOfPage\":{\"@id\":\"https:\/\/vosgesinfo.fr\/saintdieinfo\/2026\/01\/jour-de-la-carte-le-festival-international-de-geographie-propose-deux-ateliers-a-la-boussole\/#primaryimage\"},\"image\":{\"@id\":\"https:\/\/vosgesinfo.fr\/saintdieinfo\/2026\/01\/jour-de-la-carte-le-festival-international-de-geographie-propose-deux-ateliers-a-la-boussole\/#primaryimage\"},\"thumbnailUrl\":\"https:\/\/vosgesinfo.fr\/app\/uploads\/sites\/4\/2024\/08\/202304la-boussole-1.jpg\",\"datePublished\":\"2026-01-27T14:12:35+00:00\",\"dateModified\":\"2026-01-27T14:01:22+00:00\",\"breadcrumb\":{\"@id\":\"https:\/\/vosgesinfo.fr\/saintdieinfo\/2026\/01\/jour-de-la-carte-le-festival-international-de-geographie-propose-deux-ateliers-a-la-boussole\/#breadcrumb\"},\"inLanguage\":\"fr-FR\",\"potentialAction\":[{\"@type\":\"ReadAction\",\"target\":[\"https:\/\/vosgesinfo.fr\/saintdieinfo\/2026\/01\/jour-de-la-carte-le-festival-international-de-geographie-propose-deux-ateliers-a-la-boussole\/\"]}]},{\"@type\":\"ImageObject\",\"inLanguage\":\"fr-FR\",\"@id\":\"https:\/\/vosgesinfo.fr\/saintdieinfo\/2026\/01\/jour-de-la-carte-le-festival-international-de-geographie-propose-deux-ateliers-a-la-boussole\/#primaryimage\",\"url\":\"https:\/\/vosgesinfo.fr\/app\/uploads\/sites\/4\/2024\/08\/202304la-boussole-1.jpg\",\"contentUrl\":\"https:\/\/vosgesinfo.fr\/app\/uploads\/sites\/4\/2024\/08\/202304la-boussole-1.jpg\",\"width\":1600,\"height\":1205,\"caption\":\"(Archive)\"},{\"@type\":\"BreadcrumbList\",\"@id\":\"https:\/\/vosgesinfo.fr\/saintdieinfo\/2026\/01\/jour-de-la-carte-le-festival-international-de-geographie-propose-deux-ateliers-a-la-boussole\/#breadcrumb\",\"itemListElement\":[{\"@type\":\"ListItem\",\"position\":1,\"name\":\"Home\",\"item\":\"https:\/\/vosgesinfo.fr\/saintdieinfo\/\"},{\"@type\":\"ListItem\",\"position\":2,\"name\":\"Jour de la Carte : le Festival International de G\u00e9ographie propose deux ateliers \u00e0 La Boussole\"}]},{\"@type\":\"WebSite\",\"@id\":\"https:\/\/vosgesinfo.fr\/saintdieinfo\/#website\",\"url\":\"https:\/\/vosgesinfo.fr\/saintdieinfo\/\",\"name\":\"Saint Die Info\",\"description\":\"Toute l&#039;actualit\u00e9 de Saint-Di\u00e9-Des-Vosges\",\"publisher\":{\"@id\":\"https:\/\/vosgesinfo.fr\/saintdieinfo\/#organization\"},\"alternateName\":\"Toute l'actualit\u00e9 de Saint-Di\u00e9-Des-Vosges\",\"potentialAction\":[{\"@type\":\"SearchAction\",\"target\":{\"@type\":\"EntryPoint\",\"urlTemplate\":\"https:\/\/vosgesinfo.fr\/saintdieinfo\/?s={search_term_string}\"},\"query-input\":\"required name=search_term_string\"}],\"inLanguage\":\"fr-FR\"},{\"@type\":\"Organization\",\"@id\":\"https:\/\/vosgesinfo.fr\/saintdieinfo\/#organization\",\"name\":\"Saint Die Info\",\"url\":\"https:\/\/vosgesinfo.fr\/saintdieinfo\/\",\"logo\":{\"@type\":\"ImageObject\",\"inLanguage\":\"fr-FR\",\"@id\":\"https:\/\/vosgesinfo.fr\/saintdieinfo\/#\/schema\/logo\/image\/\",\"url\":\"https:\/\/vosgesinfo.fr\/app\/uploads\/sites\/4\/2024\/02\/logo-sdi.jpg\",\"contentUrl\":\"https:\/\/vosgesinfo.fr\/app\/uploads\/sites\/4\/2024\/02\/logo-sdi.jpg\",\"width\":600,\"height\":600,\"caption\":\"Saint Die Info\"},\"image\":{\"@id\":\"https:\/\/vosgesinfo.fr\/saintdieinfo\/#\/schema\/logo\/image\/\"},\"sameAs\":[\"https:\/\/www.facebook.com\/Saintdieinfofr\",\"https:\/\/x.com\/VosgesInfo88\",\"https:\/\/www.youtube.com\/@vosgesinfo\"]},{\"@type\":\"Person\",\"@id\":\"https:\/\/vosgesinfo.fr\/saintdieinfo\/#\/schema\/person\/fa73e9f726d67bb88f46d5b7943cb572\",\"name\":\"J.J.\",\"image\":{\"@type\":\"ImageObject\",\"inLanguage\":\"fr-FR\",\"@id\":\"https:\/\/vosgesinfo.fr\/saintdieinfo\/#\/schema\/person\/image\/\",\"url\":\"https:\/\/secure.gravatar.com\/avatar\/219e749e47ffbcca018a360ae4add7d4cdf1cdaaf8bc7676b27efade3fe65615?s=96&d=mm&r=g\",\"contentUrl\":\"https:\/\/secure.gravatar.com\/avatar\/219e749e47ffbcca018a360ae4add7d4cdf1cdaaf8bc7676b27efade3fe65615?s=96&d=mm&r=g\",\"caption\":\"J.J.\"},\"url\":\"https:\/\/vosgesinfo.fr\/saintdieinfo\/author\/j-j\/\"}]}<\/script>\n<!-- \/ Yoast SEO plugin. -->","yoast_head_json":{"title":"Jour de la Carte : le Festival International de G\u00e9ographie propose deux ateliers \u00e0 La Boussole - Saint Die Info","robots":{"index":"index","follow":"follow","max-snippet":"max-snippet:-1","max-image-preview":"max-image-preview:large","max-video-preview":"max-video-preview:-1"},"canonical":"https:\/\/vosgesinfo.fr\/saintdieinfo\/2026\/01\/jour-de-la-carte-le-festival-international-de-geographie-propose-deux-ateliers-a-la-boussole\/","twitter_card":"summary_large_image","twitter_title":"Jour de la Carte : le Festival International de G\u00e9ographie propose deux ateliers \u00e0 La Boussole - Saint Die Info","twitter_description":"La R\u00e9publique des cartes d\u00e9fend un projet collectif, citoyen et culturel qui veut remettre la carte au centre du d\u00e9bat [&hellip;]","twitter_image":"https:\/\/vosgesinfo.fr\/app\/uploads\/sites\/4\/2024\/08\/202304la-boussole-1.jpg","twitter_creator":"@VosgesInfo88","twitter_site":"@VosgesInfo88","twitter_misc":{"\u00c9crit par":"J.J.","Dur\u00e9e de lecture estim\u00e9e":"1 minute"},"schema":{"@context":"https:\/\/schema.org","@graph":[{"@type":"Article","@id":"https:\/\/vosgesinfo.fr\/saintdieinfo\/2026\/01\/jour-de-la-carte-le-festival-international-de-geographie-propose-deux-ateliers-a-la-boussole\/#article","isPartOf":{"@id":"https:\/\/vosgesinfo.fr\/saintdieinfo\/2026\/01\/jour-de-la-carte-le-festival-international-de-geographie-propose-deux-ateliers-a-la-boussole\/"},"author":{"name":"J.J.","@id":"https:\/\/vosgesinfo.fr\/saintdieinfo\/#\/schema\/person\/fa73e9f726d67bb88f46d5b7943cb572"},"headline":"Jour de la Carte : le Festival International de G\u00e9ographie propose deux ateliers \u00e0 La Boussole","datePublished":"2026-01-27T14:12:35+00:00","dateModified":"2026-01-27T14:01:22+00:00","mainEntityOfPage":{"@id":"https:\/\/vosgesinfo.fr\/saintdieinfo\/2026\/01\/jour-de-la-carte-le-festival-international-de-geographie-propose-deux-ateliers-a-la-boussole\/"},"wordCount":377,"commentCount":0,"publisher":{"@id":"https:\/\/vosgesinfo.fr\/saintdieinfo\/#organization"},"image":{"@id":"https:\/\/vosgesinfo.fr\/saintdieinfo\/2026\/01\/jour-de-la-carte-le-festival-international-de-geographie-propose-deux-ateliers-a-la-boussole\/#primaryimage"},"thumbnailUrl":"https:\/\/vosgesinfo.fr\/app\/uploads\/sites\/4\/2024\/08\/202304la-boussole-1.jpg","keywords":["ateliers","cartographie","Festival International de G\u00e9ographie","FIG","g\u00e9ographie","Jour de la Carte","La Boussole","m\u00e9diation cartographique","R\u00e9publique des cartes","Saint-Di\u00e9-des-Vosges"],"articleSection":["A la Une","Culture","Saint-Di\u00e9-des-Vosges","Saint-Di\u00e9-des-Vosges et son Agglom\u00e9ration","Vosges"],"inLanguage":"fr-FR","potentialAction":[{"@type":"CommentAction","name":"Comment","target":["https:\/\/vosgesinfo.fr\/saintdieinfo\/2026\/01\/jour-de-la-carte-le-festival-international-de-geographie-propose-deux-ateliers-a-la-boussole\/#respond"]}]},{"@type":"WebPage","@id":"https:\/\/vosgesinfo.fr\/saintdieinfo\/2026\/01\/jour-de-la-carte-le-festival-international-de-geographie-propose-deux-ateliers-a-la-boussole\/","url":"https:\/\/vosgesinfo.fr\/saintdieinfo\/2026\/01\/jour-de-la-carte-le-festival-international-de-geographie-propose-deux-ateliers-a-la-boussole\/","name":"Jour de la Carte : le Festival International de G\u00e9ographie propose deux ateliers \u00e0 La Boussole - Saint Die Info","isPartOf":{"@id":"https:\/\/vosgesinfo.fr\/saintdieinfo\/#website"},"primaryImageOfPage":{"@id":"https:\/\/vosgesinfo.fr\/saintdieinfo\/2026\/01\/jour-de-la-carte-le-festival-international-de-geographie-propose-deux-ateliers-a-la-boussole\/#primaryimage"},"image":{"@id":"https:\/\/vosgesinfo.fr\/saintdieinfo\/2026\/01\/jour-de-la-carte-le-festival-international-de-geographie-propose-deux-ateliers-a-la-boussole\/#primaryimage"},"thumbnailUrl":"https:\/\/vosgesinfo.fr\/app\/uploads\/sites\/4\/2024\/08\/202304la-boussole-1.jpg","datePublished":"2026-01-27T14:12:35+00:00","dateModified":"2026-01-27T14:01:22+00:00","breadcrumb":{"@id":"https:\/\/vosgesinfo.fr\/saintdieinfo\/2026\/01\/jour-de-la-carte-le-festival-international-de-geographie-propose-deux-ateliers-a-la-boussole\/#breadcrumb"},"inLanguage":"fr-FR","potentialAction":[{"@type":"ReadAction","target":["https:\/\/vosgesinfo.fr\/saintdieinfo\/2026\/01\/jour-de-la-carte-le-festival-international-de-geographie-propose-deux-ateliers-a-la-boussole\/"]}]},{"@type":"ImageObject","inLanguage":"fr-FR","@id":"https:\/\/vosgesinfo.fr\/saintdieinfo\/2026\/01\/jour-de-la-carte-le-festival-international-de-geographie-propose-deux-ateliers-a-la-boussole\/#primaryimage","url":"https:\/\/vosgesinfo.fr\/app\/uploads\/sites\/4\/2024\/08\/202304la-boussole-1.jpg","contentUrl":"https:\/\/vosgesinfo.fr\/app\/uploads\/sites\/4\/2024\/08\/202304la-boussole-1.jpg","width":1600,"height":1205,"caption":"(Archive)"},{"@type":"BreadcrumbList","@id":"https:\/\/vosgesinfo.fr\/saintdieinfo\/2026\/01\/jour-de-la-carte-le-festival-international-de-geographie-propose-deux-ateliers-a-la-boussole\/#breadcrumb","itemListElement":[{"@type":"ListItem","position":1,"name":"Home","item":"https:\/\/vosgesinfo.fr\/saintdieinfo\/"},{"@type":"ListItem","position":2,"name":"Jour de la Carte : le Festival International de G\u00e9ographie propose deux ateliers \u00e0 La Boussole"}]},{"@type":"WebSite","@id":"https:\/\/vosgesinfo.fr\/saintdieinfo\/#website","url":"https:\/\/vosgesinfo.fr\/saintdieinfo\/","name":"Saint Die Info","description":"Toute l&#039;actualit\u00e9 de Saint-Di\u00e9-Des-Vosges","publisher":{"@id":"https:\/\/vosgesinfo.fr\/saintdieinfo\/#organization"},"alternateName":"Toute l'actualit\u00e9 de Saint-Di\u00e9-Des-Vosges","potentialAction":[{"@type":"SearchAction","target":{"@type":"EntryPoint","urlTemplate":"https:\/\/vosgesinfo.fr\/saintdieinfo\/?s={search_term_string}"},"query-input":"required name=search_term_string"}],"inLanguage":"fr-FR"},{"@type":"Organization","@id":"https:\/\/vosgesinfo.fr\/saintdieinfo\/#organization","name":"Saint Die Info","url":"https:\/\/vosgesinfo.fr\/saintdieinfo\/","logo":{"@type":"ImageObject","inLanguage":"fr-FR","@id":"https:\/\/vosgesinfo.fr\/saintdieinfo\/#\/schema\/logo\/image\/","url":"https:\/\/vosgesinfo.fr\/app\/uploads\/sites\/4\/2024\/02\/logo-sdi.jpg","contentUrl":"https:\/\/vosgesinfo.fr\/app\/uploads\/sites\/4\/2024\/02\/logo-sdi.jpg","width":600,"height":600,"caption":"Saint Die Info"},"image":{"@id":"https:\/\/vosgesinfo.fr\/saintdieinfo\/#\/schema\/logo\/image\/"},"sameAs":["https:\/\/www.facebook.com\/Saintdieinfofr","https:\/\/x.com\/VosgesInfo88","https:\/\/www.youtube.com\/@vosgesinfo"]},{"@type":"Person","@id":"https:\/\/vosgesinfo.fr\/saintdieinfo\/#\/schema\/person\/fa73e9f726d67bb88f46d5b7943cb572","name":"J.J.","image":{"@type":"ImageObject","inLanguage":"fr-FR","@id":"https:\/\/vosgesinfo.fr\/saintdieinfo\/#\/schema\/person\/image\/","url":"https:\/\/secure.gravatar.com\/avatar\/219e749e47ffbcca018a360ae4add7d4cdf1cdaaf8bc7676b27efade3fe65615?s=96&d=mm&r=g","contentUrl":"https:\/\/secure.gravatar.com\/avatar\/219e749e47ffbcca018a360ae4add7d4cdf1cdaaf8bc7676b27efade3fe65615?s=96&d=mm&r=g","caption":"J.J."},"url":"https:\/\/vosgesinfo.fr\/saintdieinfo\/author\/j-j\/"}]}},"_links":{"self":[{"href":"https:\/\/vosgesinfo.fr\/saintdieinfo\/wp-json\/wp\/v2\/posts\/87236","targetHints":{"allow":["GET"]}}],"collection":[{"href":"https:\/\/vosgesinfo.fr\/saintdieinfo\/wp-json\/wp\/v2\/posts"}],"about":[{"href":"https:\/\/vosgesinfo.fr\/saintdieinfo\/wp-json\/wp\/v2\/types\/post"}],"author":[{"embeddable":true,"href":"https:\/\/vosgesinfo.fr\/saintdieinfo\/wp-json\/wp\/v2\/users\/46"}],"replies":[{"embeddable":true,"href":"https:\/\/vosgesinfo.fr\/saintdieinfo\/wp-json\/wp\/v2\/comments?post=87236"}],"version-history":[{"count":2,"href":"https:\/\/vosgesinfo.fr\/saintdieinfo\/wp-json\/wp\/v2\/posts\/87236\/revisions"}],"predecessor-version":[{"id":87239,"href":"https:\/\/vosgesinfo.fr\/saintdieinfo\/wp-json\/wp\/v2\/posts\/87236\/revisions\/87239"}],"wp:featuredmedia":[{"embeddable":true,"href":"https:\/\/vosgesinfo.fr\/saintdieinfo\/wp-json\/wp\/v2\/media\/65485"}],"wp:attachment":[{"href":"https:\/\/vosgesinfo.fr\/saintdieinfo\/wp-json\/wp\/v2\/media?parent=87236"}],"wp:term":[{"taxonomy":"category","embeddable":true,"href":"https:\/\/vosgesinfo.fr\/saintdieinfo\/wp-json\/wp\/v2\/categories?post=87236"},{"taxonomy":"post_tag","embeddable":true,"href":"https:\/\/vosgesinfo.fr\/saintdieinfo\/wp-json\/wp\/v2\/tags?post=87236"}],"curies":[{"name":"wp","href":"https:\/\/api.w.org\/{rel}","templated":true}]}}