{"id":87241,"date":"2026-01-27T15:35:04","date_gmt":"2026-01-27T14:35:04","guid":{"rendered":"https:\/\/vosgesinfo.fr\/saintdieinfo\/2026\/01\/appel-a-candidatures-2026-les-bistrots-de-pays-recherchent-de-nouveaux-ambassadeurs-dans-les-vosges\/"},"modified":"2026-01-27T15:35:04","modified_gmt":"2026-01-27T14:35:04","slug":"appel-a-candidatures-2026-les-bistrots-de-pays-recherchent-de-nouveaux-ambassadeurs-dans-les-vosges","status":"publish","type":"post","link":"https:\/\/vosgesinfo.fr\/saintdieinfo\/2026\/01\/appel-a-candidatures-2026-les-bistrots-de-pays-recherchent-de-nouveaux-ambassadeurs-dans-les-vosges\/","title":{"rendered":"Appel \u00e0 candidatures 2026 : les Bistrots de Pays recherchent de nouveaux ambassadeurs dans les Vosges"},"content":{"rendered":"<h2 data-start=\"251\" data-end=\"558\"><strong><a href=\"https:\/\/vosgesinfo.fr\/app\/uploads\/sites\/3\/2025\/12\/bar.jpg\"><img decoding=\"async\" class=\"aligncenter size-large wp-image-138503\" src=\"https:\/\/vosgesinfo.fr\/app\/uploads\/sites\/3\/2025\/12\/bar-1024x576.jpg\" alt=\"\" width=\"1024\" height=\"576\" \/><\/a>Lieu de rencontres, de partage et de convivialit\u00e9, le bistrot de village joue un r\u00f4le central dans la vie rurale. Le label <em data-start=\"374\" data-end=\"391\">Bistrot de Pays<\/em> lance son appel \u00e0 candidatures pour l\u2019ann\u00e9e 2026 et invite les caf\u00e9s-restaurants des Vosges \u00e0 rejoindre un r\u00e9seau engag\u00e9 en faveur de la dynamisation des territoires.<\/strong><\/h2>\n<h3 data-start=\"560\" data-end=\"603\">Un engagement en faveur de la ruralit\u00e9<\/h3>\n<p data-start=\"605\" data-end=\"931\">Cr\u00e9\u00e9 il y a plus de 30 ans, le label <em data-start=\"642\" data-end=\"659\">Bistrot de Pays<\/em> accompagne les \u00e9tablissements situ\u00e9s en milieu rural afin de pr\u00e9server ces lieux de vie indispensables. V\u00e9ritables points d\u2019ancrage pour les habitants comme pour les visiteurs, les bistrots labellis\u00e9s participent activement \u00e0 l\u2019animation et \u00e0 l\u2019attractivit\u00e9 des villages.<\/p>\n<p data-start=\"933\" data-end=\"973\">Int\u00e9grer le r\u00e9seau permet notamment de :<\/p>\n<ul data-start=\"974\" data-end=\"1242\">\n<li data-start=\"974\" data-end=\"1047\">\n<p data-start=\"976\" data-end=\"1047\">renforcer sa visibilit\u00e9 gr\u00e2ce \u00e0 une communication nationale et locale ;<\/p>\n<\/li>\n<li data-start=\"1048\" data-end=\"1124\">\n<p data-start=\"1050\" data-end=\"1124\">b\u00e9n\u00e9ficier d\u2019un accompagnement personnalis\u00e9 pour d\u00e9velopper son activit\u00e9 ;<\/p>\n<\/li>\n<li data-start=\"1125\" data-end=\"1242\">\n<p data-start=\"1127\" data-end=\"1242\">rejoindre une communaut\u00e9 solidaire d\u2019\u00e9tablissements partageant les m\u00eames valeurs d\u2019authenticit\u00e9 et de convivialit\u00e9.<\/p>\n<\/li>\n<\/ul>\n<h4 data-start=\"1244\" data-end=\"1269\"><\/h4>\n<h3 data-start=\"1244\" data-end=\"1269\">Comment candidater ?<\/h3>\n<p data-start=\"1271\" data-end=\"1414\">Les \u00e9tablissements int\u00e9ress\u00e9s ont jusqu\u2019au <strong data-start=\"1314\" data-end=\"1331\">30 avril 2026<\/strong> pour d\u00e9poser leur dossier de candidature. La proc\u00e9dure est volontairement simple :<\/p>\n<ul data-start=\"1416\" data-end=\"1588\">\n<li data-start=\"1416\" data-end=\"1467\">\n<p data-start=\"1418\" data-end=\"1467\">compl\u00e9ter le formulaire de candidature en ligne ;<a href=\"https:\/\/www.bistrotdepays.com\/jexploite-deja-un-bistrot\"> https:\/\/www.bistrotdepays.com\/jexploite-deja-un-bistrot<\/a><\/p>\n<\/li>\n<li data-start=\"1468\" data-end=\"1588\">\n<p data-start=\"1470\" data-end=\"1588\">accueillir un audit de labellisation, men\u00e9 par un consultant sp\u00e9cialis\u00e9, dans un esprit d\u2019\u00e9change et de bienveillance.<\/p>\n<\/li>\n<\/ul>\n<h3 data-start=\"1590\" data-end=\"1647\"><\/h3>\n<h3 data-start=\"1590\" data-end=\"1647\">Trois \u00e9tablissements d\u00e9j\u00e0 labellis\u00e9s dans les Vosges<\/h3>\n<p data-start=\"1649\" data-end=\"1970\">Aujourd\u2019hui, les Vosges comptent trois <em data-start=\"1688\" data-end=\"1706\">Bistrots de Pays<\/em> reconnus : <strong data-start=\"1718\" data-end=\"1745\">Le Relais des B\u00fbcherons<\/strong> \u00e0 Liesey, <strong data-start=\"1756\" data-end=\"1776\">Chez les Fonfons<\/strong> \u00e0 Denipaire et <strong data-start=\"1792\" data-end=\"1819\">La Cuisine des Arrentes<\/strong> \u00e0 Arrentes-de-Courcieux. Ces \u00e9tablissements incarnent pleinement l\u2019esprit du label, en valorisant les produits locaux et en favorisant le lien social.<\/p>\n<p data-start=\"1972\" data-end=\"2174\">Avec cet appel \u00e0 candidatures, le label <em data-start=\"2012\" data-end=\"2029\">Bistrot de Pays<\/em> esp\u00e8re voir le r\u00e9seau s\u2019\u00e9toffer dans le d\u00e9partement et continuer \u00e0 faire vivre les villages vosgiens autour de lieux chaleureux et authentiques.<\/p>\n","protected":false},"excerpt":{"rendered":"<p>Lieu de rencontres, de partage et de convivialit\u00e9, le bistrot de village joue un r\u00f4le central dans la vie rurale. [&hellip;]<\/p>\n","protected":false},"author":52,"featured_media":87242,"comment_status":"open","ping_status":"open","sticky":false,"template":"","format":"standard","meta":{"footnotes":""},"categories":[460,5392,5391,5389,20,4099,4100,13],"tags":[],"class_list":["post-87241","post","type-post","status-publish","format-standard","has-post-thumbnail","hentry","category-a-la-une","category-epinal","category-gerardmer","category-la-plaine-des-vosges","category-loisirs","category-remiremont","category-saint-die","category-societe"],"acf":[],"yoast_head":"<!-- This site is optimized with the Yoast SEO plugin v22.5 - https:\/\/yoast.com\/wordpress\/plugins\/seo\/ -->\n<title>Appel \u00e0 candidatures 2026 : les Bistrots de Pays recherchent de nouveaux ambassadeurs dans les Vosges - Saint Die Info<\/title>\n<meta name=\"robots\" content=\"index, follow, max-snippet:-1, max-image-preview:large, max-video-preview:-1\" \/>\n<link rel=\"canonical\" href=\"https:\/\/vosgesinfo.fr\/saintdieinfo\/2026\/01\/appel-a-candidatures-2026-les-bistrots-de-pays-recherchent-de-nouveaux-ambassadeurs-dans-les-vosges\/\" \/>\n<meta name=\"twitter:card\" content=\"summary_large_image\" \/>\n<meta name=\"twitter:title\" content=\"Appel \u00e0 candidatures 2026 : les Bistrots de Pays recherchent de nouveaux ambassadeurs dans les Vosges - Saint Die Info\" \/>\n<meta name=\"twitter:description\" content=\"Lieu de rencontres, de partage et de convivialit\u00e9, le bistrot de village joue un r\u00f4le central dans la vie rurale. [&hellip;]\" \/>\n<meta name=\"twitter:image\" content=\"https:\/\/vosgesinfo.fr\/app\/uploads\/sites\/4\/2026\/01\/bar.jpg\" \/>\n<meta name=\"twitter:creator\" content=\"@VosgesInfo88\" \/>\n<meta name=\"twitter:site\" content=\"@VosgesInfo88\" \/>\n<meta name=\"twitter:label1\" content=\"\u00c9crit par\" \/>\n\t<meta name=\"twitter:data1\" content=\"C.K.\" \/>\n\t<meta name=\"twitter:label2\" content=\"Dur\u00e9e de lecture estim\u00e9e\" \/>\n\t<meta name=\"twitter:data2\" content=\"2 minutes\" \/>\n<script type=\"application\/ld+json\" class=\"yoast-schema-graph\">{\"@context\":\"https:\/\/schema.org\",\"@graph\":[{\"@type\":\"Article\",\"@id\":\"https:\/\/vosgesinfo.fr\/saintdieinfo\/2026\/01\/appel-a-candidatures-2026-les-bistrots-de-pays-recherchent-de-nouveaux-ambassadeurs-dans-les-vosges\/#article\",\"isPartOf\":{\"@id\":\"https:\/\/vosgesinfo.fr\/saintdieinfo\/2026\/01\/appel-a-candidatures-2026-les-bistrots-de-pays-recherchent-de-nouveaux-ambassadeurs-dans-les-vosges\/\"},\"author\":{\"name\":\"C.K.\",\"@id\":\"https:\/\/vosgesinfo.fr\/saintdieinfo\/#\/schema\/person\/6f9a650eeea99d969b6c4ab78fccbe81\"},\"headline\":\"Appel \u00e0 candidatures 2026 : les Bistrots de Pays recherchent de nouveaux ambassadeurs dans les Vosges\",\"datePublished\":\"2026-01-27T14:35:04+00:00\",\"dateModified\":\"2026-01-27T14:35:04+00:00\",\"mainEntityOfPage\":{\"@id\":\"https:\/\/vosgesinfo.fr\/saintdieinfo\/2026\/01\/appel-a-candidatures-2026-les-bistrots-de-pays-recherchent-de-nouveaux-ambassadeurs-dans-les-vosges\/\"},\"wordCount\":317,\"commentCount\":0,\"publisher\":{\"@id\":\"https:\/\/vosgesinfo.fr\/saintdieinfo\/#organization\"},\"image\":{\"@id\":\"https:\/\/vosgesinfo.fr\/saintdieinfo\/2026\/01\/appel-a-candidatures-2026-les-bistrots-de-pays-recherchent-de-nouveaux-ambassadeurs-dans-les-vosges\/#primaryimage\"},\"thumbnailUrl\":\"https:\/\/vosgesinfo.fr\/app\/uploads\/sites\/4\/2026\/01\/bar.jpg\",\"articleSection\":[\"A la Une\",\"Epinal\",\"Gerardmer\",\"La plaine des vosges\",\"Loisirs\",\"Remiremont\",\"Saint-di\u00e9\",\"Soci\u00e9t\u00e9\"],\"inLanguage\":\"fr-FR\",\"potentialAction\":[{\"@type\":\"CommentAction\",\"name\":\"Comment\",\"target\":[\"https:\/\/vosgesinfo.fr\/saintdieinfo\/2026\/01\/appel-a-candidatures-2026-les-bistrots-de-pays-recherchent-de-nouveaux-ambassadeurs-dans-les-vosges\/#respond\"]}]},{\"@type\":\"WebPage\",\"@id\":\"https:\/\/vosgesinfo.fr\/saintdieinfo\/2026\/01\/appel-a-candidatures-2026-les-bistrots-de-pays-recherchent-de-nouveaux-ambassadeurs-dans-les-vosges\/\",\"url\":\"https:\/\/vosgesinfo.fr\/saintdieinfo\/2026\/01\/appel-a-candidatures-2026-les-bistrots-de-pays-recherchent-de-nouveaux-ambassadeurs-dans-les-vosges\/\",\"name\":\"Appel \u00e0 candidatures 2026 : les Bistrots de Pays recherchent de nouveaux ambassadeurs dans les Vosges - Saint Die Info\",\"isPartOf\":{\"@id\":\"https:\/\/vosgesinfo.fr\/saintdieinfo\/#website\"},\"primaryImageOfPage\":{\"@id\":\"https:\/\/vosgesinfo.fr\/saintdieinfo\/2026\/01\/appel-a-candidatures-2026-les-bistrots-de-pays-recherchent-de-nouveaux-ambassadeurs-dans-les-vosges\/#primaryimage\"},\"image\":{\"@id\":\"https:\/\/vosgesinfo.fr\/saintdieinfo\/2026\/01\/appel-a-candidatures-2026-les-bistrots-de-pays-recherchent-de-nouveaux-ambassadeurs-dans-les-vosges\/#primaryimage\"},\"thumbnailUrl\":\"https:\/\/vosgesinfo.fr\/app\/uploads\/sites\/4\/2026\/01\/bar.jpg\",\"datePublished\":\"2026-01-27T14:35:04+00:00\",\"dateModified\":\"2026-01-27T14:35:04+00:00\",\"breadcrumb\":{\"@id\":\"https:\/\/vosgesinfo.fr\/saintdieinfo\/2026\/01\/appel-a-candidatures-2026-les-bistrots-de-pays-recherchent-de-nouveaux-ambassadeurs-dans-les-vosges\/#breadcrumb\"},\"inLanguage\":\"fr-FR\",\"potentialAction\":[{\"@type\":\"ReadAction\",\"target\":[\"https:\/\/vosgesinfo.fr\/saintdieinfo\/2026\/01\/appel-a-candidatures-2026-les-bistrots-de-pays-recherchent-de-nouveaux-ambassadeurs-dans-les-vosges\/\"]}]},{\"@type\":\"ImageObject\",\"inLanguage\":\"fr-FR\",\"@id\":\"https:\/\/vosgesinfo.fr\/saintdieinfo\/2026\/01\/appel-a-candidatures-2026-les-bistrots-de-pays-recherchent-de-nouveaux-ambassadeurs-dans-les-vosges\/#primaryimage\",\"url\":\"https:\/\/vosgesinfo.fr\/app\/uploads\/sites\/4\/2026\/01\/bar.jpg\",\"contentUrl\":\"https:\/\/vosgesinfo.fr\/app\/uploads\/sites\/4\/2026\/01\/bar.jpg\",\"width\":1280,\"height\":720},{\"@type\":\"BreadcrumbList\",\"@id\":\"https:\/\/vosgesinfo.fr\/saintdieinfo\/2026\/01\/appel-a-candidatures-2026-les-bistrots-de-pays-recherchent-de-nouveaux-ambassadeurs-dans-les-vosges\/#breadcrumb\",\"itemListElement\":[{\"@type\":\"ListItem\",\"position\":1,\"name\":\"Home\",\"item\":\"https:\/\/vosgesinfo.fr\/saintdieinfo\/\"},{\"@type\":\"ListItem\",\"position\":2,\"name\":\"Appel \u00e0 candidatures 2026 : les Bistrots de Pays recherchent de nouveaux ambassadeurs dans les Vosges\"}]},{\"@type\":\"WebSite\",\"@id\":\"https:\/\/vosgesinfo.fr\/saintdieinfo\/#website\",\"url\":\"https:\/\/vosgesinfo.fr\/saintdieinfo\/\",\"name\":\"Saint Die Info\",\"description\":\"Toute l&#039;actualit\u00e9 de Saint-Di\u00e9-Des-Vosges\",\"publisher\":{\"@id\":\"https:\/\/vosgesinfo.fr\/saintdieinfo\/#organization\"},\"alternateName\":\"Toute l'actualit\u00e9 de Saint-Di\u00e9-Des-Vosges\",\"potentialAction\":[{\"@type\":\"SearchAction\",\"target\":{\"@type\":\"EntryPoint\",\"urlTemplate\":\"https:\/\/vosgesinfo.fr\/saintdieinfo\/?s={search_term_string}\"},\"query-input\":\"required name=search_term_string\"}],\"inLanguage\":\"fr-FR\"},{\"@type\":\"Organization\",\"@id\":\"https:\/\/vosgesinfo.fr\/saintdieinfo\/#organization\",\"name\":\"Saint Die Info\",\"url\":\"https:\/\/vosgesinfo.fr\/saintdieinfo\/\",\"logo\":{\"@type\":\"ImageObject\",\"inLanguage\":\"fr-FR\",\"@id\":\"https:\/\/vosgesinfo.fr\/saintdieinfo\/#\/schema\/logo\/image\/\",\"url\":\"https:\/\/vosgesinfo.fr\/app\/uploads\/sites\/4\/2024\/02\/logo-sdi.jpg\",\"contentUrl\":\"https:\/\/vosgesinfo.fr\/app\/uploads\/sites\/4\/2024\/02\/logo-sdi.jpg\",\"width\":600,\"height\":600,\"caption\":\"Saint Die Info\"},\"image\":{\"@id\":\"https:\/\/vosgesinfo.fr\/saintdieinfo\/#\/schema\/logo\/image\/\"},\"sameAs\":[\"https:\/\/www.facebook.com\/Saintdieinfofr\",\"https:\/\/x.com\/VosgesInfo88\",\"https:\/\/www.youtube.com\/@vosgesinfo\"]},{\"@type\":\"Person\",\"@id\":\"https:\/\/vosgesinfo.fr\/saintdieinfo\/#\/schema\/person\/6f9a650eeea99d969b6c4ab78fccbe81\",\"name\":\"C.K.\",\"image\":{\"@type\":\"ImageObject\",\"inLanguage\":\"fr-FR\",\"@id\":\"https:\/\/vosgesinfo.fr\/saintdieinfo\/#\/schema\/person\/image\/\",\"url\":\"https:\/\/secure.gravatar.com\/avatar\/48e3fc7f8421ba8942be6b74a2b7f014ca39bc00dece156b7a8e098ae7dc87bf?s=96&d=mm&r=g\",\"contentUrl\":\"https:\/\/secure.gravatar.com\/avatar\/48e3fc7f8421ba8942be6b74a2b7f014ca39bc00dece156b7a8e098ae7dc87bf?s=96&d=mm&r=g\",\"caption\":\"C.K.\"},\"url\":\"https:\/\/vosgesinfo.fr\/saintdieinfo\/author\/celia-k-n\/\"}]}<\/script>\n<!-- \/ Yoast SEO plugin. -->","yoast_head_json":{"title":"Appel \u00e0 candidatures 2026 : les Bistrots de Pays recherchent de nouveaux ambassadeurs dans les Vosges - Saint Die Info","robots":{"index":"index","follow":"follow","max-snippet":"max-snippet:-1","max-image-preview":"max-image-preview:large","max-video-preview":"max-video-preview:-1"},"canonical":"https:\/\/vosgesinfo.fr\/saintdieinfo\/2026\/01\/appel-a-candidatures-2026-les-bistrots-de-pays-recherchent-de-nouveaux-ambassadeurs-dans-les-vosges\/","twitter_card":"summary_large_image","twitter_title":"Appel \u00e0 candidatures 2026 : les Bistrots de Pays recherchent de nouveaux ambassadeurs dans les Vosges - Saint Die Info","twitter_description":"Lieu de rencontres, de partage et de convivialit\u00e9, le bistrot de village joue un r\u00f4le central dans la vie rurale. [&hellip;]","twitter_image":"https:\/\/vosgesinfo.fr\/app\/uploads\/sites\/4\/2026\/01\/bar.jpg","twitter_creator":"@VosgesInfo88","twitter_site":"@VosgesInfo88","twitter_misc":{"\u00c9crit par":"C.K.","Dur\u00e9e de lecture estim\u00e9e":"2 minutes"},"schema":{"@context":"https:\/\/schema.org","@graph":[{"@type":"Article","@id":"https:\/\/vosgesinfo.fr\/saintdieinfo\/2026\/01\/appel-a-candidatures-2026-les-bistrots-de-pays-recherchent-de-nouveaux-ambassadeurs-dans-les-vosges\/#article","isPartOf":{"@id":"https:\/\/vosgesinfo.fr\/saintdieinfo\/2026\/01\/appel-a-candidatures-2026-les-bistrots-de-pays-recherchent-de-nouveaux-ambassadeurs-dans-les-vosges\/"},"author":{"name":"C.K.","@id":"https:\/\/vosgesinfo.fr\/saintdieinfo\/#\/schema\/person\/6f9a650eeea99d969b6c4ab78fccbe81"},"headline":"Appel \u00e0 candidatures 2026 : les Bistrots de Pays recherchent de nouveaux ambassadeurs dans les Vosges","datePublished":"2026-01-27T14:35:04+00:00","dateModified":"2026-01-27T14:35:04+00:00","mainEntityOfPage":{"@id":"https:\/\/vosgesinfo.fr\/saintdieinfo\/2026\/01\/appel-a-candidatures-2026-les-bistrots-de-pays-recherchent-de-nouveaux-ambassadeurs-dans-les-vosges\/"},"wordCount":317,"commentCount":0,"publisher":{"@id":"https:\/\/vosgesinfo.fr\/saintdieinfo\/#organization"},"image":{"@id":"https:\/\/vosgesinfo.fr\/saintdieinfo\/2026\/01\/appel-a-candidatures-2026-les-bistrots-de-pays-recherchent-de-nouveaux-ambassadeurs-dans-les-vosges\/#primaryimage"},"thumbnailUrl":"https:\/\/vosgesinfo.fr\/app\/uploads\/sites\/4\/2026\/01\/bar.jpg","articleSection":["A la Une","Epinal","Gerardmer","La plaine des vosges","Loisirs","Remiremont","Saint-di\u00e9","Soci\u00e9t\u00e9"],"inLanguage":"fr-FR","potentialAction":[{"@type":"CommentAction","name":"Comment","target":["https:\/\/vosgesinfo.fr\/saintdieinfo\/2026\/01\/appel-a-candidatures-2026-les-bistrots-de-pays-recherchent-de-nouveaux-ambassadeurs-dans-les-vosges\/#respond"]}]},{"@type":"WebPage","@id":"https:\/\/vosgesinfo.fr\/saintdieinfo\/2026\/01\/appel-a-candidatures-2026-les-bistrots-de-pays-recherchent-de-nouveaux-ambassadeurs-dans-les-vosges\/","url":"https:\/\/vosgesinfo.fr\/saintdieinfo\/2026\/01\/appel-a-candidatures-2026-les-bistrots-de-pays-recherchent-de-nouveaux-ambassadeurs-dans-les-vosges\/","name":"Appel \u00e0 candidatures 2026 : les Bistrots de Pays recherchent de nouveaux ambassadeurs dans les Vosges - Saint Die Info","isPartOf":{"@id":"https:\/\/vosgesinfo.fr\/saintdieinfo\/#website"},"primaryImageOfPage":{"@id":"https:\/\/vosgesinfo.fr\/saintdieinfo\/2026\/01\/appel-a-candidatures-2026-les-bistrots-de-pays-recherchent-de-nouveaux-ambassadeurs-dans-les-vosges\/#primaryimage"},"image":{"@id":"https:\/\/vosgesinfo.fr\/saintdieinfo\/2026\/01\/appel-a-candidatures-2026-les-bistrots-de-pays-recherchent-de-nouveaux-ambassadeurs-dans-les-vosges\/#primaryimage"},"thumbnailUrl":"https:\/\/vosgesinfo.fr\/app\/uploads\/sites\/4\/2026\/01\/bar.jpg","datePublished":"2026-01-27T14:35:04+00:00","dateModified":"2026-01-27T14:35:04+00:00","breadcrumb":{"@id":"https:\/\/vosgesinfo.fr\/saintdieinfo\/2026\/01\/appel-a-candidatures-2026-les-bistrots-de-pays-recherchent-de-nouveaux-ambassadeurs-dans-les-vosges\/#breadcrumb"},"inLanguage":"fr-FR","potentialAction":[{"@type":"ReadAction","target":["https:\/\/vosgesinfo.fr\/saintdieinfo\/2026\/01\/appel-a-candidatures-2026-les-bistrots-de-pays-recherchent-de-nouveaux-ambassadeurs-dans-les-vosges\/"]}]},{"@type":"ImageObject","inLanguage":"fr-FR","@id":"https:\/\/vosgesinfo.fr\/saintdieinfo\/2026\/01\/appel-a-candidatures-2026-les-bistrots-de-pays-recherchent-de-nouveaux-ambassadeurs-dans-les-vosges\/#primaryimage","url":"https:\/\/vosgesinfo.fr\/app\/uploads\/sites\/4\/2026\/01\/bar.jpg","contentUrl":"https:\/\/vosgesinfo.fr\/app\/uploads\/sites\/4\/2026\/01\/bar.jpg","width":1280,"height":720},{"@type":"BreadcrumbList","@id":"https:\/\/vosgesinfo.fr\/saintdieinfo\/2026\/01\/appel-a-candidatures-2026-les-bistrots-de-pays-recherchent-de-nouveaux-ambassadeurs-dans-les-vosges\/#breadcrumb","itemListElement":[{"@type":"ListItem","position":1,"name":"Home","item":"https:\/\/vosgesinfo.fr\/saintdieinfo\/"},{"@type":"ListItem","position":2,"name":"Appel \u00e0 candidatures 2026 : les Bistrots de Pays recherchent de nouveaux ambassadeurs dans les Vosges"}]},{"@type":"WebSite","@id":"https:\/\/vosgesinfo.fr\/saintdieinfo\/#website","url":"https:\/\/vosgesinfo.fr\/saintdieinfo\/","name":"Saint Die Info","description":"Toute l&#039;actualit\u00e9 de Saint-Di\u00e9-Des-Vosges","publisher":{"@id":"https:\/\/vosgesinfo.fr\/saintdieinfo\/#organization"},"alternateName":"Toute l'actualit\u00e9 de Saint-Di\u00e9-Des-Vosges","potentialAction":[{"@type":"SearchAction","target":{"@type":"EntryPoint","urlTemplate":"https:\/\/vosgesinfo.fr\/saintdieinfo\/?s={search_term_string}"},"query-input":"required name=search_term_string"}],"inLanguage":"fr-FR"},{"@type":"Organization","@id":"https:\/\/vosgesinfo.fr\/saintdieinfo\/#organization","name":"Saint Die Info","url":"https:\/\/vosgesinfo.fr\/saintdieinfo\/","logo":{"@type":"ImageObject","inLanguage":"fr-FR","@id":"https:\/\/vosgesinfo.fr\/saintdieinfo\/#\/schema\/logo\/image\/","url":"https:\/\/vosgesinfo.fr\/app\/uploads\/sites\/4\/2024\/02\/logo-sdi.jpg","contentUrl":"https:\/\/vosgesinfo.fr\/app\/uploads\/sites\/4\/2024\/02\/logo-sdi.jpg","width":600,"height":600,"caption":"Saint Die Info"},"image":{"@id":"https:\/\/vosgesinfo.fr\/saintdieinfo\/#\/schema\/logo\/image\/"},"sameAs":["https:\/\/www.facebook.com\/Saintdieinfofr","https:\/\/x.com\/VosgesInfo88","https:\/\/www.youtube.com\/@vosgesinfo"]},{"@type":"Person","@id":"https:\/\/vosgesinfo.fr\/saintdieinfo\/#\/schema\/person\/6f9a650eeea99d969b6c4ab78fccbe81","name":"C.K.","image":{"@type":"ImageObject","inLanguage":"fr-FR","@id":"https:\/\/vosgesinfo.fr\/saintdieinfo\/#\/schema\/person\/image\/","url":"https:\/\/secure.gravatar.com\/avatar\/48e3fc7f8421ba8942be6b74a2b7f014ca39bc00dece156b7a8e098ae7dc87bf?s=96&d=mm&r=g","contentUrl":"https:\/\/secure.gravatar.com\/avatar\/48e3fc7f8421ba8942be6b74a2b7f014ca39bc00dece156b7a8e098ae7dc87bf?s=96&d=mm&r=g","caption":"C.K."},"url":"https:\/\/vosgesinfo.fr\/saintdieinfo\/author\/celia-k-n\/"}]}},"_links":{"self":[{"href":"https:\/\/vosgesinfo.fr\/saintdieinfo\/wp-json\/wp\/v2\/posts\/87241","targetHints":{"allow":["GET"]}}],"collection":[{"href":"https:\/\/vosgesinfo.fr\/saintdieinfo\/wp-json\/wp\/v2\/posts"}],"about":[{"href":"https:\/\/vosgesinfo.fr\/saintdieinfo\/wp-json\/wp\/v2\/types\/post"}],"author":[{"embeddable":true,"href":"https:\/\/vosgesinfo.fr\/saintdieinfo\/wp-json\/wp\/v2\/users\/52"}],"replies":[{"embeddable":true,"href":"https:\/\/vosgesinfo.fr\/saintdieinfo\/wp-json\/wp\/v2\/comments?post=87241"}],"version-history":[{"count":0,"href":"https:\/\/vosgesinfo.fr\/saintdieinfo\/wp-json\/wp\/v2\/posts\/87241\/revisions"}],"wp:featuredmedia":[{"embeddable":true,"href":"https:\/\/vosgesinfo.fr\/saintdieinfo\/wp-json\/wp\/v2\/media\/87242"}],"wp:attachment":[{"href":"https:\/\/vosgesinfo.fr\/saintdieinfo\/wp-json\/wp\/v2\/media?parent=87241"}],"wp:term":[{"taxonomy":"category","embeddable":true,"href":"https:\/\/vosgesinfo.fr\/saintdieinfo\/wp-json\/wp\/v2\/categories?post=87241"},{"taxonomy":"post_tag","embeddable":true,"href":"https:\/\/vosgesinfo.fr\/saintdieinfo\/wp-json\/wp\/v2\/tags?post=87241"}],"curies":[{"name":"wp","href":"https:\/\/api.w.org\/{rel}","templated":true}]}}