{"id":87262,"date":"2026-01-28T09:43:43","date_gmt":"2026-01-28T08:43:43","guid":{"rendered":"https:\/\/vosgesinfo.fr\/saintdieinfo\/?p=87262"},"modified":"2026-01-28T09:39:33","modified_gmt":"2026-01-28T08:39:33","slug":"au-lycee-la-providence-les-escaliers-deviennent-supports-pedagogiques","status":"publish","type":"post","link":"https:\/\/vosgesinfo.fr\/saintdieinfo\/2026\/01\/au-lycee-la-providence-les-escaliers-deviennent-supports-pedagogiques\/","title":{"rendered":"Au lyc\u00e9e La Providence, les escaliers deviennent supports p\u00e9dagogiques"},"content":{"rendered":"<div id=\"attachment_87263\" style=\"width: 777px\" class=\"wp-caption alignnone\"><a href=\"https:\/\/vosgesinfo.fr\/app\/uploads\/sites\/4\/2026\/01\/marches-bac-pro-rpip-la-providence.png\"><img decoding=\"async\" aria-describedby=\"caption-attachment-87263\" class=\"size-large wp-image-87263\" src=\"https:\/\/vosgesinfo.fr\/app\/uploads\/sites\/4\/2026\/01\/marches-bac-pro-rpip-la-providence-767x1024.png\" alt=\"\" width=\"767\" height=\"1024\" srcset=\"https:\/\/vosgesinfo.fr\/app\/uploads\/sites\/4\/2026\/01\/marches-bac-pro-rpip-la-providence-767x1024.png 767w, https:\/\/vosgesinfo.fr\/app\/uploads\/sites\/4\/2026\/01\/marches-bac-pro-rpip-la-providence-225x300.png 225w, https:\/\/vosgesinfo.fr\/app\/uploads\/sites\/4\/2026\/01\/marches-bac-pro-rpip-la-providence-768x1025.png 768w, https:\/\/vosgesinfo.fr\/app\/uploads\/sites\/4\/2026\/01\/marches-bac-pro-rpip-la-providence.png 809w\" sizes=\"(max-width: 767px) 100vw, 767px\" \/><\/a><p id=\"caption-attachment-87263\" class=\"wp-caption-text\">(Photographies lyc\u00e9e La Providence)<\/p><\/div>\n<h2>Au <strong>lyc\u00e9e La Providence<\/strong> de <strong>Saint-Di\u00e9-des-Vosges<\/strong>, les \u00e9l\u00e8ves de <strong>1\u00e8re<\/strong> de la section <strong>R\u00e9alisation de Produits Imprim\u00e9s et Plurim\u00e9dia \u2013 RPIP \u2013<\/strong> ont r\u00e9alis\u00e9 une <strong>signal\u00e9tique<\/strong> sur les <strong>contre-marches<\/strong> des escaliers. Le projet poursuivait deux objectifs : mettre en valeur leurs comp\u00e9tences professionnelles et faire des circulations un <strong>support p\u00e9dagogique<\/strong>.<\/h2>\n<p><!--more--><\/p>\n<h3><strong>Du relev\u00e9 de cotes \u00e0 la pose<\/strong><\/h3>\n<p>Les lyc\u00e9ens ont travaill\u00e9 <strong>comme en entreprise<\/strong>. Ils ont d\u2019abord relev\u00e9 les <strong>mesures<\/strong> directement sur place, pour garantir une <strong>pose pr\u00e9cise et durable<\/strong>. Les informations ont ensuite \u00e9t\u00e9 saisies et les <strong>fichiers<\/strong> pr\u00e9par\u00e9s sur logiciel, avant la <strong>d\u00e9coupe du vinyle<\/strong> au <strong>plotter<\/strong>. Une fois la d\u00e9coupe effectu\u00e9e, les \u00e9l\u00e8ves ont proc\u00e9d\u00e9 \u00e0 l\u2019<strong>\u00e9chenillage<\/strong>, puis \u00e0 la pose des adh\u00e9sifs, avec un nettoyage et une v\u00e9rification finale.<\/p>\n<h3><strong>Des rep\u00e8res de m\u00e9tiers sur chaque vol\u00e9e<\/strong><\/h3>\n<p>Chaque <strong>vol\u00e9e d\u2019escalier<\/strong> a \u00e9t\u00e9 transform\u00e9e en <strong>support de transmission<\/strong>. Sur la vol\u00e9e consacr\u00e9e \u00e0 la <strong>section Photo<\/strong>, des dates et rep\u00e8res culturels jalonnent l\u2019<strong>histoire de la photographie<\/strong>, pour permettre aux \u00e9l\u00e8ves comme aux visiteurs de retracer l\u2019\u00e9volution du m\u00e9tier. La <strong>vol\u00e9e RPIP<\/strong> reprend le m\u00eame principe, avec des rep\u00e8res li\u00e9s aux proc\u00e9d\u00e9s d\u2019impression, au graphisme et au plurim\u00e9dia. De quoi faire des escaliers un <strong>outil de culture professionnelle<\/strong>, directement reli\u00e9 aux <strong>pratiques d\u2019entreprise<\/strong>, notamment en signal\u00e9tique, communication visuelle et am\u00e9nagement d\u2019espaces.<\/p>\n\n\t\t<style type=\"text\/css\">\n\t\t\t#gallery-1 {\n\t\t\t\tmargin: auto;\n\t\t\t}\n\t\t\t#gallery-1 .gallery-item {\n\t\t\t\tfloat: left;\n\t\t\t\tmargin-top: 10px;\n\t\t\t\ttext-align: center;\n\t\t\t\twidth: 33%;\n\t\t\t}\n\t\t\t#gallery-1 img {\n\t\t\t\tborder: 2px solid #cfcfcf;\n\t\t\t}\n\t\t\t#gallery-1 .gallery-caption {\n\t\t\t\tmargin-left: 0;\n\t\t\t}\n\t\t\t\/* see gallery_shortcode() in wp-includes\/media.php *\/\n\t\t<\/style>\n\t\t<div id='gallery-1' class='gallery galleryid-87262 gallery-columns-3 gallery-size-thumbnail'><dl class='gallery-item'>\n\t\t\t<dt class='gallery-icon portrait'>\n\t\t\t\t<a href='https:\/\/vosgesinfo.fr\/app\/uploads\/sites\/4\/2026\/01\/marches-bac-pro-rpip-la-providence-1.png'><img decoding=\"async\" width=\"150\" height=\"150\" src=\"https:\/\/vosgesinfo.fr\/app\/uploads\/sites\/4\/2026\/01\/marches-bac-pro-rpip-la-providence-1-150x150.png\" class=\"attachment-thumbnail size-thumbnail\" alt=\"\" \/><\/a>\n\t\t\t<\/dt><\/dl><dl class='gallery-item'>\n\t\t\t<dt class='gallery-icon portrait'>\n\t\t\t\t<a href='https:\/\/vosgesinfo.fr\/app\/uploads\/sites\/4\/2026\/01\/marches-bac-pro-rpip-la-providence-3.png'><img decoding=\"async\" width=\"150\" height=\"150\" src=\"https:\/\/vosgesinfo.fr\/app\/uploads\/sites\/4\/2026\/01\/marches-bac-pro-rpip-la-providence-3-150x150.png\" class=\"attachment-thumbnail size-thumbnail\" alt=\"\" \/><\/a>\n\t\t\t<\/dt><\/dl><dl class='gallery-item'>\n\t\t\t<dt class='gallery-icon portrait'>\n\t\t\t\t<a href='https:\/\/vosgesinfo.fr\/app\/uploads\/sites\/4\/2026\/01\/marches-bac-pro-rpip-la-providence-2.png'><img decoding=\"async\" width=\"150\" height=\"150\" src=\"https:\/\/vosgesinfo.fr\/app\/uploads\/sites\/4\/2026\/01\/marches-bac-pro-rpip-la-providence-2-150x150.png\" class=\"attachment-thumbnail size-thumbnail\" alt=\"\" \/><\/a>\n\t\t\t<\/dt><\/dl><br style=\"clear: both\" \/>\n\t\t<\/div>\n\n","protected":false},"excerpt":{"rendered":"<p>Au lyc\u00e9e La Providence de Saint-Di\u00e9-des-Vosges, les \u00e9l\u00e8ves de 1\u00e8re de la section R\u00e9alisation de Produits Imprim\u00e9s et Plurim\u00e9dia \u2013 [&hellip;]<\/p>\n","protected":false},"author":46,"featured_media":87267,"comment_status":"open","ping_status":"open","sticky":false,"template":"","format":"standard","meta":{"footnotes":""},"categories":[460,6,167],"tags":[19988,19982,19986,19983,19991,19990,19979,19985,19992,19987,19562,19980,2881,19989,19981,19984],"class_list":["post-87262","post","type-post","status-publish","format-standard","has-post-thumbnail","hentry","category-a-la-une","category-education","category-saint-die-des-vosges","tag-communication-visuelle","tag-contre-marches","tag-echenillage","tag-escaliers","tag-graphisme","tag-histoire-de-la-photographie","tag-lycee-la-providence","tag-plotter-de-decoupe","tag-plurimedia","tag-pose-dadhesifs","tag-realisation-de-produits-imprimes-et-plurimedia","tag-rpip","tag-saint-die-des-vosges","tag-section-photo","tag-signaletique","tag-vinyle"],"acf":[],"yoast_head":"<!-- This site is optimized with the Yoast SEO plugin v22.5 - https:\/\/yoast.com\/wordpress\/plugins\/seo\/ -->\n<title>Au lyc\u00e9e La Providence, les escaliers deviennent supports p\u00e9dagogiques - Saint Die Info<\/title>\n<meta name=\"robots\" content=\"index, follow, max-snippet:-1, max-image-preview:large, max-video-preview:-1\" \/>\n<link rel=\"canonical\" href=\"https:\/\/vosgesinfo.fr\/saintdieinfo\/2026\/01\/au-lycee-la-providence-les-escaliers-deviennent-supports-pedagogiques\/\" \/>\n<meta name=\"twitter:card\" content=\"summary_large_image\" \/>\n<meta name=\"twitter:title\" content=\"Au lyc\u00e9e La Providence, les escaliers deviennent supports p\u00e9dagogiques - Saint Die Info\" \/>\n<meta name=\"twitter:description\" content=\"Au lyc\u00e9e La Providence de Saint-Di\u00e9-des-Vosges, les \u00e9l\u00e8ves de 1\u00e8re de la section R\u00e9alisation de Produits Imprim\u00e9s et Plurim\u00e9dia \u2013 [&hellip;]\" \/>\n<meta name=\"twitter:image\" content=\"https:\/\/vosgesinfo.fr\/app\/uploads\/sites\/4\/2026\/01\/marches-bac-pro-rpip-la-providence-4.jpg\" \/>\n<meta name=\"twitter:creator\" content=\"@VosgesInfo88\" \/>\n<meta name=\"twitter:site\" content=\"@VosgesInfo88\" \/>\n<meta name=\"twitter:label1\" content=\"\u00c9crit par\" \/>\n\t<meta name=\"twitter:data1\" content=\"J.J.\" \/>\n\t<meta name=\"twitter:label2\" content=\"Dur\u00e9e de lecture estim\u00e9e\" \/>\n\t<meta name=\"twitter:data2\" content=\"1 minute\" \/>\n<script type=\"application\/ld+json\" class=\"yoast-schema-graph\">{\"@context\":\"https:\/\/schema.org\",\"@graph\":[{\"@type\":\"Article\",\"@id\":\"https:\/\/vosgesinfo.fr\/saintdieinfo\/2026\/01\/au-lycee-la-providence-les-escaliers-deviennent-supports-pedagogiques\/#article\",\"isPartOf\":{\"@id\":\"https:\/\/vosgesinfo.fr\/saintdieinfo\/2026\/01\/au-lycee-la-providence-les-escaliers-deviennent-supports-pedagogiques\/\"},\"author\":{\"name\":\"J.J.\",\"@id\":\"https:\/\/vosgesinfo.fr\/saintdieinfo\/#\/schema\/person\/fa73e9f726d67bb88f46d5b7943cb572\"},\"headline\":\"Au lyc\u00e9e La Providence, les escaliers deviennent supports p\u00e9dagogiques\",\"datePublished\":\"2026-01-28T08:43:43+00:00\",\"dateModified\":\"2026-01-28T08:39:33+00:00\",\"mainEntityOfPage\":{\"@id\":\"https:\/\/vosgesinfo.fr\/saintdieinfo\/2026\/01\/au-lycee-la-providence-les-escaliers-deviennent-supports-pedagogiques\/\"},\"wordCount\":280,\"commentCount\":0,\"publisher\":{\"@id\":\"https:\/\/vosgesinfo.fr\/saintdieinfo\/#organization\"},\"image\":{\"@id\":\"https:\/\/vosgesinfo.fr\/saintdieinfo\/2026\/01\/au-lycee-la-providence-les-escaliers-deviennent-supports-pedagogiques\/#primaryimage\"},\"thumbnailUrl\":\"https:\/\/vosgesinfo.fr\/app\/uploads\/sites\/4\/2026\/01\/marches-bac-pro-rpip-la-providence-4.jpg\",\"keywords\":[\"communication visuelle\",\"contre-marches\",\"\u00e9chenillage\",\"escaliers\",\"graphisme\",\"histoire de la photographie\",\"lyc\u00e9e La Providence\",\"plotter de d\u00e9coupe\",\"plurim\u00e9dia\",\"pose d\u2019adh\u00e9sifs\",\"R\u00e9alisation de produits imprim\u00e9s et plurim\u00e9dia\",\"RPIP\",\"Saint-Di\u00e9-des-Vosges\",\"section Photo\",\"signal\u00e9tique\",\"vinyle\"],\"articleSection\":[\"A la Une\",\"\u00c9ducation\",\"Saint-Di\u00e9-des-Vosges\"],\"inLanguage\":\"fr-FR\",\"potentialAction\":[{\"@type\":\"CommentAction\",\"name\":\"Comment\",\"target\":[\"https:\/\/vosgesinfo.fr\/saintdieinfo\/2026\/01\/au-lycee-la-providence-les-escaliers-deviennent-supports-pedagogiques\/#respond\"]}]},{\"@type\":\"WebPage\",\"@id\":\"https:\/\/vosgesinfo.fr\/saintdieinfo\/2026\/01\/au-lycee-la-providence-les-escaliers-deviennent-supports-pedagogiques\/\",\"url\":\"https:\/\/vosgesinfo.fr\/saintdieinfo\/2026\/01\/au-lycee-la-providence-les-escaliers-deviennent-supports-pedagogiques\/\",\"name\":\"Au lyc\u00e9e La Providence, les escaliers deviennent supports p\u00e9dagogiques - Saint Die Info\",\"isPartOf\":{\"@id\":\"https:\/\/vosgesinfo.fr\/saintdieinfo\/#website\"},\"primaryImageOfPage\":{\"@id\":\"https:\/\/vosgesinfo.fr\/saintdieinfo\/2026\/01\/au-lycee-la-providence-les-escaliers-deviennent-supports-pedagogiques\/#primaryimage\"},\"image\":{\"@id\":\"https:\/\/vosgesinfo.fr\/saintdieinfo\/2026\/01\/au-lycee-la-providence-les-escaliers-deviennent-supports-pedagogiques\/#primaryimage\"},\"thumbnailUrl\":\"https:\/\/vosgesinfo.fr\/app\/uploads\/sites\/4\/2026\/01\/marches-bac-pro-rpip-la-providence-4.jpg\",\"datePublished\":\"2026-01-28T08:43:43+00:00\",\"dateModified\":\"2026-01-28T08:39:33+00:00\",\"breadcrumb\":{\"@id\":\"https:\/\/vosgesinfo.fr\/saintdieinfo\/2026\/01\/au-lycee-la-providence-les-escaliers-deviennent-supports-pedagogiques\/#breadcrumb\"},\"inLanguage\":\"fr-FR\",\"potentialAction\":[{\"@type\":\"ReadAction\",\"target\":[\"https:\/\/vosgesinfo.fr\/saintdieinfo\/2026\/01\/au-lycee-la-providence-les-escaliers-deviennent-supports-pedagogiques\/\"]}]},{\"@type\":\"ImageObject\",\"inLanguage\":\"fr-FR\",\"@id\":\"https:\/\/vosgesinfo.fr\/saintdieinfo\/2026\/01\/au-lycee-la-providence-les-escaliers-deviennent-supports-pedagogiques\/#primaryimage\",\"url\":\"https:\/\/vosgesinfo.fr\/app\/uploads\/sites\/4\/2026\/01\/marches-bac-pro-rpip-la-providence-4.jpg\",\"contentUrl\":\"https:\/\/vosgesinfo.fr\/app\/uploads\/sites\/4\/2026\/01\/marches-bac-pro-rpip-la-providence-4.jpg\",\"width\":1446,\"height\":1021},{\"@type\":\"BreadcrumbList\",\"@id\":\"https:\/\/vosgesinfo.fr\/saintdieinfo\/2026\/01\/au-lycee-la-providence-les-escaliers-deviennent-supports-pedagogiques\/#breadcrumb\",\"itemListElement\":[{\"@type\":\"ListItem\",\"position\":1,\"name\":\"Home\",\"item\":\"https:\/\/vosgesinfo.fr\/saintdieinfo\/\"},{\"@type\":\"ListItem\",\"position\":2,\"name\":\"Au lyc\u00e9e La Providence, les escaliers deviennent supports p\u00e9dagogiques\"}]},{\"@type\":\"WebSite\",\"@id\":\"https:\/\/vosgesinfo.fr\/saintdieinfo\/#website\",\"url\":\"https:\/\/vosgesinfo.fr\/saintdieinfo\/\",\"name\":\"Saint Die Info\",\"description\":\"Toute l&#039;actualit\u00e9 de Saint-Di\u00e9-Des-Vosges\",\"publisher\":{\"@id\":\"https:\/\/vosgesinfo.fr\/saintdieinfo\/#organization\"},\"alternateName\":\"Toute l'actualit\u00e9 de Saint-Di\u00e9-Des-Vosges\",\"potentialAction\":[{\"@type\":\"SearchAction\",\"target\":{\"@type\":\"EntryPoint\",\"urlTemplate\":\"https:\/\/vosgesinfo.fr\/saintdieinfo\/?s={search_term_string}\"},\"query-input\":\"required name=search_term_string\"}],\"inLanguage\":\"fr-FR\"},{\"@type\":\"Organization\",\"@id\":\"https:\/\/vosgesinfo.fr\/saintdieinfo\/#organization\",\"name\":\"Saint Die Info\",\"url\":\"https:\/\/vosgesinfo.fr\/saintdieinfo\/\",\"logo\":{\"@type\":\"ImageObject\",\"inLanguage\":\"fr-FR\",\"@id\":\"https:\/\/vosgesinfo.fr\/saintdieinfo\/#\/schema\/logo\/image\/\",\"url\":\"https:\/\/vosgesinfo.fr\/app\/uploads\/sites\/4\/2024\/02\/logo-sdi.jpg\",\"contentUrl\":\"https:\/\/vosgesinfo.fr\/app\/uploads\/sites\/4\/2024\/02\/logo-sdi.jpg\",\"width\":600,\"height\":600,\"caption\":\"Saint Die Info\"},\"image\":{\"@id\":\"https:\/\/vosgesinfo.fr\/saintdieinfo\/#\/schema\/logo\/image\/\"},\"sameAs\":[\"https:\/\/www.facebook.com\/Saintdieinfofr\",\"https:\/\/x.com\/VosgesInfo88\",\"https:\/\/www.youtube.com\/@vosgesinfo\"]},{\"@type\":\"Person\",\"@id\":\"https:\/\/vosgesinfo.fr\/saintdieinfo\/#\/schema\/person\/fa73e9f726d67bb88f46d5b7943cb572\",\"name\":\"J.J.\",\"image\":{\"@type\":\"ImageObject\",\"inLanguage\":\"fr-FR\",\"@id\":\"https:\/\/vosgesinfo.fr\/saintdieinfo\/#\/schema\/person\/image\/\",\"url\":\"https:\/\/secure.gravatar.com\/avatar\/219e749e47ffbcca018a360ae4add7d4cdf1cdaaf8bc7676b27efade3fe65615?s=96&d=mm&r=g\",\"contentUrl\":\"https:\/\/secure.gravatar.com\/avatar\/219e749e47ffbcca018a360ae4add7d4cdf1cdaaf8bc7676b27efade3fe65615?s=96&d=mm&r=g\",\"caption\":\"J.J.\"},\"url\":\"https:\/\/vosgesinfo.fr\/saintdieinfo\/author\/j-j\/\"}]}<\/script>\n<!-- \/ Yoast SEO plugin. -->","yoast_head_json":{"title":"Au lyc\u00e9e La Providence, les escaliers deviennent supports p\u00e9dagogiques - Saint Die Info","robots":{"index":"index","follow":"follow","max-snippet":"max-snippet:-1","max-image-preview":"max-image-preview:large","max-video-preview":"max-video-preview:-1"},"canonical":"https:\/\/vosgesinfo.fr\/saintdieinfo\/2026\/01\/au-lycee-la-providence-les-escaliers-deviennent-supports-pedagogiques\/","twitter_card":"summary_large_image","twitter_title":"Au lyc\u00e9e La Providence, les escaliers deviennent supports p\u00e9dagogiques - Saint Die Info","twitter_description":"Au lyc\u00e9e La Providence de Saint-Di\u00e9-des-Vosges, les \u00e9l\u00e8ves de 1\u00e8re de la section R\u00e9alisation de Produits Imprim\u00e9s et Plurim\u00e9dia \u2013 [&hellip;]","twitter_image":"https:\/\/vosgesinfo.fr\/app\/uploads\/sites\/4\/2026\/01\/marches-bac-pro-rpip-la-providence-4.jpg","twitter_creator":"@VosgesInfo88","twitter_site":"@VosgesInfo88","twitter_misc":{"\u00c9crit par":"J.J.","Dur\u00e9e de lecture estim\u00e9e":"1 minute"},"schema":{"@context":"https:\/\/schema.org","@graph":[{"@type":"Article","@id":"https:\/\/vosgesinfo.fr\/saintdieinfo\/2026\/01\/au-lycee-la-providence-les-escaliers-deviennent-supports-pedagogiques\/#article","isPartOf":{"@id":"https:\/\/vosgesinfo.fr\/saintdieinfo\/2026\/01\/au-lycee-la-providence-les-escaliers-deviennent-supports-pedagogiques\/"},"author":{"name":"J.J.","@id":"https:\/\/vosgesinfo.fr\/saintdieinfo\/#\/schema\/person\/fa73e9f726d67bb88f46d5b7943cb572"},"headline":"Au lyc\u00e9e La Providence, les escaliers deviennent supports p\u00e9dagogiques","datePublished":"2026-01-28T08:43:43+00:00","dateModified":"2026-01-28T08:39:33+00:00","mainEntityOfPage":{"@id":"https:\/\/vosgesinfo.fr\/saintdieinfo\/2026\/01\/au-lycee-la-providence-les-escaliers-deviennent-supports-pedagogiques\/"},"wordCount":280,"commentCount":0,"publisher":{"@id":"https:\/\/vosgesinfo.fr\/saintdieinfo\/#organization"},"image":{"@id":"https:\/\/vosgesinfo.fr\/saintdieinfo\/2026\/01\/au-lycee-la-providence-les-escaliers-deviennent-supports-pedagogiques\/#primaryimage"},"thumbnailUrl":"https:\/\/vosgesinfo.fr\/app\/uploads\/sites\/4\/2026\/01\/marches-bac-pro-rpip-la-providence-4.jpg","keywords":["communication visuelle","contre-marches","\u00e9chenillage","escaliers","graphisme","histoire de la photographie","lyc\u00e9e La Providence","plotter de d\u00e9coupe","plurim\u00e9dia","pose d\u2019adh\u00e9sifs","R\u00e9alisation de produits imprim\u00e9s et plurim\u00e9dia","RPIP","Saint-Di\u00e9-des-Vosges","section Photo","signal\u00e9tique","vinyle"],"articleSection":["A la Une","\u00c9ducation","Saint-Di\u00e9-des-Vosges"],"inLanguage":"fr-FR","potentialAction":[{"@type":"CommentAction","name":"Comment","target":["https:\/\/vosgesinfo.fr\/saintdieinfo\/2026\/01\/au-lycee-la-providence-les-escaliers-deviennent-supports-pedagogiques\/#respond"]}]},{"@type":"WebPage","@id":"https:\/\/vosgesinfo.fr\/saintdieinfo\/2026\/01\/au-lycee-la-providence-les-escaliers-deviennent-supports-pedagogiques\/","url":"https:\/\/vosgesinfo.fr\/saintdieinfo\/2026\/01\/au-lycee-la-providence-les-escaliers-deviennent-supports-pedagogiques\/","name":"Au lyc\u00e9e La Providence, les escaliers deviennent supports p\u00e9dagogiques - Saint Die Info","isPartOf":{"@id":"https:\/\/vosgesinfo.fr\/saintdieinfo\/#website"},"primaryImageOfPage":{"@id":"https:\/\/vosgesinfo.fr\/saintdieinfo\/2026\/01\/au-lycee-la-providence-les-escaliers-deviennent-supports-pedagogiques\/#primaryimage"},"image":{"@id":"https:\/\/vosgesinfo.fr\/saintdieinfo\/2026\/01\/au-lycee-la-providence-les-escaliers-deviennent-supports-pedagogiques\/#primaryimage"},"thumbnailUrl":"https:\/\/vosgesinfo.fr\/app\/uploads\/sites\/4\/2026\/01\/marches-bac-pro-rpip-la-providence-4.jpg","datePublished":"2026-01-28T08:43:43+00:00","dateModified":"2026-01-28T08:39:33+00:00","breadcrumb":{"@id":"https:\/\/vosgesinfo.fr\/saintdieinfo\/2026\/01\/au-lycee-la-providence-les-escaliers-deviennent-supports-pedagogiques\/#breadcrumb"},"inLanguage":"fr-FR","potentialAction":[{"@type":"ReadAction","target":["https:\/\/vosgesinfo.fr\/saintdieinfo\/2026\/01\/au-lycee-la-providence-les-escaliers-deviennent-supports-pedagogiques\/"]}]},{"@type":"ImageObject","inLanguage":"fr-FR","@id":"https:\/\/vosgesinfo.fr\/saintdieinfo\/2026\/01\/au-lycee-la-providence-les-escaliers-deviennent-supports-pedagogiques\/#primaryimage","url":"https:\/\/vosgesinfo.fr\/app\/uploads\/sites\/4\/2026\/01\/marches-bac-pro-rpip-la-providence-4.jpg","contentUrl":"https:\/\/vosgesinfo.fr\/app\/uploads\/sites\/4\/2026\/01\/marches-bac-pro-rpip-la-providence-4.jpg","width":1446,"height":1021},{"@type":"BreadcrumbList","@id":"https:\/\/vosgesinfo.fr\/saintdieinfo\/2026\/01\/au-lycee-la-providence-les-escaliers-deviennent-supports-pedagogiques\/#breadcrumb","itemListElement":[{"@type":"ListItem","position":1,"name":"Home","item":"https:\/\/vosgesinfo.fr\/saintdieinfo\/"},{"@type":"ListItem","position":2,"name":"Au lyc\u00e9e La Providence, les escaliers deviennent supports p\u00e9dagogiques"}]},{"@type":"WebSite","@id":"https:\/\/vosgesinfo.fr\/saintdieinfo\/#website","url":"https:\/\/vosgesinfo.fr\/saintdieinfo\/","name":"Saint Die Info","description":"Toute l&#039;actualit\u00e9 de Saint-Di\u00e9-Des-Vosges","publisher":{"@id":"https:\/\/vosgesinfo.fr\/saintdieinfo\/#organization"},"alternateName":"Toute l'actualit\u00e9 de Saint-Di\u00e9-Des-Vosges","potentialAction":[{"@type":"SearchAction","target":{"@type":"EntryPoint","urlTemplate":"https:\/\/vosgesinfo.fr\/saintdieinfo\/?s={search_term_string}"},"query-input":"required name=search_term_string"}],"inLanguage":"fr-FR"},{"@type":"Organization","@id":"https:\/\/vosgesinfo.fr\/saintdieinfo\/#organization","name":"Saint Die Info","url":"https:\/\/vosgesinfo.fr\/saintdieinfo\/","logo":{"@type":"ImageObject","inLanguage":"fr-FR","@id":"https:\/\/vosgesinfo.fr\/saintdieinfo\/#\/schema\/logo\/image\/","url":"https:\/\/vosgesinfo.fr\/app\/uploads\/sites\/4\/2024\/02\/logo-sdi.jpg","contentUrl":"https:\/\/vosgesinfo.fr\/app\/uploads\/sites\/4\/2024\/02\/logo-sdi.jpg","width":600,"height":600,"caption":"Saint Die Info"},"image":{"@id":"https:\/\/vosgesinfo.fr\/saintdieinfo\/#\/schema\/logo\/image\/"},"sameAs":["https:\/\/www.facebook.com\/Saintdieinfofr","https:\/\/x.com\/VosgesInfo88","https:\/\/www.youtube.com\/@vosgesinfo"]},{"@type":"Person","@id":"https:\/\/vosgesinfo.fr\/saintdieinfo\/#\/schema\/person\/fa73e9f726d67bb88f46d5b7943cb572","name":"J.J.","image":{"@type":"ImageObject","inLanguage":"fr-FR","@id":"https:\/\/vosgesinfo.fr\/saintdieinfo\/#\/schema\/person\/image\/","url":"https:\/\/secure.gravatar.com\/avatar\/219e749e47ffbcca018a360ae4add7d4cdf1cdaaf8bc7676b27efade3fe65615?s=96&d=mm&r=g","contentUrl":"https:\/\/secure.gravatar.com\/avatar\/219e749e47ffbcca018a360ae4add7d4cdf1cdaaf8bc7676b27efade3fe65615?s=96&d=mm&r=g","caption":"J.J."},"url":"https:\/\/vosgesinfo.fr\/saintdieinfo\/author\/j-j\/"}]}},"_links":{"self":[{"href":"https:\/\/vosgesinfo.fr\/saintdieinfo\/wp-json\/wp\/v2\/posts\/87262","targetHints":{"allow":["GET"]}}],"collection":[{"href":"https:\/\/vosgesinfo.fr\/saintdieinfo\/wp-json\/wp\/v2\/posts"}],"about":[{"href":"https:\/\/vosgesinfo.fr\/saintdieinfo\/wp-json\/wp\/v2\/types\/post"}],"author":[{"embeddable":true,"href":"https:\/\/vosgesinfo.fr\/saintdieinfo\/wp-json\/wp\/v2\/users\/46"}],"replies":[{"embeddable":true,"href":"https:\/\/vosgesinfo.fr\/saintdieinfo\/wp-json\/wp\/v2\/comments?post=87262"}],"version-history":[{"count":1,"href":"https:\/\/vosgesinfo.fr\/saintdieinfo\/wp-json\/wp\/v2\/posts\/87262\/revisions"}],"predecessor-version":[{"id":87278,"href":"https:\/\/vosgesinfo.fr\/saintdieinfo\/wp-json\/wp\/v2\/posts\/87262\/revisions\/87278"}],"wp:featuredmedia":[{"embeddable":true,"href":"https:\/\/vosgesinfo.fr\/saintdieinfo\/wp-json\/wp\/v2\/media\/87267"}],"wp:attachment":[{"href":"https:\/\/vosgesinfo.fr\/saintdieinfo\/wp-json\/wp\/v2\/media?parent=87262"}],"wp:term":[{"taxonomy":"category","embeddable":true,"href":"https:\/\/vosgesinfo.fr\/saintdieinfo\/wp-json\/wp\/v2\/categories?post=87262"},{"taxonomy":"post_tag","embeddable":true,"href":"https:\/\/vosgesinfo.fr\/saintdieinfo\/wp-json\/wp\/v2\/tags?post=87262"}],"curies":[{"name":"wp","href":"https:\/\/api.w.org\/{rel}","templated":true}]}}