{"id":87284,"date":"2026-01-28T11:12:02","date_gmt":"2026-01-28T10:12:02","guid":{"rendered":"https:\/\/vosgesinfo.fr\/saintdieinfo\/?p=87284"},"modified":"2026-01-28T11:06:14","modified_gmt":"2026-01-28T10:06:14","slug":"le-departement-des-vosges-en-vigilance-jaune-neige-verglas","status":"publish","type":"post","link":"https:\/\/vosgesinfo.fr\/saintdieinfo\/2026\/01\/le-departement-des-vosges-en-vigilance-jaune-neige-verglas\/","title":{"rendered":"Le d\u00e9partement des Vosges en vigilance jaune neige-verglas"},"content":{"rendered":"<div id=\"attachment_86492\" style=\"width: 810px\" class=\"wp-caption alignnone\"><a href=\"https:\/\/vosgesinfo.fr\/app\/uploads\/sites\/4\/2026\/01\/verglas1.jpg\"><img decoding=\"async\" aria-describedby=\"caption-attachment-86492\" class=\"size-full wp-image-86492\" src=\"https:\/\/vosgesinfo.fr\/app\/uploads\/sites\/4\/2026\/01\/verglas1.jpg\" alt=\"\" width=\"800\" height=\"533\" srcset=\"https:\/\/vosgesinfo.fr\/app\/uploads\/sites\/4\/2026\/01\/verglas1.jpg 800w, https:\/\/vosgesinfo.fr\/app\/uploads\/sites\/4\/2026\/01\/verglas1-300x200.jpg 300w, https:\/\/vosgesinfo.fr\/app\/uploads\/sites\/4\/2026\/01\/verglas1-768x512.jpg 768w\" sizes=\"(max-width: 800px) 100vw, 800px\" \/><\/a><p id=\"caption-attachment-86492\" class=\"wp-caption-text\">(Illustration)<\/p><\/div>\n<h2>Le d\u00e9partement des <strong data-start=\"19\" data-end=\"29\">Vosges<\/strong> est plac\u00e9 en <strong data-start=\"43\" data-end=\"76\">vigilance jaune neige-verglas<\/strong> par <strong data-start=\"153\" data-end=\"169\">M\u00e9t\u00e9o-France<\/strong>, ce <strong data-start=\"80\" data-end=\"103\">mercredi 28 janvier<\/strong> de <strong data-start=\"108\" data-end=\"117\">18h00<\/strong> jusqu\u2019\u00e0 <strong data-start=\"126\" data-end=\"147\">jeudi matin 10h00<\/strong>,<\/h2>\n<p><!--more--><\/p>\n<h3><strong>Neige possible d\u00e8s 200 \u00e0 300 m\u00e8tres<\/strong><\/h3>\n<p>En soir\u00e9e, l\u2019<strong>arriv\u00e9e d\u2019air froid<\/strong> entra\u00eenera une baisse de la <strong>limite pluie-neige<\/strong>. Des <strong>flocons<\/strong> pourront \u00eatre observ\u00e9s \u00e0 <strong>basse altitude<\/strong>, jusqu\u2019\u00e0 <strong>300 m\u00e8tres<\/strong>, voire temporairement <strong>200 m\u00e8tres<\/strong> autour du <strong>relief vosgien<\/strong>.<\/p>\n<h3><strong>Cumuls attendus sur le massif et autour d\u2019\u00c9pinal<\/strong><\/h3>\n<p>Sur le massif des Vosges, les cumuls attendus sont faibles \u00e0 mod\u00e9r\u00e9s, avec <strong>5 \u00e0 10 centim\u00e8tres<\/strong> au-dessus de <strong>700 m\u00e8tres<\/strong>, et jusqu\u2019\u00e0 <strong>15 centim\u00e8tres<\/strong> vers <strong>1000 m\u00e8tres<\/strong>. Autour du relief, vers 300 m\u00e8tres, des <strong>traces \u00e0 2 centim\u00e8tres<\/strong> sont possibles dans la nuit de mercredi \u00e0 jeudi. \u00c0 \u00c9pinal, des <strong>traces \u00e0 1 centim\u00e8tre<\/strong> sont attendues, localement <strong>2 \u00e0 3 centim\u00e8tres<\/strong> d\u2019ici jeudi matin. En journ\u00e9e jeudi, un temps plus sec est attendu avec l\u2019\u00e9vacuation de la perturbation.<\/p>\n<h3><strong>Prudence lors de d\u00e9placements<\/strong><\/h3>\n<p>La <strong>Pr\u00e9fecture des Vosges<\/strong> invite \u00e0 <strong>anticiper les d\u00e9placements<\/strong>, de <strong>s\u2019\u00e9quiper en cons\u00e9quence<\/strong> si un trajet est n\u00e9cessaire, d\u2019<strong>adapter sa conduite<\/strong> et de <strong>rester prudent<\/strong> sur les <strong>routes et trottoirs<\/strong> potentiellement <strong>glissants<\/strong>.<\/p>\n<p>&nbsp;<\/p>\n","protected":false},"excerpt":{"rendered":"<p>Le d\u00e9partement des Vosges est plac\u00e9 en vigilance jaune neige-verglas par M\u00e9t\u00e9o-France, ce mercredi 28 janvier de 18h00 jusqu\u2019\u00e0 jeudi [&hellip;]<\/p>\n","protected":false},"author":46,"featured_media":86492,"comment_status":"open","ping_status":"open","sticky":false,"template":"","format":"standard","meta":{"footnotes":""},"categories":[460,18],"tags":[62,41,19999,1867,3587,584,20000,20001,573,553,43],"class_list":["post-87284","post","type-post","status-publish","format-standard","has-post-thumbnail","hentry","category-a-la-une","category-vosges","tag-circulation","tag-epinal","tag-limite-pluie-neige","tag-massif-des-vosges","tag-meteo-france","tag-neige","tag-relief-vosgien","tag-routes-glissantes","tag-verglas","tag-vigilance-jaune","tag-vosges"],"acf":[],"yoast_head":"<!-- This site is optimized with the Yoast SEO plugin v22.5 - https:\/\/yoast.com\/wordpress\/plugins\/seo\/ -->\n<title>Le d\u00e9partement des Vosges en vigilance jaune neige-verglas - Saint Die Info<\/title>\n<meta name=\"robots\" content=\"index, follow, max-snippet:-1, max-image-preview:large, max-video-preview:-1\" \/>\n<link rel=\"canonical\" href=\"https:\/\/vosgesinfo.fr\/saintdieinfo\/2026\/01\/le-departement-des-vosges-en-vigilance-jaune-neige-verglas\/\" \/>\n<meta name=\"twitter:card\" content=\"summary_large_image\" \/>\n<meta name=\"twitter:title\" content=\"Le d\u00e9partement des Vosges en vigilance jaune neige-verglas - Saint Die Info\" \/>\n<meta name=\"twitter:description\" content=\"Le d\u00e9partement des Vosges est plac\u00e9 en vigilance jaune neige-verglas par M\u00e9t\u00e9o-France, ce mercredi 28 janvier de 18h00 jusqu\u2019\u00e0 jeudi [&hellip;]\" \/>\n<meta name=\"twitter:image\" content=\"https:\/\/vosgesinfo.fr\/app\/uploads\/sites\/4\/2026\/01\/verglas1.jpg\" \/>\n<meta name=\"twitter:creator\" content=\"@VosgesInfo88\" \/>\n<meta name=\"twitter:site\" content=\"@VosgesInfo88\" \/>\n<meta name=\"twitter:label1\" content=\"\u00c9crit par\" \/>\n\t<meta name=\"twitter:data1\" content=\"J.J.\" \/>\n\t<meta name=\"twitter:label2\" content=\"Dur\u00e9e de lecture estim\u00e9e\" \/>\n\t<meta name=\"twitter:data2\" content=\"1 minute\" \/>\n<script type=\"application\/ld+json\" class=\"yoast-schema-graph\">{\"@context\":\"https:\/\/schema.org\",\"@graph\":[{\"@type\":\"Article\",\"@id\":\"https:\/\/vosgesinfo.fr\/saintdieinfo\/2026\/01\/le-departement-des-vosges-en-vigilance-jaune-neige-verglas\/#article\",\"isPartOf\":{\"@id\":\"https:\/\/vosgesinfo.fr\/saintdieinfo\/2026\/01\/le-departement-des-vosges-en-vigilance-jaune-neige-verglas\/\"},\"author\":{\"name\":\"J.J.\",\"@id\":\"https:\/\/vosgesinfo.fr\/saintdieinfo\/#\/schema\/person\/fa73e9f726d67bb88f46d5b7943cb572\"},\"headline\":\"Le d\u00e9partement des Vosges en vigilance jaune neige-verglas\",\"datePublished\":\"2026-01-28T10:12:02+00:00\",\"dateModified\":\"2026-01-28T10:06:14+00:00\",\"mainEntityOfPage\":{\"@id\":\"https:\/\/vosgesinfo.fr\/saintdieinfo\/2026\/01\/le-departement-des-vosges-en-vigilance-jaune-neige-verglas\/\"},\"wordCount\":210,\"commentCount\":0,\"publisher\":{\"@id\":\"https:\/\/vosgesinfo.fr\/saintdieinfo\/#organization\"},\"image\":{\"@id\":\"https:\/\/vosgesinfo.fr\/saintdieinfo\/2026\/01\/le-departement-des-vosges-en-vigilance-jaune-neige-verglas\/#primaryimage\"},\"thumbnailUrl\":\"https:\/\/vosgesinfo.fr\/app\/uploads\/sites\/4\/2026\/01\/verglas1.jpg\",\"keywords\":[\"circulation\",\"Epinal\",\"limite pluie-neige\",\"massif des vosges\",\"M\u00e9t\u00e9o France\",\"neige\",\"relief vosgien\",\"routes glissantes\",\"verglas\",\"vigilance jaune\",\"vosges\"],\"articleSection\":[\"A la Une\",\"Vosges\"],\"inLanguage\":\"fr-FR\",\"potentialAction\":[{\"@type\":\"CommentAction\",\"name\":\"Comment\",\"target\":[\"https:\/\/vosgesinfo.fr\/saintdieinfo\/2026\/01\/le-departement-des-vosges-en-vigilance-jaune-neige-verglas\/#respond\"]}]},{\"@type\":\"WebPage\",\"@id\":\"https:\/\/vosgesinfo.fr\/saintdieinfo\/2026\/01\/le-departement-des-vosges-en-vigilance-jaune-neige-verglas\/\",\"url\":\"https:\/\/vosgesinfo.fr\/saintdieinfo\/2026\/01\/le-departement-des-vosges-en-vigilance-jaune-neige-verglas\/\",\"name\":\"Le d\u00e9partement des Vosges en vigilance jaune neige-verglas - Saint Die Info\",\"isPartOf\":{\"@id\":\"https:\/\/vosgesinfo.fr\/saintdieinfo\/#website\"},\"primaryImageOfPage\":{\"@id\":\"https:\/\/vosgesinfo.fr\/saintdieinfo\/2026\/01\/le-departement-des-vosges-en-vigilance-jaune-neige-verglas\/#primaryimage\"},\"image\":{\"@id\":\"https:\/\/vosgesinfo.fr\/saintdieinfo\/2026\/01\/le-departement-des-vosges-en-vigilance-jaune-neige-verglas\/#primaryimage\"},\"thumbnailUrl\":\"https:\/\/vosgesinfo.fr\/app\/uploads\/sites\/4\/2026\/01\/verglas1.jpg\",\"datePublished\":\"2026-01-28T10:12:02+00:00\",\"dateModified\":\"2026-01-28T10:06:14+00:00\",\"breadcrumb\":{\"@id\":\"https:\/\/vosgesinfo.fr\/saintdieinfo\/2026\/01\/le-departement-des-vosges-en-vigilance-jaune-neige-verglas\/#breadcrumb\"},\"inLanguage\":\"fr-FR\",\"potentialAction\":[{\"@type\":\"ReadAction\",\"target\":[\"https:\/\/vosgesinfo.fr\/saintdieinfo\/2026\/01\/le-departement-des-vosges-en-vigilance-jaune-neige-verglas\/\"]}]},{\"@type\":\"ImageObject\",\"inLanguage\":\"fr-FR\",\"@id\":\"https:\/\/vosgesinfo.fr\/saintdieinfo\/2026\/01\/le-departement-des-vosges-en-vigilance-jaune-neige-verglas\/#primaryimage\",\"url\":\"https:\/\/vosgesinfo.fr\/app\/uploads\/sites\/4\/2026\/01\/verglas1.jpg\",\"contentUrl\":\"https:\/\/vosgesinfo.fr\/app\/uploads\/sites\/4\/2026\/01\/verglas1.jpg\",\"width\":800,\"height\":533,\"caption\":\"(Illustration)\"},{\"@type\":\"BreadcrumbList\",\"@id\":\"https:\/\/vosgesinfo.fr\/saintdieinfo\/2026\/01\/le-departement-des-vosges-en-vigilance-jaune-neige-verglas\/#breadcrumb\",\"itemListElement\":[{\"@type\":\"ListItem\",\"position\":1,\"name\":\"Home\",\"item\":\"https:\/\/vosgesinfo.fr\/saintdieinfo\/\"},{\"@type\":\"ListItem\",\"position\":2,\"name\":\"Le d\u00e9partement des Vosges en vigilance jaune neige-verglas\"}]},{\"@type\":\"WebSite\",\"@id\":\"https:\/\/vosgesinfo.fr\/saintdieinfo\/#website\",\"url\":\"https:\/\/vosgesinfo.fr\/saintdieinfo\/\",\"name\":\"Saint Die Info\",\"description\":\"Toute l&#039;actualit\u00e9 de Saint-Di\u00e9-Des-Vosges\",\"publisher\":{\"@id\":\"https:\/\/vosgesinfo.fr\/saintdieinfo\/#organization\"},\"alternateName\":\"Toute l'actualit\u00e9 de Saint-Di\u00e9-Des-Vosges\",\"potentialAction\":[{\"@type\":\"SearchAction\",\"target\":{\"@type\":\"EntryPoint\",\"urlTemplate\":\"https:\/\/vosgesinfo.fr\/saintdieinfo\/?s={search_term_string}\"},\"query-input\":\"required name=search_term_string\"}],\"inLanguage\":\"fr-FR\"},{\"@type\":\"Organization\",\"@id\":\"https:\/\/vosgesinfo.fr\/saintdieinfo\/#organization\",\"name\":\"Saint Die Info\",\"url\":\"https:\/\/vosgesinfo.fr\/saintdieinfo\/\",\"logo\":{\"@type\":\"ImageObject\",\"inLanguage\":\"fr-FR\",\"@id\":\"https:\/\/vosgesinfo.fr\/saintdieinfo\/#\/schema\/logo\/image\/\",\"url\":\"https:\/\/vosgesinfo.fr\/app\/uploads\/sites\/4\/2024\/02\/logo-sdi.jpg\",\"contentUrl\":\"https:\/\/vosgesinfo.fr\/app\/uploads\/sites\/4\/2024\/02\/logo-sdi.jpg\",\"width\":600,\"height\":600,\"caption\":\"Saint Die Info\"},\"image\":{\"@id\":\"https:\/\/vosgesinfo.fr\/saintdieinfo\/#\/schema\/logo\/image\/\"},\"sameAs\":[\"https:\/\/www.facebook.com\/Saintdieinfofr\",\"https:\/\/x.com\/VosgesInfo88\",\"https:\/\/www.youtube.com\/@vosgesinfo\"]},{\"@type\":\"Person\",\"@id\":\"https:\/\/vosgesinfo.fr\/saintdieinfo\/#\/schema\/person\/fa73e9f726d67bb88f46d5b7943cb572\",\"name\":\"J.J.\",\"image\":{\"@type\":\"ImageObject\",\"inLanguage\":\"fr-FR\",\"@id\":\"https:\/\/vosgesinfo.fr\/saintdieinfo\/#\/schema\/person\/image\/\",\"url\":\"https:\/\/secure.gravatar.com\/avatar\/219e749e47ffbcca018a360ae4add7d4cdf1cdaaf8bc7676b27efade3fe65615?s=96&d=mm&r=g\",\"contentUrl\":\"https:\/\/secure.gravatar.com\/avatar\/219e749e47ffbcca018a360ae4add7d4cdf1cdaaf8bc7676b27efade3fe65615?s=96&d=mm&r=g\",\"caption\":\"J.J.\"},\"url\":\"https:\/\/vosgesinfo.fr\/saintdieinfo\/author\/j-j\/\"}]}<\/script>\n<!-- \/ Yoast SEO plugin. -->","yoast_head_json":{"title":"Le d\u00e9partement des Vosges en vigilance jaune neige-verglas - Saint Die Info","robots":{"index":"index","follow":"follow","max-snippet":"max-snippet:-1","max-image-preview":"max-image-preview:large","max-video-preview":"max-video-preview:-1"},"canonical":"https:\/\/vosgesinfo.fr\/saintdieinfo\/2026\/01\/le-departement-des-vosges-en-vigilance-jaune-neige-verglas\/","twitter_card":"summary_large_image","twitter_title":"Le d\u00e9partement des Vosges en vigilance jaune neige-verglas - Saint Die Info","twitter_description":"Le d\u00e9partement des Vosges est plac\u00e9 en vigilance jaune neige-verglas par M\u00e9t\u00e9o-France, ce mercredi 28 janvier de 18h00 jusqu\u2019\u00e0 jeudi [&hellip;]","twitter_image":"https:\/\/vosgesinfo.fr\/app\/uploads\/sites\/4\/2026\/01\/verglas1.jpg","twitter_creator":"@VosgesInfo88","twitter_site":"@VosgesInfo88","twitter_misc":{"\u00c9crit par":"J.J.","Dur\u00e9e de lecture estim\u00e9e":"1 minute"},"schema":{"@context":"https:\/\/schema.org","@graph":[{"@type":"Article","@id":"https:\/\/vosgesinfo.fr\/saintdieinfo\/2026\/01\/le-departement-des-vosges-en-vigilance-jaune-neige-verglas\/#article","isPartOf":{"@id":"https:\/\/vosgesinfo.fr\/saintdieinfo\/2026\/01\/le-departement-des-vosges-en-vigilance-jaune-neige-verglas\/"},"author":{"name":"J.J.","@id":"https:\/\/vosgesinfo.fr\/saintdieinfo\/#\/schema\/person\/fa73e9f726d67bb88f46d5b7943cb572"},"headline":"Le d\u00e9partement des Vosges en vigilance jaune neige-verglas","datePublished":"2026-01-28T10:12:02+00:00","dateModified":"2026-01-28T10:06:14+00:00","mainEntityOfPage":{"@id":"https:\/\/vosgesinfo.fr\/saintdieinfo\/2026\/01\/le-departement-des-vosges-en-vigilance-jaune-neige-verglas\/"},"wordCount":210,"commentCount":0,"publisher":{"@id":"https:\/\/vosgesinfo.fr\/saintdieinfo\/#organization"},"image":{"@id":"https:\/\/vosgesinfo.fr\/saintdieinfo\/2026\/01\/le-departement-des-vosges-en-vigilance-jaune-neige-verglas\/#primaryimage"},"thumbnailUrl":"https:\/\/vosgesinfo.fr\/app\/uploads\/sites\/4\/2026\/01\/verglas1.jpg","keywords":["circulation","Epinal","limite pluie-neige","massif des vosges","M\u00e9t\u00e9o France","neige","relief vosgien","routes glissantes","verglas","vigilance jaune","vosges"],"articleSection":["A la Une","Vosges"],"inLanguage":"fr-FR","potentialAction":[{"@type":"CommentAction","name":"Comment","target":["https:\/\/vosgesinfo.fr\/saintdieinfo\/2026\/01\/le-departement-des-vosges-en-vigilance-jaune-neige-verglas\/#respond"]}]},{"@type":"WebPage","@id":"https:\/\/vosgesinfo.fr\/saintdieinfo\/2026\/01\/le-departement-des-vosges-en-vigilance-jaune-neige-verglas\/","url":"https:\/\/vosgesinfo.fr\/saintdieinfo\/2026\/01\/le-departement-des-vosges-en-vigilance-jaune-neige-verglas\/","name":"Le d\u00e9partement des Vosges en vigilance jaune neige-verglas - Saint Die Info","isPartOf":{"@id":"https:\/\/vosgesinfo.fr\/saintdieinfo\/#website"},"primaryImageOfPage":{"@id":"https:\/\/vosgesinfo.fr\/saintdieinfo\/2026\/01\/le-departement-des-vosges-en-vigilance-jaune-neige-verglas\/#primaryimage"},"image":{"@id":"https:\/\/vosgesinfo.fr\/saintdieinfo\/2026\/01\/le-departement-des-vosges-en-vigilance-jaune-neige-verglas\/#primaryimage"},"thumbnailUrl":"https:\/\/vosgesinfo.fr\/app\/uploads\/sites\/4\/2026\/01\/verglas1.jpg","datePublished":"2026-01-28T10:12:02+00:00","dateModified":"2026-01-28T10:06:14+00:00","breadcrumb":{"@id":"https:\/\/vosgesinfo.fr\/saintdieinfo\/2026\/01\/le-departement-des-vosges-en-vigilance-jaune-neige-verglas\/#breadcrumb"},"inLanguage":"fr-FR","potentialAction":[{"@type":"ReadAction","target":["https:\/\/vosgesinfo.fr\/saintdieinfo\/2026\/01\/le-departement-des-vosges-en-vigilance-jaune-neige-verglas\/"]}]},{"@type":"ImageObject","inLanguage":"fr-FR","@id":"https:\/\/vosgesinfo.fr\/saintdieinfo\/2026\/01\/le-departement-des-vosges-en-vigilance-jaune-neige-verglas\/#primaryimage","url":"https:\/\/vosgesinfo.fr\/app\/uploads\/sites\/4\/2026\/01\/verglas1.jpg","contentUrl":"https:\/\/vosgesinfo.fr\/app\/uploads\/sites\/4\/2026\/01\/verglas1.jpg","width":800,"height":533,"caption":"(Illustration)"},{"@type":"BreadcrumbList","@id":"https:\/\/vosgesinfo.fr\/saintdieinfo\/2026\/01\/le-departement-des-vosges-en-vigilance-jaune-neige-verglas\/#breadcrumb","itemListElement":[{"@type":"ListItem","position":1,"name":"Home","item":"https:\/\/vosgesinfo.fr\/saintdieinfo\/"},{"@type":"ListItem","position":2,"name":"Le d\u00e9partement des Vosges en vigilance jaune neige-verglas"}]},{"@type":"WebSite","@id":"https:\/\/vosgesinfo.fr\/saintdieinfo\/#website","url":"https:\/\/vosgesinfo.fr\/saintdieinfo\/","name":"Saint Die Info","description":"Toute l&#039;actualit\u00e9 de Saint-Di\u00e9-Des-Vosges","publisher":{"@id":"https:\/\/vosgesinfo.fr\/saintdieinfo\/#organization"},"alternateName":"Toute l'actualit\u00e9 de Saint-Di\u00e9-Des-Vosges","potentialAction":[{"@type":"SearchAction","target":{"@type":"EntryPoint","urlTemplate":"https:\/\/vosgesinfo.fr\/saintdieinfo\/?s={search_term_string}"},"query-input":"required name=search_term_string"}],"inLanguage":"fr-FR"},{"@type":"Organization","@id":"https:\/\/vosgesinfo.fr\/saintdieinfo\/#organization","name":"Saint Die Info","url":"https:\/\/vosgesinfo.fr\/saintdieinfo\/","logo":{"@type":"ImageObject","inLanguage":"fr-FR","@id":"https:\/\/vosgesinfo.fr\/saintdieinfo\/#\/schema\/logo\/image\/","url":"https:\/\/vosgesinfo.fr\/app\/uploads\/sites\/4\/2024\/02\/logo-sdi.jpg","contentUrl":"https:\/\/vosgesinfo.fr\/app\/uploads\/sites\/4\/2024\/02\/logo-sdi.jpg","width":600,"height":600,"caption":"Saint Die Info"},"image":{"@id":"https:\/\/vosgesinfo.fr\/saintdieinfo\/#\/schema\/logo\/image\/"},"sameAs":["https:\/\/www.facebook.com\/Saintdieinfofr","https:\/\/x.com\/VosgesInfo88","https:\/\/www.youtube.com\/@vosgesinfo"]},{"@type":"Person","@id":"https:\/\/vosgesinfo.fr\/saintdieinfo\/#\/schema\/person\/fa73e9f726d67bb88f46d5b7943cb572","name":"J.J.","image":{"@type":"ImageObject","inLanguage":"fr-FR","@id":"https:\/\/vosgesinfo.fr\/saintdieinfo\/#\/schema\/person\/image\/","url":"https:\/\/secure.gravatar.com\/avatar\/219e749e47ffbcca018a360ae4add7d4cdf1cdaaf8bc7676b27efade3fe65615?s=96&d=mm&r=g","contentUrl":"https:\/\/secure.gravatar.com\/avatar\/219e749e47ffbcca018a360ae4add7d4cdf1cdaaf8bc7676b27efade3fe65615?s=96&d=mm&r=g","caption":"J.J."},"url":"https:\/\/vosgesinfo.fr\/saintdieinfo\/author\/j-j\/"}]}},"_links":{"self":[{"href":"https:\/\/vosgesinfo.fr\/saintdieinfo\/wp-json\/wp\/v2\/posts\/87284","targetHints":{"allow":["GET"]}}],"collection":[{"href":"https:\/\/vosgesinfo.fr\/saintdieinfo\/wp-json\/wp\/v2\/posts"}],"about":[{"href":"https:\/\/vosgesinfo.fr\/saintdieinfo\/wp-json\/wp\/v2\/types\/post"}],"author":[{"embeddable":true,"href":"https:\/\/vosgesinfo.fr\/saintdieinfo\/wp-json\/wp\/v2\/users\/46"}],"replies":[{"embeddable":true,"href":"https:\/\/vosgesinfo.fr\/saintdieinfo\/wp-json\/wp\/v2\/comments?post=87284"}],"version-history":[{"count":1,"href":"https:\/\/vosgesinfo.fr\/saintdieinfo\/wp-json\/wp\/v2\/posts\/87284\/revisions"}],"predecessor-version":[{"id":87285,"href":"https:\/\/vosgesinfo.fr\/saintdieinfo\/wp-json\/wp\/v2\/posts\/87284\/revisions\/87285"}],"wp:featuredmedia":[{"embeddable":true,"href":"https:\/\/vosgesinfo.fr\/saintdieinfo\/wp-json\/wp\/v2\/media\/86492"}],"wp:attachment":[{"href":"https:\/\/vosgesinfo.fr\/saintdieinfo\/wp-json\/wp\/v2\/media?parent=87284"}],"wp:term":[{"taxonomy":"category","embeddable":true,"href":"https:\/\/vosgesinfo.fr\/saintdieinfo\/wp-json\/wp\/v2\/categories?post=87284"},{"taxonomy":"post_tag","embeddable":true,"href":"https:\/\/vosgesinfo.fr\/saintdieinfo\/wp-json\/wp\/v2\/tags?post=87284"}],"curies":[{"name":"wp","href":"https:\/\/api.w.org\/{rel}","templated":true}]}}