{"id":87286,"date":"2026-01-28T13:13:00","date_gmt":"2026-01-28T12:13:00","guid":{"rendered":"https:\/\/vosgesinfo.fr\/saintdieinfo\/?p=87286"},"modified":"2026-01-28T13:03:24","modified_gmt":"2026-01-28T12:03:24","slug":"face-a-la-precarite-alimentaire-etudiante-le-kiwanis-renouvelle-son-soutien-a-liut-de-saint-die-des-vosges","status":"publish","type":"post","link":"https:\/\/vosgesinfo.fr\/saintdieinfo\/2026\/01\/face-a-la-precarite-alimentaire-etudiante-le-kiwanis-renouvelle-son-soutien-a-liut-de-saint-die-des-vosges\/","title":{"rendered":"Face \u00e0 la pr\u00e9carit\u00e9 alimentaire \u00e9tudiante, le Kiwanis renouvelle son soutien \u00e0 l\u2019IUT de Saint-Di\u00e9-des-Vosges"},"content":{"rendered":"<p data-start=\"0\" data-end=\"271\"><a href=\"https:\/\/vosgesinfo.fr\/app\/uploads\/sites\/4\/2026\/01\/don-denrees-alimentaires-kiwanis-iut-sddv-4.jpg\"><img decoding=\"async\" class=\"alignnone size-large wp-image-87290\" src=\"https:\/\/vosgesinfo.fr\/app\/uploads\/sites\/4\/2026\/01\/don-denrees-alimentaires-kiwanis-iut-sddv-4-1024x771.jpg\" alt=\"\" width=\"1024\" height=\"771\" srcset=\"https:\/\/vosgesinfo.fr\/app\/uploads\/sites\/4\/2026\/01\/don-denrees-alimentaires-kiwanis-iut-sddv-4-1024x771.jpg 1024w, https:\/\/vosgesinfo.fr\/app\/uploads\/sites\/4\/2026\/01\/don-denrees-alimentaires-kiwanis-iut-sddv-4-300x226.jpg 300w, https:\/\/vosgesinfo.fr\/app\/uploads\/sites\/4\/2026\/01\/don-denrees-alimentaires-kiwanis-iut-sddv-4-768x578.jpg 768w, https:\/\/vosgesinfo.fr\/app\/uploads\/sites\/4\/2026\/01\/don-denrees-alimentaires-kiwanis-iut-sddv-4.jpg 1434w\" sizes=\"(max-width: 1024px) 100vw, 1024px\" \/><\/a><\/p>\n<h2 data-start=\"0\" data-end=\"271\">Les <strong data-start=\"4\" data-end=\"22\">clubs services<\/strong> d\u00e9odatiens se mobilisent en faveur des <strong data-start=\"62\" data-end=\"75\">\u00e9tudiants<\/strong> de la ville. Si le <strong data-start=\"95\" data-end=\"109\">Lions Club<\/strong> organise depuis maintenant plusieurs ann\u00e9es son <strong data-start=\"158\" data-end=\"179\">\u00e9picerie \u00e9ph\u00e9m\u00e8re<\/strong>, le <strong data-start=\"184\" data-end=\"195\">Kiwanis<\/strong> retrousse \u00e9galement ses manches pour donner un coup de pouce aux \u00e9tudiants.<\/h2>\n<p data-start=\"0\" data-end=\"271\"><!--more--><\/p>\n<h3 data-start=\"273\" data-end=\"342\"><strong>Un tournoi de golf caritatif pour financer des actions solidaires<\/strong><\/h3>\n<p data-start=\"344\" data-end=\"576\">Chaque ann\u00e9e, le <strong data-start=\"361\" data-end=\"372\">Kiwanis<\/strong> de <strong data-start=\"376\" data-end=\"400\">Saint-Di\u00e9-des-Vosges<\/strong> organise un <strong data-start=\"413\" data-end=\"442\">tournoi de golf caritatif<\/strong> afin de r\u00e9colter le maximum d&rsquo;argent pour financer \u2013 ou contribuer \u00e0 financer \u2013 des <strong data-start=\"527\" data-end=\"549\">actions solidaires<\/strong> tourn\u00e9es vers la jeunesse.<\/p>\n<p data-start=\"578\" data-end=\"858\">Le dernier en date a permis de collecter <strong data-start=\"619\" data-end=\"634\">2 500 euros<\/strong>. Une coquette somme due en partie \u00e0 <strong data-start=\"671\" data-end=\"688\">J\u00e9r\u00f4me Keller<\/strong>, kiwanien et g\u00e9rant d&rsquo;un supermarch\u00e9 en <strong data-start=\"729\" data-end=\"739\">Alsace<\/strong>, qui a offert les victuailles du <strong data-start=\"773\" data-end=\"793\">repas du tournoi<\/strong>. Soit autant d&rsquo;argent \u00e9conomis\u00e9 pour la <strong data-start=\"834\" data-end=\"857\">cagnotte du tournoi<\/strong>.<\/p>\n<h3 data-start=\"860\" data-end=\"908\"><strong>2 500 euros r\u00e9partis en 3 actions distinctes<\/strong><\/h3>\n<p data-start=\"910\" data-end=\"1225\">Ces <strong data-start=\"914\" data-end=\"929\">2 500 euros<\/strong> ont permis d&rsquo;aider \u00e0 acheter de l&rsquo;\u00e9quipement pour <strong data-start=\"980\" data-end=\"1017\">deux jeunes personnes handicap\u00e9es<\/strong> \u2013 respectivement un fauteuil et du mat\u00e9riel pour faciliter la toilette \u2013 et de payer une liste de courses de <strong data-start=\"1135\" data-end=\"1150\">1 000 euros<\/strong> pour la <strong data-start=\"1159\" data-end=\"1187\">distribution alimentaire<\/strong> <strong>de<\/strong> l&rsquo;<strong data-start=\"1193\" data-end=\"1224\">IUT de Saint-Di\u00e9-des-Vosges<\/strong>.<\/p>\n<h3 data-start=\"1227\" data-end=\"1289\"><strong>Une liste de courses pens\u00e9e pour les besoins des \u00e9tudiants<\/strong><\/h3>\n<p data-start=\"1291\" data-end=\"1771\">Une <strong data-start=\"1295\" data-end=\"1315\">liste de courses<\/strong> \u00e9tablie par <strong data-start=\"1328\" data-end=\"1350\">Fran\u00e7ois Devillard<\/strong>, directeur de l&rsquo;\u00e9tablissement d&rsquo;enseignement sup\u00e9rieur d\u00e9odatien, qui se compose de <strong data-start=\"1435\" data-end=\"1482\">produits alimentaires de premi\u00e8re n\u00e9cessit\u00e9<\/strong> ainsi que de quelques \u00ab petits plaisirs \u00bb. Des cr\u00e8mes dessert et autres g\u00e2teaux que les \u00e9tudiants n&rsquo;ach\u00e8teraient pas en temps normal. <a href=\"https:\/\/vosgesinfo.fr\/saintdieinfo\/2025\/10\/liut-de-saint-die-des-vosges-la-croix-rouge-et-le-kiwanis-unis-contre-la-precarite-alimentaire-etudiante\/\" target=\"_blank\" rel=\"noopener\">C&rsquo;est la deuxi\u00e8me ann\u00e9e cons\u00e9cutive que le <strong data-start=\"1668\" data-end=\"1679\">Kiwanis<\/strong> aide l&rsquo;<strong data-start=\"1687\" data-end=\"1694\">IUT<\/strong> \u00e0 <strong>lutter contre la pr\u00e9carit\u00e9 alimentaire<\/strong><\/a>&#8230; et probablement pas la derni\u00e8re.<\/p>\n<h3 data-start=\"1773\" data-end=\"1841\"><strong>Une distribution alimentaire hebdomadaire depuis la rentr\u00e9e 2024<\/strong><\/h3>\n<p data-start=\"1843\" data-end=\"2420\">Pour rappel, l&rsquo;IUT a mis en place, \u00e0 la <strong data-start=\"1883\" data-end=\"1899\">rentr\u00e9e 2024<\/strong>, en partenariat avec la <strong data-start=\"1924\" data-end=\"1939\">Croix-Rouge<\/strong>, une <strong data-start=\"1945\" data-end=\"1986\">distribution alimentaire hebdomadaire<\/strong> pour ses \u00e9tudiants. C&rsquo;est en partant du constat que certains d&rsquo;entre eux s&rsquo;\u00e9vanouissaient ou n&rsquo;arrivaient plus \u00e0 se concentrer en cours, <strong>par manque d&rsquo;une alimentation suffisante et \u00e9quilibr\u00e9e<\/strong>, que <strong data-start=\"2184\" data-end=\"2206\">Fran\u00e7ois Devillard<\/strong> et <strong data-start=\"2210\" data-end=\"2229\">Serge Florentin<\/strong>, pr\u00e9sident de l&rsquo;antenne locale de la Croix-Rouge, ont eu l&rsquo;id\u00e9e de cette distribution alimentaire. Jusqu&rsquo;\u00e0 une <strong data-start=\"2341\" data-end=\"2368\">quarantaine d&rsquo;\u00e9tudiants<\/strong> y font la queue chaque mardi en fin de journ\u00e9e.<\/p>\n\n\t\t<style type=\"text\/css\">\n\t\t\t#gallery-1 {\n\t\t\t\tmargin: auto;\n\t\t\t}\n\t\t\t#gallery-1 .gallery-item {\n\t\t\t\tfloat: left;\n\t\t\t\tmargin-top: 10px;\n\t\t\t\ttext-align: center;\n\t\t\t\twidth: 33%;\n\t\t\t}\n\t\t\t#gallery-1 img {\n\t\t\t\tborder: 2px solid #cfcfcf;\n\t\t\t}\n\t\t\t#gallery-1 .gallery-caption {\n\t\t\t\tmargin-left: 0;\n\t\t\t}\n\t\t\t\/* see gallery_shortcode() in wp-includes\/media.php *\/\n\t\t<\/style>\n\t\t<div id='gallery-1' class='gallery galleryid-87286 gallery-columns-3 gallery-size-thumbnail'><dl class='gallery-item'>\n\t\t\t<dt class='gallery-icon landscape'>\n\t\t\t\t<a href='https:\/\/vosgesinfo.fr\/app\/uploads\/sites\/4\/2026\/01\/don-denrees-alimentaires-kiwanis-iut-sddv-1.jpg'><img decoding=\"async\" width=\"150\" height=\"150\" src=\"https:\/\/vosgesinfo.fr\/app\/uploads\/sites\/4\/2026\/01\/don-denrees-alimentaires-kiwanis-iut-sddv-1-150x150.jpg\" class=\"attachment-thumbnail size-thumbnail\" alt=\"\" \/><\/a>\n\t\t\t<\/dt><\/dl><dl class='gallery-item'>\n\t\t\t<dt class='gallery-icon landscape'>\n\t\t\t\t<a href='https:\/\/vosgesinfo.fr\/app\/uploads\/sites\/4\/2026\/01\/don-denrees-alimentaires-kiwanis-iut-sddv-2.jpg'><img decoding=\"async\" width=\"150\" height=\"150\" src=\"https:\/\/vosgesinfo.fr\/app\/uploads\/sites\/4\/2026\/01\/don-denrees-alimentaires-kiwanis-iut-sddv-2-150x150.jpg\" class=\"attachment-thumbnail size-thumbnail\" alt=\"\" \/><\/a>\n\t\t\t<\/dt><\/dl><dl class='gallery-item'>\n\t\t\t<dt class='gallery-icon landscape'>\n\t\t\t\t<a href='https:\/\/vosgesinfo.fr\/app\/uploads\/sites\/4\/2026\/01\/don-denrees-alimentaires-kiwanis-iut-sddv-3.jpg'><img decoding=\"async\" width=\"150\" height=\"150\" src=\"https:\/\/vosgesinfo.fr\/app\/uploads\/sites\/4\/2026\/01\/don-denrees-alimentaires-kiwanis-iut-sddv-3-150x150.jpg\" class=\"attachment-thumbnail size-thumbnail\" alt=\"\" \/><\/a>\n\t\t\t<\/dt><\/dl><br style=\"clear: both\" \/><dl class='gallery-item'>\n\t\t\t<dt class='gallery-icon landscape'>\n\t\t\t\t<a href='https:\/\/vosgesinfo.fr\/app\/uploads\/sites\/4\/2026\/01\/don-denrees-alimentaires-kiwanis-iut-sddv-5.jpg'><img decoding=\"async\" width=\"150\" height=\"150\" src=\"https:\/\/vosgesinfo.fr\/app\/uploads\/sites\/4\/2026\/01\/don-denrees-alimentaires-kiwanis-iut-sddv-5-150x150.jpg\" class=\"attachment-thumbnail size-thumbnail\" alt=\"\" \/><\/a>\n\t\t\t<\/dt><\/dl><dl class='gallery-item'>\n\t\t\t<dt class='gallery-icon landscape'>\n\t\t\t\t<a href='https:\/\/vosgesinfo.fr\/app\/uploads\/sites\/4\/2026\/01\/don-denrees-alimentaires-kiwanis-iut-sddv-6.jpg'><img decoding=\"async\" width=\"150\" height=\"150\" src=\"https:\/\/vosgesinfo.fr\/app\/uploads\/sites\/4\/2026\/01\/don-denrees-alimentaires-kiwanis-iut-sddv-6-150x150.jpg\" class=\"attachment-thumbnail size-thumbnail\" alt=\"\" \/><\/a>\n\t\t\t<\/dt><\/dl>\n\t\t\t<br style='clear: both' \/>\n\t\t<\/div>\n\n","protected":false},"excerpt":{"rendered":"<p>Les clubs services d\u00e9odatiens se mobilisent en faveur des \u00e9tudiants de la ville. Si le Lions Club organise depuis maintenant [&hellip;]<\/p>\n","protected":false},"author":46,"featured_media":87290,"comment_status":"open","ping_status":"open","sticky":false,"template":"","format":"standard","meta":{"footnotes":""},"categories":[460,6,167,17],"tags":[4736,18744,498,3205,18983,7821,20002,2881,20003],"class_list":["post-87286","post","type-post","status-publish","format-standard","has-post-thumbnail","hentry","category-a-la-une","category-education","category-saint-die-des-vosges","category-vie-associative","tag-croix-rouge","tag-distribution-alimentaire","tag-etudiants","tag-iut-de-saint-die-des-vosges","tag-kiwanis","tag-lions-club","tag-precarite-alimentaire","tag-saint-die-des-vosges","tag-tournoi-de-golf-caritatif"],"acf":[],"yoast_head":"<!-- This site is optimized with the Yoast SEO plugin v22.5 - https:\/\/yoast.com\/wordpress\/plugins\/seo\/ -->\n<title>Face \u00e0 la pr\u00e9carit\u00e9 alimentaire \u00e9tudiante, le Kiwanis renouvelle son soutien \u00e0 l\u2019IUT de Saint-Di\u00e9-des-Vosges - Saint Die Info<\/title>\n<meta name=\"robots\" content=\"index, follow, max-snippet:-1, max-image-preview:large, max-video-preview:-1\" \/>\n<link rel=\"canonical\" href=\"https:\/\/vosgesinfo.fr\/saintdieinfo\/2026\/01\/face-a-la-precarite-alimentaire-etudiante-le-kiwanis-renouvelle-son-soutien-a-liut-de-saint-die-des-vosges\/\" \/>\n<meta name=\"twitter:card\" content=\"summary_large_image\" \/>\n<meta name=\"twitter:title\" content=\"Face \u00e0 la pr\u00e9carit\u00e9 alimentaire \u00e9tudiante, le Kiwanis renouvelle son soutien \u00e0 l\u2019IUT de Saint-Di\u00e9-des-Vosges - Saint Die Info\" \/>\n<meta name=\"twitter:description\" content=\"Les clubs services d\u00e9odatiens se mobilisent en faveur des \u00e9tudiants de la ville. Si le Lions Club organise depuis maintenant [&hellip;]\" \/>\n<meta name=\"twitter:image\" content=\"https:\/\/vosgesinfo.fr\/app\/uploads\/sites\/4\/2026\/01\/don-denrees-alimentaires-kiwanis-iut-sddv-4.jpg\" \/>\n<meta name=\"twitter:creator\" content=\"@VosgesInfo88\" \/>\n<meta name=\"twitter:site\" content=\"@VosgesInfo88\" \/>\n<meta name=\"twitter:label1\" content=\"\u00c9crit par\" \/>\n\t<meta name=\"twitter:data1\" content=\"J.J.\" \/>\n\t<meta name=\"twitter:label2\" content=\"Dur\u00e9e de lecture estim\u00e9e\" \/>\n\t<meta name=\"twitter:data2\" content=\"3 minutes\" \/>\n<script type=\"application\/ld+json\" class=\"yoast-schema-graph\">{\"@context\":\"https:\/\/schema.org\",\"@graph\":[{\"@type\":\"Article\",\"@id\":\"https:\/\/vosgesinfo.fr\/saintdieinfo\/2026\/01\/face-a-la-precarite-alimentaire-etudiante-le-kiwanis-renouvelle-son-soutien-a-liut-de-saint-die-des-vosges\/#article\",\"isPartOf\":{\"@id\":\"https:\/\/vosgesinfo.fr\/saintdieinfo\/2026\/01\/face-a-la-precarite-alimentaire-etudiante-le-kiwanis-renouvelle-son-soutien-a-liut-de-saint-die-des-vosges\/\"},\"author\":{\"name\":\"J.J.\",\"@id\":\"https:\/\/vosgesinfo.fr\/saintdieinfo\/#\/schema\/person\/fa73e9f726d67bb88f46d5b7943cb572\"},\"headline\":\"Face \u00e0 la pr\u00e9carit\u00e9 alimentaire \u00e9tudiante, le Kiwanis renouvelle son soutien \u00e0 l\u2019IUT de Saint-Di\u00e9-des-Vosges\",\"datePublished\":\"2026-01-28T12:13:00+00:00\",\"dateModified\":\"2026-01-28T12:03:24+00:00\",\"mainEntityOfPage\":{\"@id\":\"https:\/\/vosgesinfo.fr\/saintdieinfo\/2026\/01\/face-a-la-precarite-alimentaire-etudiante-le-kiwanis-renouvelle-son-soutien-a-liut-de-saint-die-des-vosges\/\"},\"wordCount\":401,\"commentCount\":0,\"publisher\":{\"@id\":\"https:\/\/vosgesinfo.fr\/saintdieinfo\/#organization\"},\"image\":{\"@id\":\"https:\/\/vosgesinfo.fr\/saintdieinfo\/2026\/01\/face-a-la-precarite-alimentaire-etudiante-le-kiwanis-renouvelle-son-soutien-a-liut-de-saint-die-des-vosges\/#primaryimage\"},\"thumbnailUrl\":\"https:\/\/vosgesinfo.fr\/app\/uploads\/sites\/4\/2026\/01\/don-denrees-alimentaires-kiwanis-iut-sddv-4.jpg\",\"keywords\":[\"Croix-Rouge\",\"distribution alimentaire\",\"\u00e9tudiants\",\"IUT de Saint-Di\u00e9-des-Vosges\",\"Kiwanis\",\"Lion's Club\",\"pr\u00e9carit\u00e9 alimentaire\",\"Saint-Di\u00e9-des-Vosges\",\"tournoi de golf caritatif\"],\"articleSection\":[\"A la Une\",\"\u00c9ducation\",\"Saint-Di\u00e9-des-Vosges\",\"Vie Associative\"],\"inLanguage\":\"fr-FR\",\"potentialAction\":[{\"@type\":\"CommentAction\",\"name\":\"Comment\",\"target\":[\"https:\/\/vosgesinfo.fr\/saintdieinfo\/2026\/01\/face-a-la-precarite-alimentaire-etudiante-le-kiwanis-renouvelle-son-soutien-a-liut-de-saint-die-des-vosges\/#respond\"]}]},{\"@type\":\"WebPage\",\"@id\":\"https:\/\/vosgesinfo.fr\/saintdieinfo\/2026\/01\/face-a-la-precarite-alimentaire-etudiante-le-kiwanis-renouvelle-son-soutien-a-liut-de-saint-die-des-vosges\/\",\"url\":\"https:\/\/vosgesinfo.fr\/saintdieinfo\/2026\/01\/face-a-la-precarite-alimentaire-etudiante-le-kiwanis-renouvelle-son-soutien-a-liut-de-saint-die-des-vosges\/\",\"name\":\"Face \u00e0 la pr\u00e9carit\u00e9 alimentaire \u00e9tudiante, le Kiwanis renouvelle son soutien \u00e0 l\u2019IUT de Saint-Di\u00e9-des-Vosges - Saint Die Info\",\"isPartOf\":{\"@id\":\"https:\/\/vosgesinfo.fr\/saintdieinfo\/#website\"},\"primaryImageOfPage\":{\"@id\":\"https:\/\/vosgesinfo.fr\/saintdieinfo\/2026\/01\/face-a-la-precarite-alimentaire-etudiante-le-kiwanis-renouvelle-son-soutien-a-liut-de-saint-die-des-vosges\/#primaryimage\"},\"image\":{\"@id\":\"https:\/\/vosgesinfo.fr\/saintdieinfo\/2026\/01\/face-a-la-precarite-alimentaire-etudiante-le-kiwanis-renouvelle-son-soutien-a-liut-de-saint-die-des-vosges\/#primaryimage\"},\"thumbnailUrl\":\"https:\/\/vosgesinfo.fr\/app\/uploads\/sites\/4\/2026\/01\/don-denrees-alimentaires-kiwanis-iut-sddv-4.jpg\",\"datePublished\":\"2026-01-28T12:13:00+00:00\",\"dateModified\":\"2026-01-28T12:03:24+00:00\",\"breadcrumb\":{\"@id\":\"https:\/\/vosgesinfo.fr\/saintdieinfo\/2026\/01\/face-a-la-precarite-alimentaire-etudiante-le-kiwanis-renouvelle-son-soutien-a-liut-de-saint-die-des-vosges\/#breadcrumb\"},\"inLanguage\":\"fr-FR\",\"potentialAction\":[{\"@type\":\"ReadAction\",\"target\":[\"https:\/\/vosgesinfo.fr\/saintdieinfo\/2026\/01\/face-a-la-precarite-alimentaire-etudiante-le-kiwanis-renouvelle-son-soutien-a-liut-de-saint-die-des-vosges\/\"]}]},{\"@type\":\"ImageObject\",\"inLanguage\":\"fr-FR\",\"@id\":\"https:\/\/vosgesinfo.fr\/saintdieinfo\/2026\/01\/face-a-la-precarite-alimentaire-etudiante-le-kiwanis-renouvelle-son-soutien-a-liut-de-saint-die-des-vosges\/#primaryimage\",\"url\":\"https:\/\/vosgesinfo.fr\/app\/uploads\/sites\/4\/2026\/01\/don-denrees-alimentaires-kiwanis-iut-sddv-4.jpg\",\"contentUrl\":\"https:\/\/vosgesinfo.fr\/app\/uploads\/sites\/4\/2026\/01\/don-denrees-alimentaires-kiwanis-iut-sddv-4.jpg\",\"width\":1434,\"height\":1080},{\"@type\":\"BreadcrumbList\",\"@id\":\"https:\/\/vosgesinfo.fr\/saintdieinfo\/2026\/01\/face-a-la-precarite-alimentaire-etudiante-le-kiwanis-renouvelle-son-soutien-a-liut-de-saint-die-des-vosges\/#breadcrumb\",\"itemListElement\":[{\"@type\":\"ListItem\",\"position\":1,\"name\":\"Home\",\"item\":\"https:\/\/vosgesinfo.fr\/saintdieinfo\/\"},{\"@type\":\"ListItem\",\"position\":2,\"name\":\"Face \u00e0 la pr\u00e9carit\u00e9 alimentaire \u00e9tudiante, le Kiwanis renouvelle son soutien \u00e0 l\u2019IUT de Saint-Di\u00e9-des-Vosges\"}]},{\"@type\":\"WebSite\",\"@id\":\"https:\/\/vosgesinfo.fr\/saintdieinfo\/#website\",\"url\":\"https:\/\/vosgesinfo.fr\/saintdieinfo\/\",\"name\":\"Saint Die Info\",\"description\":\"Toute l&#039;actualit\u00e9 de Saint-Di\u00e9-Des-Vosges\",\"publisher\":{\"@id\":\"https:\/\/vosgesinfo.fr\/saintdieinfo\/#organization\"},\"alternateName\":\"Toute l'actualit\u00e9 de Saint-Di\u00e9-Des-Vosges\",\"potentialAction\":[{\"@type\":\"SearchAction\",\"target\":{\"@type\":\"EntryPoint\",\"urlTemplate\":\"https:\/\/vosgesinfo.fr\/saintdieinfo\/?s={search_term_string}\"},\"query-input\":\"required name=search_term_string\"}],\"inLanguage\":\"fr-FR\"},{\"@type\":\"Organization\",\"@id\":\"https:\/\/vosgesinfo.fr\/saintdieinfo\/#organization\",\"name\":\"Saint Die Info\",\"url\":\"https:\/\/vosgesinfo.fr\/saintdieinfo\/\",\"logo\":{\"@type\":\"ImageObject\",\"inLanguage\":\"fr-FR\",\"@id\":\"https:\/\/vosgesinfo.fr\/saintdieinfo\/#\/schema\/logo\/image\/\",\"url\":\"https:\/\/vosgesinfo.fr\/app\/uploads\/sites\/4\/2024\/02\/logo-sdi.jpg\",\"contentUrl\":\"https:\/\/vosgesinfo.fr\/app\/uploads\/sites\/4\/2024\/02\/logo-sdi.jpg\",\"width\":600,\"height\":600,\"caption\":\"Saint Die Info\"},\"image\":{\"@id\":\"https:\/\/vosgesinfo.fr\/saintdieinfo\/#\/schema\/logo\/image\/\"},\"sameAs\":[\"https:\/\/www.facebook.com\/Saintdieinfofr\",\"https:\/\/x.com\/VosgesInfo88\",\"https:\/\/www.youtube.com\/@vosgesinfo\"]},{\"@type\":\"Person\",\"@id\":\"https:\/\/vosgesinfo.fr\/saintdieinfo\/#\/schema\/person\/fa73e9f726d67bb88f46d5b7943cb572\",\"name\":\"J.J.\",\"image\":{\"@type\":\"ImageObject\",\"inLanguage\":\"fr-FR\",\"@id\":\"https:\/\/vosgesinfo.fr\/saintdieinfo\/#\/schema\/person\/image\/\",\"url\":\"https:\/\/secure.gravatar.com\/avatar\/219e749e47ffbcca018a360ae4add7d4cdf1cdaaf8bc7676b27efade3fe65615?s=96&d=mm&r=g\",\"contentUrl\":\"https:\/\/secure.gravatar.com\/avatar\/219e749e47ffbcca018a360ae4add7d4cdf1cdaaf8bc7676b27efade3fe65615?s=96&d=mm&r=g\",\"caption\":\"J.J.\"},\"url\":\"https:\/\/vosgesinfo.fr\/saintdieinfo\/author\/j-j\/\"}]}<\/script>\n<!-- \/ Yoast SEO plugin. -->","yoast_head_json":{"title":"Face \u00e0 la pr\u00e9carit\u00e9 alimentaire \u00e9tudiante, le Kiwanis renouvelle son soutien \u00e0 l\u2019IUT de Saint-Di\u00e9-des-Vosges - Saint Die Info","robots":{"index":"index","follow":"follow","max-snippet":"max-snippet:-1","max-image-preview":"max-image-preview:large","max-video-preview":"max-video-preview:-1"},"canonical":"https:\/\/vosgesinfo.fr\/saintdieinfo\/2026\/01\/face-a-la-precarite-alimentaire-etudiante-le-kiwanis-renouvelle-son-soutien-a-liut-de-saint-die-des-vosges\/","twitter_card":"summary_large_image","twitter_title":"Face \u00e0 la pr\u00e9carit\u00e9 alimentaire \u00e9tudiante, le Kiwanis renouvelle son soutien \u00e0 l\u2019IUT de Saint-Di\u00e9-des-Vosges - Saint Die Info","twitter_description":"Les clubs services d\u00e9odatiens se mobilisent en faveur des \u00e9tudiants de la ville. Si le Lions Club organise depuis maintenant [&hellip;]","twitter_image":"https:\/\/vosgesinfo.fr\/app\/uploads\/sites\/4\/2026\/01\/don-denrees-alimentaires-kiwanis-iut-sddv-4.jpg","twitter_creator":"@VosgesInfo88","twitter_site":"@VosgesInfo88","twitter_misc":{"\u00c9crit par":"J.J.","Dur\u00e9e de lecture estim\u00e9e":"3 minutes"},"schema":{"@context":"https:\/\/schema.org","@graph":[{"@type":"Article","@id":"https:\/\/vosgesinfo.fr\/saintdieinfo\/2026\/01\/face-a-la-precarite-alimentaire-etudiante-le-kiwanis-renouvelle-son-soutien-a-liut-de-saint-die-des-vosges\/#article","isPartOf":{"@id":"https:\/\/vosgesinfo.fr\/saintdieinfo\/2026\/01\/face-a-la-precarite-alimentaire-etudiante-le-kiwanis-renouvelle-son-soutien-a-liut-de-saint-die-des-vosges\/"},"author":{"name":"J.J.","@id":"https:\/\/vosgesinfo.fr\/saintdieinfo\/#\/schema\/person\/fa73e9f726d67bb88f46d5b7943cb572"},"headline":"Face \u00e0 la pr\u00e9carit\u00e9 alimentaire \u00e9tudiante, le Kiwanis renouvelle son soutien \u00e0 l\u2019IUT de Saint-Di\u00e9-des-Vosges","datePublished":"2026-01-28T12:13:00+00:00","dateModified":"2026-01-28T12:03:24+00:00","mainEntityOfPage":{"@id":"https:\/\/vosgesinfo.fr\/saintdieinfo\/2026\/01\/face-a-la-precarite-alimentaire-etudiante-le-kiwanis-renouvelle-son-soutien-a-liut-de-saint-die-des-vosges\/"},"wordCount":401,"commentCount":0,"publisher":{"@id":"https:\/\/vosgesinfo.fr\/saintdieinfo\/#organization"},"image":{"@id":"https:\/\/vosgesinfo.fr\/saintdieinfo\/2026\/01\/face-a-la-precarite-alimentaire-etudiante-le-kiwanis-renouvelle-son-soutien-a-liut-de-saint-die-des-vosges\/#primaryimage"},"thumbnailUrl":"https:\/\/vosgesinfo.fr\/app\/uploads\/sites\/4\/2026\/01\/don-denrees-alimentaires-kiwanis-iut-sddv-4.jpg","keywords":["Croix-Rouge","distribution alimentaire","\u00e9tudiants","IUT de Saint-Di\u00e9-des-Vosges","Kiwanis","Lion's Club","pr\u00e9carit\u00e9 alimentaire","Saint-Di\u00e9-des-Vosges","tournoi de golf caritatif"],"articleSection":["A la Une","\u00c9ducation","Saint-Di\u00e9-des-Vosges","Vie Associative"],"inLanguage":"fr-FR","potentialAction":[{"@type":"CommentAction","name":"Comment","target":["https:\/\/vosgesinfo.fr\/saintdieinfo\/2026\/01\/face-a-la-precarite-alimentaire-etudiante-le-kiwanis-renouvelle-son-soutien-a-liut-de-saint-die-des-vosges\/#respond"]}]},{"@type":"WebPage","@id":"https:\/\/vosgesinfo.fr\/saintdieinfo\/2026\/01\/face-a-la-precarite-alimentaire-etudiante-le-kiwanis-renouvelle-son-soutien-a-liut-de-saint-die-des-vosges\/","url":"https:\/\/vosgesinfo.fr\/saintdieinfo\/2026\/01\/face-a-la-precarite-alimentaire-etudiante-le-kiwanis-renouvelle-son-soutien-a-liut-de-saint-die-des-vosges\/","name":"Face \u00e0 la pr\u00e9carit\u00e9 alimentaire \u00e9tudiante, le Kiwanis renouvelle son soutien \u00e0 l\u2019IUT de Saint-Di\u00e9-des-Vosges - Saint Die Info","isPartOf":{"@id":"https:\/\/vosgesinfo.fr\/saintdieinfo\/#website"},"primaryImageOfPage":{"@id":"https:\/\/vosgesinfo.fr\/saintdieinfo\/2026\/01\/face-a-la-precarite-alimentaire-etudiante-le-kiwanis-renouvelle-son-soutien-a-liut-de-saint-die-des-vosges\/#primaryimage"},"image":{"@id":"https:\/\/vosgesinfo.fr\/saintdieinfo\/2026\/01\/face-a-la-precarite-alimentaire-etudiante-le-kiwanis-renouvelle-son-soutien-a-liut-de-saint-die-des-vosges\/#primaryimage"},"thumbnailUrl":"https:\/\/vosgesinfo.fr\/app\/uploads\/sites\/4\/2026\/01\/don-denrees-alimentaires-kiwanis-iut-sddv-4.jpg","datePublished":"2026-01-28T12:13:00+00:00","dateModified":"2026-01-28T12:03:24+00:00","breadcrumb":{"@id":"https:\/\/vosgesinfo.fr\/saintdieinfo\/2026\/01\/face-a-la-precarite-alimentaire-etudiante-le-kiwanis-renouvelle-son-soutien-a-liut-de-saint-die-des-vosges\/#breadcrumb"},"inLanguage":"fr-FR","potentialAction":[{"@type":"ReadAction","target":["https:\/\/vosgesinfo.fr\/saintdieinfo\/2026\/01\/face-a-la-precarite-alimentaire-etudiante-le-kiwanis-renouvelle-son-soutien-a-liut-de-saint-die-des-vosges\/"]}]},{"@type":"ImageObject","inLanguage":"fr-FR","@id":"https:\/\/vosgesinfo.fr\/saintdieinfo\/2026\/01\/face-a-la-precarite-alimentaire-etudiante-le-kiwanis-renouvelle-son-soutien-a-liut-de-saint-die-des-vosges\/#primaryimage","url":"https:\/\/vosgesinfo.fr\/app\/uploads\/sites\/4\/2026\/01\/don-denrees-alimentaires-kiwanis-iut-sddv-4.jpg","contentUrl":"https:\/\/vosgesinfo.fr\/app\/uploads\/sites\/4\/2026\/01\/don-denrees-alimentaires-kiwanis-iut-sddv-4.jpg","width":1434,"height":1080},{"@type":"BreadcrumbList","@id":"https:\/\/vosgesinfo.fr\/saintdieinfo\/2026\/01\/face-a-la-precarite-alimentaire-etudiante-le-kiwanis-renouvelle-son-soutien-a-liut-de-saint-die-des-vosges\/#breadcrumb","itemListElement":[{"@type":"ListItem","position":1,"name":"Home","item":"https:\/\/vosgesinfo.fr\/saintdieinfo\/"},{"@type":"ListItem","position":2,"name":"Face \u00e0 la pr\u00e9carit\u00e9 alimentaire \u00e9tudiante, le Kiwanis renouvelle son soutien \u00e0 l\u2019IUT de Saint-Di\u00e9-des-Vosges"}]},{"@type":"WebSite","@id":"https:\/\/vosgesinfo.fr\/saintdieinfo\/#website","url":"https:\/\/vosgesinfo.fr\/saintdieinfo\/","name":"Saint Die Info","description":"Toute l&#039;actualit\u00e9 de Saint-Di\u00e9-Des-Vosges","publisher":{"@id":"https:\/\/vosgesinfo.fr\/saintdieinfo\/#organization"},"alternateName":"Toute l'actualit\u00e9 de Saint-Di\u00e9-Des-Vosges","potentialAction":[{"@type":"SearchAction","target":{"@type":"EntryPoint","urlTemplate":"https:\/\/vosgesinfo.fr\/saintdieinfo\/?s={search_term_string}"},"query-input":"required name=search_term_string"}],"inLanguage":"fr-FR"},{"@type":"Organization","@id":"https:\/\/vosgesinfo.fr\/saintdieinfo\/#organization","name":"Saint Die Info","url":"https:\/\/vosgesinfo.fr\/saintdieinfo\/","logo":{"@type":"ImageObject","inLanguage":"fr-FR","@id":"https:\/\/vosgesinfo.fr\/saintdieinfo\/#\/schema\/logo\/image\/","url":"https:\/\/vosgesinfo.fr\/app\/uploads\/sites\/4\/2024\/02\/logo-sdi.jpg","contentUrl":"https:\/\/vosgesinfo.fr\/app\/uploads\/sites\/4\/2024\/02\/logo-sdi.jpg","width":600,"height":600,"caption":"Saint Die Info"},"image":{"@id":"https:\/\/vosgesinfo.fr\/saintdieinfo\/#\/schema\/logo\/image\/"},"sameAs":["https:\/\/www.facebook.com\/Saintdieinfofr","https:\/\/x.com\/VosgesInfo88","https:\/\/www.youtube.com\/@vosgesinfo"]},{"@type":"Person","@id":"https:\/\/vosgesinfo.fr\/saintdieinfo\/#\/schema\/person\/fa73e9f726d67bb88f46d5b7943cb572","name":"J.J.","image":{"@type":"ImageObject","inLanguage":"fr-FR","@id":"https:\/\/vosgesinfo.fr\/saintdieinfo\/#\/schema\/person\/image\/","url":"https:\/\/secure.gravatar.com\/avatar\/219e749e47ffbcca018a360ae4add7d4cdf1cdaaf8bc7676b27efade3fe65615?s=96&d=mm&r=g","contentUrl":"https:\/\/secure.gravatar.com\/avatar\/219e749e47ffbcca018a360ae4add7d4cdf1cdaaf8bc7676b27efade3fe65615?s=96&d=mm&r=g","caption":"J.J."},"url":"https:\/\/vosgesinfo.fr\/saintdieinfo\/author\/j-j\/"}]}},"_links":{"self":[{"href":"https:\/\/vosgesinfo.fr\/saintdieinfo\/wp-json\/wp\/v2\/posts\/87286","targetHints":{"allow":["GET"]}}],"collection":[{"href":"https:\/\/vosgesinfo.fr\/saintdieinfo\/wp-json\/wp\/v2\/posts"}],"about":[{"href":"https:\/\/vosgesinfo.fr\/saintdieinfo\/wp-json\/wp\/v2\/types\/post"}],"author":[{"embeddable":true,"href":"https:\/\/vosgesinfo.fr\/saintdieinfo\/wp-json\/wp\/v2\/users\/46"}],"replies":[{"embeddable":true,"href":"https:\/\/vosgesinfo.fr\/saintdieinfo\/wp-json\/wp\/v2\/comments?post=87286"}],"version-history":[{"count":2,"href":"https:\/\/vosgesinfo.fr\/saintdieinfo\/wp-json\/wp\/v2\/posts\/87286\/revisions"}],"predecessor-version":[{"id":87308,"href":"https:\/\/vosgesinfo.fr\/saintdieinfo\/wp-json\/wp\/v2\/posts\/87286\/revisions\/87308"}],"wp:featuredmedia":[{"embeddable":true,"href":"https:\/\/vosgesinfo.fr\/saintdieinfo\/wp-json\/wp\/v2\/media\/87290"}],"wp:attachment":[{"href":"https:\/\/vosgesinfo.fr\/saintdieinfo\/wp-json\/wp\/v2\/media?parent=87286"}],"wp:term":[{"taxonomy":"category","embeddable":true,"href":"https:\/\/vosgesinfo.fr\/saintdieinfo\/wp-json\/wp\/v2\/categories?post=87286"},{"taxonomy":"post_tag","embeddable":true,"href":"https:\/\/vosgesinfo.fr\/saintdieinfo\/wp-json\/wp\/v2\/tags?post=87286"}],"curies":[{"name":"wp","href":"https:\/\/api.w.org\/{rel}","templated":true}]}}