{"id":87296,"date":"2026-01-28T14:42:38","date_gmt":"2026-01-28T13:42:38","guid":{"rendered":"https:\/\/vosgesinfo.fr\/saintdieinfo\/?p=87296"},"modified":"2026-01-28T14:33:03","modified_gmt":"2026-01-28T13:33:03","slug":"33e-table-vosgienne-deux-jours-pour-celebrer-la-gastronomie-et-les-produits-fermiers-du-massif-vosgien","status":"publish","type":"post","link":"https:\/\/vosgesinfo.fr\/saintdieinfo\/2026\/01\/33e-table-vosgienne-deux-jours-pour-celebrer-la-gastronomie-et-les-produits-fermiers-du-massif-vosgien\/","title":{"rendered":"33e Table Vosgienne : deux jours pour c\u00e9l\u00e9brer la gastronomie et les produits fermiers du Massif Vosgien"},"content":{"rendered":"<div id=\"attachment_74621\" style=\"width: 1034px\" class=\"wp-caption alignnone\"><a href=\"https:\/\/vosgesinfo.fr\/app\/uploads\/sites\/4\/2025\/03\/ouverture-32e-table-vosgienne-3.jpg\"><img decoding=\"async\" aria-describedby=\"caption-attachment-74621\" class=\"size-large wp-image-74621\" src=\"https:\/\/vosgesinfo.fr\/app\/uploads\/sites\/4\/2025\/03\/ouverture-32e-table-vosgienne-3-1024x683.jpg\" alt=\"\" width=\"1024\" height=\"683\" srcset=\"https:\/\/vosgesinfo.fr\/app\/uploads\/sites\/4\/2025\/03\/ouverture-32e-table-vosgienne-3-1024x683.jpg 1024w, https:\/\/vosgesinfo.fr\/app\/uploads\/sites\/4\/2025\/03\/ouverture-32e-table-vosgienne-3-300x200.jpg 300w, https:\/\/vosgesinfo.fr\/app\/uploads\/sites\/4\/2025\/03\/ouverture-32e-table-vosgienne-3-768x512.jpg 768w, https:\/\/vosgesinfo.fr\/app\/uploads\/sites\/4\/2025\/03\/ouverture-32e-table-vosgienne-3.jpg 1200w\" sizes=\"(max-width: 1024px) 100vw, 1024px\" \/><\/a><p id=\"caption-attachment-74621\" class=\"wp-caption-text\">(Archive)<\/p><\/div>\n<h2><strong>La Table Vosgienne<\/strong> revient prochainement \u00e0 <strong>Saint-Di\u00e9-des-Vosges<\/strong> pour sa <strong>33e \u00e9dition<\/strong>. Plus pr\u00e9cis\u00e9ment le week-end des <strong>28 f\u00e9vrier et 1er mars<\/strong>, de <strong>10h \u00e0 19h<\/strong>.<\/h2>\n<p><!--more--><\/p>\n<h3><strong>L&rsquo;ARIAL toujours aux manettes<\/strong><\/h3>\n<p>Toujours organis\u00e9 par l\u2019<strong>Association de Relance des Initiatives Agricoles Locales \u2013 ARIAL \u2013,<\/strong> le salon de la gastronomie et des produits fermiers du Massif Vosgien se tiendra toujours \u00e0 l\u2019<strong>Espace Fran\u00e7ois Mitterrand<\/strong>, avec une <strong>entr\u00e9e toujours gratuite<\/strong>.<\/p>\n<h3><strong>Animations, d\u00e9monstrations et ferme p\u00e9dagogique<\/strong><\/h3>\n<p><strong>Animations diverses, d\u00e9monstrations culinaires et ateliers pour petits et grands<\/strong> compl\u00e8teront le programme, avec une <strong>restauration sur place<\/strong> propos\u00e9e avec les <strong>Jeunes Agriculteurs \u2013 JA<\/strong>. De plus, la <strong>ferme p\u00e9dagogique<\/strong> proposera de nombreux jeux pour les enfants, m\u00eame si la <strong>pr\u00e9sence d\u2019animaux reste incertaine<\/strong>, en raison du contexte national li\u00e9 \u00e0 des maladies contagieuses.<\/p>\n<h3><strong>Mettre en lumi\u00e8re les agriculteurs locaux<\/strong><\/h3>\n<p>Car la Table Vosgienne ne se r\u00e9sume pas \u00e0 un simple salon gastronomique. Ce rendez-vous annuel est \u00e9galement l&rsquo;occasion de mettre en lumi\u00e8re le <strong>travail des agriculteurs locaux<\/strong>, la <strong>qualit\u00e9 de leurs produits<\/strong>, leur <strong>savoir-faire<\/strong> et la <strong>proximit\u00e9 des producteurs<\/strong>.<\/p>\n<p><a href=\"https:\/\/vosgesinfo.fr\/app\/uploads\/sites\/4\/2026\/01\/33e-table-vosgienne.jpg\"><img decoding=\"async\" class=\"alignnone size-large wp-image-87297\" src=\"https:\/\/vosgesinfo.fr\/app\/uploads\/sites\/4\/2026\/01\/33e-table-vosgienne-724x1024.jpg\" alt=\"\" width=\"724\" height=\"1024\" srcset=\"https:\/\/vosgesinfo.fr\/app\/uploads\/sites\/4\/2026\/01\/33e-table-vosgienne-724x1024.jpg 724w, https:\/\/vosgesinfo.fr\/app\/uploads\/sites\/4\/2026\/01\/33e-table-vosgienne-212x300.jpg 212w, https:\/\/vosgesinfo.fr\/app\/uploads\/sites\/4\/2026\/01\/33e-table-vosgienne.jpg 764w\" sizes=\"(max-width: 724px) 100vw, 724px\" \/><\/a><\/p>\n","protected":false},"excerpt":{"rendered":"<p>La Table Vosgienne revient prochainement \u00e0 Saint-Di\u00e9-des-Vosges pour sa 33e \u00e9dition. Plus pr\u00e9cis\u00e9ment le week-end des 28 f\u00e9vrier et 1er [&hellip;]<\/p>\n","protected":false},"author":46,"featured_media":74621,"comment_status":"open","ping_status":"open","sticky":false,"template":"","format":"standard","meta":{"footnotes":""},"categories":[460,128,167,2915],"tags":[20008,3884,3885,320,20006,3089,20007,16107,5178,20004,147,20005,2881,12660,43],"class_list":["post-87296","post","type-post","status-publish","format-standard","has-post-thumbnail","hentry","category-a-la-une","category-agriculture","category-saint-die-des-vosges","category-saint-die-son-canton","tag-agriculteurs-locaux","tag-arial","tag-association-de-relance-des-initiatives-agricoles-locales","tag-ateliers","tag-demonstrations-culinaires","tag-espace-francois-mitterrand","tag-ferme-pedagogique","tag-ja","tag-jeunes-agriculteurs","tag-la-table-vosgienne","tag-massif-vosgien","tag-produits-fermiers","tag-saint-die-des-vosges","tag-salon-de-la-gastronomie","tag-vosges"],"acf":[],"yoast_head":"<!-- This site is optimized with the Yoast SEO plugin v22.5 - https:\/\/yoast.com\/wordpress\/plugins\/seo\/ -->\n<title>33e Table Vosgienne : deux jours pour c\u00e9l\u00e9brer la gastronomie et les produits fermiers du Massif Vosgien - Saint Die Info<\/title>\n<meta name=\"robots\" content=\"index, follow, max-snippet:-1, max-image-preview:large, max-video-preview:-1\" \/>\n<link rel=\"canonical\" href=\"https:\/\/vosgesinfo.fr\/saintdieinfo\/2026\/01\/33e-table-vosgienne-deux-jours-pour-celebrer-la-gastronomie-et-les-produits-fermiers-du-massif-vosgien\/\" \/>\n<meta name=\"twitter:card\" content=\"summary_large_image\" \/>\n<meta name=\"twitter:title\" content=\"33e Table Vosgienne : deux jours pour c\u00e9l\u00e9brer la gastronomie et les produits fermiers du Massif Vosgien - Saint Die Info\" \/>\n<meta name=\"twitter:description\" content=\"La Table Vosgienne revient prochainement \u00e0 Saint-Di\u00e9-des-Vosges pour sa 33e \u00e9dition. Plus pr\u00e9cis\u00e9ment le week-end des 28 f\u00e9vrier et 1er [&hellip;]\" \/>\n<meta name=\"twitter:image\" content=\"https:\/\/vosgesinfo.fr\/app\/uploads\/sites\/4\/2025\/03\/ouverture-32e-table-vosgienne-3.jpg\" \/>\n<meta name=\"twitter:creator\" content=\"@VosgesInfo88\" \/>\n<meta name=\"twitter:site\" content=\"@VosgesInfo88\" \/>\n<meta name=\"twitter:label1\" content=\"\u00c9crit par\" \/>\n\t<meta name=\"twitter:data1\" content=\"J.J.\" \/>\n\t<meta name=\"twitter:label2\" content=\"Dur\u00e9e de lecture estim\u00e9e\" \/>\n\t<meta name=\"twitter:data2\" content=\"1 minute\" \/>\n<script type=\"application\/ld+json\" class=\"yoast-schema-graph\">{\"@context\":\"https:\/\/schema.org\",\"@graph\":[{\"@type\":\"Article\",\"@id\":\"https:\/\/vosgesinfo.fr\/saintdieinfo\/2026\/01\/33e-table-vosgienne-deux-jours-pour-celebrer-la-gastronomie-et-les-produits-fermiers-du-massif-vosgien\/#article\",\"isPartOf\":{\"@id\":\"https:\/\/vosgesinfo.fr\/saintdieinfo\/2026\/01\/33e-table-vosgienne-deux-jours-pour-celebrer-la-gastronomie-et-les-produits-fermiers-du-massif-vosgien\/\"},\"author\":{\"name\":\"J.J.\",\"@id\":\"https:\/\/vosgesinfo.fr\/saintdieinfo\/#\/schema\/person\/fa73e9f726d67bb88f46d5b7943cb572\"},\"headline\":\"33e Table Vosgienne : deux jours pour c\u00e9l\u00e9brer la gastronomie et les produits fermiers du Massif Vosgien\",\"datePublished\":\"2026-01-28T13:42:38+00:00\",\"dateModified\":\"2026-01-28T13:33:03+00:00\",\"mainEntityOfPage\":{\"@id\":\"https:\/\/vosgesinfo.fr\/saintdieinfo\/2026\/01\/33e-table-vosgienne-deux-jours-pour-celebrer-la-gastronomie-et-les-produits-fermiers-du-massif-vosgien\/\"},\"wordCount\":210,\"commentCount\":0,\"publisher\":{\"@id\":\"https:\/\/vosgesinfo.fr\/saintdieinfo\/#organization\"},\"image\":{\"@id\":\"https:\/\/vosgesinfo.fr\/saintdieinfo\/2026\/01\/33e-table-vosgienne-deux-jours-pour-celebrer-la-gastronomie-et-les-produits-fermiers-du-massif-vosgien\/#primaryimage\"},\"thumbnailUrl\":\"https:\/\/vosgesinfo.fr\/app\/uploads\/sites\/4\/2025\/03\/ouverture-32e-table-vosgienne-3.jpg\",\"keywords\":[\"agriculteurs locaux\",\"ARIAL\",\"Association de Relance des Initiatives Agricoles Locales\",\"ateliers\",\"d\u00e9monstrations culinaires\",\"Espace Fran\u00e7ois-Mitterrand\",\"ferme p\u00e9dagogique\",\"JA\",\"Jeunes Agriculteurs\",\"La Table Vosgienne\",\"massif vosgien\",\"produits fermiers\",\"Saint-Di\u00e9-des-Vosges\",\"Salon de la Gastronomie\",\"vosges\"],\"articleSection\":[\"A la Une\",\"Agriculture\",\"Saint-Di\u00e9-des-Vosges\",\"Saint-Di\u00e9-des-Vosges et son Agglom\u00e9ration\"],\"inLanguage\":\"fr-FR\",\"potentialAction\":[{\"@type\":\"CommentAction\",\"name\":\"Comment\",\"target\":[\"https:\/\/vosgesinfo.fr\/saintdieinfo\/2026\/01\/33e-table-vosgienne-deux-jours-pour-celebrer-la-gastronomie-et-les-produits-fermiers-du-massif-vosgien\/#respond\"]}]},{\"@type\":\"WebPage\",\"@id\":\"https:\/\/vosgesinfo.fr\/saintdieinfo\/2026\/01\/33e-table-vosgienne-deux-jours-pour-celebrer-la-gastronomie-et-les-produits-fermiers-du-massif-vosgien\/\",\"url\":\"https:\/\/vosgesinfo.fr\/saintdieinfo\/2026\/01\/33e-table-vosgienne-deux-jours-pour-celebrer-la-gastronomie-et-les-produits-fermiers-du-massif-vosgien\/\",\"name\":\"33e Table Vosgienne : deux jours pour c\u00e9l\u00e9brer la gastronomie et les produits fermiers du Massif Vosgien - Saint Die Info\",\"isPartOf\":{\"@id\":\"https:\/\/vosgesinfo.fr\/saintdieinfo\/#website\"},\"primaryImageOfPage\":{\"@id\":\"https:\/\/vosgesinfo.fr\/saintdieinfo\/2026\/01\/33e-table-vosgienne-deux-jours-pour-celebrer-la-gastronomie-et-les-produits-fermiers-du-massif-vosgien\/#primaryimage\"},\"image\":{\"@id\":\"https:\/\/vosgesinfo.fr\/saintdieinfo\/2026\/01\/33e-table-vosgienne-deux-jours-pour-celebrer-la-gastronomie-et-les-produits-fermiers-du-massif-vosgien\/#primaryimage\"},\"thumbnailUrl\":\"https:\/\/vosgesinfo.fr\/app\/uploads\/sites\/4\/2025\/03\/ouverture-32e-table-vosgienne-3.jpg\",\"datePublished\":\"2026-01-28T13:42:38+00:00\",\"dateModified\":\"2026-01-28T13:33:03+00:00\",\"breadcrumb\":{\"@id\":\"https:\/\/vosgesinfo.fr\/saintdieinfo\/2026\/01\/33e-table-vosgienne-deux-jours-pour-celebrer-la-gastronomie-et-les-produits-fermiers-du-massif-vosgien\/#breadcrumb\"},\"inLanguage\":\"fr-FR\",\"potentialAction\":[{\"@type\":\"ReadAction\",\"target\":[\"https:\/\/vosgesinfo.fr\/saintdieinfo\/2026\/01\/33e-table-vosgienne-deux-jours-pour-celebrer-la-gastronomie-et-les-produits-fermiers-du-massif-vosgien\/\"]}]},{\"@type\":\"ImageObject\",\"inLanguage\":\"fr-FR\",\"@id\":\"https:\/\/vosgesinfo.fr\/saintdieinfo\/2026\/01\/33e-table-vosgienne-deux-jours-pour-celebrer-la-gastronomie-et-les-produits-fermiers-du-massif-vosgien\/#primaryimage\",\"url\":\"https:\/\/vosgesinfo.fr\/app\/uploads\/sites\/4\/2025\/03\/ouverture-32e-table-vosgienne-3.jpg\",\"contentUrl\":\"https:\/\/vosgesinfo.fr\/app\/uploads\/sites\/4\/2025\/03\/ouverture-32e-table-vosgienne-3.jpg\",\"width\":1200,\"height\":800,\"caption\":\"(Archive)\"},{\"@type\":\"BreadcrumbList\",\"@id\":\"https:\/\/vosgesinfo.fr\/saintdieinfo\/2026\/01\/33e-table-vosgienne-deux-jours-pour-celebrer-la-gastronomie-et-les-produits-fermiers-du-massif-vosgien\/#breadcrumb\",\"itemListElement\":[{\"@type\":\"ListItem\",\"position\":1,\"name\":\"Home\",\"item\":\"https:\/\/vosgesinfo.fr\/saintdieinfo\/\"},{\"@type\":\"ListItem\",\"position\":2,\"name\":\"33e Table Vosgienne : deux jours pour c\u00e9l\u00e9brer la gastronomie et les produits fermiers du Massif Vosgien\"}]},{\"@type\":\"WebSite\",\"@id\":\"https:\/\/vosgesinfo.fr\/saintdieinfo\/#website\",\"url\":\"https:\/\/vosgesinfo.fr\/saintdieinfo\/\",\"name\":\"Saint Die Info\",\"description\":\"Toute l&#039;actualit\u00e9 de Saint-Di\u00e9-Des-Vosges\",\"publisher\":{\"@id\":\"https:\/\/vosgesinfo.fr\/saintdieinfo\/#organization\"},\"alternateName\":\"Toute l'actualit\u00e9 de Saint-Di\u00e9-Des-Vosges\",\"potentialAction\":[{\"@type\":\"SearchAction\",\"target\":{\"@type\":\"EntryPoint\",\"urlTemplate\":\"https:\/\/vosgesinfo.fr\/saintdieinfo\/?s={search_term_string}\"},\"query-input\":\"required name=search_term_string\"}],\"inLanguage\":\"fr-FR\"},{\"@type\":\"Organization\",\"@id\":\"https:\/\/vosgesinfo.fr\/saintdieinfo\/#organization\",\"name\":\"Saint Die Info\",\"url\":\"https:\/\/vosgesinfo.fr\/saintdieinfo\/\",\"logo\":{\"@type\":\"ImageObject\",\"inLanguage\":\"fr-FR\",\"@id\":\"https:\/\/vosgesinfo.fr\/saintdieinfo\/#\/schema\/logo\/image\/\",\"url\":\"https:\/\/vosgesinfo.fr\/app\/uploads\/sites\/4\/2024\/02\/logo-sdi.jpg\",\"contentUrl\":\"https:\/\/vosgesinfo.fr\/app\/uploads\/sites\/4\/2024\/02\/logo-sdi.jpg\",\"width\":600,\"height\":600,\"caption\":\"Saint Die Info\"},\"image\":{\"@id\":\"https:\/\/vosgesinfo.fr\/saintdieinfo\/#\/schema\/logo\/image\/\"},\"sameAs\":[\"https:\/\/www.facebook.com\/Saintdieinfofr\",\"https:\/\/x.com\/VosgesInfo88\",\"https:\/\/www.youtube.com\/@vosgesinfo\"]},{\"@type\":\"Person\",\"@id\":\"https:\/\/vosgesinfo.fr\/saintdieinfo\/#\/schema\/person\/fa73e9f726d67bb88f46d5b7943cb572\",\"name\":\"J.J.\",\"image\":{\"@type\":\"ImageObject\",\"inLanguage\":\"fr-FR\",\"@id\":\"https:\/\/vosgesinfo.fr\/saintdieinfo\/#\/schema\/person\/image\/\",\"url\":\"https:\/\/secure.gravatar.com\/avatar\/219e749e47ffbcca018a360ae4add7d4cdf1cdaaf8bc7676b27efade3fe65615?s=96&d=mm&r=g\",\"contentUrl\":\"https:\/\/secure.gravatar.com\/avatar\/219e749e47ffbcca018a360ae4add7d4cdf1cdaaf8bc7676b27efade3fe65615?s=96&d=mm&r=g\",\"caption\":\"J.J.\"},\"url\":\"https:\/\/vosgesinfo.fr\/saintdieinfo\/author\/j-j\/\"}]}<\/script>\n<!-- \/ Yoast SEO plugin. -->","yoast_head_json":{"title":"33e Table Vosgienne : deux jours pour c\u00e9l\u00e9brer la gastronomie et les produits fermiers du Massif Vosgien - Saint Die Info","robots":{"index":"index","follow":"follow","max-snippet":"max-snippet:-1","max-image-preview":"max-image-preview:large","max-video-preview":"max-video-preview:-1"},"canonical":"https:\/\/vosgesinfo.fr\/saintdieinfo\/2026\/01\/33e-table-vosgienne-deux-jours-pour-celebrer-la-gastronomie-et-les-produits-fermiers-du-massif-vosgien\/","twitter_card":"summary_large_image","twitter_title":"33e Table Vosgienne : deux jours pour c\u00e9l\u00e9brer la gastronomie et les produits fermiers du Massif Vosgien - Saint Die Info","twitter_description":"La Table Vosgienne revient prochainement \u00e0 Saint-Di\u00e9-des-Vosges pour sa 33e \u00e9dition. Plus pr\u00e9cis\u00e9ment le week-end des 28 f\u00e9vrier et 1er [&hellip;]","twitter_image":"https:\/\/vosgesinfo.fr\/app\/uploads\/sites\/4\/2025\/03\/ouverture-32e-table-vosgienne-3.jpg","twitter_creator":"@VosgesInfo88","twitter_site":"@VosgesInfo88","twitter_misc":{"\u00c9crit par":"J.J.","Dur\u00e9e de lecture estim\u00e9e":"1 minute"},"schema":{"@context":"https:\/\/schema.org","@graph":[{"@type":"Article","@id":"https:\/\/vosgesinfo.fr\/saintdieinfo\/2026\/01\/33e-table-vosgienne-deux-jours-pour-celebrer-la-gastronomie-et-les-produits-fermiers-du-massif-vosgien\/#article","isPartOf":{"@id":"https:\/\/vosgesinfo.fr\/saintdieinfo\/2026\/01\/33e-table-vosgienne-deux-jours-pour-celebrer-la-gastronomie-et-les-produits-fermiers-du-massif-vosgien\/"},"author":{"name":"J.J.","@id":"https:\/\/vosgesinfo.fr\/saintdieinfo\/#\/schema\/person\/fa73e9f726d67bb88f46d5b7943cb572"},"headline":"33e Table Vosgienne : deux jours pour c\u00e9l\u00e9brer la gastronomie et les produits fermiers du Massif Vosgien","datePublished":"2026-01-28T13:42:38+00:00","dateModified":"2026-01-28T13:33:03+00:00","mainEntityOfPage":{"@id":"https:\/\/vosgesinfo.fr\/saintdieinfo\/2026\/01\/33e-table-vosgienne-deux-jours-pour-celebrer-la-gastronomie-et-les-produits-fermiers-du-massif-vosgien\/"},"wordCount":210,"commentCount":0,"publisher":{"@id":"https:\/\/vosgesinfo.fr\/saintdieinfo\/#organization"},"image":{"@id":"https:\/\/vosgesinfo.fr\/saintdieinfo\/2026\/01\/33e-table-vosgienne-deux-jours-pour-celebrer-la-gastronomie-et-les-produits-fermiers-du-massif-vosgien\/#primaryimage"},"thumbnailUrl":"https:\/\/vosgesinfo.fr\/app\/uploads\/sites\/4\/2025\/03\/ouverture-32e-table-vosgienne-3.jpg","keywords":["agriculteurs locaux","ARIAL","Association de Relance des Initiatives Agricoles Locales","ateliers","d\u00e9monstrations culinaires","Espace Fran\u00e7ois-Mitterrand","ferme p\u00e9dagogique","JA","Jeunes Agriculteurs","La Table Vosgienne","massif vosgien","produits fermiers","Saint-Di\u00e9-des-Vosges","Salon de la Gastronomie","vosges"],"articleSection":["A la Une","Agriculture","Saint-Di\u00e9-des-Vosges","Saint-Di\u00e9-des-Vosges et son Agglom\u00e9ration"],"inLanguage":"fr-FR","potentialAction":[{"@type":"CommentAction","name":"Comment","target":["https:\/\/vosgesinfo.fr\/saintdieinfo\/2026\/01\/33e-table-vosgienne-deux-jours-pour-celebrer-la-gastronomie-et-les-produits-fermiers-du-massif-vosgien\/#respond"]}]},{"@type":"WebPage","@id":"https:\/\/vosgesinfo.fr\/saintdieinfo\/2026\/01\/33e-table-vosgienne-deux-jours-pour-celebrer-la-gastronomie-et-les-produits-fermiers-du-massif-vosgien\/","url":"https:\/\/vosgesinfo.fr\/saintdieinfo\/2026\/01\/33e-table-vosgienne-deux-jours-pour-celebrer-la-gastronomie-et-les-produits-fermiers-du-massif-vosgien\/","name":"33e Table Vosgienne : deux jours pour c\u00e9l\u00e9brer la gastronomie et les produits fermiers du Massif Vosgien - Saint Die Info","isPartOf":{"@id":"https:\/\/vosgesinfo.fr\/saintdieinfo\/#website"},"primaryImageOfPage":{"@id":"https:\/\/vosgesinfo.fr\/saintdieinfo\/2026\/01\/33e-table-vosgienne-deux-jours-pour-celebrer-la-gastronomie-et-les-produits-fermiers-du-massif-vosgien\/#primaryimage"},"image":{"@id":"https:\/\/vosgesinfo.fr\/saintdieinfo\/2026\/01\/33e-table-vosgienne-deux-jours-pour-celebrer-la-gastronomie-et-les-produits-fermiers-du-massif-vosgien\/#primaryimage"},"thumbnailUrl":"https:\/\/vosgesinfo.fr\/app\/uploads\/sites\/4\/2025\/03\/ouverture-32e-table-vosgienne-3.jpg","datePublished":"2026-01-28T13:42:38+00:00","dateModified":"2026-01-28T13:33:03+00:00","breadcrumb":{"@id":"https:\/\/vosgesinfo.fr\/saintdieinfo\/2026\/01\/33e-table-vosgienne-deux-jours-pour-celebrer-la-gastronomie-et-les-produits-fermiers-du-massif-vosgien\/#breadcrumb"},"inLanguage":"fr-FR","potentialAction":[{"@type":"ReadAction","target":["https:\/\/vosgesinfo.fr\/saintdieinfo\/2026\/01\/33e-table-vosgienne-deux-jours-pour-celebrer-la-gastronomie-et-les-produits-fermiers-du-massif-vosgien\/"]}]},{"@type":"ImageObject","inLanguage":"fr-FR","@id":"https:\/\/vosgesinfo.fr\/saintdieinfo\/2026\/01\/33e-table-vosgienne-deux-jours-pour-celebrer-la-gastronomie-et-les-produits-fermiers-du-massif-vosgien\/#primaryimage","url":"https:\/\/vosgesinfo.fr\/app\/uploads\/sites\/4\/2025\/03\/ouverture-32e-table-vosgienne-3.jpg","contentUrl":"https:\/\/vosgesinfo.fr\/app\/uploads\/sites\/4\/2025\/03\/ouverture-32e-table-vosgienne-3.jpg","width":1200,"height":800,"caption":"(Archive)"},{"@type":"BreadcrumbList","@id":"https:\/\/vosgesinfo.fr\/saintdieinfo\/2026\/01\/33e-table-vosgienne-deux-jours-pour-celebrer-la-gastronomie-et-les-produits-fermiers-du-massif-vosgien\/#breadcrumb","itemListElement":[{"@type":"ListItem","position":1,"name":"Home","item":"https:\/\/vosgesinfo.fr\/saintdieinfo\/"},{"@type":"ListItem","position":2,"name":"33e Table Vosgienne : deux jours pour c\u00e9l\u00e9brer la gastronomie et les produits fermiers du Massif Vosgien"}]},{"@type":"WebSite","@id":"https:\/\/vosgesinfo.fr\/saintdieinfo\/#website","url":"https:\/\/vosgesinfo.fr\/saintdieinfo\/","name":"Saint Die Info","description":"Toute l&#039;actualit\u00e9 de Saint-Di\u00e9-Des-Vosges","publisher":{"@id":"https:\/\/vosgesinfo.fr\/saintdieinfo\/#organization"},"alternateName":"Toute l'actualit\u00e9 de Saint-Di\u00e9-Des-Vosges","potentialAction":[{"@type":"SearchAction","target":{"@type":"EntryPoint","urlTemplate":"https:\/\/vosgesinfo.fr\/saintdieinfo\/?s={search_term_string}"},"query-input":"required name=search_term_string"}],"inLanguage":"fr-FR"},{"@type":"Organization","@id":"https:\/\/vosgesinfo.fr\/saintdieinfo\/#organization","name":"Saint Die Info","url":"https:\/\/vosgesinfo.fr\/saintdieinfo\/","logo":{"@type":"ImageObject","inLanguage":"fr-FR","@id":"https:\/\/vosgesinfo.fr\/saintdieinfo\/#\/schema\/logo\/image\/","url":"https:\/\/vosgesinfo.fr\/app\/uploads\/sites\/4\/2024\/02\/logo-sdi.jpg","contentUrl":"https:\/\/vosgesinfo.fr\/app\/uploads\/sites\/4\/2024\/02\/logo-sdi.jpg","width":600,"height":600,"caption":"Saint Die Info"},"image":{"@id":"https:\/\/vosgesinfo.fr\/saintdieinfo\/#\/schema\/logo\/image\/"},"sameAs":["https:\/\/www.facebook.com\/Saintdieinfofr","https:\/\/x.com\/VosgesInfo88","https:\/\/www.youtube.com\/@vosgesinfo"]},{"@type":"Person","@id":"https:\/\/vosgesinfo.fr\/saintdieinfo\/#\/schema\/person\/fa73e9f726d67bb88f46d5b7943cb572","name":"J.J.","image":{"@type":"ImageObject","inLanguage":"fr-FR","@id":"https:\/\/vosgesinfo.fr\/saintdieinfo\/#\/schema\/person\/image\/","url":"https:\/\/secure.gravatar.com\/avatar\/219e749e47ffbcca018a360ae4add7d4cdf1cdaaf8bc7676b27efade3fe65615?s=96&d=mm&r=g","contentUrl":"https:\/\/secure.gravatar.com\/avatar\/219e749e47ffbcca018a360ae4add7d4cdf1cdaaf8bc7676b27efade3fe65615?s=96&d=mm&r=g","caption":"J.J."},"url":"https:\/\/vosgesinfo.fr\/saintdieinfo\/author\/j-j\/"}]}},"_links":{"self":[{"href":"https:\/\/vosgesinfo.fr\/saintdieinfo\/wp-json\/wp\/v2\/posts\/87296","targetHints":{"allow":["GET"]}}],"collection":[{"href":"https:\/\/vosgesinfo.fr\/saintdieinfo\/wp-json\/wp\/v2\/posts"}],"about":[{"href":"https:\/\/vosgesinfo.fr\/saintdieinfo\/wp-json\/wp\/v2\/types\/post"}],"author":[{"embeddable":true,"href":"https:\/\/vosgesinfo.fr\/saintdieinfo\/wp-json\/wp\/v2\/users\/46"}],"replies":[{"embeddable":true,"href":"https:\/\/vosgesinfo.fr\/saintdieinfo\/wp-json\/wp\/v2\/comments?post=87296"}],"version-history":[{"count":2,"href":"https:\/\/vosgesinfo.fr\/saintdieinfo\/wp-json\/wp\/v2\/posts\/87296\/revisions"}],"predecessor-version":[{"id":87299,"href":"https:\/\/vosgesinfo.fr\/saintdieinfo\/wp-json\/wp\/v2\/posts\/87296\/revisions\/87299"}],"wp:featuredmedia":[{"embeddable":true,"href":"https:\/\/vosgesinfo.fr\/saintdieinfo\/wp-json\/wp\/v2\/media\/74621"}],"wp:attachment":[{"href":"https:\/\/vosgesinfo.fr\/saintdieinfo\/wp-json\/wp\/v2\/media?parent=87296"}],"wp:term":[{"taxonomy":"category","embeddable":true,"href":"https:\/\/vosgesinfo.fr\/saintdieinfo\/wp-json\/wp\/v2\/categories?post=87296"},{"taxonomy":"post_tag","embeddable":true,"href":"https:\/\/vosgesinfo.fr\/saintdieinfo\/wp-json\/wp\/v2\/tags?post=87296"}],"curies":[{"name":"wp","href":"https:\/\/api.w.org\/{rel}","templated":true}]}}