{"id":87311,"date":"2026-01-29T09:12:57","date_gmt":"2026-01-29T08:12:57","guid":{"rendered":"https:\/\/vosgesinfo.fr\/saintdieinfo\/?p=87311"},"modified":"2026-01-29T09:01:07","modified_gmt":"2026-01-29T08:01:07","slug":"deces-du-21-au-28-janvier-2026","status":"publish","type":"post","link":"https:\/\/vosgesinfo.fr\/saintdieinfo\/2026\/01\/deces-du-21-au-28-janvier-2026\/","title":{"rendered":"D\u00e9c\u00e8s du 21 au 28 janvier 2026"},"content":{"rendered":"<div class=\"flex max-w-full flex-col grow\">\n<div class=\"min-h-8 text-message relative flex w-full flex-col items-end gap-2 text-start break-words whitespace-normal [.text-message+&amp;]:mt-1\" dir=\"auto\" data-message-author-role=\"assistant\" data-message-id=\"c461f3ee-252b-4f37-bc10-f6bdc7f5a8ba\" data-message-model-slug=\"gpt-5-2-thinking\">\n<div class=\"flex w-full flex-col gap-1 empty:hidden first:pt-[1px]\">\n<div class=\"markdown prose dark:prose-invert w-full wrap-break-word light markdown-new-styling\">\n<ul>\n<li data-start=\"586\" data-end=\"2533\">21 janvier \u2013 <strong data-start=\"599\" data-end=\"634\">Annie CLEVENOT veuve CHRISTOPHE<\/strong> <strong data-start=\"635\" data-end=\"645\">70 ans<\/strong> domicili\u00e9e \u00e0 <strong data-start=\"659\" data-end=\"683\">Saint-Di\u00e9-des-Vosges<\/strong>.<\/li>\n<li data-start=\"586\" data-end=\"2533\">21 janvier \u2013 <strong data-start=\"700\" data-end=\"720\">Yvette JACQUEMIN<\/strong> <strong data-start=\"721\" data-end=\"731\">94 ans<\/strong> domicili\u00e9e \u00e0 <strong data-start=\"745\" data-end=\"763\">Sanary-sur-Mer<\/strong>.<\/li>\n<li data-start=\"586\" data-end=\"2533\">21 janvier \u2013 <strong data-start=\"780\" data-end=\"809\">Marie MARTIN veuve THOMAS<\/strong> <strong data-start=\"810\" data-end=\"820\">95 ans<\/strong> domicili\u00e9e \u00e0 <strong data-start=\"834\" data-end=\"858\">Saint-Di\u00e9-des-Vosges<\/strong>.<\/li>\n<li data-start=\"586\" data-end=\"2533\">21 janvier \u2013 <strong data-start=\"875\" data-end=\"911\">Ren\u00e9e PONCELET divorc\u00e9e FUSELIER<\/strong> <strong data-start=\"912\" data-end=\"922\">88 ans<\/strong> domicili\u00e9e \u00e0 <strong data-start=\"936\" data-end=\"960\">Saint-Di\u00e9-des-Vosges<\/strong>.<\/li>\n<li data-start=\"586\" data-end=\"2533\">22 janvier \u2013 <strong data-start=\"977\" data-end=\"1006\">Odette B\u00c9DEL veuve MOUGEL<\/strong> <strong data-start=\"1007\" data-end=\"1017\">89 ans<\/strong> domicili\u00e9e \u00e0 <strong data-start=\"1031\" data-end=\"1044\">G\u00e9rardmer<\/strong>.<\/li>\n<li data-start=\"586\" data-end=\"2533\">22 janvier \u2013 <strong data-start=\"1061\" data-end=\"1083\">Jean-Jacques CAPP\u00c9<\/strong> <strong data-start=\"1084\" data-end=\"1094\">73 ans<\/strong> domicili\u00e9 \u00e0 <strong data-start=\"1107\" data-end=\"1120\">G\u00e9rardmer<\/strong>.<\/li>\n<li data-start=\"586\" data-end=\"2533\">22 janvier \u2013 <strong data-start=\"1137\" data-end=\"1154\">Ren\u00e9 FERRARIO<\/strong> <strong data-start=\"1155\" data-end=\"1165\">89 ans<\/strong> domicili\u00e9 \u00e0 <strong data-start=\"1178\" data-end=\"1202\">Saint-Di\u00e9-des-Vosges<\/strong>.<\/li>\n<li data-start=\"586\" data-end=\"2533\">22 janvier \u2013 <strong data-start=\"1219\" data-end=\"1235\">Jean MARCHAL<\/strong> <strong data-start=\"1236\" data-end=\"1246\">66 ans<\/strong> domicili\u00e9 \u00e0 <strong data-start=\"1259\" data-end=\"1281\">Saulcy-sur-Meurthe<\/strong>.<\/li>\n<li data-start=\"586\" data-end=\"2533\">22 janvier \u2013 <strong data-start=\"1298\" data-end=\"1331\">Liliane SCHMIDT veuve JEANNEL<\/strong> <strong data-start=\"1332\" data-end=\"1342\">90 ans<\/strong> domicili\u00e9e \u00e0 <strong data-start=\"1356\" data-end=\"1380\">Saint-Di\u00e9-des-Vosges<\/strong>.<\/li>\n<li data-start=\"586\" data-end=\"2533\">22 janvier \u2013 <strong data-start=\"1397\" data-end=\"1432\">Suzanne STOEFFLER veuve GAUCHER<\/strong> <strong data-start=\"1433\" data-end=\"1443\">97 ans<\/strong> domicili\u00e9e \u00e0 <strong data-start=\"1457\" data-end=\"1481\">Saint-Di\u00e9-des-Vosges<\/strong>.<\/li>\n<li data-start=\"586\" data-end=\"2533\">23 janvier \u2013 <strong data-start=\"1498\" data-end=\"1517\">Marcel LEJAILLE<\/strong> <strong data-start=\"1518\" data-end=\"1528\">74 ans<\/strong> domicili\u00e9 \u00e0 <strong data-start=\"1541\" data-end=\"1550\">Lusse<\/strong>.<\/li>\n<li data-start=\"586\" data-end=\"2533\">23 janvier \u2013 <strong data-start=\"1567\" data-end=\"1594\">Reine MECKERT veuve EBY<\/strong> <strong data-start=\"1595\" data-end=\"1605\">90 ans<\/strong> domicili\u00e9e \u00e0 <strong data-start=\"1619\" data-end=\"1643\">Saint-Di\u00e9-des-Vosges<\/strong>.<\/li>\n<li data-start=\"586\" data-end=\"2533\">24 janvier \u2013 <strong data-start=\"1660\" data-end=\"1676\">Pierre CUNAT<\/strong> <strong data-start=\"1677\" data-end=\"1687\">83 ans<\/strong> domicili\u00e9 \u00e0 <strong data-start=\"1700\" data-end=\"1721\">Sainte-Marguerite<\/strong>.<\/li>\n<li data-start=\"586\" data-end=\"2533\">24 janvier \u2013 <strong data-start=\"1738\" data-end=\"1751\">Moussa SY<\/strong> <strong data-start=\"1752\" data-end=\"1762\">77 ans<\/strong> domicili\u00e9 \u00e0 <strong data-start=\"1775\" data-end=\"1799\">Saint-Di\u00e9-des-Vosges<\/strong>.<\/li>\n<li data-start=\"586\" data-end=\"2533\">25 janvier \u2013 <strong data-start=\"1816\" data-end=\"1831\">Emile FERRY<\/strong> <strong data-start=\"1832\" data-end=\"1843\">100 ans<\/strong> domicili\u00e9 \u00e0 <strong data-start=\"1856\" data-end=\"1880\">Saint-Di\u00e9-des-Vosges<\/strong>.<\/li>\n<li data-start=\"586\" data-end=\"2533\">25 janvier \u2013 <strong data-start=\"1897\" data-end=\"1916\">St\u00e9phane MASSON<\/strong> <strong data-start=\"1917\" data-end=\"1927\">59 ans<\/strong> domicili\u00e9 \u00e0 <strong data-start=\"1940\" data-end=\"1964\">Saint-Di\u00e9-des-Vosges<\/strong>.<\/li>\n<li data-start=\"586\" data-end=\"2533\">26 janvier \u2013 <strong data-start=\"1981\" data-end=\"2001\">Monique BRISBARE<\/strong> <strong data-start=\"2002\" data-end=\"2012\">86 ans<\/strong> domicili\u00e9e \u00e0 <strong data-start=\"2026\" data-end=\"2047\">Sainte-Marguerite<\/strong>.<\/li>\n<li data-start=\"586\" data-end=\"2533\">26 janvier \u2013 <strong data-start=\"2064\" data-end=\"2083\">Samba KOULIBALY<\/strong> <strong data-start=\"2084\" data-end=\"2094\">84 ans<\/strong> domicili\u00e9 \u00e0 <strong data-start=\"2107\" data-end=\"2131\">Saint-Di\u00e9-des-Vosges<\/strong>.<\/li>\n<li data-start=\"586\" data-end=\"2533\">26 janvier \u2013 <strong data-start=\"2148\" data-end=\"2165\">Jacky SCHIRCK<\/strong> <strong data-start=\"2166\" data-end=\"2176\">69 ans<\/strong> domicili\u00e9 \u00e0 <strong data-start=\"2189\" data-end=\"2215\">Provench\u00e8res-et-Colroy<\/strong>.<\/li>\n<li data-start=\"586\" data-end=\"2533\">27 janvier \u2013 <strong data-start=\"2232\" data-end=\"2248\">Michel ANCEL<\/strong> <strong data-start=\"2249\" data-end=\"2259\">51 ans<\/strong> domicili\u00e9 \u00e0 <strong data-start=\"2272\" data-end=\"2296\">Saint-Di\u00e9-des-Vosges<\/strong>.<\/li>\n<li data-start=\"586\" data-end=\"2533\">27 janvier \u2013 <strong data-start=\"2313\" data-end=\"2343\">Andr\u00e9e F\u00c9DRIC veuve BLAISE<\/strong> <strong data-start=\"2344\" data-end=\"2354\">86 ans<\/strong> domicili\u00e9e \u00e0 <strong data-start=\"2368\" data-end=\"2392\">Saint-Di\u00e9-des-Vosges<\/strong>.<\/li>\n<li data-start=\"586\" data-end=\"2533\">27 janvier \u2013 <strong data-start=\"2409\" data-end=\"2423\">Andr\u00e9 HANS<\/strong> <strong data-start=\"2424\" data-end=\"2434\">98 ans<\/strong> domicili\u00e9 \u00e0 <strong data-start=\"2447\" data-end=\"2460\">La Bresse<\/strong>.<\/li>\n<li data-start=\"586\" data-end=\"2533\">28 janvier \u2013 <strong data-start=\"2477\" data-end=\"2492\">Jean POUTOT<\/strong> <strong data-start=\"2493\" data-end=\"2503\">82 ans<\/strong> domicili\u00e9 \u00e0 <strong data-start=\"2516\" data-end=\"2532\">Raon l\u2019\u00c9tape<\/strong>.<\/li>\n<\/ul>\n<\/div>\n<\/div>\n<\/div>\n<\/div>\n","protected":false},"excerpt":{"rendered":"<p>21 janvier \u2013 Annie CLEVENOT veuve CHRISTOPHE 70 ans domicili\u00e9e \u00e0 Saint-Di\u00e9-des-Vosges. 21 janvier \u2013 Yvette JACQUEMIN 94 ans domicili\u00e9e [&hellip;]<\/p>\n","protected":false},"author":46,"featured_media":22022,"comment_status":"open","ping_status":"open","sticky":false,"template":"","format":"standard","meta":{"footnotes":""},"categories":[2949,5424,2915],"tags":[420,411],"class_list":["post-87311","post","type-post","status-publish","format-standard","has-post-thumbnail","hentry","category-avis-de-deces-carnet","category-etat-civil","category-saint-die-son-canton","tag-deces","tag-etat-civil"],"acf":[],"yoast_head":"<!-- This site is optimized with the Yoast SEO plugin v22.5 - https:\/\/yoast.com\/wordpress\/plugins\/seo\/ -->\n<title>D\u00e9c\u00e8s du 21 au 28 janvier 2026 - Saint Die Info<\/title>\n<meta name=\"robots\" content=\"index, follow, max-snippet:-1, max-image-preview:large, max-video-preview:-1\" \/>\n<link rel=\"canonical\" href=\"https:\/\/vosgesinfo.fr\/saintdieinfo\/2026\/01\/deces-du-21-au-28-janvier-2026\/\" \/>\n<meta name=\"twitter:card\" content=\"summary_large_image\" \/>\n<meta name=\"twitter:title\" content=\"D\u00e9c\u00e8s du 21 au 28 janvier 2026 - Saint Die Info\" \/>\n<meta name=\"twitter:description\" content=\"21 janvier \u2013 Annie CLEVENOT veuve CHRISTOPHE 70 ans domicili\u00e9e \u00e0 Saint-Di\u00e9-des-Vosges. 21 janvier \u2013 Yvette JACQUEMIN 94 ans domicili\u00e9e [&hellip;]\" \/>\n<meta name=\"twitter:image\" content=\"https:\/\/vosgesinfo.fr\/app\/uploads\/sites\/4\/2022\/01\/etat-civil.jpg\" \/>\n<meta name=\"twitter:creator\" content=\"@VosgesInfo88\" \/>\n<meta name=\"twitter:site\" content=\"@VosgesInfo88\" \/>\n<meta name=\"twitter:label1\" content=\"\u00c9crit par\" \/>\n\t<meta name=\"twitter:data1\" content=\"J.J.\" \/>\n\t<meta name=\"twitter:label2\" content=\"Dur\u00e9e de lecture estim\u00e9e\" \/>\n\t<meta name=\"twitter:data2\" content=\"1 minute\" \/>\n<script type=\"application\/ld+json\" class=\"yoast-schema-graph\">{\"@context\":\"https:\/\/schema.org\",\"@graph\":[{\"@type\":\"Article\",\"@id\":\"https:\/\/vosgesinfo.fr\/saintdieinfo\/2026\/01\/deces-du-21-au-28-janvier-2026\/#article\",\"isPartOf\":{\"@id\":\"https:\/\/vosgesinfo.fr\/saintdieinfo\/2026\/01\/deces-du-21-au-28-janvier-2026\/\"},\"author\":{\"name\":\"J.J.\",\"@id\":\"https:\/\/vosgesinfo.fr\/saintdieinfo\/#\/schema\/person\/fa73e9f726d67bb88f46d5b7943cb572\"},\"headline\":\"D\u00e9c\u00e8s du 21 au 28 janvier 2026\",\"datePublished\":\"2026-01-29T08:12:57+00:00\",\"dateModified\":\"2026-01-29T08:01:07+00:00\",\"mainEntityOfPage\":{\"@id\":\"https:\/\/vosgesinfo.fr\/saintdieinfo\/2026\/01\/deces-du-21-au-28-janvier-2026\/\"},\"wordCount\":195,\"commentCount\":0,\"publisher\":{\"@id\":\"https:\/\/vosgesinfo.fr\/saintdieinfo\/#organization\"},\"image\":{\"@id\":\"https:\/\/vosgesinfo.fr\/saintdieinfo\/2026\/01\/deces-du-21-au-28-janvier-2026\/#primaryimage\"},\"thumbnailUrl\":\"https:\/\/vosgesinfo.fr\/app\/uploads\/sites\/4\/2022\/01\/etat-civil.jpg\",\"keywords\":[\"D\u00e9c\u00e8s\",\"\u00e9tat civil\"],\"articleSection\":[\"Avis de d\u00e9c\u00e8s\",\"Etat-Civil\",\"Saint-Di\u00e9-des-Vosges et son Agglom\u00e9ration\"],\"inLanguage\":\"fr-FR\",\"potentialAction\":[{\"@type\":\"CommentAction\",\"name\":\"Comment\",\"target\":[\"https:\/\/vosgesinfo.fr\/saintdieinfo\/2026\/01\/deces-du-21-au-28-janvier-2026\/#respond\"]}]},{\"@type\":\"WebPage\",\"@id\":\"https:\/\/vosgesinfo.fr\/saintdieinfo\/2026\/01\/deces-du-21-au-28-janvier-2026\/\",\"url\":\"https:\/\/vosgesinfo.fr\/saintdieinfo\/2026\/01\/deces-du-21-au-28-janvier-2026\/\",\"name\":\"D\u00e9c\u00e8s du 21 au 28 janvier 2026 - Saint Die Info\",\"isPartOf\":{\"@id\":\"https:\/\/vosgesinfo.fr\/saintdieinfo\/#website\"},\"primaryImageOfPage\":{\"@id\":\"https:\/\/vosgesinfo.fr\/saintdieinfo\/2026\/01\/deces-du-21-au-28-janvier-2026\/#primaryimage\"},\"image\":{\"@id\":\"https:\/\/vosgesinfo.fr\/saintdieinfo\/2026\/01\/deces-du-21-au-28-janvier-2026\/#primaryimage\"},\"thumbnailUrl\":\"https:\/\/vosgesinfo.fr\/app\/uploads\/sites\/4\/2022\/01\/etat-civil.jpg\",\"datePublished\":\"2026-01-29T08:12:57+00:00\",\"dateModified\":\"2026-01-29T08:01:07+00:00\",\"breadcrumb\":{\"@id\":\"https:\/\/vosgesinfo.fr\/saintdieinfo\/2026\/01\/deces-du-21-au-28-janvier-2026\/#breadcrumb\"},\"inLanguage\":\"fr-FR\",\"potentialAction\":[{\"@type\":\"ReadAction\",\"target\":[\"https:\/\/vosgesinfo.fr\/saintdieinfo\/2026\/01\/deces-du-21-au-28-janvier-2026\/\"]}]},{\"@type\":\"ImageObject\",\"inLanguage\":\"fr-FR\",\"@id\":\"https:\/\/vosgesinfo.fr\/saintdieinfo\/2026\/01\/deces-du-21-au-28-janvier-2026\/#primaryimage\",\"url\":\"https:\/\/vosgesinfo.fr\/app\/uploads\/sites\/4\/2022\/01\/etat-civil.jpg\",\"contentUrl\":\"https:\/\/vosgesinfo.fr\/app\/uploads\/sites\/4\/2022\/01\/etat-civil.jpg\",\"width\":1200,\"height\":600},{\"@type\":\"BreadcrumbList\",\"@id\":\"https:\/\/vosgesinfo.fr\/saintdieinfo\/2026\/01\/deces-du-21-au-28-janvier-2026\/#breadcrumb\",\"itemListElement\":[{\"@type\":\"ListItem\",\"position\":1,\"name\":\"Home\",\"item\":\"https:\/\/vosgesinfo.fr\/saintdieinfo\/\"},{\"@type\":\"ListItem\",\"position\":2,\"name\":\"D\u00e9c\u00e8s du 21 au 28 janvier 2026\"}]},{\"@type\":\"WebSite\",\"@id\":\"https:\/\/vosgesinfo.fr\/saintdieinfo\/#website\",\"url\":\"https:\/\/vosgesinfo.fr\/saintdieinfo\/\",\"name\":\"Saint Die Info\",\"description\":\"Toute l&#039;actualit\u00e9 de Saint-Di\u00e9-Des-Vosges\",\"publisher\":{\"@id\":\"https:\/\/vosgesinfo.fr\/saintdieinfo\/#organization\"},\"alternateName\":\"Toute l'actualit\u00e9 de Saint-Di\u00e9-Des-Vosges\",\"potentialAction\":[{\"@type\":\"SearchAction\",\"target\":{\"@type\":\"EntryPoint\",\"urlTemplate\":\"https:\/\/vosgesinfo.fr\/saintdieinfo\/?s={search_term_string}\"},\"query-input\":\"required name=search_term_string\"}],\"inLanguage\":\"fr-FR\"},{\"@type\":\"Organization\",\"@id\":\"https:\/\/vosgesinfo.fr\/saintdieinfo\/#organization\",\"name\":\"Saint Die Info\",\"url\":\"https:\/\/vosgesinfo.fr\/saintdieinfo\/\",\"logo\":{\"@type\":\"ImageObject\",\"inLanguage\":\"fr-FR\",\"@id\":\"https:\/\/vosgesinfo.fr\/saintdieinfo\/#\/schema\/logo\/image\/\",\"url\":\"https:\/\/vosgesinfo.fr\/app\/uploads\/sites\/4\/2024\/02\/logo-sdi.jpg\",\"contentUrl\":\"https:\/\/vosgesinfo.fr\/app\/uploads\/sites\/4\/2024\/02\/logo-sdi.jpg\",\"width\":600,\"height\":600,\"caption\":\"Saint Die Info\"},\"image\":{\"@id\":\"https:\/\/vosgesinfo.fr\/saintdieinfo\/#\/schema\/logo\/image\/\"},\"sameAs\":[\"https:\/\/www.facebook.com\/Saintdieinfofr\",\"https:\/\/x.com\/VosgesInfo88\",\"https:\/\/www.youtube.com\/@vosgesinfo\"]},{\"@type\":\"Person\",\"@id\":\"https:\/\/vosgesinfo.fr\/saintdieinfo\/#\/schema\/person\/fa73e9f726d67bb88f46d5b7943cb572\",\"name\":\"J.J.\",\"image\":{\"@type\":\"ImageObject\",\"inLanguage\":\"fr-FR\",\"@id\":\"https:\/\/vosgesinfo.fr\/saintdieinfo\/#\/schema\/person\/image\/\",\"url\":\"https:\/\/secure.gravatar.com\/avatar\/219e749e47ffbcca018a360ae4add7d4cdf1cdaaf8bc7676b27efade3fe65615?s=96&d=mm&r=g\",\"contentUrl\":\"https:\/\/secure.gravatar.com\/avatar\/219e749e47ffbcca018a360ae4add7d4cdf1cdaaf8bc7676b27efade3fe65615?s=96&d=mm&r=g\",\"caption\":\"J.J.\"},\"url\":\"https:\/\/vosgesinfo.fr\/saintdieinfo\/author\/j-j\/\"}]}<\/script>\n<!-- \/ Yoast SEO plugin. -->","yoast_head_json":{"title":"D\u00e9c\u00e8s du 21 au 28 janvier 2026 - Saint Die Info","robots":{"index":"index","follow":"follow","max-snippet":"max-snippet:-1","max-image-preview":"max-image-preview:large","max-video-preview":"max-video-preview:-1"},"canonical":"https:\/\/vosgesinfo.fr\/saintdieinfo\/2026\/01\/deces-du-21-au-28-janvier-2026\/","twitter_card":"summary_large_image","twitter_title":"D\u00e9c\u00e8s du 21 au 28 janvier 2026 - Saint Die Info","twitter_description":"21 janvier \u2013 Annie CLEVENOT veuve CHRISTOPHE 70 ans domicili\u00e9e \u00e0 Saint-Di\u00e9-des-Vosges. 21 janvier \u2013 Yvette JACQUEMIN 94 ans domicili\u00e9e [&hellip;]","twitter_image":"https:\/\/vosgesinfo.fr\/app\/uploads\/sites\/4\/2022\/01\/etat-civil.jpg","twitter_creator":"@VosgesInfo88","twitter_site":"@VosgesInfo88","twitter_misc":{"\u00c9crit par":"J.J.","Dur\u00e9e de lecture estim\u00e9e":"1 minute"},"schema":{"@context":"https:\/\/schema.org","@graph":[{"@type":"Article","@id":"https:\/\/vosgesinfo.fr\/saintdieinfo\/2026\/01\/deces-du-21-au-28-janvier-2026\/#article","isPartOf":{"@id":"https:\/\/vosgesinfo.fr\/saintdieinfo\/2026\/01\/deces-du-21-au-28-janvier-2026\/"},"author":{"name":"J.J.","@id":"https:\/\/vosgesinfo.fr\/saintdieinfo\/#\/schema\/person\/fa73e9f726d67bb88f46d5b7943cb572"},"headline":"D\u00e9c\u00e8s du 21 au 28 janvier 2026","datePublished":"2026-01-29T08:12:57+00:00","dateModified":"2026-01-29T08:01:07+00:00","mainEntityOfPage":{"@id":"https:\/\/vosgesinfo.fr\/saintdieinfo\/2026\/01\/deces-du-21-au-28-janvier-2026\/"},"wordCount":195,"commentCount":0,"publisher":{"@id":"https:\/\/vosgesinfo.fr\/saintdieinfo\/#organization"},"image":{"@id":"https:\/\/vosgesinfo.fr\/saintdieinfo\/2026\/01\/deces-du-21-au-28-janvier-2026\/#primaryimage"},"thumbnailUrl":"https:\/\/vosgesinfo.fr\/app\/uploads\/sites\/4\/2022\/01\/etat-civil.jpg","keywords":["D\u00e9c\u00e8s","\u00e9tat civil"],"articleSection":["Avis de d\u00e9c\u00e8s","Etat-Civil","Saint-Di\u00e9-des-Vosges et son Agglom\u00e9ration"],"inLanguage":"fr-FR","potentialAction":[{"@type":"CommentAction","name":"Comment","target":["https:\/\/vosgesinfo.fr\/saintdieinfo\/2026\/01\/deces-du-21-au-28-janvier-2026\/#respond"]}]},{"@type":"WebPage","@id":"https:\/\/vosgesinfo.fr\/saintdieinfo\/2026\/01\/deces-du-21-au-28-janvier-2026\/","url":"https:\/\/vosgesinfo.fr\/saintdieinfo\/2026\/01\/deces-du-21-au-28-janvier-2026\/","name":"D\u00e9c\u00e8s du 21 au 28 janvier 2026 - Saint Die Info","isPartOf":{"@id":"https:\/\/vosgesinfo.fr\/saintdieinfo\/#website"},"primaryImageOfPage":{"@id":"https:\/\/vosgesinfo.fr\/saintdieinfo\/2026\/01\/deces-du-21-au-28-janvier-2026\/#primaryimage"},"image":{"@id":"https:\/\/vosgesinfo.fr\/saintdieinfo\/2026\/01\/deces-du-21-au-28-janvier-2026\/#primaryimage"},"thumbnailUrl":"https:\/\/vosgesinfo.fr\/app\/uploads\/sites\/4\/2022\/01\/etat-civil.jpg","datePublished":"2026-01-29T08:12:57+00:00","dateModified":"2026-01-29T08:01:07+00:00","breadcrumb":{"@id":"https:\/\/vosgesinfo.fr\/saintdieinfo\/2026\/01\/deces-du-21-au-28-janvier-2026\/#breadcrumb"},"inLanguage":"fr-FR","potentialAction":[{"@type":"ReadAction","target":["https:\/\/vosgesinfo.fr\/saintdieinfo\/2026\/01\/deces-du-21-au-28-janvier-2026\/"]}]},{"@type":"ImageObject","inLanguage":"fr-FR","@id":"https:\/\/vosgesinfo.fr\/saintdieinfo\/2026\/01\/deces-du-21-au-28-janvier-2026\/#primaryimage","url":"https:\/\/vosgesinfo.fr\/app\/uploads\/sites\/4\/2022\/01\/etat-civil.jpg","contentUrl":"https:\/\/vosgesinfo.fr\/app\/uploads\/sites\/4\/2022\/01\/etat-civil.jpg","width":1200,"height":600},{"@type":"BreadcrumbList","@id":"https:\/\/vosgesinfo.fr\/saintdieinfo\/2026\/01\/deces-du-21-au-28-janvier-2026\/#breadcrumb","itemListElement":[{"@type":"ListItem","position":1,"name":"Home","item":"https:\/\/vosgesinfo.fr\/saintdieinfo\/"},{"@type":"ListItem","position":2,"name":"D\u00e9c\u00e8s du 21 au 28 janvier 2026"}]},{"@type":"WebSite","@id":"https:\/\/vosgesinfo.fr\/saintdieinfo\/#website","url":"https:\/\/vosgesinfo.fr\/saintdieinfo\/","name":"Saint Die Info","description":"Toute l&#039;actualit\u00e9 de Saint-Di\u00e9-Des-Vosges","publisher":{"@id":"https:\/\/vosgesinfo.fr\/saintdieinfo\/#organization"},"alternateName":"Toute l'actualit\u00e9 de Saint-Di\u00e9-Des-Vosges","potentialAction":[{"@type":"SearchAction","target":{"@type":"EntryPoint","urlTemplate":"https:\/\/vosgesinfo.fr\/saintdieinfo\/?s={search_term_string}"},"query-input":"required name=search_term_string"}],"inLanguage":"fr-FR"},{"@type":"Organization","@id":"https:\/\/vosgesinfo.fr\/saintdieinfo\/#organization","name":"Saint Die Info","url":"https:\/\/vosgesinfo.fr\/saintdieinfo\/","logo":{"@type":"ImageObject","inLanguage":"fr-FR","@id":"https:\/\/vosgesinfo.fr\/saintdieinfo\/#\/schema\/logo\/image\/","url":"https:\/\/vosgesinfo.fr\/app\/uploads\/sites\/4\/2024\/02\/logo-sdi.jpg","contentUrl":"https:\/\/vosgesinfo.fr\/app\/uploads\/sites\/4\/2024\/02\/logo-sdi.jpg","width":600,"height":600,"caption":"Saint Die Info"},"image":{"@id":"https:\/\/vosgesinfo.fr\/saintdieinfo\/#\/schema\/logo\/image\/"},"sameAs":["https:\/\/www.facebook.com\/Saintdieinfofr","https:\/\/x.com\/VosgesInfo88","https:\/\/www.youtube.com\/@vosgesinfo"]},{"@type":"Person","@id":"https:\/\/vosgesinfo.fr\/saintdieinfo\/#\/schema\/person\/fa73e9f726d67bb88f46d5b7943cb572","name":"J.J.","image":{"@type":"ImageObject","inLanguage":"fr-FR","@id":"https:\/\/vosgesinfo.fr\/saintdieinfo\/#\/schema\/person\/image\/","url":"https:\/\/secure.gravatar.com\/avatar\/219e749e47ffbcca018a360ae4add7d4cdf1cdaaf8bc7676b27efade3fe65615?s=96&d=mm&r=g","contentUrl":"https:\/\/secure.gravatar.com\/avatar\/219e749e47ffbcca018a360ae4add7d4cdf1cdaaf8bc7676b27efade3fe65615?s=96&d=mm&r=g","caption":"J.J."},"url":"https:\/\/vosgesinfo.fr\/saintdieinfo\/author\/j-j\/"}]}},"_links":{"self":[{"href":"https:\/\/vosgesinfo.fr\/saintdieinfo\/wp-json\/wp\/v2\/posts\/87311","targetHints":{"allow":["GET"]}}],"collection":[{"href":"https:\/\/vosgesinfo.fr\/saintdieinfo\/wp-json\/wp\/v2\/posts"}],"about":[{"href":"https:\/\/vosgesinfo.fr\/saintdieinfo\/wp-json\/wp\/v2\/types\/post"}],"author":[{"embeddable":true,"href":"https:\/\/vosgesinfo.fr\/saintdieinfo\/wp-json\/wp\/v2\/users\/46"}],"replies":[{"embeddable":true,"href":"https:\/\/vosgesinfo.fr\/saintdieinfo\/wp-json\/wp\/v2\/comments?post=87311"}],"version-history":[{"count":1,"href":"https:\/\/vosgesinfo.fr\/saintdieinfo\/wp-json\/wp\/v2\/posts\/87311\/revisions"}],"predecessor-version":[{"id":87312,"href":"https:\/\/vosgesinfo.fr\/saintdieinfo\/wp-json\/wp\/v2\/posts\/87311\/revisions\/87312"}],"wp:featuredmedia":[{"embeddable":true,"href":"https:\/\/vosgesinfo.fr\/saintdieinfo\/wp-json\/wp\/v2\/media\/22022"}],"wp:attachment":[{"href":"https:\/\/vosgesinfo.fr\/saintdieinfo\/wp-json\/wp\/v2\/media?parent=87311"}],"wp:term":[{"taxonomy":"category","embeddable":true,"href":"https:\/\/vosgesinfo.fr\/saintdieinfo\/wp-json\/wp\/v2\/categories?post=87311"},{"taxonomy":"post_tag","embeddable":true,"href":"https:\/\/vosgesinfo.fr\/saintdieinfo\/wp-json\/wp\/v2\/tags?post=87311"}],"curies":[{"name":"wp","href":"https:\/\/api.w.org\/{rel}","templated":true}]}}