{"id":87316,"date":"2026-01-29T09:43:40","date_gmt":"2026-01-29T08:43:40","guid":{"rendered":"https:\/\/vosgesinfo.fr\/saintdieinfo\/?p=87316"},"modified":"2026-01-29T09:36:48","modified_gmt":"2026-01-29T08:36:48","slug":"master-class-et-concert-de-gabriel-durliat-a-la-nef","status":"publish","type":"post","link":"https:\/\/vosgesinfo.fr\/saintdieinfo\/2026\/01\/master-class-et-concert-de-gabriel-durliat-a-la-nef\/","title":{"rendered":"Master-class et concert de Gabriel Durliat \u00e0 La Nef"},"content":{"rendered":"<p data-start=\"67\" data-end=\"309\"><a href=\"https:\/\/vosgesinfo.fr\/app\/uploads\/sites\/4\/2026\/01\/gabriel-durliat-by-amandine-lauriol.jpg\"><img decoding=\"async\" class=\"alignnone size-large wp-image-87317\" src=\"https:\/\/vosgesinfo.fr\/app\/uploads\/sites\/4\/2026\/01\/gabriel-durliat-by-amandine-lauriol-1024x598.jpg\" alt=\"\" width=\"1024\" height=\"598\" srcset=\"https:\/\/vosgesinfo.fr\/app\/uploads\/sites\/4\/2026\/01\/gabriel-durliat-by-amandine-lauriol-1024x598.jpg 1024w, https:\/\/vosgesinfo.fr\/app\/uploads\/sites\/4\/2026\/01\/gabriel-durliat-by-amandine-lauriol-300x175.jpg 300w, https:\/\/vosgesinfo.fr\/app\/uploads\/sites\/4\/2026\/01\/gabriel-durliat-by-amandine-lauriol-768x449.jpg 768w, https:\/\/vosgesinfo.fr\/app\/uploads\/sites\/4\/2026\/01\/gabriel-durliat-by-amandine-lauriol.jpg 1214w\" sizes=\"(max-width: 1024px) 100vw, 1024px\" \/><\/a><\/p>\n<h2 data-start=\"67\" data-end=\"309\"><strong>Samedi 7 f\u00e9vrier<\/strong>, l\u2019association <strong data-start=\"81\" data-end=\"89\">AJAM<\/strong> accueillera le pianiste <strong data-start=\"114\" data-end=\"133\">Gabriel Durliat<\/strong>, laur\u00e9at du concours international <strong data-start=\"169\" data-end=\"185\">Piano Campus<\/strong> en 2022, en partenariat avec <strong>l&rsquo;Agglom\u00e9ration de Saint-Di\u00e9-des-Vosges<\/strong> via le <strong data-start=\"274\" data-end=\"308\">Conservatoire Olivier-Douchain<\/strong>.<\/h2>\n<p data-start=\"67\" data-end=\"309\"><!--more--><\/p>\n<h3 data-start=\"311\" data-end=\"343\"><strong>Un concert \u00e0 La Nef \u00e0 20 h<\/strong><\/h3>\n<p data-start=\"344\" data-end=\"649\">\u00c0 <strong data-start=\"2\" data-end=\"10\">20 h<\/strong>, sur le <strong data-start=\"19\" data-end=\"40\">plateau de La Nef<\/strong> \u00e0 Saint-Di\u00e9-des-Vosges, l\u2019artiste proposera un concert comprenant la Symphonie fantastique d\u2019<strong data-start=\"134\" data-end=\"152\">Hector Berlioz<\/strong>, ainsi que le Nocturne en si majeur (op. 62 n\u00b0 1) de <strong data-start=\"206\" data-end=\"225\">Fr\u00e9d\u00e9ric Chopin<\/strong>, Clair de lune de <strong data-start=\"244\" data-end=\"262\">Claude Debussy<\/strong> et \u00ab En r\u00eave \u00bb, Nocturne pour piano S. 207 de <strong data-start=\"309\" data-end=\"324\">Franz Liszt<\/strong>.<\/p>\n<h3 data-start=\"651\" data-end=\"698\"><strong>Un temps d\u2019\u00e9change avec les \u00e9l\u00e8ves \u00e0 16 h<\/strong><\/h3>\n<p data-start=\"699\" data-end=\"942\">Quelques heures auparavant, \u00e0 <strong data-start=\"30\" data-end=\"38\">16 h<\/strong>, <strong data-start=\"40\" data-end=\"59\">Gabriel Durliat<\/strong> rencontrera les <strong data-start=\"76\" data-end=\"103\">\u00e9l\u00e8ves du Conservatoire<\/strong> pour un temps d\u2019\u00e9change et de conseils autour de la <strong data-start=\"156\" data-end=\"182\">pratique instrumentale<\/strong>. Cette rencontre est ouverte aux <strong data-start=\"216\" data-end=\"227\">parents<\/strong> et aux <strong data-start=\"235\" data-end=\"258\">amateurs de musique<\/strong>.<\/p>\n<h3 data-start=\"699\" data-end=\"942\">Informations <strong>compl\u00e9mentaires<\/strong><\/h3>\n<p data-start=\"963\" data-end=\"1076\">Renseignements compl\u00e9mentaires par t\u00e9l\u00e9phone, au <strong data-start=\"1057\" data-end=\"1075\">03-29-56-31-96<\/strong>.<\/p>\n<div id=\"attachment_87318\" style=\"width: 1034px\" class=\"wp-caption alignnone\"><a href=\"https:\/\/vosgesinfo.fr\/app\/uploads\/sites\/4\/2026\/01\/gabriel-durliat-2-by-thomas-obrien.jpg\"><img decoding=\"async\" aria-describedby=\"caption-attachment-87318\" class=\"size-large wp-image-87318\" src=\"https:\/\/vosgesinfo.fr\/app\/uploads\/sites\/4\/2026\/01\/gabriel-durliat-2-by-thomas-obrien-1024x683.jpg\" alt=\"\" width=\"1024\" height=\"683\" srcset=\"https:\/\/vosgesinfo.fr\/app\/uploads\/sites\/4\/2026\/01\/gabriel-durliat-2-by-thomas-obrien-1024x683.jpg 1024w, https:\/\/vosgesinfo.fr\/app\/uploads\/sites\/4\/2026\/01\/gabriel-durliat-2-by-thomas-obrien-300x200.jpg 300w, https:\/\/vosgesinfo.fr\/app\/uploads\/sites\/4\/2026\/01\/gabriel-durliat-2-by-thomas-obrien-768x512.jpg 768w, https:\/\/vosgesinfo.fr\/app\/uploads\/sites\/4\/2026\/01\/gabriel-durliat-2-by-thomas-obrien-1536x1024.jpg 1536w, https:\/\/vosgesinfo.fr\/app\/uploads\/sites\/4\/2026\/01\/gabriel-durliat-2-by-thomas-obrien.jpg 1620w\" sizes=\"(max-width: 1024px) 100vw, 1024px\" \/><\/a><p id=\"caption-attachment-87318\" class=\"wp-caption-text\">(Photographie Thomas O&rsquo;Brien)<\/p><\/div>\n","protected":false},"excerpt":{"rendered":"<p>Samedi 7 f\u00e9vrier, l\u2019association AJAM accueillera le pianiste Gabriel Durliat, laur\u00e9at du concours international Piano Campus en 2022, en partenariat [&hellip;]<\/p>\n","protected":false},"author":46,"featured_media":87317,"comment_status":"open","ping_status":"open","sticky":false,"template":"","format":"standard","meta":{"footnotes":""},"categories":[460,8003,167],"tags":[14010,20018,19937,287,4584,20019,20017,20013,20016,3008,20015,20014,2881],"class_list":["post-87316","post","type-post","status-publish","format-standard","has-post-thumbnail","hentry","category-a-la-une","category-concert-culture","category-saint-die-des-vosges","tag-ajam","tag-claude-debussy","tag-communaute-dagglomeration","tag-concert","tag-conservatoire-olivier-douchain","tag-franz-liszt","tag-frederic-chopin","tag-gabriel-durliat","tag-hector-berlioz","tag-la-nef","tag-master-class","tag-piano-campus","tag-saint-die-des-vosges"],"acf":[],"yoast_head":"<!-- This site is optimized with the Yoast SEO plugin v22.5 - https:\/\/yoast.com\/wordpress\/plugins\/seo\/ -->\n<title>Master-class et concert de Gabriel Durliat \u00e0 La Nef - Saint Die Info<\/title>\n<meta name=\"robots\" content=\"index, follow, max-snippet:-1, max-image-preview:large, max-video-preview:-1\" \/>\n<link rel=\"canonical\" href=\"https:\/\/vosgesinfo.fr\/saintdieinfo\/2026\/01\/master-class-et-concert-de-gabriel-durliat-a-la-nef\/\" \/>\n<meta name=\"twitter:card\" content=\"summary_large_image\" \/>\n<meta name=\"twitter:title\" content=\"Master-class et concert de Gabriel Durliat \u00e0 La Nef - Saint Die Info\" \/>\n<meta name=\"twitter:description\" content=\"Samedi 7 f\u00e9vrier, l\u2019association AJAM accueillera le pianiste Gabriel Durliat, laur\u00e9at du concours international Piano Campus en 2022, en partenariat [&hellip;]\" \/>\n<meta name=\"twitter:image\" content=\"https:\/\/vosgesinfo.fr\/app\/uploads\/sites\/4\/2026\/01\/gabriel-durliat-by-amandine-lauriol.jpg\" \/>\n<meta name=\"twitter:creator\" content=\"@VosgesInfo88\" \/>\n<meta name=\"twitter:site\" content=\"@VosgesInfo88\" \/>\n<meta name=\"twitter:label1\" content=\"\u00c9crit par\" \/>\n\t<meta name=\"twitter:data1\" content=\"J.J.\" \/>\n\t<meta name=\"twitter:label2\" content=\"Dur\u00e9e de lecture estim\u00e9e\" \/>\n\t<meta name=\"twitter:data2\" content=\"1 minute\" \/>\n<script type=\"application\/ld+json\" class=\"yoast-schema-graph\">{\"@context\":\"https:\/\/schema.org\",\"@graph\":[{\"@type\":\"Article\",\"@id\":\"https:\/\/vosgesinfo.fr\/saintdieinfo\/2026\/01\/master-class-et-concert-de-gabriel-durliat-a-la-nef\/#article\",\"isPartOf\":{\"@id\":\"https:\/\/vosgesinfo.fr\/saintdieinfo\/2026\/01\/master-class-et-concert-de-gabriel-durliat-a-la-nef\/\"},\"author\":{\"name\":\"J.J.\",\"@id\":\"https:\/\/vosgesinfo.fr\/saintdieinfo\/#\/schema\/person\/fa73e9f726d67bb88f46d5b7943cb572\"},\"headline\":\"Master-class et concert de Gabriel Durliat \u00e0 La Nef\",\"datePublished\":\"2026-01-29T08:43:40+00:00\",\"dateModified\":\"2026-01-29T08:36:48+00:00\",\"mainEntityOfPage\":{\"@id\":\"https:\/\/vosgesinfo.fr\/saintdieinfo\/2026\/01\/master-class-et-concert-de-gabriel-durliat-a-la-nef\/\"},\"wordCount\":168,\"commentCount\":0,\"publisher\":{\"@id\":\"https:\/\/vosgesinfo.fr\/saintdieinfo\/#organization\"},\"image\":{\"@id\":\"https:\/\/vosgesinfo.fr\/saintdieinfo\/2026\/01\/master-class-et-concert-de-gabriel-durliat-a-la-nef\/#primaryimage\"},\"thumbnailUrl\":\"https:\/\/vosgesinfo.fr\/app\/uploads\/sites\/4\/2026\/01\/gabriel-durliat-by-amandine-lauriol.jpg\",\"keywords\":[\"AJAM\",\"Claude Debussy\",\"communaut\u00e9 d\u2019agglom\u00e9ration\",\"cONCERT\",\"Conservatoire Olivier-Douchain\",\"Franz Liszt\",\"Fr\u00e9d\u00e9ric Chopin\",\"Gabriel Durliat\",\"Hector Berlioz\",\"La Nef\",\"master-class\",\"Piano Campus\",\"Saint-Di\u00e9-des-Vosges\"],\"articleSection\":[\"A la Une\",\"Concert\",\"Saint-Di\u00e9-des-Vosges\"],\"inLanguage\":\"fr-FR\",\"potentialAction\":[{\"@type\":\"CommentAction\",\"name\":\"Comment\",\"target\":[\"https:\/\/vosgesinfo.fr\/saintdieinfo\/2026\/01\/master-class-et-concert-de-gabriel-durliat-a-la-nef\/#respond\"]}]},{\"@type\":\"WebPage\",\"@id\":\"https:\/\/vosgesinfo.fr\/saintdieinfo\/2026\/01\/master-class-et-concert-de-gabriel-durliat-a-la-nef\/\",\"url\":\"https:\/\/vosgesinfo.fr\/saintdieinfo\/2026\/01\/master-class-et-concert-de-gabriel-durliat-a-la-nef\/\",\"name\":\"Master-class et concert de Gabriel Durliat \u00e0 La Nef - Saint Die Info\",\"isPartOf\":{\"@id\":\"https:\/\/vosgesinfo.fr\/saintdieinfo\/#website\"},\"primaryImageOfPage\":{\"@id\":\"https:\/\/vosgesinfo.fr\/saintdieinfo\/2026\/01\/master-class-et-concert-de-gabriel-durliat-a-la-nef\/#primaryimage\"},\"image\":{\"@id\":\"https:\/\/vosgesinfo.fr\/saintdieinfo\/2026\/01\/master-class-et-concert-de-gabriel-durliat-a-la-nef\/#primaryimage\"},\"thumbnailUrl\":\"https:\/\/vosgesinfo.fr\/app\/uploads\/sites\/4\/2026\/01\/gabriel-durliat-by-amandine-lauriol.jpg\",\"datePublished\":\"2026-01-29T08:43:40+00:00\",\"dateModified\":\"2026-01-29T08:36:48+00:00\",\"breadcrumb\":{\"@id\":\"https:\/\/vosgesinfo.fr\/saintdieinfo\/2026\/01\/master-class-et-concert-de-gabriel-durliat-a-la-nef\/#breadcrumb\"},\"inLanguage\":\"fr-FR\",\"potentialAction\":[{\"@type\":\"ReadAction\",\"target\":[\"https:\/\/vosgesinfo.fr\/saintdieinfo\/2026\/01\/master-class-et-concert-de-gabriel-durliat-a-la-nef\/\"]}]},{\"@type\":\"ImageObject\",\"inLanguage\":\"fr-FR\",\"@id\":\"https:\/\/vosgesinfo.fr\/saintdieinfo\/2026\/01\/master-class-et-concert-de-gabriel-durliat-a-la-nef\/#primaryimage\",\"url\":\"https:\/\/vosgesinfo.fr\/app\/uploads\/sites\/4\/2026\/01\/gabriel-durliat-by-amandine-lauriol.jpg\",\"contentUrl\":\"https:\/\/vosgesinfo.fr\/app\/uploads\/sites\/4\/2026\/01\/gabriel-durliat-by-amandine-lauriol.jpg\",\"width\":1214,\"height\":709},{\"@type\":\"BreadcrumbList\",\"@id\":\"https:\/\/vosgesinfo.fr\/saintdieinfo\/2026\/01\/master-class-et-concert-de-gabriel-durliat-a-la-nef\/#breadcrumb\",\"itemListElement\":[{\"@type\":\"ListItem\",\"position\":1,\"name\":\"Home\",\"item\":\"https:\/\/vosgesinfo.fr\/saintdieinfo\/\"},{\"@type\":\"ListItem\",\"position\":2,\"name\":\"Master-class et concert de Gabriel Durliat \u00e0 La Nef\"}]},{\"@type\":\"WebSite\",\"@id\":\"https:\/\/vosgesinfo.fr\/saintdieinfo\/#website\",\"url\":\"https:\/\/vosgesinfo.fr\/saintdieinfo\/\",\"name\":\"Saint Die Info\",\"description\":\"Toute l&#039;actualit\u00e9 de Saint-Di\u00e9-Des-Vosges\",\"publisher\":{\"@id\":\"https:\/\/vosgesinfo.fr\/saintdieinfo\/#organization\"},\"alternateName\":\"Toute l'actualit\u00e9 de Saint-Di\u00e9-Des-Vosges\",\"potentialAction\":[{\"@type\":\"SearchAction\",\"target\":{\"@type\":\"EntryPoint\",\"urlTemplate\":\"https:\/\/vosgesinfo.fr\/saintdieinfo\/?s={search_term_string}\"},\"query-input\":\"required name=search_term_string\"}],\"inLanguage\":\"fr-FR\"},{\"@type\":\"Organization\",\"@id\":\"https:\/\/vosgesinfo.fr\/saintdieinfo\/#organization\",\"name\":\"Saint Die Info\",\"url\":\"https:\/\/vosgesinfo.fr\/saintdieinfo\/\",\"logo\":{\"@type\":\"ImageObject\",\"inLanguage\":\"fr-FR\",\"@id\":\"https:\/\/vosgesinfo.fr\/saintdieinfo\/#\/schema\/logo\/image\/\",\"url\":\"https:\/\/vosgesinfo.fr\/app\/uploads\/sites\/4\/2024\/02\/logo-sdi.jpg\",\"contentUrl\":\"https:\/\/vosgesinfo.fr\/app\/uploads\/sites\/4\/2024\/02\/logo-sdi.jpg\",\"width\":600,\"height\":600,\"caption\":\"Saint Die Info\"},\"image\":{\"@id\":\"https:\/\/vosgesinfo.fr\/saintdieinfo\/#\/schema\/logo\/image\/\"},\"sameAs\":[\"https:\/\/www.facebook.com\/Saintdieinfofr\",\"https:\/\/x.com\/VosgesInfo88\",\"https:\/\/www.youtube.com\/@vosgesinfo\"]},{\"@type\":\"Person\",\"@id\":\"https:\/\/vosgesinfo.fr\/saintdieinfo\/#\/schema\/person\/fa73e9f726d67bb88f46d5b7943cb572\",\"name\":\"J.J.\",\"image\":{\"@type\":\"ImageObject\",\"inLanguage\":\"fr-FR\",\"@id\":\"https:\/\/vosgesinfo.fr\/saintdieinfo\/#\/schema\/person\/image\/\",\"url\":\"https:\/\/secure.gravatar.com\/avatar\/219e749e47ffbcca018a360ae4add7d4cdf1cdaaf8bc7676b27efade3fe65615?s=96&d=mm&r=g\",\"contentUrl\":\"https:\/\/secure.gravatar.com\/avatar\/219e749e47ffbcca018a360ae4add7d4cdf1cdaaf8bc7676b27efade3fe65615?s=96&d=mm&r=g\",\"caption\":\"J.J.\"},\"url\":\"https:\/\/vosgesinfo.fr\/saintdieinfo\/author\/j-j\/\"}]}<\/script>\n<!-- \/ Yoast SEO plugin. -->","yoast_head_json":{"title":"Master-class et concert de Gabriel Durliat \u00e0 La Nef - Saint Die Info","robots":{"index":"index","follow":"follow","max-snippet":"max-snippet:-1","max-image-preview":"max-image-preview:large","max-video-preview":"max-video-preview:-1"},"canonical":"https:\/\/vosgesinfo.fr\/saintdieinfo\/2026\/01\/master-class-et-concert-de-gabriel-durliat-a-la-nef\/","twitter_card":"summary_large_image","twitter_title":"Master-class et concert de Gabriel Durliat \u00e0 La Nef - Saint Die Info","twitter_description":"Samedi 7 f\u00e9vrier, l\u2019association AJAM accueillera le pianiste Gabriel Durliat, laur\u00e9at du concours international Piano Campus en 2022, en partenariat [&hellip;]","twitter_image":"https:\/\/vosgesinfo.fr\/app\/uploads\/sites\/4\/2026\/01\/gabriel-durliat-by-amandine-lauriol.jpg","twitter_creator":"@VosgesInfo88","twitter_site":"@VosgesInfo88","twitter_misc":{"\u00c9crit par":"J.J.","Dur\u00e9e de lecture estim\u00e9e":"1 minute"},"schema":{"@context":"https:\/\/schema.org","@graph":[{"@type":"Article","@id":"https:\/\/vosgesinfo.fr\/saintdieinfo\/2026\/01\/master-class-et-concert-de-gabriel-durliat-a-la-nef\/#article","isPartOf":{"@id":"https:\/\/vosgesinfo.fr\/saintdieinfo\/2026\/01\/master-class-et-concert-de-gabriel-durliat-a-la-nef\/"},"author":{"name":"J.J.","@id":"https:\/\/vosgesinfo.fr\/saintdieinfo\/#\/schema\/person\/fa73e9f726d67bb88f46d5b7943cb572"},"headline":"Master-class et concert de Gabriel Durliat \u00e0 La Nef","datePublished":"2026-01-29T08:43:40+00:00","dateModified":"2026-01-29T08:36:48+00:00","mainEntityOfPage":{"@id":"https:\/\/vosgesinfo.fr\/saintdieinfo\/2026\/01\/master-class-et-concert-de-gabriel-durliat-a-la-nef\/"},"wordCount":168,"commentCount":0,"publisher":{"@id":"https:\/\/vosgesinfo.fr\/saintdieinfo\/#organization"},"image":{"@id":"https:\/\/vosgesinfo.fr\/saintdieinfo\/2026\/01\/master-class-et-concert-de-gabriel-durliat-a-la-nef\/#primaryimage"},"thumbnailUrl":"https:\/\/vosgesinfo.fr\/app\/uploads\/sites\/4\/2026\/01\/gabriel-durliat-by-amandine-lauriol.jpg","keywords":["AJAM","Claude Debussy","communaut\u00e9 d\u2019agglom\u00e9ration","cONCERT","Conservatoire Olivier-Douchain","Franz Liszt","Fr\u00e9d\u00e9ric Chopin","Gabriel Durliat","Hector Berlioz","La Nef","master-class","Piano Campus","Saint-Di\u00e9-des-Vosges"],"articleSection":["A la Une","Concert","Saint-Di\u00e9-des-Vosges"],"inLanguage":"fr-FR","potentialAction":[{"@type":"CommentAction","name":"Comment","target":["https:\/\/vosgesinfo.fr\/saintdieinfo\/2026\/01\/master-class-et-concert-de-gabriel-durliat-a-la-nef\/#respond"]}]},{"@type":"WebPage","@id":"https:\/\/vosgesinfo.fr\/saintdieinfo\/2026\/01\/master-class-et-concert-de-gabriel-durliat-a-la-nef\/","url":"https:\/\/vosgesinfo.fr\/saintdieinfo\/2026\/01\/master-class-et-concert-de-gabriel-durliat-a-la-nef\/","name":"Master-class et concert de Gabriel Durliat \u00e0 La Nef - Saint Die Info","isPartOf":{"@id":"https:\/\/vosgesinfo.fr\/saintdieinfo\/#website"},"primaryImageOfPage":{"@id":"https:\/\/vosgesinfo.fr\/saintdieinfo\/2026\/01\/master-class-et-concert-de-gabriel-durliat-a-la-nef\/#primaryimage"},"image":{"@id":"https:\/\/vosgesinfo.fr\/saintdieinfo\/2026\/01\/master-class-et-concert-de-gabriel-durliat-a-la-nef\/#primaryimage"},"thumbnailUrl":"https:\/\/vosgesinfo.fr\/app\/uploads\/sites\/4\/2026\/01\/gabriel-durliat-by-amandine-lauriol.jpg","datePublished":"2026-01-29T08:43:40+00:00","dateModified":"2026-01-29T08:36:48+00:00","breadcrumb":{"@id":"https:\/\/vosgesinfo.fr\/saintdieinfo\/2026\/01\/master-class-et-concert-de-gabriel-durliat-a-la-nef\/#breadcrumb"},"inLanguage":"fr-FR","potentialAction":[{"@type":"ReadAction","target":["https:\/\/vosgesinfo.fr\/saintdieinfo\/2026\/01\/master-class-et-concert-de-gabriel-durliat-a-la-nef\/"]}]},{"@type":"ImageObject","inLanguage":"fr-FR","@id":"https:\/\/vosgesinfo.fr\/saintdieinfo\/2026\/01\/master-class-et-concert-de-gabriel-durliat-a-la-nef\/#primaryimage","url":"https:\/\/vosgesinfo.fr\/app\/uploads\/sites\/4\/2026\/01\/gabriel-durliat-by-amandine-lauriol.jpg","contentUrl":"https:\/\/vosgesinfo.fr\/app\/uploads\/sites\/4\/2026\/01\/gabriel-durliat-by-amandine-lauriol.jpg","width":1214,"height":709},{"@type":"BreadcrumbList","@id":"https:\/\/vosgesinfo.fr\/saintdieinfo\/2026\/01\/master-class-et-concert-de-gabriel-durliat-a-la-nef\/#breadcrumb","itemListElement":[{"@type":"ListItem","position":1,"name":"Home","item":"https:\/\/vosgesinfo.fr\/saintdieinfo\/"},{"@type":"ListItem","position":2,"name":"Master-class et concert de Gabriel Durliat \u00e0 La Nef"}]},{"@type":"WebSite","@id":"https:\/\/vosgesinfo.fr\/saintdieinfo\/#website","url":"https:\/\/vosgesinfo.fr\/saintdieinfo\/","name":"Saint Die Info","description":"Toute l&#039;actualit\u00e9 de Saint-Di\u00e9-Des-Vosges","publisher":{"@id":"https:\/\/vosgesinfo.fr\/saintdieinfo\/#organization"},"alternateName":"Toute l'actualit\u00e9 de Saint-Di\u00e9-Des-Vosges","potentialAction":[{"@type":"SearchAction","target":{"@type":"EntryPoint","urlTemplate":"https:\/\/vosgesinfo.fr\/saintdieinfo\/?s={search_term_string}"},"query-input":"required name=search_term_string"}],"inLanguage":"fr-FR"},{"@type":"Organization","@id":"https:\/\/vosgesinfo.fr\/saintdieinfo\/#organization","name":"Saint Die Info","url":"https:\/\/vosgesinfo.fr\/saintdieinfo\/","logo":{"@type":"ImageObject","inLanguage":"fr-FR","@id":"https:\/\/vosgesinfo.fr\/saintdieinfo\/#\/schema\/logo\/image\/","url":"https:\/\/vosgesinfo.fr\/app\/uploads\/sites\/4\/2024\/02\/logo-sdi.jpg","contentUrl":"https:\/\/vosgesinfo.fr\/app\/uploads\/sites\/4\/2024\/02\/logo-sdi.jpg","width":600,"height":600,"caption":"Saint Die Info"},"image":{"@id":"https:\/\/vosgesinfo.fr\/saintdieinfo\/#\/schema\/logo\/image\/"},"sameAs":["https:\/\/www.facebook.com\/Saintdieinfofr","https:\/\/x.com\/VosgesInfo88","https:\/\/www.youtube.com\/@vosgesinfo"]},{"@type":"Person","@id":"https:\/\/vosgesinfo.fr\/saintdieinfo\/#\/schema\/person\/fa73e9f726d67bb88f46d5b7943cb572","name":"J.J.","image":{"@type":"ImageObject","inLanguage":"fr-FR","@id":"https:\/\/vosgesinfo.fr\/saintdieinfo\/#\/schema\/person\/image\/","url":"https:\/\/secure.gravatar.com\/avatar\/219e749e47ffbcca018a360ae4add7d4cdf1cdaaf8bc7676b27efade3fe65615?s=96&d=mm&r=g","contentUrl":"https:\/\/secure.gravatar.com\/avatar\/219e749e47ffbcca018a360ae4add7d4cdf1cdaaf8bc7676b27efade3fe65615?s=96&d=mm&r=g","caption":"J.J."},"url":"https:\/\/vosgesinfo.fr\/saintdieinfo\/author\/j-j\/"}]}},"_links":{"self":[{"href":"https:\/\/vosgesinfo.fr\/saintdieinfo\/wp-json\/wp\/v2\/posts\/87316","targetHints":{"allow":["GET"]}}],"collection":[{"href":"https:\/\/vosgesinfo.fr\/saintdieinfo\/wp-json\/wp\/v2\/posts"}],"about":[{"href":"https:\/\/vosgesinfo.fr\/saintdieinfo\/wp-json\/wp\/v2\/types\/post"}],"author":[{"embeddable":true,"href":"https:\/\/vosgesinfo.fr\/saintdieinfo\/wp-json\/wp\/v2\/users\/46"}],"replies":[{"embeddable":true,"href":"https:\/\/vosgesinfo.fr\/saintdieinfo\/wp-json\/wp\/v2\/comments?post=87316"}],"version-history":[{"count":1,"href":"https:\/\/vosgesinfo.fr\/saintdieinfo\/wp-json\/wp\/v2\/posts\/87316\/revisions"}],"predecessor-version":[{"id":87321,"href":"https:\/\/vosgesinfo.fr\/saintdieinfo\/wp-json\/wp\/v2\/posts\/87316\/revisions\/87321"}],"wp:featuredmedia":[{"embeddable":true,"href":"https:\/\/vosgesinfo.fr\/saintdieinfo\/wp-json\/wp\/v2\/media\/87317"}],"wp:attachment":[{"href":"https:\/\/vosgesinfo.fr\/saintdieinfo\/wp-json\/wp\/v2\/media?parent=87316"}],"wp:term":[{"taxonomy":"category","embeddable":true,"href":"https:\/\/vosgesinfo.fr\/saintdieinfo\/wp-json\/wp\/v2\/categories?post=87316"},{"taxonomy":"post_tag","embeddable":true,"href":"https:\/\/vosgesinfo.fr\/saintdieinfo\/wp-json\/wp\/v2\/tags?post=87316"}],"curies":[{"name":"wp","href":"https:\/\/api.w.org\/{rel}","templated":true}]}}