{"id":87322,"date":"2026-01-29T10:03:36","date_gmt":"2026-01-29T09:03:36","guid":{"rendered":"https:\/\/vosgesinfo.fr\/saintdieinfo\/?p=87322"},"modified":"2026-01-29T09:52:57","modified_gmt":"2026-01-29T08:52:57","slug":"football-les-u18-feminines-du-fc-metz-defient-le-sc-freiburg-a-saint-die-des-vosges","status":"publish","type":"post","link":"https:\/\/vosgesinfo.fr\/saintdieinfo\/2026\/01\/football-les-u18-feminines-du-fc-metz-defient-le-sc-freiburg-a-saint-die-des-vosges\/","title":{"rendered":"Football : les U18 F\u00e9minines du FC Metz d\u00e9fient le SC Freiburg \u00e0 Saint-Di\u00e9-des-Vosges"},"content":{"rendered":"<h2>Un match de football gala sera jou\u00e9 au <strong data-start=\"39\" data-end=\"84\">Palais Omnisports Joseph-Claudel \u2013 POJC \u2013<\/strong> ce <strong data-start=\"88\" data-end=\"109\">samedi 31 janvier<\/strong> \u00e0 <strong data-start=\"112\" data-end=\"120\">13 h<\/strong>. Les <strong data-start=\"126\" data-end=\"143\">U18 F\u00e9minines<\/strong> du <strong data-start=\"147\" data-end=\"158\">FC Metz<\/strong> affronteront leurs homologues du <strong data-start=\"192\" data-end=\"207\">SC Freiburg<\/strong> sur le <strong data-start=\"215\" data-end=\"230\">synth\u00e9tique<\/strong> du POJC, pour un rendez-vous de football dans une ambiance conviviale.<\/h2>\n<p><!--more--><\/p>\n<h3 data-start=\"400\" data-end=\"438\"><strong>Entr\u00e9e gratuite, buvette sur place<\/strong><\/h3>\n<p data-start=\"440\" data-end=\"507\">L\u2019entr\u00e9e est <strong data-start=\"453\" data-end=\"465\">gratuite<\/strong>. Une <strong data-start=\"471\" data-end=\"482\">buvette<\/strong> sera propos\u00e9e sur place.<\/p>\n<p data-start=\"440\" data-end=\"507\"><a href=\"https:\/\/vosgesinfo.fr\/app\/uploads\/sites\/4\/2026\/01\/football-feminin-u18-fc-metz-vs-sc-freiburg.jpg\"><img decoding=\"async\" class=\"alignnone size-large wp-image-87323\" src=\"https:\/\/vosgesinfo.fr\/app\/uploads\/sites\/4\/2026\/01\/football-feminin-u18-fc-metz-vs-sc-freiburg-683x1024.jpg\" alt=\"\" width=\"683\" height=\"1024\" srcset=\"https:\/\/vosgesinfo.fr\/app\/uploads\/sites\/4\/2026\/01\/football-feminin-u18-fc-metz-vs-sc-freiburg-683x1024.jpg 683w, https:\/\/vosgesinfo.fr\/app\/uploads\/sites\/4\/2026\/01\/football-feminin-u18-fc-metz-vs-sc-freiburg-200x300.jpg 200w, https:\/\/vosgesinfo.fr\/app\/uploads\/sites\/4\/2026\/01\/football-feminin-u18-fc-metz-vs-sc-freiburg.jpg 720w\" sizes=\"(max-width: 683px) 100vw, 683px\" \/><\/a><\/p>\n","protected":false},"excerpt":{"rendered":"<p>Un match de football gala sera jou\u00e9 au Palais Omnisports Joseph-Claudel \u2013 POJC \u2013 ce samedi 31 janvier \u00e0 13 [&hellip;]<\/p>\n","protected":false},"author":46,"featured_media":87323,"comment_status":"open","ping_status":"open","sticky":false,"template":"","format":"standard","meta":{"footnotes":""},"categories":[460,167,14],"tags":[20024,19516,12863,226,20023,3126,20020,2881,20021,20022],"class_list":["post-87322","post","type-post","status-publish","format-standard","has-post-thumbnail","hentry","category-a-la-une","category-saint-die-des-vosges","category-sport","tag-buvette","tag-entree-gratuite","tag-fc-metz","tag-football","tag-match-de-gala","tag-palais-omnisports-joseph-claudel","tag-pojc","tag-saint-die-des-vosges","tag-sc-freiburg","tag-u18-feminine"],"acf":[],"yoast_head":"<!-- This site is optimized with the Yoast SEO plugin v22.5 - https:\/\/yoast.com\/wordpress\/plugins\/seo\/ -->\n<title>Football : les U18 F\u00e9minines du FC Metz d\u00e9fient le SC Freiburg \u00e0 Saint-Di\u00e9-des-Vosges - Saint Die Info<\/title>\n<meta name=\"robots\" content=\"index, follow, max-snippet:-1, max-image-preview:large, max-video-preview:-1\" \/>\n<link rel=\"canonical\" href=\"https:\/\/vosgesinfo.fr\/saintdieinfo\/2026\/01\/football-les-u18-feminines-du-fc-metz-defient-le-sc-freiburg-a-saint-die-des-vosges\/\" \/>\n<meta name=\"twitter:card\" content=\"summary_large_image\" \/>\n<meta name=\"twitter:title\" content=\"Football : les U18 F\u00e9minines du FC Metz d\u00e9fient le SC Freiburg \u00e0 Saint-Di\u00e9-des-Vosges - Saint Die Info\" \/>\n<meta name=\"twitter:description\" content=\"Un match de football gala sera jou\u00e9 au Palais Omnisports Joseph-Claudel \u2013 POJC \u2013 ce samedi 31 janvier \u00e0 13 [&hellip;]\" \/>\n<meta name=\"twitter:image\" content=\"https:\/\/vosgesinfo.fr\/app\/uploads\/sites\/4\/2026\/01\/football-feminin-u18-fc-metz-vs-sc-freiburg.jpg\" \/>\n<meta name=\"twitter:creator\" content=\"@VosgesInfo88\" \/>\n<meta name=\"twitter:site\" content=\"@VosgesInfo88\" \/>\n<meta name=\"twitter:label1\" content=\"\u00c9crit par\" \/>\n\t<meta name=\"twitter:data1\" content=\"J.J.\" \/>\n<script type=\"application\/ld+json\" class=\"yoast-schema-graph\">{\"@context\":\"https:\/\/schema.org\",\"@graph\":[{\"@type\":\"Article\",\"@id\":\"https:\/\/vosgesinfo.fr\/saintdieinfo\/2026\/01\/football-les-u18-feminines-du-fc-metz-defient-le-sc-freiburg-a-saint-die-des-vosges\/#article\",\"isPartOf\":{\"@id\":\"https:\/\/vosgesinfo.fr\/saintdieinfo\/2026\/01\/football-les-u18-feminines-du-fc-metz-defient-le-sc-freiburg-a-saint-die-des-vosges\/\"},\"author\":{\"name\":\"J.J.\",\"@id\":\"https:\/\/vosgesinfo.fr\/saintdieinfo\/#\/schema\/person\/fa73e9f726d67bb88f46d5b7943cb572\"},\"headline\":\"Football : les U18 F\u00e9minines du FC Metz d\u00e9fient le SC Freiburg \u00e0 Saint-Di\u00e9-des-Vosges\",\"datePublished\":\"2026-01-29T09:03:36+00:00\",\"dateModified\":\"2026-01-29T08:52:57+00:00\",\"mainEntityOfPage\":{\"@id\":\"https:\/\/vosgesinfo.fr\/saintdieinfo\/2026\/01\/football-les-u18-feminines-du-fc-metz-defient-le-sc-freiburg-a-saint-die-des-vosges\/\"},\"wordCount\":77,\"commentCount\":0,\"publisher\":{\"@id\":\"https:\/\/vosgesinfo.fr\/saintdieinfo\/#organization\"},\"image\":{\"@id\":\"https:\/\/vosgesinfo.fr\/saintdieinfo\/2026\/01\/football-les-u18-feminines-du-fc-metz-defient-le-sc-freiburg-a-saint-die-des-vosges\/#primaryimage\"},\"thumbnailUrl\":\"https:\/\/vosgesinfo.fr\/app\/uploads\/sites\/4\/2026\/01\/football-feminin-u18-fc-metz-vs-sc-freiburg.jpg\",\"keywords\":[\"buvette\",\"entr\u00e9e gratuite\",\"FC Metz\",\"football\",\"match de gala\",\"Palais Omnisports Joseph-Claudel\",\"POJC\",\"Saint-Di\u00e9-des-Vosges\",\"SC Freiburg\",\"U18 f\u00e9minine\"],\"articleSection\":[\"A la Une\",\"Saint-Di\u00e9-des-Vosges\",\"Sport\"],\"inLanguage\":\"fr-FR\",\"potentialAction\":[{\"@type\":\"CommentAction\",\"name\":\"Comment\",\"target\":[\"https:\/\/vosgesinfo.fr\/saintdieinfo\/2026\/01\/football-les-u18-feminines-du-fc-metz-defient-le-sc-freiburg-a-saint-die-des-vosges\/#respond\"]}]},{\"@type\":\"WebPage\",\"@id\":\"https:\/\/vosgesinfo.fr\/saintdieinfo\/2026\/01\/football-les-u18-feminines-du-fc-metz-defient-le-sc-freiburg-a-saint-die-des-vosges\/\",\"url\":\"https:\/\/vosgesinfo.fr\/saintdieinfo\/2026\/01\/football-les-u18-feminines-du-fc-metz-defient-le-sc-freiburg-a-saint-die-des-vosges\/\",\"name\":\"Football : les U18 F\u00e9minines du FC Metz d\u00e9fient le SC Freiburg \u00e0 Saint-Di\u00e9-des-Vosges - Saint Die Info\",\"isPartOf\":{\"@id\":\"https:\/\/vosgesinfo.fr\/saintdieinfo\/#website\"},\"primaryImageOfPage\":{\"@id\":\"https:\/\/vosgesinfo.fr\/saintdieinfo\/2026\/01\/football-les-u18-feminines-du-fc-metz-defient-le-sc-freiburg-a-saint-die-des-vosges\/#primaryimage\"},\"image\":{\"@id\":\"https:\/\/vosgesinfo.fr\/saintdieinfo\/2026\/01\/football-les-u18-feminines-du-fc-metz-defient-le-sc-freiburg-a-saint-die-des-vosges\/#primaryimage\"},\"thumbnailUrl\":\"https:\/\/vosgesinfo.fr\/app\/uploads\/sites\/4\/2026\/01\/football-feminin-u18-fc-metz-vs-sc-freiburg.jpg\",\"datePublished\":\"2026-01-29T09:03:36+00:00\",\"dateModified\":\"2026-01-29T08:52:57+00:00\",\"breadcrumb\":{\"@id\":\"https:\/\/vosgesinfo.fr\/saintdieinfo\/2026\/01\/football-les-u18-feminines-du-fc-metz-defient-le-sc-freiburg-a-saint-die-des-vosges\/#breadcrumb\"},\"inLanguage\":\"fr-FR\",\"potentialAction\":[{\"@type\":\"ReadAction\",\"target\":[\"https:\/\/vosgesinfo.fr\/saintdieinfo\/2026\/01\/football-les-u18-feminines-du-fc-metz-defient-le-sc-freiburg-a-saint-die-des-vosges\/\"]}]},{\"@type\":\"ImageObject\",\"inLanguage\":\"fr-FR\",\"@id\":\"https:\/\/vosgesinfo.fr\/saintdieinfo\/2026\/01\/football-les-u18-feminines-du-fc-metz-defient-le-sc-freiburg-a-saint-die-des-vosges\/#primaryimage\",\"url\":\"https:\/\/vosgesinfo.fr\/app\/uploads\/sites\/4\/2026\/01\/football-feminin-u18-fc-metz-vs-sc-freiburg.jpg\",\"contentUrl\":\"https:\/\/vosgesinfo.fr\/app\/uploads\/sites\/4\/2026\/01\/football-feminin-u18-fc-metz-vs-sc-freiburg.jpg\",\"width\":720,\"height\":1080},{\"@type\":\"BreadcrumbList\",\"@id\":\"https:\/\/vosgesinfo.fr\/saintdieinfo\/2026\/01\/football-les-u18-feminines-du-fc-metz-defient-le-sc-freiburg-a-saint-die-des-vosges\/#breadcrumb\",\"itemListElement\":[{\"@type\":\"ListItem\",\"position\":1,\"name\":\"Home\",\"item\":\"https:\/\/vosgesinfo.fr\/saintdieinfo\/\"},{\"@type\":\"ListItem\",\"position\":2,\"name\":\"Football : les U18 F\u00e9minines du FC Metz d\u00e9fient le SC Freiburg \u00e0 Saint-Di\u00e9-des-Vosges\"}]},{\"@type\":\"WebSite\",\"@id\":\"https:\/\/vosgesinfo.fr\/saintdieinfo\/#website\",\"url\":\"https:\/\/vosgesinfo.fr\/saintdieinfo\/\",\"name\":\"Saint Die Info\",\"description\":\"Toute l&#039;actualit\u00e9 de Saint-Di\u00e9-Des-Vosges\",\"publisher\":{\"@id\":\"https:\/\/vosgesinfo.fr\/saintdieinfo\/#organization\"},\"alternateName\":\"Toute l'actualit\u00e9 de Saint-Di\u00e9-Des-Vosges\",\"potentialAction\":[{\"@type\":\"SearchAction\",\"target\":{\"@type\":\"EntryPoint\",\"urlTemplate\":\"https:\/\/vosgesinfo.fr\/saintdieinfo\/?s={search_term_string}\"},\"query-input\":\"required name=search_term_string\"}],\"inLanguage\":\"fr-FR\"},{\"@type\":\"Organization\",\"@id\":\"https:\/\/vosgesinfo.fr\/saintdieinfo\/#organization\",\"name\":\"Saint Die Info\",\"url\":\"https:\/\/vosgesinfo.fr\/saintdieinfo\/\",\"logo\":{\"@type\":\"ImageObject\",\"inLanguage\":\"fr-FR\",\"@id\":\"https:\/\/vosgesinfo.fr\/saintdieinfo\/#\/schema\/logo\/image\/\",\"url\":\"https:\/\/vosgesinfo.fr\/app\/uploads\/sites\/4\/2024\/02\/logo-sdi.jpg\",\"contentUrl\":\"https:\/\/vosgesinfo.fr\/app\/uploads\/sites\/4\/2024\/02\/logo-sdi.jpg\",\"width\":600,\"height\":600,\"caption\":\"Saint Die Info\"},\"image\":{\"@id\":\"https:\/\/vosgesinfo.fr\/saintdieinfo\/#\/schema\/logo\/image\/\"},\"sameAs\":[\"https:\/\/www.facebook.com\/Saintdieinfofr\",\"https:\/\/x.com\/VosgesInfo88\",\"https:\/\/www.youtube.com\/@vosgesinfo\"]},{\"@type\":\"Person\",\"@id\":\"https:\/\/vosgesinfo.fr\/saintdieinfo\/#\/schema\/person\/fa73e9f726d67bb88f46d5b7943cb572\",\"name\":\"J.J.\",\"image\":{\"@type\":\"ImageObject\",\"inLanguage\":\"fr-FR\",\"@id\":\"https:\/\/vosgesinfo.fr\/saintdieinfo\/#\/schema\/person\/image\/\",\"url\":\"https:\/\/secure.gravatar.com\/avatar\/219e749e47ffbcca018a360ae4add7d4cdf1cdaaf8bc7676b27efade3fe65615?s=96&d=mm&r=g\",\"contentUrl\":\"https:\/\/secure.gravatar.com\/avatar\/219e749e47ffbcca018a360ae4add7d4cdf1cdaaf8bc7676b27efade3fe65615?s=96&d=mm&r=g\",\"caption\":\"J.J.\"},\"url\":\"https:\/\/vosgesinfo.fr\/saintdieinfo\/author\/j-j\/\"}]}<\/script>\n<!-- \/ Yoast SEO plugin. -->","yoast_head_json":{"title":"Football : les U18 F\u00e9minines du FC Metz d\u00e9fient le SC Freiburg \u00e0 Saint-Di\u00e9-des-Vosges - Saint Die Info","robots":{"index":"index","follow":"follow","max-snippet":"max-snippet:-1","max-image-preview":"max-image-preview:large","max-video-preview":"max-video-preview:-1"},"canonical":"https:\/\/vosgesinfo.fr\/saintdieinfo\/2026\/01\/football-les-u18-feminines-du-fc-metz-defient-le-sc-freiburg-a-saint-die-des-vosges\/","twitter_card":"summary_large_image","twitter_title":"Football : les U18 F\u00e9minines du FC Metz d\u00e9fient le SC Freiburg \u00e0 Saint-Di\u00e9-des-Vosges - Saint Die Info","twitter_description":"Un match de football gala sera jou\u00e9 au Palais Omnisports Joseph-Claudel \u2013 POJC \u2013 ce samedi 31 janvier \u00e0 13 [&hellip;]","twitter_image":"https:\/\/vosgesinfo.fr\/app\/uploads\/sites\/4\/2026\/01\/football-feminin-u18-fc-metz-vs-sc-freiburg.jpg","twitter_creator":"@VosgesInfo88","twitter_site":"@VosgesInfo88","twitter_misc":{"\u00c9crit par":"J.J."},"schema":{"@context":"https:\/\/schema.org","@graph":[{"@type":"Article","@id":"https:\/\/vosgesinfo.fr\/saintdieinfo\/2026\/01\/football-les-u18-feminines-du-fc-metz-defient-le-sc-freiburg-a-saint-die-des-vosges\/#article","isPartOf":{"@id":"https:\/\/vosgesinfo.fr\/saintdieinfo\/2026\/01\/football-les-u18-feminines-du-fc-metz-defient-le-sc-freiburg-a-saint-die-des-vosges\/"},"author":{"name":"J.J.","@id":"https:\/\/vosgesinfo.fr\/saintdieinfo\/#\/schema\/person\/fa73e9f726d67bb88f46d5b7943cb572"},"headline":"Football : les U18 F\u00e9minines du FC Metz d\u00e9fient le SC Freiburg \u00e0 Saint-Di\u00e9-des-Vosges","datePublished":"2026-01-29T09:03:36+00:00","dateModified":"2026-01-29T08:52:57+00:00","mainEntityOfPage":{"@id":"https:\/\/vosgesinfo.fr\/saintdieinfo\/2026\/01\/football-les-u18-feminines-du-fc-metz-defient-le-sc-freiburg-a-saint-die-des-vosges\/"},"wordCount":77,"commentCount":0,"publisher":{"@id":"https:\/\/vosgesinfo.fr\/saintdieinfo\/#organization"},"image":{"@id":"https:\/\/vosgesinfo.fr\/saintdieinfo\/2026\/01\/football-les-u18-feminines-du-fc-metz-defient-le-sc-freiburg-a-saint-die-des-vosges\/#primaryimage"},"thumbnailUrl":"https:\/\/vosgesinfo.fr\/app\/uploads\/sites\/4\/2026\/01\/football-feminin-u18-fc-metz-vs-sc-freiburg.jpg","keywords":["buvette","entr\u00e9e gratuite","FC Metz","football","match de gala","Palais Omnisports Joseph-Claudel","POJC","Saint-Di\u00e9-des-Vosges","SC Freiburg","U18 f\u00e9minine"],"articleSection":["A la Une","Saint-Di\u00e9-des-Vosges","Sport"],"inLanguage":"fr-FR","potentialAction":[{"@type":"CommentAction","name":"Comment","target":["https:\/\/vosgesinfo.fr\/saintdieinfo\/2026\/01\/football-les-u18-feminines-du-fc-metz-defient-le-sc-freiburg-a-saint-die-des-vosges\/#respond"]}]},{"@type":"WebPage","@id":"https:\/\/vosgesinfo.fr\/saintdieinfo\/2026\/01\/football-les-u18-feminines-du-fc-metz-defient-le-sc-freiburg-a-saint-die-des-vosges\/","url":"https:\/\/vosgesinfo.fr\/saintdieinfo\/2026\/01\/football-les-u18-feminines-du-fc-metz-defient-le-sc-freiburg-a-saint-die-des-vosges\/","name":"Football : les U18 F\u00e9minines du FC Metz d\u00e9fient le SC Freiburg \u00e0 Saint-Di\u00e9-des-Vosges - Saint Die Info","isPartOf":{"@id":"https:\/\/vosgesinfo.fr\/saintdieinfo\/#website"},"primaryImageOfPage":{"@id":"https:\/\/vosgesinfo.fr\/saintdieinfo\/2026\/01\/football-les-u18-feminines-du-fc-metz-defient-le-sc-freiburg-a-saint-die-des-vosges\/#primaryimage"},"image":{"@id":"https:\/\/vosgesinfo.fr\/saintdieinfo\/2026\/01\/football-les-u18-feminines-du-fc-metz-defient-le-sc-freiburg-a-saint-die-des-vosges\/#primaryimage"},"thumbnailUrl":"https:\/\/vosgesinfo.fr\/app\/uploads\/sites\/4\/2026\/01\/football-feminin-u18-fc-metz-vs-sc-freiburg.jpg","datePublished":"2026-01-29T09:03:36+00:00","dateModified":"2026-01-29T08:52:57+00:00","breadcrumb":{"@id":"https:\/\/vosgesinfo.fr\/saintdieinfo\/2026\/01\/football-les-u18-feminines-du-fc-metz-defient-le-sc-freiburg-a-saint-die-des-vosges\/#breadcrumb"},"inLanguage":"fr-FR","potentialAction":[{"@type":"ReadAction","target":["https:\/\/vosgesinfo.fr\/saintdieinfo\/2026\/01\/football-les-u18-feminines-du-fc-metz-defient-le-sc-freiburg-a-saint-die-des-vosges\/"]}]},{"@type":"ImageObject","inLanguage":"fr-FR","@id":"https:\/\/vosgesinfo.fr\/saintdieinfo\/2026\/01\/football-les-u18-feminines-du-fc-metz-defient-le-sc-freiburg-a-saint-die-des-vosges\/#primaryimage","url":"https:\/\/vosgesinfo.fr\/app\/uploads\/sites\/4\/2026\/01\/football-feminin-u18-fc-metz-vs-sc-freiburg.jpg","contentUrl":"https:\/\/vosgesinfo.fr\/app\/uploads\/sites\/4\/2026\/01\/football-feminin-u18-fc-metz-vs-sc-freiburg.jpg","width":720,"height":1080},{"@type":"BreadcrumbList","@id":"https:\/\/vosgesinfo.fr\/saintdieinfo\/2026\/01\/football-les-u18-feminines-du-fc-metz-defient-le-sc-freiburg-a-saint-die-des-vosges\/#breadcrumb","itemListElement":[{"@type":"ListItem","position":1,"name":"Home","item":"https:\/\/vosgesinfo.fr\/saintdieinfo\/"},{"@type":"ListItem","position":2,"name":"Football : les U18 F\u00e9minines du FC Metz d\u00e9fient le SC Freiburg \u00e0 Saint-Di\u00e9-des-Vosges"}]},{"@type":"WebSite","@id":"https:\/\/vosgesinfo.fr\/saintdieinfo\/#website","url":"https:\/\/vosgesinfo.fr\/saintdieinfo\/","name":"Saint Die Info","description":"Toute l&#039;actualit\u00e9 de Saint-Di\u00e9-Des-Vosges","publisher":{"@id":"https:\/\/vosgesinfo.fr\/saintdieinfo\/#organization"},"alternateName":"Toute l'actualit\u00e9 de Saint-Di\u00e9-Des-Vosges","potentialAction":[{"@type":"SearchAction","target":{"@type":"EntryPoint","urlTemplate":"https:\/\/vosgesinfo.fr\/saintdieinfo\/?s={search_term_string}"},"query-input":"required name=search_term_string"}],"inLanguage":"fr-FR"},{"@type":"Organization","@id":"https:\/\/vosgesinfo.fr\/saintdieinfo\/#organization","name":"Saint Die Info","url":"https:\/\/vosgesinfo.fr\/saintdieinfo\/","logo":{"@type":"ImageObject","inLanguage":"fr-FR","@id":"https:\/\/vosgesinfo.fr\/saintdieinfo\/#\/schema\/logo\/image\/","url":"https:\/\/vosgesinfo.fr\/app\/uploads\/sites\/4\/2024\/02\/logo-sdi.jpg","contentUrl":"https:\/\/vosgesinfo.fr\/app\/uploads\/sites\/4\/2024\/02\/logo-sdi.jpg","width":600,"height":600,"caption":"Saint Die Info"},"image":{"@id":"https:\/\/vosgesinfo.fr\/saintdieinfo\/#\/schema\/logo\/image\/"},"sameAs":["https:\/\/www.facebook.com\/Saintdieinfofr","https:\/\/x.com\/VosgesInfo88","https:\/\/www.youtube.com\/@vosgesinfo"]},{"@type":"Person","@id":"https:\/\/vosgesinfo.fr\/saintdieinfo\/#\/schema\/person\/fa73e9f726d67bb88f46d5b7943cb572","name":"J.J.","image":{"@type":"ImageObject","inLanguage":"fr-FR","@id":"https:\/\/vosgesinfo.fr\/saintdieinfo\/#\/schema\/person\/image\/","url":"https:\/\/secure.gravatar.com\/avatar\/219e749e47ffbcca018a360ae4add7d4cdf1cdaaf8bc7676b27efade3fe65615?s=96&d=mm&r=g","contentUrl":"https:\/\/secure.gravatar.com\/avatar\/219e749e47ffbcca018a360ae4add7d4cdf1cdaaf8bc7676b27efade3fe65615?s=96&d=mm&r=g","caption":"J.J."},"url":"https:\/\/vosgesinfo.fr\/saintdieinfo\/author\/j-j\/"}]}},"_links":{"self":[{"href":"https:\/\/vosgesinfo.fr\/saintdieinfo\/wp-json\/wp\/v2\/posts\/87322","targetHints":{"allow":["GET"]}}],"collection":[{"href":"https:\/\/vosgesinfo.fr\/saintdieinfo\/wp-json\/wp\/v2\/posts"}],"about":[{"href":"https:\/\/vosgesinfo.fr\/saintdieinfo\/wp-json\/wp\/v2\/types\/post"}],"author":[{"embeddable":true,"href":"https:\/\/vosgesinfo.fr\/saintdieinfo\/wp-json\/wp\/v2\/users\/46"}],"replies":[{"embeddable":true,"href":"https:\/\/vosgesinfo.fr\/saintdieinfo\/wp-json\/wp\/v2\/comments?post=87322"}],"version-history":[{"count":1,"href":"https:\/\/vosgesinfo.fr\/saintdieinfo\/wp-json\/wp\/v2\/posts\/87322\/revisions"}],"predecessor-version":[{"id":87324,"href":"https:\/\/vosgesinfo.fr\/saintdieinfo\/wp-json\/wp\/v2\/posts\/87322\/revisions\/87324"}],"wp:featuredmedia":[{"embeddable":true,"href":"https:\/\/vosgesinfo.fr\/saintdieinfo\/wp-json\/wp\/v2\/media\/87323"}],"wp:attachment":[{"href":"https:\/\/vosgesinfo.fr\/saintdieinfo\/wp-json\/wp\/v2\/media?parent=87322"}],"wp:term":[{"taxonomy":"category","embeddable":true,"href":"https:\/\/vosgesinfo.fr\/saintdieinfo\/wp-json\/wp\/v2\/categories?post=87322"},{"taxonomy":"post_tag","embeddable":true,"href":"https:\/\/vosgesinfo.fr\/saintdieinfo\/wp-json\/wp\/v2\/tags?post=87322"}],"curies":[{"name":"wp","href":"https:\/\/api.w.org\/{rel}","templated":true}]}}