{"id":87325,"date":"2026-01-29T12:32:14","date_gmt":"2026-01-29T11:32:14","guid":{"rendered":"https:\/\/vosgesinfo.fr\/saintdieinfo\/?p=87325"},"modified":"2026-01-29T12:24:06","modified_gmt":"2026-01-29T11:24:06","slug":"loffre-post-bac-passee-en-revue-au-fil-du-22e-forum-deodasup","status":"publish","type":"post","link":"https:\/\/vosgesinfo.fr\/saintdieinfo\/2026\/01\/loffre-post-bac-passee-en-revue-au-fil-du-22e-forum-deodasup\/","title":{"rendered":"L\u2019offre post-bac pass\u00e9e en revue au fil du 22e forum D\u00e9odasup"},"content":{"rendered":"<p data-start=\"0\" data-end=\"417\"><a href=\"https:\/\/vosgesinfo.fr\/app\/uploads\/sites\/4\/2026\/01\/22e-forum-deodasup-5.jpg\"><img decoding=\"async\" class=\"alignnone size-large wp-image-87330\" src=\"https:\/\/vosgesinfo.fr\/app\/uploads\/sites\/4\/2026\/01\/22e-forum-deodasup-5-1024x771.jpg\" alt=\"\" width=\"1024\" height=\"771\" srcset=\"https:\/\/vosgesinfo.fr\/app\/uploads\/sites\/4\/2026\/01\/22e-forum-deodasup-5-1024x771.jpg 1024w, https:\/\/vosgesinfo.fr\/app\/uploads\/sites\/4\/2026\/01\/22e-forum-deodasup-5-300x226.jpg 300w, https:\/\/vosgesinfo.fr\/app\/uploads\/sites\/4\/2026\/01\/22e-forum-deodasup-5-768x578.jpg 768w, https:\/\/vosgesinfo.fr\/app\/uploads\/sites\/4\/2026\/01\/22e-forum-deodasup-5.jpg 1434w\" sizes=\"(max-width: 1024px) 100vw, 1024px\" \/><\/a><\/p>\n<h2 data-start=\"0\" data-end=\"417\">Alors que les v\u0153ux pour <strong data-start=\"24\" data-end=\"38\">Parcoursup<\/strong> sont ouverts depuis peu, <strong data-start=\"64\" data-end=\"76\">D\u00e9odasup<\/strong> fait sa <strong data-start=\"85\" data-end=\"100\">22e \u00e9dition<\/strong> ce jeudi \u00e0 l\u2019<strong data-start=\"114\" data-end=\"144\">Espace Fran\u00e7ois-Mitterrand<\/strong>, jusqu\u2019\u00e0 <strong data-start=\"154\" data-end=\"162\">16 h<\/strong>. Fid\u00e8le \u00e0 son ADN, le forum d\u00e9odatien des formations sup\u00e9rieures, principalement organis\u00e9 cette ann\u00e9e par la <strong data-start=\"272\" data-end=\"301\">Cit\u00e9 scolaire Jules-Ferry<\/strong> avec le soutien de l\u2019<strong data-start=\"323\" data-end=\"330\">IUT<\/strong>, permet aux lyc\u00e9ens comme au public d\u2019affiner ou de confirmer son choix d\u2019orientation.<\/h2>\n<p data-start=\"0\" data-end=\"417\"><!--more--><\/p>\n<h3 data-start=\"419\" data-end=\"458\"><strong>Environ 70 intervenants cette ann\u00e9e<\/strong><\/h3>\n<p data-start=\"459\" data-end=\"750\">Comme l\u2019explique <strong data-start=\"476\" data-end=\"495\">Caroline Gadnel<\/strong>, <strong data-start=\"497\" data-end=\"541\">proviseure-adjointe du lyc\u00e9e Jules-Ferry<\/strong>, \u00ab nous avons un petit peu moins d\u2019intervenants cette ann\u00e9e, de l\u2019ordre de <strong>65 \u00e0 70<\/strong> (NDLR : contre pr\u00e8s de 80 l\u2019an dernier), car nous avons voulu rationaliser et davantage \u00e9quilibrer le rapport public\/priv\u00e9. \u00bb<\/p>\n<h3 data-start=\"752\" data-end=\"793\"><strong>Un large panorama de l\u2019offre post-bac<\/strong><\/h3>\n<p data-start=\"794\" data-end=\"1120\">Originaires de toute la <strong data-start=\"818\" data-end=\"838\">R\u00e9gion Grand Est<\/strong>, les intervenants dressent un large panorama de l\u2019<strong data-start=\"889\" data-end=\"921\">offre de formations post-bac<\/strong> : BTS, BUT, classes pr\u00e9paratoires, \u00e9coles d\u2019ing\u00e9nieurs, de commerce ou param\u00e9dicales, secteurs tertiaire et industriel, m\u00e9tiers d\u2019art, sant\u00e9, agriculture, s\u00e9curit\u00e9, forces de l\u2019ordre et arm\u00e9es, etc.<\/p>\n<h3 data-start=\"1122\" data-end=\"1157\"><strong>Parmi les nouveaux intervenants<\/strong><\/h3>\n<p data-start=\"1158\" data-end=\"1456\">Parmi les <strong data-start=\"1168\" data-end=\"1193\">nouveaux intervenants<\/strong>, on retrouve l\u2019\u00c9cole nationale sup\u00e9rieure des technologies et industries du bois <strong>\u2013 ENSTIB \u2013<\/strong> d\u2019\u00c9pinal, Sciences et techniques des activit\u00e9s physiques et sportives <strong>\u2013 STAPS \u2013 et l\u2019\u00c9cole d\u2019architecture de Nancy, les BTS Carri\u00e8res juridiques et Opticien-lunetier<\/strong>.<\/p>\n<h3 data-start=\"1458\" data-end=\"1494\"><strong>Campus Connect\u00e9 et vie \u00e9tudiante<\/strong><\/h3>\n<p data-start=\"1495\" data-end=\"1701\">Le tout \u00e9tant compl\u00e9t\u00e9 par le <strong data-start=\"1525\" data-end=\"1568\">Campus Connect\u00e9 de Saint-Di\u00e9-des-Vosges<\/strong>, ainsi que les structures li\u00e9es \u00e0 la vie de l\u2019\u00e9tudiant, comme le <strong data-start=\"1634\" data-end=\"1700\">Centre r\u00e9gional des \u0152uvres universitaires et scolaires \u2013 CROUS<\/strong>.<\/p>\n<h3 data-start=\"1703\" data-end=\"1727\"><strong>600 lyc\u00e9ens attendus<\/strong><\/h3>\n<p data-start=\"1728\" data-end=\"1915\">Au fil de la journ\u00e9e, <strong data-start=\"1750\" data-end=\"1765\">600 lyc\u00e9ens<\/strong> des \u00e9tablissements de <strong data-start=\"1788\" data-end=\"1812\">Saint-Di\u00e9-des-Vosges<\/strong> et <strong data-start=\"1816\" data-end=\"1828\">Bruy\u00e8res<\/strong> d\u00e9fileront dans les all\u00e9es de ce <strong data-start=\"1862\" data-end=\"1878\">22e D\u00e9odasup<\/strong> qui, pour rappel, est ouvert \u00e0 tous.<\/p>\n\n\t\t<style type=\"text\/css\">\n\t\t\t#gallery-1 {\n\t\t\t\tmargin: auto;\n\t\t\t}\n\t\t\t#gallery-1 .gallery-item {\n\t\t\t\tfloat: left;\n\t\t\t\tmargin-top: 10px;\n\t\t\t\ttext-align: center;\n\t\t\t\twidth: 33%;\n\t\t\t}\n\t\t\t#gallery-1 img {\n\t\t\t\tborder: 2px solid #cfcfcf;\n\t\t\t}\n\t\t\t#gallery-1 .gallery-caption {\n\t\t\t\tmargin-left: 0;\n\t\t\t}\n\t\t\t\/* see gallery_shortcode() in wp-includes\/media.php *\/\n\t\t<\/style>\n\t\t<div id='gallery-1' class='gallery galleryid-87325 gallery-columns-3 gallery-size-thumbnail'><dl class='gallery-item'>\n\t\t\t<dt class='gallery-icon landscape'>\n\t\t\t\t<a href='https:\/\/vosgesinfo.fr\/app\/uploads\/sites\/4\/2026\/01\/22e-forum-deodasup-1.jpg'><img decoding=\"async\" width=\"150\" height=\"150\" src=\"https:\/\/vosgesinfo.fr\/app\/uploads\/sites\/4\/2026\/01\/22e-forum-deodasup-1-150x150.jpg\" class=\"attachment-thumbnail size-thumbnail\" alt=\"\" \/><\/a>\n\t\t\t<\/dt><\/dl><dl class='gallery-item'>\n\t\t\t<dt class='gallery-icon landscape'>\n\t\t\t\t<a href='https:\/\/vosgesinfo.fr\/app\/uploads\/sites\/4\/2026\/01\/22e-forum-deodasup-2.jpg'><img decoding=\"async\" width=\"150\" height=\"150\" src=\"https:\/\/vosgesinfo.fr\/app\/uploads\/sites\/4\/2026\/01\/22e-forum-deodasup-2-150x150.jpg\" class=\"attachment-thumbnail size-thumbnail\" alt=\"\" \/><\/a>\n\t\t\t<\/dt><\/dl><dl class='gallery-item'>\n\t\t\t<dt class='gallery-icon landscape'>\n\t\t\t\t<a href='https:\/\/vosgesinfo.fr\/app\/uploads\/sites\/4\/2026\/01\/22e-forum-deodasup-3.jpg'><img decoding=\"async\" width=\"150\" height=\"150\" src=\"https:\/\/vosgesinfo.fr\/app\/uploads\/sites\/4\/2026\/01\/22e-forum-deodasup-3-150x150.jpg\" class=\"attachment-thumbnail size-thumbnail\" alt=\"\" \/><\/a>\n\t\t\t<\/dt><\/dl><br style=\"clear: both\" \/><dl class='gallery-item'>\n\t\t\t<dt class='gallery-icon landscape'>\n\t\t\t\t<a href='https:\/\/vosgesinfo.fr\/app\/uploads\/sites\/4\/2026\/01\/22e-forum-deodasup-4.jpg'><img decoding=\"async\" width=\"150\" height=\"150\" src=\"https:\/\/vosgesinfo.fr\/app\/uploads\/sites\/4\/2026\/01\/22e-forum-deodasup-4-150x150.jpg\" class=\"attachment-thumbnail size-thumbnail\" alt=\"\" \/><\/a>\n\t\t\t<\/dt><\/dl><dl class='gallery-item'>\n\t\t\t<dt class='gallery-icon landscape'>\n\t\t\t\t<a href='https:\/\/vosgesinfo.fr\/app\/uploads\/sites\/4\/2026\/01\/22e-forum-deodasup-6.jpg'><img decoding=\"async\" width=\"150\" height=\"150\" src=\"https:\/\/vosgesinfo.fr\/app\/uploads\/sites\/4\/2026\/01\/22e-forum-deodasup-6-150x150.jpg\" class=\"attachment-thumbnail size-thumbnail\" alt=\"\" \/><\/a>\n\t\t\t<\/dt><\/dl><dl class='gallery-item'>\n\t\t\t<dt class='gallery-icon landscape'>\n\t\t\t\t<a href='https:\/\/vosgesinfo.fr\/app\/uploads\/sites\/4\/2026\/01\/22e-forum-deodasup-7.jpg'><img decoding=\"async\" width=\"150\" height=\"150\" src=\"https:\/\/vosgesinfo.fr\/app\/uploads\/sites\/4\/2026\/01\/22e-forum-deodasup-7-150x150.jpg\" class=\"attachment-thumbnail size-thumbnail\" alt=\"\" \/><\/a>\n\t\t\t<\/dt><\/dl><br style=\"clear: both\" \/><dl class='gallery-item'>\n\t\t\t<dt class='gallery-icon landscape'>\n\t\t\t\t<a href='https:\/\/vosgesinfo.fr\/app\/uploads\/sites\/4\/2026\/01\/22e-forum-deodasup-8.jpg'><img decoding=\"async\" width=\"150\" height=\"150\" src=\"https:\/\/vosgesinfo.fr\/app\/uploads\/sites\/4\/2026\/01\/22e-forum-deodasup-8-150x150.jpg\" class=\"attachment-thumbnail size-thumbnail\" alt=\"\" \/><\/a>\n\t\t\t<\/dt><\/dl><dl class='gallery-item'>\n\t\t\t<dt class='gallery-icon landscape'>\n\t\t\t\t<a href='https:\/\/vosgesinfo.fr\/app\/uploads\/sites\/4\/2026\/01\/22e-forum-deodasup-9.jpg'><img decoding=\"async\" width=\"150\" height=\"150\" src=\"https:\/\/vosgesinfo.fr\/app\/uploads\/sites\/4\/2026\/01\/22e-forum-deodasup-9-150x150.jpg\" class=\"attachment-thumbnail size-thumbnail\" alt=\"\" \/><\/a>\n\t\t\t<\/dt><\/dl><dl class='gallery-item'>\n\t\t\t<dt class='gallery-icon landscape'>\n\t\t\t\t<a href='https:\/\/vosgesinfo.fr\/app\/uploads\/sites\/4\/2026\/01\/22e-forum-deodasup-10.jpg'><img decoding=\"async\" width=\"150\" height=\"150\" src=\"https:\/\/vosgesinfo.fr\/app\/uploads\/sites\/4\/2026\/01\/22e-forum-deodasup-10-150x150.jpg\" class=\"attachment-thumbnail size-thumbnail\" alt=\"\" \/><\/a>\n\t\t\t<\/dt><\/dl><br style=\"clear: both\" \/>\n\t\t<\/div>\n\n","protected":false},"excerpt":{"rendered":"<p>Alors que les v\u0153ux pour Parcoursup sont ouverts depuis peu, D\u00e9odasup fait sa 22e \u00e9dition ce jeudi \u00e0 l\u2019Espace Fran\u00e7ois-Mitterrand, [&hellip;]<\/p>\n","protected":false},"author":46,"featured_media":87330,"comment_status":"open","ping_status":"open","sticky":false,"template":"","format":"standard","meta":{"footnotes":""},"categories":[460,6,167],"tags":[18225,3352,20030,3818,766,3089,20028,3205,1401,7877,2881,20029],"class_list":["post-87325","post","type-post","status-publish","format-standard","has-post-thumbnail","hentry","category-a-la-une","category-education","category-saint-die-des-vosges","tag-campus-connecte","tag-cite-scolaire-jules-ferry","tag-crous","tag-deodasup","tag-enstib","tag-espace-francois-mitterrand","tag-formations-post-bac","tag-iut-de-saint-die-des-vosges","tag-orientation","tag-parcoursup","tag-saint-die-des-vosges","tag-staps"],"acf":[],"yoast_head":"<!-- This site is optimized with the Yoast SEO plugin v22.5 - https:\/\/yoast.com\/wordpress\/plugins\/seo\/ -->\n<title>L\u2019offre post-bac pass\u00e9e en revue au fil du 22e forum D\u00e9odasup - Saint Die Info<\/title>\n<meta name=\"robots\" content=\"index, follow, max-snippet:-1, max-image-preview:large, max-video-preview:-1\" \/>\n<link rel=\"canonical\" href=\"https:\/\/vosgesinfo.fr\/saintdieinfo\/2026\/01\/loffre-post-bac-passee-en-revue-au-fil-du-22e-forum-deodasup\/\" \/>\n<meta name=\"twitter:card\" content=\"summary_large_image\" \/>\n<meta name=\"twitter:title\" content=\"L\u2019offre post-bac pass\u00e9e en revue au fil du 22e forum D\u00e9odasup - Saint Die Info\" \/>\n<meta name=\"twitter:description\" content=\"Alors que les v\u0153ux pour Parcoursup sont ouverts depuis peu, D\u00e9odasup fait sa 22e \u00e9dition ce jeudi \u00e0 l\u2019Espace Fran\u00e7ois-Mitterrand, [&hellip;]\" \/>\n<meta name=\"twitter:image\" content=\"https:\/\/vosgesinfo.fr\/app\/uploads\/sites\/4\/2026\/01\/22e-forum-deodasup-5.jpg\" \/>\n<meta name=\"twitter:creator\" content=\"@VosgesInfo88\" \/>\n<meta name=\"twitter:site\" content=\"@VosgesInfo88\" \/>\n<meta name=\"twitter:label1\" content=\"\u00c9crit par\" \/>\n\t<meta name=\"twitter:data1\" content=\"J.J.\" \/>\n\t<meta name=\"twitter:label2\" content=\"Dur\u00e9e de lecture estim\u00e9e\" \/>\n\t<meta name=\"twitter:data2\" content=\"2 minutes\" \/>\n<script type=\"application\/ld+json\" class=\"yoast-schema-graph\">{\"@context\":\"https:\/\/schema.org\",\"@graph\":[{\"@type\":\"Article\",\"@id\":\"https:\/\/vosgesinfo.fr\/saintdieinfo\/2026\/01\/loffre-post-bac-passee-en-revue-au-fil-du-22e-forum-deodasup\/#article\",\"isPartOf\":{\"@id\":\"https:\/\/vosgesinfo.fr\/saintdieinfo\/2026\/01\/loffre-post-bac-passee-en-revue-au-fil-du-22e-forum-deodasup\/\"},\"author\":{\"name\":\"J.J.\",\"@id\":\"https:\/\/vosgesinfo.fr\/saintdieinfo\/#\/schema\/person\/fa73e9f726d67bb88f46d5b7943cb572\"},\"headline\":\"L\u2019offre post-bac pass\u00e9e en revue au fil du 22e forum D\u00e9odasup\",\"datePublished\":\"2026-01-29T11:32:14+00:00\",\"dateModified\":\"2026-01-29T11:24:06+00:00\",\"mainEntityOfPage\":{\"@id\":\"https:\/\/vosgesinfo.fr\/saintdieinfo\/2026\/01\/loffre-post-bac-passee-en-revue-au-fil-du-22e-forum-deodasup\/\"},\"wordCount\":321,\"commentCount\":0,\"publisher\":{\"@id\":\"https:\/\/vosgesinfo.fr\/saintdieinfo\/#organization\"},\"image\":{\"@id\":\"https:\/\/vosgesinfo.fr\/saintdieinfo\/2026\/01\/loffre-post-bac-passee-en-revue-au-fil-du-22e-forum-deodasup\/#primaryimage\"},\"thumbnailUrl\":\"https:\/\/vosgesinfo.fr\/app\/uploads\/sites\/4\/2026\/01\/22e-forum-deodasup-5.jpg\",\"keywords\":[\"Campus Connect\u00e9\",\"Cit\u00e9 scolaire Jules-Ferry\",\"CROUS\",\"D\u00e9odasup\",\"ENSTIB\",\"Espace Fran\u00e7ois-Mitterrand\",\"formations post-bac\",\"IUT de Saint-Di\u00e9-des-Vosges\",\"orientation\",\"Parcoursup\",\"Saint-Di\u00e9-des-Vosges\",\"STAPS\"],\"articleSection\":[\"A la Une\",\"\u00c9ducation\",\"Saint-Di\u00e9-des-Vosges\"],\"inLanguage\":\"fr-FR\",\"potentialAction\":[{\"@type\":\"CommentAction\",\"name\":\"Comment\",\"target\":[\"https:\/\/vosgesinfo.fr\/saintdieinfo\/2026\/01\/loffre-post-bac-passee-en-revue-au-fil-du-22e-forum-deodasup\/#respond\"]}]},{\"@type\":\"WebPage\",\"@id\":\"https:\/\/vosgesinfo.fr\/saintdieinfo\/2026\/01\/loffre-post-bac-passee-en-revue-au-fil-du-22e-forum-deodasup\/\",\"url\":\"https:\/\/vosgesinfo.fr\/saintdieinfo\/2026\/01\/loffre-post-bac-passee-en-revue-au-fil-du-22e-forum-deodasup\/\",\"name\":\"L\u2019offre post-bac pass\u00e9e en revue au fil du 22e forum D\u00e9odasup - Saint Die Info\",\"isPartOf\":{\"@id\":\"https:\/\/vosgesinfo.fr\/saintdieinfo\/#website\"},\"primaryImageOfPage\":{\"@id\":\"https:\/\/vosgesinfo.fr\/saintdieinfo\/2026\/01\/loffre-post-bac-passee-en-revue-au-fil-du-22e-forum-deodasup\/#primaryimage\"},\"image\":{\"@id\":\"https:\/\/vosgesinfo.fr\/saintdieinfo\/2026\/01\/loffre-post-bac-passee-en-revue-au-fil-du-22e-forum-deodasup\/#primaryimage\"},\"thumbnailUrl\":\"https:\/\/vosgesinfo.fr\/app\/uploads\/sites\/4\/2026\/01\/22e-forum-deodasup-5.jpg\",\"datePublished\":\"2026-01-29T11:32:14+00:00\",\"dateModified\":\"2026-01-29T11:24:06+00:00\",\"breadcrumb\":{\"@id\":\"https:\/\/vosgesinfo.fr\/saintdieinfo\/2026\/01\/loffre-post-bac-passee-en-revue-au-fil-du-22e-forum-deodasup\/#breadcrumb\"},\"inLanguage\":\"fr-FR\",\"potentialAction\":[{\"@type\":\"ReadAction\",\"target\":[\"https:\/\/vosgesinfo.fr\/saintdieinfo\/2026\/01\/loffre-post-bac-passee-en-revue-au-fil-du-22e-forum-deodasup\/\"]}]},{\"@type\":\"ImageObject\",\"inLanguage\":\"fr-FR\",\"@id\":\"https:\/\/vosgesinfo.fr\/saintdieinfo\/2026\/01\/loffre-post-bac-passee-en-revue-au-fil-du-22e-forum-deodasup\/#primaryimage\",\"url\":\"https:\/\/vosgesinfo.fr\/app\/uploads\/sites\/4\/2026\/01\/22e-forum-deodasup-5.jpg\",\"contentUrl\":\"https:\/\/vosgesinfo.fr\/app\/uploads\/sites\/4\/2026\/01\/22e-forum-deodasup-5.jpg\",\"width\":1434,\"height\":1080},{\"@type\":\"BreadcrumbList\",\"@id\":\"https:\/\/vosgesinfo.fr\/saintdieinfo\/2026\/01\/loffre-post-bac-passee-en-revue-au-fil-du-22e-forum-deodasup\/#breadcrumb\",\"itemListElement\":[{\"@type\":\"ListItem\",\"position\":1,\"name\":\"Home\",\"item\":\"https:\/\/vosgesinfo.fr\/saintdieinfo\/\"},{\"@type\":\"ListItem\",\"position\":2,\"name\":\"L\u2019offre post-bac pass\u00e9e en revue au fil du 22e forum D\u00e9odasup\"}]},{\"@type\":\"WebSite\",\"@id\":\"https:\/\/vosgesinfo.fr\/saintdieinfo\/#website\",\"url\":\"https:\/\/vosgesinfo.fr\/saintdieinfo\/\",\"name\":\"Saint Die Info\",\"description\":\"Toute l&#039;actualit\u00e9 de Saint-Di\u00e9-Des-Vosges\",\"publisher\":{\"@id\":\"https:\/\/vosgesinfo.fr\/saintdieinfo\/#organization\"},\"alternateName\":\"Toute l'actualit\u00e9 de Saint-Di\u00e9-Des-Vosges\",\"potentialAction\":[{\"@type\":\"SearchAction\",\"target\":{\"@type\":\"EntryPoint\",\"urlTemplate\":\"https:\/\/vosgesinfo.fr\/saintdieinfo\/?s={search_term_string}\"},\"query-input\":\"required name=search_term_string\"}],\"inLanguage\":\"fr-FR\"},{\"@type\":\"Organization\",\"@id\":\"https:\/\/vosgesinfo.fr\/saintdieinfo\/#organization\",\"name\":\"Saint Die Info\",\"url\":\"https:\/\/vosgesinfo.fr\/saintdieinfo\/\",\"logo\":{\"@type\":\"ImageObject\",\"inLanguage\":\"fr-FR\",\"@id\":\"https:\/\/vosgesinfo.fr\/saintdieinfo\/#\/schema\/logo\/image\/\",\"url\":\"https:\/\/vosgesinfo.fr\/app\/uploads\/sites\/4\/2024\/02\/logo-sdi.jpg\",\"contentUrl\":\"https:\/\/vosgesinfo.fr\/app\/uploads\/sites\/4\/2024\/02\/logo-sdi.jpg\",\"width\":600,\"height\":600,\"caption\":\"Saint Die Info\"},\"image\":{\"@id\":\"https:\/\/vosgesinfo.fr\/saintdieinfo\/#\/schema\/logo\/image\/\"},\"sameAs\":[\"https:\/\/www.facebook.com\/Saintdieinfofr\",\"https:\/\/x.com\/VosgesInfo88\",\"https:\/\/www.youtube.com\/@vosgesinfo\"]},{\"@type\":\"Person\",\"@id\":\"https:\/\/vosgesinfo.fr\/saintdieinfo\/#\/schema\/person\/fa73e9f726d67bb88f46d5b7943cb572\",\"name\":\"J.J.\",\"image\":{\"@type\":\"ImageObject\",\"inLanguage\":\"fr-FR\",\"@id\":\"https:\/\/vosgesinfo.fr\/saintdieinfo\/#\/schema\/person\/image\/\",\"url\":\"https:\/\/secure.gravatar.com\/avatar\/219e749e47ffbcca018a360ae4add7d4cdf1cdaaf8bc7676b27efade3fe65615?s=96&d=mm&r=g\",\"contentUrl\":\"https:\/\/secure.gravatar.com\/avatar\/219e749e47ffbcca018a360ae4add7d4cdf1cdaaf8bc7676b27efade3fe65615?s=96&d=mm&r=g\",\"caption\":\"J.J.\"},\"url\":\"https:\/\/vosgesinfo.fr\/saintdieinfo\/author\/j-j\/\"}]}<\/script>\n<!-- \/ Yoast SEO plugin. -->","yoast_head_json":{"title":"L\u2019offre post-bac pass\u00e9e en revue au fil du 22e forum D\u00e9odasup - Saint Die Info","robots":{"index":"index","follow":"follow","max-snippet":"max-snippet:-1","max-image-preview":"max-image-preview:large","max-video-preview":"max-video-preview:-1"},"canonical":"https:\/\/vosgesinfo.fr\/saintdieinfo\/2026\/01\/loffre-post-bac-passee-en-revue-au-fil-du-22e-forum-deodasup\/","twitter_card":"summary_large_image","twitter_title":"L\u2019offre post-bac pass\u00e9e en revue au fil du 22e forum D\u00e9odasup - Saint Die Info","twitter_description":"Alors que les v\u0153ux pour Parcoursup sont ouverts depuis peu, D\u00e9odasup fait sa 22e \u00e9dition ce jeudi \u00e0 l\u2019Espace Fran\u00e7ois-Mitterrand, [&hellip;]","twitter_image":"https:\/\/vosgesinfo.fr\/app\/uploads\/sites\/4\/2026\/01\/22e-forum-deodasup-5.jpg","twitter_creator":"@VosgesInfo88","twitter_site":"@VosgesInfo88","twitter_misc":{"\u00c9crit par":"J.J.","Dur\u00e9e de lecture estim\u00e9e":"2 minutes"},"schema":{"@context":"https:\/\/schema.org","@graph":[{"@type":"Article","@id":"https:\/\/vosgesinfo.fr\/saintdieinfo\/2026\/01\/loffre-post-bac-passee-en-revue-au-fil-du-22e-forum-deodasup\/#article","isPartOf":{"@id":"https:\/\/vosgesinfo.fr\/saintdieinfo\/2026\/01\/loffre-post-bac-passee-en-revue-au-fil-du-22e-forum-deodasup\/"},"author":{"name":"J.J.","@id":"https:\/\/vosgesinfo.fr\/saintdieinfo\/#\/schema\/person\/fa73e9f726d67bb88f46d5b7943cb572"},"headline":"L\u2019offre post-bac pass\u00e9e en revue au fil du 22e forum D\u00e9odasup","datePublished":"2026-01-29T11:32:14+00:00","dateModified":"2026-01-29T11:24:06+00:00","mainEntityOfPage":{"@id":"https:\/\/vosgesinfo.fr\/saintdieinfo\/2026\/01\/loffre-post-bac-passee-en-revue-au-fil-du-22e-forum-deodasup\/"},"wordCount":321,"commentCount":0,"publisher":{"@id":"https:\/\/vosgesinfo.fr\/saintdieinfo\/#organization"},"image":{"@id":"https:\/\/vosgesinfo.fr\/saintdieinfo\/2026\/01\/loffre-post-bac-passee-en-revue-au-fil-du-22e-forum-deodasup\/#primaryimage"},"thumbnailUrl":"https:\/\/vosgesinfo.fr\/app\/uploads\/sites\/4\/2026\/01\/22e-forum-deodasup-5.jpg","keywords":["Campus Connect\u00e9","Cit\u00e9 scolaire Jules-Ferry","CROUS","D\u00e9odasup","ENSTIB","Espace Fran\u00e7ois-Mitterrand","formations post-bac","IUT de Saint-Di\u00e9-des-Vosges","orientation","Parcoursup","Saint-Di\u00e9-des-Vosges","STAPS"],"articleSection":["A la Une","\u00c9ducation","Saint-Di\u00e9-des-Vosges"],"inLanguage":"fr-FR","potentialAction":[{"@type":"CommentAction","name":"Comment","target":["https:\/\/vosgesinfo.fr\/saintdieinfo\/2026\/01\/loffre-post-bac-passee-en-revue-au-fil-du-22e-forum-deodasup\/#respond"]}]},{"@type":"WebPage","@id":"https:\/\/vosgesinfo.fr\/saintdieinfo\/2026\/01\/loffre-post-bac-passee-en-revue-au-fil-du-22e-forum-deodasup\/","url":"https:\/\/vosgesinfo.fr\/saintdieinfo\/2026\/01\/loffre-post-bac-passee-en-revue-au-fil-du-22e-forum-deodasup\/","name":"L\u2019offre post-bac pass\u00e9e en revue au fil du 22e forum D\u00e9odasup - Saint Die Info","isPartOf":{"@id":"https:\/\/vosgesinfo.fr\/saintdieinfo\/#website"},"primaryImageOfPage":{"@id":"https:\/\/vosgesinfo.fr\/saintdieinfo\/2026\/01\/loffre-post-bac-passee-en-revue-au-fil-du-22e-forum-deodasup\/#primaryimage"},"image":{"@id":"https:\/\/vosgesinfo.fr\/saintdieinfo\/2026\/01\/loffre-post-bac-passee-en-revue-au-fil-du-22e-forum-deodasup\/#primaryimage"},"thumbnailUrl":"https:\/\/vosgesinfo.fr\/app\/uploads\/sites\/4\/2026\/01\/22e-forum-deodasup-5.jpg","datePublished":"2026-01-29T11:32:14+00:00","dateModified":"2026-01-29T11:24:06+00:00","breadcrumb":{"@id":"https:\/\/vosgesinfo.fr\/saintdieinfo\/2026\/01\/loffre-post-bac-passee-en-revue-au-fil-du-22e-forum-deodasup\/#breadcrumb"},"inLanguage":"fr-FR","potentialAction":[{"@type":"ReadAction","target":["https:\/\/vosgesinfo.fr\/saintdieinfo\/2026\/01\/loffre-post-bac-passee-en-revue-au-fil-du-22e-forum-deodasup\/"]}]},{"@type":"ImageObject","inLanguage":"fr-FR","@id":"https:\/\/vosgesinfo.fr\/saintdieinfo\/2026\/01\/loffre-post-bac-passee-en-revue-au-fil-du-22e-forum-deodasup\/#primaryimage","url":"https:\/\/vosgesinfo.fr\/app\/uploads\/sites\/4\/2026\/01\/22e-forum-deodasup-5.jpg","contentUrl":"https:\/\/vosgesinfo.fr\/app\/uploads\/sites\/4\/2026\/01\/22e-forum-deodasup-5.jpg","width":1434,"height":1080},{"@type":"BreadcrumbList","@id":"https:\/\/vosgesinfo.fr\/saintdieinfo\/2026\/01\/loffre-post-bac-passee-en-revue-au-fil-du-22e-forum-deodasup\/#breadcrumb","itemListElement":[{"@type":"ListItem","position":1,"name":"Home","item":"https:\/\/vosgesinfo.fr\/saintdieinfo\/"},{"@type":"ListItem","position":2,"name":"L\u2019offre post-bac pass\u00e9e en revue au fil du 22e forum D\u00e9odasup"}]},{"@type":"WebSite","@id":"https:\/\/vosgesinfo.fr\/saintdieinfo\/#website","url":"https:\/\/vosgesinfo.fr\/saintdieinfo\/","name":"Saint Die Info","description":"Toute l&#039;actualit\u00e9 de Saint-Di\u00e9-Des-Vosges","publisher":{"@id":"https:\/\/vosgesinfo.fr\/saintdieinfo\/#organization"},"alternateName":"Toute l'actualit\u00e9 de Saint-Di\u00e9-Des-Vosges","potentialAction":[{"@type":"SearchAction","target":{"@type":"EntryPoint","urlTemplate":"https:\/\/vosgesinfo.fr\/saintdieinfo\/?s={search_term_string}"},"query-input":"required name=search_term_string"}],"inLanguage":"fr-FR"},{"@type":"Organization","@id":"https:\/\/vosgesinfo.fr\/saintdieinfo\/#organization","name":"Saint Die Info","url":"https:\/\/vosgesinfo.fr\/saintdieinfo\/","logo":{"@type":"ImageObject","inLanguage":"fr-FR","@id":"https:\/\/vosgesinfo.fr\/saintdieinfo\/#\/schema\/logo\/image\/","url":"https:\/\/vosgesinfo.fr\/app\/uploads\/sites\/4\/2024\/02\/logo-sdi.jpg","contentUrl":"https:\/\/vosgesinfo.fr\/app\/uploads\/sites\/4\/2024\/02\/logo-sdi.jpg","width":600,"height":600,"caption":"Saint Die Info"},"image":{"@id":"https:\/\/vosgesinfo.fr\/saintdieinfo\/#\/schema\/logo\/image\/"},"sameAs":["https:\/\/www.facebook.com\/Saintdieinfofr","https:\/\/x.com\/VosgesInfo88","https:\/\/www.youtube.com\/@vosgesinfo"]},{"@type":"Person","@id":"https:\/\/vosgesinfo.fr\/saintdieinfo\/#\/schema\/person\/fa73e9f726d67bb88f46d5b7943cb572","name":"J.J.","image":{"@type":"ImageObject","inLanguage":"fr-FR","@id":"https:\/\/vosgesinfo.fr\/saintdieinfo\/#\/schema\/person\/image\/","url":"https:\/\/secure.gravatar.com\/avatar\/219e749e47ffbcca018a360ae4add7d4cdf1cdaaf8bc7676b27efade3fe65615?s=96&d=mm&r=g","contentUrl":"https:\/\/secure.gravatar.com\/avatar\/219e749e47ffbcca018a360ae4add7d4cdf1cdaaf8bc7676b27efade3fe65615?s=96&d=mm&r=g","caption":"J.J."},"url":"https:\/\/vosgesinfo.fr\/saintdieinfo\/author\/j-j\/"}]}},"_links":{"self":[{"href":"https:\/\/vosgesinfo.fr\/saintdieinfo\/wp-json\/wp\/v2\/posts\/87325","targetHints":{"allow":["GET"]}}],"collection":[{"href":"https:\/\/vosgesinfo.fr\/saintdieinfo\/wp-json\/wp\/v2\/posts"}],"about":[{"href":"https:\/\/vosgesinfo.fr\/saintdieinfo\/wp-json\/wp\/v2\/types\/post"}],"author":[{"embeddable":true,"href":"https:\/\/vosgesinfo.fr\/saintdieinfo\/wp-json\/wp\/v2\/users\/46"}],"replies":[{"embeddable":true,"href":"https:\/\/vosgesinfo.fr\/saintdieinfo\/wp-json\/wp\/v2\/comments?post=87325"}],"version-history":[{"count":1,"href":"https:\/\/vosgesinfo.fr\/saintdieinfo\/wp-json\/wp\/v2\/posts\/87325\/revisions"}],"predecessor-version":[{"id":87352,"href":"https:\/\/vosgesinfo.fr\/saintdieinfo\/wp-json\/wp\/v2\/posts\/87325\/revisions\/87352"}],"wp:featuredmedia":[{"embeddable":true,"href":"https:\/\/vosgesinfo.fr\/saintdieinfo\/wp-json\/wp\/v2\/media\/87330"}],"wp:attachment":[{"href":"https:\/\/vosgesinfo.fr\/saintdieinfo\/wp-json\/wp\/v2\/media?parent=87325"}],"wp:term":[{"taxonomy":"category","embeddable":true,"href":"https:\/\/vosgesinfo.fr\/saintdieinfo\/wp-json\/wp\/v2\/categories?post=87325"},{"taxonomy":"post_tag","embeddable":true,"href":"https:\/\/vosgesinfo.fr\/saintdieinfo\/wp-json\/wp\/v2\/tags?post=87325"}],"curies":[{"name":"wp","href":"https:\/\/api.w.org\/{rel}","templated":true}]}}