{"id":87353,"date":"2026-01-29T16:13:12","date_gmt":"2026-01-29T15:13:12","guid":{"rendered":"https:\/\/vosgesinfo.fr\/saintdieinfo\/?p=87353"},"modified":"2026-01-29T16:04:22","modified_gmt":"2026-01-29T15:04:22","slug":"youssef-souidi-et-thomas-vonderscher-a-la-librairie-le-neuf-pour-decrypter-la-geographie-electorale","status":"publish","type":"post","link":"https:\/\/vosgesinfo.fr\/saintdieinfo\/2026\/01\/youssef-souidi-et-thomas-vonderscher-a-la-librairie-le-neuf-pour-decrypter-la-geographie-electorale\/","title":{"rendered":"Youssef Souidi et Thomas Vonderscher \u00e0 la Librairie Le Neuf pour d\u00e9crypter la g\u00e9ographie \u00e9lectorale"},"content":{"rendered":"\n\t\t<style type=\"text\/css\">\n\t\t\t#gallery-1 {\n\t\t\t\tmargin: auto;\n\t\t\t}\n\t\t\t#gallery-1 .gallery-item {\n\t\t\t\tfloat: left;\n\t\t\t\tmargin-top: 10px;\n\t\t\t\ttext-align: center;\n\t\t\t\twidth: 50%;\n\t\t\t}\n\t\t\t#gallery-1 img {\n\t\t\t\tborder: 2px solid #cfcfcf;\n\t\t\t}\n\t\t\t#gallery-1 .gallery-caption {\n\t\t\t\tmargin-left: 0;\n\t\t\t}\n\t\t\t\/* see gallery_shortcode() in wp-includes\/media.php *\/\n\t\t<\/style>\n\t\t<div id='gallery-1' class='gallery galleryid-87353 gallery-columns-2 gallery-size-thumbnail'><dl class='gallery-item'>\n\t\t\t<dt class='gallery-icon portrait'>\n\t\t\t\t<a href='https:\/\/vosgesinfo.fr\/app\/uploads\/sites\/4\/2026\/01\/rdv-librairie-le-neuf-youssef-souidi.jpg'><img decoding=\"async\" width=\"150\" height=\"150\" src=\"https:\/\/vosgesinfo.fr\/app\/uploads\/sites\/4\/2026\/01\/rdv-librairie-le-neuf-youssef-souidi-150x150.jpg\" class=\"attachment-thumbnail size-thumbnail\" alt=\"\" \/><\/a>\n\t\t\t<\/dt><\/dl><dl class='gallery-item'>\n\t\t\t<dt class='gallery-icon landscape'>\n\t\t\t\t<a href='https:\/\/vosgesinfo.fr\/app\/uploads\/sites\/4\/2026\/01\/rdv-librairie-le-neuf-thomas-vonderscher.jpg'><img decoding=\"async\" width=\"150\" height=\"150\" src=\"https:\/\/vosgesinfo.fr\/app\/uploads\/sites\/4\/2026\/01\/rdv-librairie-le-neuf-thomas-vonderscher-150x150.jpg\" class=\"attachment-thumbnail size-thumbnail\" alt=\"\" \/><\/a>\n\t\t\t<\/dt><\/dl><br style=\"clear: both\" \/>\n\t\t<\/div>\n\n<h2><strong>Samedi 7 f\u00e9vrier<\/strong> \u00e0 <strong>10h30<\/strong>, la <strong>Librairie Le Neuf<\/strong> accueillera <strong>Youssef Souidi<\/strong> et <strong>Thomas Vonderscher<\/strong> pour une rencontre sp\u00e9ciale consacr\u00e9e \u00e0 la g\u00e9ographie \u00e9lectorale, autour de leur ouvrage <strong>Nouvelle cartographie \u00e9lectorale de la France<\/strong>.<\/h2>\n<p><!--more--><\/p>\n<h3><strong>Une analyse \u00e0 l\u2019\u00e9chelle des quartiers<\/strong><\/h3>\n<p>En analysant les r\u00e9sultats de <strong>pr\u00e8s de 70 000 bureaux de vote<\/strong> crois\u00e9s avec les <strong>donn\u00e9es sociales de l\u2019Insee \u2013 Institut national de la statistique et des \u00e9tudes \u00e9conomiques \u2013<\/strong> Youssef Souidi et Thomas Vonderscher r\u00e9v\u00e8lent ce que les sondages ne montrent jamais : des <strong>contrastes politiques quartier par quartier<\/strong>.<\/p>\n<h3><strong>Deux parcours, une m\u00eame approche par les donn\u00e9es<\/strong><\/h3>\n<p>Dipl\u00f4m\u00e9 de <strong>l\u2019EHESS \u2013 \u00c9cole des hautes \u00e9tudes en sciences sociales \u2013<\/strong> et <strong>docteur en \u00e9conomie<\/strong>, Youssef Souidi s\u2019int\u00e9resse \u00e0 la mani\u00e8re dont les donn\u00e9es peuvent \u00e9clairer les ph\u00e9nom\u00e8nes sociaux. Il est l\u2019auteur de <strong>Vers la s\u00e9cession scolaire ? M\u00e9caniques de la s\u00e9gr\u00e9gation au coll\u00e8ge<\/strong> (Fayard, 2024).<\/p>\n<p>Thomas Vonderscher a \u00e9t\u00e9 directeur litt\u00e9raire chez Fayard et est d\u00e9sormais <strong>\u00e9diteur ind\u00e9pendant<\/strong>. Il est dipl\u00f4m\u00e9 de <strong>l\u2019\u00c9cole normale sup\u00e9rieure Paris-Saclay<\/strong> en sciences sociales et des <strong>universit\u00e9s Paris 1<\/strong> et <strong>Paris 12<\/strong> en histoire.<\/p>\n<p><a href=\"https:\/\/vosgesinfo.fr\/app\/uploads\/sites\/4\/2026\/01\/rdv-librairie-le-neuf-nouvelle-cartographie-electorale-france.jpg\"><img decoding=\"async\" class=\"alignnone size-large wp-image-87356\" src=\"https:\/\/vosgesinfo.fr\/app\/uploads\/sites\/4\/2026\/01\/rdv-librairie-le-neuf-nouvelle-cartographie-electorale-france-724x1024.jpg\" alt=\"\" width=\"724\" height=\"1024\" srcset=\"https:\/\/vosgesinfo.fr\/app\/uploads\/sites\/4\/2026\/01\/rdv-librairie-le-neuf-nouvelle-cartographie-electorale-france-724x1024.jpg 724w, https:\/\/vosgesinfo.fr\/app\/uploads\/sites\/4\/2026\/01\/rdv-librairie-le-neuf-nouvelle-cartographie-electorale-france-212x300.jpg 212w, https:\/\/vosgesinfo.fr\/app\/uploads\/sites\/4\/2026\/01\/rdv-librairie-le-neuf-nouvelle-cartographie-electorale-france.jpg 764w\" sizes=\"(max-width: 724px) 100vw, 724px\" \/><\/a><\/p>\n","protected":false},"excerpt":{"rendered":"<p>Samedi 7 f\u00e9vrier \u00e0 10h30, la Librairie Le Neuf accueillera Youssef Souidi et Thomas Vonderscher pour une rencontre sp\u00e9ciale consacr\u00e9e [&hellip;]<\/p>\n","protected":false},"author":46,"featured_media":87356,"comment_status":"open","ping_status":"open","sticky":false,"template":"","format":"standard","meta":{"footnotes":""},"categories":[3900,8090,167],"tags":[20037,20039,20038,20036,20035,20041,20031,2033,3192,20032,2881,20040,20034,20033],"class_list":["post-87353","post","type-post","status-publish","format-standard","has-post-thumbnail","hentry","category-breves","category-litterature","category-saint-die-des-vosges","tag-bureaux-de-vote","tag-contrastes-politiques","tag-donnees-sociales","tag-ecole-normale-superieure-paris-saclay","tag-ehess","tag-fayard","tag-geographie-electorale","tag-insee","tag-librairie-le-neuf","tag-nouvelle-cartographie-electorale-de-la-france","tag-saint-die-des-vosges","tag-segregation-scolaire","tag-thomas-vonderscher","tag-youssef-souidi"],"acf":[],"yoast_head":"<!-- This site is optimized with the Yoast SEO plugin v22.5 - https:\/\/yoast.com\/wordpress\/plugins\/seo\/ -->\n<title>Youssef Souidi et Thomas Vonderscher \u00e0 la Librairie Le Neuf pour d\u00e9crypter la g\u00e9ographie \u00e9lectorale - Saint Die Info<\/title>\n<meta name=\"robots\" content=\"index, follow, max-snippet:-1, max-image-preview:large, max-video-preview:-1\" \/>\n<link rel=\"canonical\" href=\"https:\/\/vosgesinfo.fr\/saintdieinfo\/2026\/01\/youssef-souidi-et-thomas-vonderscher-a-la-librairie-le-neuf-pour-decrypter-la-geographie-electorale\/\" \/>\n<meta name=\"twitter:card\" content=\"summary_large_image\" \/>\n<meta name=\"twitter:title\" content=\"Youssef Souidi et Thomas Vonderscher \u00e0 la Librairie Le Neuf pour d\u00e9crypter la g\u00e9ographie \u00e9lectorale - Saint Die Info\" \/>\n<meta name=\"twitter:description\" content=\"Samedi 7 f\u00e9vrier \u00e0 10h30, la Librairie Le Neuf accueillera Youssef Souidi et Thomas Vonderscher pour une rencontre sp\u00e9ciale consacr\u00e9e [&hellip;]\" \/>\n<meta name=\"twitter:image\" content=\"https:\/\/vosgesinfo.fr\/app\/uploads\/sites\/4\/2026\/01\/rdv-librairie-le-neuf-nouvelle-cartographie-electorale-france.jpg\" \/>\n<meta name=\"twitter:creator\" content=\"@VosgesInfo88\" \/>\n<meta name=\"twitter:site\" content=\"@VosgesInfo88\" \/>\n<meta name=\"twitter:label1\" content=\"\u00c9crit par\" \/>\n\t<meta name=\"twitter:data1\" content=\"J.J.\" \/>\n\t<meta name=\"twitter:label2\" content=\"Dur\u00e9e de lecture estim\u00e9e\" \/>\n\t<meta name=\"twitter:data2\" content=\"1 minute\" \/>\n<script type=\"application\/ld+json\" class=\"yoast-schema-graph\">{\"@context\":\"https:\/\/schema.org\",\"@graph\":[{\"@type\":\"Article\",\"@id\":\"https:\/\/vosgesinfo.fr\/saintdieinfo\/2026\/01\/youssef-souidi-et-thomas-vonderscher-a-la-librairie-le-neuf-pour-decrypter-la-geographie-electorale\/#article\",\"isPartOf\":{\"@id\":\"https:\/\/vosgesinfo.fr\/saintdieinfo\/2026\/01\/youssef-souidi-et-thomas-vonderscher-a-la-librairie-le-neuf-pour-decrypter-la-geographie-electorale\/\"},\"author\":{\"name\":\"J.J.\",\"@id\":\"https:\/\/vosgesinfo.fr\/saintdieinfo\/#\/schema\/person\/fa73e9f726d67bb88f46d5b7943cb572\"},\"headline\":\"Youssef Souidi et Thomas Vonderscher \u00e0 la Librairie Le Neuf pour d\u00e9crypter la g\u00e9ographie \u00e9lectorale\",\"datePublished\":\"2026-01-29T15:13:12+00:00\",\"dateModified\":\"2026-01-29T15:04:22+00:00\",\"mainEntityOfPage\":{\"@id\":\"https:\/\/vosgesinfo.fr\/saintdieinfo\/2026\/01\/youssef-souidi-et-thomas-vonderscher-a-la-librairie-le-neuf-pour-decrypter-la-geographie-electorale\/\"},\"wordCount\":219,\"commentCount\":0,\"publisher\":{\"@id\":\"https:\/\/vosgesinfo.fr\/saintdieinfo\/#organization\"},\"image\":{\"@id\":\"https:\/\/vosgesinfo.fr\/saintdieinfo\/2026\/01\/youssef-souidi-et-thomas-vonderscher-a-la-librairie-le-neuf-pour-decrypter-la-geographie-electorale\/#primaryimage\"},\"thumbnailUrl\":\"https:\/\/vosgesinfo.fr\/app\/uploads\/sites\/4\/2026\/01\/rdv-librairie-le-neuf-nouvelle-cartographie-electorale-france.jpg\",\"keywords\":[\"bureaux de vote\",\"contrastes politiques\",\"donn\u00e9es sociales\",\"\u00c9cole normale sup\u00e9rieure Paris-Saclay\",\"EHESS\",\"Fayard\",\"g\u00e9ographie \u00e9lectorale\",\"INSEE\",\"Librairie Le Neuf\",\"Nouvelle cartographie \u00e9lectorale de la France\",\"Saint-Di\u00e9-des-Vosges\",\"s\u00e9gr\u00e9gation scolaire\",\"Thomas Vonderscher\",\"Youssef Souidi\"],\"articleSection\":[\"Br\u00e8ves\",\"Litt\u00e9rature\",\"Saint-Di\u00e9-des-Vosges\"],\"inLanguage\":\"fr-FR\",\"potentialAction\":[{\"@type\":\"CommentAction\",\"name\":\"Comment\",\"target\":[\"https:\/\/vosgesinfo.fr\/saintdieinfo\/2026\/01\/youssef-souidi-et-thomas-vonderscher-a-la-librairie-le-neuf-pour-decrypter-la-geographie-electorale\/#respond\"]}]},{\"@type\":\"WebPage\",\"@id\":\"https:\/\/vosgesinfo.fr\/saintdieinfo\/2026\/01\/youssef-souidi-et-thomas-vonderscher-a-la-librairie-le-neuf-pour-decrypter-la-geographie-electorale\/\",\"url\":\"https:\/\/vosgesinfo.fr\/saintdieinfo\/2026\/01\/youssef-souidi-et-thomas-vonderscher-a-la-librairie-le-neuf-pour-decrypter-la-geographie-electorale\/\",\"name\":\"Youssef Souidi et Thomas Vonderscher \u00e0 la Librairie Le Neuf pour d\u00e9crypter la g\u00e9ographie \u00e9lectorale - Saint Die Info\",\"isPartOf\":{\"@id\":\"https:\/\/vosgesinfo.fr\/saintdieinfo\/#website\"},\"primaryImageOfPage\":{\"@id\":\"https:\/\/vosgesinfo.fr\/saintdieinfo\/2026\/01\/youssef-souidi-et-thomas-vonderscher-a-la-librairie-le-neuf-pour-decrypter-la-geographie-electorale\/#primaryimage\"},\"image\":{\"@id\":\"https:\/\/vosgesinfo.fr\/saintdieinfo\/2026\/01\/youssef-souidi-et-thomas-vonderscher-a-la-librairie-le-neuf-pour-decrypter-la-geographie-electorale\/#primaryimage\"},\"thumbnailUrl\":\"https:\/\/vosgesinfo.fr\/app\/uploads\/sites\/4\/2026\/01\/rdv-librairie-le-neuf-nouvelle-cartographie-electorale-france.jpg\",\"datePublished\":\"2026-01-29T15:13:12+00:00\",\"dateModified\":\"2026-01-29T15:04:22+00:00\",\"breadcrumb\":{\"@id\":\"https:\/\/vosgesinfo.fr\/saintdieinfo\/2026\/01\/youssef-souidi-et-thomas-vonderscher-a-la-librairie-le-neuf-pour-decrypter-la-geographie-electorale\/#breadcrumb\"},\"inLanguage\":\"fr-FR\",\"potentialAction\":[{\"@type\":\"ReadAction\",\"target\":[\"https:\/\/vosgesinfo.fr\/saintdieinfo\/2026\/01\/youssef-souidi-et-thomas-vonderscher-a-la-librairie-le-neuf-pour-decrypter-la-geographie-electorale\/\"]}]},{\"@type\":\"ImageObject\",\"inLanguage\":\"fr-FR\",\"@id\":\"https:\/\/vosgesinfo.fr\/saintdieinfo\/2026\/01\/youssef-souidi-et-thomas-vonderscher-a-la-librairie-le-neuf-pour-decrypter-la-geographie-electorale\/#primaryimage\",\"url\":\"https:\/\/vosgesinfo.fr\/app\/uploads\/sites\/4\/2026\/01\/rdv-librairie-le-neuf-nouvelle-cartographie-electorale-france.jpg\",\"contentUrl\":\"https:\/\/vosgesinfo.fr\/app\/uploads\/sites\/4\/2026\/01\/rdv-librairie-le-neuf-nouvelle-cartographie-electorale-france.jpg\",\"width\":764,\"height\":1080},{\"@type\":\"BreadcrumbList\",\"@id\":\"https:\/\/vosgesinfo.fr\/saintdieinfo\/2026\/01\/youssef-souidi-et-thomas-vonderscher-a-la-librairie-le-neuf-pour-decrypter-la-geographie-electorale\/#breadcrumb\",\"itemListElement\":[{\"@type\":\"ListItem\",\"position\":1,\"name\":\"Home\",\"item\":\"https:\/\/vosgesinfo.fr\/saintdieinfo\/\"},{\"@type\":\"ListItem\",\"position\":2,\"name\":\"Youssef Souidi et Thomas Vonderscher \u00e0 la Librairie Le Neuf pour d\u00e9crypter la g\u00e9ographie \u00e9lectorale\"}]},{\"@type\":\"WebSite\",\"@id\":\"https:\/\/vosgesinfo.fr\/saintdieinfo\/#website\",\"url\":\"https:\/\/vosgesinfo.fr\/saintdieinfo\/\",\"name\":\"Saint Die Info\",\"description\":\"Toute l&#039;actualit\u00e9 de Saint-Di\u00e9-Des-Vosges\",\"publisher\":{\"@id\":\"https:\/\/vosgesinfo.fr\/saintdieinfo\/#organization\"},\"alternateName\":\"Toute l'actualit\u00e9 de Saint-Di\u00e9-Des-Vosges\",\"potentialAction\":[{\"@type\":\"SearchAction\",\"target\":{\"@type\":\"EntryPoint\",\"urlTemplate\":\"https:\/\/vosgesinfo.fr\/saintdieinfo\/?s={search_term_string}\"},\"query-input\":\"required name=search_term_string\"}],\"inLanguage\":\"fr-FR\"},{\"@type\":\"Organization\",\"@id\":\"https:\/\/vosgesinfo.fr\/saintdieinfo\/#organization\",\"name\":\"Saint Die Info\",\"url\":\"https:\/\/vosgesinfo.fr\/saintdieinfo\/\",\"logo\":{\"@type\":\"ImageObject\",\"inLanguage\":\"fr-FR\",\"@id\":\"https:\/\/vosgesinfo.fr\/saintdieinfo\/#\/schema\/logo\/image\/\",\"url\":\"https:\/\/vosgesinfo.fr\/app\/uploads\/sites\/4\/2024\/02\/logo-sdi.jpg\",\"contentUrl\":\"https:\/\/vosgesinfo.fr\/app\/uploads\/sites\/4\/2024\/02\/logo-sdi.jpg\",\"width\":600,\"height\":600,\"caption\":\"Saint Die Info\"},\"image\":{\"@id\":\"https:\/\/vosgesinfo.fr\/saintdieinfo\/#\/schema\/logo\/image\/\"},\"sameAs\":[\"https:\/\/www.facebook.com\/Saintdieinfofr\",\"https:\/\/x.com\/VosgesInfo88\",\"https:\/\/www.youtube.com\/@vosgesinfo\"]},{\"@type\":\"Person\",\"@id\":\"https:\/\/vosgesinfo.fr\/saintdieinfo\/#\/schema\/person\/fa73e9f726d67bb88f46d5b7943cb572\",\"name\":\"J.J.\",\"image\":{\"@type\":\"ImageObject\",\"inLanguage\":\"fr-FR\",\"@id\":\"https:\/\/vosgesinfo.fr\/saintdieinfo\/#\/schema\/person\/image\/\",\"url\":\"https:\/\/secure.gravatar.com\/avatar\/219e749e47ffbcca018a360ae4add7d4cdf1cdaaf8bc7676b27efade3fe65615?s=96&d=mm&r=g\",\"contentUrl\":\"https:\/\/secure.gravatar.com\/avatar\/219e749e47ffbcca018a360ae4add7d4cdf1cdaaf8bc7676b27efade3fe65615?s=96&d=mm&r=g\",\"caption\":\"J.J.\"},\"url\":\"https:\/\/vosgesinfo.fr\/saintdieinfo\/author\/j-j\/\"}]}<\/script>\n<!-- \/ Yoast SEO plugin. -->","yoast_head_json":{"title":"Youssef Souidi et Thomas Vonderscher \u00e0 la Librairie Le Neuf pour d\u00e9crypter la g\u00e9ographie \u00e9lectorale - Saint Die Info","robots":{"index":"index","follow":"follow","max-snippet":"max-snippet:-1","max-image-preview":"max-image-preview:large","max-video-preview":"max-video-preview:-1"},"canonical":"https:\/\/vosgesinfo.fr\/saintdieinfo\/2026\/01\/youssef-souidi-et-thomas-vonderscher-a-la-librairie-le-neuf-pour-decrypter-la-geographie-electorale\/","twitter_card":"summary_large_image","twitter_title":"Youssef Souidi et Thomas Vonderscher \u00e0 la Librairie Le Neuf pour d\u00e9crypter la g\u00e9ographie \u00e9lectorale - Saint Die Info","twitter_description":"Samedi 7 f\u00e9vrier \u00e0 10h30, la Librairie Le Neuf accueillera Youssef Souidi et Thomas Vonderscher pour une rencontre sp\u00e9ciale consacr\u00e9e [&hellip;]","twitter_image":"https:\/\/vosgesinfo.fr\/app\/uploads\/sites\/4\/2026\/01\/rdv-librairie-le-neuf-nouvelle-cartographie-electorale-france.jpg","twitter_creator":"@VosgesInfo88","twitter_site":"@VosgesInfo88","twitter_misc":{"\u00c9crit par":"J.J.","Dur\u00e9e de lecture estim\u00e9e":"1 minute"},"schema":{"@context":"https:\/\/schema.org","@graph":[{"@type":"Article","@id":"https:\/\/vosgesinfo.fr\/saintdieinfo\/2026\/01\/youssef-souidi-et-thomas-vonderscher-a-la-librairie-le-neuf-pour-decrypter-la-geographie-electorale\/#article","isPartOf":{"@id":"https:\/\/vosgesinfo.fr\/saintdieinfo\/2026\/01\/youssef-souidi-et-thomas-vonderscher-a-la-librairie-le-neuf-pour-decrypter-la-geographie-electorale\/"},"author":{"name":"J.J.","@id":"https:\/\/vosgesinfo.fr\/saintdieinfo\/#\/schema\/person\/fa73e9f726d67bb88f46d5b7943cb572"},"headline":"Youssef Souidi et Thomas Vonderscher \u00e0 la Librairie Le Neuf pour d\u00e9crypter la g\u00e9ographie \u00e9lectorale","datePublished":"2026-01-29T15:13:12+00:00","dateModified":"2026-01-29T15:04:22+00:00","mainEntityOfPage":{"@id":"https:\/\/vosgesinfo.fr\/saintdieinfo\/2026\/01\/youssef-souidi-et-thomas-vonderscher-a-la-librairie-le-neuf-pour-decrypter-la-geographie-electorale\/"},"wordCount":219,"commentCount":0,"publisher":{"@id":"https:\/\/vosgesinfo.fr\/saintdieinfo\/#organization"},"image":{"@id":"https:\/\/vosgesinfo.fr\/saintdieinfo\/2026\/01\/youssef-souidi-et-thomas-vonderscher-a-la-librairie-le-neuf-pour-decrypter-la-geographie-electorale\/#primaryimage"},"thumbnailUrl":"https:\/\/vosgesinfo.fr\/app\/uploads\/sites\/4\/2026\/01\/rdv-librairie-le-neuf-nouvelle-cartographie-electorale-france.jpg","keywords":["bureaux de vote","contrastes politiques","donn\u00e9es sociales","\u00c9cole normale sup\u00e9rieure Paris-Saclay","EHESS","Fayard","g\u00e9ographie \u00e9lectorale","INSEE","Librairie Le Neuf","Nouvelle cartographie \u00e9lectorale de la France","Saint-Di\u00e9-des-Vosges","s\u00e9gr\u00e9gation scolaire","Thomas Vonderscher","Youssef Souidi"],"articleSection":["Br\u00e8ves","Litt\u00e9rature","Saint-Di\u00e9-des-Vosges"],"inLanguage":"fr-FR","potentialAction":[{"@type":"CommentAction","name":"Comment","target":["https:\/\/vosgesinfo.fr\/saintdieinfo\/2026\/01\/youssef-souidi-et-thomas-vonderscher-a-la-librairie-le-neuf-pour-decrypter-la-geographie-electorale\/#respond"]}]},{"@type":"WebPage","@id":"https:\/\/vosgesinfo.fr\/saintdieinfo\/2026\/01\/youssef-souidi-et-thomas-vonderscher-a-la-librairie-le-neuf-pour-decrypter-la-geographie-electorale\/","url":"https:\/\/vosgesinfo.fr\/saintdieinfo\/2026\/01\/youssef-souidi-et-thomas-vonderscher-a-la-librairie-le-neuf-pour-decrypter-la-geographie-electorale\/","name":"Youssef Souidi et Thomas Vonderscher \u00e0 la Librairie Le Neuf pour d\u00e9crypter la g\u00e9ographie \u00e9lectorale - Saint Die Info","isPartOf":{"@id":"https:\/\/vosgesinfo.fr\/saintdieinfo\/#website"},"primaryImageOfPage":{"@id":"https:\/\/vosgesinfo.fr\/saintdieinfo\/2026\/01\/youssef-souidi-et-thomas-vonderscher-a-la-librairie-le-neuf-pour-decrypter-la-geographie-electorale\/#primaryimage"},"image":{"@id":"https:\/\/vosgesinfo.fr\/saintdieinfo\/2026\/01\/youssef-souidi-et-thomas-vonderscher-a-la-librairie-le-neuf-pour-decrypter-la-geographie-electorale\/#primaryimage"},"thumbnailUrl":"https:\/\/vosgesinfo.fr\/app\/uploads\/sites\/4\/2026\/01\/rdv-librairie-le-neuf-nouvelle-cartographie-electorale-france.jpg","datePublished":"2026-01-29T15:13:12+00:00","dateModified":"2026-01-29T15:04:22+00:00","breadcrumb":{"@id":"https:\/\/vosgesinfo.fr\/saintdieinfo\/2026\/01\/youssef-souidi-et-thomas-vonderscher-a-la-librairie-le-neuf-pour-decrypter-la-geographie-electorale\/#breadcrumb"},"inLanguage":"fr-FR","potentialAction":[{"@type":"ReadAction","target":["https:\/\/vosgesinfo.fr\/saintdieinfo\/2026\/01\/youssef-souidi-et-thomas-vonderscher-a-la-librairie-le-neuf-pour-decrypter-la-geographie-electorale\/"]}]},{"@type":"ImageObject","inLanguage":"fr-FR","@id":"https:\/\/vosgesinfo.fr\/saintdieinfo\/2026\/01\/youssef-souidi-et-thomas-vonderscher-a-la-librairie-le-neuf-pour-decrypter-la-geographie-electorale\/#primaryimage","url":"https:\/\/vosgesinfo.fr\/app\/uploads\/sites\/4\/2026\/01\/rdv-librairie-le-neuf-nouvelle-cartographie-electorale-france.jpg","contentUrl":"https:\/\/vosgesinfo.fr\/app\/uploads\/sites\/4\/2026\/01\/rdv-librairie-le-neuf-nouvelle-cartographie-electorale-france.jpg","width":764,"height":1080},{"@type":"BreadcrumbList","@id":"https:\/\/vosgesinfo.fr\/saintdieinfo\/2026\/01\/youssef-souidi-et-thomas-vonderscher-a-la-librairie-le-neuf-pour-decrypter-la-geographie-electorale\/#breadcrumb","itemListElement":[{"@type":"ListItem","position":1,"name":"Home","item":"https:\/\/vosgesinfo.fr\/saintdieinfo\/"},{"@type":"ListItem","position":2,"name":"Youssef Souidi et Thomas Vonderscher \u00e0 la Librairie Le Neuf pour d\u00e9crypter la g\u00e9ographie \u00e9lectorale"}]},{"@type":"WebSite","@id":"https:\/\/vosgesinfo.fr\/saintdieinfo\/#website","url":"https:\/\/vosgesinfo.fr\/saintdieinfo\/","name":"Saint Die Info","description":"Toute l&#039;actualit\u00e9 de Saint-Di\u00e9-Des-Vosges","publisher":{"@id":"https:\/\/vosgesinfo.fr\/saintdieinfo\/#organization"},"alternateName":"Toute l'actualit\u00e9 de Saint-Di\u00e9-Des-Vosges","potentialAction":[{"@type":"SearchAction","target":{"@type":"EntryPoint","urlTemplate":"https:\/\/vosgesinfo.fr\/saintdieinfo\/?s={search_term_string}"},"query-input":"required name=search_term_string"}],"inLanguage":"fr-FR"},{"@type":"Organization","@id":"https:\/\/vosgesinfo.fr\/saintdieinfo\/#organization","name":"Saint Die Info","url":"https:\/\/vosgesinfo.fr\/saintdieinfo\/","logo":{"@type":"ImageObject","inLanguage":"fr-FR","@id":"https:\/\/vosgesinfo.fr\/saintdieinfo\/#\/schema\/logo\/image\/","url":"https:\/\/vosgesinfo.fr\/app\/uploads\/sites\/4\/2024\/02\/logo-sdi.jpg","contentUrl":"https:\/\/vosgesinfo.fr\/app\/uploads\/sites\/4\/2024\/02\/logo-sdi.jpg","width":600,"height":600,"caption":"Saint Die Info"},"image":{"@id":"https:\/\/vosgesinfo.fr\/saintdieinfo\/#\/schema\/logo\/image\/"},"sameAs":["https:\/\/www.facebook.com\/Saintdieinfofr","https:\/\/x.com\/VosgesInfo88","https:\/\/www.youtube.com\/@vosgesinfo"]},{"@type":"Person","@id":"https:\/\/vosgesinfo.fr\/saintdieinfo\/#\/schema\/person\/fa73e9f726d67bb88f46d5b7943cb572","name":"J.J.","image":{"@type":"ImageObject","inLanguage":"fr-FR","@id":"https:\/\/vosgesinfo.fr\/saintdieinfo\/#\/schema\/person\/image\/","url":"https:\/\/secure.gravatar.com\/avatar\/219e749e47ffbcca018a360ae4add7d4cdf1cdaaf8bc7676b27efade3fe65615?s=96&d=mm&r=g","contentUrl":"https:\/\/secure.gravatar.com\/avatar\/219e749e47ffbcca018a360ae4add7d4cdf1cdaaf8bc7676b27efade3fe65615?s=96&d=mm&r=g","caption":"J.J."},"url":"https:\/\/vosgesinfo.fr\/saintdieinfo\/author\/j-j\/"}]}},"_links":{"self":[{"href":"https:\/\/vosgesinfo.fr\/saintdieinfo\/wp-json\/wp\/v2\/posts\/87353","targetHints":{"allow":["GET"]}}],"collection":[{"href":"https:\/\/vosgesinfo.fr\/saintdieinfo\/wp-json\/wp\/v2\/posts"}],"about":[{"href":"https:\/\/vosgesinfo.fr\/saintdieinfo\/wp-json\/wp\/v2\/types\/post"}],"author":[{"embeddable":true,"href":"https:\/\/vosgesinfo.fr\/saintdieinfo\/wp-json\/wp\/v2\/users\/46"}],"replies":[{"embeddable":true,"href":"https:\/\/vosgesinfo.fr\/saintdieinfo\/wp-json\/wp\/v2\/comments?post=87353"}],"version-history":[{"count":2,"href":"https:\/\/vosgesinfo.fr\/saintdieinfo\/wp-json\/wp\/v2\/posts\/87353\/revisions"}],"predecessor-version":[{"id":87358,"href":"https:\/\/vosgesinfo.fr\/saintdieinfo\/wp-json\/wp\/v2\/posts\/87353\/revisions\/87358"}],"wp:featuredmedia":[{"embeddable":true,"href":"https:\/\/vosgesinfo.fr\/saintdieinfo\/wp-json\/wp\/v2\/media\/87356"}],"wp:attachment":[{"href":"https:\/\/vosgesinfo.fr\/saintdieinfo\/wp-json\/wp\/v2\/media?parent=87353"}],"wp:term":[{"taxonomy":"category","embeddable":true,"href":"https:\/\/vosgesinfo.fr\/saintdieinfo\/wp-json\/wp\/v2\/categories?post=87353"},{"taxonomy":"post_tag","embeddable":true,"href":"https:\/\/vosgesinfo.fr\/saintdieinfo\/wp-json\/wp\/v2\/tags?post=87353"}],"curies":[{"name":"wp","href":"https:\/\/api.w.org\/{rel}","templated":true}]}}