{"id":87359,"date":"2026-01-29T16:03:31","date_gmt":"2026-01-29T15:03:31","guid":{"rendered":"https:\/\/vosgesinfo.fr\/saintdieinfo\/?p=87359"},"modified":"2026-01-29T16:54:57","modified_gmt":"2026-01-29T15:54:57","slug":"animaux-et-mascottes-militaires-au-coeur-dune-conference-au-musee-pierre-noel","status":"publish","type":"post","link":"https:\/\/vosgesinfo.fr\/saintdieinfo\/2026\/01\/animaux-et-mascottes-militaires-au-coeur-dune-conference-au-musee-pierre-noel\/","title":{"rendered":"Animaux et mascottes militaires au c\u0153ur d\u2019une conf\u00e9rence au mus\u00e9e Pierre-No\u00ebl"},"content":{"rendered":"<div id=\"attachment_87360\" style=\"width: 1034px\" class=\"wp-caption alignnone\"><a href=\"https:\/\/vosgesinfo.fr\/app\/uploads\/sites\/4\/2026\/01\/conference-temps-de-guerre-societe-philomatique-vosgienne.jpg\"><img decoding=\"async\" aria-describedby=\"caption-attachment-87360\" class=\"size-large wp-image-87360\" src=\"https:\/\/vosgesinfo.fr\/app\/uploads\/sites\/4\/2026\/01\/conference-temps-de-guerre-societe-philomatique-vosgienne-1024x435.jpg\" alt=\"\" width=\"1024\" height=\"435\" srcset=\"https:\/\/vosgesinfo.fr\/app\/uploads\/sites\/4\/2026\/01\/conference-temps-de-guerre-societe-philomatique-vosgienne-1024x435.jpg 1024w, https:\/\/vosgesinfo.fr\/app\/uploads\/sites\/4\/2026\/01\/conference-temps-de-guerre-societe-philomatique-vosgienne-300x127.jpg 300w, https:\/\/vosgesinfo.fr\/app\/uploads\/sites\/4\/2026\/01\/conference-temps-de-guerre-societe-philomatique-vosgienne-768x326.jpg 768w, https:\/\/vosgesinfo.fr\/app\/uploads\/sites\/4\/2026\/01\/conference-temps-de-guerre-societe-philomatique-vosgienne-1536x652.jpg 1536w, https:\/\/vosgesinfo.fr\/app\/uploads\/sites\/4\/2026\/01\/conference-temps-de-guerre-societe-philomatique-vosgienne.jpg 1648w\" sizes=\"(max-width: 1024px) 100vw, 1024px\" \/><\/a><p id=\"caption-attachment-87360\" class=\"wp-caption-text\">(Photographie 1 : Le faucon, cr\u00e9dit BERIAN \/<br \/>Photograpohie 2 : Ren\u00e9 Fonck avec la cigogne H\u00e9l\u00e8ne)<\/p><\/div>\n<h2>Le <strong>samedi 14 f\u00e9vrier \u00e0 14 h 30<\/strong>, une nouvelle conf\u00e9rence du <strong>cycle \u00ab Temps de guerre \u00bb<\/strong> se tiendra au <strong>mus\u00e9e Pierre-No\u00ebl<\/strong>. Organis\u00e9 par la <strong>Soci\u00e9t\u00e9 Philomatique Vosgienne<\/strong> en partenariat avec l\u2019<strong>association BERIAN<\/strong>, ce rendez-vous en duo abordera la place des animaux aux c\u00f4t\u00e9s des hommes, sur les routes comme sur les champs de bataille. <strong>L\u2019entr\u00e9e<\/strong> est <strong>libre<\/strong>.<\/h2>\n<p><!--more--><\/p>\n<h3><strong>Les animaux, compagnons et repr\u00e9sentations<\/strong><\/h3>\n<p>La premi\u00e8re intervention sera assur\u00e9e par <strong>Jean-Micha\u00ebl Choserot<\/strong>, pr\u00e9sident de l\u2019association BERIAN, sur le th\u00e8me <strong>\u00ab Les animaux, compagnons et repr\u00e9sentations \u00bb<\/strong>. Il s\u2019int\u00e9ressera \u00e0 la mani\u00e8re dont les animaux ont \u00e9t\u00e9, au fil de l\u2019histoire, bien plus que des ressources pour se nourrir, chasser ou garder le b\u00e9tail.<br \/>\n\u00ab Les animaux n\u2019ont pas toujours \u00e9t\u00e9 des objets pour se nourrir, pour chasser, pour garder le b\u00e9tail. Certains sont devenus des <strong>compagnons de route<\/strong> mais aussi des <strong>compagnons c\u00e9lestes et spirituels<\/strong> \u00e0 l\u2019image du <strong>chat<\/strong>, quand d\u2019autres ont \u00e9t\u00e9 l\u2019\u00e2me chevaleresque la plus respect\u00e9e \u00e0 l\u2019instar du <strong>faucon<\/strong>. Il en est ainsi depuis que les dieux ont eu ou ont \u00e9t\u00e9 eux-m\u00eames des animaux, tels les <strong>corbeaux<\/strong> attribu\u00e9s \u00e0 <strong>Lug le celte<\/strong> ou \u00e0 <strong>Wotan le germain<\/strong>. \u00bb<\/p>\n<h3><strong>Mascottes et traditions dans l\u2019arm\u00e9e fran\u00e7aise<\/strong><\/h3>\n<p>La seconde partie de l\u2019apr\u00e8s-midi sera consacr\u00e9e aux <strong>mascottes militaires<\/strong> avec une intervention d\u2019<strong>Axel Balland<\/strong>, historien, sur le th\u00e8me <strong>\u00ab Les mascottes dans l\u2019arm\u00e9e fran\u00e7aise : traditions et histoire \u00bb<\/strong>. Il reviendra sur ces animaux et symboles qui accompagnent depuis longtemps les <strong>unit\u00e9s militaires fran\u00e7aises<\/strong>, en expliquant leur origine, leur r\u00f4le et leur place dans les <strong>traditions r\u00e9gimentaires<\/strong>.<\/p>\n<p>Axel Balland, par ailleurs animateur de la commission Temps de guerre, \u00e9voquera notamment le <strong>b\u00e9lier des tirailleurs<\/strong>, la <strong>cigogne de Fonck<\/strong>, le <strong>mulet \u00ab Tapanar \u00bb du 2e R\u00e9giment \u00e9tranger d\u2019infanterie<\/strong> et bien d\u2019autres exemples. Certaines mascottes rel\u00e8vent aussi de <strong>petits groupes de soldats<\/strong>, avec des <strong>histoires plus discr\u00e8tes mais tout aussi marquantes<\/strong>.<\/p>\n","protected":false},"excerpt":{"rendered":"<p>Le samedi 14 f\u00e9vrier \u00e0 14 h 30, une nouvelle conf\u00e9rence du cycle \u00ab Temps de guerre \u00bb se tiendra [&hellip;]<\/p>\n","protected":false},"author":46,"featured_media":87360,"comment_status":"open","ping_status":"open","sticky":false,"template":"","format":"standard","meta":{"footnotes":""},"categories":[3900,7847,167,17],"tags":[94,20044,3615,4352,2872,3616,20043,3333,3215,20042],"class_list":["post-87359","post","type-post","status-publish","format-standard","has-post-thumbnail","hentry","category-breves","category-art-culture","category-saint-die-des-vosges","category-vie-associative","tag-animaux","tag-armee-francaise","tag-association-berian","tag-axel-balland","tag-conference","tag-jean-michael-choserot","tag-mascottes-militaires","tag-musee-pierre-noel","tag-societe-philomatique-vosgienne","tag-temps-de-guerre"],"acf":[],"yoast_head":"<!-- This site is optimized with the Yoast SEO plugin v22.5 - https:\/\/yoast.com\/wordpress\/plugins\/seo\/ -->\n<title>Animaux et mascottes militaires au c\u0153ur d\u2019une conf\u00e9rence au mus\u00e9e Pierre-No\u00ebl - Saint Die Info<\/title>\n<meta name=\"robots\" content=\"index, follow, max-snippet:-1, max-image-preview:large, max-video-preview:-1\" \/>\n<link rel=\"canonical\" href=\"https:\/\/vosgesinfo.fr\/saintdieinfo\/?p=87359\" \/>\n<meta name=\"twitter:card\" content=\"summary_large_image\" \/>\n<meta name=\"twitter:title\" content=\"Animaux et mascottes militaires au c\u0153ur d\u2019une conf\u00e9rence au mus\u00e9e Pierre-No\u00ebl - Saint Die Info\" \/>\n<meta name=\"twitter:description\" content=\"Le samedi 14 f\u00e9vrier \u00e0 14 h 30, une nouvelle conf\u00e9rence du cycle \u00ab Temps de guerre \u00bb se tiendra [&hellip;]\" \/>\n<meta name=\"twitter:image\" content=\"https:\/\/vosgesinfo.fr\/app\/uploads\/sites\/4\/2026\/01\/conference-temps-de-guerre-societe-philomatique-vosgienne-1024x435.jpg\" \/>\n<meta name=\"twitter:creator\" content=\"@VosgesInfo88\" \/>\n<meta name=\"twitter:site\" content=\"@VosgesInfo88\" \/>\n<meta name=\"twitter:label1\" content=\"\u00c9crit par\" \/>\n\t<meta name=\"twitter:data1\" content=\"J.J.\" \/>\n\t<meta name=\"twitter:label2\" content=\"Dur\u00e9e de lecture estim\u00e9e\" \/>\n\t<meta name=\"twitter:data2\" content=\"2 minutes\" \/>\n<script type=\"application\/ld+json\" class=\"yoast-schema-graph\">{\"@context\":\"https:\/\/schema.org\",\"@graph\":[{\"@type\":\"Article\",\"@id\":\"https:\/\/vosgesinfo.fr\/saintdieinfo\/?p=87359#article\",\"isPartOf\":{\"@id\":\"https:\/\/vosgesinfo.fr\/saintdieinfo\/?p=87359\"},\"author\":{\"name\":\"J.J.\",\"@id\":\"https:\/\/vosgesinfo.fr\/saintdieinfo\/#\/schema\/person\/fa73e9f726d67bb88f46d5b7943cb572\"},\"headline\":\"Animaux et mascottes militaires au c\u0153ur d\u2019une conf\u00e9rence au mus\u00e9e Pierre-No\u00ebl\",\"datePublished\":\"2026-01-29T15:03:31+00:00\",\"dateModified\":\"2026-01-29T15:54:57+00:00\",\"mainEntityOfPage\":{\"@id\":\"https:\/\/vosgesinfo.fr\/saintdieinfo\/?p=87359\"},\"wordCount\":381,\"commentCount\":0,\"publisher\":{\"@id\":\"https:\/\/vosgesinfo.fr\/saintdieinfo\/#organization\"},\"image\":{\"@id\":\"https:\/\/vosgesinfo.fr\/saintdieinfo\/?p=87359#primaryimage\"},\"thumbnailUrl\":\"https:\/\/vosgesinfo.fr\/app\/uploads\/sites\/4\/2026\/01\/conference-temps-de-guerre-societe-philomatique-vosgienne.jpg\",\"keywords\":[\"animaux\",\"arm\u00e9e fran\u00e7aise\",\"Association BERIAN\",\"Axel Balland\",\"conf\u00e9rence\",\"Jean-Micha\u00ebl Choserot\",\"mascottes militaires\",\"Mus\u00e9e Pierre-No\u00ebl\",\"Soci\u00e9t\u00e9 Philomatique Vosgienne\",\"Temps de guerre\"],\"articleSection\":[\"Br\u00e8ves\",\"Culture\",\"Saint-Di\u00e9-des-Vosges\",\"Vie Associative\"],\"inLanguage\":\"fr-FR\",\"potentialAction\":[{\"@type\":\"CommentAction\",\"name\":\"Comment\",\"target\":[\"https:\/\/vosgesinfo.fr\/saintdieinfo\/?p=87359#respond\"]}]},{\"@type\":\"WebPage\",\"@id\":\"https:\/\/vosgesinfo.fr\/saintdieinfo\/?p=87359\",\"url\":\"https:\/\/vosgesinfo.fr\/saintdieinfo\/?p=87359\",\"name\":\"Animaux et mascottes militaires au c\u0153ur d\u2019une conf\u00e9rence au mus\u00e9e Pierre-No\u00ebl - Saint Die Info\",\"isPartOf\":{\"@id\":\"https:\/\/vosgesinfo.fr\/saintdieinfo\/#website\"},\"primaryImageOfPage\":{\"@id\":\"https:\/\/vosgesinfo.fr\/saintdieinfo\/?p=87359#primaryimage\"},\"image\":{\"@id\":\"https:\/\/vosgesinfo.fr\/saintdieinfo\/?p=87359#primaryimage\"},\"thumbnailUrl\":\"https:\/\/vosgesinfo.fr\/app\/uploads\/sites\/4\/2026\/01\/conference-temps-de-guerre-societe-philomatique-vosgienne.jpg\",\"datePublished\":\"2026-01-29T15:03:31+00:00\",\"dateModified\":\"2026-01-29T15:54:57+00:00\",\"breadcrumb\":{\"@id\":\"https:\/\/vosgesinfo.fr\/saintdieinfo\/?p=87359#breadcrumb\"},\"inLanguage\":\"fr-FR\",\"potentialAction\":[{\"@type\":\"ReadAction\",\"target\":[\"https:\/\/vosgesinfo.fr\/saintdieinfo\/?p=87359\"]}]},{\"@type\":\"ImageObject\",\"inLanguage\":\"fr-FR\",\"@id\":\"https:\/\/vosgesinfo.fr\/saintdieinfo\/?p=87359#primaryimage\",\"url\":\"https:\/\/vosgesinfo.fr\/app\/uploads\/sites\/4\/2026\/01\/conference-temps-de-guerre-societe-philomatique-vosgienne.jpg\",\"contentUrl\":\"https:\/\/vosgesinfo.fr\/app\/uploads\/sites\/4\/2026\/01\/conference-temps-de-guerre-societe-philomatique-vosgienne.jpg\",\"width\":1648,\"height\":700,\"caption\":\"(Photographie 1 : Le faucon, cr\u00e9dit BERIAN \/ Photograpohie 2 : Ren\u00e9 Fonck avec la cigogne H\u00e9l\u00e8ne)\"},{\"@type\":\"BreadcrumbList\",\"@id\":\"https:\/\/vosgesinfo.fr\/saintdieinfo\/?p=87359#breadcrumb\",\"itemListElement\":[{\"@type\":\"ListItem\",\"position\":1,\"name\":\"Home\",\"item\":\"https:\/\/vosgesinfo.fr\/saintdieinfo\/\"},{\"@type\":\"ListItem\",\"position\":2,\"name\":\"Animaux et mascottes militaires au c\u0153ur d\u2019une conf\u00e9rence au mus\u00e9e Pierre-No\u00ebl\"}]},{\"@type\":\"WebSite\",\"@id\":\"https:\/\/vosgesinfo.fr\/saintdieinfo\/#website\",\"url\":\"https:\/\/vosgesinfo.fr\/saintdieinfo\/\",\"name\":\"Saint Die Info\",\"description\":\"Toute l&#039;actualit\u00e9 de Saint-Di\u00e9-Des-Vosges\",\"publisher\":{\"@id\":\"https:\/\/vosgesinfo.fr\/saintdieinfo\/#organization\"},\"alternateName\":\"Toute l'actualit\u00e9 de Saint-Di\u00e9-Des-Vosges\",\"potentialAction\":[{\"@type\":\"SearchAction\",\"target\":{\"@type\":\"EntryPoint\",\"urlTemplate\":\"https:\/\/vosgesinfo.fr\/saintdieinfo\/?s={search_term_string}\"},\"query-input\":\"required name=search_term_string\"}],\"inLanguage\":\"fr-FR\"},{\"@type\":\"Organization\",\"@id\":\"https:\/\/vosgesinfo.fr\/saintdieinfo\/#organization\",\"name\":\"Saint Die Info\",\"url\":\"https:\/\/vosgesinfo.fr\/saintdieinfo\/\",\"logo\":{\"@type\":\"ImageObject\",\"inLanguage\":\"fr-FR\",\"@id\":\"https:\/\/vosgesinfo.fr\/saintdieinfo\/#\/schema\/logo\/image\/\",\"url\":\"https:\/\/vosgesinfo.fr\/app\/uploads\/sites\/4\/2024\/02\/logo-sdi.jpg\",\"contentUrl\":\"https:\/\/vosgesinfo.fr\/app\/uploads\/sites\/4\/2024\/02\/logo-sdi.jpg\",\"width\":600,\"height\":600,\"caption\":\"Saint Die Info\"},\"image\":{\"@id\":\"https:\/\/vosgesinfo.fr\/saintdieinfo\/#\/schema\/logo\/image\/\"},\"sameAs\":[\"https:\/\/www.facebook.com\/Saintdieinfofr\",\"https:\/\/x.com\/VosgesInfo88\",\"https:\/\/www.youtube.com\/@vosgesinfo\"]},{\"@type\":\"Person\",\"@id\":\"https:\/\/vosgesinfo.fr\/saintdieinfo\/#\/schema\/person\/fa73e9f726d67bb88f46d5b7943cb572\",\"name\":\"J.J.\",\"image\":{\"@type\":\"ImageObject\",\"inLanguage\":\"fr-FR\",\"@id\":\"https:\/\/vosgesinfo.fr\/saintdieinfo\/#\/schema\/person\/image\/\",\"url\":\"https:\/\/secure.gravatar.com\/avatar\/219e749e47ffbcca018a360ae4add7d4cdf1cdaaf8bc7676b27efade3fe65615?s=96&d=mm&r=g\",\"contentUrl\":\"https:\/\/secure.gravatar.com\/avatar\/219e749e47ffbcca018a360ae4add7d4cdf1cdaaf8bc7676b27efade3fe65615?s=96&d=mm&r=g\",\"caption\":\"J.J.\"},\"url\":\"https:\/\/vosgesinfo.fr\/saintdieinfo\/author\/j-j\/\"}]}<\/script>\n<!-- \/ Yoast SEO plugin. -->","yoast_head_json":{"title":"Animaux et mascottes militaires au c\u0153ur d\u2019une conf\u00e9rence au mus\u00e9e Pierre-No\u00ebl - Saint Die Info","robots":{"index":"index","follow":"follow","max-snippet":"max-snippet:-1","max-image-preview":"max-image-preview:large","max-video-preview":"max-video-preview:-1"},"canonical":"https:\/\/vosgesinfo.fr\/saintdieinfo\/?p=87359","twitter_card":"summary_large_image","twitter_title":"Animaux et mascottes militaires au c\u0153ur d\u2019une conf\u00e9rence au mus\u00e9e Pierre-No\u00ebl - Saint Die Info","twitter_description":"Le samedi 14 f\u00e9vrier \u00e0 14 h 30, une nouvelle conf\u00e9rence du cycle \u00ab Temps de guerre \u00bb se tiendra [&hellip;]","twitter_image":"https:\/\/vosgesinfo.fr\/app\/uploads\/sites\/4\/2026\/01\/conference-temps-de-guerre-societe-philomatique-vosgienne-1024x435.jpg","twitter_creator":"@VosgesInfo88","twitter_site":"@VosgesInfo88","twitter_misc":{"\u00c9crit par":"J.J.","Dur\u00e9e de lecture estim\u00e9e":"2 minutes"},"schema":{"@context":"https:\/\/schema.org","@graph":[{"@type":"Article","@id":"https:\/\/vosgesinfo.fr\/saintdieinfo\/?p=87359#article","isPartOf":{"@id":"https:\/\/vosgesinfo.fr\/saintdieinfo\/?p=87359"},"author":{"name":"J.J.","@id":"https:\/\/vosgesinfo.fr\/saintdieinfo\/#\/schema\/person\/fa73e9f726d67bb88f46d5b7943cb572"},"headline":"Animaux et mascottes militaires au c\u0153ur d\u2019une conf\u00e9rence au mus\u00e9e Pierre-No\u00ebl","datePublished":"2026-01-29T15:03:31+00:00","dateModified":"2026-01-29T15:54:57+00:00","mainEntityOfPage":{"@id":"https:\/\/vosgesinfo.fr\/saintdieinfo\/?p=87359"},"wordCount":381,"commentCount":0,"publisher":{"@id":"https:\/\/vosgesinfo.fr\/saintdieinfo\/#organization"},"image":{"@id":"https:\/\/vosgesinfo.fr\/saintdieinfo\/?p=87359#primaryimage"},"thumbnailUrl":"https:\/\/vosgesinfo.fr\/app\/uploads\/sites\/4\/2026\/01\/conference-temps-de-guerre-societe-philomatique-vosgienne.jpg","keywords":["animaux","arm\u00e9e fran\u00e7aise","Association BERIAN","Axel Balland","conf\u00e9rence","Jean-Micha\u00ebl Choserot","mascottes militaires","Mus\u00e9e Pierre-No\u00ebl","Soci\u00e9t\u00e9 Philomatique Vosgienne","Temps de guerre"],"articleSection":["Br\u00e8ves","Culture","Saint-Di\u00e9-des-Vosges","Vie Associative"],"inLanguage":"fr-FR","potentialAction":[{"@type":"CommentAction","name":"Comment","target":["https:\/\/vosgesinfo.fr\/saintdieinfo\/?p=87359#respond"]}]},{"@type":"WebPage","@id":"https:\/\/vosgesinfo.fr\/saintdieinfo\/?p=87359","url":"https:\/\/vosgesinfo.fr\/saintdieinfo\/?p=87359","name":"Animaux et mascottes militaires au c\u0153ur d\u2019une conf\u00e9rence au mus\u00e9e Pierre-No\u00ebl - Saint Die Info","isPartOf":{"@id":"https:\/\/vosgesinfo.fr\/saintdieinfo\/#website"},"primaryImageOfPage":{"@id":"https:\/\/vosgesinfo.fr\/saintdieinfo\/?p=87359#primaryimage"},"image":{"@id":"https:\/\/vosgesinfo.fr\/saintdieinfo\/?p=87359#primaryimage"},"thumbnailUrl":"https:\/\/vosgesinfo.fr\/app\/uploads\/sites\/4\/2026\/01\/conference-temps-de-guerre-societe-philomatique-vosgienne.jpg","datePublished":"2026-01-29T15:03:31+00:00","dateModified":"2026-01-29T15:54:57+00:00","breadcrumb":{"@id":"https:\/\/vosgesinfo.fr\/saintdieinfo\/?p=87359#breadcrumb"},"inLanguage":"fr-FR","potentialAction":[{"@type":"ReadAction","target":["https:\/\/vosgesinfo.fr\/saintdieinfo\/?p=87359"]}]},{"@type":"ImageObject","inLanguage":"fr-FR","@id":"https:\/\/vosgesinfo.fr\/saintdieinfo\/?p=87359#primaryimage","url":"https:\/\/vosgesinfo.fr\/app\/uploads\/sites\/4\/2026\/01\/conference-temps-de-guerre-societe-philomatique-vosgienne.jpg","contentUrl":"https:\/\/vosgesinfo.fr\/app\/uploads\/sites\/4\/2026\/01\/conference-temps-de-guerre-societe-philomatique-vosgienne.jpg","width":1648,"height":700,"caption":"(Photographie 1 : Le faucon, cr\u00e9dit BERIAN \/ Photograpohie 2 : Ren\u00e9 Fonck avec la cigogne H\u00e9l\u00e8ne)"},{"@type":"BreadcrumbList","@id":"https:\/\/vosgesinfo.fr\/saintdieinfo\/?p=87359#breadcrumb","itemListElement":[{"@type":"ListItem","position":1,"name":"Home","item":"https:\/\/vosgesinfo.fr\/saintdieinfo\/"},{"@type":"ListItem","position":2,"name":"Animaux et mascottes militaires au c\u0153ur d\u2019une conf\u00e9rence au mus\u00e9e Pierre-No\u00ebl"}]},{"@type":"WebSite","@id":"https:\/\/vosgesinfo.fr\/saintdieinfo\/#website","url":"https:\/\/vosgesinfo.fr\/saintdieinfo\/","name":"Saint Die Info","description":"Toute l&#039;actualit\u00e9 de Saint-Di\u00e9-Des-Vosges","publisher":{"@id":"https:\/\/vosgesinfo.fr\/saintdieinfo\/#organization"},"alternateName":"Toute l'actualit\u00e9 de Saint-Di\u00e9-Des-Vosges","potentialAction":[{"@type":"SearchAction","target":{"@type":"EntryPoint","urlTemplate":"https:\/\/vosgesinfo.fr\/saintdieinfo\/?s={search_term_string}"},"query-input":"required name=search_term_string"}],"inLanguage":"fr-FR"},{"@type":"Organization","@id":"https:\/\/vosgesinfo.fr\/saintdieinfo\/#organization","name":"Saint Die Info","url":"https:\/\/vosgesinfo.fr\/saintdieinfo\/","logo":{"@type":"ImageObject","inLanguage":"fr-FR","@id":"https:\/\/vosgesinfo.fr\/saintdieinfo\/#\/schema\/logo\/image\/","url":"https:\/\/vosgesinfo.fr\/app\/uploads\/sites\/4\/2024\/02\/logo-sdi.jpg","contentUrl":"https:\/\/vosgesinfo.fr\/app\/uploads\/sites\/4\/2024\/02\/logo-sdi.jpg","width":600,"height":600,"caption":"Saint Die Info"},"image":{"@id":"https:\/\/vosgesinfo.fr\/saintdieinfo\/#\/schema\/logo\/image\/"},"sameAs":["https:\/\/www.facebook.com\/Saintdieinfofr","https:\/\/x.com\/VosgesInfo88","https:\/\/www.youtube.com\/@vosgesinfo"]},{"@type":"Person","@id":"https:\/\/vosgesinfo.fr\/saintdieinfo\/#\/schema\/person\/fa73e9f726d67bb88f46d5b7943cb572","name":"J.J.","image":{"@type":"ImageObject","inLanguage":"fr-FR","@id":"https:\/\/vosgesinfo.fr\/saintdieinfo\/#\/schema\/person\/image\/","url":"https:\/\/secure.gravatar.com\/avatar\/219e749e47ffbcca018a360ae4add7d4cdf1cdaaf8bc7676b27efade3fe65615?s=96&d=mm&r=g","contentUrl":"https:\/\/secure.gravatar.com\/avatar\/219e749e47ffbcca018a360ae4add7d4cdf1cdaaf8bc7676b27efade3fe65615?s=96&d=mm&r=g","caption":"J.J."},"url":"https:\/\/vosgesinfo.fr\/saintdieinfo\/author\/j-j\/"}]}},"_links":{"self":[{"href":"https:\/\/vosgesinfo.fr\/saintdieinfo\/wp-json\/wp\/v2\/posts\/87359","targetHints":{"allow":["GET"]}}],"collection":[{"href":"https:\/\/vosgesinfo.fr\/saintdieinfo\/wp-json\/wp\/v2\/posts"}],"about":[{"href":"https:\/\/vosgesinfo.fr\/saintdieinfo\/wp-json\/wp\/v2\/types\/post"}],"author":[{"embeddable":true,"href":"https:\/\/vosgesinfo.fr\/saintdieinfo\/wp-json\/wp\/v2\/users\/46"}],"replies":[{"embeddable":true,"href":"https:\/\/vosgesinfo.fr\/saintdieinfo\/wp-json\/wp\/v2\/comments?post=87359"}],"version-history":[{"count":1,"href":"https:\/\/vosgesinfo.fr\/saintdieinfo\/wp-json\/wp\/v2\/posts\/87359\/revisions"}],"predecessor-version":[{"id":87361,"href":"https:\/\/vosgesinfo.fr\/saintdieinfo\/wp-json\/wp\/v2\/posts\/87359\/revisions\/87361"}],"wp:featuredmedia":[{"embeddable":true,"href":"https:\/\/vosgesinfo.fr\/saintdieinfo\/wp-json\/wp\/v2\/media\/87360"}],"wp:attachment":[{"href":"https:\/\/vosgesinfo.fr\/saintdieinfo\/wp-json\/wp\/v2\/media?parent=87359"}],"wp:term":[{"taxonomy":"category","embeddable":true,"href":"https:\/\/vosgesinfo.fr\/saintdieinfo\/wp-json\/wp\/v2\/categories?post=87359"},{"taxonomy":"post_tag","embeddable":true,"href":"https:\/\/vosgesinfo.fr\/saintdieinfo\/wp-json\/wp\/v2\/tags?post=87359"}],"curies":[{"name":"wp","href":"https:\/\/api.w.org\/{rel}","templated":true}]}}