{"id":87362,"date":"2026-01-29T17:43:12","date_gmt":"2026-01-29T16:43:12","guid":{"rendered":"https:\/\/vosgesinfo.fr\/saintdieinfo\/?p=87362"},"modified":"2026-01-29T17:32:51","modified_gmt":"2026-01-29T16:32:51","slug":"coupures-de-courant-a-saint-die-des-vosges-du-9-au-11-fevrier","status":"publish","type":"post","link":"https:\/\/vosgesinfo.fr\/saintdieinfo\/2026\/01\/coupures-de-courant-a-saint-die-des-vosges-du-9-au-11-fevrier\/","title":{"rendered":"Coupures de courant \u00e0 Saint-Di\u00e9-des-Vosges du 9 au 11 f\u00e9vrier"},"content":{"rendered":"<div id=\"attachment_87363\" style=\"width: 1034px\" class=\"wp-caption alignnone\"><a href=\"https:\/\/vosgesinfo.fr\/app\/uploads\/sites\/4\/2026\/01\/coupure-courant-ia.jpg\"><img decoding=\"async\" aria-describedby=\"caption-attachment-87363\" class=\"size-large wp-image-87363\" src=\"https:\/\/vosgesinfo.fr\/app\/uploads\/sites\/4\/2026\/01\/coupure-courant-ia-1024x683.jpg\" alt=\"\" width=\"1024\" height=\"683\" srcset=\"https:\/\/vosgesinfo.fr\/app\/uploads\/sites\/4\/2026\/01\/coupure-courant-ia-1024x683.jpg 1024w, https:\/\/vosgesinfo.fr\/app\/uploads\/sites\/4\/2026\/01\/coupure-courant-ia-300x200.jpg 300w, https:\/\/vosgesinfo.fr\/app\/uploads\/sites\/4\/2026\/01\/coupure-courant-ia-768x512.jpg 768w, https:\/\/vosgesinfo.fr\/app\/uploads\/sites\/4\/2026\/01\/coupure-courant-ia.jpg 1536w\" sizes=\"(max-width: 1024px) 100vw, 1024px\" \/><\/a><p id=\"caption-attachment-87363\" class=\"wp-caption-text\">(Illustration. Image IA)<\/p><\/div>\n<h2>\u00c0 <strong>Saint-Di\u00e9-des-Vosges<\/strong>, plusieurs <strong>coupures de courant<\/strong> interviendront <strong>du lundi 9 au mercredi 11 f\u00e9vrier<\/strong>. <strong>Enedis<\/strong> r\u00e9alisera des <strong>travaux sur le r\u00e9seau<\/strong> pour am\u00e9liorer la qualit\u00e9 de la distribution et r\u00e9pondre aux besoins des usagers.<\/h2>\n<p><!--more--><\/p>\n<h3><strong>Travaux sur le r\u00e9seau et consignes de s\u00e9curit\u00e9<\/strong><\/h3>\n<p>Les <strong>interventions<\/strong> entra\u00eeneront une ou plusieurs <strong>coupures d\u2019\u00e9lectricit\u00e9<\/strong> sur les <strong>secteurs concern\u00e9s<\/strong>. Il est recommand\u00e9 aux habitants de d\u00e9brancher leurs <strong>appareils \u00e9lectriques sensibles<\/strong> avant le d\u00e9but des coupures et de ne les remettre en service qu\u2019une fois le <strong>courant r\u00e9tabli<\/strong>.<\/p>\n<p>Enedis rappelle \u00e9galement que ses \u00e9quipes et leurs prestataires interviennent sur le r\u00e9seau pour garantir la qualit\u00e9 et la continuit\u00e9 du service public de distribution. En cas d\u2019utilisation d\u2019un moyen de r\u00e9alimentation, comme un <strong>groupe \u00e9lectrog\u00e8ne<\/strong> ou un alternateur sur tracteur, il est obligatoire de couper le <strong>disjoncteur g\u00e9n\u00e9ral Enedis<\/strong> en le positionnant sur 0.<\/p>\n<h3><strong>Lundi 9 f\u00e9vrier : secteur Concorde, quais et centre-ville<\/strong><\/h3>\n<p>Le <strong>lundi 9 f\u00e9vrier<\/strong>, l\u2019alimentation \u00e9lectrique sera interrompue <strong>de 8 h \u00e0 10 h<\/strong>. Les coupures toucheront les adresses suivantes : 3, 6 \u00e0 8 <strong>rue Concorde<\/strong> ; 9, 13 \u00e0 19 <strong>quai du Mar\u00e9chal-Leclerc<\/strong> ; 1 \u00e0 3 et 9 <strong>quai Jeanne-d\u2019Arc<\/strong> ; 3 <strong>rue Joseph-Mengin<\/strong> ; 19 <strong>rue de l\u2019\u00c9v\u00each\u00e9<\/strong>.<\/p>\n<h3><strong>Mardi 10 f\u00e9vrier : rues Erckmann-Chatrian, D\u00e9odat, Petit-Saint-Di\u00e9 et zone de l\u2019Hellieule<\/strong><\/h3>\n<p>Le <strong>mardi 10 f\u00e9vrier<\/strong>, une premi\u00e8re plage de coupure est pr\u00e9vue <strong>de 8 h 15 \u00e0 8 h 30<\/strong>. Seront concern\u00e9s la <strong>rue Erckmann-Chatrian<\/strong> (num\u00e9ros 9 \u00e0 35, ainsi que les 4, 8 \u00e0 16, 22, 11B, 15B et 17B), la <strong>rue D\u00e9odat<\/strong> (num\u00e9ros 1, 4, 7 \u00e0 9, 13 \u00e0 27 et 26), la <strong>zone industrielle de l\u2019Hellieule 4<\/strong> (BP 299), la <strong>rue du Petit-Saint-Di\u00e9<\/strong> (num\u00e9ros 17, 35 \u00e0 39 et 45) ainsi que le 1 <strong>chemin de la Nolle<\/strong>.<\/p>\n<p>Une seconde coupure interviendra le m\u00eame jour, <strong>de 8 h 30 \u00e0 12 h<\/strong>, sur la <strong>rue Louis-Burlin<\/strong>, aux num\u00e9ros 1 \u00e0 3, 2 \u00e0 4 et 15.<\/p>\n<h3><strong>Mercredi 11 f\u00e9vrier : avenues Jean-Jaur\u00e8s et L\u00e9on-Grandjean<\/strong><\/h3>\n<p>Le <strong>mercredi 11 f\u00e9vrier<\/strong>, le courant sera interrompu <strong>de 8 h 15 \u00e0 9 h 15<\/strong>. Cette intervention concernera les num\u00e9ros 19 \u00e0 35 de l\u2019<strong>avenue Jean-Jaur\u00e8s<\/strong>, ainsi que les num\u00e9ros 2 \u00e0 4 de l\u2019<strong>avenue L\u00e9on-Grandjean<\/strong>.<\/p>\n","protected":false},"excerpt":{"rendered":"<p>\u00c0 Saint-Di\u00e9-des-Vosges, plusieurs coupures de courant interviendront du lundi 9 au mercredi 11 f\u00e9vrier. Enedis r\u00e9alisera des travaux sur le [&hellip;]<\/p>\n","protected":false},"author":46,"featured_media":87363,"comment_status":"open","ping_status":"open","sticky":false,"template":"","format":"standard","meta":{"footnotes":""},"categories":[460,167],"tags":[20052,20053,20045,1603,5126,6655,12744,3275,20049,7039,20048,20047,20051,2881,20046,20050],"class_list":["post-87362","post","type-post","status-publish","format-standard","has-post-thumbnail","hentry","category-a-la-une","category-saint-die-des-vosges","tag-avenue-jean-jaures","tag-avenue-leon-grandjean","tag-coupures-de-courant","tag-enedis","tag-quai-du-marechal-leclerc","tag-quai-jeanne-darc","tag-rue-concorde","tag-rue-de-leveche","tag-rue-deodat","tag-rue-du-petit-saint-die","tag-rue-erckmann-chatrian","tag-rue-joseph-mengin","tag-rue-louis-burlin","tag-saint-die-des-vosges","tag-travaux-electriques","tag-zone-industrielle-de-lhellieule"],"acf":[],"yoast_head":"<!-- This site is optimized with the Yoast SEO plugin v22.5 - https:\/\/yoast.com\/wordpress\/plugins\/seo\/ -->\n<title>Coupures de courant \u00e0 Saint-Di\u00e9-des-Vosges du 9 au 11 f\u00e9vrier - Saint Die Info<\/title>\n<meta name=\"robots\" content=\"index, follow, max-snippet:-1, max-image-preview:large, max-video-preview:-1\" \/>\n<link rel=\"canonical\" href=\"https:\/\/vosgesinfo.fr\/saintdieinfo\/2026\/01\/coupures-de-courant-a-saint-die-des-vosges-du-9-au-11-fevrier\/\" \/>\n<meta name=\"twitter:card\" content=\"summary_large_image\" \/>\n<meta name=\"twitter:title\" content=\"Coupures de courant \u00e0 Saint-Di\u00e9-des-Vosges du 9 au 11 f\u00e9vrier - Saint Die Info\" \/>\n<meta name=\"twitter:description\" content=\"\u00c0 Saint-Di\u00e9-des-Vosges, plusieurs coupures de courant interviendront du lundi 9 au mercredi 11 f\u00e9vrier. Enedis r\u00e9alisera des travaux sur le [&hellip;]\" \/>\n<meta name=\"twitter:image\" content=\"https:\/\/vosgesinfo.fr\/app\/uploads\/sites\/4\/2026\/01\/coupure-courant-ia.jpg\" \/>\n<meta name=\"twitter:creator\" content=\"@VosgesInfo88\" \/>\n<meta name=\"twitter:site\" content=\"@VosgesInfo88\" \/>\n<meta name=\"twitter:label1\" content=\"\u00c9crit par\" \/>\n\t<meta name=\"twitter:data1\" content=\"J.J.\" \/>\n\t<meta name=\"twitter:label2\" content=\"Dur\u00e9e de lecture estim\u00e9e\" \/>\n\t<meta name=\"twitter:data2\" content=\"2 minutes\" \/>\n<script type=\"application\/ld+json\" class=\"yoast-schema-graph\">{\"@context\":\"https:\/\/schema.org\",\"@graph\":[{\"@type\":\"Article\",\"@id\":\"https:\/\/vosgesinfo.fr\/saintdieinfo\/2026\/01\/coupures-de-courant-a-saint-die-des-vosges-du-9-au-11-fevrier\/#article\",\"isPartOf\":{\"@id\":\"https:\/\/vosgesinfo.fr\/saintdieinfo\/2026\/01\/coupures-de-courant-a-saint-die-des-vosges-du-9-au-11-fevrier\/\"},\"author\":{\"name\":\"J.J.\",\"@id\":\"https:\/\/vosgesinfo.fr\/saintdieinfo\/#\/schema\/person\/fa73e9f726d67bb88f46d5b7943cb572\"},\"headline\":\"Coupures de courant \u00e0 Saint-Di\u00e9-des-Vosges du 9 au 11 f\u00e9vrier\",\"datePublished\":\"2026-01-29T16:43:12+00:00\",\"dateModified\":\"2026-01-29T16:32:51+00:00\",\"mainEntityOfPage\":{\"@id\":\"https:\/\/vosgesinfo.fr\/saintdieinfo\/2026\/01\/coupures-de-courant-a-saint-die-des-vosges-du-9-au-11-fevrier\/\"},\"wordCount\":349,\"commentCount\":1,\"publisher\":{\"@id\":\"https:\/\/vosgesinfo.fr\/saintdieinfo\/#organization\"},\"image\":{\"@id\":\"https:\/\/vosgesinfo.fr\/saintdieinfo\/2026\/01\/coupures-de-courant-a-saint-die-des-vosges-du-9-au-11-fevrier\/#primaryimage\"},\"thumbnailUrl\":\"https:\/\/vosgesinfo.fr\/app\/uploads\/sites\/4\/2026\/01\/coupure-courant-ia.jpg\",\"keywords\":[\"avenue Jean-Jaur\u00e8s\",\"avenue L\u00e9on-Grandjean\",\"coupures de courant\",\"Enedis\",\"Quai du Mar\u00e9chal-Leclerc\",\"Quai Jeanne-d'Arc\",\"Rue Concorde\",\"Rue de l'Ev\u00each\u00e9\",\"rue D\u00e9odat\",\"Rue du Petit Saint-Di\u00e9\",\"rue Erckmann-Chatrian\",\"rue Joseph-Mengin\",\"rue Louis-Burlin\",\"Saint-Di\u00e9-des-Vosges\",\"travaux \u00e9lectriques\",\"zone industrielle de l\u2019Hellieule\"],\"articleSection\":[\"A la Une\",\"Saint-Di\u00e9-des-Vosges\"],\"inLanguage\":\"fr-FR\",\"potentialAction\":[{\"@type\":\"CommentAction\",\"name\":\"Comment\",\"target\":[\"https:\/\/vosgesinfo.fr\/saintdieinfo\/2026\/01\/coupures-de-courant-a-saint-die-des-vosges-du-9-au-11-fevrier\/#respond\"]}]},{\"@type\":\"WebPage\",\"@id\":\"https:\/\/vosgesinfo.fr\/saintdieinfo\/2026\/01\/coupures-de-courant-a-saint-die-des-vosges-du-9-au-11-fevrier\/\",\"url\":\"https:\/\/vosgesinfo.fr\/saintdieinfo\/2026\/01\/coupures-de-courant-a-saint-die-des-vosges-du-9-au-11-fevrier\/\",\"name\":\"Coupures de courant \u00e0 Saint-Di\u00e9-des-Vosges du 9 au 11 f\u00e9vrier - Saint Die Info\",\"isPartOf\":{\"@id\":\"https:\/\/vosgesinfo.fr\/saintdieinfo\/#website\"},\"primaryImageOfPage\":{\"@id\":\"https:\/\/vosgesinfo.fr\/saintdieinfo\/2026\/01\/coupures-de-courant-a-saint-die-des-vosges-du-9-au-11-fevrier\/#primaryimage\"},\"image\":{\"@id\":\"https:\/\/vosgesinfo.fr\/saintdieinfo\/2026\/01\/coupures-de-courant-a-saint-die-des-vosges-du-9-au-11-fevrier\/#primaryimage\"},\"thumbnailUrl\":\"https:\/\/vosgesinfo.fr\/app\/uploads\/sites\/4\/2026\/01\/coupure-courant-ia.jpg\",\"datePublished\":\"2026-01-29T16:43:12+00:00\",\"dateModified\":\"2026-01-29T16:32:51+00:00\",\"breadcrumb\":{\"@id\":\"https:\/\/vosgesinfo.fr\/saintdieinfo\/2026\/01\/coupures-de-courant-a-saint-die-des-vosges-du-9-au-11-fevrier\/#breadcrumb\"},\"inLanguage\":\"fr-FR\",\"potentialAction\":[{\"@type\":\"ReadAction\",\"target\":[\"https:\/\/vosgesinfo.fr\/saintdieinfo\/2026\/01\/coupures-de-courant-a-saint-die-des-vosges-du-9-au-11-fevrier\/\"]}]},{\"@type\":\"ImageObject\",\"inLanguage\":\"fr-FR\",\"@id\":\"https:\/\/vosgesinfo.fr\/saintdieinfo\/2026\/01\/coupures-de-courant-a-saint-die-des-vosges-du-9-au-11-fevrier\/#primaryimage\",\"url\":\"https:\/\/vosgesinfo.fr\/app\/uploads\/sites\/4\/2026\/01\/coupure-courant-ia.jpg\",\"contentUrl\":\"https:\/\/vosgesinfo.fr\/app\/uploads\/sites\/4\/2026\/01\/coupure-courant-ia.jpg\",\"width\":1536,\"height\":1024,\"caption\":\"(Image IA)\"},{\"@type\":\"BreadcrumbList\",\"@id\":\"https:\/\/vosgesinfo.fr\/saintdieinfo\/2026\/01\/coupures-de-courant-a-saint-die-des-vosges-du-9-au-11-fevrier\/#breadcrumb\",\"itemListElement\":[{\"@type\":\"ListItem\",\"position\":1,\"name\":\"Home\",\"item\":\"https:\/\/vosgesinfo.fr\/saintdieinfo\/\"},{\"@type\":\"ListItem\",\"position\":2,\"name\":\"Coupures de courant \u00e0 Saint-Di\u00e9-des-Vosges du 9 au 11 f\u00e9vrier\"}]},{\"@type\":\"WebSite\",\"@id\":\"https:\/\/vosgesinfo.fr\/saintdieinfo\/#website\",\"url\":\"https:\/\/vosgesinfo.fr\/saintdieinfo\/\",\"name\":\"Saint Die Info\",\"description\":\"Toute l&#039;actualit\u00e9 de Saint-Di\u00e9-Des-Vosges\",\"publisher\":{\"@id\":\"https:\/\/vosgesinfo.fr\/saintdieinfo\/#organization\"},\"alternateName\":\"Toute l'actualit\u00e9 de Saint-Di\u00e9-Des-Vosges\",\"potentialAction\":[{\"@type\":\"SearchAction\",\"target\":{\"@type\":\"EntryPoint\",\"urlTemplate\":\"https:\/\/vosgesinfo.fr\/saintdieinfo\/?s={search_term_string}\"},\"query-input\":\"required name=search_term_string\"}],\"inLanguage\":\"fr-FR\"},{\"@type\":\"Organization\",\"@id\":\"https:\/\/vosgesinfo.fr\/saintdieinfo\/#organization\",\"name\":\"Saint Die Info\",\"url\":\"https:\/\/vosgesinfo.fr\/saintdieinfo\/\",\"logo\":{\"@type\":\"ImageObject\",\"inLanguage\":\"fr-FR\",\"@id\":\"https:\/\/vosgesinfo.fr\/saintdieinfo\/#\/schema\/logo\/image\/\",\"url\":\"https:\/\/vosgesinfo.fr\/app\/uploads\/sites\/4\/2024\/02\/logo-sdi.jpg\",\"contentUrl\":\"https:\/\/vosgesinfo.fr\/app\/uploads\/sites\/4\/2024\/02\/logo-sdi.jpg\",\"width\":600,\"height\":600,\"caption\":\"Saint Die Info\"},\"image\":{\"@id\":\"https:\/\/vosgesinfo.fr\/saintdieinfo\/#\/schema\/logo\/image\/\"},\"sameAs\":[\"https:\/\/www.facebook.com\/Saintdieinfofr\",\"https:\/\/x.com\/VosgesInfo88\",\"https:\/\/www.youtube.com\/@vosgesinfo\"]},{\"@type\":\"Person\",\"@id\":\"https:\/\/vosgesinfo.fr\/saintdieinfo\/#\/schema\/person\/fa73e9f726d67bb88f46d5b7943cb572\",\"name\":\"J.J.\",\"image\":{\"@type\":\"ImageObject\",\"inLanguage\":\"fr-FR\",\"@id\":\"https:\/\/vosgesinfo.fr\/saintdieinfo\/#\/schema\/person\/image\/\",\"url\":\"https:\/\/secure.gravatar.com\/avatar\/219e749e47ffbcca018a360ae4add7d4cdf1cdaaf8bc7676b27efade3fe65615?s=96&d=mm&r=g\",\"contentUrl\":\"https:\/\/secure.gravatar.com\/avatar\/219e749e47ffbcca018a360ae4add7d4cdf1cdaaf8bc7676b27efade3fe65615?s=96&d=mm&r=g\",\"caption\":\"J.J.\"},\"url\":\"https:\/\/vosgesinfo.fr\/saintdieinfo\/author\/j-j\/\"}]}<\/script>\n<!-- \/ Yoast SEO plugin. -->","yoast_head_json":{"title":"Coupures de courant \u00e0 Saint-Di\u00e9-des-Vosges du 9 au 11 f\u00e9vrier - Saint Die Info","robots":{"index":"index","follow":"follow","max-snippet":"max-snippet:-1","max-image-preview":"max-image-preview:large","max-video-preview":"max-video-preview:-1"},"canonical":"https:\/\/vosgesinfo.fr\/saintdieinfo\/2026\/01\/coupures-de-courant-a-saint-die-des-vosges-du-9-au-11-fevrier\/","twitter_card":"summary_large_image","twitter_title":"Coupures de courant \u00e0 Saint-Di\u00e9-des-Vosges du 9 au 11 f\u00e9vrier - Saint Die Info","twitter_description":"\u00c0 Saint-Di\u00e9-des-Vosges, plusieurs coupures de courant interviendront du lundi 9 au mercredi 11 f\u00e9vrier. Enedis r\u00e9alisera des travaux sur le [&hellip;]","twitter_image":"https:\/\/vosgesinfo.fr\/app\/uploads\/sites\/4\/2026\/01\/coupure-courant-ia.jpg","twitter_creator":"@VosgesInfo88","twitter_site":"@VosgesInfo88","twitter_misc":{"\u00c9crit par":"J.J.","Dur\u00e9e de lecture estim\u00e9e":"2 minutes"},"schema":{"@context":"https:\/\/schema.org","@graph":[{"@type":"Article","@id":"https:\/\/vosgesinfo.fr\/saintdieinfo\/2026\/01\/coupures-de-courant-a-saint-die-des-vosges-du-9-au-11-fevrier\/#article","isPartOf":{"@id":"https:\/\/vosgesinfo.fr\/saintdieinfo\/2026\/01\/coupures-de-courant-a-saint-die-des-vosges-du-9-au-11-fevrier\/"},"author":{"name":"J.J.","@id":"https:\/\/vosgesinfo.fr\/saintdieinfo\/#\/schema\/person\/fa73e9f726d67bb88f46d5b7943cb572"},"headline":"Coupures de courant \u00e0 Saint-Di\u00e9-des-Vosges du 9 au 11 f\u00e9vrier","datePublished":"2026-01-29T16:43:12+00:00","dateModified":"2026-01-29T16:32:51+00:00","mainEntityOfPage":{"@id":"https:\/\/vosgesinfo.fr\/saintdieinfo\/2026\/01\/coupures-de-courant-a-saint-die-des-vosges-du-9-au-11-fevrier\/"},"wordCount":349,"commentCount":1,"publisher":{"@id":"https:\/\/vosgesinfo.fr\/saintdieinfo\/#organization"},"image":{"@id":"https:\/\/vosgesinfo.fr\/saintdieinfo\/2026\/01\/coupures-de-courant-a-saint-die-des-vosges-du-9-au-11-fevrier\/#primaryimage"},"thumbnailUrl":"https:\/\/vosgesinfo.fr\/app\/uploads\/sites\/4\/2026\/01\/coupure-courant-ia.jpg","keywords":["avenue Jean-Jaur\u00e8s","avenue L\u00e9on-Grandjean","coupures de courant","Enedis","Quai du Mar\u00e9chal-Leclerc","Quai Jeanne-d'Arc","Rue Concorde","Rue de l'Ev\u00each\u00e9","rue D\u00e9odat","Rue du Petit Saint-Di\u00e9","rue Erckmann-Chatrian","rue Joseph-Mengin","rue Louis-Burlin","Saint-Di\u00e9-des-Vosges","travaux \u00e9lectriques","zone industrielle de l\u2019Hellieule"],"articleSection":["A la Une","Saint-Di\u00e9-des-Vosges"],"inLanguage":"fr-FR","potentialAction":[{"@type":"CommentAction","name":"Comment","target":["https:\/\/vosgesinfo.fr\/saintdieinfo\/2026\/01\/coupures-de-courant-a-saint-die-des-vosges-du-9-au-11-fevrier\/#respond"]}]},{"@type":"WebPage","@id":"https:\/\/vosgesinfo.fr\/saintdieinfo\/2026\/01\/coupures-de-courant-a-saint-die-des-vosges-du-9-au-11-fevrier\/","url":"https:\/\/vosgesinfo.fr\/saintdieinfo\/2026\/01\/coupures-de-courant-a-saint-die-des-vosges-du-9-au-11-fevrier\/","name":"Coupures de courant \u00e0 Saint-Di\u00e9-des-Vosges du 9 au 11 f\u00e9vrier - Saint Die Info","isPartOf":{"@id":"https:\/\/vosgesinfo.fr\/saintdieinfo\/#website"},"primaryImageOfPage":{"@id":"https:\/\/vosgesinfo.fr\/saintdieinfo\/2026\/01\/coupures-de-courant-a-saint-die-des-vosges-du-9-au-11-fevrier\/#primaryimage"},"image":{"@id":"https:\/\/vosgesinfo.fr\/saintdieinfo\/2026\/01\/coupures-de-courant-a-saint-die-des-vosges-du-9-au-11-fevrier\/#primaryimage"},"thumbnailUrl":"https:\/\/vosgesinfo.fr\/app\/uploads\/sites\/4\/2026\/01\/coupure-courant-ia.jpg","datePublished":"2026-01-29T16:43:12+00:00","dateModified":"2026-01-29T16:32:51+00:00","breadcrumb":{"@id":"https:\/\/vosgesinfo.fr\/saintdieinfo\/2026\/01\/coupures-de-courant-a-saint-die-des-vosges-du-9-au-11-fevrier\/#breadcrumb"},"inLanguage":"fr-FR","potentialAction":[{"@type":"ReadAction","target":["https:\/\/vosgesinfo.fr\/saintdieinfo\/2026\/01\/coupures-de-courant-a-saint-die-des-vosges-du-9-au-11-fevrier\/"]}]},{"@type":"ImageObject","inLanguage":"fr-FR","@id":"https:\/\/vosgesinfo.fr\/saintdieinfo\/2026\/01\/coupures-de-courant-a-saint-die-des-vosges-du-9-au-11-fevrier\/#primaryimage","url":"https:\/\/vosgesinfo.fr\/app\/uploads\/sites\/4\/2026\/01\/coupure-courant-ia.jpg","contentUrl":"https:\/\/vosgesinfo.fr\/app\/uploads\/sites\/4\/2026\/01\/coupure-courant-ia.jpg","width":1536,"height":1024,"caption":"(Image IA)"},{"@type":"BreadcrumbList","@id":"https:\/\/vosgesinfo.fr\/saintdieinfo\/2026\/01\/coupures-de-courant-a-saint-die-des-vosges-du-9-au-11-fevrier\/#breadcrumb","itemListElement":[{"@type":"ListItem","position":1,"name":"Home","item":"https:\/\/vosgesinfo.fr\/saintdieinfo\/"},{"@type":"ListItem","position":2,"name":"Coupures de courant \u00e0 Saint-Di\u00e9-des-Vosges du 9 au 11 f\u00e9vrier"}]},{"@type":"WebSite","@id":"https:\/\/vosgesinfo.fr\/saintdieinfo\/#website","url":"https:\/\/vosgesinfo.fr\/saintdieinfo\/","name":"Saint Die Info","description":"Toute l&#039;actualit\u00e9 de Saint-Di\u00e9-Des-Vosges","publisher":{"@id":"https:\/\/vosgesinfo.fr\/saintdieinfo\/#organization"},"alternateName":"Toute l'actualit\u00e9 de Saint-Di\u00e9-Des-Vosges","potentialAction":[{"@type":"SearchAction","target":{"@type":"EntryPoint","urlTemplate":"https:\/\/vosgesinfo.fr\/saintdieinfo\/?s={search_term_string}"},"query-input":"required name=search_term_string"}],"inLanguage":"fr-FR"},{"@type":"Organization","@id":"https:\/\/vosgesinfo.fr\/saintdieinfo\/#organization","name":"Saint Die Info","url":"https:\/\/vosgesinfo.fr\/saintdieinfo\/","logo":{"@type":"ImageObject","inLanguage":"fr-FR","@id":"https:\/\/vosgesinfo.fr\/saintdieinfo\/#\/schema\/logo\/image\/","url":"https:\/\/vosgesinfo.fr\/app\/uploads\/sites\/4\/2024\/02\/logo-sdi.jpg","contentUrl":"https:\/\/vosgesinfo.fr\/app\/uploads\/sites\/4\/2024\/02\/logo-sdi.jpg","width":600,"height":600,"caption":"Saint Die Info"},"image":{"@id":"https:\/\/vosgesinfo.fr\/saintdieinfo\/#\/schema\/logo\/image\/"},"sameAs":["https:\/\/www.facebook.com\/Saintdieinfofr","https:\/\/x.com\/VosgesInfo88","https:\/\/www.youtube.com\/@vosgesinfo"]},{"@type":"Person","@id":"https:\/\/vosgesinfo.fr\/saintdieinfo\/#\/schema\/person\/fa73e9f726d67bb88f46d5b7943cb572","name":"J.J.","image":{"@type":"ImageObject","inLanguage":"fr-FR","@id":"https:\/\/vosgesinfo.fr\/saintdieinfo\/#\/schema\/person\/image\/","url":"https:\/\/secure.gravatar.com\/avatar\/219e749e47ffbcca018a360ae4add7d4cdf1cdaaf8bc7676b27efade3fe65615?s=96&d=mm&r=g","contentUrl":"https:\/\/secure.gravatar.com\/avatar\/219e749e47ffbcca018a360ae4add7d4cdf1cdaaf8bc7676b27efade3fe65615?s=96&d=mm&r=g","caption":"J.J."},"url":"https:\/\/vosgesinfo.fr\/saintdieinfo\/author\/j-j\/"}]}},"_links":{"self":[{"href":"https:\/\/vosgesinfo.fr\/saintdieinfo\/wp-json\/wp\/v2\/posts\/87362","targetHints":{"allow":["GET"]}}],"collection":[{"href":"https:\/\/vosgesinfo.fr\/saintdieinfo\/wp-json\/wp\/v2\/posts"}],"about":[{"href":"https:\/\/vosgesinfo.fr\/saintdieinfo\/wp-json\/wp\/v2\/types\/post"}],"author":[{"embeddable":true,"href":"https:\/\/vosgesinfo.fr\/saintdieinfo\/wp-json\/wp\/v2\/users\/46"}],"replies":[{"embeddable":true,"href":"https:\/\/vosgesinfo.fr\/saintdieinfo\/wp-json\/wp\/v2\/comments?post=87362"}],"version-history":[{"count":1,"href":"https:\/\/vosgesinfo.fr\/saintdieinfo\/wp-json\/wp\/v2\/posts\/87362\/revisions"}],"predecessor-version":[{"id":87376,"href":"https:\/\/vosgesinfo.fr\/saintdieinfo\/wp-json\/wp\/v2\/posts\/87362\/revisions\/87376"}],"wp:featuredmedia":[{"embeddable":true,"href":"https:\/\/vosgesinfo.fr\/saintdieinfo\/wp-json\/wp\/v2\/media\/87363"}],"wp:attachment":[{"href":"https:\/\/vosgesinfo.fr\/saintdieinfo\/wp-json\/wp\/v2\/media?parent=87362"}],"wp:term":[{"taxonomy":"category","embeddable":true,"href":"https:\/\/vosgesinfo.fr\/saintdieinfo\/wp-json\/wp\/v2\/categories?post=87362"},{"taxonomy":"post_tag","embeddable":true,"href":"https:\/\/vosgesinfo.fr\/saintdieinfo\/wp-json\/wp\/v2\/tags?post=87362"}],"curies":[{"name":"wp","href":"https:\/\/api.w.org\/{rel}","templated":true}]}}